{"id":2414,"date":"2022-08-02T08:00:55","date_gmt":"2022-08-02T12:00:55","guid":{"rendered":"https:\/\/www.diagnostika-mysli.cz\/blog\/?p=2414"},"modified":"2024-01-03T12:00:09","modified_gmt":"2024-01-03T11:00:09","slug":"adhd-u-kojencu","status":"publish","type":"post","link":"https:\/\/www.diagnostika-mysli.cz\/blog\/adhd\/adhd-u-kojencu\/","title":{"rendered":"ADHD u kojenc\u016f"},"content":{"rendered":"<p><strong>Porucha pozornosti s hyperaktivitou<\/strong><em>(ADHD)<\/em> se obvykle diagnostikuje v prvn\u00edch letech \u0161koln\u00ed doch\u00e1zky, kdy d\u00edt\u011b nezvl\u00e1d\u00e1 \u0161koln\u00ed \u00fakoly a probl\u00e9m sed\u011bt v klidu 45 minut ve t\u0159\u00edd\u011b. P\u0159\u00edznaky ADHD se v\u0161ak mohou projevit ji\u017e u kojenc\u016f. Jak\u00e9 mohou b\u00fdt p\u0159\u00edznaky hyperkinetick\u00e9 poruchy u batolat t\u011bsn\u011b po narozen\u00ed? Jak\u00e9 jsou p\u0159\u00edznaky ADHD u kojenc\u016f?<\/p>\n<h4>Diagnostika ADHD<\/h4>\n<p>V dne\u0161n\u00ed dob\u011b je zkratka ADHD nadu\u017e\u00edv\u00e1na. Kdy\u017e je d\u00edt\u011b nezvladateln\u00e9, p\u0159\u00edli\u0161 \u017eiv\u00e9, hlu\u010dn\u00e9, vykazuje probl\u00e9my v chov\u00e1n\u00ed a pot\u00ed\u017ee s u\u010den\u00edm, je snadn\u00e9 ho ozna\u010dit za<a href=\"https:\/\/www.diagnostika-mysli.cz\/adhd-test\">&#8220;d\u00edt\u011b s ADHD&#8221;<\/a>. Ne v\u0161ichni &#8220;tyrani&#8221; v lidov\u00e9m vn\u00edm\u00e1n\u00ed v\u0161ak mus\u00ed trp\u011bt hyperkinetickou poruchou. Porucha pozornosti s hyperaktivitou je podle klasifikace MKN-10 porucha chov\u00e1n\u00ed a emoc\u00ed, kter\u00e1 obvykle za\u010d\u00edn\u00e1 v d\u011btstv\u00ed a dosp\u00edv\u00e1n\u00ed. P\u0159\u00edznaky ADHD se obecn\u011b nach\u00e1zej\u00ed ve t\u0159ech sf\u00e9r\u00e1ch fungov\u00e1n\u00ed d\u00edt\u011bte &#8211; v emo\u010dn\u00ed sf\u00e9\u0159e, kognitivn\u00ed sf\u00e9\u0159e a motorick\u00e9 sf\u00e9\u0159e.<\/p>\n<ul>\n<li>emo\u010dn\u00ed sf\u00e9ra<\/li>\n<\/ul>\n<p>nadm\u011brn\u00e1 emo\u010dn\u00ed reaktivita; neadekv\u00e1tn\u00ed emo\u010dn\u00ed reakce na podn\u011bty; p\u0159ecitliv\u011blost; emo\u010dn\u00ed labilita &#8211; od sm\u00edchu po pl\u00e1\u010d; podr\u00e1\u017ed\u011bnost, popudlivost; hn\u011bv, agresivita; b\u00e1zlivost; kr\u00e1tk\u00e9 trv\u00e1n\u00ed cit\u016f; nedostatek trp\u011blivosti; impulzivita; n\u00edzk\u00e9 sebehodnocen\u00ed<\/p>\n<ul>\n<li>kognitivn\u00ed oblast<\/li>\n<\/ul>\n<p>kognitivn\u00ed dysfunkce; poruchy pozornosti; rychl\u00e1 dezorientace; probl\u00e9my s pam\u011bt\u00ed; probl\u00e9my s u\u010den\u00edm; nedokon\u010den\u00ed dom\u00e1c\u00edch \u00fakol\u016f; chaotick\u00e9 reakce; poruchy \u0159e\u010di; opo\u017ed\u011bn\u00fd v\u00fdvoj \u0159e\u010di (nedodr\u017eov\u00e1n\u00ed gramatick\u00fdch a stylistick\u00fdch pravidel, ztr\u00e1cen\u00ed my\u0161lenkov\u00fdch pochod\u016f, pot\u00ed\u017ee s pou\u017e\u00edv\u00e1n\u00edm p\u0159edlo\u017eek, nedodr\u017eov\u00e1n\u00ed pravidel konverzace, p\u0159eru\u0161ov\u00e1n\u00ed druh\u00fdch); deficity v temenn\u00ed oblasti &#8211; dyslexie, dysgrafie, dyskalkulie; poruchy motorick\u00e9 koordinace; poruchy prostorov\u00e9 orientace; p\u0159\u00edli\u0161 rychl\u00e9 a hlasit\u00e9 mluven\u00ed; koktavost; nadm\u011brn\u00e1 mnohomluvnost; nedostatek vytrvalosti p\u0159i pln\u011bn\u00ed \u00fakol\u016f; p\u0159ech\u00e1zen\u00ed od jedn\u00e9 \u010dinnosti (hry) k druh\u00e9, ani\u017e by n\u011bkterou z nich dokon\u010dili; zv\u00fd\u0161en\u00fd orienta\u010dn\u00ed reflex; povrchnost my\u0161len\u00ed; rychl\u00e1 unavitelnost; obt\u00ed\u017ee p\u0159i pl\u00e1nov\u00e1n\u00ed \u010dinnost\u00ed; probl\u00e9my p\u0159i navazov\u00e1n\u00ed kontakt\u016f s vrstevn\u00edky; poruchy sp\u00e1nku.<\/p>\n<ul>\n<li>motorick\u00e1 oblast<\/li>\n<\/ul>\n<p>zv\u00fd\u0161en\u00e1 motorick\u00e1 vzru\u0161ivost; psychomotorick\u00e1 hyperaktivita; nadm\u011brn\u00e1 motorick\u00e1 exprese (d\u00edt\u011b sk\u00e1\u010de, b\u011bh\u00e1, to\u010d\u00ed se); bezc\u00edln\u00e9 a neorganizovan\u00e9 chov\u00e1n\u00ed; neschopnost klidn\u011b sed\u011bt; motorick\u00fd neklid v oblasti velk\u00e9 a mal\u00e9 motoriky; prov\u00e1d\u011bn\u00ed mnoha pohyb\u016f v r\u00e1mci vlastn\u00edho t\u011bla (m\u00e1v\u00e1n\u00ed nohama, kous\u00e1n\u00ed neht\u016f, pohybov\u00e1n\u00ed rukama atd.); neust\u00e1l\u00fd sp\u011bch; snaha dominovat ve skupin\u011b. ADHD je p\u0159\u00edtomno, pokud se v\u00fd\u0161e uveden\u00fd katalog p\u0159\u00edznak\u016f projevuje u d\u00edt\u011bte ve v\u0161ech nebo t\u00e9m\u011b\u0159 ve v\u0161ech situac\u00edch a za v\u0161ech okolnost\u00ed. Hyperkinetick\u00fd syndrom se objevuje velmi brzy, obvykle v prvn\u00edch p\u011bti letech \u017eivota batolete. ADHD se \u010dast\u011bji vyskytuje u chlapc\u016f ne\u017e u d\u00edvek.<\/p>\n<h4>P\u0159\u00edznaky ADHD u kojenc\u016f<\/h4>\n<p>P\u0159esto\u017ee diagn\u00f3za ADHD nen\u00ed v ran\u00e9m d\u011btstv\u00ed mo\u017en\u00e1, existuj\u00ed n\u011bkter\u00e9 p\u0159edzv\u011bsti hyperkinetick\u00e9 poruchy ji\u017e v kojeneck\u00e9m obdob\u00ed. Nej\u010dast\u011bji jsou prvn\u00edmi pozorovateli ru\u0161iv\u00fdch sign\u00e1l\u016f v chov\u00e1n\u00ed batolat jejich vychovatel\u00e9 a rodi\u010de. Jak\u00e9 jsou osov\u00e9 p\u0159\u00edznaky ADHD u kojenc\u016f, jako je hyperaktivita, n\u00e1siln\u00e9 chov\u00e1n\u00ed nebo poruchy pozornosti? Jak je lze odhalit? Batolata se obvykle nedok\u00e1\u017eou pou\u010dit ze sv\u00fdch chyb, nap\u0159. kdy\u017e d\u00edt\u011b p\u0159i zdokonalov\u00e1n\u00ed dovednosti samostatn\u00e9 ch\u016fze naraz\u00ed do okraje postele, nenau\u010d\u00ed se pot\u00e9 tento kus n\u00e1bytku obej\u00edt nebo opatrn\u011bji na\u0161lapovat. D\u00edt\u011b je neust\u00e1le v pohybu, a to jak v oblasti mal\u00e9 motoriky (\u017eiv\u00e1 gesta a mimika, rychl\u00e9 pohyby, neust\u00e1l\u00e9 m\u00e1v\u00e1n\u00ed rukama a nohama, zvl\u00e1\u0161tn\u00ed tiky), tak v oblasti velk\u00e9 motoriky (rychl\u00e9 plazen\u00ed a ch\u016fze). Rodi\u010de takov\u00fdch d\u011bt\u00ed si obvykle st\u011b\u017euj\u00ed na to, \u017ee jejich d\u00edt\u011b obt\u00ed\u017en\u011b us\u00edn\u00e1, n\u011bkolikr\u00e1t b\u011bhem noci se bud\u00ed s k\u0159ikem, pl\u00e1\u010dem a jekotem, a p\u0159\u00ed\u010dinou nejsou st\u0159evn\u00ed poruchy nebo koliky. Poruchy sp\u00e1nku se t\u00fdkaj\u00ed m\u011blk\u00e9ho sp\u00e1nku, velmi neklidn\u00e9ho sp\u00e1nku. Pozoruje se tak\u00e9 zrychlen\u00fd nebo opo\u017ed\u011bn\u00fd v\u00fdvoj \u0159e\u010di. U d\u011bt\u00ed se projevuje v\u00fdvojov\u00e1 koktavost a maj\u00ed pot\u00ed\u017ee s artikulac\u00ed hl\u00e1sek. Batolata jsou emo\u010dn\u011b neklidn\u00e1, snadno se roz\u010d\u00edl\u00ed a rozru\u0161\u00ed. Je mo\u017en\u00e9 pozorovat bezc\u00edlnost jejich pohyb\u016f, prom\u011bnlivost z\u00e1jm\u016f, rychlou nudu s hra\u010dkami. U kojenc\u016f s p\u0159\u00edznaky ADHD se mohou projevovat probl\u00e9my s j\u00eddlem. D\u00edt\u011b nem\u00e1 na j\u00eddlo \u010das. N\u011bkdy je pozorov\u00e1n slab\u00fd sac\u00ed reflex, zvracen\u00ed, pr\u016fjem, z\u00e1chvaty koliky v d\u016fsledku nenasytn\u00e9ho j\u00eddla a p\u0159\u00edli\u0161 rychl\u00e9ho polyk\u00e1n\u00ed mate\u0159sk\u00e9ho ml\u00e9ka se vzduchem. N\u011bkdy se ADHD u kojenc\u016f m\u016f\u017ee p\u0159ekr\u00fdvat s p\u0159\u00edznaky Aspergerova syndromu, proto\u017ee batolata se nemus\u00ed cht\u00edt mazlit kv\u016fli taktiln\u00ed p\u0159ecitliv\u011blosti. Dosud neexistuje shoda ohledn\u011b geneze hyperkinetick\u00fdch syndrom\u016f. N\u011bkte\u0159\u00ed vid\u00ed p\u0159\u00ed\u010diny v mikropo\u0161kozen\u00ed CNS, nap\u0159. v d\u016fsledku perinat\u00e1ln\u00edch komplikac\u00ed. Jin\u00ed lokalizuj\u00ed zdroj poruchy v biologick\u00fdch faktorech a poruch\u00e1ch produkce neurotransmiter\u016f noradrenalinu a dopaminu. Jin\u00ed se domn\u00edvaj\u00ed, \u017ee vznik p\u0159\u00edznak\u016f ADHD podporuje ned\u016fsledn\u00e9 v\u00fdchovn\u00e9 prost\u0159ed\u00ed nebo pou\u017e\u00edv\u00e1n\u00ed t\u011blesn\u00fdch trest\u016f. Bez ohledu na etiologii poruchy pozornosti s hyperaktivitou by nem\u011bly b\u00fdt ignorov\u00e1ny \u017e\u00e1dn\u00e9 p\u0159\u00edznaky, kter\u00e9 mohou ukazovat na ADHD. Pokud se u va\u0161eho d\u00edt\u011bte od \u00fatl\u00e9ho v\u011bku projevuje n\u011bkter\u00fd z v\u00fd\u0161e uveden\u00fdch p\u0159\u00edznak\u016f, je vhodn\u00e9 konzultovat sv\u00e9 obavy s v\u00fdvojov\u00fdm psychologem<\/p>\n<hr \/>\n<h4>Zdroj<\/h4>\n<ul>\n<li><em>https:\/\/portal.abczdrowie.pl\/adhd-u-niemowlat<\/em><\/li>\n<\/ul>\n","protected":false},"excerpt":{"rendered":"<p>Porucha pozornosti s hyperaktivitou(ADHD) se obvykle diagnostikuje v prvn\u00edch letech \u0161koln\u00ed doch\u00e1zky, kdy d\u00edt\u011b nezvl\u00e1d\u00e1 \u0161koln\u00ed \u00fakoly a probl\u00e9m sed\u011bt v klidu 45 minut ve&#8230;<\/p>\n","protected":false},"author":1,"featured_media":2415,"comment_status":"closed","ping_status":"open","sticky":false,"template":"","format":"standard","meta":{"inline_featured_image":false},"categories":[780],"tags":[],"yoast_head":"<!-- This site is optimized with the Yoast SEO plugin v18.1 - https:\/\/yoast.com\/wordpress\/plugins\/seo\/ -->\n<title>ADHD u kojenc\u016f - Test Mysli<\/title>\n<meta name=\"robots\" content=\"index, follow, max-snippet:-1, max-image-preview:large, max-video-preview:-1\" \/>\n<link rel=\"canonical\" href=\"https:\/\/www.diagnostika-mysli.cz\/blog\/adhd\/adhd-u-kojencu\/\" \/>\n<meta property=\"og:locale\" content=\"cs_CZ\" \/>\n<meta property=\"og:type\" content=\"article\" \/>\n<meta property=\"og:title\" content=\"ADHD u kojenc\u016f - Test Mysli\" \/>\n<meta property=\"og:description\" content=\"Porucha pozornosti s hyperaktivitou(ADHD) se obvykle diagnostikuje v prvn\u00edch letech \u0161koln\u00ed doch\u00e1zky, kdy d\u00edt\u011b nezvl\u00e1d\u00e1 \u0161koln\u00ed \u00fakoly a probl\u00e9m sed\u011bt v klidu 45 minut ve...\" \/>\n<meta property=\"og:url\" content=\"https:\/\/www.diagnostika-mysli.cz\/blog\/adhd\/adhd-u-kojencu\/\" \/>\n<meta property=\"og:site_name\" content=\"Test Mysli\" \/>\n<meta property=\"article:published_time\" content=\"2022-08-02T12:00:55+00:00\" \/>\n<meta property=\"article:modified_time\" content=\"2024-01-03T11:00:09+00:00\" \/>\n<meta property=\"og:image\" content=\"https:\/\/www.diagnostika-mysli.cz\/blog\/wp-content\/uploads\/2022\/07\/3-5.png\" \/>\n\t<meta property=\"og:image:width\" content=\"668\" \/>\n\t<meta property=\"og:image:height\" content=\"446\" \/>\n\t<meta property=\"og:image:type\" content=\"image\/png\" \/>\n<meta name=\"twitter:card\" content=\"summary_large_image\" \/>\n<meta name=\"twitter:label1\" content=\"Napsal(a)\" \/>\n\t<meta name=\"twitter:data1\" content=\"Test Mysli\" \/>\n\t<meta name=\"twitter:label2\" content=\"Odhadovan\u00e1 doba \u010dten\u00ed\" \/>\n\t<meta name=\"twitter:data2\" content=\"4 minuty\" \/>\n<script type=\"application\/ld+json\" class=\"yoast-schema-graph\">{\"@context\":\"https:\/\/schema.org\",\"@graph\":[{\"@type\":\"WebSite\",\"@id\":\"https:\/\/www.diagnostika-mysli.cz\/blog\/#website\",\"url\":\"https:\/\/www.diagnostika-mysli.cz\/blog\/\",\"name\":\"Test Mysli\",\"description\":\"Blog o poruch\u00e1ch mysli\",\"potentialAction\":[{\"@type\":\"SearchAction\",\"target\":{\"@type\":\"EntryPoint\",\"urlTemplate\":\"https:\/\/www.diagnostika-mysli.cz\/blog\/?s={search_term_string}\"},\"query-input\":\"required name=search_term_string\"}],\"inLanguage\":\"cs\"},{\"@type\":\"ImageObject\",\"@id\":\"https:\/\/www.diagnostika-mysli.cz\/blog\/adhd\/adhd-u-kojencu\/#primaryimage\",\"inLanguage\":\"cs\",\"url\":\"https:\/\/www.diagnostika-mysli.cz\/blog\/wp-content\/uploads\/2022\/07\/3-5.png\",\"contentUrl\":\"https:\/\/www.diagnostika-mysli.cz\/blog\/wp-content\/uploads\/2022\/07\/3-5.png\",\"width\":668,\"height\":446},{\"@type\":\"WebPage\",\"@id\":\"https:\/\/www.diagnostika-mysli.cz\/blog\/adhd\/adhd-u-kojencu\/#webpage\",\"url\":\"https:\/\/www.diagnostika-mysli.cz\/blog\/adhd\/adhd-u-kojencu\/\",\"name\":\"ADHD u kojenc\u016f - Test Mysli\",\"isPartOf\":{\"@id\":\"https:\/\/www.diagnostika-mysli.cz\/blog\/#website\"},\"primaryImageOfPage\":{\"@id\":\"https:\/\/www.diagnostika-mysli.cz\/blog\/adhd\/adhd-u-kojencu\/#primaryimage\"},\"datePublished\":\"2022-08-02T12:00:55+00:00\",\"dateModified\":\"2024-01-03T11:00:09+00:00\",\"author\":{\"@id\":\"https:\/\/www.diagnostika-mysli.cz\/blog\/#\/schema\/person\/8eb1bcaf59fea75c780c11946f4e3490\"},\"breadcrumb\":{\"@id\":\"https:\/\/www.diagnostika-mysli.cz\/blog\/adhd\/adhd-u-kojencu\/#breadcrumb\"},\"inLanguage\":\"cs\",\"potentialAction\":[{\"@type\":\"ReadAction\",\"target\":[\"https:\/\/www.diagnostika-mysli.cz\/blog\/adhd\/adhd-u-kojencu\/\"]}]},{\"@type\":\"BreadcrumbList\",\"@id\":\"https:\/\/www.diagnostika-mysli.cz\/blog\/adhd\/adhd-u-kojencu\/#breadcrumb\",\"itemListElement\":[{\"@type\":\"ListItem\",\"position\":1,\"name\":\"Blog\",\"item\":\"https:\/\/www.diagnostika-mysli.cz\/blog\/\"},{\"@type\":\"ListItem\",\"position\":2,\"name\":\"ADHD\",\"item\":\"https:\/\/www.diagnostika-mysli.cz\/blog\/adhd\/\"},{\"@type\":\"ListItem\",\"position\":3,\"name\":\"ADHD u kojenc\u016f\"}]},{\"@type\":\"Person\",\"@id\":\"https:\/\/www.diagnostika-mysli.cz\/blog\/#\/schema\/person\/8eb1bcaf59fea75c780c11946f4e3490\",\"name\":\"Test Mysli\",\"image\":{\"@type\":\"ImageObject\",\"@id\":\"https:\/\/www.diagnostika-mysli.cz\/blog\/#personlogo\",\"inLanguage\":\"cs\",\"url\":\"https:\/\/secure.gravatar.com\/avatar\/6743211f010801ea26aa9423a2daab37?s=96&d=mm&r=g\",\"contentUrl\":\"https:\/\/secure.gravatar.com\/avatar\/6743211f010801ea26aa9423a2daab37?s=96&d=mm&r=g\",\"caption\":\"Test Mysli\"},\"sameAs\":[\"https:\/\/www.diagnostika-mysli.cz\/blog\"],\"url\":\"https:\/\/www.diagnostika-mysli.cz\/blog\/author\/diagnostyka-umyslu\/\"}]}<\/script>\n<!-- \/ Yoast SEO plugin. -->","yoast_head_json":{"title":"ADHD u kojenc\u016f - Test Mysli","robots":{"index":"index","follow":"follow","max-snippet":"max-snippet:-1","max-image-preview":"max-image-preview:large","max-video-preview":"max-video-preview:-1"},"canonical":"https:\/\/www.diagnostika-mysli.cz\/blog\/adhd\/adhd-u-kojencu\/","og_locale":"cs_CZ","og_type":"article","og_title":"ADHD u kojenc\u016f - Test Mysli","og_description":"Porucha pozornosti s hyperaktivitou(ADHD) se obvykle diagnostikuje v prvn\u00edch letech \u0161koln\u00ed doch\u00e1zky, kdy d\u00edt\u011b nezvl\u00e1d\u00e1 \u0161koln\u00ed \u00fakoly a probl\u00e9m sed\u011bt v klidu 45 minut ve...","og_url":"https:\/\/www.diagnostika-mysli.cz\/blog\/adhd\/adhd-u-kojencu\/","og_site_name":"Test Mysli","article_published_time":"2022-08-02T12:00:55+00:00","article_modified_time":"2024-01-03T11:00:09+00:00","og_image":[{"width":668,"height":446,"url":"https:\/\/www.diagnostika-mysli.cz\/blog\/wp-content\/uploads\/2022\/07\/3-5.png","type":"image\/png"}],"twitter_card":"summary_large_image","twitter_misc":{"Napsal(a)":"Test Mysli","Odhadovan\u00e1 doba \u010dten\u00ed":"4 minuty"},"schema":{"@context":"https:\/\/schema.org","@graph":[{"@type":"WebSite","@id":"https:\/\/www.diagnostika-mysli.cz\/blog\/#website","url":"https:\/\/www.diagnostika-mysli.cz\/blog\/","name":"Test Mysli","description":"Blog o poruch\u00e1ch mysli","potentialAction":[{"@type":"SearchAction","target":{"@type":"EntryPoint","urlTemplate":"https:\/\/www.diagnostika-mysli.cz\/blog\/?s={search_term_string}"},"query-input":"required name=search_term_string"}],"inLanguage":"cs"},{"@type":"ImageObject","@id":"https:\/\/www.diagnostika-mysli.cz\/blog\/adhd\/adhd-u-kojencu\/#primaryimage","inLanguage":"cs","url":"https:\/\/www.diagnostika-mysli.cz\/blog\/wp-content\/uploads\/2022\/07\/3-5.png","contentUrl":"https:\/\/www.diagnostika-mysli.cz\/blog\/wp-content\/uploads\/2022\/07\/3-5.png","width":668,"height":446},{"@type":"WebPage","@id":"https:\/\/www.diagnostika-mysli.cz\/blog\/adhd\/adhd-u-kojencu\/#webpage","url":"https:\/\/www.diagnostika-mysli.cz\/blog\/adhd\/adhd-u-kojencu\/","name":"ADHD u kojenc\u016f - Test Mysli","isPartOf":{"@id":"https:\/\/www.diagnostika-mysli.cz\/blog\/#website"},"primaryImageOfPage":{"@id":"https:\/\/www.diagnostika-mysli.cz\/blog\/adhd\/adhd-u-kojencu\/#primaryimage"},"datePublished":"2022-08-02T12:00:55+00:00","dateModified":"2024-01-03T11:00:09+00:00","author":{"@id":"https:\/\/www.diagnostika-mysli.cz\/blog\/#\/schema\/person\/8eb1bcaf59fea75c780c11946f4e3490"},"breadcrumb":{"@id":"https:\/\/www.diagnostika-mysli.cz\/blog\/adhd\/adhd-u-kojencu\/#breadcrumb"},"inLanguage":"cs","potentialAction":[{"@type":"ReadAction","target":["https:\/\/www.diagnostika-mysli.cz\/blog\/adhd\/adhd-u-kojencu\/"]}]},{"@type":"BreadcrumbList","@id":"https:\/\/www.diagnostika-mysli.cz\/blog\/adhd\/adhd-u-kojencu\/#breadcrumb","itemListElement":[{"@type":"ListItem","position":1,"name":"Blog","item":"https:\/\/www.diagnostika-mysli.cz\/blog\/"},{"@type":"ListItem","position":2,"name":"ADHD","item":"https:\/\/www.diagnostika-mysli.cz\/blog\/adhd\/"},{"@type":"ListItem","position":3,"name":"ADHD u kojenc\u016f"}]},{"@type":"Person","@id":"https:\/\/www.diagnostika-mysli.cz\/blog\/#\/schema\/person\/8eb1bcaf59fea75c780c11946f4e3490","name":"Test Mysli","image":{"@type":"ImageObject","@id":"https:\/\/www.diagnostika-mysli.cz\/blog\/#personlogo","inLanguage":"cs","url":"https:\/\/secure.gravatar.com\/avatar\/6743211f010801ea26aa9423a2daab37?s=96&d=mm&r=g","contentUrl":"https:\/\/secure.gravatar.com\/avatar\/6743211f010801ea26aa9423a2daab37?s=96&d=mm&r=g","caption":"Test Mysli"},"sameAs":["https:\/\/www.diagnostika-mysli.cz\/blog"],"url":"https:\/\/www.diagnostika-mysli.cz\/blog\/author\/diagnostyka-umyslu\/"}]}},"amp_enabled":true,"_links":{"self":[{"href":"https:\/\/www.diagnostika-mysli.cz\/blog\/wp-json\/wp\/v2\/posts\/2414"}],"collection":[{"href":"https:\/\/www.diagnostika-mysli.cz\/blog\/wp-json\/wp\/v2\/posts"}],"about":[{"href":"https:\/\/www.diagnostika-mysli.cz\/blog\/wp-json\/wp\/v2\/types\/post"}],"author":[{"embeddable":true,"href":"https:\/\/www.diagnostika-mysli.cz\/blog\/wp-json\/wp\/v2\/users\/1"}],"replies":[{"embeddable":true,"href":"https:\/\/www.diagnostika-mysli.cz\/blog\/wp-json\/wp\/v2\/comments?post=2414"}],"version-history":[{"count":4,"href":"https:\/\/www.diagnostika-mysli.cz\/blog\/wp-json\/wp\/v2\/posts\/2414\/revisions"}],"predecessor-version":[{"id":2726,"href":"https:\/\/www.diagnostika-mysli.cz\/blog\/wp-json\/wp\/v2\/posts\/2414\/revisions\/2726"}],"wp:featuredmedia":[{"embeddable":true,"href":"https:\/\/www.diagnostika-mysli.cz\/blog\/wp-json\/wp\/v2\/media\/2415"}],"wp:attachment":[{"href":"https:\/\/www.diagnostika-mysli.cz\/blog\/wp-json\/wp\/v2\/media?parent=2414"}],"wp:term":[{"taxonomy":"category","embeddable":true,"href":"https:\/\/www.diagnostika-mysli.cz\/blog\/wp-json\/wp\/v2\/categories?post=2414"},{"taxonomy":"post_tag","embeddable":true,"href":"https:\/\/www.diagnostika-mysli.cz\/blog\/wp-json\/wp\/v2\/tags?post=2414"}],"curies":[{"name":"wp","href":"https:\/\/api.w.org\/{rel}","templated":true}]}}