{"id":2440,"date":"2022-08-11T08:00:46","date_gmt":"2022-08-11T12:00:46","guid":{"rendered":"https:\/\/www.diagnostika-mysli.cz\/blog\/?p=2440"},"modified":"2023-12-15T17:37:54","modified_gmt":"2023-12-15T16:37:54","slug":"seznam-nejcastejsich-dotazu-rodicu-deti-s-adhd","status":"publish","type":"post","link":"https:\/\/www.diagnostika-mysli.cz\/blog\/adhd\/seznam-nejcastejsich-dotazu-rodicu-deti-s-adhd\/","title":{"rendered":"Seznam nej\u010dast\u011bj\u0161\u00edch dotaz\u016f rodi\u010d\u016f d\u011bt\u00ed s ADHD"},"content":{"rendered":"<p><em>Jak zkrotit \u0161patn\u00e9 chov\u00e1n\u00ed d\u00edt\u011bte s ADHD? Je ADHD d\u011bdi\u010dn\u00e1 porucha? Jak dlouho se ADHD l\u00e9\u010d\u00ed?<\/em> Zde je seznam nej\u010dast\u011bj\u0161\u00edch ot\u00e1zek, kter\u00e9 kladou rodi\u010de <a href=\"https:\/\/www.diagnostika-mysli.cz\/adhd-test\">d\u011bt\u00ed s ADHD<\/a>.<\/p>\n<h4>Jak\u00e1 je pravd\u011bpodobnost, \u017ee sourozenec d\u00edt\u011bte s ADHD bude m\u00edt tak\u00e9 tyto p\u0159\u00edznaky?<\/h4>\n<p>Na tuto ot\u00e1zku je obt\u00ed\u017en\u00e9 odpov\u011bd\u011bt. Rozhodn\u011b nelze s jistotou \u0159\u00edci, \u017ee sourozenec d\u00edt\u011bte s ADHD bude touto poruchou tak\u00e9 posti\u017een. Jak je v\u0161ak zn\u00e1mo, ADHD pat\u0159\u00ed mezi onemocn\u011bn\u00ed s genetick\u00fdm z\u00e1kladem. To znamen\u00e1, \u017ee se p\u0159en\u00e1\u0161\u00ed z generace na generaci. Je tedy pravd\u011bpodobn\u00e9, \u017ee pokud rodi\u010de p\u0159edali jednomu ze sv\u00fdch d\u011bt\u00ed geny zodpov\u011bdn\u00e9 za rozvoj ADHD, \u017ee je p\u0159edaj\u00ed i dal\u0161\u00edm. To v\u0161ak neznamen\u00e1, \u017ee tomu tak bude ur\u010dit\u011b. Statistiky uv\u00e1d\u011bj\u00ed, \u017ee p\u0159ibli\u017en\u011b ve 35 % p\u0159\u00edpad\u016f se ADHD objev\u00ed i u sourozenc\u016f d\u00edt\u011bte s touto poruchou. To znamen\u00e1, \u017ee navzdory v\u0161emu tomu tomu tak ve v\u011bt\u0161in\u011b p\u0159\u00edpad\u016f nebude.<\/p>\n<h4>Co byste m\u011bli d\u011blat, pokud se va\u0161e d\u00edt\u011b \u0161patn\u011b chov\u00e1 na ve\u0159ejnosti?<\/h4>\n<p>V prvn\u00ed \u0159ad\u011b je d\u016fle\u017eit\u00e9 si uv\u011bdomit, co v\u00e1s v takov\u00e9 situaci skute\u010dn\u011b tr\u00e1p\u00ed. Jde skute\u010dn\u011b o chov\u00e1n\u00ed d\u00edt\u011bte, nebo o reakci jeho okol\u00ed? Ve v\u011bt\u0161in\u011b p\u0159\u00edpad\u016f je pravd\u011bpodobn\u00e9, \u017ee probl\u00e9mem pro n\u00e1s bude nep\u0159\u00edjemn\u00fd postoj okol\u00ed. V takov\u00e9m p\u0159\u00edpad\u011b by prvn\u00edm krokem m\u011blo b\u00fdt osvojen\u00ed si dovednosti nev\u011bnovat pozornost reakc\u00edm okol\u00ed. Je velmi d\u016fle\u017eit\u00e9 zachovat klid. P\u0159edev\u0161\u00edm proto, abychom nezhor\u0161ovali abnorm\u00e1ln\u00ed chov\u00e1n\u00ed d\u00edt\u011bte v dan\u00e9 situaci. Dal\u0161\u00edm krokem by bylo promluvit si s d\u00edt\u011btem a probrat s n\u00edm pravidla chov\u00e1n\u00ed v dan\u00e9 situaci. Je tak\u00e9 nutn\u00e9 vypracovat syst\u00e9m d\u016fsledk\u016f pro p\u0159\u00edpady, kdy d\u00edt\u011b na opakovan\u00e9 pokyny nebude reagovat. Samoz\u0159ejm\u011b se m\u016f\u017eete jednodu\u0161e vzd\u00e1lit z m\u00edsta, kde k nep\u0159\u00edjemn\u00e9 situaci do\u0161lo, ale to je a\u017e posledn\u00ed mo\u017enost. \u00dat\u011bk od probl\u00e9mu jej nevy\u0159e\u0161\u00ed.<\/p>\n<h4>Co m\u00e1m \u0159\u00edct rodin\u011b a p\u0159\u00edbuzn\u00fdm? Jak jim vysv\u011btl\u00edte nevhodn\u00e9 chov\u00e1n\u00ed sv\u00e9ho d\u00edt\u011bte?<\/h4>\n<p>Neexistuje \u017e\u00e1dn\u00fd d\u016fvod, pro\u010d bychom m\u011bli b\u00fdt povinni komukoli cokoli vysv\u011btlovat. To je d\u016fle\u017eit\u00e9 m\u00edt na pam\u011bti zejm\u00e9na v situac\u00edch, kdy na chov\u00e1n\u00ed d\u00edt\u011bte reaguj\u00ed ciz\u00ed lid\u00e9. Vysv\u011btlovat, pro\u010d se na\u0161e d\u00edt\u011b takto chov\u00e1, je p\u0159\u00edli\u0161 zdlouhav\u00e9 a stejn\u011b by to nem\u011blo velk\u00fd efekt. Nikdo nem\u016f\u017ee pln\u011b pochopit probl\u00e9m, kter\u00fdm je ADHD, pokud ho nem\u00e1 doma. Denn\u011b n\u00e1s posuzuj\u00ed ti, kte\u0159\u00ed s n\u00e1mi p\u0159ich\u00e1zej\u00ed do styku. \u010casto jsou to nespravedliv\u00e9 soudy a je\u0161t\u011b \u010dast\u011bji si to ani neuv\u011bdomujeme. Nen\u00ed tedy d\u016fvod zab\u00fdvat se t\u00edm, co si ciz\u00ed lid\u00e9 mysl\u00ed o na\u0161em d\u00edt\u011bti a tak\u00e9 o n\u00e1s v situaci, kdy je jeho chov\u00e1n\u00ed zp\u016fsobeno nesouvisej\u00edc\u00edmi p\u0159\u00ed\u010dinami. Trochu jin\u00e1 situace je u bl\u00edzk\u00fdch \u010dlen\u016f rodiny, zejm\u00e9na pokud s d\u00edt\u011btem tr\u00e1v\u00ed hodn\u011b \u010dasu. Je dobr\u00e9 jim vysv\u011btlit, co je ADHD, z \u010deho vypl\u00fdv\u00e1, a nau\u010dit je, jak by m\u011bli s d\u00edt\u011btem jednat. To jist\u011b pom\u016f\u017ee p\u0159edej\u00edt nedorozum\u011bn\u00edm a usnadn\u00ed d\u00edt\u011bti interakci s ostatn\u00edmi \u010dleny rodiny.<\/p>\n<h4>Vyroste z toho d\u00edt\u011b n\u011bkdy?<\/h4>\n<p>To je nesm\u00edrn\u011b obt\u00ed\u017en\u00e1 a \u010dasto kladen\u00e1 ot\u00e1zka. Bohu\u017eel na ni neexistuje odpov\u011b\u010f. Je obt\u00ed\u017en\u00e9 p\u0159edpov\u011bd\u011bt, do jak\u00e9 m\u00edry p\u0159\u00edznaky spojen\u00e9 s ADHD s v\u011bkem ustoup\u00ed. Je v\u0161ak zn\u00e1mo, \u017ee obecn\u011b v obdob\u00ed dosp\u00edv\u00e1n\u00ed poruchy spojen\u00e9 s hyperaktivitou miz\u00ed, zat\u00edmco poruchy pozornosti za\u010d\u00ednaj\u00ed p\u0159eva\u017eovat. Dlouhodob\u00e1 pozorov\u00e1n\u00ed nazna\u010duj\u00ed, \u017ee v obdob\u00ed dosp\u00edv\u00e1n\u00ed jsou p\u0159\u00edznaky st\u00e1le p\u0159\u00edtomny p\u0159ibli\u017en\u011b u 70 % p\u0159\u00edpad\u016f. V dosp\u011blosti u sebe pozoruje n\u011bkter\u00e9 p\u0159\u00edznaky asi 30-50 % osob s d\u0159\u00edve diagnostikovanou ADHD. Tyto p\u0159\u00edznaky v\u0161ak zpravidla nepat\u0159\u00ed do oblasti hyperaktivity, ale do skupiny poruch pozornosti.<\/p>\n<h4>Jak dlouho trv\u00e1 l\u00e9\u010dba ADHD?<\/h4>\n<p>L\u00e9\u010dba ADHD, stejn\u011b jako u jin\u00fdch onemocn\u011bn\u00ed, trv\u00e1 tak dlouho, jak je pot\u0159eba. Nejintenzivn\u011bj\u0161\u00ed obdob\u00ed l\u00e9\u010dby je na sam\u00e9m za\u010d\u00e1tku, kdy se d\u00edt\u011b i jeho rodi\u010de u\u010d\u00ed, co je ADHD, kter\u00e9 chov\u00e1n\u00ed pat\u0159\u00ed do spektra p\u0159\u00edznak\u016f a jak s nimi zach\u00e1zet. Je to tak\u00e9 nejn\u00e1ro\u010dn\u011bj\u0161\u00ed obdob\u00ed, proto\u017ee spot\u0159ebuje nejv\u00edce \u010dasu a \u00fasil\u00ed. Vy\u017eaduje velkou v\u016fli, ale pozd\u011bji se metody nau\u010den\u00e9 na za\u010d\u00e1tku stanou obvykl\u00fdmi a reflexn\u00edmi. Pokud se pou\u017e\u00edv\u00e1 protidrogov\u00e1 l\u00e9\u010dba, \u010das od \u010dasu doch\u00e1z\u00ed k pokus\u016fm o odvyk\u00e1n\u00ed. Vhodnou dobou k tomuto pokusu jsou nap\u0159\u00edklad pr\u00e1zdniny.<\/p>\n<h4>Nezp\u016fsobuje u\u017e\u00edv\u00e1n\u00ed l\u00e9k\u016f z\u00e1vislost nebo vedlej\u0161\u00ed \u00fa\u010dinky?<\/h4>\n<p>Je d\u016fle\u017eit\u00e9 si uv\u011bdomit, \u017ee ka\u017ed\u00fd l\u00e9k m\u016f\u017ee zp\u016fsobit vedlej\u0161\u00ed \u00fa\u010dinky. Je v\u0161ak t\u0159eba m\u00edt na pam\u011bti, \u017ee farmakoterapie prob\u00edh\u00e1 velmi pe\u010dliv\u011b pod l\u00e9ka\u0159sk\u00fdm dohledem, aby bylo mo\u017en\u00e9 p\u0159\u00edpadn\u00e9 ne\u017e\u00e1douc\u00ed \u00fa\u010dinky rychle zachytit. Nav\u00edc dnes pou\u017e\u00edvan\u00e9 l\u00e9ky jich maj\u00ed st\u00e1le m\u00e9n\u011b. V\u00fdb\u011br vhodn\u00fdch l\u00e9k\u016f n\u011bkdy trv\u00e1 dlouho, proto\u017ee ne ka\u017ed\u00fd l\u00e9k je vhodn\u00fd pro konkr\u00e9tn\u00ed p\u0159\u00edpad. C\u00edlem l\u00e9ka\u0159e je p\u0159izp\u016fsobit l\u00e9\u010dbu pacientovi individu\u00e1ln\u011b tak, aby poc\u00edtil p\u0159\u00ednos l\u00e9\u010dby. L\u00e9k\u016f byste se rozhodn\u011b nem\u011bli b\u00e1t. Je velmi d\u016fle\u017eit\u00e9 si uv\u011bdomit, \u017ee nezp\u016fsobuj\u00ed z\u00e1vislost a u\u017e\u00edvaj\u00ed se pouze tak dlouho, jak je to nezbytn\u00e9.<\/p>\n<h4>Co lze ud\u011blat pro to, aby d\u00edt\u011b dokon\u010dilo zapo\u010dat\u00fd \u00fakol?<\/h4>\n<p>V prvn\u00ed \u0159ad\u011b je d\u016fle\u017eit\u00e9 vytvo\u0159it si spr\u00e1vn\u00fd p\u0159\u00edstup. Nap\u0159\u00edklad byste nem\u011bli o\u010dek\u00e1vat, \u017ee d\u00edt\u011b ve \u0161kole klidn\u011b ud\u011bl\u00e1 v\u0161echny dom\u00e1c\u00ed \u00fakoly, ani\u017e by vyru\u0161ovalo. Kdy\u017e po d\u00edt\u011bti po\u017eadujete, aby \u00fakol dokon\u010dilo, uv\u011bdomte si p\u0159edev\u0161\u00edm, jak dlouho to bude trvat. Pokud zjist\u00edte, \u017ee \u010dinnost trv\u00e1 p\u0159\u00edli\u0161 dlouho, je lep\u0161\u00ed ji rozd\u011blit na \u010d\u00e1sti s p\u0159est\u00e1vkami mezi nimi. Je d\u016fle\u017eit\u00e9, aby d\u00edt\u011b b\u011bhem takov\u00e9 p\u0159est\u00e1vky neza\u010dalo vykon\u00e1vat \u010dinnost, kterou nechce dokon\u010dit, a\u017e skon\u010d\u00ed doba odpo\u010dinku. Bylo by tak\u00e9 dobr\u00e9 omezit faktory, kter\u00e9 by mohly d\u00edt\u011b rozptylovat (nap\u0159\u00edklad hluk, dom\u00e1c\u00ed zv\u00ed\u0159e). Pokud m\u00e1 d\u00edt\u011b d\u011blat dom\u00e1c\u00ed \u00fakoly, doprov\u00e1zejte ho p\u0159i tom a bu\u010fte od za\u010d\u00e1tku trp\u011bliv\u00ed. Je tak\u00e9 dobr\u00e9 stanovit pro tyto \u010dinnosti konkr\u00e9tn\u00ed \u010das.<\/p>\n<h4>Existuje speci\u00e1ln\u00ed dieta, kterou by d\u00edt\u011b m\u011blo dodr\u017eovat?<\/h4>\n<p>N\u011bkdy se objevuje n\u00e1zor, \u017ee by se rodi\u010de m\u011bli vyh\u00fdbat pod\u00e1v\u00e1n\u00ed ur\u010dit\u00fdch potravin d\u011btem s ADHD. Mezi potraviny, kter\u00e9 jsou teoreticky pova\u017eov\u00e1ny za potraviny zp\u016fsobuj\u00edc\u00ed n\u00e1r\u016fst p\u0159\u00edznak\u016f, pat\u0159\u00ed: kakao, cukr, konzerva\u010dn\u00ed l\u00e1tky, um\u011bl\u00e1 barviva, potraviny rychl\u00e9ho ob\u010derstven\u00ed. Tyto teorie zat\u00edm nejsou podlo\u017eeny v\u00fdzkumem. Strava d\u00edt\u011bte by samoz\u0159ejm\u011b m\u011bla vych\u00e1zet ze z\u00e1sad zdrav\u00e9 v\u00fd\u017eivy, ale nem\u011bla by se li\u0161it od stravy d\u011bt\u00ed, kter\u00e9 nejsou posti\u017eeny ADHD.<\/p>\n<h4>M\u011blo by d\u00edt\u011b s ADHD chodit do speci\u00e1ln\u00ed \u0161koly?<\/h4>\n<p>Nen\u00ed nutn\u00e9, aby d\u00edt\u011b s ADHD nav\u0161t\u011bvovalo speci\u00e1ln\u00ed \u0161kolu. Pro u\u010ditele byly vytvo\u0159eny speci\u00e1ln\u00ed vzd\u011bl\u00e1vac\u00ed programy, kter\u00e9 je \u0161kol\u00ed, jak pracovat s d\u00edt\u011btem posti\u017een\u00fdm t\u00edmto probl\u00e9mem. Samoz\u0159ejm\u011b to vy\u017eaduje dobrou v\u016fli ze strany u\u010ditel\u016f, ale pokud jsou ochotni spolupracovat, lze vytvo\u0159it prost\u0159ed\u00ed, aby d\u00edt\u011b dosahovalo studijn\u00edch v\u00fdsledk\u016f a udr\u017eovalo dobr\u00e9 vztahy s vrstevn\u00edky. Syst\u00e9my nastaven\u00e9 ve \u0161kol\u00e1ch zahrnuj\u00ed v\u0161echny, kdo p\u0159ich\u00e1zej\u00ed s d\u00edt\u011btem do styku, od \u0161koln\u00edka p\u0159es u\u010ditele a\u017e po \u0161koln\u00edho psychologa.<\/p>\n<h4>Jak m\u016f\u017eete d\u00edt\u011bti pomoci zbavit se nadm\u011brn\u00e9 energie?<\/h4>\n<p>Dobr\u00fdm zp\u016fsobem, jak uvolnit p\u0159ebyte\u010dnou energii, je sport. Neexistuj\u00ed \u017e\u00e1dn\u00e9 zvl\u00e1\u0161\u0165 doporu\u010den\u00e9 nebo kontraindikovan\u00e9 sportovn\u00ed aktivity pro d\u011bti s ADHD. P\u0159i v\u00fdb\u011bru je t\u0159eba vz\u00edt v \u00favahu odpov\u011b\u010f na ot\u00e1zku &#8220;Do jak\u00e9 m\u00edry bude d\u00edt\u011b schopno dodr\u017eovat pravidla dan\u00e9ho sportu?&#8221;. P\u0159edev\u0161\u00edm je v\u0161ak t\u0159eba m\u00edt na pam\u011bti bezpe\u010dnost. Je d\u016fle\u017eit\u00e9 sledovat, zda se d\u00edt\u011b sportu nev\u011bnuje p\u0159\u00edli\u0161 intenzivn\u011b. Fyzick\u00e1 n\u00e1maha m\u00e1 pomoci d\u00edt\u011b uklidnit, nikoli v\u00e9st k vy\u010derp\u00e1n\u00ed.<\/p>\n<h4>Jak se vypo\u0159\u00e1dat se z\u00e1chvaty vzteku a agresivitou?<\/h4>\n<p>Z\u00e1chvaty vzteku a agrese u d\u00edt\u011bte s ADHD mohou m\u00edt r\u016fzn\u00fd p\u016fvod a v z\u00e1vislosti na p\u0159\u00ed\u010din\u011b by rodi\u010de m\u011bli p\u0159izp\u016fsobit svou reakci. \u010casto m\u016f\u017ee b\u00fdt tento typ chov\u00e1n\u00ed v\u00fdrazem touhy po pozornosti. Pokud se d\u00edt\u011bti poda\u0159\u00ed vztekem nebo agres\u00ed z\u00edskat pozornost rodi\u010d\u016f, ur\u010dit\u011b se takto chovat nep\u0159estane. Reakce rodi\u010d\u016f v takov\u00fdch situac\u00edch, a\u0165 u\u017e bude jak\u00e1koli, jen pos\u00edl\u00ed pocit d\u00edt\u011bte, \u017ee t\u00edmto zp\u016fsobem dosahuje sv\u00e9ho c\u00edle, a tak se agrese a v\u00fdbuchy hn\u011bvu budou vyskytovat \u010dast\u011bji a intenzivn\u011bji. Existuj\u00ed r\u016fzn\u00e9 behavior\u00e1ln\u00ed metody \u0159azen\u00e9 do terapie ADHD, kter\u00e9 pom\u00e1haj\u00ed takov\u00e9 situace \u0159e\u0161it. Pat\u0159\u00ed mezi n\u011b nap\u0159\u00edklad arteterapie (Agression Replacement Training). Stru\u010dn\u011b \u0159e\u010deno se jedn\u00e1 o program, jeho\u017e c\u00edlem je nahradit agresivn\u00ed chov\u00e1n\u00ed chov\u00e1n\u00edm \u017e\u00e1douc\u00edm. U\u010d\u00ed mimo jin\u00e9 sebeovl\u00e1d\u00e1n\u00ed, jak se spr\u00e1vn\u011b rozhodovat, jak reagovat na provokace. Je v\u0161ak d\u016fle\u017eit\u00e9 si uv\u011bdomit, \u017ee hn\u011bv a agresi m\u016f\u017ee vyvolat tak\u00e9 frustrace. Pokud takov\u00e9 z\u00e1chvaty vzteku ne\u0161kod\u00ed okol\u00ed a nedoch\u00e1z\u00ed k nim p\u0159\u00edli\u0161 \u010dasto, m\u016f\u017eete se je jednodu\u0161e pokusit akceptovat.<\/p>\n<hr \/>\n<p>Zdroj<\/p>\n<ul>\n<li><em>https:\/\/portal.abczdrowie.pl\/rodzice-dzieci-z-adhd-pytania<\/em><\/li>\n<\/ul>\n","protected":false},"excerpt":{"rendered":"<p>Jak zkrotit \u0161patn\u00e9 chov\u00e1n\u00ed d\u00edt\u011bte s ADHD? Je ADHD d\u011bdi\u010dn\u00e1 porucha? Jak dlouho se ADHD l\u00e9\u010d\u00ed? Zde je seznam nej\u010dast\u011bj\u0161\u00edch ot\u00e1zek, kter\u00e9 kladou rodi\u010de d\u011bt\u00ed&#8230;<\/p>\n","protected":false},"author":1,"featured_media":2441,"comment_status":"closed","ping_status":"open","sticky":false,"template":"","format":"standard","meta":{"inline_featured_image":false},"categories":[780],"tags":[],"yoast_head":"<!-- This site is optimized with the Yoast SEO plugin v18.1 - https:\/\/yoast.com\/wordpress\/plugins\/seo\/ -->\n<title>Seznam nej\u010dast\u011bj\u0161\u00edch dotaz\u016f rodi\u010d\u016f d\u011bt\u00ed s ADHD - Test Mysli<\/title>\n<meta name=\"robots\" content=\"index, follow, max-snippet:-1, max-image-preview:large, max-video-preview:-1\" \/>\n<link rel=\"canonical\" href=\"https:\/\/www.diagnostika-mysli.cz\/blog\/adhd\/seznam-nejcastejsich-dotazu-rodicu-deti-s-adhd\/\" \/>\n<meta property=\"og:locale\" content=\"cs_CZ\" \/>\n<meta property=\"og:type\" content=\"article\" \/>\n<meta property=\"og:title\" content=\"Seznam nej\u010dast\u011bj\u0161\u00edch dotaz\u016f rodi\u010d\u016f d\u011bt\u00ed s ADHD - Test Mysli\" \/>\n<meta property=\"og:description\" content=\"Jak zkrotit \u0161patn\u00e9 chov\u00e1n\u00ed d\u00edt\u011bte s ADHD? Je ADHD d\u011bdi\u010dn\u00e1 porucha? Jak dlouho se ADHD l\u00e9\u010d\u00ed? Zde je seznam nej\u010dast\u011bj\u0161\u00edch ot\u00e1zek, kter\u00e9 kladou rodi\u010de d\u011bt\u00ed...\" \/>\n<meta property=\"og:url\" content=\"https:\/\/www.diagnostika-mysli.cz\/blog\/adhd\/seznam-nejcastejsich-dotazu-rodicu-deti-s-adhd\/\" \/>\n<meta property=\"og:site_name\" content=\"Test Mysli\" \/>\n<meta property=\"article:published_time\" content=\"2022-08-11T12:00:46+00:00\" \/>\n<meta property=\"article:modified_time\" content=\"2023-12-15T16:37:54+00:00\" \/>\n<meta property=\"og:image\" content=\"https:\/\/www.diagnostika-mysli.cz\/blog\/wp-content\/uploads\/2022\/08\/5-1.png\" \/>\n\t<meta property=\"og:image:width\" content=\"668\" \/>\n\t<meta property=\"og:image:height\" content=\"374\" \/>\n\t<meta property=\"og:image:type\" content=\"image\/png\" \/>\n<meta name=\"twitter:card\" content=\"summary_large_image\" \/>\n<meta name=\"twitter:label1\" content=\"Napsal(a)\" \/>\n\t<meta name=\"twitter:data1\" content=\"Test Mysli\" \/>\n\t<meta name=\"twitter:label2\" content=\"Odhadovan\u00e1 doba \u010dten\u00ed\" \/>\n\t<meta name=\"twitter:data2\" content=\"9 minut\" \/>\n<script type=\"application\/ld+json\" class=\"yoast-schema-graph\">{\"@context\":\"https:\/\/schema.org\",\"@graph\":[{\"@type\":\"WebSite\",\"@id\":\"https:\/\/www.diagnostika-mysli.cz\/blog\/#website\",\"url\":\"https:\/\/www.diagnostika-mysli.cz\/blog\/\",\"name\":\"Test Mysli\",\"description\":\"Blog o poruch\u00e1ch mysli\",\"potentialAction\":[{\"@type\":\"SearchAction\",\"target\":{\"@type\":\"EntryPoint\",\"urlTemplate\":\"https:\/\/www.diagnostika-mysli.cz\/blog\/?s={search_term_string}\"},\"query-input\":\"required name=search_term_string\"}],\"inLanguage\":\"cs\"},{\"@type\":\"ImageObject\",\"@id\":\"https:\/\/www.diagnostika-mysli.cz\/blog\/adhd\/seznam-nejcastejsich-dotazu-rodicu-deti-s-adhd\/#primaryimage\",\"inLanguage\":\"cs\",\"url\":\"https:\/\/www.diagnostika-mysli.cz\/blog\/wp-content\/uploads\/2022\/08\/5-1.png\",\"contentUrl\":\"https:\/\/www.diagnostika-mysli.cz\/blog\/wp-content\/uploads\/2022\/08\/5-1.png\",\"width\":668,\"height\":374},{\"@type\":\"WebPage\",\"@id\":\"https:\/\/www.diagnostika-mysli.cz\/blog\/adhd\/seznam-nejcastejsich-dotazu-rodicu-deti-s-adhd\/#webpage\",\"url\":\"https:\/\/www.diagnostika-mysli.cz\/blog\/adhd\/seznam-nejcastejsich-dotazu-rodicu-deti-s-adhd\/\",\"name\":\"Seznam nej\u010dast\u011bj\u0161\u00edch dotaz\u016f rodi\u010d\u016f d\u011bt\u00ed s ADHD - Test Mysli\",\"isPartOf\":{\"@id\":\"https:\/\/www.diagnostika-mysli.cz\/blog\/#website\"},\"primaryImageOfPage\":{\"@id\":\"https:\/\/www.diagnostika-mysli.cz\/blog\/adhd\/seznam-nejcastejsich-dotazu-rodicu-deti-s-adhd\/#primaryimage\"},\"datePublished\":\"2022-08-11T12:00:46+00:00\",\"dateModified\":\"2023-12-15T16:37:54+00:00\",\"author\":{\"@id\":\"https:\/\/www.diagnostika-mysli.cz\/blog\/#\/schema\/person\/8eb1bcaf59fea75c780c11946f4e3490\"},\"breadcrumb\":{\"@id\":\"https:\/\/www.diagnostika-mysli.cz\/blog\/adhd\/seznam-nejcastejsich-dotazu-rodicu-deti-s-adhd\/#breadcrumb\"},\"inLanguage\":\"cs\",\"potentialAction\":[{\"@type\":\"ReadAction\",\"target\":[\"https:\/\/www.diagnostika-mysli.cz\/blog\/adhd\/seznam-nejcastejsich-dotazu-rodicu-deti-s-adhd\/\"]}]},{\"@type\":\"BreadcrumbList\",\"@id\":\"https:\/\/www.diagnostika-mysli.cz\/blog\/adhd\/seznam-nejcastejsich-dotazu-rodicu-deti-s-adhd\/#breadcrumb\",\"itemListElement\":[{\"@type\":\"ListItem\",\"position\":1,\"name\":\"Blog\",\"item\":\"https:\/\/www.diagnostika-mysli.cz\/blog\/\"},{\"@type\":\"ListItem\",\"position\":2,\"name\":\"ADHD\",\"item\":\"https:\/\/www.diagnostika-mysli.cz\/blog\/adhd\/\"},{\"@type\":\"ListItem\",\"position\":3,\"name\":\"Seznam nej\u010dast\u011bj\u0161\u00edch dotaz\u016f rodi\u010d\u016f d\u011bt\u00ed s ADHD\"}]},{\"@type\":\"Person\",\"@id\":\"https:\/\/www.diagnostika-mysli.cz\/blog\/#\/schema\/person\/8eb1bcaf59fea75c780c11946f4e3490\",\"name\":\"Test Mysli\",\"image\":{\"@type\":\"ImageObject\",\"@id\":\"https:\/\/www.diagnostika-mysli.cz\/blog\/#personlogo\",\"inLanguage\":\"cs\",\"url\":\"https:\/\/secure.gravatar.com\/avatar\/6743211f010801ea26aa9423a2daab37?s=96&d=mm&r=g\",\"contentUrl\":\"https:\/\/secure.gravatar.com\/avatar\/6743211f010801ea26aa9423a2daab37?s=96&d=mm&r=g\",\"caption\":\"Test Mysli\"},\"sameAs\":[\"https:\/\/www.diagnostika-mysli.cz\/blog\"],\"url\":\"https:\/\/www.diagnostika-mysli.cz\/blog\/author\/diagnostyka-umyslu\/\"}]}<\/script>\n<!-- \/ Yoast SEO plugin. -->","yoast_head_json":{"title":"Seznam nej\u010dast\u011bj\u0161\u00edch dotaz\u016f rodi\u010d\u016f d\u011bt\u00ed s ADHD - Test Mysli","robots":{"index":"index","follow":"follow","max-snippet":"max-snippet:-1","max-image-preview":"max-image-preview:large","max-video-preview":"max-video-preview:-1"},"canonical":"https:\/\/www.diagnostika-mysli.cz\/blog\/adhd\/seznam-nejcastejsich-dotazu-rodicu-deti-s-adhd\/","og_locale":"cs_CZ","og_type":"article","og_title":"Seznam nej\u010dast\u011bj\u0161\u00edch dotaz\u016f rodi\u010d\u016f d\u011bt\u00ed s ADHD - Test Mysli","og_description":"Jak zkrotit \u0161patn\u00e9 chov\u00e1n\u00ed d\u00edt\u011bte s ADHD? Je ADHD d\u011bdi\u010dn\u00e1 porucha? Jak dlouho se ADHD l\u00e9\u010d\u00ed? Zde je seznam nej\u010dast\u011bj\u0161\u00edch ot\u00e1zek, kter\u00e9 kladou rodi\u010de d\u011bt\u00ed...","og_url":"https:\/\/www.diagnostika-mysli.cz\/blog\/adhd\/seznam-nejcastejsich-dotazu-rodicu-deti-s-adhd\/","og_site_name":"Test Mysli","article_published_time":"2022-08-11T12:00:46+00:00","article_modified_time":"2023-12-15T16:37:54+00:00","og_image":[{"width":668,"height":374,"url":"https:\/\/www.diagnostika-mysli.cz\/blog\/wp-content\/uploads\/2022\/08\/5-1.png","type":"image\/png"}],"twitter_card":"summary_large_image","twitter_misc":{"Napsal(a)":"Test Mysli","Odhadovan\u00e1 doba \u010dten\u00ed":"9 minut"},"schema":{"@context":"https:\/\/schema.org","@graph":[{"@type":"WebSite","@id":"https:\/\/www.diagnostika-mysli.cz\/blog\/#website","url":"https:\/\/www.diagnostika-mysli.cz\/blog\/","name":"Test Mysli","description":"Blog o poruch\u00e1ch mysli","potentialAction":[{"@type":"SearchAction","target":{"@type":"EntryPoint","urlTemplate":"https:\/\/www.diagnostika-mysli.cz\/blog\/?s={search_term_string}"},"query-input":"required name=search_term_string"}],"inLanguage":"cs"},{"@type":"ImageObject","@id":"https:\/\/www.diagnostika-mysli.cz\/blog\/adhd\/seznam-nejcastejsich-dotazu-rodicu-deti-s-adhd\/#primaryimage","inLanguage":"cs","url":"https:\/\/www.diagnostika-mysli.cz\/blog\/wp-content\/uploads\/2022\/08\/5-1.png","contentUrl":"https:\/\/www.diagnostika-mysli.cz\/blog\/wp-content\/uploads\/2022\/08\/5-1.png","width":668,"height":374},{"@type":"WebPage","@id":"https:\/\/www.diagnostika-mysli.cz\/blog\/adhd\/seznam-nejcastejsich-dotazu-rodicu-deti-s-adhd\/#webpage","url":"https:\/\/www.diagnostika-mysli.cz\/blog\/adhd\/seznam-nejcastejsich-dotazu-rodicu-deti-s-adhd\/","name":"Seznam nej\u010dast\u011bj\u0161\u00edch dotaz\u016f rodi\u010d\u016f d\u011bt\u00ed s ADHD - Test Mysli","isPartOf":{"@id":"https:\/\/www.diagnostika-mysli.cz\/blog\/#website"},"primaryImageOfPage":{"@id":"https:\/\/www.diagnostika-mysli.cz\/blog\/adhd\/seznam-nejcastejsich-dotazu-rodicu-deti-s-adhd\/#primaryimage"},"datePublished":"2022-08-11T12:00:46+00:00","dateModified":"2023-12-15T16:37:54+00:00","author":{"@id":"https:\/\/www.diagnostika-mysli.cz\/blog\/#\/schema\/person\/8eb1bcaf59fea75c780c11946f4e3490"},"breadcrumb":{"@id":"https:\/\/www.diagnostika-mysli.cz\/blog\/adhd\/seznam-nejcastejsich-dotazu-rodicu-deti-s-adhd\/#breadcrumb"},"inLanguage":"cs","potentialAction":[{"@type":"ReadAction","target":["https:\/\/www.diagnostika-mysli.cz\/blog\/adhd\/seznam-nejcastejsich-dotazu-rodicu-deti-s-adhd\/"]}]},{"@type":"BreadcrumbList","@id":"https:\/\/www.diagnostika-mysli.cz\/blog\/adhd\/seznam-nejcastejsich-dotazu-rodicu-deti-s-adhd\/#breadcrumb","itemListElement":[{"@type":"ListItem","position":1,"name":"Blog","item":"https:\/\/www.diagnostika-mysli.cz\/blog\/"},{"@type":"ListItem","position":2,"name":"ADHD","item":"https:\/\/www.diagnostika-mysli.cz\/blog\/adhd\/"},{"@type":"ListItem","position":3,"name":"Seznam nej\u010dast\u011bj\u0161\u00edch dotaz\u016f rodi\u010d\u016f d\u011bt\u00ed s ADHD"}]},{"@type":"Person","@id":"https:\/\/www.diagnostika-mysli.cz\/blog\/#\/schema\/person\/8eb1bcaf59fea75c780c11946f4e3490","name":"Test Mysli","image":{"@type":"ImageObject","@id":"https:\/\/www.diagnostika-mysli.cz\/blog\/#personlogo","inLanguage":"cs","url":"https:\/\/secure.gravatar.com\/avatar\/6743211f010801ea26aa9423a2daab37?s=96&d=mm&r=g","contentUrl":"https:\/\/secure.gravatar.com\/avatar\/6743211f010801ea26aa9423a2daab37?s=96&d=mm&r=g","caption":"Test Mysli"},"sameAs":["https:\/\/www.diagnostika-mysli.cz\/blog"],"url":"https:\/\/www.diagnostika-mysli.cz\/blog\/author\/diagnostyka-umyslu\/"}]}},"amp_enabled":true,"_links":{"self":[{"href":"https:\/\/www.diagnostika-mysli.cz\/blog\/wp-json\/wp\/v2\/posts\/2440"}],"collection":[{"href":"https:\/\/www.diagnostika-mysli.cz\/blog\/wp-json\/wp\/v2\/posts"}],"about":[{"href":"https:\/\/www.diagnostika-mysli.cz\/blog\/wp-json\/wp\/v2\/types\/post"}],"author":[{"embeddable":true,"href":"https:\/\/www.diagnostika-mysli.cz\/blog\/wp-json\/wp\/v2\/users\/1"}],"replies":[{"embeddable":true,"href":"https:\/\/www.diagnostika-mysli.cz\/blog\/wp-json\/wp\/v2\/comments?post=2440"}],"version-history":[{"count":2,"href":"https:\/\/www.diagnostika-mysli.cz\/blog\/wp-json\/wp\/v2\/posts\/2440\/revisions"}],"predecessor-version":[{"id":2718,"href":"https:\/\/www.diagnostika-mysli.cz\/blog\/wp-json\/wp\/v2\/posts\/2440\/revisions\/2718"}],"wp:featuredmedia":[{"embeddable":true,"href":"https:\/\/www.diagnostika-mysli.cz\/blog\/wp-json\/wp\/v2\/media\/2441"}],"wp:attachment":[{"href":"https:\/\/www.diagnostika-mysli.cz\/blog\/wp-json\/wp\/v2\/media?parent=2440"}],"wp:term":[{"taxonomy":"category","embeddable":true,"href":"https:\/\/www.diagnostika-mysli.cz\/blog\/wp-json\/wp\/v2\/categories?post=2440"},{"taxonomy":"post_tag","embeddable":true,"href":"https:\/\/www.diagnostika-mysli.cz\/blog\/wp-json\/wp\/v2\/tags?post=2440"}],"curies":[{"name":"wp","href":"https:\/\/api.w.org\/{rel}","templated":true}]}}