{"id":2455,"date":"2022-08-13T02:00:16","date_gmt":"2022-08-13T06:00:16","guid":{"rendered":"https:\/\/www.diagnostika-mysli.cz\/blog\/?p=2455"},"modified":"2023-12-15T17:37:35","modified_gmt":"2023-12-15T16:37:35","slug":"vedci-adhd-ma-geneticky-zaklad","status":"publish","type":"post","link":"https:\/\/www.diagnostika-mysli.cz\/blog\/adhd\/vedci-adhd-ma-geneticky-zaklad\/","title":{"rendered":"V\u011bdci: ADHD m\u00e1 genetick\u00fd z\u00e1klad"},"content":{"rendered":"<p>Poprv\u00e9 se poda\u0159ilo prok\u00e1zat, \u017ee <a href=\"https:\/\/www.diagnostika-mysli.cz\/adhd-test\">ADHD<\/a> neboli porucha pozornosti s hyperaktivitou m\u00e1 genetick\u00fd z\u00e1klad, uv\u00e1d\u00ed t\u00fdden\u00edk Lancet. Podle autor\u016f \u010dl\u00e1nku to m\u016f\u017ee pomoci definitivn\u011b vyvr\u00e1tit m\u00fdtus, \u017ee ADHD je pouze d\u016fsledkem rodi\u010dovsk\u00fdch chyb. ADHD je b\u011b\u017en\u00e1 v\u00fdvojov\u00e1 porucha. Odhaduje se, \u017ee j\u00ed trp\u00ed 3-7 % d\u011bt\u00ed \u0161koln\u00edho v\u011bku. Projevuje se zanepr\u00e1zdn\u011bnost\u00ed a impulzivitou d\u00edt\u011bte, obt\u00ed\u017eemi se soust\u0159ed\u011bn\u00edm a n\u00e1chylnost\u00ed k rozpt\u00fdlen\u00ed. D\u011btem s ADHD zp\u016fsobuje mnoho probl\u00e9m\u016f doma i ve \u0161kole. Nen\u00ed to v\u0161ak zp\u016fsobeno jejich zlou v\u016fl\u00ed, ale obt\u00ed\u017eemi p\u0159i ovl\u00e1d\u00e1n\u00ed emoc\u00ed, chov\u00e1n\u00ed a impuls\u016f. Ve skute\u010dnosti t\u00edm samy hodn\u011b trp\u00ed &#8211; maj\u00ed probl\u00e9my ve \u0161kole, s vrstevn\u00edky, \u010dasto jsou neobl\u00edben\u00e9 a st\u00e1vaj\u00ed se ob\u011btn\u00edm ber\u00e1nkem ve t\u0159\u00edd\u011b. Kv\u016fli sv\u00e9 impulzivit\u011b jsou d\u011bti s ADHD tak\u00e9 \u010dast\u011bji \u00fa\u010dastn\u00edky dopravn\u00edch nehod, nebezpe\u010dn\u00e9ho chov\u00e1n\u00ed &#8211; nap\u0159\u00edklad zneu\u017e\u00edv\u00e1n\u00ed alkoholu nebo drog, nechr\u00e1n\u011bn\u00e9ho sexu, \u010dasto p\u0159ed\u010dasn\u011b ukon\u010duj\u00ed \u0161koln\u00ed doch\u00e1zku a v dosp\u00edv\u00e1n\u00ed a dosp\u011blosti maj\u00ed konflikty se z\u00e1konem. Po mnoho let byly d\u011bti s ADHD pova\u017eov\u00e1ny jednodu\u0161e za zlobiv\u00e9 a jejich chov\u00e1n\u00ed bylo p\u0159isuzov\u00e1no chyb\u00e1m rodi\u010d\u016f nebo m\u00e9n\u011b \u010dasto \u0161patn\u00e9 strav\u011b p\u0159\u00edli\u0161 bohat\u00e9 na snadno straviteln\u00e9 cukry. Tyto m\u00fdty ve spole\u010dnosti p\u0159etrv\u00e1vaj\u00ed dodnes a zt\u011b\u017euj\u00ed d\u011btem s touto poruchou z\u00edsk\u00e1n\u00ed podpory a pomoci ve \u0161kole nebo v b\u011b\u017en\u00e9m \u017eivot\u011b. P\u0159esto\u017ee ADHD nen\u00ed v sou\u010dasn\u00e9 dob\u011b l\u00e9\u010diteln\u00e1, pomoc\u00ed terapie zam\u011b\u0159en\u00e9 p\u0159edev\u0161\u00edm na rodi\u010de je mo\u017en\u00e9 pomoci d\u00edt\u011bti l\u00e9pe fungovat a naplnit jeho intelektu\u00e1ln\u00ed potenci\u00e1l. Relativn\u011b mal\u00fd po\u010det osob trp\u00edc\u00edch ADHD vy\u017eaduje farmakoterapii. V\u011bdci a l\u00e9ka\u0159i pracuj\u00edc\u00ed s d\u011btmi s touto poruchou ji\u017e d\u0159\u00edve vyslovili podez\u0159en\u00ed, \u017ee k n\u00ed mohou p\u0159isp\u00edvat genetick\u00e9 faktory. Je nap\u0159\u00edklad zn\u00e1mo, \u017ee d\u00edt\u011b rodi\u010de, kter\u00fd trp\u00ed ADHD, m\u00e1 v\u011bt\u0161\u00ed pravd\u011bpodobnost, \u017ee bude m\u00edt tuto poruchu, a pokud jedno z jednovaje\u010dn\u00fdch dvoj\u010dat (s t\u00e9m\u011b\u0159 identickou DNA) trp\u00ed ADHD, v 75 procentech p\u0159\u00edpad\u016f ji bude m\u00edt i druh\u00e9. V\u011bdci z Cardiffsk\u00e9 univerzity provedli genetickou anal\u00fdzu DNA 366 d\u011bt\u00ed s ADHD ve v\u011bku 5-17 let a 1 047 nep\u0159\u00edbuzn\u00fdch vrstevn\u00edk\u016f bez t\u00e9to poruchy. Zjistili, \u017ee u d\u011bt\u00ed s ADHD je v\u00fdrazn\u011b vy\u0161\u0161\u00ed pravd\u011bpodobnost, \u017ee jim budou chyb\u011bt nebo se duplikovat velk\u00e9 \u00faseky DNA, komentuje jeden z autor\u016f pr\u00e1ce Dr. Nigel Williams. Tyto zm\u011bny jsou zn\u00e1m\u00e9 jako varianty po\u010dtu kopi\u00ed fragment\u016f DNA (CNV) a jsou \u010dast\u011bj\u0161\u00ed u lid\u00ed s psychiatrick\u00fdmi poruchami nebo poruchami v\u00fdvoje mozku. Velk\u00e9, vz\u00e1cn\u00e9 CNV byly pozorov\u00e1ny v\u00fdrazn\u011b \u010dast\u011bji u d\u011bt\u00ed s ADHD, zejm\u00e9na u d\u011bt\u00ed s ment\u00e1ln\u00edm posti\u017een\u00edm. Mnoh\u00e9 z t\u011bchto zm\u011bn se nav\u00edc p\u0159ekr\u00fdvaly s CNV, kter\u00e9 byly d\u0159\u00edve spojov\u00e1ny se schizofreni\u00ed a autismem. To platilo zejm\u00e9na pro CNV na chromozomu 16, kter\u00e9 se t\u00fdkaj\u00ed v\u00edce gen\u016f, v\u010detn\u011b jednoho, kter\u00fd hraje d\u016fle\u017eitou roli ve v\u00fdvoji mozku. A\u010dkoli se m\u00e1 za to, \u017ee v\u0161echny tyto poruchy jsou na sob\u011b zcela nez\u00e1visl\u00e9, nejnov\u011bj\u0161\u00ed objev nazna\u010duje, \u017ee mohou m\u00edt \u010d\u00e1ste\u010dn\u011b spole\u010dn\u00fd biologick\u00fd z\u00e1klad. Jak vysv\u011btluje spoluautorka studie Dr. Kate Langeyov\u00e1, ADHD nen\u00ed zp\u016fsobena jedinou genetickou zm\u011bnou, ale sp\u00ed\u0161e v\u00edce zm\u011bnami &#8211; mimo jin\u00e9 CNV &#8211; kter\u00e9 interaguj\u00ed s dosud neidentifikovan\u00fdmi faktory prost\u0159ed\u00ed. Testov\u00e1n\u00ed d\u011bt\u00ed na velk\u00e9, vz\u00e1cn\u00e9 CNV nepom\u016f\u017ee diagnostikovat ADHD. V sou\u010dasn\u00e9 dob\u011b ji\u017e existuj\u00ed velmi p\u0159\u00edsn\u00e1 diagnostick\u00e1 krit\u00e9ria pro tuto poruchu, upozor\u0148uje v\u011bdec. Auto\u0159i \u010dl\u00e1nku se naopak domn\u00edvaj\u00ed, \u017ee jejich objev by m\u011bl vyvr\u00e1tit mnoho m\u00fdt\u016f o ADHD. Douf\u00e1me, \u017ee n\u00e1\u0161 objev pom\u016f\u017ee zm\u011bnit p\u0159\u00edstup k ADHD. Lid\u00e9 tuto poruchu p\u0159\u00edli\u0161 \u010dasto podce\u0148uj\u00ed a p\u0159isuzuj\u00ed ji chyb\u00e1m ve v\u00fdchov\u011b nebo \u0161patn\u00e9 strav\u011b. Mn\u011b bylo v\u017edy jasn\u00e9, \u017ee tomu tak nen\u00ed. Nyn\u00ed m\u016f\u017eeme s jistotou \u0159\u00edci, \u017ee ADHD je genetick\u00e1 porucha a \u017ee mozek d\u011bt\u00ed, kter\u00e9 j\u00ed trp\u00ed, se vyv\u00edj\u00ed jinak ne\u017e mozek jejich vrstevn\u00edk\u016f, komentuje vedouc\u00ed v\u00fdzkumu profesorka Anita Thapar. Na ADHD by se m\u011blo pohl\u00ed\u017eet sp\u00ed\u0161e jako na poruchu v\u00fdvoje mozku ne\u017e jako na poruchu chov\u00e1n\u00ed, uzav\u00edraj\u00ed v\u011bdci. Doufaj\u00ed, \u017ee jejich objev v budoucnu pom\u016f\u017ee l\u00e9pe pochopit biologickou podstatu ADHD a povede k v\u00fdvoji nov\u00fdch, \u00fa\u010dinn\u011bj\u0161\u00edch zp\u016fsob\u016f jej\u00ed l\u00e9\u010dby.<\/p>\n<hr \/>\n<p>Zdroj<\/p>\n<ul>\n<li><em>https:\/\/www.medonet.pl\/psyche\/psychologia,naukowcy&#8211;adhd-ma-podloze-genetyczne,artykul,1627208.html<\/em><\/li>\n<\/ul>\n","protected":false},"excerpt":{"rendered":"<p>Poprv\u00e9 se poda\u0159ilo prok\u00e1zat, \u017ee ADHD neboli porucha pozornosti s hyperaktivitou m\u00e1 genetick\u00fd z\u00e1klad, uv\u00e1d\u00ed t\u00fdden\u00edk Lancet. Podle autor\u016f \u010dl\u00e1nku to m\u016f\u017ee pomoci definitivn\u011b vyvr\u00e1tit&#8230;<\/p>\n","protected":false},"author":1,"featured_media":2456,"comment_status":"closed","ping_status":"open","sticky":false,"template":"","format":"standard","meta":{"inline_featured_image":false},"categories":[780],"tags":[],"yoast_head":"<!-- This site is optimized with the Yoast SEO plugin v18.1 - https:\/\/yoast.com\/wordpress\/plugins\/seo\/ -->\n<title>V\u011bdci: ADHD m\u00e1 genetick\u00fd z\u00e1klad - Test Mysli<\/title>\n<meta name=\"robots\" content=\"index, follow, max-snippet:-1, max-image-preview:large, max-video-preview:-1\" \/>\n<link rel=\"canonical\" href=\"https:\/\/www.diagnostika-mysli.cz\/blog\/adhd\/vedci-adhd-ma-geneticky-zaklad\/\" \/>\n<meta property=\"og:locale\" content=\"cs_CZ\" \/>\n<meta property=\"og:type\" content=\"article\" \/>\n<meta property=\"og:title\" content=\"V\u011bdci: ADHD m\u00e1 genetick\u00fd z\u00e1klad - Test Mysli\" \/>\n<meta property=\"og:description\" content=\"Poprv\u00e9 se poda\u0159ilo prok\u00e1zat, \u017ee ADHD neboli porucha pozornosti s hyperaktivitou m\u00e1 genetick\u00fd z\u00e1klad, uv\u00e1d\u00ed t\u00fdden\u00edk Lancet. Podle autor\u016f \u010dl\u00e1nku to m\u016f\u017ee pomoci definitivn\u011b vyvr\u00e1tit...\" \/>\n<meta property=\"og:url\" content=\"https:\/\/www.diagnostika-mysli.cz\/blog\/adhd\/vedci-adhd-ma-geneticky-zaklad\/\" \/>\n<meta property=\"og:site_name\" content=\"Test Mysli\" \/>\n<meta property=\"article:published_time\" content=\"2022-08-13T06:00:16+00:00\" \/>\n<meta property=\"article:modified_time\" content=\"2023-12-15T16:37:35+00:00\" \/>\n<meta property=\"og:image\" content=\"https:\/\/www.diagnostika-mysli.cz\/blog\/wp-content\/uploads\/2022\/08\/4-1.png\" \/>\n\t<meta property=\"og:image:width\" content=\"767\" \/>\n\t<meta property=\"og:image:height\" content=\"398\" \/>\n\t<meta property=\"og:image:type\" content=\"image\/png\" \/>\n<meta name=\"twitter:card\" content=\"summary_large_image\" \/>\n<meta name=\"twitter:label1\" content=\"Napsal(a)\" \/>\n\t<meta name=\"twitter:data1\" content=\"Test Mysli\" \/>\n\t<meta name=\"twitter:label2\" content=\"Odhadovan\u00e1 doba \u010dten\u00ed\" \/>\n\t<meta name=\"twitter:data2\" content=\"4 minuty\" \/>\n<script type=\"application\/ld+json\" class=\"yoast-schema-graph\">{\"@context\":\"https:\/\/schema.org\",\"@graph\":[{\"@type\":\"WebSite\",\"@id\":\"https:\/\/www.diagnostika-mysli.cz\/blog\/#website\",\"url\":\"https:\/\/www.diagnostika-mysli.cz\/blog\/\",\"name\":\"Test Mysli\",\"description\":\"Blog o poruch\u00e1ch mysli\",\"potentialAction\":[{\"@type\":\"SearchAction\",\"target\":{\"@type\":\"EntryPoint\",\"urlTemplate\":\"https:\/\/www.diagnostika-mysli.cz\/blog\/?s={search_term_string}\"},\"query-input\":\"required name=search_term_string\"}],\"inLanguage\":\"cs\"},{\"@type\":\"ImageObject\",\"@id\":\"https:\/\/www.diagnostika-mysli.cz\/blog\/adhd\/vedci-adhd-ma-geneticky-zaklad\/#primaryimage\",\"inLanguage\":\"cs\",\"url\":\"https:\/\/www.diagnostika-mysli.cz\/blog\/wp-content\/uploads\/2022\/08\/4-1.png\",\"contentUrl\":\"https:\/\/www.diagnostika-mysli.cz\/blog\/wp-content\/uploads\/2022\/08\/4-1.png\",\"width\":767,\"height\":398},{\"@type\":\"WebPage\",\"@id\":\"https:\/\/www.diagnostika-mysli.cz\/blog\/adhd\/vedci-adhd-ma-geneticky-zaklad\/#webpage\",\"url\":\"https:\/\/www.diagnostika-mysli.cz\/blog\/adhd\/vedci-adhd-ma-geneticky-zaklad\/\",\"name\":\"V\u011bdci: ADHD m\u00e1 genetick\u00fd z\u00e1klad - Test Mysli\",\"isPartOf\":{\"@id\":\"https:\/\/www.diagnostika-mysli.cz\/blog\/#website\"},\"primaryImageOfPage\":{\"@id\":\"https:\/\/www.diagnostika-mysli.cz\/blog\/adhd\/vedci-adhd-ma-geneticky-zaklad\/#primaryimage\"},\"datePublished\":\"2022-08-13T06:00:16+00:00\",\"dateModified\":\"2023-12-15T16:37:35+00:00\",\"author\":{\"@id\":\"https:\/\/www.diagnostika-mysli.cz\/blog\/#\/schema\/person\/8eb1bcaf59fea75c780c11946f4e3490\"},\"breadcrumb\":{\"@id\":\"https:\/\/www.diagnostika-mysli.cz\/blog\/adhd\/vedci-adhd-ma-geneticky-zaklad\/#breadcrumb\"},\"inLanguage\":\"cs\",\"potentialAction\":[{\"@type\":\"ReadAction\",\"target\":[\"https:\/\/www.diagnostika-mysli.cz\/blog\/adhd\/vedci-adhd-ma-geneticky-zaklad\/\"]}]},{\"@type\":\"BreadcrumbList\",\"@id\":\"https:\/\/www.diagnostika-mysli.cz\/blog\/adhd\/vedci-adhd-ma-geneticky-zaklad\/#breadcrumb\",\"itemListElement\":[{\"@type\":\"ListItem\",\"position\":1,\"name\":\"Blog\",\"item\":\"https:\/\/www.diagnostika-mysli.cz\/blog\/\"},{\"@type\":\"ListItem\",\"position\":2,\"name\":\"ADHD\",\"item\":\"https:\/\/www.diagnostika-mysli.cz\/blog\/adhd\/\"},{\"@type\":\"ListItem\",\"position\":3,\"name\":\"V\u011bdci: ADHD m\u00e1 genetick\u00fd z\u00e1klad\"}]},{\"@type\":\"Person\",\"@id\":\"https:\/\/www.diagnostika-mysli.cz\/blog\/#\/schema\/person\/8eb1bcaf59fea75c780c11946f4e3490\",\"name\":\"Test Mysli\",\"image\":{\"@type\":\"ImageObject\",\"@id\":\"https:\/\/www.diagnostika-mysli.cz\/blog\/#personlogo\",\"inLanguage\":\"cs\",\"url\":\"https:\/\/secure.gravatar.com\/avatar\/6743211f010801ea26aa9423a2daab37?s=96&d=mm&r=g\",\"contentUrl\":\"https:\/\/secure.gravatar.com\/avatar\/6743211f010801ea26aa9423a2daab37?s=96&d=mm&r=g\",\"caption\":\"Test Mysli\"},\"sameAs\":[\"https:\/\/www.diagnostika-mysli.cz\/blog\"],\"url\":\"https:\/\/www.diagnostika-mysli.cz\/blog\/author\/diagnostyka-umyslu\/\"}]}<\/script>\n<!-- \/ Yoast SEO plugin. -->","yoast_head_json":{"title":"V\u011bdci: ADHD m\u00e1 genetick\u00fd z\u00e1klad - Test Mysli","robots":{"index":"index","follow":"follow","max-snippet":"max-snippet:-1","max-image-preview":"max-image-preview:large","max-video-preview":"max-video-preview:-1"},"canonical":"https:\/\/www.diagnostika-mysli.cz\/blog\/adhd\/vedci-adhd-ma-geneticky-zaklad\/","og_locale":"cs_CZ","og_type":"article","og_title":"V\u011bdci: ADHD m\u00e1 genetick\u00fd z\u00e1klad - Test Mysli","og_description":"Poprv\u00e9 se poda\u0159ilo prok\u00e1zat, \u017ee ADHD neboli porucha pozornosti s hyperaktivitou m\u00e1 genetick\u00fd z\u00e1klad, uv\u00e1d\u00ed t\u00fdden\u00edk Lancet. Podle autor\u016f \u010dl\u00e1nku to m\u016f\u017ee pomoci definitivn\u011b vyvr\u00e1tit...","og_url":"https:\/\/www.diagnostika-mysli.cz\/blog\/adhd\/vedci-adhd-ma-geneticky-zaklad\/","og_site_name":"Test Mysli","article_published_time":"2022-08-13T06:00:16+00:00","article_modified_time":"2023-12-15T16:37:35+00:00","og_image":[{"width":767,"height":398,"url":"https:\/\/www.diagnostika-mysli.cz\/blog\/wp-content\/uploads\/2022\/08\/4-1.png","type":"image\/png"}],"twitter_card":"summary_large_image","twitter_misc":{"Napsal(a)":"Test Mysli","Odhadovan\u00e1 doba \u010dten\u00ed":"4 minuty"},"schema":{"@context":"https:\/\/schema.org","@graph":[{"@type":"WebSite","@id":"https:\/\/www.diagnostika-mysli.cz\/blog\/#website","url":"https:\/\/www.diagnostika-mysli.cz\/blog\/","name":"Test Mysli","description":"Blog o poruch\u00e1ch mysli","potentialAction":[{"@type":"SearchAction","target":{"@type":"EntryPoint","urlTemplate":"https:\/\/www.diagnostika-mysli.cz\/blog\/?s={search_term_string}"},"query-input":"required name=search_term_string"}],"inLanguage":"cs"},{"@type":"ImageObject","@id":"https:\/\/www.diagnostika-mysli.cz\/blog\/adhd\/vedci-adhd-ma-geneticky-zaklad\/#primaryimage","inLanguage":"cs","url":"https:\/\/www.diagnostika-mysli.cz\/blog\/wp-content\/uploads\/2022\/08\/4-1.png","contentUrl":"https:\/\/www.diagnostika-mysli.cz\/blog\/wp-content\/uploads\/2022\/08\/4-1.png","width":767,"height":398},{"@type":"WebPage","@id":"https:\/\/www.diagnostika-mysli.cz\/blog\/adhd\/vedci-adhd-ma-geneticky-zaklad\/#webpage","url":"https:\/\/www.diagnostika-mysli.cz\/blog\/adhd\/vedci-adhd-ma-geneticky-zaklad\/","name":"V\u011bdci: ADHD m\u00e1 genetick\u00fd z\u00e1klad - Test Mysli","isPartOf":{"@id":"https:\/\/www.diagnostika-mysli.cz\/blog\/#website"},"primaryImageOfPage":{"@id":"https:\/\/www.diagnostika-mysli.cz\/blog\/adhd\/vedci-adhd-ma-geneticky-zaklad\/#primaryimage"},"datePublished":"2022-08-13T06:00:16+00:00","dateModified":"2023-12-15T16:37:35+00:00","author":{"@id":"https:\/\/www.diagnostika-mysli.cz\/blog\/#\/schema\/person\/8eb1bcaf59fea75c780c11946f4e3490"},"breadcrumb":{"@id":"https:\/\/www.diagnostika-mysli.cz\/blog\/adhd\/vedci-adhd-ma-geneticky-zaklad\/#breadcrumb"},"inLanguage":"cs","potentialAction":[{"@type":"ReadAction","target":["https:\/\/www.diagnostika-mysli.cz\/blog\/adhd\/vedci-adhd-ma-geneticky-zaklad\/"]}]},{"@type":"BreadcrumbList","@id":"https:\/\/www.diagnostika-mysli.cz\/blog\/adhd\/vedci-adhd-ma-geneticky-zaklad\/#breadcrumb","itemListElement":[{"@type":"ListItem","position":1,"name":"Blog","item":"https:\/\/www.diagnostika-mysli.cz\/blog\/"},{"@type":"ListItem","position":2,"name":"ADHD","item":"https:\/\/www.diagnostika-mysli.cz\/blog\/adhd\/"},{"@type":"ListItem","position":3,"name":"V\u011bdci: ADHD m\u00e1 genetick\u00fd z\u00e1klad"}]},{"@type":"Person","@id":"https:\/\/www.diagnostika-mysli.cz\/blog\/#\/schema\/person\/8eb1bcaf59fea75c780c11946f4e3490","name":"Test Mysli","image":{"@type":"ImageObject","@id":"https:\/\/www.diagnostika-mysli.cz\/blog\/#personlogo","inLanguage":"cs","url":"https:\/\/secure.gravatar.com\/avatar\/6743211f010801ea26aa9423a2daab37?s=96&d=mm&r=g","contentUrl":"https:\/\/secure.gravatar.com\/avatar\/6743211f010801ea26aa9423a2daab37?s=96&d=mm&r=g","caption":"Test Mysli"},"sameAs":["https:\/\/www.diagnostika-mysli.cz\/blog"],"url":"https:\/\/www.diagnostika-mysli.cz\/blog\/author\/diagnostyka-umyslu\/"}]}},"amp_enabled":true,"_links":{"self":[{"href":"https:\/\/www.diagnostika-mysli.cz\/blog\/wp-json\/wp\/v2\/posts\/2455"}],"collection":[{"href":"https:\/\/www.diagnostika-mysli.cz\/blog\/wp-json\/wp\/v2\/posts"}],"about":[{"href":"https:\/\/www.diagnostika-mysli.cz\/blog\/wp-json\/wp\/v2\/types\/post"}],"author":[{"embeddable":true,"href":"https:\/\/www.diagnostika-mysli.cz\/blog\/wp-json\/wp\/v2\/users\/1"}],"replies":[{"embeddable":true,"href":"https:\/\/www.diagnostika-mysli.cz\/blog\/wp-json\/wp\/v2\/comments?post=2455"}],"version-history":[{"count":2,"href":"https:\/\/www.diagnostika-mysli.cz\/blog\/wp-json\/wp\/v2\/posts\/2455\/revisions"}],"predecessor-version":[{"id":2716,"href":"https:\/\/www.diagnostika-mysli.cz\/blog\/wp-json\/wp\/v2\/posts\/2455\/revisions\/2716"}],"wp:featuredmedia":[{"embeddable":true,"href":"https:\/\/www.diagnostika-mysli.cz\/blog\/wp-json\/wp\/v2\/media\/2456"}],"wp:attachment":[{"href":"https:\/\/www.diagnostika-mysli.cz\/blog\/wp-json\/wp\/v2\/media?parent=2455"}],"wp:term":[{"taxonomy":"category","embeddable":true,"href":"https:\/\/www.diagnostika-mysli.cz\/blog\/wp-json\/wp\/v2\/categories?post=2455"},{"taxonomy":"post_tag","embeddable":true,"href":"https:\/\/www.diagnostika-mysli.cz\/blog\/wp-json\/wp\/v2\/tags?post=2455"}],"curies":[{"name":"wp","href":"https:\/\/api.w.org\/{rel}","templated":true}]}}