{"id":2470,"date":"2022-08-18T02:00:49","date_gmt":"2022-08-18T06:00:49","guid":{"rendered":"https:\/\/www.diagnostika-mysli.cz\/blog\/?p=2470"},"modified":"2023-12-15T17:35:01","modified_gmt":"2023-12-15T16:35:01","slug":"nejasna-souvislost-mezi-adhd-alergii-a-astmatemallergy-and-asthma","status":"publish","type":"post","link":"https:\/\/www.diagnostika-mysli.cz\/blog\/adhd\/nejasna-souvislost-mezi-adhd-alergii-a-astmatemallergy-and-asthma\/","title":{"rendered":"Nejasn\u00e1 souvislost mezi ADHD, alergi\u00ed a astmatem"},"content":{"rendered":"<p>V USA nar\u016fst\u00e1 po\u010det d\u011bt\u00ed, u nich\u017e je sou\u010dasn\u011b diagnostikov\u00e1no astma, <a href=\"https:\/\/www.diagnostika-mysli.cz\/adhd-test\">alergie a ADHD<\/a>. V\u00fdzkum nazna\u010duje souvislost mezi t\u011bmito onemocn\u011bn\u00edmi, uv\u00e1d\u00ed p\u0159ehled \u010dasopisu Annals of Allergy, Asthma &amp; Immunology. ADHD je porucha, kter\u00e1 je \u010dast\u011bj\u0161\u00ed u chlapc\u016f, stejn\u011b jako astma. &#8216;Pozorovali jsme, \u017ee existuje zv\u00fd\u0161en\u00e9 riziko vzniku <strong>ADHD<\/strong> u chlapc\u016f s astmatem v anamn\u00e9ze a v je\u0161t\u011b v\u011bt\u0161\u00ed m\u00ed\u0159e s intoleranc\u00ed lakt\u00f3zy,&#8217; \u0159\u00edk\u00e1 autor studie Eelko Hak z univerzity v Groningenu. Nizozemsko-americk\u00fd t\u00fdm v\u011bdc\u016f analyzoval \u00fadaje o 884 chlapc\u00edch s ADHD a 3536 chlapc\u00edch bez t\u00e9to poruchy. V prvn\u00ed skupin\u011b trp\u011blo 34 % d\u011bt\u00ed astmatem a 35 % alergiemi. V\u011bdci p\u0159edpokl\u00e1daj\u00ed, \u017ee zv\u00fd\u0161en\u00e9 riziko ADHD m\u016f\u017ee souviset s \u00fa\u010dinky l\u00e9k\u016f na astma. Alergie a astma jsou \u010dasto d\u011bdi\u010dn\u00e9. Pokud jsou rodi\u010de alergici, je pravd\u011bpodobnost, \u017ee d\u00edt\u011b bude tak\u00e9 trp\u011bt alergi\u00ed, 75 procent. Odhaduje se, \u017ee 60 a\u017e 80 procent d\u011bt\u00ed s astmatem m\u00e1 alergii. Z\u00e1v\u011brem v\u0161ak v\u011bdci uv\u00e1d\u011bj\u00ed, \u017ee bli\u017e\u0161\u00ed pozn\u00e1n\u00ed vztahu mezi ADHD a astmatem a alergi\u00ed vy\u017eaduje rozs\u00e1hlej\u0161\u00ed v\u00fdzkum. (PAP)<\/p>\n<hr \/>\n<p>Zdroj<\/p>\n<ul>\n<li><em>https:\/\/www.medonet.pl\/zdrowie\/wiadomosci,niejasny-zwiazek-pomiedzy-adhd&#8211;alergia-i-astma,artykul,1687441.html<\/em><\/li>\n<\/ul>\n","protected":false},"excerpt":{"rendered":"<p>V USA nar\u016fst\u00e1 po\u010det d\u011bt\u00ed, u nich\u017e je sou\u010dasn\u011b diagnostikov\u00e1no astma, alergie a ADHD. V\u00fdzkum nazna\u010duje souvislost mezi t\u011bmito onemocn\u011bn\u00edmi, uv\u00e1d\u00ed p\u0159ehled \u010dasopisu Annals of&#8230;<\/p>\n","protected":false},"author":1,"featured_media":2471,"comment_status":"closed","ping_status":"open","sticky":false,"template":"","format":"standard","meta":{"inline_featured_image":false},"categories":[780],"tags":[],"yoast_head":"<!-- This site is optimized with the Yoast SEO plugin v18.1 - https:\/\/yoast.com\/wordpress\/plugins\/seo\/ -->\n<title>Nejasn\u00e1 souvislost mezi ADHD, alergi\u00ed a astmatem - Test Mysli<\/title>\n<meta name=\"robots\" content=\"index, follow, max-snippet:-1, max-image-preview:large, max-video-preview:-1\" \/>\n<link rel=\"canonical\" href=\"https:\/\/www.diagnostika-mysli.cz\/blog\/adhd\/nejasna-souvislost-mezi-adhd-alergii-a-astmatemallergy-and-asthma\/\" \/>\n<meta property=\"og:locale\" content=\"cs_CZ\" \/>\n<meta property=\"og:type\" content=\"article\" \/>\n<meta property=\"og:title\" content=\"Nejasn\u00e1 souvislost mezi ADHD, alergi\u00ed a astmatem - Test Mysli\" \/>\n<meta property=\"og:description\" content=\"V USA nar\u016fst\u00e1 po\u010det d\u011bt\u00ed, u nich\u017e je sou\u010dasn\u011b diagnostikov\u00e1no astma, alergie a ADHD. V\u00fdzkum nazna\u010duje souvislost mezi t\u011bmito onemocn\u011bn\u00edmi, uv\u00e1d\u00ed p\u0159ehled \u010dasopisu Annals of...\" \/>\n<meta property=\"og:url\" content=\"https:\/\/www.diagnostika-mysli.cz\/blog\/adhd\/nejasna-souvislost-mezi-adhd-alergii-a-astmatemallergy-and-asthma\/\" \/>\n<meta property=\"og:site_name\" content=\"Test Mysli\" \/>\n<meta property=\"article:published_time\" content=\"2022-08-18T06:00:49+00:00\" \/>\n<meta property=\"article:modified_time\" content=\"2023-12-15T16:35:01+00:00\" \/>\n<meta property=\"og:image\" content=\"https:\/\/www.diagnostika-mysli.cz\/blog\/wp-content\/uploads\/2022\/08\/9.png\" \/>\n\t<meta property=\"og:image:width\" content=\"767\" \/>\n\t<meta property=\"og:image:height\" content=\"398\" \/>\n\t<meta property=\"og:image:type\" content=\"image\/png\" \/>\n<meta name=\"twitter:card\" content=\"summary_large_image\" \/>\n<meta name=\"twitter:label1\" content=\"Napsal(a)\" \/>\n\t<meta name=\"twitter:data1\" content=\"Test Mysli\" \/>\n\t<meta name=\"twitter:label2\" content=\"Odhadovan\u00e1 doba \u010dten\u00ed\" \/>\n\t<meta name=\"twitter:data2\" content=\"1 minuta\" \/>\n<script type=\"application\/ld+json\" class=\"yoast-schema-graph\">{\"@context\":\"https:\/\/schema.org\",\"@graph\":[{\"@type\":\"WebSite\",\"@id\":\"https:\/\/www.diagnostika-mysli.cz\/blog\/#website\",\"url\":\"https:\/\/www.diagnostika-mysli.cz\/blog\/\",\"name\":\"Test Mysli\",\"description\":\"Blog o poruch\u00e1ch mysli\",\"potentialAction\":[{\"@type\":\"SearchAction\",\"target\":{\"@type\":\"EntryPoint\",\"urlTemplate\":\"https:\/\/www.diagnostika-mysli.cz\/blog\/?s={search_term_string}\"},\"query-input\":\"required name=search_term_string\"}],\"inLanguage\":\"cs\"},{\"@type\":\"ImageObject\",\"@id\":\"https:\/\/www.diagnostika-mysli.cz\/blog\/adhd\/nejasna-souvislost-mezi-adhd-alergii-a-astmatemallergy-and-asthma\/#primaryimage\",\"inLanguage\":\"cs\",\"url\":\"https:\/\/www.diagnostika-mysli.cz\/blog\/wp-content\/uploads\/2022\/08\/9.png\",\"contentUrl\":\"https:\/\/www.diagnostika-mysli.cz\/blog\/wp-content\/uploads\/2022\/08\/9.png\",\"width\":767,\"height\":398},{\"@type\":\"WebPage\",\"@id\":\"https:\/\/www.diagnostika-mysli.cz\/blog\/adhd\/nejasna-souvislost-mezi-adhd-alergii-a-astmatemallergy-and-asthma\/#webpage\",\"url\":\"https:\/\/www.diagnostika-mysli.cz\/blog\/adhd\/nejasna-souvislost-mezi-adhd-alergii-a-astmatemallergy-and-asthma\/\",\"name\":\"Nejasn\u00e1 souvislost mezi ADHD, alergi\u00ed a astmatem - Test Mysli\",\"isPartOf\":{\"@id\":\"https:\/\/www.diagnostika-mysli.cz\/blog\/#website\"},\"primaryImageOfPage\":{\"@id\":\"https:\/\/www.diagnostika-mysli.cz\/blog\/adhd\/nejasna-souvislost-mezi-adhd-alergii-a-astmatemallergy-and-asthma\/#primaryimage\"},\"datePublished\":\"2022-08-18T06:00:49+00:00\",\"dateModified\":\"2023-12-15T16:35:01+00:00\",\"author\":{\"@id\":\"https:\/\/www.diagnostika-mysli.cz\/blog\/#\/schema\/person\/8eb1bcaf59fea75c780c11946f4e3490\"},\"breadcrumb\":{\"@id\":\"https:\/\/www.diagnostika-mysli.cz\/blog\/adhd\/nejasna-souvislost-mezi-adhd-alergii-a-astmatemallergy-and-asthma\/#breadcrumb\"},\"inLanguage\":\"cs\",\"potentialAction\":[{\"@type\":\"ReadAction\",\"target\":[\"https:\/\/www.diagnostika-mysli.cz\/blog\/adhd\/nejasna-souvislost-mezi-adhd-alergii-a-astmatemallergy-and-asthma\/\"]}]},{\"@type\":\"BreadcrumbList\",\"@id\":\"https:\/\/www.diagnostika-mysli.cz\/blog\/adhd\/nejasna-souvislost-mezi-adhd-alergii-a-astmatemallergy-and-asthma\/#breadcrumb\",\"itemListElement\":[{\"@type\":\"ListItem\",\"position\":1,\"name\":\"Blog\",\"item\":\"https:\/\/www.diagnostika-mysli.cz\/blog\/\"},{\"@type\":\"ListItem\",\"position\":2,\"name\":\"ADHD\",\"item\":\"https:\/\/www.diagnostika-mysli.cz\/blog\/adhd\/\"},{\"@type\":\"ListItem\",\"position\":3,\"name\":\"Nejasn\u00e1 souvislost mezi ADHD, alergi\u00ed a astmatem\"}]},{\"@type\":\"Person\",\"@id\":\"https:\/\/www.diagnostika-mysli.cz\/blog\/#\/schema\/person\/8eb1bcaf59fea75c780c11946f4e3490\",\"name\":\"Test Mysli\",\"image\":{\"@type\":\"ImageObject\",\"@id\":\"https:\/\/www.diagnostika-mysli.cz\/blog\/#personlogo\",\"inLanguage\":\"cs\",\"url\":\"https:\/\/secure.gravatar.com\/avatar\/6743211f010801ea26aa9423a2daab37?s=96&d=mm&r=g\",\"contentUrl\":\"https:\/\/secure.gravatar.com\/avatar\/6743211f010801ea26aa9423a2daab37?s=96&d=mm&r=g\",\"caption\":\"Test Mysli\"},\"sameAs\":[\"https:\/\/www.diagnostika-mysli.cz\/blog\"],\"url\":\"https:\/\/www.diagnostika-mysli.cz\/blog\/author\/diagnostyka-umyslu\/\"}]}<\/script>\n<!-- \/ Yoast SEO plugin. -->","yoast_head_json":{"title":"Nejasn\u00e1 souvislost mezi ADHD, alergi\u00ed a astmatem - Test Mysli","robots":{"index":"index","follow":"follow","max-snippet":"max-snippet:-1","max-image-preview":"max-image-preview:large","max-video-preview":"max-video-preview:-1"},"canonical":"https:\/\/www.diagnostika-mysli.cz\/blog\/adhd\/nejasna-souvislost-mezi-adhd-alergii-a-astmatemallergy-and-asthma\/","og_locale":"cs_CZ","og_type":"article","og_title":"Nejasn\u00e1 souvislost mezi ADHD, alergi\u00ed a astmatem - Test Mysli","og_description":"V USA nar\u016fst\u00e1 po\u010det d\u011bt\u00ed, u nich\u017e je sou\u010dasn\u011b diagnostikov\u00e1no astma, alergie a ADHD. V\u00fdzkum nazna\u010duje souvislost mezi t\u011bmito onemocn\u011bn\u00edmi, uv\u00e1d\u00ed p\u0159ehled \u010dasopisu Annals of...","og_url":"https:\/\/www.diagnostika-mysli.cz\/blog\/adhd\/nejasna-souvislost-mezi-adhd-alergii-a-astmatemallergy-and-asthma\/","og_site_name":"Test Mysli","article_published_time":"2022-08-18T06:00:49+00:00","article_modified_time":"2023-12-15T16:35:01+00:00","og_image":[{"width":767,"height":398,"url":"https:\/\/www.diagnostika-mysli.cz\/blog\/wp-content\/uploads\/2022\/08\/9.png","type":"image\/png"}],"twitter_card":"summary_large_image","twitter_misc":{"Napsal(a)":"Test Mysli","Odhadovan\u00e1 doba \u010dten\u00ed":"1 minuta"},"schema":{"@context":"https:\/\/schema.org","@graph":[{"@type":"WebSite","@id":"https:\/\/www.diagnostika-mysli.cz\/blog\/#website","url":"https:\/\/www.diagnostika-mysli.cz\/blog\/","name":"Test Mysli","description":"Blog o poruch\u00e1ch mysli","potentialAction":[{"@type":"SearchAction","target":{"@type":"EntryPoint","urlTemplate":"https:\/\/www.diagnostika-mysli.cz\/blog\/?s={search_term_string}"},"query-input":"required name=search_term_string"}],"inLanguage":"cs"},{"@type":"ImageObject","@id":"https:\/\/www.diagnostika-mysli.cz\/blog\/adhd\/nejasna-souvislost-mezi-adhd-alergii-a-astmatemallergy-and-asthma\/#primaryimage","inLanguage":"cs","url":"https:\/\/www.diagnostika-mysli.cz\/blog\/wp-content\/uploads\/2022\/08\/9.png","contentUrl":"https:\/\/www.diagnostika-mysli.cz\/blog\/wp-content\/uploads\/2022\/08\/9.png","width":767,"height":398},{"@type":"WebPage","@id":"https:\/\/www.diagnostika-mysli.cz\/blog\/adhd\/nejasna-souvislost-mezi-adhd-alergii-a-astmatemallergy-and-asthma\/#webpage","url":"https:\/\/www.diagnostika-mysli.cz\/blog\/adhd\/nejasna-souvislost-mezi-adhd-alergii-a-astmatemallergy-and-asthma\/","name":"Nejasn\u00e1 souvislost mezi ADHD, alergi\u00ed a astmatem - Test Mysli","isPartOf":{"@id":"https:\/\/www.diagnostika-mysli.cz\/blog\/#website"},"primaryImageOfPage":{"@id":"https:\/\/www.diagnostika-mysli.cz\/blog\/adhd\/nejasna-souvislost-mezi-adhd-alergii-a-astmatemallergy-and-asthma\/#primaryimage"},"datePublished":"2022-08-18T06:00:49+00:00","dateModified":"2023-12-15T16:35:01+00:00","author":{"@id":"https:\/\/www.diagnostika-mysli.cz\/blog\/#\/schema\/person\/8eb1bcaf59fea75c780c11946f4e3490"},"breadcrumb":{"@id":"https:\/\/www.diagnostika-mysli.cz\/blog\/adhd\/nejasna-souvislost-mezi-adhd-alergii-a-astmatemallergy-and-asthma\/#breadcrumb"},"inLanguage":"cs","potentialAction":[{"@type":"ReadAction","target":["https:\/\/www.diagnostika-mysli.cz\/blog\/adhd\/nejasna-souvislost-mezi-adhd-alergii-a-astmatemallergy-and-asthma\/"]}]},{"@type":"BreadcrumbList","@id":"https:\/\/www.diagnostika-mysli.cz\/blog\/adhd\/nejasna-souvislost-mezi-adhd-alergii-a-astmatemallergy-and-asthma\/#breadcrumb","itemListElement":[{"@type":"ListItem","position":1,"name":"Blog","item":"https:\/\/www.diagnostika-mysli.cz\/blog\/"},{"@type":"ListItem","position":2,"name":"ADHD","item":"https:\/\/www.diagnostika-mysli.cz\/blog\/adhd\/"},{"@type":"ListItem","position":3,"name":"Nejasn\u00e1 souvislost mezi ADHD, alergi\u00ed a astmatem"}]},{"@type":"Person","@id":"https:\/\/www.diagnostika-mysli.cz\/blog\/#\/schema\/person\/8eb1bcaf59fea75c780c11946f4e3490","name":"Test Mysli","image":{"@type":"ImageObject","@id":"https:\/\/www.diagnostika-mysli.cz\/blog\/#personlogo","inLanguage":"cs","url":"https:\/\/secure.gravatar.com\/avatar\/6743211f010801ea26aa9423a2daab37?s=96&d=mm&r=g","contentUrl":"https:\/\/secure.gravatar.com\/avatar\/6743211f010801ea26aa9423a2daab37?s=96&d=mm&r=g","caption":"Test Mysli"},"sameAs":["https:\/\/www.diagnostika-mysli.cz\/blog"],"url":"https:\/\/www.diagnostika-mysli.cz\/blog\/author\/diagnostyka-umyslu\/"}]}},"amp_enabled":true,"_links":{"self":[{"href":"https:\/\/www.diagnostika-mysli.cz\/blog\/wp-json\/wp\/v2\/posts\/2470"}],"collection":[{"href":"https:\/\/www.diagnostika-mysli.cz\/blog\/wp-json\/wp\/v2\/posts"}],"about":[{"href":"https:\/\/www.diagnostika-mysli.cz\/blog\/wp-json\/wp\/v2\/types\/post"}],"author":[{"embeddable":true,"href":"https:\/\/www.diagnostika-mysli.cz\/blog\/wp-json\/wp\/v2\/users\/1"}],"replies":[{"embeddable":true,"href":"https:\/\/www.diagnostika-mysli.cz\/blog\/wp-json\/wp\/v2\/comments?post=2470"}],"version-history":[{"count":2,"href":"https:\/\/www.diagnostika-mysli.cz\/blog\/wp-json\/wp\/v2\/posts\/2470\/revisions"}],"predecessor-version":[{"id":2711,"href":"https:\/\/www.diagnostika-mysli.cz\/blog\/wp-json\/wp\/v2\/posts\/2470\/revisions\/2711"}],"wp:featuredmedia":[{"embeddable":true,"href":"https:\/\/www.diagnostika-mysli.cz\/blog\/wp-json\/wp\/v2\/media\/2471"}],"wp:attachment":[{"href":"https:\/\/www.diagnostika-mysli.cz\/blog\/wp-json\/wp\/v2\/media?parent=2470"}],"wp:term":[{"taxonomy":"category","embeddable":true,"href":"https:\/\/www.diagnostika-mysli.cz\/blog\/wp-json\/wp\/v2\/categories?post=2470"},{"taxonomy":"post_tag","embeddable":true,"href":"https:\/\/www.diagnostika-mysli.cz\/blog\/wp-json\/wp\/v2\/tags?post=2470"}],"curies":[{"name":"wp","href":"https:\/\/api.w.org\/{rel}","templated":true}]}}