{"id":2476,"date":"2022-08-20T02:00:03","date_gmt":"2022-08-20T06:00:03","guid":{"rendered":"https:\/\/www.diagnostika-mysli.cz\/blog\/?p=2476"},"modified":"2023-12-15T17:34:41","modified_gmt":"2023-12-15T16:34:41","slug":"odbornici-nelecena-adhd-zvysuje-u-deti-riziko-deprese","status":"publish","type":"post","link":"https:\/\/www.diagnostika-mysli.cz\/blog\/adhd\/odbornici-nelecena-adhd-zvysuje-u-deti-riziko-deprese\/","title":{"rendered":"Odborn\u00edci: nel\u00e9\u010den\u00e1 ADHD zvy\u0161uje u d\u011bt\u00ed riziko deprese"},"content":{"rendered":"<blockquote><p>D\u011bti s ADHD neboli poruchou pozornosti s hyperaktivitou trp\u00ed \u010dast\u011bji ne\u017e jejich vrstevn\u00edci depresemi a dal\u0161\u00edmi psychick\u00fdmi probl\u00e9my. Proto odborn\u00edci z programu D\u00edt\u011b a sv\u011bt za z\u00e1dy apeluj\u00ed, aby se tato porucha nepodce\u0148ovala.<\/p><\/blockquote>\n<p>V r\u00e1mci t\u00e9to kampan\u011b byla v b\u0159eznu zah\u00e1jena druh\u00e1 s\u00e9rie \u0161kolen\u00ed pro pedagogy a \u0161koln\u00ed psychology z cel\u00e9ho Polska s n\u00e1zvem Jak rozpoznat d\u00edt\u011b s <strong>ADHD<\/strong> a pomoci mu. Lekto\u0159i v nich zd\u016fraz\u0148uj\u00ed, \u017ee <a href=\"https:\/\/www.diagnostika-mysli.cz\/adhd-test\">d\u011bti s ADHD<\/a> nejsou jen zlobiv\u00e9, ale skute\u010dn\u011b maj\u00ed probl\u00e9my s kontrolou impulz\u016f, emoc\u00ed a chov\u00e1n\u00edm. Je to proto, \u017ee se u nich pomaleji vyv\u00edj\u00ed \u010d\u00e1st mozku zodpov\u011bdn\u00e1 za potla\u010dov\u00e1n\u00ed zbyte\u010dn\u00fdch podn\u011bt\u016f. Proto u nich pozorujeme t\u0159i typy p\u0159\u00edznak\u016f: zhor\u0161enou koncentraci, hyperaktivitu a nadm\u011brnou impulzivitu. To n\u00e1sledn\u011b vede k tomu, \u017ee se jim h\u016f\u0159e da\u0159\u00ed ve \u0161kole, jsou odm\u00edt\u00e1ny sv\u00fdmi vrstevn\u00edky a neobl\u00edbeny dosp\u011bl\u00fdmi. D\u011bti s ADHD toto v\u0161echno vid\u00ed a nedok\u00e1\u017eou se s t\u011bmito probl\u00e9my vyrovnat. Odtud pramen\u00ed jejich n\u00edzk\u00e9 sebev\u011bdom\u00ed, poruchy n\u00e1lady a deprese,&#8221; vysv\u011btlil PAP d\u011btsk\u00fd psychiatr Dr. Artur Ko\u0142akowski, autor workshopu po\u0159\u00e1dan\u00e9ho v r\u00e1mci kampan\u011b D\u00edt\u011b a sv\u011bt v z\u00e1kulis\u00ed. Probl\u00e9mem je, \u017ee deprese u d\u011bt\u00ed na sebe \u010dasto bere r\u016fzn\u00e9 masky, tak\u017ee je snadn\u00e9 ji p\u0159ehl\u00e9dnout. N\u011bkter\u00fdm d\u011btem se nechce nic d\u011blat a neust\u00e1le sed\u00ed u po\u010d\u00edta\u010de, a proto jsou pova\u017eov\u00e1ny za l\u00edn\u00e9. Jin\u00e9 mohou b\u00fdt podr\u00e1\u017ed\u011bn\u00e9 a na v\u0161echno reagovat vztekem. U d\u011bt\u00ed s ADHD to m\u016f\u017ee b\u00fdt interpretov\u00e1no jako zv\u00fd\u0161en\u00e9 zloben\u00ed. Teprve kdy\u017e s mal\u00fdm pacientem za\u010dneme mluvit, vyjde najevo, \u017ee se \u0161patn\u011b hodnot\u00ed, nem\u00e1 s\u00edlu vst\u00e1t z postele, mysl\u00ed si, \u017ee \u017eivot nestoj\u00ed za to, aby \u017eil, a n\u011bkdy m\u00e1 dokonce sebevra\u017eedn\u00e9 my\u0161lenky, vysv\u011btlil doktor Kolakowski. U d\u011bt\u00ed s ADHD se komplikace v podob\u011b deprese nej\u010dast\u011bji objevuje v pubert\u011b, ale na rozd\u00edl od sv\u00fdch vrstevn\u00edk\u016f d\u011bti s touto poruchou z deprese \u010dasto nevyrostou. Nedostatek motivace, \u0161patn\u00e9 sebehodnocen\u00ed a nedostatek sebed\u016fv\u011bry v \u00fasp\u011bch je mohou prov\u00e1zet po cel\u00fd \u017eivot. Proto se sna\u017e\u00edme diagnostikovat ADHD co nejd\u0159\u00edve, ji\u017e v 1.-3. t\u0159\u00edd\u011b, kdy m\u016f\u017eeme spr\u00e1vnou terapi\u00ed t\u011bmto a dal\u0161\u00edm komplikac\u00edm p\u0159edej\u00edt, \u0159ekl Kolakowski. Pacienti s touto poruchou jsou tak\u00e9 v\u00edce ohro\u017eeni z\u00e1vislostmi v pozd\u011bj\u0161\u00edm v\u011bku, \u010dast\u011bji dokon\u010duj\u00ed vzd\u011bl\u00e1n\u00ed na ni\u017e\u0161\u00ed \u00farovni, ne\u017e je jejich potenci\u00e1l, maj\u00ed probl\u00e9my v bl\u00edzk\u00fdch vztaz\u00edch a konflikty se z\u00e1konem. Jak psychiatr upozornil, velmi d\u016fle\u017eitou roli p\u0159i diagnostice ADHD hraj\u00ed nejen rodi\u010de, ale tak\u00e9 u\u010ditel\u00e9 a \u0161koln\u00ed vychovatel\u00e9. Pokud se d\u00edt\u011b nedok\u00e1\u017ee soust\u0159edit na \u010dinnost, kterou d\u011bl\u00e1, nerozum\u00ed slo\u017eit\u00fdm pokyn\u016fm, notoricky si nep\u00ed\u0161e dom\u00e1c\u00ed \u00fakoly, reaguje na ka\u017ed\u00fd podn\u011bt, nerozli\u0161uje mezi m\u00e9n\u011b d\u016fle\u017eit\u00fdm a d\u016fle\u017eit\u00fdm, hodn\u011b a hlasit\u011b mluv\u00ed, lze za\u010d\u00edt m\u00edt podez\u0159en\u00ed na ADHD, vysv\u011btlil. U\u010ditel pak m\u016f\u017ee po\u017e\u00e1dat pedagogick\u00e9ho pracovn\u00edka nebo \u0161koln\u00edho psychologa, aby na p\u016fd\u011b \u0161koly provedl p\u0159edb\u011b\u017enou diagnostiku d\u00edt\u011bte a domluvil se s rodi\u010di, aby \u0161li do pedagogicko-psychologick\u00e9 poradny na kompletn\u00ed diagnostiku a terapii. P\u0159i diagnostice ADHD se tak\u00e9 b\u011b\u017en\u011b vyu\u017e\u00edv\u00e1 konzultace s psychiatrem. Z\u00e1kladn\u00edm kamenem v l\u00e9\u010db\u011b poruchy je psychoterapie d\u00edt\u011bte a jeho rodiny, jej\u00ed\u017e financov\u00e1n\u00ed v\u0161ak v Polsku le\u017e\u00ed p\u0159edev\u0161\u00edm na rodi\u010d\u00edch. Mal\u00e9 procento d\u011bt\u00ed pot\u0159ebuje farmakoterapii. Odhaduje se, \u017ee ADHD trp\u00ed asi 5 % d\u011bt\u00ed ve v\u011bku 7-13 let, tak\u017ee ve t\u0159\u00edd\u011b s 25 \u017e\u00e1ky m\u016f\u017ee b\u00fdt jedno d\u00edt\u011b s touto poruchou. V Polsku je l\u00e9\u010deno pouze asi 20 procent d\u011bt\u00ed s ADHD. Pro zlep\u0161en\u00ed t\u011bchto statistik je nutn\u00e9 vzd\u011bl\u00e1vat ve\u0159ejnost a pedagogickou ve\u0159ejnost. To je \u00fakolem dlouhodob\u00e9ho vzd\u011bl\u00e1vac\u00edho programu D\u00edt\u011b a sv\u011bt jako p\u0159\u00edtel. Od z\u00e1\u0159\u00ed 2010 do konce \u00fanora 2011 se semin\u00e1\u0159\u016f tohoto programu z\u00fa\u010dastnilo 548 pracovn\u00edk\u016f z 293 vzd\u011bl\u00e1vac\u00edch instituc\u00ed. (PAP)<\/p>\n<hr \/>\n<p>Zdroj<\/p>\n<ul>\n<li><em>https:\/\/www.medonet.pl\/zdrowie\/wiadomosci,eksperci&#8211;nieleczone-adhd-zwieksza-ryzyko-depresji-u-dziecka,artykul,1639268.html<\/em><\/li>\n<\/ul>\n","protected":false},"excerpt":{"rendered":"<p>D\u011bti s ADHD neboli poruchou pozornosti s hyperaktivitou trp\u00ed \u010dast\u011bji ne\u017e jejich vrstevn\u00edci depresemi a dal\u0161\u00edmi psychick\u00fdmi probl\u00e9my. Proto odborn\u00edci z programu D\u00edt\u011b a sv\u011bt&#8230;<\/p>\n","protected":false},"author":1,"featured_media":2477,"comment_status":"closed","ping_status":"open","sticky":false,"template":"","format":"standard","meta":{"inline_featured_image":false},"categories":[780],"tags":[],"yoast_head":"<!-- This site is optimized with the Yoast SEO plugin v18.1 - https:\/\/yoast.com\/wordpress\/plugins\/seo\/ -->\n<title>Odborn\u00edci: nel\u00e9\u010den\u00e1 ADHD zvy\u0161uje u d\u011bt\u00ed riziko deprese - Test Mysli<\/title>\n<meta name=\"robots\" content=\"index, follow, max-snippet:-1, max-image-preview:large, max-video-preview:-1\" \/>\n<link rel=\"canonical\" href=\"https:\/\/www.diagnostika-mysli.cz\/blog\/adhd\/odbornici-nelecena-adhd-zvysuje-u-deti-riziko-deprese\/\" \/>\n<meta property=\"og:locale\" content=\"cs_CZ\" \/>\n<meta property=\"og:type\" content=\"article\" \/>\n<meta property=\"og:title\" content=\"Odborn\u00edci: nel\u00e9\u010den\u00e1 ADHD zvy\u0161uje u d\u011bt\u00ed riziko deprese - Test Mysli\" \/>\n<meta property=\"og:description\" content=\"D\u011bti s ADHD neboli poruchou pozornosti s hyperaktivitou trp\u00ed \u010dast\u011bji ne\u017e jejich vrstevn\u00edci depresemi a dal\u0161\u00edmi psychick\u00fdmi probl\u00e9my. Proto odborn\u00edci z programu D\u00edt\u011b a sv\u011bt...\" \/>\n<meta property=\"og:url\" content=\"https:\/\/www.diagnostika-mysli.cz\/blog\/adhd\/odbornici-nelecena-adhd-zvysuje-u-deti-riziko-deprese\/\" \/>\n<meta property=\"og:site_name\" content=\"Test Mysli\" \/>\n<meta property=\"article:published_time\" content=\"2022-08-20T06:00:03+00:00\" \/>\n<meta property=\"article:modified_time\" content=\"2023-12-15T16:34:41+00:00\" \/>\n<meta property=\"og:image\" content=\"https:\/\/www.diagnostika-mysli.cz\/blog\/wp-content\/uploads\/2022\/08\/11.png\" \/>\n\t<meta property=\"og:image:width\" content=\"770\" \/>\n\t<meta property=\"og:image:height\" content=\"399\" \/>\n\t<meta property=\"og:image:type\" content=\"image\/png\" \/>\n<meta name=\"twitter:card\" content=\"summary_large_image\" \/>\n<meta name=\"twitter:label1\" content=\"Napsal(a)\" \/>\n\t<meta name=\"twitter:data1\" content=\"Test Mysli\" \/>\n\t<meta name=\"twitter:label2\" content=\"Odhadovan\u00e1 doba \u010dten\u00ed\" \/>\n\t<meta name=\"twitter:data2\" content=\"4 minuty\" \/>\n<script type=\"application\/ld+json\" class=\"yoast-schema-graph\">{\"@context\":\"https:\/\/schema.org\",\"@graph\":[{\"@type\":\"WebSite\",\"@id\":\"https:\/\/www.diagnostika-mysli.cz\/blog\/#website\",\"url\":\"https:\/\/www.diagnostika-mysli.cz\/blog\/\",\"name\":\"Test Mysli\",\"description\":\"Blog o poruch\u00e1ch mysli\",\"potentialAction\":[{\"@type\":\"SearchAction\",\"target\":{\"@type\":\"EntryPoint\",\"urlTemplate\":\"https:\/\/www.diagnostika-mysli.cz\/blog\/?s={search_term_string}\"},\"query-input\":\"required name=search_term_string\"}],\"inLanguage\":\"cs\"},{\"@type\":\"ImageObject\",\"@id\":\"https:\/\/www.diagnostika-mysli.cz\/blog\/adhd\/odbornici-nelecena-adhd-zvysuje-u-deti-riziko-deprese\/#primaryimage\",\"inLanguage\":\"cs\",\"url\":\"https:\/\/www.diagnostika-mysli.cz\/blog\/wp-content\/uploads\/2022\/08\/11.png\",\"contentUrl\":\"https:\/\/www.diagnostika-mysli.cz\/blog\/wp-content\/uploads\/2022\/08\/11.png\",\"width\":770,\"height\":399},{\"@type\":\"WebPage\",\"@id\":\"https:\/\/www.diagnostika-mysli.cz\/blog\/adhd\/odbornici-nelecena-adhd-zvysuje-u-deti-riziko-deprese\/#webpage\",\"url\":\"https:\/\/www.diagnostika-mysli.cz\/blog\/adhd\/odbornici-nelecena-adhd-zvysuje-u-deti-riziko-deprese\/\",\"name\":\"Odborn\u00edci: nel\u00e9\u010den\u00e1 ADHD zvy\u0161uje u d\u011bt\u00ed riziko deprese - Test Mysli\",\"isPartOf\":{\"@id\":\"https:\/\/www.diagnostika-mysli.cz\/blog\/#website\"},\"primaryImageOfPage\":{\"@id\":\"https:\/\/www.diagnostika-mysli.cz\/blog\/adhd\/odbornici-nelecena-adhd-zvysuje-u-deti-riziko-deprese\/#primaryimage\"},\"datePublished\":\"2022-08-20T06:00:03+00:00\",\"dateModified\":\"2023-12-15T16:34:41+00:00\",\"author\":{\"@id\":\"https:\/\/www.diagnostika-mysli.cz\/blog\/#\/schema\/person\/8eb1bcaf59fea75c780c11946f4e3490\"},\"breadcrumb\":{\"@id\":\"https:\/\/www.diagnostika-mysli.cz\/blog\/adhd\/odbornici-nelecena-adhd-zvysuje-u-deti-riziko-deprese\/#breadcrumb\"},\"inLanguage\":\"cs\",\"potentialAction\":[{\"@type\":\"ReadAction\",\"target\":[\"https:\/\/www.diagnostika-mysli.cz\/blog\/adhd\/odbornici-nelecena-adhd-zvysuje-u-deti-riziko-deprese\/\"]}]},{\"@type\":\"BreadcrumbList\",\"@id\":\"https:\/\/www.diagnostika-mysli.cz\/blog\/adhd\/odbornici-nelecena-adhd-zvysuje-u-deti-riziko-deprese\/#breadcrumb\",\"itemListElement\":[{\"@type\":\"ListItem\",\"position\":1,\"name\":\"Blog\",\"item\":\"https:\/\/www.diagnostika-mysli.cz\/blog\/\"},{\"@type\":\"ListItem\",\"position\":2,\"name\":\"ADHD\",\"item\":\"https:\/\/www.diagnostika-mysli.cz\/blog\/adhd\/\"},{\"@type\":\"ListItem\",\"position\":3,\"name\":\"Odborn\u00edci: nel\u00e9\u010den\u00e1 ADHD zvy\u0161uje u d\u011bt\u00ed riziko deprese\"}]},{\"@type\":\"Person\",\"@id\":\"https:\/\/www.diagnostika-mysli.cz\/blog\/#\/schema\/person\/8eb1bcaf59fea75c780c11946f4e3490\",\"name\":\"Test Mysli\",\"image\":{\"@type\":\"ImageObject\",\"@id\":\"https:\/\/www.diagnostika-mysli.cz\/blog\/#personlogo\",\"inLanguage\":\"cs\",\"url\":\"https:\/\/secure.gravatar.com\/avatar\/6743211f010801ea26aa9423a2daab37?s=96&d=mm&r=g\",\"contentUrl\":\"https:\/\/secure.gravatar.com\/avatar\/6743211f010801ea26aa9423a2daab37?s=96&d=mm&r=g\",\"caption\":\"Test Mysli\"},\"sameAs\":[\"https:\/\/www.diagnostika-mysli.cz\/blog\"],\"url\":\"https:\/\/www.diagnostika-mysli.cz\/blog\/author\/diagnostyka-umyslu\/\"}]}<\/script>\n<!-- \/ Yoast SEO plugin. -->","yoast_head_json":{"title":"Odborn\u00edci: nel\u00e9\u010den\u00e1 ADHD zvy\u0161uje u d\u011bt\u00ed riziko deprese - Test Mysli","robots":{"index":"index","follow":"follow","max-snippet":"max-snippet:-1","max-image-preview":"max-image-preview:large","max-video-preview":"max-video-preview:-1"},"canonical":"https:\/\/www.diagnostika-mysli.cz\/blog\/adhd\/odbornici-nelecena-adhd-zvysuje-u-deti-riziko-deprese\/","og_locale":"cs_CZ","og_type":"article","og_title":"Odborn\u00edci: nel\u00e9\u010den\u00e1 ADHD zvy\u0161uje u d\u011bt\u00ed riziko deprese - Test Mysli","og_description":"D\u011bti s ADHD neboli poruchou pozornosti s hyperaktivitou trp\u00ed \u010dast\u011bji ne\u017e jejich vrstevn\u00edci depresemi a dal\u0161\u00edmi psychick\u00fdmi probl\u00e9my. Proto odborn\u00edci z programu D\u00edt\u011b a sv\u011bt...","og_url":"https:\/\/www.diagnostika-mysli.cz\/blog\/adhd\/odbornici-nelecena-adhd-zvysuje-u-deti-riziko-deprese\/","og_site_name":"Test Mysli","article_published_time":"2022-08-20T06:00:03+00:00","article_modified_time":"2023-12-15T16:34:41+00:00","og_image":[{"width":770,"height":399,"url":"https:\/\/www.diagnostika-mysli.cz\/blog\/wp-content\/uploads\/2022\/08\/11.png","type":"image\/png"}],"twitter_card":"summary_large_image","twitter_misc":{"Napsal(a)":"Test Mysli","Odhadovan\u00e1 doba \u010dten\u00ed":"4 minuty"},"schema":{"@context":"https:\/\/schema.org","@graph":[{"@type":"WebSite","@id":"https:\/\/www.diagnostika-mysli.cz\/blog\/#website","url":"https:\/\/www.diagnostika-mysli.cz\/blog\/","name":"Test Mysli","description":"Blog o poruch\u00e1ch mysli","potentialAction":[{"@type":"SearchAction","target":{"@type":"EntryPoint","urlTemplate":"https:\/\/www.diagnostika-mysli.cz\/blog\/?s={search_term_string}"},"query-input":"required name=search_term_string"}],"inLanguage":"cs"},{"@type":"ImageObject","@id":"https:\/\/www.diagnostika-mysli.cz\/blog\/adhd\/odbornici-nelecena-adhd-zvysuje-u-deti-riziko-deprese\/#primaryimage","inLanguage":"cs","url":"https:\/\/www.diagnostika-mysli.cz\/blog\/wp-content\/uploads\/2022\/08\/11.png","contentUrl":"https:\/\/www.diagnostika-mysli.cz\/blog\/wp-content\/uploads\/2022\/08\/11.png","width":770,"height":399},{"@type":"WebPage","@id":"https:\/\/www.diagnostika-mysli.cz\/blog\/adhd\/odbornici-nelecena-adhd-zvysuje-u-deti-riziko-deprese\/#webpage","url":"https:\/\/www.diagnostika-mysli.cz\/blog\/adhd\/odbornici-nelecena-adhd-zvysuje-u-deti-riziko-deprese\/","name":"Odborn\u00edci: nel\u00e9\u010den\u00e1 ADHD zvy\u0161uje u d\u011bt\u00ed riziko deprese - Test Mysli","isPartOf":{"@id":"https:\/\/www.diagnostika-mysli.cz\/blog\/#website"},"primaryImageOfPage":{"@id":"https:\/\/www.diagnostika-mysli.cz\/blog\/adhd\/odbornici-nelecena-adhd-zvysuje-u-deti-riziko-deprese\/#primaryimage"},"datePublished":"2022-08-20T06:00:03+00:00","dateModified":"2023-12-15T16:34:41+00:00","author":{"@id":"https:\/\/www.diagnostika-mysli.cz\/blog\/#\/schema\/person\/8eb1bcaf59fea75c780c11946f4e3490"},"breadcrumb":{"@id":"https:\/\/www.diagnostika-mysli.cz\/blog\/adhd\/odbornici-nelecena-adhd-zvysuje-u-deti-riziko-deprese\/#breadcrumb"},"inLanguage":"cs","potentialAction":[{"@type":"ReadAction","target":["https:\/\/www.diagnostika-mysli.cz\/blog\/adhd\/odbornici-nelecena-adhd-zvysuje-u-deti-riziko-deprese\/"]}]},{"@type":"BreadcrumbList","@id":"https:\/\/www.diagnostika-mysli.cz\/blog\/adhd\/odbornici-nelecena-adhd-zvysuje-u-deti-riziko-deprese\/#breadcrumb","itemListElement":[{"@type":"ListItem","position":1,"name":"Blog","item":"https:\/\/www.diagnostika-mysli.cz\/blog\/"},{"@type":"ListItem","position":2,"name":"ADHD","item":"https:\/\/www.diagnostika-mysli.cz\/blog\/adhd\/"},{"@type":"ListItem","position":3,"name":"Odborn\u00edci: nel\u00e9\u010den\u00e1 ADHD zvy\u0161uje u d\u011bt\u00ed riziko deprese"}]},{"@type":"Person","@id":"https:\/\/www.diagnostika-mysli.cz\/blog\/#\/schema\/person\/8eb1bcaf59fea75c780c11946f4e3490","name":"Test Mysli","image":{"@type":"ImageObject","@id":"https:\/\/www.diagnostika-mysli.cz\/blog\/#personlogo","inLanguage":"cs","url":"https:\/\/secure.gravatar.com\/avatar\/6743211f010801ea26aa9423a2daab37?s=96&d=mm&r=g","contentUrl":"https:\/\/secure.gravatar.com\/avatar\/6743211f010801ea26aa9423a2daab37?s=96&d=mm&r=g","caption":"Test Mysli"},"sameAs":["https:\/\/www.diagnostika-mysli.cz\/blog"],"url":"https:\/\/www.diagnostika-mysli.cz\/blog\/author\/diagnostyka-umyslu\/"}]}},"amp_enabled":true,"_links":{"self":[{"href":"https:\/\/www.diagnostika-mysli.cz\/blog\/wp-json\/wp\/v2\/posts\/2476"}],"collection":[{"href":"https:\/\/www.diagnostika-mysli.cz\/blog\/wp-json\/wp\/v2\/posts"}],"about":[{"href":"https:\/\/www.diagnostika-mysli.cz\/blog\/wp-json\/wp\/v2\/types\/post"}],"author":[{"embeddable":true,"href":"https:\/\/www.diagnostika-mysli.cz\/blog\/wp-json\/wp\/v2\/users\/1"}],"replies":[{"embeddable":true,"href":"https:\/\/www.diagnostika-mysli.cz\/blog\/wp-json\/wp\/v2\/comments?post=2476"}],"version-history":[{"count":2,"href":"https:\/\/www.diagnostika-mysli.cz\/blog\/wp-json\/wp\/v2\/posts\/2476\/revisions"}],"predecessor-version":[{"id":2709,"href":"https:\/\/www.diagnostika-mysli.cz\/blog\/wp-json\/wp\/v2\/posts\/2476\/revisions\/2709"}],"wp:featuredmedia":[{"embeddable":true,"href":"https:\/\/www.diagnostika-mysli.cz\/blog\/wp-json\/wp\/v2\/media\/2477"}],"wp:attachment":[{"href":"https:\/\/www.diagnostika-mysli.cz\/blog\/wp-json\/wp\/v2\/media?parent=2476"}],"wp:term":[{"taxonomy":"category","embeddable":true,"href":"https:\/\/www.diagnostika-mysli.cz\/blog\/wp-json\/wp\/v2\/categories?post=2476"},{"taxonomy":"post_tag","embeddable":true,"href":"https:\/\/www.diagnostika-mysli.cz\/blog\/wp-json\/wp\/v2\/tags?post=2476"}],"curies":[{"name":"wp","href":"https:\/\/api.w.org\/{rel}","templated":true}]}}