{"id":2479,"date":"2022-08-21T02:02:07","date_gmt":"2022-08-21T06:02:07","guid":{"rendered":"https:\/\/www.diagnostika-mysli.cz\/blog\/?p=2479"},"modified":"2023-12-15T17:34:32","modified_gmt":"2023-12-15T16:34:32","slug":"vyzkumnici-strava-pomaha-pri-lecbe-deti-s-adhd","status":"publish","type":"post","link":"https:\/\/www.diagnostika-mysli.cz\/blog\/adhd\/vyzkumnici-strava-pomaha-pri-lecbe-deti-s-adhd\/","title":{"rendered":"V\u00fdzkumn\u00edci: Strava pom\u00e1h\u00e1 p\u0159i l\u00e9\u010db\u011b d\u011bt\u00ed s ADHD"},"content":{"rendered":"<blockquote><p>Omezuj\u00edc\u00ed elimina\u010dn\u00ed dieta &#8211; podobn\u00e1 t\u00e9, kter\u00e1 se pou\u017e\u00edv\u00e1 u d\u011bt\u00ed s alergiemi &#8211; by m\u011bla b\u00fdt sou\u010d\u00e1st\u00ed standardn\u00ed p\u00e9\u010de o <strong>d\u011bti s ADHD<\/strong>, tvrd\u00ed nizozem\u0161t\u00ed v\u011bdci v \u010dasopise Lancet.<\/p><\/blockquote>\n<p><strong>ADHD<\/strong> neboli <strong>porucha pozornosti s hyperaktivitou<\/strong> je pova\u017eov\u00e1na za nej\u010dast\u011bj\u0161\u00ed v\u00fdvojovou v\u011bkovou poruchu; \u010dast\u011bj\u0161\u00ed je u chlapc\u016f. Podle statistik postihuje 3-7 % d\u011bt\u00ed \u0161koln\u00edho v\u011bku. V d\u016fsledku zm\u011bn ve funkci mozku maj\u00ed d\u011bti s ADHD pot\u00ed\u017ee s ovl\u00e1d\u00e1n\u00edm sv\u00fdch emoc\u00ed a chov\u00e1n\u00ed. Jsou velmi pohybliv\u00e9, obt\u00ed\u017en\u011b sed\u00ed na jednom m\u00edst\u011b a soust\u0159ed\u00ed svou pozornost na danou \u010dinnost &#8211; \u010dasto jsou zpo\u010d\u00e1tku pova\u017eov\u00e1ny za zlobiv\u00e9 d\u011bti. V d\u0159\u00edv\u011bj\u0161\u00edch studi\u00edch v\u011bdci pozorovali, \u017ee <a href=\"https:\/\/www.diagnostika-mysli.cz\/adhd-test\">ADHD<\/a> u n\u011bkter\u00fdch d\u011bt\u00ed m\u016f\u017ee m\u00edt alergick\u00fd z\u00e1klad a p\u0159\u00edznaky se mohou objevit v d\u016fsledku konzumace t\u011bch potravin, kter\u00e9 jsou alergenn\u00ed. V nov\u00e9 studii auto\u0159i zkoumali d\u011bti s ADHD ve v\u011bku od \u010dty\u0159 do osmi let. Po dobu p\u011bti t\u00fddn\u016f bylo 50 z nich na tzv. elimina\u010dn\u00ed diet\u011b standardn\u011b pou\u017e\u00edvan\u00e9 u d\u011bt\u00ed s alergiemi, zat\u00edmco dal\u0161\u00edch 50 se stravovalo obvyklou zdravou stravou. V\u011bdci zjistili, \u017ee u d\u011bt\u00ed, kter\u00e9 dost\u00e1valy nealergenn\u00ed stravu, do\u0161lo k v\u00fdrazn\u00e9mu zlep\u0161en\u00ed zdravotn\u00edho stavu a chov\u00e1n\u00ed. Z d\u011bt\u00ed na elimina\u010dn\u00ed diet\u011b pak vybrali ty, u nich\u017e elimina\u010dn\u00ed dieta vedla k nejz\u0159eteln\u011bj\u0161\u00edmu zm\u00edrn\u011bn\u00ed p\u0159\u00edznak\u016f ADHD, a rozd\u011blili je do dvou skupin. D\u011bti v jedn\u00e9 skupin\u011b jedly to, co bylo na elimina\u010dn\u00ed diet\u011b (nealergenn\u00ed potraviny), a nav\u00edc potraviny, po kter\u00fdch se jim zv\u00fd\u0161ila hladina protil\u00e1tek typu G (IgG) v krvi (co\u017e zhor\u0161ilo p\u0159\u00edznaky ADHD); a d\u011bti ve druh\u00e9 skupin\u011b jedly potraviny, po kter\u00fdch z\u016fstala hladina IgG n\u00edzk\u00e1, \u010d\u00edm\u017e se p\u0159\u00edznaky ADHD zm\u00edrnily. Na z\u00e1klad\u011b toho v\u011bdci dosp\u011bli k z\u00e1v\u011bru, \u017ee m\u011b\u0159en\u00ed hladiny protil\u00e1tek v krvi d\u011bt\u00ed s ADHD m\u016f\u017ee slou\u017eit jako diagnostick\u00fd n\u00e1stroj p\u0159i v\u00fdb\u011bru spr\u00e1vn\u00e9 diety pro pacienta. Podle autor\u016f studie by se rodi\u010de v\u0161ech d\u011bt\u00ed s ADHD m\u011bli pokusit zav\u00e9st elimina\u010dn\u00ed dietu po dobu asi p\u011bti t\u00fddn\u016f, a pokud s pomoc\u00ed odborn\u00edk\u016f pozoruj\u00ed zlep\u0161en\u00ed, zjistit, kter\u00e9 produkty zp\u016fsobuj\u00ed alergickou reakci projevuj\u00edc\u00ed se jako p\u0159\u00edznaky ADHD. D\u011bti, kter\u00e9 nejsou citliv\u00e9 na dietu, by m\u011bly b\u00fdt d\u00e1le l\u00e9\u010deny podle standardn\u00edch pokyn\u016f &#8211; farmakologicky a ergoterapi\u00ed. Odborn\u00edci nicm\u00e9n\u011b zd\u016fraz\u0148uj\u00ed, \u017ee d\u011bti mus\u00ed b\u00fdt b\u011bhem elimina\u010dn\u00ed diety pod l\u00e9ka\u0159sk\u00fdm dohledem &#8211; aby sn\u00ed\u017een\u00ed pestrosti potravin nem\u011blo negativn\u00ed dopad na jejich celkov\u00fd zdravotn\u00ed stav. (PAP)<\/p>\n<hr \/>\n<p>Zdroj<\/p>\n<ul>\n<li><em>https:\/\/www.medonet.pl\/zdrowie\/wiadomosci,naukowcy&#8211;dieta-pomocna-w-leczeniu-dzieci-chorych-na-adhd,artykul,1637446.html<\/em><\/li>\n<\/ul>\n","protected":false},"excerpt":{"rendered":"<p>Omezuj\u00edc\u00ed elimina\u010dn\u00ed dieta &#8211; podobn\u00e1 t\u00e9, kter\u00e1 se pou\u017e\u00edv\u00e1 u d\u011bt\u00ed s alergiemi &#8211; by m\u011bla b\u00fdt sou\u010d\u00e1st\u00ed standardn\u00ed p\u00e9\u010de o d\u011bti s ADHD, tvrd\u00ed&#8230;<\/p>\n","protected":false},"author":1,"featured_media":2480,"comment_status":"closed","ping_status":"open","sticky":false,"template":"","format":"standard","meta":{"inline_featured_image":false},"categories":[780],"tags":[],"yoast_head":"<!-- This site is optimized with the Yoast SEO plugin v18.1 - https:\/\/yoast.com\/wordpress\/plugins\/seo\/ -->\n<title>V\u00fdzkumn\u00edci: Strava pom\u00e1h\u00e1 p\u0159i l\u00e9\u010db\u011b d\u011bt\u00ed s ADHD - Test Mysli<\/title>\n<meta name=\"robots\" content=\"index, follow, max-snippet:-1, max-image-preview:large, max-video-preview:-1\" \/>\n<link rel=\"canonical\" href=\"https:\/\/www.diagnostika-mysli.cz\/blog\/adhd\/vyzkumnici-strava-pomaha-pri-lecbe-deti-s-adhd\/\" \/>\n<meta property=\"og:locale\" content=\"cs_CZ\" \/>\n<meta property=\"og:type\" content=\"article\" \/>\n<meta property=\"og:title\" content=\"V\u00fdzkumn\u00edci: Strava pom\u00e1h\u00e1 p\u0159i l\u00e9\u010db\u011b d\u011bt\u00ed s ADHD - Test Mysli\" \/>\n<meta property=\"og:description\" content=\"Omezuj\u00edc\u00ed elimina\u010dn\u00ed dieta &#8211; podobn\u00e1 t\u00e9, kter\u00e1 se pou\u017e\u00edv\u00e1 u d\u011bt\u00ed s alergiemi &#8211; by m\u011bla b\u00fdt sou\u010d\u00e1st\u00ed standardn\u00ed p\u00e9\u010de o d\u011bti s ADHD, tvrd\u00ed...\" \/>\n<meta property=\"og:url\" content=\"https:\/\/www.diagnostika-mysli.cz\/blog\/adhd\/vyzkumnici-strava-pomaha-pri-lecbe-deti-s-adhd\/\" \/>\n<meta property=\"og:site_name\" content=\"Test Mysli\" \/>\n<meta property=\"article:published_time\" content=\"2022-08-21T06:02:07+00:00\" \/>\n<meta property=\"article:modified_time\" content=\"2023-12-15T16:34:32+00:00\" \/>\n<meta property=\"og:image\" content=\"https:\/\/www.diagnostika-mysli.cz\/blog\/wp-content\/uploads\/2022\/08\/12.png\" \/>\n\t<meta property=\"og:image:width\" content=\"768\" \/>\n\t<meta property=\"og:image:height\" content=\"371\" \/>\n\t<meta property=\"og:image:type\" content=\"image\/png\" \/>\n<meta name=\"twitter:card\" content=\"summary_large_image\" \/>\n<meta name=\"twitter:label1\" content=\"Napsal(a)\" \/>\n\t<meta name=\"twitter:data1\" content=\"Test Mysli\" \/>\n\t<meta name=\"twitter:label2\" content=\"Odhadovan\u00e1 doba \u010dten\u00ed\" \/>\n\t<meta name=\"twitter:data2\" content=\"3 minuty\" \/>\n<script type=\"application\/ld+json\" class=\"yoast-schema-graph\">{\"@context\":\"https:\/\/schema.org\",\"@graph\":[{\"@type\":\"WebSite\",\"@id\":\"https:\/\/www.diagnostika-mysli.cz\/blog\/#website\",\"url\":\"https:\/\/www.diagnostika-mysli.cz\/blog\/\",\"name\":\"Test Mysli\",\"description\":\"Blog o poruch\u00e1ch mysli\",\"potentialAction\":[{\"@type\":\"SearchAction\",\"target\":{\"@type\":\"EntryPoint\",\"urlTemplate\":\"https:\/\/www.diagnostika-mysli.cz\/blog\/?s={search_term_string}\"},\"query-input\":\"required name=search_term_string\"}],\"inLanguage\":\"cs\"},{\"@type\":\"ImageObject\",\"@id\":\"https:\/\/www.diagnostika-mysli.cz\/blog\/adhd\/vyzkumnici-strava-pomaha-pri-lecbe-deti-s-adhd\/#primaryimage\",\"inLanguage\":\"cs\",\"url\":\"https:\/\/www.diagnostika-mysli.cz\/blog\/wp-content\/uploads\/2022\/08\/12.png\",\"contentUrl\":\"https:\/\/www.diagnostika-mysli.cz\/blog\/wp-content\/uploads\/2022\/08\/12.png\",\"width\":768,\"height\":371},{\"@type\":\"WebPage\",\"@id\":\"https:\/\/www.diagnostika-mysli.cz\/blog\/adhd\/vyzkumnici-strava-pomaha-pri-lecbe-deti-s-adhd\/#webpage\",\"url\":\"https:\/\/www.diagnostika-mysli.cz\/blog\/adhd\/vyzkumnici-strava-pomaha-pri-lecbe-deti-s-adhd\/\",\"name\":\"V\u00fdzkumn\u00edci: Strava pom\u00e1h\u00e1 p\u0159i l\u00e9\u010db\u011b d\u011bt\u00ed s ADHD - Test Mysli\",\"isPartOf\":{\"@id\":\"https:\/\/www.diagnostika-mysli.cz\/blog\/#website\"},\"primaryImageOfPage\":{\"@id\":\"https:\/\/www.diagnostika-mysli.cz\/blog\/adhd\/vyzkumnici-strava-pomaha-pri-lecbe-deti-s-adhd\/#primaryimage\"},\"datePublished\":\"2022-08-21T06:02:07+00:00\",\"dateModified\":\"2023-12-15T16:34:32+00:00\",\"author\":{\"@id\":\"https:\/\/www.diagnostika-mysli.cz\/blog\/#\/schema\/person\/8eb1bcaf59fea75c780c11946f4e3490\"},\"breadcrumb\":{\"@id\":\"https:\/\/www.diagnostika-mysli.cz\/blog\/adhd\/vyzkumnici-strava-pomaha-pri-lecbe-deti-s-adhd\/#breadcrumb\"},\"inLanguage\":\"cs\",\"potentialAction\":[{\"@type\":\"ReadAction\",\"target\":[\"https:\/\/www.diagnostika-mysli.cz\/blog\/adhd\/vyzkumnici-strava-pomaha-pri-lecbe-deti-s-adhd\/\"]}]},{\"@type\":\"BreadcrumbList\",\"@id\":\"https:\/\/www.diagnostika-mysli.cz\/blog\/adhd\/vyzkumnici-strava-pomaha-pri-lecbe-deti-s-adhd\/#breadcrumb\",\"itemListElement\":[{\"@type\":\"ListItem\",\"position\":1,\"name\":\"Blog\",\"item\":\"https:\/\/www.diagnostika-mysli.cz\/blog\/\"},{\"@type\":\"ListItem\",\"position\":2,\"name\":\"ADHD\",\"item\":\"https:\/\/www.diagnostika-mysli.cz\/blog\/adhd\/\"},{\"@type\":\"ListItem\",\"position\":3,\"name\":\"V\u00fdzkumn\u00edci: Strava pom\u00e1h\u00e1 p\u0159i l\u00e9\u010db\u011b d\u011bt\u00ed s ADHD\"}]},{\"@type\":\"Person\",\"@id\":\"https:\/\/www.diagnostika-mysli.cz\/blog\/#\/schema\/person\/8eb1bcaf59fea75c780c11946f4e3490\",\"name\":\"Test Mysli\",\"image\":{\"@type\":\"ImageObject\",\"@id\":\"https:\/\/www.diagnostika-mysli.cz\/blog\/#personlogo\",\"inLanguage\":\"cs\",\"url\":\"https:\/\/secure.gravatar.com\/avatar\/6743211f010801ea26aa9423a2daab37?s=96&d=mm&r=g\",\"contentUrl\":\"https:\/\/secure.gravatar.com\/avatar\/6743211f010801ea26aa9423a2daab37?s=96&d=mm&r=g\",\"caption\":\"Test Mysli\"},\"sameAs\":[\"https:\/\/www.diagnostika-mysli.cz\/blog\"],\"url\":\"https:\/\/www.diagnostika-mysli.cz\/blog\/author\/diagnostyka-umyslu\/\"}]}<\/script>\n<!-- \/ Yoast SEO plugin. -->","yoast_head_json":{"title":"V\u00fdzkumn\u00edci: Strava pom\u00e1h\u00e1 p\u0159i l\u00e9\u010db\u011b d\u011bt\u00ed s ADHD - Test Mysli","robots":{"index":"index","follow":"follow","max-snippet":"max-snippet:-1","max-image-preview":"max-image-preview:large","max-video-preview":"max-video-preview:-1"},"canonical":"https:\/\/www.diagnostika-mysli.cz\/blog\/adhd\/vyzkumnici-strava-pomaha-pri-lecbe-deti-s-adhd\/","og_locale":"cs_CZ","og_type":"article","og_title":"V\u00fdzkumn\u00edci: Strava pom\u00e1h\u00e1 p\u0159i l\u00e9\u010db\u011b d\u011bt\u00ed s ADHD - Test Mysli","og_description":"Omezuj\u00edc\u00ed elimina\u010dn\u00ed dieta &#8211; podobn\u00e1 t\u00e9, kter\u00e1 se pou\u017e\u00edv\u00e1 u d\u011bt\u00ed s alergiemi &#8211; by m\u011bla b\u00fdt sou\u010d\u00e1st\u00ed standardn\u00ed p\u00e9\u010de o d\u011bti s ADHD, tvrd\u00ed...","og_url":"https:\/\/www.diagnostika-mysli.cz\/blog\/adhd\/vyzkumnici-strava-pomaha-pri-lecbe-deti-s-adhd\/","og_site_name":"Test Mysli","article_published_time":"2022-08-21T06:02:07+00:00","article_modified_time":"2023-12-15T16:34:32+00:00","og_image":[{"width":768,"height":371,"url":"https:\/\/www.diagnostika-mysli.cz\/blog\/wp-content\/uploads\/2022\/08\/12.png","type":"image\/png"}],"twitter_card":"summary_large_image","twitter_misc":{"Napsal(a)":"Test Mysli","Odhadovan\u00e1 doba \u010dten\u00ed":"3 minuty"},"schema":{"@context":"https:\/\/schema.org","@graph":[{"@type":"WebSite","@id":"https:\/\/www.diagnostika-mysli.cz\/blog\/#website","url":"https:\/\/www.diagnostika-mysli.cz\/blog\/","name":"Test Mysli","description":"Blog o poruch\u00e1ch mysli","potentialAction":[{"@type":"SearchAction","target":{"@type":"EntryPoint","urlTemplate":"https:\/\/www.diagnostika-mysli.cz\/blog\/?s={search_term_string}"},"query-input":"required name=search_term_string"}],"inLanguage":"cs"},{"@type":"ImageObject","@id":"https:\/\/www.diagnostika-mysli.cz\/blog\/adhd\/vyzkumnici-strava-pomaha-pri-lecbe-deti-s-adhd\/#primaryimage","inLanguage":"cs","url":"https:\/\/www.diagnostika-mysli.cz\/blog\/wp-content\/uploads\/2022\/08\/12.png","contentUrl":"https:\/\/www.diagnostika-mysli.cz\/blog\/wp-content\/uploads\/2022\/08\/12.png","width":768,"height":371},{"@type":"WebPage","@id":"https:\/\/www.diagnostika-mysli.cz\/blog\/adhd\/vyzkumnici-strava-pomaha-pri-lecbe-deti-s-adhd\/#webpage","url":"https:\/\/www.diagnostika-mysli.cz\/blog\/adhd\/vyzkumnici-strava-pomaha-pri-lecbe-deti-s-adhd\/","name":"V\u00fdzkumn\u00edci: Strava pom\u00e1h\u00e1 p\u0159i l\u00e9\u010db\u011b d\u011bt\u00ed s ADHD - Test Mysli","isPartOf":{"@id":"https:\/\/www.diagnostika-mysli.cz\/blog\/#website"},"primaryImageOfPage":{"@id":"https:\/\/www.diagnostika-mysli.cz\/blog\/adhd\/vyzkumnici-strava-pomaha-pri-lecbe-deti-s-adhd\/#primaryimage"},"datePublished":"2022-08-21T06:02:07+00:00","dateModified":"2023-12-15T16:34:32+00:00","author":{"@id":"https:\/\/www.diagnostika-mysli.cz\/blog\/#\/schema\/person\/8eb1bcaf59fea75c780c11946f4e3490"},"breadcrumb":{"@id":"https:\/\/www.diagnostika-mysli.cz\/blog\/adhd\/vyzkumnici-strava-pomaha-pri-lecbe-deti-s-adhd\/#breadcrumb"},"inLanguage":"cs","potentialAction":[{"@type":"ReadAction","target":["https:\/\/www.diagnostika-mysli.cz\/blog\/adhd\/vyzkumnici-strava-pomaha-pri-lecbe-deti-s-adhd\/"]}]},{"@type":"BreadcrumbList","@id":"https:\/\/www.diagnostika-mysli.cz\/blog\/adhd\/vyzkumnici-strava-pomaha-pri-lecbe-deti-s-adhd\/#breadcrumb","itemListElement":[{"@type":"ListItem","position":1,"name":"Blog","item":"https:\/\/www.diagnostika-mysli.cz\/blog\/"},{"@type":"ListItem","position":2,"name":"ADHD","item":"https:\/\/www.diagnostika-mysli.cz\/blog\/adhd\/"},{"@type":"ListItem","position":3,"name":"V\u00fdzkumn\u00edci: Strava pom\u00e1h\u00e1 p\u0159i l\u00e9\u010db\u011b d\u011bt\u00ed s ADHD"}]},{"@type":"Person","@id":"https:\/\/www.diagnostika-mysli.cz\/blog\/#\/schema\/person\/8eb1bcaf59fea75c780c11946f4e3490","name":"Test Mysli","image":{"@type":"ImageObject","@id":"https:\/\/www.diagnostika-mysli.cz\/blog\/#personlogo","inLanguage":"cs","url":"https:\/\/secure.gravatar.com\/avatar\/6743211f010801ea26aa9423a2daab37?s=96&d=mm&r=g","contentUrl":"https:\/\/secure.gravatar.com\/avatar\/6743211f010801ea26aa9423a2daab37?s=96&d=mm&r=g","caption":"Test Mysli"},"sameAs":["https:\/\/www.diagnostika-mysli.cz\/blog"],"url":"https:\/\/www.diagnostika-mysli.cz\/blog\/author\/diagnostyka-umyslu\/"}]}},"amp_enabled":true,"_links":{"self":[{"href":"https:\/\/www.diagnostika-mysli.cz\/blog\/wp-json\/wp\/v2\/posts\/2479"}],"collection":[{"href":"https:\/\/www.diagnostika-mysli.cz\/blog\/wp-json\/wp\/v2\/posts"}],"about":[{"href":"https:\/\/www.diagnostika-mysli.cz\/blog\/wp-json\/wp\/v2\/types\/post"}],"author":[{"embeddable":true,"href":"https:\/\/www.diagnostika-mysli.cz\/blog\/wp-json\/wp\/v2\/users\/1"}],"replies":[{"embeddable":true,"href":"https:\/\/www.diagnostika-mysli.cz\/blog\/wp-json\/wp\/v2\/comments?post=2479"}],"version-history":[{"count":2,"href":"https:\/\/www.diagnostika-mysli.cz\/blog\/wp-json\/wp\/v2\/posts\/2479\/revisions"}],"predecessor-version":[{"id":2708,"href":"https:\/\/www.diagnostika-mysli.cz\/blog\/wp-json\/wp\/v2\/posts\/2479\/revisions\/2708"}],"wp:featuredmedia":[{"embeddable":true,"href":"https:\/\/www.diagnostika-mysli.cz\/blog\/wp-json\/wp\/v2\/media\/2480"}],"wp:attachment":[{"href":"https:\/\/www.diagnostika-mysli.cz\/blog\/wp-json\/wp\/v2\/media?parent=2479"}],"wp:term":[{"taxonomy":"category","embeddable":true,"href":"https:\/\/www.diagnostika-mysli.cz\/blog\/wp-json\/wp\/v2\/categories?post=2479"},{"taxonomy":"post_tag","embeddable":true,"href":"https:\/\/www.diagnostika-mysli.cz\/blog\/wp-json\/wp\/v2\/tags?post=2479"}],"curies":[{"name":"wp","href":"https:\/\/api.w.org\/{rel}","templated":true}]}}