{"id":2482,"date":"2022-08-22T02:02:50","date_gmt":"2022-08-22T06:02:50","guid":{"rendered":"https:\/\/www.diagnostika-mysli.cz\/blog\/?p=2482"},"modified":"2023-12-15T17:34:24","modified_gmt":"2023-12-15T16:34:24","slug":"adhd-v-detstvi-muze-souviset-s-obezitou-v-dospelosti","status":"publish","type":"post","link":"https:\/\/www.diagnostika-mysli.cz\/blog\/adhd\/adhd-v-detstvi-muze-souviset-s-obezitou-v-dospelosti\/","title":{"rendered":"ADHD v d\u011btstv\u00ed m\u016f\u017ee souviset s obezitou v dosp\u011blosti"},"content":{"rendered":"<blockquote><p>Lid\u00e9 s p\u0159\u00edznaky ADHD v d\u011btstv\u00ed mohou b\u00fdt v budoucnu n\u00e1chyln\u011bj\u0161\u00ed k probl\u00e9m\u016fm s obezitou, uv\u00e1d\u00ed International Journal of Obesity.<\/p><\/blockquote>\n<p>K tomuto z\u00e1v\u011bru dosp\u011bli v\u011bdci z Dukeovy univerzity v Severn\u00ed Karol\u00edn\u011b po prostudov\u00e1n\u00ed \u00fadaj\u016f o v\u00edce ne\u017e 11 500 Ameri\u010danech, kte\u0159\u00ed se z\u00fa\u010dastnili vl\u00e1dn\u00ed studie zah\u00e1jen\u00e9 v roce 1995. Respondenti v t\u00e9 dob\u011b nav\u0161t\u011bvovali st\u0159edn\u00ed \u0161koly. Jak auto\u0159i studie zd\u016fraz\u0148uj\u00ed, tato zji\u0161t\u011bn\u00ed neprokazuj\u00ed, \u017ee porucha pozornosti s hyperaktivitou sama o sob\u011b zvy\u0161uje riziko obezity, ale naopak poskytuj\u00ed potvrzen\u00ed n\u011bkolika d\u0159\u00edv\u011bj\u0161\u00edch studi\u00ed men\u0161\u00edho rozsahu, kter\u00e9 nazna\u010dovaly vy\u0161\u0161\u00ed procento obezity u <a href=\"https:\/\/www.diagnostika-mysli.cz\/adhd-test\">dosp\u011bl\u00fdch s ADHD<\/a>. Jedn\u00edm z mo\u017en\u00fdch vysv\u011btlen\u00ed je podle v\u011bdc\u016f to, \u017ee sklon k impulzivn\u00edmu chov\u00e1n\u00ed, kter\u00fd je pro ADHD charakteristick\u00fd, m\u016f\u017ee sou\u010dasn\u011b podporovat nekontrolovan\u00e9 p\u0159ib\u00fdv\u00e1n\u00ed na v\u00e1ze. ADHD i obezita jsou nav\u00edc spojeny s ni\u017e\u0161\u00ed hladinou dopaminu v mozku, co\u017e znamen\u00e1, \u017ee je naru\u0161en syst\u00e9m odm\u011bn zodpov\u011bdn\u00fd za motivaci a kontrolu chov\u00e1n\u00ed. Mezi dosp\u011bl\u00fdmi, kte\u0159\u00ed m\u011bli t\u0159i nebo v\u00edce p\u0159\u00edznak\u016f ADHD (p\u0159edev\u0161\u00edm impulzivitu a hyperaktivitu) ve v\u011bku od p\u011bti do 12 let, byla u 41 % z nich ve v\u011bku kolem 30 let diagnostikov\u00e1na obezita (ve srovn\u00e1n\u00ed s 34 % t\u011bch, kte\u0159\u00ed tyto p\u0159\u00edznaky v d\u011btstv\u00ed nem\u011bli). Kdy\u017e v\u0161ak v\u011bdci vzali v \u00favahu dal\u0161\u00ed faktory, jako je mimo jin\u00e9 \u00farove\u0148 fyzick\u00e9 aktivity subjekt\u016f, p\u0159\u00edpadn\u00e9 p\u0159\u00edznaky deprese nebo kou\u0159en\u00ed, zjistili, \u017ee u osob s ADHD bylo riziko obezity a\u017e o 50 procent vy\u0161\u0161\u00ed. (PAP)<\/p>\n<hr \/>\n<p>Zdroj<\/p>\n<ul>\n<li><em>https:\/\/www.medonet.pl\/zdrowie\/wiadomosci,adhd-w-dziecinstwie-moze-byc-zwiazane-z-otyloscia-w-wieku-doroslym,artykul,1631063.html<\/em><\/li>\n<\/ul>\n","protected":false},"excerpt":{"rendered":"<p>Lid\u00e9 s p\u0159\u00edznaky ADHD v d\u011btstv\u00ed mohou b\u00fdt v budoucnu n\u00e1chyln\u011bj\u0161\u00ed k probl\u00e9m\u016fm s obezitou, uv\u00e1d\u00ed International Journal of Obesity. K tomuto z\u00e1v\u011bru dosp\u011bli v\u011bdci&#8230;<\/p>\n","protected":false},"author":1,"featured_media":2453,"comment_status":"closed","ping_status":"open","sticky":false,"template":"","format":"standard","meta":{"inline_featured_image":false},"categories":[780],"tags":[],"yoast_head":"<!-- This site is optimized with the Yoast SEO plugin v18.1 - https:\/\/yoast.com\/wordpress\/plugins\/seo\/ -->\n<title>ADHD v d\u011btstv\u00ed m\u016f\u017ee souviset s obezitou v dosp\u011blosti - Test Mysli<\/title>\n<meta name=\"robots\" content=\"index, follow, max-snippet:-1, max-image-preview:large, max-video-preview:-1\" \/>\n<link rel=\"canonical\" href=\"https:\/\/www.diagnostika-mysli.cz\/blog\/adhd\/adhd-v-detstvi-muze-souviset-s-obezitou-v-dospelosti\/\" \/>\n<meta property=\"og:locale\" content=\"cs_CZ\" \/>\n<meta property=\"og:type\" content=\"article\" \/>\n<meta property=\"og:title\" content=\"ADHD v d\u011btstv\u00ed m\u016f\u017ee souviset s obezitou v dosp\u011blosti - Test Mysli\" \/>\n<meta property=\"og:description\" content=\"Lid\u00e9 s p\u0159\u00edznaky ADHD v d\u011btstv\u00ed mohou b\u00fdt v budoucnu n\u00e1chyln\u011bj\u0161\u00ed k probl\u00e9m\u016fm s obezitou, uv\u00e1d\u00ed International Journal of Obesity. K tomuto z\u00e1v\u011bru dosp\u011bli v\u011bdci...\" \/>\n<meta property=\"og:url\" content=\"https:\/\/www.diagnostika-mysli.cz\/blog\/adhd\/adhd-v-detstvi-muze-souviset-s-obezitou-v-dospelosti\/\" \/>\n<meta property=\"og:site_name\" content=\"Test Mysli\" \/>\n<meta property=\"article:published_time\" content=\"2022-08-22T06:02:50+00:00\" \/>\n<meta property=\"article:modified_time\" content=\"2023-12-15T16:34:24+00:00\" \/>\n<meta property=\"og:image\" content=\"https:\/\/www.diagnostika-mysli.cz\/blog\/wp-content\/uploads\/2022\/08\/3-1.png\" \/>\n\t<meta property=\"og:image:width\" content=\"769\" \/>\n\t<meta property=\"og:image:height\" content=\"397\" \/>\n\t<meta property=\"og:image:type\" content=\"image\/png\" \/>\n<meta name=\"twitter:card\" content=\"summary_large_image\" \/>\n<meta name=\"twitter:label1\" content=\"Napsal(a)\" \/>\n\t<meta name=\"twitter:data1\" content=\"Test Mysli\" \/>\n\t<meta name=\"twitter:label2\" content=\"Odhadovan\u00e1 doba \u010dten\u00ed\" \/>\n\t<meta name=\"twitter:data2\" content=\"2 minuty\" \/>\n<script type=\"application\/ld+json\" class=\"yoast-schema-graph\">{\"@context\":\"https:\/\/schema.org\",\"@graph\":[{\"@type\":\"WebSite\",\"@id\":\"https:\/\/www.diagnostika-mysli.cz\/blog\/#website\",\"url\":\"https:\/\/www.diagnostika-mysli.cz\/blog\/\",\"name\":\"Test Mysli\",\"description\":\"Blog o poruch\u00e1ch mysli\",\"potentialAction\":[{\"@type\":\"SearchAction\",\"target\":{\"@type\":\"EntryPoint\",\"urlTemplate\":\"https:\/\/www.diagnostika-mysli.cz\/blog\/?s={search_term_string}\"},\"query-input\":\"required name=search_term_string\"}],\"inLanguage\":\"cs\"},{\"@type\":\"ImageObject\",\"@id\":\"https:\/\/www.diagnostika-mysli.cz\/blog\/adhd\/adhd-v-detstvi-muze-souviset-s-obezitou-v-dospelosti\/#primaryimage\",\"inLanguage\":\"cs\",\"url\":\"https:\/\/www.diagnostika-mysli.cz\/blog\/wp-content\/uploads\/2022\/08\/3-1.png\",\"contentUrl\":\"https:\/\/www.diagnostika-mysli.cz\/blog\/wp-content\/uploads\/2022\/08\/3-1.png\",\"width\":769,\"height\":397},{\"@type\":\"WebPage\",\"@id\":\"https:\/\/www.diagnostika-mysli.cz\/blog\/adhd\/adhd-v-detstvi-muze-souviset-s-obezitou-v-dospelosti\/#webpage\",\"url\":\"https:\/\/www.diagnostika-mysli.cz\/blog\/adhd\/adhd-v-detstvi-muze-souviset-s-obezitou-v-dospelosti\/\",\"name\":\"ADHD v d\u011btstv\u00ed m\u016f\u017ee souviset s obezitou v dosp\u011blosti - Test Mysli\",\"isPartOf\":{\"@id\":\"https:\/\/www.diagnostika-mysli.cz\/blog\/#website\"},\"primaryImageOfPage\":{\"@id\":\"https:\/\/www.diagnostika-mysli.cz\/blog\/adhd\/adhd-v-detstvi-muze-souviset-s-obezitou-v-dospelosti\/#primaryimage\"},\"datePublished\":\"2022-08-22T06:02:50+00:00\",\"dateModified\":\"2023-12-15T16:34:24+00:00\",\"author\":{\"@id\":\"https:\/\/www.diagnostika-mysli.cz\/blog\/#\/schema\/person\/8eb1bcaf59fea75c780c11946f4e3490\"},\"breadcrumb\":{\"@id\":\"https:\/\/www.diagnostika-mysli.cz\/blog\/adhd\/adhd-v-detstvi-muze-souviset-s-obezitou-v-dospelosti\/#breadcrumb\"},\"inLanguage\":\"cs\",\"potentialAction\":[{\"@type\":\"ReadAction\",\"target\":[\"https:\/\/www.diagnostika-mysli.cz\/blog\/adhd\/adhd-v-detstvi-muze-souviset-s-obezitou-v-dospelosti\/\"]}]},{\"@type\":\"BreadcrumbList\",\"@id\":\"https:\/\/www.diagnostika-mysli.cz\/blog\/adhd\/adhd-v-detstvi-muze-souviset-s-obezitou-v-dospelosti\/#breadcrumb\",\"itemListElement\":[{\"@type\":\"ListItem\",\"position\":1,\"name\":\"Blog\",\"item\":\"https:\/\/www.diagnostika-mysli.cz\/blog\/\"},{\"@type\":\"ListItem\",\"position\":2,\"name\":\"ADHD\",\"item\":\"https:\/\/www.diagnostika-mysli.cz\/blog\/adhd\/\"},{\"@type\":\"ListItem\",\"position\":3,\"name\":\"ADHD v d\u011btstv\u00ed m\u016f\u017ee souviset s obezitou v dosp\u011blosti\"}]},{\"@type\":\"Person\",\"@id\":\"https:\/\/www.diagnostika-mysli.cz\/blog\/#\/schema\/person\/8eb1bcaf59fea75c780c11946f4e3490\",\"name\":\"Test Mysli\",\"image\":{\"@type\":\"ImageObject\",\"@id\":\"https:\/\/www.diagnostika-mysli.cz\/blog\/#personlogo\",\"inLanguage\":\"cs\",\"url\":\"https:\/\/secure.gravatar.com\/avatar\/6743211f010801ea26aa9423a2daab37?s=96&d=mm&r=g\",\"contentUrl\":\"https:\/\/secure.gravatar.com\/avatar\/6743211f010801ea26aa9423a2daab37?s=96&d=mm&r=g\",\"caption\":\"Test Mysli\"},\"sameAs\":[\"https:\/\/www.diagnostika-mysli.cz\/blog\"],\"url\":\"https:\/\/www.diagnostika-mysli.cz\/blog\/author\/diagnostyka-umyslu\/\"}]}<\/script>\n<!-- \/ Yoast SEO plugin. -->","yoast_head_json":{"title":"ADHD v d\u011btstv\u00ed m\u016f\u017ee souviset s obezitou v dosp\u011blosti - Test Mysli","robots":{"index":"index","follow":"follow","max-snippet":"max-snippet:-1","max-image-preview":"max-image-preview:large","max-video-preview":"max-video-preview:-1"},"canonical":"https:\/\/www.diagnostika-mysli.cz\/blog\/adhd\/adhd-v-detstvi-muze-souviset-s-obezitou-v-dospelosti\/","og_locale":"cs_CZ","og_type":"article","og_title":"ADHD v d\u011btstv\u00ed m\u016f\u017ee souviset s obezitou v dosp\u011blosti - Test Mysli","og_description":"Lid\u00e9 s p\u0159\u00edznaky ADHD v d\u011btstv\u00ed mohou b\u00fdt v budoucnu n\u00e1chyln\u011bj\u0161\u00ed k probl\u00e9m\u016fm s obezitou, uv\u00e1d\u00ed International Journal of Obesity. K tomuto z\u00e1v\u011bru dosp\u011bli v\u011bdci...","og_url":"https:\/\/www.diagnostika-mysli.cz\/blog\/adhd\/adhd-v-detstvi-muze-souviset-s-obezitou-v-dospelosti\/","og_site_name":"Test Mysli","article_published_time":"2022-08-22T06:02:50+00:00","article_modified_time":"2023-12-15T16:34:24+00:00","og_image":[{"width":769,"height":397,"url":"https:\/\/www.diagnostika-mysli.cz\/blog\/wp-content\/uploads\/2022\/08\/3-1.png","type":"image\/png"}],"twitter_card":"summary_large_image","twitter_misc":{"Napsal(a)":"Test Mysli","Odhadovan\u00e1 doba \u010dten\u00ed":"2 minuty"},"schema":{"@context":"https:\/\/schema.org","@graph":[{"@type":"WebSite","@id":"https:\/\/www.diagnostika-mysli.cz\/blog\/#website","url":"https:\/\/www.diagnostika-mysli.cz\/blog\/","name":"Test Mysli","description":"Blog o poruch\u00e1ch mysli","potentialAction":[{"@type":"SearchAction","target":{"@type":"EntryPoint","urlTemplate":"https:\/\/www.diagnostika-mysli.cz\/blog\/?s={search_term_string}"},"query-input":"required name=search_term_string"}],"inLanguage":"cs"},{"@type":"ImageObject","@id":"https:\/\/www.diagnostika-mysli.cz\/blog\/adhd\/adhd-v-detstvi-muze-souviset-s-obezitou-v-dospelosti\/#primaryimage","inLanguage":"cs","url":"https:\/\/www.diagnostika-mysli.cz\/blog\/wp-content\/uploads\/2022\/08\/3-1.png","contentUrl":"https:\/\/www.diagnostika-mysli.cz\/blog\/wp-content\/uploads\/2022\/08\/3-1.png","width":769,"height":397},{"@type":"WebPage","@id":"https:\/\/www.diagnostika-mysli.cz\/blog\/adhd\/adhd-v-detstvi-muze-souviset-s-obezitou-v-dospelosti\/#webpage","url":"https:\/\/www.diagnostika-mysli.cz\/blog\/adhd\/adhd-v-detstvi-muze-souviset-s-obezitou-v-dospelosti\/","name":"ADHD v d\u011btstv\u00ed m\u016f\u017ee souviset s obezitou v dosp\u011blosti - Test Mysli","isPartOf":{"@id":"https:\/\/www.diagnostika-mysli.cz\/blog\/#website"},"primaryImageOfPage":{"@id":"https:\/\/www.diagnostika-mysli.cz\/blog\/adhd\/adhd-v-detstvi-muze-souviset-s-obezitou-v-dospelosti\/#primaryimage"},"datePublished":"2022-08-22T06:02:50+00:00","dateModified":"2023-12-15T16:34:24+00:00","author":{"@id":"https:\/\/www.diagnostika-mysli.cz\/blog\/#\/schema\/person\/8eb1bcaf59fea75c780c11946f4e3490"},"breadcrumb":{"@id":"https:\/\/www.diagnostika-mysli.cz\/blog\/adhd\/adhd-v-detstvi-muze-souviset-s-obezitou-v-dospelosti\/#breadcrumb"},"inLanguage":"cs","potentialAction":[{"@type":"ReadAction","target":["https:\/\/www.diagnostika-mysli.cz\/blog\/adhd\/adhd-v-detstvi-muze-souviset-s-obezitou-v-dospelosti\/"]}]},{"@type":"BreadcrumbList","@id":"https:\/\/www.diagnostika-mysli.cz\/blog\/adhd\/adhd-v-detstvi-muze-souviset-s-obezitou-v-dospelosti\/#breadcrumb","itemListElement":[{"@type":"ListItem","position":1,"name":"Blog","item":"https:\/\/www.diagnostika-mysli.cz\/blog\/"},{"@type":"ListItem","position":2,"name":"ADHD","item":"https:\/\/www.diagnostika-mysli.cz\/blog\/adhd\/"},{"@type":"ListItem","position":3,"name":"ADHD v d\u011btstv\u00ed m\u016f\u017ee souviset s obezitou v dosp\u011blosti"}]},{"@type":"Person","@id":"https:\/\/www.diagnostika-mysli.cz\/blog\/#\/schema\/person\/8eb1bcaf59fea75c780c11946f4e3490","name":"Test Mysli","image":{"@type":"ImageObject","@id":"https:\/\/www.diagnostika-mysli.cz\/blog\/#personlogo","inLanguage":"cs","url":"https:\/\/secure.gravatar.com\/avatar\/6743211f010801ea26aa9423a2daab37?s=96&d=mm&r=g","contentUrl":"https:\/\/secure.gravatar.com\/avatar\/6743211f010801ea26aa9423a2daab37?s=96&d=mm&r=g","caption":"Test Mysli"},"sameAs":["https:\/\/www.diagnostika-mysli.cz\/blog"],"url":"https:\/\/www.diagnostika-mysli.cz\/blog\/author\/diagnostyka-umyslu\/"}]}},"amp_enabled":true,"_links":{"self":[{"href":"https:\/\/www.diagnostika-mysli.cz\/blog\/wp-json\/wp\/v2\/posts\/2482"}],"collection":[{"href":"https:\/\/www.diagnostika-mysli.cz\/blog\/wp-json\/wp\/v2\/posts"}],"about":[{"href":"https:\/\/www.diagnostika-mysli.cz\/blog\/wp-json\/wp\/v2\/types\/post"}],"author":[{"embeddable":true,"href":"https:\/\/www.diagnostika-mysli.cz\/blog\/wp-json\/wp\/v2\/users\/1"}],"replies":[{"embeddable":true,"href":"https:\/\/www.diagnostika-mysli.cz\/blog\/wp-json\/wp\/v2\/comments?post=2482"}],"version-history":[{"count":2,"href":"https:\/\/www.diagnostika-mysli.cz\/blog\/wp-json\/wp\/v2\/posts\/2482\/revisions"}],"predecessor-version":[{"id":2707,"href":"https:\/\/www.diagnostika-mysli.cz\/blog\/wp-json\/wp\/v2\/posts\/2482\/revisions\/2707"}],"wp:featuredmedia":[{"embeddable":true,"href":"https:\/\/www.diagnostika-mysli.cz\/blog\/wp-json\/wp\/v2\/media\/2453"}],"wp:attachment":[{"href":"https:\/\/www.diagnostika-mysli.cz\/blog\/wp-json\/wp\/v2\/media?parent=2482"}],"wp:term":[{"taxonomy":"category","embeddable":true,"href":"https:\/\/www.diagnostika-mysli.cz\/blog\/wp-json\/wp\/v2\/categories?post=2482"},{"taxonomy":"post_tag","embeddable":true,"href":"https:\/\/www.diagnostika-mysli.cz\/blog\/wp-json\/wp\/v2\/tags?post=2482"}],"curies":[{"name":"wp","href":"https:\/\/api.w.org\/{rel}","templated":true}]}}