{"id":2484,"date":"2022-08-23T02:00:01","date_gmt":"2022-08-23T06:00:01","guid":{"rendered":"https:\/\/www.diagnostika-mysli.cz\/blog\/?p=2484"},"modified":"2023-12-15T17:34:15","modified_gmt":"2023-12-15T16:34:15","slug":"vyzkumnici-3-az-5-procent-deti-skolniho-veku-trpi-adhd","status":"publish","type":"post","link":"https:\/\/www.diagnostika-mysli.cz\/blog\/adhd\/vyzkumnici-3-az-5-procent-deti-skolniho-veku-trpi-adhd\/","title":{"rendered":"V\u00fdzkumn\u00edci: 3 a\u017e 5 procent d\u011bt\u00ed \u0161koln\u00edho v\u011bku trp\u00ed ADHD"},"content":{"rendered":"<blockquote><p>Poruchou pozornosti a hyperaktivitou (ADHD) trp\u00ed t\u0159i a\u017e p\u011bt procent d\u011bt\u00ed \u0161koln\u00edho v\u011bku, p\u0159i\u010dem\u017e mezi nimi je v\u00edce chlapc\u016f ne\u017e d\u00edvek, zazn\u011blo v \u00fater\u00fd na konferenci o ADHD ve Var\u0161av\u011b.<\/p><\/blockquote>\n<p>Profesor Andrzej Rajewski z katedry d\u011btsk\u00e9 a dorostov\u00e9 psychiatrie na L\u00e9ka\u0159sk\u00e9 univerzit\u011b v Poznani uvedl, \u017ee v\u00fdzkumy ukazuj\u00ed, \u017ee osoby trp\u00edc\u00ed <a href=\"https:\/\/www.diagnostika-mysli.cz\/adhd-test\">ADHD<\/a> maj\u00ed naru\u0161en\u00e9 kognitivn\u00ed procesy, zv\u00fd\u0161en\u00e9 aktiva\u010dn\u00ed procesy v centr\u00e1ln\u00ed nervov\u00e9 soustav\u011b a naru\u0161en\u00ed exekutivn\u00edho syst\u00e9mu. Z klasifikace prezentovan\u00e9 na konferenci vypl\u00fdv\u00e1, \u017ee 20 a\u017e 30 % d\u011bt\u00ed s ADHD m\u00e1 specifick\u00e9 poruchy v\u00fdvoje \u0159e\u010di a \u0161koln\u00edch dovednost\u00ed, zat\u00edmco 20 a\u017e 69 % d\u011bt\u00ed m\u00e1 poruchu opozi\u010dn\u00edho vzdoru. D\u011bti s ADHD maj\u00ed v dosp\u011blosti zv\u00fd\u0161en\u00e9 riziko r\u016fzn\u00fdch poruch: od neuroticko-\u00fazkostn\u00fdch poruch a\u017e po bipol\u00e1rn\u00ed poruchu a schizofrenii. A\u017e u 70 % neadekv\u00e1tn\u011b l\u00e9\u010den\u00fdch d\u011bt\u00ed se v dosp\u011blosti objev\u00ed symptomy. Z toho vypl\u00fdv\u00e1, jak zd\u016fraznil profesor Rajewski, pot\u0159eba psychoterapie a v n\u011bkter\u00fdch p\u0159\u00edpadech i farmakoterapie. Podle psychiatra Dr. Artura Ko\u0142akowsk\u00e9ho, kter\u00fd byl na konferenci p\u0159\u00edtomen, je u d\u011bt\u00ed s ADHD nutn\u00e1 dlouhodob\u00e1 p\u00e9\u010de, aby se p\u0159ede\u0161lo vzniku komplikac\u00ed v dosp\u011blosti. Upozornil, \u017ee pr\u00e1ce psychoterapeuta v tomto p\u0159\u00edpad\u011b nespo\u010d\u00edv\u00e1 pouze v pr\u00e1ci s d\u00edt\u011btem, ale tak\u00e9 s jeho rodi\u010di a \u0161koln\u00edm prost\u0159ed\u00edm. Tyto d\u011bti jsou odm\u00edt\u00e1ny nejen dosp\u011bl\u00fdmi, ale i sv\u00fdmi vrstevn\u00edky, a proto maj\u00ed men\u0161\u00ed \u0161anci nau\u010dit se dobr\u00fdm dovednostem, uvedl. (PAP)<\/p>\n<hr \/>\n<p>Zdroj<\/p>\n<ul>\n<li><em>https:\/\/www.medonet.pl\/zdrowie\/wiadomosci,naukowcy&#8211;3-do-5-proc&#8211;dzieci-w-wieku-szkolnym-ma-adhd,artykul,1597355.html<\/em><\/li>\n<\/ul>\n","protected":false},"excerpt":{"rendered":"<p>Poruchou pozornosti a hyperaktivitou (ADHD) trp\u00ed t\u0159i a\u017e p\u011bt procent d\u011bt\u00ed \u0161koln\u00edho v\u011bku, p\u0159i\u010dem\u017e mezi nimi je v\u00edce chlapc\u016f ne\u017e d\u00edvek, zazn\u011blo v \u00fater\u00fd na&#8230;<\/p>\n","protected":false},"author":1,"featured_media":2468,"comment_status":"closed","ping_status":"open","sticky":false,"template":"","format":"standard","meta":{"inline_featured_image":false},"categories":[780],"tags":[],"yoast_head":"<!-- This site is optimized with the Yoast SEO plugin v18.1 - https:\/\/yoast.com\/wordpress\/plugins\/seo\/ -->\n<title>V\u00fdzkumn\u00edci: 3 a\u017e 5 procent d\u011bt\u00ed \u0161koln\u00edho v\u011bku trp\u00ed ADHD - Test Mysli<\/title>\n<meta name=\"robots\" content=\"index, follow, max-snippet:-1, max-image-preview:large, max-video-preview:-1\" \/>\n<link rel=\"canonical\" href=\"https:\/\/www.diagnostika-mysli.cz\/blog\/adhd\/vyzkumnici-3-az-5-procent-deti-skolniho-veku-trpi-adhd\/\" \/>\n<meta property=\"og:locale\" content=\"cs_CZ\" \/>\n<meta property=\"og:type\" content=\"article\" \/>\n<meta property=\"og:title\" content=\"V\u00fdzkumn\u00edci: 3 a\u017e 5 procent d\u011bt\u00ed \u0161koln\u00edho v\u011bku trp\u00ed ADHD - Test Mysli\" \/>\n<meta property=\"og:description\" content=\"Poruchou pozornosti a hyperaktivitou (ADHD) trp\u00ed t\u0159i a\u017e p\u011bt procent d\u011bt\u00ed \u0161koln\u00edho v\u011bku, p\u0159i\u010dem\u017e mezi nimi je v\u00edce chlapc\u016f ne\u017e d\u00edvek, zazn\u011blo v \u00fater\u00fd na...\" \/>\n<meta property=\"og:url\" content=\"https:\/\/www.diagnostika-mysli.cz\/blog\/adhd\/vyzkumnici-3-az-5-procent-deti-skolniho-veku-trpi-adhd\/\" \/>\n<meta property=\"og:site_name\" content=\"Test Mysli\" \/>\n<meta property=\"article:published_time\" content=\"2022-08-23T06:00:01+00:00\" \/>\n<meta property=\"article:modified_time\" content=\"2023-12-15T16:34:15+00:00\" \/>\n<meta property=\"og:image\" content=\"https:\/\/www.diagnostika-mysli.cz\/blog\/wp-content\/uploads\/2022\/08\/8.png\" \/>\n\t<meta property=\"og:image:width\" content=\"763\" \/>\n\t<meta property=\"og:image:height\" content=\"398\" \/>\n\t<meta property=\"og:image:type\" content=\"image\/png\" \/>\n<meta name=\"twitter:card\" content=\"summary_large_image\" \/>\n<meta name=\"twitter:label1\" content=\"Napsal(a)\" \/>\n\t<meta name=\"twitter:data1\" content=\"Test Mysli\" \/>\n\t<meta name=\"twitter:label2\" content=\"Odhadovan\u00e1 doba \u010dten\u00ed\" \/>\n\t<meta name=\"twitter:data2\" content=\"2 minuty\" \/>\n<script type=\"application\/ld+json\" class=\"yoast-schema-graph\">{\"@context\":\"https:\/\/schema.org\",\"@graph\":[{\"@type\":\"WebSite\",\"@id\":\"https:\/\/www.diagnostika-mysli.cz\/blog\/#website\",\"url\":\"https:\/\/www.diagnostika-mysli.cz\/blog\/\",\"name\":\"Test Mysli\",\"description\":\"Blog o poruch\u00e1ch mysli\",\"potentialAction\":[{\"@type\":\"SearchAction\",\"target\":{\"@type\":\"EntryPoint\",\"urlTemplate\":\"https:\/\/www.diagnostika-mysli.cz\/blog\/?s={search_term_string}\"},\"query-input\":\"required name=search_term_string\"}],\"inLanguage\":\"cs\"},{\"@type\":\"ImageObject\",\"@id\":\"https:\/\/www.diagnostika-mysli.cz\/blog\/adhd\/vyzkumnici-3-az-5-procent-deti-skolniho-veku-trpi-adhd\/#primaryimage\",\"inLanguage\":\"cs\",\"url\":\"https:\/\/www.diagnostika-mysli.cz\/blog\/wp-content\/uploads\/2022\/08\/8.png\",\"contentUrl\":\"https:\/\/www.diagnostika-mysli.cz\/blog\/wp-content\/uploads\/2022\/08\/8.png\",\"width\":763,\"height\":398},{\"@type\":\"WebPage\",\"@id\":\"https:\/\/www.diagnostika-mysli.cz\/blog\/adhd\/vyzkumnici-3-az-5-procent-deti-skolniho-veku-trpi-adhd\/#webpage\",\"url\":\"https:\/\/www.diagnostika-mysli.cz\/blog\/adhd\/vyzkumnici-3-az-5-procent-deti-skolniho-veku-trpi-adhd\/\",\"name\":\"V\u00fdzkumn\u00edci: 3 a\u017e 5 procent d\u011bt\u00ed \u0161koln\u00edho v\u011bku trp\u00ed ADHD - Test Mysli\",\"isPartOf\":{\"@id\":\"https:\/\/www.diagnostika-mysli.cz\/blog\/#website\"},\"primaryImageOfPage\":{\"@id\":\"https:\/\/www.diagnostika-mysli.cz\/blog\/adhd\/vyzkumnici-3-az-5-procent-deti-skolniho-veku-trpi-adhd\/#primaryimage\"},\"datePublished\":\"2022-08-23T06:00:01+00:00\",\"dateModified\":\"2023-12-15T16:34:15+00:00\",\"author\":{\"@id\":\"https:\/\/www.diagnostika-mysli.cz\/blog\/#\/schema\/person\/8eb1bcaf59fea75c780c11946f4e3490\"},\"breadcrumb\":{\"@id\":\"https:\/\/www.diagnostika-mysli.cz\/blog\/adhd\/vyzkumnici-3-az-5-procent-deti-skolniho-veku-trpi-adhd\/#breadcrumb\"},\"inLanguage\":\"cs\",\"potentialAction\":[{\"@type\":\"ReadAction\",\"target\":[\"https:\/\/www.diagnostika-mysli.cz\/blog\/adhd\/vyzkumnici-3-az-5-procent-deti-skolniho-veku-trpi-adhd\/\"]}]},{\"@type\":\"BreadcrumbList\",\"@id\":\"https:\/\/www.diagnostika-mysli.cz\/blog\/adhd\/vyzkumnici-3-az-5-procent-deti-skolniho-veku-trpi-adhd\/#breadcrumb\",\"itemListElement\":[{\"@type\":\"ListItem\",\"position\":1,\"name\":\"Blog\",\"item\":\"https:\/\/www.diagnostika-mysli.cz\/blog\/\"},{\"@type\":\"ListItem\",\"position\":2,\"name\":\"ADHD\",\"item\":\"https:\/\/www.diagnostika-mysli.cz\/blog\/adhd\/\"},{\"@type\":\"ListItem\",\"position\":3,\"name\":\"V\u00fdzkumn\u00edci: 3 a\u017e 5 procent d\u011bt\u00ed \u0161koln\u00edho v\u011bku trp\u00ed ADHD\"}]},{\"@type\":\"Person\",\"@id\":\"https:\/\/www.diagnostika-mysli.cz\/blog\/#\/schema\/person\/8eb1bcaf59fea75c780c11946f4e3490\",\"name\":\"Test Mysli\",\"image\":{\"@type\":\"ImageObject\",\"@id\":\"https:\/\/www.diagnostika-mysli.cz\/blog\/#personlogo\",\"inLanguage\":\"cs\",\"url\":\"https:\/\/secure.gravatar.com\/avatar\/6743211f010801ea26aa9423a2daab37?s=96&d=mm&r=g\",\"contentUrl\":\"https:\/\/secure.gravatar.com\/avatar\/6743211f010801ea26aa9423a2daab37?s=96&d=mm&r=g\",\"caption\":\"Test Mysli\"},\"sameAs\":[\"https:\/\/www.diagnostika-mysli.cz\/blog\"],\"url\":\"https:\/\/www.diagnostika-mysli.cz\/blog\/author\/diagnostyka-umyslu\/\"}]}<\/script>\n<!-- \/ Yoast SEO plugin. -->","yoast_head_json":{"title":"V\u00fdzkumn\u00edci: 3 a\u017e 5 procent d\u011bt\u00ed \u0161koln\u00edho v\u011bku trp\u00ed ADHD - Test Mysli","robots":{"index":"index","follow":"follow","max-snippet":"max-snippet:-1","max-image-preview":"max-image-preview:large","max-video-preview":"max-video-preview:-1"},"canonical":"https:\/\/www.diagnostika-mysli.cz\/blog\/adhd\/vyzkumnici-3-az-5-procent-deti-skolniho-veku-trpi-adhd\/","og_locale":"cs_CZ","og_type":"article","og_title":"V\u00fdzkumn\u00edci: 3 a\u017e 5 procent d\u011bt\u00ed \u0161koln\u00edho v\u011bku trp\u00ed ADHD - Test Mysli","og_description":"Poruchou pozornosti a hyperaktivitou (ADHD) trp\u00ed t\u0159i a\u017e p\u011bt procent d\u011bt\u00ed \u0161koln\u00edho v\u011bku, p\u0159i\u010dem\u017e mezi nimi je v\u00edce chlapc\u016f ne\u017e d\u00edvek, zazn\u011blo v \u00fater\u00fd na...","og_url":"https:\/\/www.diagnostika-mysli.cz\/blog\/adhd\/vyzkumnici-3-az-5-procent-deti-skolniho-veku-trpi-adhd\/","og_site_name":"Test Mysli","article_published_time":"2022-08-23T06:00:01+00:00","article_modified_time":"2023-12-15T16:34:15+00:00","og_image":[{"width":763,"height":398,"url":"https:\/\/www.diagnostika-mysli.cz\/blog\/wp-content\/uploads\/2022\/08\/8.png","type":"image\/png"}],"twitter_card":"summary_large_image","twitter_misc":{"Napsal(a)":"Test Mysli","Odhadovan\u00e1 doba \u010dten\u00ed":"2 minuty"},"schema":{"@context":"https:\/\/schema.org","@graph":[{"@type":"WebSite","@id":"https:\/\/www.diagnostika-mysli.cz\/blog\/#website","url":"https:\/\/www.diagnostika-mysli.cz\/blog\/","name":"Test Mysli","description":"Blog o poruch\u00e1ch mysli","potentialAction":[{"@type":"SearchAction","target":{"@type":"EntryPoint","urlTemplate":"https:\/\/www.diagnostika-mysli.cz\/blog\/?s={search_term_string}"},"query-input":"required name=search_term_string"}],"inLanguage":"cs"},{"@type":"ImageObject","@id":"https:\/\/www.diagnostika-mysli.cz\/blog\/adhd\/vyzkumnici-3-az-5-procent-deti-skolniho-veku-trpi-adhd\/#primaryimage","inLanguage":"cs","url":"https:\/\/www.diagnostika-mysli.cz\/blog\/wp-content\/uploads\/2022\/08\/8.png","contentUrl":"https:\/\/www.diagnostika-mysli.cz\/blog\/wp-content\/uploads\/2022\/08\/8.png","width":763,"height":398},{"@type":"WebPage","@id":"https:\/\/www.diagnostika-mysli.cz\/blog\/adhd\/vyzkumnici-3-az-5-procent-deti-skolniho-veku-trpi-adhd\/#webpage","url":"https:\/\/www.diagnostika-mysli.cz\/blog\/adhd\/vyzkumnici-3-az-5-procent-deti-skolniho-veku-trpi-adhd\/","name":"V\u00fdzkumn\u00edci: 3 a\u017e 5 procent d\u011bt\u00ed \u0161koln\u00edho v\u011bku trp\u00ed ADHD - Test Mysli","isPartOf":{"@id":"https:\/\/www.diagnostika-mysli.cz\/blog\/#website"},"primaryImageOfPage":{"@id":"https:\/\/www.diagnostika-mysli.cz\/blog\/adhd\/vyzkumnici-3-az-5-procent-deti-skolniho-veku-trpi-adhd\/#primaryimage"},"datePublished":"2022-08-23T06:00:01+00:00","dateModified":"2023-12-15T16:34:15+00:00","author":{"@id":"https:\/\/www.diagnostika-mysli.cz\/blog\/#\/schema\/person\/8eb1bcaf59fea75c780c11946f4e3490"},"breadcrumb":{"@id":"https:\/\/www.diagnostika-mysli.cz\/blog\/adhd\/vyzkumnici-3-az-5-procent-deti-skolniho-veku-trpi-adhd\/#breadcrumb"},"inLanguage":"cs","potentialAction":[{"@type":"ReadAction","target":["https:\/\/www.diagnostika-mysli.cz\/blog\/adhd\/vyzkumnici-3-az-5-procent-deti-skolniho-veku-trpi-adhd\/"]}]},{"@type":"BreadcrumbList","@id":"https:\/\/www.diagnostika-mysli.cz\/blog\/adhd\/vyzkumnici-3-az-5-procent-deti-skolniho-veku-trpi-adhd\/#breadcrumb","itemListElement":[{"@type":"ListItem","position":1,"name":"Blog","item":"https:\/\/www.diagnostika-mysli.cz\/blog\/"},{"@type":"ListItem","position":2,"name":"ADHD","item":"https:\/\/www.diagnostika-mysli.cz\/blog\/adhd\/"},{"@type":"ListItem","position":3,"name":"V\u00fdzkumn\u00edci: 3 a\u017e 5 procent d\u011bt\u00ed \u0161koln\u00edho v\u011bku trp\u00ed ADHD"}]},{"@type":"Person","@id":"https:\/\/www.diagnostika-mysli.cz\/blog\/#\/schema\/person\/8eb1bcaf59fea75c780c11946f4e3490","name":"Test Mysli","image":{"@type":"ImageObject","@id":"https:\/\/www.diagnostika-mysli.cz\/blog\/#personlogo","inLanguage":"cs","url":"https:\/\/secure.gravatar.com\/avatar\/6743211f010801ea26aa9423a2daab37?s=96&d=mm&r=g","contentUrl":"https:\/\/secure.gravatar.com\/avatar\/6743211f010801ea26aa9423a2daab37?s=96&d=mm&r=g","caption":"Test Mysli"},"sameAs":["https:\/\/www.diagnostika-mysli.cz\/blog"],"url":"https:\/\/www.diagnostika-mysli.cz\/blog\/author\/diagnostyka-umyslu\/"}]}},"amp_enabled":true,"_links":{"self":[{"href":"https:\/\/www.diagnostika-mysli.cz\/blog\/wp-json\/wp\/v2\/posts\/2484"}],"collection":[{"href":"https:\/\/www.diagnostika-mysli.cz\/blog\/wp-json\/wp\/v2\/posts"}],"about":[{"href":"https:\/\/www.diagnostika-mysli.cz\/blog\/wp-json\/wp\/v2\/types\/post"}],"author":[{"embeddable":true,"href":"https:\/\/www.diagnostika-mysli.cz\/blog\/wp-json\/wp\/v2\/users\/1"}],"replies":[{"embeddable":true,"href":"https:\/\/www.diagnostika-mysli.cz\/blog\/wp-json\/wp\/v2\/comments?post=2484"}],"version-history":[{"count":2,"href":"https:\/\/www.diagnostika-mysli.cz\/blog\/wp-json\/wp\/v2\/posts\/2484\/revisions"}],"predecessor-version":[{"id":2706,"href":"https:\/\/www.diagnostika-mysli.cz\/blog\/wp-json\/wp\/v2\/posts\/2484\/revisions\/2706"}],"wp:featuredmedia":[{"embeddable":true,"href":"https:\/\/www.diagnostika-mysli.cz\/blog\/wp-json\/wp\/v2\/media\/2468"}],"wp:attachment":[{"href":"https:\/\/www.diagnostika-mysli.cz\/blog\/wp-json\/wp\/v2\/media?parent=2484"}],"wp:term":[{"taxonomy":"category","embeddable":true,"href":"https:\/\/www.diagnostika-mysli.cz\/blog\/wp-json\/wp\/v2\/categories?post=2484"},{"taxonomy":"post_tag","embeddable":true,"href":"https:\/\/www.diagnostika-mysli.cz\/blog\/wp-json\/wp\/v2\/tags?post=2484"}],"curies":[{"name":"wp","href":"https:\/\/api.w.org\/{rel}","templated":true}]}}