{"id":2486,"date":"2022-08-24T02:00:57","date_gmt":"2022-08-24T06:00:57","guid":{"rendered":"https:\/\/www.diagnostika-mysli.cz\/blog\/?p=2486"},"modified":"2023-12-15T17:32:18","modified_gmt":"2023-12-15T16:32:18","slug":"adhd-je-stale-casteji-diagnostikovana-u-dospelych-jake-priznaky-svedci-pro-tuto-poruchu","status":"publish","type":"post","link":"https:\/\/www.diagnostika-mysli.cz\/blog\/adhd\/adhd-je-stale-casteji-diagnostikovana-u-dospelych-jake-priznaky-svedci-pro-tuto-poruchu\/","title":{"rendered":"ADHD je st\u00e1le \u010dast\u011bji diagnostikov\u00e1na u dosp\u011bl\u00fdch. Jak\u00e9 p\u0159\u00edznaky sv\u011bd\u010d\u00ed pro tuto poruchu?"},"content":{"rendered":"<p>Mnoho lid\u00ed na sob\u011b pozoruje chov\u00e1n\u00ed, kter\u00e9 jim zt\u011b\u017euje ka\u017edodenn\u00ed fungov\u00e1n\u00ed. Maj\u00ed probl\u00e9my se soust\u0159ed\u011bn\u00edm, ztr\u00e1cej\u00ed v\u011bci, opakovan\u011b zapom\u00ednaj\u00ed, c\u00edt\u00ed vnit\u0159n\u00ed \u00fazkost a maj\u00ed pocit, \u017ee nejsou schopni pochopit realitu. Zdrojem t\u011bchto obt\u00ed\u017e\u00ed m\u016f\u017ee b\u00fdt ADHD, kter\u00e1 nen\u00ed jen d\u011btskou poruchou. Psycholo\u017eka Sabine Bernau, kter\u00e1 se zab\u00fdv\u00e1 l\u00e9\u010dbou osob trp\u00edc\u00edch ADHD, vysv\u011btluje, jak vypad\u00e1 jejich ka\u017edodenn\u00ed \u017eivot a s jak\u00fdmi probl\u00e9my se pot\u00fdkaj\u00ed. N\u00e1sleduj\u00ed \u00faryvky z jej\u00ed knihy<strong>&#8220;ADHD u dosp\u011bl\u00fdch&#8221;<\/strong>. &#8220;N\u00e1sleduj\u00ed \u00faryvky z jej\u00ed knihy &#8216;ADHD u dosp\u011bl\u00fdch&#8217;.<\/p>\n<ul>\n<li>ADHD je porucha, se kterou se pot\u00fdk\u00e1 a\u017e 6 % dosp\u011bl\u00e9 populace<\/li>\n<li>Mezi nejcharakteristi\u010dt\u011bj\u0161\u00ed <a href=\"https:\/\/www.diagnostika-mysli.cz\/adhd-test\">p\u0159\u00edznaky ADHD<\/a> pat\u0159\u00ed zhor\u0161en\u00e1 koncentrace a pozornost, \u010dast\u00e1 zapomn\u011btlivost, nedostatek schopnosti \u0159\u00eddit \u010das a pl\u00e1novat a motorick\u00e1 hyperaktivita<\/li>\n<li>Tyto p\u0159\u00edznaky se nemus\u00ed nutn\u011b vyskytovat spole\u010dn\u011b a jsou tak\u00e9 v\u00edce \u010di m\u00e9n\u011b z\u00e1va\u017en\u00e9<\/li>\n<li>Vznik ADHD je podm\u00edn\u011bn biologick\u00fdmi faktory, osoba trp\u00edc\u00ed touto poruchou nem\u00e1 jej\u00ed vznik pod kontrolou<\/li>\n<li>Terapie ADHD prob\u00edh\u00e1 pod dohledem psychologa a psychiatra<\/li>\n<\/ul>\n<h4>Ka\u017edodenn\u00ed \u017eivot dosp\u011bl\u00fdch s ADHD<\/h4>\n<p>Jedn\u00e1 se o posledn\u00ed \u0161anci. Na stole p\u0159ed n\u00edm le\u017e\u00ed zma\u010dkan\u00e9 str\u00e1nky jeho diplomov\u00e9 pr\u00e1ce. Markus H. se chce kone\u010dn\u011b dostat na konec. Dokonce to mus\u00ed ud\u011blat. Na univerzit\u011b u\u017e vy\u010derpal v\u0161echny mo\u017enosti odkladu &#8211; pokud hotovou diplomovou pr\u00e1ci nevhod\u00ed do univerzitn\u00ed schr\u00e1nky do p\u0159\u00ed\u0161t\u00edho p\u00e1tku o p\u016flnoci, p\u0159ijde o v\u0161echno. Markus m\u00e1 za sebou dvac\u00e1t\u00fd semestr &#8211; pokud pr\u00e1ci neodevzd\u00e1 v\u010das, hroz\u00ed mu vy\u0161krtnut\u00ed ze seznamu student\u016f. Nerv\u00f3zn\u011b listuje rukopisem. Zb\u00fdvaj\u00ed je\u0161t\u011b t\u0159i dny a pak je konec! Odsune po\u0159ada\u010de stranou. Nejd\u0159\u00edv zavol\u00e1 Margu, ta ho dok\u00e1\u017ee povzbudit jako nikdo jin\u00fd. V televizi b\u011b\u017e\u00ed n\u011bjak\u00fd po\u0159ad, Markus na n\u011bj koutkem oka pohl\u00e9dne. A v\u016fbec, nejd\u0159\u00edv se pot\u0159ebuje n\u011b\u010deho nap\u00edt. Za oknem hlu\u010d\u00ed popel\u00e1\u0159sk\u00e9 auto. Je t\u011b\u017ek\u00e9 se pustit do pr\u00e1ce. To se m\u016f\u017ee st\u00e1t jenom Hann\u011b. Jako obvykle! \u0160estat\u0159icetiletou \u017eenu, povol\u00e1n\u00edm odbornici, neust\u00e1le pron\u00e1sleduje sm\u016fla. V pr\u00e1ci se j\u00ed neda\u0159\u00ed. Doma: na bitevn\u00edm poli. V profesi: t\u011bsn\u011b p\u0159ed katastrofou. Partne\u0159i: po kr\u00e1tk\u00e9 dob\u011b ut\u00edk\u00e1. Hanna \u017eije v chaosu &#8211; vn\u011bj\u0161\u00edm i vnit\u0159n\u00edm. Soust\u0159edit se j\u00ed da\u0159\u00ed jen s velk\u00fdmi obt\u00ed\u017eemi a na kr\u00e1tkou dobu ji v\u0161echno nud\u00ed. M\u00e1 ostr\u00fd jazyk a nedok\u00e1\u017ee ho udr\u017eet na uzd\u011b. To se nel\u00edb\u00ed jej\u00edm koleg\u016fm v pr\u00e1ci. Jej\u00ed \u0161\u00e9f ji u\u017e jednou pok\u00e1ral. Pokud to takhle p\u016fjde d\u00e1l&#8230; Petra nedok\u00e1\u017ee v klidu sed\u011bt, to\u010d\u00ed se, pohupuje se na \u017eidli, bubnuje prsty do stolu, neposlouch\u00e1, co se j\u00ed \u0159\u00edk\u00e1, je podr\u00e1\u017ed\u011bn\u00e1, uprost\u0159ed \u0159e\u010di klade nerv\u00f3zn\u00ed ot\u00e1zky. I ve \u0161kole v\u017edycky sed\u011bla v samostatn\u00e9 lavici. Stefan od d\u011btstv\u00ed \u017eije v z\u00e1vratn\u00e9m tempu a nikdo s n\u00edm nedok\u00e1\u017ee dr\u017eet krok. Ani to, \u017ee je mimo\u0159\u00e1dn\u011b nadan\u00fd, mu neprosp\u011blo. V\u0161echny kolem sebe roz\u010diloval a s\u00e1m se zlobil pro ka\u017edou p\u0159\u00ed\u010dinu. &#8220;Zkazil&#8221; auto, kter\u00e9 mu koupil otec. Bez rodi\u010d\u016f by nezvl\u00e1dl v\u016fbec nic. Podporuj\u00ed ho a podporuj\u00ed jeho sportovn\u00ed schopnosti, proto\u017ee v tom je opravdu dobr\u00fd. Stefan nem\u00e1 p\u0159edstavu, \u010d\u00edm by cht\u011bl v budoucnu b\u00fdt. Markus, Hanna, Petra a Stefan u\u017e v\u011bd\u00ed, co je \u010dek\u00e1. Jejich tr\u00e1pen\u00ed je zp\u016fsobeno ADHD &#8211; poruchou pozornosti s hyperaktivitou. Tento syndrom p\u0159\u00edznak\u016f, pojmenovan\u00fd a definovan\u00fd Sv\u011btovou zdravotnickou organizac\u00ed (WHO), je dnes nej\u010dast\u011bj\u0161\u00ed neurobiologickou poruchou u d\u011bt\u00ed a dosp\u00edvaj\u00edc\u00edch. A co se d\u011bje potom? Vyroste se z n\u00ed? &#8220;Bohu\u017eel ne,&#8221; \u0159\u00edk\u00e1 doktor B., kter\u00fd pracuje s mnoha mlad\u00fdmi lidmi. &#8220;ADHD trp\u00ed mnoho dosp\u011bl\u00fdch, trv\u00e1 od ran\u00e9ho d\u011btstv\u00ed a\u017e do st\u00e1\u0159\u00ed. Jak lid\u00e9 st\u00e1rnou, u\u010d\u00ed se s n\u00ed \u017e\u00edt, co\u017e je vn\u00edm\u00e1no jako zm\u00edrn\u011bn\u00ed p\u0159\u00edznak\u016f.&#8221; To se v\u0161ak z\u0159ejm\u011b ned\u011bje p\u0159\u00edli\u0161 \u010dasto, o \u010dem\u017e sv\u011bd\u010d\u00ed mno\u017estv\u00ed pacient\u016f, kte\u0159\u00ed k n\u011bmu p\u0159ich\u00e1zej\u00ed.<\/p>\n<h4>Kdy\u017e se &#8220;vrt\u011bn\u00ed&#8221; rozr\u016fst\u00e1&#8230;.<\/h4>\n<p>Heinrich Hoffmann poprv\u00e9 popsal &#8220;fidgeting&#8221; ji\u017e v roce 1845. Tento popis je kvazimetaforou pro d\u00edt\u011b s poruchou soust\u0159ed\u011bn\u00ed, hyperaktivn\u00ed a impulzivn\u00ed. Tento pediatr a neurolog p\u0159edstavil ve sv\u00e9 knize pro d\u011bti mnoho nuanc\u00ed a forem ADHD u t\u011bch nejmen\u0161\u00edch. Jeho Struwwelpeter byl naps\u00e1n se z\u00e1m\u011brem p\u0159edstavit tehdej\u0161\u00ed ve\u0159ejnosti nej\u010dast\u011bj\u0161\u00ed du\u0161evn\u00ed onemocn\u011bn\u00ed a poruchy chov\u00e1n\u00ed u d\u011bt\u00ed. Doktor Hoffmann v\u011bd\u011bl, o \u010dem p\u00ed\u0161e, proto\u017ee p\u0159i sv\u00e9 ka\u017edodenn\u00ed pr\u00e1ci s d\u011btmi m\u011bl \u010dasto mo\u017enost popisovan\u00e9 jevy pozorovat. Od t\u00e9 doby uplynulo v\u00edce ne\u017e 170 let. St\u00e1le se v\u0161ak setk\u00e1v\u00e1me s d\u011btmi, jako je Pavl\u00edk Bl\u00e1zen, Dyzio Sn\u00edlek, Kasia mysl\u00edc\u00ed na modr\u00e9 mandle nebo zlobiv\u00fd Karolka. D\u00edky modern\u00edmu v\u00fdzkumu v\u0161ak nyn\u00ed m\u00e1me jasn\u011bj\u0161\u00ed p\u0159edstavu a v\u00edce poznatk\u016f o p\u0159\u00ed\u010din\u00e1ch a pr\u016fb\u011bhu t\u00e9to poruchy. Tak\u00e9 mimo oblast klinick\u00e9ho v\u00fdzkumu, mezi l\u00e9ka\u0159i, psychiatry a psychology, se znalosti o ADHD st\u00e1le v\u00edce roz\u0161i\u0159uj\u00ed. Tito odborn\u00edci jsou mnohdy schopni nab\u00eddnout lidem s ADHD kompetentn\u00ed pomoc. Rodi\u010de d\u011bt\u00ed, jako je Pavl\u00edk Trhl\u00edk nebo Kasia Modr\u00e1 mandle, sahaj\u00ed po knih\u00e1ch a nav\u0161t\u011bvuj\u00ed p\u0159edn\u00e1\u0161ky a semin\u00e1\u0159e o ADHD. Existuj\u00edc\u00ed podp\u016frn\u00e9 skupiny vytv\u00e1\u0159ej\u00ed u\u017eite\u010dn\u00e1 diskusn\u00ed f\u00f3ra, poskytuj\u00ed pomoc a nov\u00e9 informace. Internet poskytuje skv\u011ble zpracovan\u00e9 odborn\u00e9 poznatky o ADHD, podan\u00e9 v komprimovan\u00e9 podob\u011b &#8211; nav\u00edc jde o poznatky, kter\u00e9 se pr\u016fb\u011b\u017en\u011b dopl\u0148uj\u00ed a organizace &#8211; \u010dasto z\u016fst\u00e1vaj\u00ed nepov\u0161imnuty. Podle odborn\u00fdch odhad\u016f v\u0161ak trp\u00ed v\u00edce \u010di m\u00e9n\u011b obt\u011b\u017euj\u00edc\u00edmi p\u0159\u00edznaky ADHD a\u017e 6 % dosp\u011bl\u00e9 populace. K t\u011bmto 6 procent\u016fm pat\u0159\u00ed podle americk\u00fdch \u00fadaj\u016f mnoho americk\u00fdch um\u011blc\u016f, politik\u016f, mana\u017eer\u016f a novin\u00e1\u0159\u016f (v USA je obraz ADHD u dosp\u011bl\u00fdch zn\u00e1m ji\u017e dlouho). Dnes v\u00edme, \u017ee p\u0159ibli\u017en\u011b u t\u0159etiny pacient\u016f s ADHD ztr\u00e1c\u00ed porucha po pubert\u011b na intenzit\u011b, a proto nen\u00ed t\u0159eba podstupovat terapii v dosp\u011blosti. P\u0159ibli\u017en\u011b u dvou t\u0159etin v\u0161ak porucha, stejn\u011b jako poruchy, kter\u00e9 jsou d\u016fsledkem ADHD nel\u00e9\u010den\u00e9ho v d\u011btstv\u00ed, p\u0159etrv\u00e1vaj\u00ed a m\u011bly by b\u00fdt l\u00e9\u010deny. D\u011bti a dosp\u00edvaj\u00edc\u00ed maj\u00ed k dispozici \u0159adu kvalifikovan\u00fdch terapeut\u016f, ale pro dosp\u011bl\u00e9 je obt\u00ed\u017en\u00e9 naj\u00edt odborn\u00edka. Je t\u0159eba po\u010d\u00edtat se vzd\u00e1lenost\u00ed a dlouh\u00fdmi \u010dekac\u00edmi dobami na sch\u016fzky.<\/p>\n<h4>Z\u00e1kladem ADHD je biologie<\/h4>\n<p>Bez p\u0159\u00edslu\u0161n\u00fdch filtr\u016f a blokovac\u00edch proces\u016f na\u0161eho mozku bychom postr\u00e1dali orientaci a nebyli bychom schopni \u017e\u00e1dn\u00e9 \u010dinnosti. Hrozila by n\u00e1m p\u0159evaha nepodstatn\u00fdch podn\u011bt\u016f nad d\u016fle\u017eit\u00fdmi. Proces my\u0161len\u00ed by byl chaotick\u00fd a p\u0159ekotn\u00fd. Nebyli bychom schopni c\u00edlev\u011bdom\u011b jednat a rozhodovat se. Kv\u016fli sou\u010dasn\u00e9mu p\u0159\u00edlivu smyslov\u00fdch vjem\u016f by byla siln\u011b naru\u0161ena na\u0161e koncentrace. Mozek se m\u016f\u017ee u\u010dit pouze na z\u00e1klad\u011b \u00fa\u010deln\u00e9ho v\u00fdb\u011bru relevantn\u00edch podn\u011bt\u016f. Skute\u010dnost, \u017ee mozek m\u00e1 schopnost u\u010dit se, m\u00e1 pro ka\u017ed\u00e9ho \u010dlov\u011bka obrovsk\u00fd v\u00fdznam. Nap\u0159\u00edklad zapamatov\u00e1n\u00ed si informac\u00ed: &#8220;Ne\u017e p\u0159ejde\u0161 ulici, rozhl\u00e9dni se vlevo a vpravo&#8221; v dlouhodob\u00e9 pam\u011bti se p\u0159\u00edmo prom\u00edt\u00e1 do schopnosti p\u0159e\u017e\u00edt v silni\u010dn\u00edm provozu. V p\u0159\u00edpad\u011b ADHD doch\u00e1z\u00ed k naru\u0161en\u00ed selekce dat na relevantn\u00ed a irelevantn\u00ed. To m\u00e1 za n\u00e1sledek nedostate\u010dn\u00e9 soust\u0159ed\u011bn\u00ed, snadn\u00e9 odv\u00e1d\u011bn\u00ed pozornosti a zapom\u00edn\u00e1n\u00ed. ADHD nevznik\u00e1 v d\u016fsledku t\u00e9 \u010di on\u00e9 \u017eivotn\u00ed situace jedince, jej\u00ed vznik je podm\u00edn\u011bn biologick\u00fdmi faktory.<\/p>\n<h4>Osov\u00e9 p\u0159\u00edznaky z bli\u017e\u0161\u00edho pohledu<\/h4>\n<p><strong>D\u00edt\u011b \/ dosp\u00edvaj\u00edc\u00ed \/ dosp\u011bl\u00fd<\/strong><\/p>\n<ul>\n<li>p\u0159i r\u016fzn\u00fdch \u010dinnostech si \u010dasto nev\u0161\u00edm\u00e1 detail\u016f nebo n\u011bco p\u0159ehl\u00e9dne;<\/li>\n<li>m\u00e1 pot\u00ed\u017ee s udr\u017een\u00edm pozornosti p\u0159i del\u0161\u00ed pr\u00e1ci nebo h\u0159e;<\/li>\n<li>zd\u00e1 se, \u017ee nesly\u0161\u00ed lidi, kte\u0159\u00ed ho oslovuj\u00ed;<\/li>\n<li>\u010dasto nepln\u00ed pln\u011b \u00fakoly, kter\u00e9 mu byly zad\u00e1ny, a nen\u00ed schopen je dokon\u010dit<\/li>\n<li>zd\u00e1 se, \u017ee \u010dte text povrchn\u011b<\/li>\n<li>m\u00e1 pot\u00ed\u017ee s dokon\u010den\u00edm zadan\u00fdch \u00fakol\u016f;<\/li>\n<li>\u010dasto zapom\u00edn\u00e1 a nedodr\u017euje dohodnut\u00e9 term\u00edny;<\/li>\n<li>\u010dasto m\u00e1 probl\u00e9my s organizac\u00ed sv\u00fdch \u00fakol\u016f a pr\u00e1ce;<\/li>\n<li>nem\u00e1 r\u00e1d \u00fakoly vy\u017eaduj\u00edc\u00ed del\u0161\u00ed du\u0161evn\u00ed \u00fasil\u00ed;<\/li>\n<li>\u010dasto ztr\u00e1c\u00ed nebo zapom\u00edn\u00e1 p\u0159edm\u011bty, kter\u00e9 jsou nezbytn\u00e9 pro pln\u011bn\u00ed ur\u010dit\u00fdch \u00fakol\u016f nebo \u010dinnost\u00ed;<\/li>\n<li>je rozptylov\u00e1n vn\u011bj\u0161\u00edmi podn\u011bty;<\/li>\n<li>n\u011bkdy zapom\u00edn\u00e1 v\u011bci spojen\u00e9 s ka\u017edodenn\u00edmi \u010dinnostmi.<\/li>\n<\/ul>\n<h4>U dosp\u011bl\u00fdch jsou zvl\u00e1\u0161t\u011b n\u00e1padn\u00e9 n\u00e1sleduj\u00edc\u00ed p\u0159\u00edznaky:<\/h4>\n<ul>\n<li>neschopnost udr\u017eet pozornost p\u0159i pln\u011bn\u00ed \u00fakol\u016f, rychl\u00e1 nesoust\u0159ed\u011bnost;<\/li>\n<li>pot\u00ed\u017ee s dodr\u017eov\u00e1n\u00edm pravidel v d\u016fsledku impulzivn\u00edho jedn\u00e1n\u00ed;<\/li>\n<li>\u0161patn\u011b vyvinut\u00fd vhled a porozum\u011bn\u00ed vlastn\u00edmu chov\u00e1n\u00ed;<\/li>\n<li>pot\u00ed\u017ee p\u0159i spolupr\u00e1ci s ostatn\u00edmi lidmi, kte\u0159\u00ed se spol\u00e9haj\u00ed na ak\u010dn\u00ed vzorec fungov\u00e1n\u00ed, \u010dasto za cenu toho, \u017ee se dopou\u0161t\u011bj\u00ed chyb;<\/li>\n<li>trp\u00ed p\u0159\u00edznaky;<\/li>\n<li>jejich \u00fasp\u011bchy jsou \u010dasto ne\u00fam\u011brn\u00e9 jejich mo\u017enostem v profesn\u00edm nebo spole\u010densk\u00e9m \u017eivot\u011b.<\/li>\n<\/ul>\n<h4>Diagn\u00f3za pro dosp\u011bl\u00e9<\/h4>\n<p>ADHD nevyvol\u00e1v\u00e1 \u017e\u00e1dn\u00e9 vn\u011bj\u0161\u00ed p\u0159\u00edznaky, a proto jej\u00ed existenci nelze prok\u00e1zat testem proveden\u00fdm l\u00e9ka\u0159sk\u00fdm p\u0159\u00edstrojem. Z toho vypl\u00fdv\u00e1 mimo\u0159\u00e1dn\u00e1 obt\u00ed\u017enost jej\u00ed diagnostiky. V p\u0159\u00edpad\u011b ADHD m\u00e1me v\u017edy co do \u010din\u011bn\u00ed s tzv. symptomatickou diagn\u00f3zou, a to znamen\u00e1, \u017ee je stanovena klinicky na z\u00e1klad\u011b p\u0159\u00edznak\u016f popsan\u00fdch nebo pozorovan\u00fdch diagnostikuj\u00edc\u00ed osobou. Ve v\u011bt\u0161in\u011b p\u0159\u00edpad\u016f se nepou\u017e\u00edvaj\u00ed \u017e\u00e1dn\u00e9 testovac\u00ed postupy (l\u00e9ka\u0159sk\u00e9, psychologick\u00e9 nebo souvisej\u00edc\u00ed s p\u0159\u00edstroji), aby bylo mo\u017en\u00e9 stanovit diagn\u00f3zu bez sebemen\u0161\u00edch pochybnost\u00ed, i kdy\u017e se to n\u011bkdy uv\u00e1d\u00ed, kdy\u017e jsou uv\u00e1d\u011bny p\u0159\u00edznaky, kter\u00e9 nemus\u00ed b\u00fdt zp\u016fsobeny ADHD (diferenciace). Proto je tak velk\u00fd v\u00fdznam p\u0159ikl\u00e1d\u00e1n d\u016fkladn\u00e9mu prozkoum\u00e1n\u00ed v\u0161ech dostupn\u00fdch \u00fadaj\u016f. Nejlep\u0161\u00edm \u0159e\u0161en\u00edm je v tomto p\u0159\u00edpad\u011b \u00fazk\u00e1 spolupr\u00e1ce r\u016fzn\u00fdch odborn\u00edk\u016f (psychiatr\u016f, psycholog\u016f, neurolog\u016f, psychoterapeut\u016f). Stanoven\u00ed p\u0159esn\u00e9 diagn\u00f3zy je velmi pracn\u00e9 a vy\u017eaduje mnoho hodin pr\u00e1ce (mnoho n\u00e1v\u0161t\u011bv). Krom\u011b anamn\u00e9zy, \u017eivotopisu, speci\u00e1ln\u00edch test\u016f (pozornosti, schopnosti soust\u0159ed\u011bn\u00ed nebo inteligence) hraj\u00ed v\u00fdznamnou roli v\u00fdpov\u011bdi p\u0159\u00e1tel, partner\u016f, rodi\u010d\u016f a sourozenc\u016f. \u0160koln\u00ed vysv\u011bd\u010den\u00ed poskytuj\u00ed informace o mo\u017en\u00fdch odchylk\u00e1ch v chov\u00e1n\u00ed, kter\u00e9 se mohly objevit ji\u017e v d\u011btstv\u00ed.<\/p>\n<hr \/>\n<p>\u0179r\u00f3d\u0142o<\/p>\n<ul>\n<li><em>https:\/\/www.medonet.pl\/choroby-od-a-do-z\/choroby-i-zaburzenia-psychiczne,adhd-coraz-czesciej-diagnozowane-jest-u-doroslych&#8211;jakie-objawy-swiadcza-o-zaburzeniu-,artykul,71585664.html<\/em><\/li>\n<\/ul>\n","protected":false},"excerpt":{"rendered":"<p>Mnoho lid\u00ed na sob\u011b pozoruje chov\u00e1n\u00ed, kter\u00e9 jim zt\u011b\u017euje ka\u017edodenn\u00ed fungov\u00e1n\u00ed. Maj\u00ed probl\u00e9my se soust\u0159ed\u011bn\u00edm, ztr\u00e1cej\u00ed v\u011bci, opakovan\u011b zapom\u00ednaj\u00ed, c\u00edt\u00ed vnit\u0159n\u00ed \u00fazkost a maj\u00ed pocit,&#8230;<\/p>\n","protected":false},"author":1,"featured_media":2487,"comment_status":"closed","ping_status":"open","sticky":false,"template":"","format":"standard","meta":{"inline_featured_image":false},"categories":[780],"tags":[],"yoast_head":"<!-- This site is optimized with the Yoast SEO plugin v18.1 - https:\/\/yoast.com\/wordpress\/plugins\/seo\/ -->\n<title>ADHD je st\u00e1le \u010dast\u011bji diagnostikov\u00e1na u dosp\u011bl\u00fdch. Jak\u00e9 p\u0159\u00edznaky sv\u011bd\u010d\u00ed pro tuto poruchu? - Test Mysli<\/title>\n<meta name=\"robots\" content=\"index, follow, max-snippet:-1, max-image-preview:large, max-video-preview:-1\" \/>\n<link rel=\"canonical\" href=\"https:\/\/www.diagnostika-mysli.cz\/blog\/adhd\/adhd-je-stale-casteji-diagnostikovana-u-dospelych-jake-priznaky-svedci-pro-tuto-poruchu\/\" \/>\n<meta property=\"og:locale\" content=\"cs_CZ\" \/>\n<meta property=\"og:type\" content=\"article\" \/>\n<meta property=\"og:title\" content=\"ADHD je st\u00e1le \u010dast\u011bji diagnostikov\u00e1na u dosp\u011bl\u00fdch. Jak\u00e9 p\u0159\u00edznaky sv\u011bd\u010d\u00ed pro tuto poruchu? - Test Mysli\" \/>\n<meta property=\"og:description\" content=\"Mnoho lid\u00ed na sob\u011b pozoruje chov\u00e1n\u00ed, kter\u00e9 jim zt\u011b\u017euje ka\u017edodenn\u00ed fungov\u00e1n\u00ed. Maj\u00ed probl\u00e9my se soust\u0159ed\u011bn\u00edm, ztr\u00e1cej\u00ed v\u011bci, opakovan\u011b zapom\u00ednaj\u00ed, c\u00edt\u00ed vnit\u0159n\u00ed \u00fazkost a maj\u00ed pocit,...\" \/>\n<meta property=\"og:url\" content=\"https:\/\/www.diagnostika-mysli.cz\/blog\/adhd\/adhd-je-stale-casteji-diagnostikovana-u-dospelych-jake-priznaky-svedci-pro-tuto-poruchu\/\" \/>\n<meta property=\"og:site_name\" content=\"Test Mysli\" \/>\n<meta property=\"article:published_time\" content=\"2022-08-24T06:00:57+00:00\" \/>\n<meta property=\"article:modified_time\" content=\"2023-12-15T16:32:18+00:00\" \/>\n<meta property=\"og:image\" content=\"https:\/\/www.diagnostika-mysli.cz\/blog\/wp-content\/uploads\/2022\/08\/13.png\" \/>\n\t<meta property=\"og:image:width\" content=\"770\" \/>\n\t<meta property=\"og:image:height\" content=\"401\" \/>\n\t<meta property=\"og:image:type\" content=\"image\/png\" \/>\n<meta name=\"twitter:card\" content=\"summary_large_image\" \/>\n<meta name=\"twitter:label1\" content=\"Napsal(a)\" \/>\n\t<meta name=\"twitter:data1\" content=\"Test Mysli\" \/>\n\t<meta name=\"twitter:label2\" content=\"Odhadovan\u00e1 doba \u010dten\u00ed\" \/>\n\t<meta name=\"twitter:data2\" content=\"10 minut\" \/>\n<script type=\"application\/ld+json\" class=\"yoast-schema-graph\">{\"@context\":\"https:\/\/schema.org\",\"@graph\":[{\"@type\":\"WebSite\",\"@id\":\"https:\/\/www.diagnostika-mysli.cz\/blog\/#website\",\"url\":\"https:\/\/www.diagnostika-mysli.cz\/blog\/\",\"name\":\"Test Mysli\",\"description\":\"Blog o poruch\u00e1ch mysli\",\"potentialAction\":[{\"@type\":\"SearchAction\",\"target\":{\"@type\":\"EntryPoint\",\"urlTemplate\":\"https:\/\/www.diagnostika-mysli.cz\/blog\/?s={search_term_string}\"},\"query-input\":\"required name=search_term_string\"}],\"inLanguage\":\"cs\"},{\"@type\":\"ImageObject\",\"@id\":\"https:\/\/www.diagnostika-mysli.cz\/blog\/adhd\/adhd-je-stale-casteji-diagnostikovana-u-dospelych-jake-priznaky-svedci-pro-tuto-poruchu\/#primaryimage\",\"inLanguage\":\"cs\",\"url\":\"https:\/\/www.diagnostika-mysli.cz\/blog\/wp-content\/uploads\/2022\/08\/13.png\",\"contentUrl\":\"https:\/\/www.diagnostika-mysli.cz\/blog\/wp-content\/uploads\/2022\/08\/13.png\",\"width\":770,\"height\":401},{\"@type\":\"WebPage\",\"@id\":\"https:\/\/www.diagnostika-mysli.cz\/blog\/adhd\/adhd-je-stale-casteji-diagnostikovana-u-dospelych-jake-priznaky-svedci-pro-tuto-poruchu\/#webpage\",\"url\":\"https:\/\/www.diagnostika-mysli.cz\/blog\/adhd\/adhd-je-stale-casteji-diagnostikovana-u-dospelych-jake-priznaky-svedci-pro-tuto-poruchu\/\",\"name\":\"ADHD je st\u00e1le \u010dast\u011bji diagnostikov\u00e1na u dosp\u011bl\u00fdch. Jak\u00e9 p\u0159\u00edznaky sv\u011bd\u010d\u00ed pro tuto poruchu? - Test Mysli\",\"isPartOf\":{\"@id\":\"https:\/\/www.diagnostika-mysli.cz\/blog\/#website\"},\"primaryImageOfPage\":{\"@id\":\"https:\/\/www.diagnostika-mysli.cz\/blog\/adhd\/adhd-je-stale-casteji-diagnostikovana-u-dospelych-jake-priznaky-svedci-pro-tuto-poruchu\/#primaryimage\"},\"datePublished\":\"2022-08-24T06:00:57+00:00\",\"dateModified\":\"2023-12-15T16:32:18+00:00\",\"author\":{\"@id\":\"https:\/\/www.diagnostika-mysli.cz\/blog\/#\/schema\/person\/8eb1bcaf59fea75c780c11946f4e3490\"},\"breadcrumb\":{\"@id\":\"https:\/\/www.diagnostika-mysli.cz\/blog\/adhd\/adhd-je-stale-casteji-diagnostikovana-u-dospelych-jake-priznaky-svedci-pro-tuto-poruchu\/#breadcrumb\"},\"inLanguage\":\"cs\",\"potentialAction\":[{\"@type\":\"ReadAction\",\"target\":[\"https:\/\/www.diagnostika-mysli.cz\/blog\/adhd\/adhd-je-stale-casteji-diagnostikovana-u-dospelych-jake-priznaky-svedci-pro-tuto-poruchu\/\"]}]},{\"@type\":\"BreadcrumbList\",\"@id\":\"https:\/\/www.diagnostika-mysli.cz\/blog\/adhd\/adhd-je-stale-casteji-diagnostikovana-u-dospelych-jake-priznaky-svedci-pro-tuto-poruchu\/#breadcrumb\",\"itemListElement\":[{\"@type\":\"ListItem\",\"position\":1,\"name\":\"Blog\",\"item\":\"https:\/\/www.diagnostika-mysli.cz\/blog\/\"},{\"@type\":\"ListItem\",\"position\":2,\"name\":\"ADHD\",\"item\":\"https:\/\/www.diagnostika-mysli.cz\/blog\/adhd\/\"},{\"@type\":\"ListItem\",\"position\":3,\"name\":\"Adults\"}]},{\"@type\":\"Person\",\"@id\":\"https:\/\/www.diagnostika-mysli.cz\/blog\/#\/schema\/person\/8eb1bcaf59fea75c780c11946f4e3490\",\"name\":\"Test Mysli\",\"image\":{\"@type\":\"ImageObject\",\"@id\":\"https:\/\/www.diagnostika-mysli.cz\/blog\/#personlogo\",\"inLanguage\":\"cs\",\"url\":\"https:\/\/secure.gravatar.com\/avatar\/6743211f010801ea26aa9423a2daab37?s=96&d=mm&r=g\",\"contentUrl\":\"https:\/\/secure.gravatar.com\/avatar\/6743211f010801ea26aa9423a2daab37?s=96&d=mm&r=g\",\"caption\":\"Test Mysli\"},\"sameAs\":[\"https:\/\/www.diagnostika-mysli.cz\/blog\"],\"url\":\"https:\/\/www.diagnostika-mysli.cz\/blog\/author\/diagnostyka-umyslu\/\"}]}<\/script>\n<!-- \/ Yoast SEO plugin. -->","yoast_head_json":{"title":"ADHD je st\u00e1le \u010dast\u011bji diagnostikov\u00e1na u dosp\u011bl\u00fdch. Jak\u00e9 p\u0159\u00edznaky sv\u011bd\u010d\u00ed pro tuto poruchu? - Test Mysli","robots":{"index":"index","follow":"follow","max-snippet":"max-snippet:-1","max-image-preview":"max-image-preview:large","max-video-preview":"max-video-preview:-1"},"canonical":"https:\/\/www.diagnostika-mysli.cz\/blog\/adhd\/adhd-je-stale-casteji-diagnostikovana-u-dospelych-jake-priznaky-svedci-pro-tuto-poruchu\/","og_locale":"cs_CZ","og_type":"article","og_title":"ADHD je st\u00e1le \u010dast\u011bji diagnostikov\u00e1na u dosp\u011bl\u00fdch. Jak\u00e9 p\u0159\u00edznaky sv\u011bd\u010d\u00ed pro tuto poruchu? - Test Mysli","og_description":"Mnoho lid\u00ed na sob\u011b pozoruje chov\u00e1n\u00ed, kter\u00e9 jim zt\u011b\u017euje ka\u017edodenn\u00ed fungov\u00e1n\u00ed. Maj\u00ed probl\u00e9my se soust\u0159ed\u011bn\u00edm, ztr\u00e1cej\u00ed v\u011bci, opakovan\u011b zapom\u00ednaj\u00ed, c\u00edt\u00ed vnit\u0159n\u00ed \u00fazkost a maj\u00ed pocit,...","og_url":"https:\/\/www.diagnostika-mysli.cz\/blog\/adhd\/adhd-je-stale-casteji-diagnostikovana-u-dospelych-jake-priznaky-svedci-pro-tuto-poruchu\/","og_site_name":"Test Mysli","article_published_time":"2022-08-24T06:00:57+00:00","article_modified_time":"2023-12-15T16:32:18+00:00","og_image":[{"width":770,"height":401,"url":"https:\/\/www.diagnostika-mysli.cz\/blog\/wp-content\/uploads\/2022\/08\/13.png","type":"image\/png"}],"twitter_card":"summary_large_image","twitter_misc":{"Napsal(a)":"Test Mysli","Odhadovan\u00e1 doba \u010dten\u00ed":"10 minut"},"schema":{"@context":"https:\/\/schema.org","@graph":[{"@type":"WebSite","@id":"https:\/\/www.diagnostika-mysli.cz\/blog\/#website","url":"https:\/\/www.diagnostika-mysli.cz\/blog\/","name":"Test Mysli","description":"Blog o poruch\u00e1ch mysli","potentialAction":[{"@type":"SearchAction","target":{"@type":"EntryPoint","urlTemplate":"https:\/\/www.diagnostika-mysli.cz\/blog\/?s={search_term_string}"},"query-input":"required name=search_term_string"}],"inLanguage":"cs"},{"@type":"ImageObject","@id":"https:\/\/www.diagnostika-mysli.cz\/blog\/adhd\/adhd-je-stale-casteji-diagnostikovana-u-dospelych-jake-priznaky-svedci-pro-tuto-poruchu\/#primaryimage","inLanguage":"cs","url":"https:\/\/www.diagnostika-mysli.cz\/blog\/wp-content\/uploads\/2022\/08\/13.png","contentUrl":"https:\/\/www.diagnostika-mysli.cz\/blog\/wp-content\/uploads\/2022\/08\/13.png","width":770,"height":401},{"@type":"WebPage","@id":"https:\/\/www.diagnostika-mysli.cz\/blog\/adhd\/adhd-je-stale-casteji-diagnostikovana-u-dospelych-jake-priznaky-svedci-pro-tuto-poruchu\/#webpage","url":"https:\/\/www.diagnostika-mysli.cz\/blog\/adhd\/adhd-je-stale-casteji-diagnostikovana-u-dospelych-jake-priznaky-svedci-pro-tuto-poruchu\/","name":"ADHD je st\u00e1le \u010dast\u011bji diagnostikov\u00e1na u dosp\u011bl\u00fdch. Jak\u00e9 p\u0159\u00edznaky sv\u011bd\u010d\u00ed pro tuto poruchu? - Test Mysli","isPartOf":{"@id":"https:\/\/www.diagnostika-mysli.cz\/blog\/#website"},"primaryImageOfPage":{"@id":"https:\/\/www.diagnostika-mysli.cz\/blog\/adhd\/adhd-je-stale-casteji-diagnostikovana-u-dospelych-jake-priznaky-svedci-pro-tuto-poruchu\/#primaryimage"},"datePublished":"2022-08-24T06:00:57+00:00","dateModified":"2023-12-15T16:32:18+00:00","author":{"@id":"https:\/\/www.diagnostika-mysli.cz\/blog\/#\/schema\/person\/8eb1bcaf59fea75c780c11946f4e3490"},"breadcrumb":{"@id":"https:\/\/www.diagnostika-mysli.cz\/blog\/adhd\/adhd-je-stale-casteji-diagnostikovana-u-dospelych-jake-priznaky-svedci-pro-tuto-poruchu\/#breadcrumb"},"inLanguage":"cs","potentialAction":[{"@type":"ReadAction","target":["https:\/\/www.diagnostika-mysli.cz\/blog\/adhd\/adhd-je-stale-casteji-diagnostikovana-u-dospelych-jake-priznaky-svedci-pro-tuto-poruchu\/"]}]},{"@type":"BreadcrumbList","@id":"https:\/\/www.diagnostika-mysli.cz\/blog\/adhd\/adhd-je-stale-casteji-diagnostikovana-u-dospelych-jake-priznaky-svedci-pro-tuto-poruchu\/#breadcrumb","itemListElement":[{"@type":"ListItem","position":1,"name":"Blog","item":"https:\/\/www.diagnostika-mysli.cz\/blog\/"},{"@type":"ListItem","position":2,"name":"ADHD","item":"https:\/\/www.diagnostika-mysli.cz\/blog\/adhd\/"},{"@type":"ListItem","position":3,"name":"Adults"}]},{"@type":"Person","@id":"https:\/\/www.diagnostika-mysli.cz\/blog\/#\/schema\/person\/8eb1bcaf59fea75c780c11946f4e3490","name":"Test Mysli","image":{"@type":"ImageObject","@id":"https:\/\/www.diagnostika-mysli.cz\/blog\/#personlogo","inLanguage":"cs","url":"https:\/\/secure.gravatar.com\/avatar\/6743211f010801ea26aa9423a2daab37?s=96&d=mm&r=g","contentUrl":"https:\/\/secure.gravatar.com\/avatar\/6743211f010801ea26aa9423a2daab37?s=96&d=mm&r=g","caption":"Test Mysli"},"sameAs":["https:\/\/www.diagnostika-mysli.cz\/blog"],"url":"https:\/\/www.diagnostika-mysli.cz\/blog\/author\/diagnostyka-umyslu\/"}]}},"amp_enabled":true,"_links":{"self":[{"href":"https:\/\/www.diagnostika-mysli.cz\/blog\/wp-json\/wp\/v2\/posts\/2486"}],"collection":[{"href":"https:\/\/www.diagnostika-mysli.cz\/blog\/wp-json\/wp\/v2\/posts"}],"about":[{"href":"https:\/\/www.diagnostika-mysli.cz\/blog\/wp-json\/wp\/v2\/types\/post"}],"author":[{"embeddable":true,"href":"https:\/\/www.diagnostika-mysli.cz\/blog\/wp-json\/wp\/v2\/users\/1"}],"replies":[{"embeddable":true,"href":"https:\/\/www.diagnostika-mysli.cz\/blog\/wp-json\/wp\/v2\/comments?post=2486"}],"version-history":[{"count":2,"href":"https:\/\/www.diagnostika-mysli.cz\/blog\/wp-json\/wp\/v2\/posts\/2486\/revisions"}],"predecessor-version":[{"id":2705,"href":"https:\/\/www.diagnostika-mysli.cz\/blog\/wp-json\/wp\/v2\/posts\/2486\/revisions\/2705"}],"wp:featuredmedia":[{"embeddable":true,"href":"https:\/\/www.diagnostika-mysli.cz\/blog\/wp-json\/wp\/v2\/media\/2487"}],"wp:attachment":[{"href":"https:\/\/www.diagnostika-mysli.cz\/blog\/wp-json\/wp\/v2\/media?parent=2486"}],"wp:term":[{"taxonomy":"category","embeddable":true,"href":"https:\/\/www.diagnostika-mysli.cz\/blog\/wp-json\/wp\/v2\/categories?post=2486"},{"taxonomy":"post_tag","embeddable":true,"href":"https:\/\/www.diagnostika-mysli.cz\/blog\/wp-json\/wp\/v2\/tags?post=2486"}],"curies":[{"name":"wp","href":"https:\/\/api.w.org\/{rel}","templated":true}]}}