{"id":2489,"date":"2022-08-25T02:00:18","date_gmt":"2022-08-25T06:00:18","guid":{"rendered":"https:\/\/www.diagnostika-mysli.cz\/blog\/?p=2489"},"modified":"2023-12-15T17:32:10","modified_gmt":"2023-12-15T16:32:10","slug":"syndrom-neklidnych-nohou-priciny-priznaky-lecba","status":"publish","type":"post","link":"https:\/\/www.diagnostika-mysli.cz\/blog\/adhd\/syndrom-neklidnych-nohou-priciny-priznaky-lecba\/","title":{"rendered":"Syndrom neklidn\u00fdch nohou &#8211; p\u0159\u00ed\u010diny, p\u0159\u00edznaky, l\u00e9\u010dba"},"content":{"rendered":"<blockquote><p>Syndrom neklidn\u00fdch nohou je pom\u011brn\u011b nep\u0159\u00edjemn\u00fd stav, kter\u00fd se projevuje nutk\u00e1n\u00edm neust\u00e1le pohybovat nohama, \u010dasto i b\u011bhem sp\u00e1nku. L\u00e9\u010dba t\u00e9to poruchy je p\u0159\u00edsn\u011b z\u00e1visl\u00e1 na bezprost\u0159edn\u00ed p\u0159\u00ed\u010din\u011b. Syndrom neklidn\u00fdch nohou se statisticky vyskytuje v 1 z 10 p\u0159\u00edpad\u016f.<\/p><\/blockquote>\n<h4>Co je syndrom neklidn\u00fdch nohou?<\/h4>\n<p>Syndrom neklidn\u00fdch nohou (RLS), zn\u00e1m\u00fd tak\u00e9 jako Wittmaack-Ekbom\u016fv syndrom, Willis-Ekbomova nemoc nebo Ekbomova nemoc, je \u010dast\u00e9 onemocn\u011bn\u00ed, kter\u00e9 postihuje p\u0159ibli\u017en\u011b 15 % lid\u00ed. Riziko vzniku syndromu neklidn\u00fdch nohou se zvy\u0161uje s v\u011bkem a je t\u0159eba zm\u00ednit, \u017ee \u017eeny si na tento stav st\u011b\u017euj\u00ed \u010dast\u011bji ne\u017e mu\u017ei. Syndrom neklidn\u00fdch nohou je obvykle zaznamen\u00e1n u dosp\u011bl\u00fdch, ve v\u011bku mezi 20 a 30 lety. Zp\u016fsobuje nep\u0159\u00edjemn\u00e9 pocity v noh\u00e1ch a neodolateln\u00e9 nutk\u00e1n\u00ed jimi pohybovat. P\u0159\u00edznaky se obvykle objevuj\u00ed pozd\u011b odpoledne nebo ve\u010der a \u010dasto jsou nejsiln\u011bj\u0161\u00ed v noci, kdy \u010dlov\u011bk odpo\u010d\u00edv\u00e1, nap\u0159\u00edklad sed\u00ed nebo le\u017e\u00ed v posteli. Mohou se tak\u00e9 objevit, kdy\u017e je \u010dlov\u011bk ne\u010dinn\u00fd a dlouho sed\u00ed (nap\u0159\u00edklad p\u0159i cestov\u00e1n\u00ed letadlem nebo sledov\u00e1n\u00ed filmu). P\u0159\u00edznaky se obvykle s v\u011bkem st\u00e1vaj\u00ed \u010dast\u011bj\u0161\u00edmi a trvaj\u00ed d\u00e9le. Syndrom neklidn\u00fdch nohou m\u016f\u017ee ovliv\u0148ovat n\u00e1ladu, soust\u0159ed\u011bn\u00ed, v\u00fdkonnost v pr\u00e1ci a ve \u0161kole a osobn\u00ed vztahy. Pokud se nel\u00e9\u010d\u00ed, m\u016f\u017ee v\u00e9st k p\u0159ibli\u017en\u011b 20procentn\u00edmu poklesu pracovn\u00ed v\u00fdkonnosti a nav\u00edc m\u016f\u017ee v\u00e9st k depres\u00edm a \u00fazkostem. Je zn\u00e1mo, \u017ee v\u00edce ne\u017e 80 % lid\u00ed se syndromem neklidn\u00fdch nohou trp\u00ed periodick\u00fdmi pohyby kon\u010detin ve sp\u00e1nku (PLMS). Pro PLMS jsou charakteristick\u00e9 mimovoln\u00ed pohyby nohou (a n\u011bkdy i rukou) b\u011bhem sp\u00e1nku, kter\u00e9 se obvykle objevuj\u00ed ka\u017ed\u00fdch 15 a\u017e 40 sekund, n\u011bkdy po celou noc. Je t\u0159eba poznamenat, \u017ee navzdory tomu, \u017ee se PLMS vyv\u00edj\u00ed i u v\u011bt\u0161iny lid\u00ed se syndromem neklidn\u00fdch nohou, u v\u011bt\u0161iny lid\u00ed s PLMS se tento syndrom nevyskytuje.<\/p>\n<h4>Syndrom neklidn\u00fdch nohou &#8211; p\u0159\u00edznaky<\/h4>\n<p>Syndrom neklidn\u00fdch nohou zp\u016fsobuje, \u017ee pacient m\u00e1 neodolateln\u00e9 nutk\u00e1n\u00ed pohybovat nohama (nebo dokonce rukama \u010di t\u011blem). Tento pocit je \u010dasto obt\u00ed\u017en\u00e9 definovat, ale m\u016f\u017ee b\u00fdt pops\u00e1n jako bolest, pulzov\u00e1n\u00ed, tah\u00e1n\u00ed nebo sv\u011bd\u011bn\u00ed. Z\u0159\u00eddka v\u0161ak postihuje jin\u00e9 \u010d\u00e1sti t\u011bla ne\u017e nohy. A\u010dkoli se pocity mohou vyskytovat pouze na jedn\u00e9 stran\u011b t\u011bla, nej\u010dast\u011bji jsou posti\u017eeny ob\u011b strany. Pocity jsou r\u016fzn\u011b siln\u00e9, od nep\u0159\u00edjemn\u00fdch p\u0159es obt\u011b\u017euj\u00edc\u00ed a\u017e po bolestiv\u00e9. Lid\u00e9 trp\u00edc\u00ed syndromem neklidn\u00fdch nohou se sna\u017e\u00ed udr\u017eovat nohy v pohybu, proto\u017ee pr\u00e1v\u011b pohyb zm\u00edr\u0148uje nep\u0159\u00edjemn\u00e9 pocity. Za t\u00edmto \u00fa\u010delem se posti\u017een\u00ed proch\u00e1zej\u00ed, pohybuj\u00ed nohama vsed\u011b nebo se p\u0159evaluj\u00ed v posteli. Pro syndrom neklidn\u00fdch nohou je charakteristick\u00e9 zes\u00edlen\u00ed p\u0159\u00edznak\u016f v noci, co\u017e zp\u016fsobuje probl\u00e9my s us\u00edn\u00e1n\u00edm a se sp\u00e1nkem obecn\u011b. Zd\u00e1 se, \u017ee p\u0159\u00edznaky \u010dasn\u011b r\u00e1no miz\u00ed. Samotn\u00e9 p\u0159\u00edznaky se mohou li\u0161it, co se t\u00fd\u010de z\u00e1va\u017enosti a \u010detnosti, den ode dne. Ve st\u0159edn\u011b t\u011b\u017ek\u00fdch p\u0159\u00edpadech se p\u0159\u00edznaky syndromu neklidn\u00fdch nohou objevuj\u00ed jednou, n\u011bkdy dvakr\u00e1t t\u00fddn\u011b, ale v t\u011b\u017ek\u00fdch p\u0159\u00edpadech se p\u0159\u00edznaky syndromu neklidn\u00fdch nohou objevuj\u00ed v\u00edce ne\u017e dvakr\u00e1t t\u00fddn\u011b a zp\u016fsobuj\u00ed obt\u011b\u017euj\u00edc\u00ed p\u0159eru\u0161en\u00ed sp\u00e1nku a zhor\u0161en\u00ed denn\u00edch funkc\u00ed. D\u00e1le je d\u016fle\u017eit\u00e9 v\u011bd\u011bt, \u017ee v p\u0159\u00edpad\u011b syndromu neklidn\u00fdch nohou existuj\u00ed obdob\u00ed zlep\u0161en\u00ed trvaj\u00edc\u00ed t\u00fddny nebo m\u011bs\u00edce, kdy pacient nepoci\u0165uje p\u0159\u00edznaky onemocn\u011bn\u00ed. K tomu obvykle doch\u00e1z\u00ed v po\u010d\u00e1te\u010dn\u00edch stadi\u00edch onemocn\u011bn\u00ed. Bohu\u017eel se p\u0159\u00edznaky \u010dasem zhor\u0161uj\u00ed. Krom\u011b toho se p\u0159edpokl\u00e1d\u00e1, \u017ee u lid\u00ed, kte\u0159\u00ed krom\u011b syndromu neklidn\u00fdch nohou trp\u00ed i jin\u00fdmi onemocn\u011bn\u00edmi, se rychleji objev\u00ed z\u00e1va\u017en\u011bj\u0161\u00ed p\u0159\u00edznaky. Naopak ti, kte\u0159\u00ed trp\u00ed pouze syndromem neklidn\u00fdch nohou, jsou na tom z\u0159ejm\u011b l\u00e9pe, proto\u017ee u nich se nemoc rozv\u00edj\u00ed pomaleji, zejm\u00e9na pokud jsou pacienti mlad\u0161\u00edho v\u011bku.<\/p>\n<h4>Syndrom neklidn\u00fdch nohou &#8211; p\u0159\u00ed\u010diny<\/h4>\n<p>Syndrom neklidn\u00fdch nohou se obvykle vyskytuje bez souvislosti s jin\u00fdmi onemocn\u011bn\u00edmi a pak se ozna\u010duje jako idiopatick\u00fd (p\u0159ibli\u017en\u011b 80 % p\u0159\u00edpad\u016f). Pokud je tento stav zp\u016fsoben jin\u00fdmi onemocn\u011bn\u00edmi, ozna\u010duje se jako sekund\u00e1rn\u00ed syndrom (cca 20 % p\u0159\u00edpad\u016f). Syndrom neklidn\u00fdch nohou m\u016f\u017ee m\u00edt genetick\u00fd z\u00e1klad (s onemocn\u011bn\u00edm jsou spojeny ur\u010dit\u00e9 varianty gen\u016f). Existuj\u00ed d\u016fkazy, \u017ee za syndrom neklidn\u00fdch nohou m\u016f\u017ee b\u00fdt zodpov\u011bdn\u00e1 tak\u00e9 n\u00edzk\u00e1 hladina \u017eeleza v mozku. Krom\u011b toho se v\u011bdci domn\u00edvaj\u00ed, \u017ee syndrom neklidn\u00fdch nohou m\u016f\u017ee souviset s dysfunkc\u00ed baz\u00e1ln\u00edch jader, \u010d\u00e1st\u00ed mozku zodpov\u011bdn\u00fdch za \u0159\u00edzen\u00ed pohybu. Ta vyu\u017e\u00edvaj\u00ed dopamin, kter\u00fd je pot\u0159ebn\u00fd k plynul\u00e9 a \u00fa\u010deln\u00e9 svalov\u00e9 aktivit\u011b a pohybu. Naru\u0161en\u00ed t\u011bchto drah m\u00e1 \u010dasto za n\u00e1sledek mimovoln\u00ed pohyby. P\u0159edpokl\u00e1d\u00e1 se, \u017ee lid\u00e9 s Parkinsonovou chorobou, dal\u0161\u00ed poruchou dopaminov\u00fdch drah v baz\u00e1ln\u00edch j\u00e1drech, maj\u00ed zv\u00fd\u0161enou pravd\u011bpodobnost vzniku syndromu neklidn\u00fdch nohou. Krom\u011b toho m\u016f\u017ee b\u00fdt syndrom neklidn\u00fdch nohou, spojen s nebo m\u016f\u017ee doprov\u00e1zet:<\/p>\n<ul>\n<li>selh\u00e1n\u00edm ledvin v kone\u010dn\u00e9m stadiu a hemodial\u00fdzou;<\/li>\n<li>nedostatkem \u017eeleza;<\/li>\n<li>n\u011bkter\u00e9 l\u00e9ky, kter\u00e9 mohou zhor\u0161ovat p\u0159\u00edznaky syndromu neklidn\u00fdch nohou, jako jsou l\u00e9ky proti nevolnosti (nap\u0159. prochlorperazin, metoklopramid), antipsychotika (nap\u0159. haloperidol, fenothiazinov\u00e9 deriv\u00e1ty), antidepresiva zvy\u0161uj\u00edc\u00ed hladinu serotoninu (nap\u0159. fluoxetin, sertralin) a n\u011bkter\u00e9 l\u00e9ky proti nachlazen\u00ed a alergii, kter\u00e9 obsahuj\u00ed star\u0161\u00ed antihistaminika (nap\u0159. difenhydramin);<\/li>\n<li>u\u017e\u00edv\u00e1n\u00ed alkoholu, nikotinu a kofeinu;<\/li>\n<li>t\u011bhotenstv\u00ed, zejm\u00e9na v posledn\u00edm trimestru; ve v\u011bt\u0161in\u011b p\u0159\u00edpad\u016f p\u0159\u00edznaky obvykle odezn\u00ed do 4 t\u00fddn\u016f po porodu;<\/li>\n<li>neuropatie.<\/li>\n<\/ul>\n<p>Krom\u011b toho mohou u n\u011bkter\u00fdch jedinc\u016f zhor\u0161it nebo vyvolat p\u0159\u00edznaky tak\u00e9 poruchy sp\u00e1nku a stavy, jako je sp\u00e1nkov\u00e1 apnoe. Sn\u00ed\u017een\u00ed nebo \u00fapln\u00e9 odstran\u011bn\u00ed t\u011bchto faktor\u016f m\u016f\u017ee zm\u00edrnit p\u0159\u00edznaky syndromu neklidn\u00fdch nohou.<\/p>\n<hr \/>\n<p>Zdroj<\/p>\n<ul>\n<li><em>https:\/\/www.medonet.pl\/choroby-od-a-do-z,zespol-niespokojnych-nog&#8212;przyczyny&#8211;objawy&#8211;leczenie,artykul,1726895.html<\/em><\/li>\n<\/ul>\n","protected":false},"excerpt":{"rendered":"<p>Syndrom neklidn\u00fdch nohou je pom\u011brn\u011b nep\u0159\u00edjemn\u00fd stav, kter\u00fd se projevuje nutk\u00e1n\u00edm neust\u00e1le pohybovat nohama, \u010dasto i b\u011bhem sp\u00e1nku. L\u00e9\u010dba t\u00e9to poruchy je p\u0159\u00edsn\u011b z\u00e1visl\u00e1 na&#8230;<\/p>\n","protected":false},"author":1,"featured_media":2490,"comment_status":"closed","ping_status":"open","sticky":false,"template":"","format":"standard","meta":{"inline_featured_image":false},"categories":[780],"tags":[],"yoast_head":"<!-- This site is optimized with the Yoast SEO plugin v18.1 - https:\/\/yoast.com\/wordpress\/plugins\/seo\/ -->\n<title>Syndrom neklidn\u00fdch nohou - p\u0159\u00ed\u010diny, p\u0159\u00edznaky, l\u00e9\u010dba - Test Mysli<\/title>\n<meta name=\"robots\" content=\"index, follow, max-snippet:-1, max-image-preview:large, max-video-preview:-1\" \/>\n<link rel=\"canonical\" href=\"https:\/\/www.diagnostika-mysli.cz\/blog\/adhd\/syndrom-neklidnych-nohou-priciny-priznaky-lecba\/\" \/>\n<meta property=\"og:locale\" content=\"cs_CZ\" \/>\n<meta property=\"og:type\" content=\"article\" \/>\n<meta property=\"og:title\" content=\"Syndrom neklidn\u00fdch nohou - p\u0159\u00ed\u010diny, p\u0159\u00edznaky, l\u00e9\u010dba - Test Mysli\" \/>\n<meta property=\"og:description\" content=\"Syndrom neklidn\u00fdch nohou je pom\u011brn\u011b nep\u0159\u00edjemn\u00fd stav, kter\u00fd se projevuje nutk\u00e1n\u00edm neust\u00e1le pohybovat nohama, \u010dasto i b\u011bhem sp\u00e1nku. L\u00e9\u010dba t\u00e9to poruchy je p\u0159\u00edsn\u011b z\u00e1visl\u00e1 na...\" \/>\n<meta property=\"og:url\" content=\"https:\/\/www.diagnostika-mysli.cz\/blog\/adhd\/syndrom-neklidnych-nohou-priciny-priznaky-lecba\/\" \/>\n<meta property=\"og:site_name\" content=\"Test Mysli\" \/>\n<meta property=\"article:published_time\" content=\"2022-08-25T06:00:18+00:00\" \/>\n<meta property=\"article:modified_time\" content=\"2023-12-15T16:32:10+00:00\" \/>\n<meta property=\"og:image\" content=\"https:\/\/www.diagnostika-mysli.cz\/blog\/wp-content\/uploads\/2022\/08\/14.png\" \/>\n\t<meta property=\"og:image:width\" content=\"769\" \/>\n\t<meta property=\"og:image:height\" content=\"399\" \/>\n\t<meta property=\"og:image:type\" content=\"image\/png\" \/>\n<meta name=\"twitter:card\" content=\"summary_large_image\" \/>\n<meta name=\"twitter:label1\" content=\"Napsal(a)\" \/>\n\t<meta name=\"twitter:data1\" content=\"Test Mysli\" \/>\n\t<meta name=\"twitter:label2\" content=\"Odhadovan\u00e1 doba \u010dten\u00ed\" \/>\n\t<meta name=\"twitter:data2\" content=\"5 minut\" \/>\n<script type=\"application\/ld+json\" class=\"yoast-schema-graph\">{\"@context\":\"https:\/\/schema.org\",\"@graph\":[{\"@type\":\"WebSite\",\"@id\":\"https:\/\/www.diagnostika-mysli.cz\/blog\/#website\",\"url\":\"https:\/\/www.diagnostika-mysli.cz\/blog\/\",\"name\":\"Test Mysli\",\"description\":\"Blog o poruch\u00e1ch mysli\",\"potentialAction\":[{\"@type\":\"SearchAction\",\"target\":{\"@type\":\"EntryPoint\",\"urlTemplate\":\"https:\/\/www.diagnostika-mysli.cz\/blog\/?s={search_term_string}\"},\"query-input\":\"required name=search_term_string\"}],\"inLanguage\":\"cs\"},{\"@type\":\"ImageObject\",\"@id\":\"https:\/\/www.diagnostika-mysli.cz\/blog\/adhd\/syndrom-neklidnych-nohou-priciny-priznaky-lecba\/#primaryimage\",\"inLanguage\":\"cs\",\"url\":\"https:\/\/www.diagnostika-mysli.cz\/blog\/wp-content\/uploads\/2022\/08\/14.png\",\"contentUrl\":\"https:\/\/www.diagnostika-mysli.cz\/blog\/wp-content\/uploads\/2022\/08\/14.png\",\"width\":769,\"height\":399},{\"@type\":\"WebPage\",\"@id\":\"https:\/\/www.diagnostika-mysli.cz\/blog\/adhd\/syndrom-neklidnych-nohou-priciny-priznaky-lecba\/#webpage\",\"url\":\"https:\/\/www.diagnostika-mysli.cz\/blog\/adhd\/syndrom-neklidnych-nohou-priciny-priznaky-lecba\/\",\"name\":\"Syndrom neklidn\u00fdch nohou - p\u0159\u00ed\u010diny, p\u0159\u00edznaky, l\u00e9\u010dba - Test Mysli\",\"isPartOf\":{\"@id\":\"https:\/\/www.diagnostika-mysli.cz\/blog\/#website\"},\"primaryImageOfPage\":{\"@id\":\"https:\/\/www.diagnostika-mysli.cz\/blog\/adhd\/syndrom-neklidnych-nohou-priciny-priznaky-lecba\/#primaryimage\"},\"datePublished\":\"2022-08-25T06:00:18+00:00\",\"dateModified\":\"2023-12-15T16:32:10+00:00\",\"author\":{\"@id\":\"https:\/\/www.diagnostika-mysli.cz\/blog\/#\/schema\/person\/8eb1bcaf59fea75c780c11946f4e3490\"},\"breadcrumb\":{\"@id\":\"https:\/\/www.diagnostika-mysli.cz\/blog\/adhd\/syndrom-neklidnych-nohou-priciny-priznaky-lecba\/#breadcrumb\"},\"inLanguage\":\"cs\",\"potentialAction\":[{\"@type\":\"ReadAction\",\"target\":[\"https:\/\/www.diagnostika-mysli.cz\/blog\/adhd\/syndrom-neklidnych-nohou-priciny-priznaky-lecba\/\"]}]},{\"@type\":\"BreadcrumbList\",\"@id\":\"https:\/\/www.diagnostika-mysli.cz\/blog\/adhd\/syndrom-neklidnych-nohou-priciny-priznaky-lecba\/#breadcrumb\",\"itemListElement\":[{\"@type\":\"ListItem\",\"position\":1,\"name\":\"Blog\",\"item\":\"https:\/\/www.diagnostika-mysli.cz\/blog\/\"},{\"@type\":\"ListItem\",\"position\":2,\"name\":\"ADHD\",\"item\":\"https:\/\/www.diagnostika-mysli.cz\/blog\/adhd\/\"},{\"@type\":\"ListItem\",\"position\":3,\"name\":\"Restless legs syndrome\"}]},{\"@type\":\"Person\",\"@id\":\"https:\/\/www.diagnostika-mysli.cz\/blog\/#\/schema\/person\/8eb1bcaf59fea75c780c11946f4e3490\",\"name\":\"Test Mysli\",\"image\":{\"@type\":\"ImageObject\",\"@id\":\"https:\/\/www.diagnostika-mysli.cz\/blog\/#personlogo\",\"inLanguage\":\"cs\",\"url\":\"https:\/\/secure.gravatar.com\/avatar\/6743211f010801ea26aa9423a2daab37?s=96&d=mm&r=g\",\"contentUrl\":\"https:\/\/secure.gravatar.com\/avatar\/6743211f010801ea26aa9423a2daab37?s=96&d=mm&r=g\",\"caption\":\"Test Mysli\"},\"sameAs\":[\"https:\/\/www.diagnostika-mysli.cz\/blog\"],\"url\":\"https:\/\/www.diagnostika-mysli.cz\/blog\/author\/diagnostyka-umyslu\/\"}]}<\/script>\n<!-- \/ Yoast SEO plugin. -->","yoast_head_json":{"title":"Syndrom neklidn\u00fdch nohou - p\u0159\u00ed\u010diny, p\u0159\u00edznaky, l\u00e9\u010dba - Test Mysli","robots":{"index":"index","follow":"follow","max-snippet":"max-snippet:-1","max-image-preview":"max-image-preview:large","max-video-preview":"max-video-preview:-1"},"canonical":"https:\/\/www.diagnostika-mysli.cz\/blog\/adhd\/syndrom-neklidnych-nohou-priciny-priznaky-lecba\/","og_locale":"cs_CZ","og_type":"article","og_title":"Syndrom neklidn\u00fdch nohou - p\u0159\u00ed\u010diny, p\u0159\u00edznaky, l\u00e9\u010dba - Test Mysli","og_description":"Syndrom neklidn\u00fdch nohou je pom\u011brn\u011b nep\u0159\u00edjemn\u00fd stav, kter\u00fd se projevuje nutk\u00e1n\u00edm neust\u00e1le pohybovat nohama, \u010dasto i b\u011bhem sp\u00e1nku. L\u00e9\u010dba t\u00e9to poruchy je p\u0159\u00edsn\u011b z\u00e1visl\u00e1 na...","og_url":"https:\/\/www.diagnostika-mysli.cz\/blog\/adhd\/syndrom-neklidnych-nohou-priciny-priznaky-lecba\/","og_site_name":"Test Mysli","article_published_time":"2022-08-25T06:00:18+00:00","article_modified_time":"2023-12-15T16:32:10+00:00","og_image":[{"width":769,"height":399,"url":"https:\/\/www.diagnostika-mysli.cz\/blog\/wp-content\/uploads\/2022\/08\/14.png","type":"image\/png"}],"twitter_card":"summary_large_image","twitter_misc":{"Napsal(a)":"Test Mysli","Odhadovan\u00e1 doba \u010dten\u00ed":"5 minut"},"schema":{"@context":"https:\/\/schema.org","@graph":[{"@type":"WebSite","@id":"https:\/\/www.diagnostika-mysli.cz\/blog\/#website","url":"https:\/\/www.diagnostika-mysli.cz\/blog\/","name":"Test Mysli","description":"Blog o poruch\u00e1ch mysli","potentialAction":[{"@type":"SearchAction","target":{"@type":"EntryPoint","urlTemplate":"https:\/\/www.diagnostika-mysli.cz\/blog\/?s={search_term_string}"},"query-input":"required name=search_term_string"}],"inLanguage":"cs"},{"@type":"ImageObject","@id":"https:\/\/www.diagnostika-mysli.cz\/blog\/adhd\/syndrom-neklidnych-nohou-priciny-priznaky-lecba\/#primaryimage","inLanguage":"cs","url":"https:\/\/www.diagnostika-mysli.cz\/blog\/wp-content\/uploads\/2022\/08\/14.png","contentUrl":"https:\/\/www.diagnostika-mysli.cz\/blog\/wp-content\/uploads\/2022\/08\/14.png","width":769,"height":399},{"@type":"WebPage","@id":"https:\/\/www.diagnostika-mysli.cz\/blog\/adhd\/syndrom-neklidnych-nohou-priciny-priznaky-lecba\/#webpage","url":"https:\/\/www.diagnostika-mysli.cz\/blog\/adhd\/syndrom-neklidnych-nohou-priciny-priznaky-lecba\/","name":"Syndrom neklidn\u00fdch nohou - p\u0159\u00ed\u010diny, p\u0159\u00edznaky, l\u00e9\u010dba - Test Mysli","isPartOf":{"@id":"https:\/\/www.diagnostika-mysli.cz\/blog\/#website"},"primaryImageOfPage":{"@id":"https:\/\/www.diagnostika-mysli.cz\/blog\/adhd\/syndrom-neklidnych-nohou-priciny-priznaky-lecba\/#primaryimage"},"datePublished":"2022-08-25T06:00:18+00:00","dateModified":"2023-12-15T16:32:10+00:00","author":{"@id":"https:\/\/www.diagnostika-mysli.cz\/blog\/#\/schema\/person\/8eb1bcaf59fea75c780c11946f4e3490"},"breadcrumb":{"@id":"https:\/\/www.diagnostika-mysli.cz\/blog\/adhd\/syndrom-neklidnych-nohou-priciny-priznaky-lecba\/#breadcrumb"},"inLanguage":"cs","potentialAction":[{"@type":"ReadAction","target":["https:\/\/www.diagnostika-mysli.cz\/blog\/adhd\/syndrom-neklidnych-nohou-priciny-priznaky-lecba\/"]}]},{"@type":"BreadcrumbList","@id":"https:\/\/www.diagnostika-mysli.cz\/blog\/adhd\/syndrom-neklidnych-nohou-priciny-priznaky-lecba\/#breadcrumb","itemListElement":[{"@type":"ListItem","position":1,"name":"Blog","item":"https:\/\/www.diagnostika-mysli.cz\/blog\/"},{"@type":"ListItem","position":2,"name":"ADHD","item":"https:\/\/www.diagnostika-mysli.cz\/blog\/adhd\/"},{"@type":"ListItem","position":3,"name":"Restless legs syndrome"}]},{"@type":"Person","@id":"https:\/\/www.diagnostika-mysli.cz\/blog\/#\/schema\/person\/8eb1bcaf59fea75c780c11946f4e3490","name":"Test Mysli","image":{"@type":"ImageObject","@id":"https:\/\/www.diagnostika-mysli.cz\/blog\/#personlogo","inLanguage":"cs","url":"https:\/\/secure.gravatar.com\/avatar\/6743211f010801ea26aa9423a2daab37?s=96&d=mm&r=g","contentUrl":"https:\/\/secure.gravatar.com\/avatar\/6743211f010801ea26aa9423a2daab37?s=96&d=mm&r=g","caption":"Test Mysli"},"sameAs":["https:\/\/www.diagnostika-mysli.cz\/blog"],"url":"https:\/\/www.diagnostika-mysli.cz\/blog\/author\/diagnostyka-umyslu\/"}]}},"amp_enabled":true,"_links":{"self":[{"href":"https:\/\/www.diagnostika-mysli.cz\/blog\/wp-json\/wp\/v2\/posts\/2489"}],"collection":[{"href":"https:\/\/www.diagnostika-mysli.cz\/blog\/wp-json\/wp\/v2\/posts"}],"about":[{"href":"https:\/\/www.diagnostika-mysli.cz\/blog\/wp-json\/wp\/v2\/types\/post"}],"author":[{"embeddable":true,"href":"https:\/\/www.diagnostika-mysli.cz\/blog\/wp-json\/wp\/v2\/users\/1"}],"replies":[{"embeddable":true,"href":"https:\/\/www.diagnostika-mysli.cz\/blog\/wp-json\/wp\/v2\/comments?post=2489"}],"version-history":[{"count":2,"href":"https:\/\/www.diagnostika-mysli.cz\/blog\/wp-json\/wp\/v2\/posts\/2489\/revisions"}],"predecessor-version":[{"id":2704,"href":"https:\/\/www.diagnostika-mysli.cz\/blog\/wp-json\/wp\/v2\/posts\/2489\/revisions\/2704"}],"wp:featuredmedia":[{"embeddable":true,"href":"https:\/\/www.diagnostika-mysli.cz\/blog\/wp-json\/wp\/v2\/media\/2490"}],"wp:attachment":[{"href":"https:\/\/www.diagnostika-mysli.cz\/blog\/wp-json\/wp\/v2\/media?parent=2489"}],"wp:term":[{"taxonomy":"category","embeddable":true,"href":"https:\/\/www.diagnostika-mysli.cz\/blog\/wp-json\/wp\/v2\/categories?post=2489"},{"taxonomy":"post_tag","embeddable":true,"href":"https:\/\/www.diagnostika-mysli.cz\/blog\/wp-json\/wp\/v2\/tags?post=2489"}],"curies":[{"name":"wp","href":"https:\/\/api.w.org\/{rel}","templated":true}]}}