{"id":2666,"date":"2022-11-11T07:12:58","date_gmt":"2022-11-11T12:12:58","guid":{"rendered":"https:\/\/www.diagnostika-mysli.cz\/blog\/?p=2666"},"modified":"2023-12-15T17:29:22","modified_gmt":"2023-12-15T16:29:22","slug":"inteligence-ditete-s-adhd","status":"publish","type":"post","link":"https:\/\/www.diagnostika-mysli.cz\/blog\/adhd\/inteligence-ditete-s-adhd\/","title":{"rendered":"Inteligence d\u00edt\u011bte s ADHD"},"content":{"rendered":"<p>Inteligence d\u011bt\u00ed s poruchou pozornosti s hyperaktivitou (ADHD) byla mimo jin\u00e9 p\u0159edm\u011btem polsk\u00e9ho v\u00fdzkumu. V\u00fdzkumn\u00edci z Poznan\u011b a Gda\u0148ska zkoumali profil mnoho\u010detn\u00e9 inteligence podle Gardnerova konceptu u skupiny <a href=\"https:\/\/www.diagnostika-mysli.cz\/adhd-test\">d\u011bt\u00ed s ADHD<\/a>.<\/p>\n<h4>Vizu\u00e1ln\u00ed inteligence<\/h4>\n<p>Studie uk\u00e1zala, \u017ee d\u011bti posti\u017een\u00e9 psychomotorickou hyperaktivitou dosahuj\u00ed nejlep\u0161\u00edch v\u00fdsledk\u016f ve vizu\u00e1ln\u00ed inteligenci. V\u00fdzkumn\u00edci dosp\u011bli k z\u00e1v\u011bru, \u017ee v\u00fduka d\u011bt\u00ed s ADHD by m\u011bla b\u00fdt z velk\u00e9 \u010d\u00e1sti zalo\u017eena na tomto typu schopnost\u00ed. Podle autor\u016f je pou\u017e\u00edv\u00e1n\u00ed tabul\u00ed a dal\u0161\u00edch vizu\u00e1ln\u00edch pom\u016fcek u\u010diteli opodstatn\u011bn\u00e9. V\u011bdci doporu\u010duj\u00ed podporovat d\u011bti s t\u00edmto syndromem, aby p\u0159i u\u010den\u00ed pou\u017e\u00edvaly kresby, videa, obr\u00e1zky, my\u0161lenkov\u00e9 mapy nebo barevn\u00e9 zv\u00fdrazn\u011bn\u00ed d\u016fle\u017eit\u00fdch informac\u00ed.<\/p>\n<h4>Interperson\u00e1ln\u00ed inteligence<\/h4>\n<p>V\u00fdsledky studie rovn\u011b\u017e ukazuj\u00ed na n\u00edzkou \u00farove\u0148 interperson\u00e1ln\u00ed a jazykov\u00e9 inteligence u d\u011bt\u00ed posti\u017een\u00fdch ADHD. To je v souladu s dal\u0161\u00edmi zpr\u00e1vami v\u011bdc\u016f. Ji\u017e d\u0159\u00edve se uk\u00e1zalo, \u017ee u \u010dty\u0159let\u00fdch a \u0161estilet\u00fdch d\u011bt\u00ed s poruchou pozornosti s hyperaktivitou nen\u00ed nejv\u00edce naru\u0161en kognitivn\u00ed v\u00fdvoj, ale vztahy s vrstevn\u00edky. D\u011bti s ADHD se nenau\u010d\u00ed vyjedn\u00e1vat ve skupin\u011b, d\u011blat \u00fastupky, dodr\u017eovat pravidla hry nebo reciprocitu. To m\u00e1 za n\u00e1sledek \u0161patn\u00e9 vz\u00e1jemn\u00e9 vztahy nebo odm\u00edt\u00e1n\u00ed ze strany vrstevnick\u00e9 skupiny.<\/p>\n<p>Pro d\u011bti s poruchou pozornosti s hyperaktivitou je tak\u00e9 obt\u00ed\u017en\u011bj\u0161\u00ed udr\u017eovat vztahy, proto\u017ee h\u016f\u0159e rozpozn\u00e1vaj\u00ed emo\u010dn\u00ed v\u00fdrazy tv\u00e1\u0159e. Nejmlad\u0161\u00ed s ADHD maj\u00ed tak\u00e9 pot\u00ed\u017ee s vytv\u00e1\u0159en\u00edm samotn\u00e9 komunika\u010dn\u00ed situace. Je to proto, \u017ee jim porucha pozornosti zt\u011b\u017euje nav\u00e1z\u00e1n\u00ed a udr\u017een\u00ed o\u010dn\u00edho kontaktu.<\/p>\n<p>Tyto interperson\u00e1ln\u00ed a komunika\u010dn\u00ed probl\u00e9my by podle autor\u016f studie m\u011bly b\u00fdt d\u016fvodem pro za\u0159azen\u00ed d\u011bt\u00ed s ADHD do socioterapeutick\u00e9 podpory. To by pacient\u016fm umo\u017enilo p\u0159en\u00e9st formy chov\u00e1n\u00ed vyvinut\u00e9 v mal\u00e9 skupin\u011b do v\u011bt\u0161\u00edch skupin vrstevn\u00edk\u016f.<\/p>\n<hr \/>\n<p>Zdroj \/ Bibliografie<\/p>\n<ul>\n<li><em>https:\/\/www.damian.pl\/zdrowie-psychiczne\/adhd\/<\/em><\/li>\n<\/ul>\n","protected":false},"excerpt":{"rendered":"<p>Inteligence d\u011bt\u00ed s poruchou pozornosti s hyperaktivitou (ADHD) byla mimo jin\u00e9 p\u0159edm\u011btem polsk\u00e9ho v\u00fdzkumu. V\u00fdzkumn\u00edci z Poznan\u011b a Gda\u0148ska zkoumali profil mnoho\u010detn\u00e9 inteligence podle Gardnerova&#8230;<\/p>\n","protected":false},"author":1,"featured_media":2646,"comment_status":"closed","ping_status":"open","sticky":false,"template":"","format":"standard","meta":{"inline_featured_image":false},"categories":[780],"tags":[],"yoast_head":"<!-- This site is optimized with the Yoast SEO plugin v18.1 - https:\/\/yoast.com\/wordpress\/plugins\/seo\/ -->\n<title>Inteligence d\u00edt\u011bte s ADHD - Test Mysli<\/title>\n<meta name=\"robots\" content=\"index, follow, max-snippet:-1, max-image-preview:large, max-video-preview:-1\" \/>\n<link rel=\"canonical\" href=\"https:\/\/www.diagnostika-mysli.cz\/blog\/adhd\/inteligence-ditete-s-adhd\/\" \/>\n<meta property=\"og:locale\" content=\"cs_CZ\" \/>\n<meta property=\"og:type\" content=\"article\" \/>\n<meta property=\"og:title\" content=\"Inteligence d\u00edt\u011bte s ADHD - Test Mysli\" \/>\n<meta property=\"og:description\" content=\"Inteligence d\u011bt\u00ed s poruchou pozornosti s hyperaktivitou (ADHD) byla mimo jin\u00e9 p\u0159edm\u011btem polsk\u00e9ho v\u00fdzkumu. V\u00fdzkumn\u00edci z Poznan\u011b a Gda\u0148ska zkoumali profil mnoho\u010detn\u00e9 inteligence podle Gardnerova...\" \/>\n<meta property=\"og:url\" content=\"https:\/\/www.diagnostika-mysli.cz\/blog\/adhd\/inteligence-ditete-s-adhd\/\" \/>\n<meta property=\"og:site_name\" content=\"Test Mysli\" \/>\n<meta property=\"article:published_time\" content=\"2022-11-11T12:12:58+00:00\" \/>\n<meta property=\"article:modified_time\" content=\"2023-12-15T16:29:22+00:00\" \/>\n<meta property=\"og:image\" content=\"https:\/\/www.diagnostika-mysli.cz\/blog\/wp-content\/uploads\/2022\/11\/du_en_baner-1.jpg\" \/>\n\t<meta property=\"og:image:width\" content=\"840\" \/>\n\t<meta property=\"og:image:height\" content=\"420\" \/>\n\t<meta property=\"og:image:type\" content=\"image\/jpeg\" \/>\n<meta name=\"twitter:card\" content=\"summary_large_image\" \/>\n<meta name=\"twitter:label1\" content=\"Napsal(a)\" \/>\n\t<meta name=\"twitter:data1\" content=\"Test Mysli\" \/>\n\t<meta name=\"twitter:label2\" content=\"Odhadovan\u00e1 doba \u010dten\u00ed\" \/>\n\t<meta name=\"twitter:data2\" content=\"2 minuty\" \/>\n<script type=\"application\/ld+json\" class=\"yoast-schema-graph\">{\"@context\":\"https:\/\/schema.org\",\"@graph\":[{\"@type\":\"WebSite\",\"@id\":\"https:\/\/www.diagnostika-mysli.cz\/blog\/#website\",\"url\":\"https:\/\/www.diagnostika-mysli.cz\/blog\/\",\"name\":\"Test Mysli\",\"description\":\"Blog o poruch\u00e1ch mysli\",\"potentialAction\":[{\"@type\":\"SearchAction\",\"target\":{\"@type\":\"EntryPoint\",\"urlTemplate\":\"https:\/\/www.diagnostika-mysli.cz\/blog\/?s={search_term_string}\"},\"query-input\":\"required name=search_term_string\"}],\"inLanguage\":\"cs\"},{\"@type\":\"ImageObject\",\"@id\":\"https:\/\/www.diagnostika-mysli.cz\/blog\/adhd\/inteligence-ditete-s-adhd\/#primaryimage\",\"inLanguage\":\"cs\",\"url\":\"https:\/\/www.diagnostika-mysli.cz\/blog\/wp-content\/uploads\/2022\/11\/du_en_baner-1.jpg\",\"contentUrl\":\"https:\/\/www.diagnostika-mysli.cz\/blog\/wp-content\/uploads\/2022\/11\/du_en_baner-1.jpg\",\"width\":840,\"height\":420,\"caption\":\"Basic Information About ADHD\"},{\"@type\":\"WebPage\",\"@id\":\"https:\/\/www.diagnostika-mysli.cz\/blog\/adhd\/inteligence-ditete-s-adhd\/#webpage\",\"url\":\"https:\/\/www.diagnostika-mysli.cz\/blog\/adhd\/inteligence-ditete-s-adhd\/\",\"name\":\"Inteligence d\u00edt\u011bte s ADHD - Test Mysli\",\"isPartOf\":{\"@id\":\"https:\/\/www.diagnostika-mysli.cz\/blog\/#website\"},\"primaryImageOfPage\":{\"@id\":\"https:\/\/www.diagnostika-mysli.cz\/blog\/adhd\/inteligence-ditete-s-adhd\/#primaryimage\"},\"datePublished\":\"2022-11-11T12:12:58+00:00\",\"dateModified\":\"2023-12-15T16:29:22+00:00\",\"author\":{\"@id\":\"https:\/\/www.diagnostika-mysli.cz\/blog\/#\/schema\/person\/8eb1bcaf59fea75c780c11946f4e3490\"},\"breadcrumb\":{\"@id\":\"https:\/\/www.diagnostika-mysli.cz\/blog\/adhd\/inteligence-ditete-s-adhd\/#breadcrumb\"},\"inLanguage\":\"cs\",\"potentialAction\":[{\"@type\":\"ReadAction\",\"target\":[\"https:\/\/www.diagnostika-mysli.cz\/blog\/adhd\/inteligence-ditete-s-adhd\/\"]}]},{\"@type\":\"BreadcrumbList\",\"@id\":\"https:\/\/www.diagnostika-mysli.cz\/blog\/adhd\/inteligence-ditete-s-adhd\/#breadcrumb\",\"itemListElement\":[{\"@type\":\"ListItem\",\"position\":1,\"name\":\"Blog\",\"item\":\"https:\/\/www.diagnostika-mysli.cz\/blog\/\"},{\"@type\":\"ListItem\",\"position\":2,\"name\":\"ADHD\",\"item\":\"https:\/\/www.diagnostika-mysli.cz\/blog\/adhd\/\"},{\"@type\":\"ListItem\",\"position\":3,\"name\":\"Inteligence d\u00edt\u011bte s ADHD\"}]},{\"@type\":\"Person\",\"@id\":\"https:\/\/www.diagnostika-mysli.cz\/blog\/#\/schema\/person\/8eb1bcaf59fea75c780c11946f4e3490\",\"name\":\"Test Mysli\",\"image\":{\"@type\":\"ImageObject\",\"@id\":\"https:\/\/www.diagnostika-mysli.cz\/blog\/#personlogo\",\"inLanguage\":\"cs\",\"url\":\"https:\/\/secure.gravatar.com\/avatar\/6743211f010801ea26aa9423a2daab37?s=96&d=mm&r=g\",\"contentUrl\":\"https:\/\/secure.gravatar.com\/avatar\/6743211f010801ea26aa9423a2daab37?s=96&d=mm&r=g\",\"caption\":\"Test Mysli\"},\"sameAs\":[\"https:\/\/www.diagnostika-mysli.cz\/blog\"],\"url\":\"https:\/\/www.diagnostika-mysli.cz\/blog\/author\/diagnostyka-umyslu\/\"}]}<\/script>\n<!-- \/ Yoast SEO plugin. -->","yoast_head_json":{"title":"Inteligence d\u00edt\u011bte s ADHD - Test Mysli","robots":{"index":"index","follow":"follow","max-snippet":"max-snippet:-1","max-image-preview":"max-image-preview:large","max-video-preview":"max-video-preview:-1"},"canonical":"https:\/\/www.diagnostika-mysli.cz\/blog\/adhd\/inteligence-ditete-s-adhd\/","og_locale":"cs_CZ","og_type":"article","og_title":"Inteligence d\u00edt\u011bte s ADHD - Test Mysli","og_description":"Inteligence d\u011bt\u00ed s poruchou pozornosti s hyperaktivitou (ADHD) byla mimo jin\u00e9 p\u0159edm\u011btem polsk\u00e9ho v\u00fdzkumu. V\u00fdzkumn\u00edci z Poznan\u011b a Gda\u0148ska zkoumali profil mnoho\u010detn\u00e9 inteligence podle Gardnerova...","og_url":"https:\/\/www.diagnostika-mysli.cz\/blog\/adhd\/inteligence-ditete-s-adhd\/","og_site_name":"Test Mysli","article_published_time":"2022-11-11T12:12:58+00:00","article_modified_time":"2023-12-15T16:29:22+00:00","og_image":[{"width":840,"height":420,"url":"https:\/\/www.diagnostika-mysli.cz\/blog\/wp-content\/uploads\/2022\/11\/du_en_baner-1.jpg","type":"image\/jpeg"}],"twitter_card":"summary_large_image","twitter_misc":{"Napsal(a)":"Test Mysli","Odhadovan\u00e1 doba \u010dten\u00ed":"2 minuty"},"schema":{"@context":"https:\/\/schema.org","@graph":[{"@type":"WebSite","@id":"https:\/\/www.diagnostika-mysli.cz\/blog\/#website","url":"https:\/\/www.diagnostika-mysli.cz\/blog\/","name":"Test Mysli","description":"Blog o poruch\u00e1ch mysli","potentialAction":[{"@type":"SearchAction","target":{"@type":"EntryPoint","urlTemplate":"https:\/\/www.diagnostika-mysli.cz\/blog\/?s={search_term_string}"},"query-input":"required name=search_term_string"}],"inLanguage":"cs"},{"@type":"ImageObject","@id":"https:\/\/www.diagnostika-mysli.cz\/blog\/adhd\/inteligence-ditete-s-adhd\/#primaryimage","inLanguage":"cs","url":"https:\/\/www.diagnostika-mysli.cz\/blog\/wp-content\/uploads\/2022\/11\/du_en_baner-1.jpg","contentUrl":"https:\/\/www.diagnostika-mysli.cz\/blog\/wp-content\/uploads\/2022\/11\/du_en_baner-1.jpg","width":840,"height":420,"caption":"Basic Information About ADHD"},{"@type":"WebPage","@id":"https:\/\/www.diagnostika-mysli.cz\/blog\/adhd\/inteligence-ditete-s-adhd\/#webpage","url":"https:\/\/www.diagnostika-mysli.cz\/blog\/adhd\/inteligence-ditete-s-adhd\/","name":"Inteligence d\u00edt\u011bte s ADHD - Test Mysli","isPartOf":{"@id":"https:\/\/www.diagnostika-mysli.cz\/blog\/#website"},"primaryImageOfPage":{"@id":"https:\/\/www.diagnostika-mysli.cz\/blog\/adhd\/inteligence-ditete-s-adhd\/#primaryimage"},"datePublished":"2022-11-11T12:12:58+00:00","dateModified":"2023-12-15T16:29:22+00:00","author":{"@id":"https:\/\/www.diagnostika-mysli.cz\/blog\/#\/schema\/person\/8eb1bcaf59fea75c780c11946f4e3490"},"breadcrumb":{"@id":"https:\/\/www.diagnostika-mysli.cz\/blog\/adhd\/inteligence-ditete-s-adhd\/#breadcrumb"},"inLanguage":"cs","potentialAction":[{"@type":"ReadAction","target":["https:\/\/www.diagnostika-mysli.cz\/blog\/adhd\/inteligence-ditete-s-adhd\/"]}]},{"@type":"BreadcrumbList","@id":"https:\/\/www.diagnostika-mysli.cz\/blog\/adhd\/inteligence-ditete-s-adhd\/#breadcrumb","itemListElement":[{"@type":"ListItem","position":1,"name":"Blog","item":"https:\/\/www.diagnostika-mysli.cz\/blog\/"},{"@type":"ListItem","position":2,"name":"ADHD","item":"https:\/\/www.diagnostika-mysli.cz\/blog\/adhd\/"},{"@type":"ListItem","position":3,"name":"Inteligence d\u00edt\u011bte s ADHD"}]},{"@type":"Person","@id":"https:\/\/www.diagnostika-mysli.cz\/blog\/#\/schema\/person\/8eb1bcaf59fea75c780c11946f4e3490","name":"Test Mysli","image":{"@type":"ImageObject","@id":"https:\/\/www.diagnostika-mysli.cz\/blog\/#personlogo","inLanguage":"cs","url":"https:\/\/secure.gravatar.com\/avatar\/6743211f010801ea26aa9423a2daab37?s=96&d=mm&r=g","contentUrl":"https:\/\/secure.gravatar.com\/avatar\/6743211f010801ea26aa9423a2daab37?s=96&d=mm&r=g","caption":"Test Mysli"},"sameAs":["https:\/\/www.diagnostika-mysli.cz\/blog"],"url":"https:\/\/www.diagnostika-mysli.cz\/blog\/author\/diagnostyka-umyslu\/"}]}},"amp_enabled":true,"_links":{"self":[{"href":"https:\/\/www.diagnostika-mysli.cz\/blog\/wp-json\/wp\/v2\/posts\/2666"}],"collection":[{"href":"https:\/\/www.diagnostika-mysli.cz\/blog\/wp-json\/wp\/v2\/posts"}],"about":[{"href":"https:\/\/www.diagnostika-mysli.cz\/blog\/wp-json\/wp\/v2\/types\/post"}],"author":[{"embeddable":true,"href":"https:\/\/www.diagnostika-mysli.cz\/blog\/wp-json\/wp\/v2\/users\/1"}],"replies":[{"embeddable":true,"href":"https:\/\/www.diagnostika-mysli.cz\/blog\/wp-json\/wp\/v2\/comments?post=2666"}],"version-history":[{"count":2,"href":"https:\/\/www.diagnostika-mysli.cz\/blog\/wp-json\/wp\/v2\/posts\/2666\/revisions"}],"predecessor-version":[{"id":2696,"href":"https:\/\/www.diagnostika-mysli.cz\/blog\/wp-json\/wp\/v2\/posts\/2666\/revisions\/2696"}],"wp:featuredmedia":[{"embeddable":true,"href":"https:\/\/www.diagnostika-mysli.cz\/blog\/wp-json\/wp\/v2\/media\/2646"}],"wp:attachment":[{"href":"https:\/\/www.diagnostika-mysli.cz\/blog\/wp-json\/wp\/v2\/media?parent=2666"}],"wp:term":[{"taxonomy":"category","embeddable":true,"href":"https:\/\/www.diagnostika-mysli.cz\/blog\/wp-json\/wp\/v2\/categories?post=2666"},{"taxonomy":"post_tag","embeddable":true,"href":"https:\/\/www.diagnostika-mysli.cz\/blog\/wp-json\/wp\/v2\/tags?post=2666"}],"curies":[{"name":"wp","href":"https:\/\/api.w.org\/{rel}","templated":true}]}}