{"id":2676,"date":"2022-11-11T07:54:55","date_gmt":"2022-11-11T12:54:55","guid":{"rendered":"https:\/\/www.diagnostika-mysli.cz\/blog\/?p=2676"},"modified":"2023-12-15T17:28:20","modified_gmt":"2023-12-15T16:28:20","slug":"lze-adhd-vylecit","status":"publish","type":"post","link":"https:\/\/www.diagnostika-mysli.cz\/blog\/adhd\/lze-adhd-vylecit\/","title":{"rendered":"Lze ADHD vyl\u00e9\u010dit?"},"content":{"rendered":"<p>L\u00e9\u010dba poruchy <strong>pozornosti s hyperaktivitou<\/strong> nevede k odstran\u011bn\u00ed jej\u00edch p\u0159\u00edznak\u016f (vyl\u00e9\u010den\u00ed). C\u00edlem p\u0159ijat\u00fdch opat\u0159en\u00ed je:<\/p>\n<ul>\n<li>sn\u00ed\u017een\u00ed z\u00e1va\u017enosti p\u0159\u00edznak\u016f (farmakoterapie);<\/li>\n<li>zlep\u0161en\u00ed kvality \u017eivota pacienta;<\/li>\n<li>prevence nebo l\u00e9\u010dba komplikac\u00ed.<\/li>\n<\/ul>\n<p>V p\u0159\u00edpad\u011b chronick\u00fdch zdravotn\u00edch probl\u00e9m\u016f, a <a href=\"https:\/\/www.diagnostika-mysli.cz\/adhd-test\">ADHD<\/a> je jedn\u00edm z nich, trv\u00e1 l\u00e9\u010dba obvykle roky, \u010dasto a\u017e do konce \u017eivota. Zna\u010dn\u00e1 \u010d\u00e1st lid\u00ed posti\u017een\u00fdch poruchou pozornosti s hyperaktivitou v\u0161ak za\u010dne sv\u00e9 p\u0159\u00edznaky zvl\u00e1dat a\u017e v dosp\u011blosti.<\/p>\n<hr \/>\n<p>Zdroj \/ Bibliografie<\/p>\n<ul>\n<li><em>https:\/\/www.damian.pl\/zdrowie-psychiczne\/adhd\/<\/em><\/li>\n<\/ul>\n","protected":false},"excerpt":{"rendered":"<p>L\u00e9\u010dba poruchy pozornosti s hyperaktivitou nevede k odstran\u011bn\u00ed jej\u00edch p\u0159\u00edznak\u016f (vyl\u00e9\u010den\u00ed). C\u00edlem p\u0159ijat\u00fdch opat\u0159en\u00ed je: sn\u00ed\u017een\u00ed z\u00e1va\u017enosti p\u0159\u00edznak\u016f (farmakoterapie); zlep\u0161en\u00ed kvality \u017eivota pacienta; prevence nebo&#8230;<\/p>\n","protected":false},"author":1,"featured_media":2646,"comment_status":"closed","ping_status":"open","sticky":false,"template":"","format":"standard","meta":{"inline_featured_image":false},"categories":[780],"tags":[],"yoast_head":"<!-- This site is optimized with the Yoast SEO plugin v18.1 - https:\/\/yoast.com\/wordpress\/plugins\/seo\/ -->\n<title>Lze ADHD vyl\u00e9\u010dit? - Test Mysli<\/title>\n<meta name=\"robots\" content=\"index, follow, max-snippet:-1, max-image-preview:large, max-video-preview:-1\" \/>\n<link rel=\"canonical\" href=\"https:\/\/www.diagnostika-mysli.cz\/blog\/adhd\/lze-adhd-vylecit\/\" \/>\n<meta property=\"og:locale\" content=\"cs_CZ\" \/>\n<meta property=\"og:type\" content=\"article\" \/>\n<meta property=\"og:title\" content=\"Lze ADHD vyl\u00e9\u010dit? - Test Mysli\" \/>\n<meta property=\"og:description\" content=\"L\u00e9\u010dba poruchy pozornosti s hyperaktivitou nevede k odstran\u011bn\u00ed jej\u00edch p\u0159\u00edznak\u016f (vyl\u00e9\u010den\u00ed). C\u00edlem p\u0159ijat\u00fdch opat\u0159en\u00ed je: sn\u00ed\u017een\u00ed z\u00e1va\u017enosti p\u0159\u00edznak\u016f (farmakoterapie); zlep\u0161en\u00ed kvality \u017eivota pacienta; prevence nebo...\" \/>\n<meta property=\"og:url\" content=\"https:\/\/www.diagnostika-mysli.cz\/blog\/adhd\/lze-adhd-vylecit\/\" \/>\n<meta property=\"og:site_name\" content=\"Test Mysli\" \/>\n<meta property=\"article:published_time\" content=\"2022-11-11T12:54:55+00:00\" \/>\n<meta property=\"article:modified_time\" content=\"2023-12-15T16:28:20+00:00\" \/>\n<meta property=\"og:image\" content=\"https:\/\/www.diagnostika-mysli.cz\/blog\/wp-content\/uploads\/2022\/11\/du_en_baner-1.jpg\" \/>\n\t<meta property=\"og:image:width\" content=\"840\" \/>\n\t<meta property=\"og:image:height\" content=\"420\" \/>\n\t<meta property=\"og:image:type\" content=\"image\/jpeg\" \/>\n<meta name=\"twitter:card\" content=\"summary_large_image\" \/>\n<meta name=\"twitter:label1\" content=\"Napsal(a)\" \/>\n\t<meta name=\"twitter:data1\" content=\"Test Mysli\" \/>\n\t<meta name=\"twitter:label2\" content=\"Odhadovan\u00e1 doba \u010dten\u00ed\" \/>\n\t<meta name=\"twitter:data2\" content=\"1 minuta\" \/>\n<script type=\"application\/ld+json\" class=\"yoast-schema-graph\">{\"@context\":\"https:\/\/schema.org\",\"@graph\":[{\"@type\":\"WebSite\",\"@id\":\"https:\/\/www.diagnostika-mysli.cz\/blog\/#website\",\"url\":\"https:\/\/www.diagnostika-mysli.cz\/blog\/\",\"name\":\"Test Mysli\",\"description\":\"Blog o poruch\u00e1ch mysli\",\"potentialAction\":[{\"@type\":\"SearchAction\",\"target\":{\"@type\":\"EntryPoint\",\"urlTemplate\":\"https:\/\/www.diagnostika-mysli.cz\/blog\/?s={search_term_string}\"},\"query-input\":\"required name=search_term_string\"}],\"inLanguage\":\"cs\"},{\"@type\":\"ImageObject\",\"@id\":\"https:\/\/www.diagnostika-mysli.cz\/blog\/adhd\/lze-adhd-vylecit\/#primaryimage\",\"inLanguage\":\"cs\",\"url\":\"https:\/\/www.diagnostika-mysli.cz\/blog\/wp-content\/uploads\/2022\/11\/du_en_baner-1.jpg\",\"contentUrl\":\"https:\/\/www.diagnostika-mysli.cz\/blog\/wp-content\/uploads\/2022\/11\/du_en_baner-1.jpg\",\"width\":840,\"height\":420,\"caption\":\"Basic Information About ADHD\"},{\"@type\":\"WebPage\",\"@id\":\"https:\/\/www.diagnostika-mysli.cz\/blog\/adhd\/lze-adhd-vylecit\/#webpage\",\"url\":\"https:\/\/www.diagnostika-mysli.cz\/blog\/adhd\/lze-adhd-vylecit\/\",\"name\":\"Lze ADHD vyl\u00e9\u010dit? - Test Mysli\",\"isPartOf\":{\"@id\":\"https:\/\/www.diagnostika-mysli.cz\/blog\/#website\"},\"primaryImageOfPage\":{\"@id\":\"https:\/\/www.diagnostika-mysli.cz\/blog\/adhd\/lze-adhd-vylecit\/#primaryimage\"},\"datePublished\":\"2022-11-11T12:54:55+00:00\",\"dateModified\":\"2023-12-15T16:28:20+00:00\",\"author\":{\"@id\":\"https:\/\/www.diagnostika-mysli.cz\/blog\/#\/schema\/person\/8eb1bcaf59fea75c780c11946f4e3490\"},\"breadcrumb\":{\"@id\":\"https:\/\/www.diagnostika-mysli.cz\/blog\/adhd\/lze-adhd-vylecit\/#breadcrumb\"},\"inLanguage\":\"cs\",\"potentialAction\":[{\"@type\":\"ReadAction\",\"target\":[\"https:\/\/www.diagnostika-mysli.cz\/blog\/adhd\/lze-adhd-vylecit\/\"]}]},{\"@type\":\"BreadcrumbList\",\"@id\":\"https:\/\/www.diagnostika-mysli.cz\/blog\/adhd\/lze-adhd-vylecit\/#breadcrumb\",\"itemListElement\":[{\"@type\":\"ListItem\",\"position\":1,\"name\":\"Blog\",\"item\":\"https:\/\/www.diagnostika-mysli.cz\/blog\/\"},{\"@type\":\"ListItem\",\"position\":2,\"name\":\"ADHD\",\"item\":\"https:\/\/www.diagnostika-mysli.cz\/blog\/adhd\/\"},{\"@type\":\"ListItem\",\"position\":3,\"name\":\"Lze ADHD vyl\u00e9\u010dit?\"}]},{\"@type\":\"Person\",\"@id\":\"https:\/\/www.diagnostika-mysli.cz\/blog\/#\/schema\/person\/8eb1bcaf59fea75c780c11946f4e3490\",\"name\":\"Test Mysli\",\"image\":{\"@type\":\"ImageObject\",\"@id\":\"https:\/\/www.diagnostika-mysli.cz\/blog\/#personlogo\",\"inLanguage\":\"cs\",\"url\":\"https:\/\/secure.gravatar.com\/avatar\/6743211f010801ea26aa9423a2daab37?s=96&d=mm&r=g\",\"contentUrl\":\"https:\/\/secure.gravatar.com\/avatar\/6743211f010801ea26aa9423a2daab37?s=96&d=mm&r=g\",\"caption\":\"Test Mysli\"},\"sameAs\":[\"https:\/\/www.diagnostika-mysli.cz\/blog\"],\"url\":\"https:\/\/www.diagnostika-mysli.cz\/blog\/author\/diagnostyka-umyslu\/\"}]}<\/script>\n<!-- \/ Yoast SEO plugin. -->","yoast_head_json":{"title":"Lze ADHD vyl\u00e9\u010dit? - Test Mysli","robots":{"index":"index","follow":"follow","max-snippet":"max-snippet:-1","max-image-preview":"max-image-preview:large","max-video-preview":"max-video-preview:-1"},"canonical":"https:\/\/www.diagnostika-mysli.cz\/blog\/adhd\/lze-adhd-vylecit\/","og_locale":"cs_CZ","og_type":"article","og_title":"Lze ADHD vyl\u00e9\u010dit? - Test Mysli","og_description":"L\u00e9\u010dba poruchy pozornosti s hyperaktivitou nevede k odstran\u011bn\u00ed jej\u00edch p\u0159\u00edznak\u016f (vyl\u00e9\u010den\u00ed). C\u00edlem p\u0159ijat\u00fdch opat\u0159en\u00ed je: sn\u00ed\u017een\u00ed z\u00e1va\u017enosti p\u0159\u00edznak\u016f (farmakoterapie); zlep\u0161en\u00ed kvality \u017eivota pacienta; prevence nebo...","og_url":"https:\/\/www.diagnostika-mysli.cz\/blog\/adhd\/lze-adhd-vylecit\/","og_site_name":"Test Mysli","article_published_time":"2022-11-11T12:54:55+00:00","article_modified_time":"2023-12-15T16:28:20+00:00","og_image":[{"width":840,"height":420,"url":"https:\/\/www.diagnostika-mysli.cz\/blog\/wp-content\/uploads\/2022\/11\/du_en_baner-1.jpg","type":"image\/jpeg"}],"twitter_card":"summary_large_image","twitter_misc":{"Napsal(a)":"Test Mysli","Odhadovan\u00e1 doba \u010dten\u00ed":"1 minuta"},"schema":{"@context":"https:\/\/schema.org","@graph":[{"@type":"WebSite","@id":"https:\/\/www.diagnostika-mysli.cz\/blog\/#website","url":"https:\/\/www.diagnostika-mysli.cz\/blog\/","name":"Test Mysli","description":"Blog o poruch\u00e1ch mysli","potentialAction":[{"@type":"SearchAction","target":{"@type":"EntryPoint","urlTemplate":"https:\/\/www.diagnostika-mysli.cz\/blog\/?s={search_term_string}"},"query-input":"required name=search_term_string"}],"inLanguage":"cs"},{"@type":"ImageObject","@id":"https:\/\/www.diagnostika-mysli.cz\/blog\/adhd\/lze-adhd-vylecit\/#primaryimage","inLanguage":"cs","url":"https:\/\/www.diagnostika-mysli.cz\/blog\/wp-content\/uploads\/2022\/11\/du_en_baner-1.jpg","contentUrl":"https:\/\/www.diagnostika-mysli.cz\/blog\/wp-content\/uploads\/2022\/11\/du_en_baner-1.jpg","width":840,"height":420,"caption":"Basic Information About ADHD"},{"@type":"WebPage","@id":"https:\/\/www.diagnostika-mysli.cz\/blog\/adhd\/lze-adhd-vylecit\/#webpage","url":"https:\/\/www.diagnostika-mysli.cz\/blog\/adhd\/lze-adhd-vylecit\/","name":"Lze ADHD vyl\u00e9\u010dit? - Test Mysli","isPartOf":{"@id":"https:\/\/www.diagnostika-mysli.cz\/blog\/#website"},"primaryImageOfPage":{"@id":"https:\/\/www.diagnostika-mysli.cz\/blog\/adhd\/lze-adhd-vylecit\/#primaryimage"},"datePublished":"2022-11-11T12:54:55+00:00","dateModified":"2023-12-15T16:28:20+00:00","author":{"@id":"https:\/\/www.diagnostika-mysli.cz\/blog\/#\/schema\/person\/8eb1bcaf59fea75c780c11946f4e3490"},"breadcrumb":{"@id":"https:\/\/www.diagnostika-mysli.cz\/blog\/adhd\/lze-adhd-vylecit\/#breadcrumb"},"inLanguage":"cs","potentialAction":[{"@type":"ReadAction","target":["https:\/\/www.diagnostika-mysli.cz\/blog\/adhd\/lze-adhd-vylecit\/"]}]},{"@type":"BreadcrumbList","@id":"https:\/\/www.diagnostika-mysli.cz\/blog\/adhd\/lze-adhd-vylecit\/#breadcrumb","itemListElement":[{"@type":"ListItem","position":1,"name":"Blog","item":"https:\/\/www.diagnostika-mysli.cz\/blog\/"},{"@type":"ListItem","position":2,"name":"ADHD","item":"https:\/\/www.diagnostika-mysli.cz\/blog\/adhd\/"},{"@type":"ListItem","position":3,"name":"Lze ADHD vyl\u00e9\u010dit?"}]},{"@type":"Person","@id":"https:\/\/www.diagnostika-mysli.cz\/blog\/#\/schema\/person\/8eb1bcaf59fea75c780c11946f4e3490","name":"Test Mysli","image":{"@type":"ImageObject","@id":"https:\/\/www.diagnostika-mysli.cz\/blog\/#personlogo","inLanguage":"cs","url":"https:\/\/secure.gravatar.com\/avatar\/6743211f010801ea26aa9423a2daab37?s=96&d=mm&r=g","contentUrl":"https:\/\/secure.gravatar.com\/avatar\/6743211f010801ea26aa9423a2daab37?s=96&d=mm&r=g","caption":"Test Mysli"},"sameAs":["https:\/\/www.diagnostika-mysli.cz\/blog"],"url":"https:\/\/www.diagnostika-mysli.cz\/blog\/author\/diagnostyka-umyslu\/"}]}},"amp_enabled":true,"_links":{"self":[{"href":"https:\/\/www.diagnostika-mysli.cz\/blog\/wp-json\/wp\/v2\/posts\/2676"}],"collection":[{"href":"https:\/\/www.diagnostika-mysli.cz\/blog\/wp-json\/wp\/v2\/posts"}],"about":[{"href":"https:\/\/www.diagnostika-mysli.cz\/blog\/wp-json\/wp\/v2\/types\/post"}],"author":[{"embeddable":true,"href":"https:\/\/www.diagnostika-mysli.cz\/blog\/wp-json\/wp\/v2\/users\/1"}],"replies":[{"embeddable":true,"href":"https:\/\/www.diagnostika-mysli.cz\/blog\/wp-json\/wp\/v2\/comments?post=2676"}],"version-history":[{"count":2,"href":"https:\/\/www.diagnostika-mysli.cz\/blog\/wp-json\/wp\/v2\/posts\/2676\/revisions"}],"predecessor-version":[{"id":2691,"href":"https:\/\/www.diagnostika-mysli.cz\/blog\/wp-json\/wp\/v2\/posts\/2676\/revisions\/2691"}],"wp:featuredmedia":[{"embeddable":true,"href":"https:\/\/www.diagnostika-mysli.cz\/blog\/wp-json\/wp\/v2\/media\/2646"}],"wp:attachment":[{"href":"https:\/\/www.diagnostika-mysli.cz\/blog\/wp-json\/wp\/v2\/media?parent=2676"}],"wp:term":[{"taxonomy":"category","embeddable":true,"href":"https:\/\/www.diagnostika-mysli.cz\/blog\/wp-json\/wp\/v2\/categories?post=2676"},{"taxonomy":"post_tag","embeddable":true,"href":"https:\/\/www.diagnostika-mysli.cz\/blog\/wp-json\/wp\/v2\/tags?post=2676"}],"curies":[{"name":"wp","href":"https:\/\/api.w.org\/{rel}","templated":true}]}}