{"id":2839,"date":"2025-01-25T13:34:31","date_gmt":"2025-01-25T12:34:31","guid":{"rendered":"https:\/\/www.diagnostika-mysli.cz\/blog\/autismus\/jak-poznat-autismus-u-dospelych\/"},"modified":"2025-01-25T14:01:23","modified_gmt":"2025-01-25T13:01:23","slug":"jak-poznat-autismus-u-dospelych","status":"publish","type":"post","link":"https:\/\/www.diagnostika-mysli.cz\/blog\/autismus\/jak-poznat-autismus-u-dospelych\/","title":{"rendered":"Jak poznat autismus u dosp\u011bl\u00fdch"},"content":{"rendered":"<div class=\"topics\">\n<div class=\"topic\">\n<h2>Jak\u00e9 jsou p\u0159\u00edznaky autismu u dosp\u011bl\u00fdch a jak je rozpoznat?<\/h2>\n<p>Autismus je neurov\u00fdvojov\u00e1 porucha, kter\u00e1 se projevuje od ran\u00e9ho d\u011btstv\u00ed. Nicm\u00e9n\u011b, mnoho lid\u00ed s touto poruchou nebylo diagnostikov\u00e1no v d\u011btstv\u00ed a m\u016f\u017ee se setkat s obt\u00ed\u017eemi a\u017e v dosp\u011blosti. P\u0159\u00edznaky autismu u dosp\u011bl\u00fdch se mohou li\u0161it od t\u011bch u d\u011bt\u00ed a mohou b\u00fdt obt\u00ed\u017en\u011b rozpoznateln\u00e9. Proto je d\u016fle\u017eit\u00e9 b\u00fdt informovan\u00fd o t\u011bchto p\u0159\u00edznac\u00edch a v\u010dasn\u00e9 diagnostice, aby bylo mo\u017en\u00e9 poskytnout vhodnou podporu a l\u00e9\u010dbu.<\/p>\n<p>Jedn\u00edm z hlavn\u00edch p\u0159\u00edznak\u016f autismu u dosp\u011bl\u00fdch je obt\u00ed\u017enost v soci\u00e1ln\u00edch interakc\u00edch. Lid\u00e9 s touto poruchou mohou m\u00edt probl\u00e9my s porozum\u011bn\u00edm soci\u00e1ln\u00edm n\u00e1vyk\u016fm a nespr\u00e1vn\u011b interpretovat verb\u00e1ln\u00ed a neverb\u00e1ln\u00ed komunikaci. Mohou se tak\u00e9 c\u00edtit nepohodln\u011b v soci\u00e1ln\u00edch situac\u00edch a vyh\u00fdbat se kontaktu s ostatn\u00edmi lidmi. M\u016f\u017ee se tak\u00e9 projevovat nedostate\u010dn\u00fdm projevem emoc\u00ed a neschopnost\u00ed \u010d\u00edst emoce u druh\u00fdch.<\/p>\n<p>Dal\u0161\u00edm v\u00fdznamn\u00fdm p\u0159\u00edznakem je omezen\u00fd a stereotypn\u00ed z\u00e1jem a chov\u00e1n\u00ed. Dosp\u011bl\u00ed s autismem mohou m\u00edt siln\u00e9 z\u00e1jmy a ritu\u00e1ly, kter\u00e9 se opakuj\u00ed a jsou pro n\u011b d\u016fle\u017eit\u00e9. Mohou tak\u00e9 m\u00edt probl\u00e9my s p\u0159izp\u016fsoben\u00edm se zm\u011bn\u00e1m v rutin\u011b a mohou b\u00fdt velmi citliv\u00ed na zm\u011bny v prost\u0159ed\u00ed. M\u016f\u017ee se tak\u00e9 projevovat opakov\u00e1n\u00edm slov nebo v\u011bt a z\u00e1jmem o ur\u010dit\u00e9 p\u0159edm\u011bty nebo \u010dinnosti.<\/p>\n<p>Dal\u0161\u00edm d\u016fle\u017eit\u00fdm p\u0159\u00edznakem je probl\u00e9m s komunikac\u00ed. Dosp\u011bl\u00ed s autismem mohou m\u00edt probl\u00e9my s porozum\u011bn\u00edm a pou\u017e\u00edv\u00e1n\u00edm jazyka. Mohou m\u00edt omezenou slovn\u00ed z\u00e1sobu a mohou m\u00edt probl\u00e9my s vyjad\u0159ov\u00e1n\u00edm sv\u00fdch my\u0161lenek a pocit\u016f. Mohou tak\u00e9 m\u00edt probl\u00e9my s porozum\u011bn\u00edm ironie, sarkasmu a metafor. N\u011bkte\u0159\u00ed lid\u00e9 s autismem mohou tak\u00e9 m\u00edt probl\u00e9my s komunikac\u00ed pomoc\u00ed neverb\u00e1ln\u00edch prost\u0159edk\u016f, jako jsou gesta a mimika.<\/p>\n<p>Dal\u0161\u00edm d\u016fle\u017eit\u00fdm p\u0159\u00edznakem je omezen\u00e1 schopnost p\u0159izp\u016fsobit se nov\u00fdm situac\u00edm a zm\u011bn\u00e1m. Dosp\u011bl\u00ed s autismem mohou m\u00edt probl\u00e9my s p\u0159izp\u016fsoben\u00edm se nov\u00fdm situac\u00edm a mohou b\u00fdt velmi citliv\u00ed na zm\u011bny v prost\u0159ed\u00ed. M\u016f\u017ee se tak\u00e9 projevovat \u00fazkost\u00ed a stresov\u00fdmi reakcemi na zm\u011bny v rutin\u011b nebo prost\u0159ed\u00ed.<\/p>\n<p>Dal\u0161\u00edm v\u00fdznamn\u00fdm p\u0159\u00edznakem je omezen\u00e1 schopnost porozum\u011bt a vyjad\u0159ovat emoce. Lid\u00e9 s autismem mohou m\u00edt probl\u00e9my s porozum\u011bn\u00edm a vyjad\u0159ov\u00e1n\u00edm emoc\u00ed. Mohou m\u00edt tak\u00e9 probl\u00e9my s regulac\u00ed emoc\u00ed a mohou se projevovat impulzivn\u00edmi a nevhodn\u00fdmi emocion\u00e1ln\u00edmi reakcemi.<\/p>\n<p>Rozpozn\u00e1n\u00ed autismu u dosp\u011bl\u00fdch m\u016f\u017ee b\u00fdt obt\u00ed\u017en\u00e9, proto\u017ee p\u0159\u00edznaky se mohou li\u0161it od osoby k osob\u011b a mohou b\u00fdt zam\u011bn\u011bny za jin\u00e9 poruchy nebo probl\u00e9my. Nicm\u00e9n\u011b, pokud si v\u0161imnete u sebe nebo u sv\u00e9ho bl\u00edzk\u00e9ho n\u011bkter\u00e9 z v\u00fd\u0161e uveden\u00fdch p\u0159\u00edznak\u016f, je d\u016fle\u017eit\u00e9 vyhledat odbornou pomoc. Diagnostika autismu u dosp\u011bl\u00fdch zahrnuje d\u016fkladnou anamn\u00e9zu, pozorov\u00e1n\u00ed chov\u00e1n\u00ed a vy\u0161et\u0159en\u00ed psychologem nebo psychiatrem.<\/p>\n<p>V\u010dasn\u00e1 diagn\u00f3za a vhodn\u00e1 podpora mohou pomoci dosp\u011bl\u00fdm s autismem zlep\u0161it sv\u016fj \u017eivot a zvl\u00e1dat ka\u017edodenn\u00ed v\u00fdzvy. Existuje mnoho terapeutick\u00fdch a vzd\u011bl\u00e1vac\u00edch program\u016f, kter\u00e9 mohou pomoci s komunikac\u00ed, soci\u00e1ln\u00edmi interakcemi a p\u0159izp\u016fsoben\u00edm se nov\u00fdm situac\u00edm. D\u016fle\u017eit\u00e9 je tak\u00e9 vytvo\u0159it podporuj\u00edc\u00ed a p\u0159ij\u00edmaj\u00edc\u00ed prost\u0159ed\u00ed pro dosp\u011bl\u00e9 s autismem, aby se mohli c\u00edtit bezpe\u010dn\u011b a respektov\u00e1ni.<\/p>\n<p>V z\u00e1v\u011bru lze \u0159\u00edci, \u017ee p\u0159\u00edznaky autismu u dosp\u011bl\u00fdch se mohou li\u0161it od t\u011bch u d\u011bt\u00ed a mohou b\u00fdt obt\u00ed\u017en\u011b rozpoznateln\u00e9. Je d\u016fle\u017eit\u00e9 b\u00fdt informovan\u00fd o t\u011bchto p\u0159\u00edznac\u00edch a v\u010dasn\u00e9 diagnostice, aby bylo mo\u017en\u00e9 poskytnout vhodnou podporu a l\u00e9\u010dbu. S vhodnou podporou a porozum\u011bn\u00edm mohou dosp\u011bl\u00ed s autismem v\u00e9st plnohodnotn\u00fd a spokojen\u00fd \u017eivot.<\/p>\n<\/div>\n<div class=\"topic\">\n<h2>Diagnostika autismu u dosp\u011bl\u00fdch: Jak prob\u00edh\u00e1 a kdo ji m\u016f\u017ee prov\u00e9st?<\/h2>\n<p>Autismus je neurov\u00fdvojov\u00e1 porucha, kter\u00e1 se projevuje v poru\u0161en\u00ed soci\u00e1ln\u00edch interakc\u00ed, komunika\u010dn\u00edch schopnost\u00ed a omezen\u00fdch a opakuj\u00edc\u00edch se vzorc\u00edch chov\u00e1n\u00ed. Tato porucha se obvykle projevuje ji\u017e v d\u011btstv\u00ed, ale m\u016f\u017ee b\u00fdt diagnostikov\u00e1na i u dosp\u011bl\u00fdch. Diagnostika autismu u dosp\u011bl\u00fdch je d\u016fle\u017eit\u00e1, proto\u017ee m\u016f\u017ee pomoci v\u010dasn\u00e9mu zah\u00e1jen\u00ed terapie a zlep\u0161en\u00ed kvality \u017eivota pacienta.<\/p>\n<p>Diagnostika autismu u dosp\u011bl\u00fdch prob\u00edh\u00e1 v n\u011bkolika kroc\u00edch. Prvn\u00edm krokem je z\u00edsk\u00e1n\u00ed podrobn\u00e9ho anamnestick\u00e9ho dotazn\u00edku od pacienta a jeho bl\u00edzk\u00fdch. Tento dotazn\u00edk obsahuje informace o v\u00fdvoji pacienta, jeho chov\u00e1n\u00ed, komunika\u010dn\u00edch schopnostech a soci\u00e1ln\u00edch interakc\u00edch. D\u00e1le se prov\u00e1d\u00ed klinick\u00e9 vy\u0161et\u0159en\u00ed, kter\u00e9 zahrnuje pozorov\u00e1n\u00ed chov\u00e1n\u00ed pacienta a vy\u0161et\u0159en\u00ed jeho komunika\u010dn\u00edch schopnost\u00ed.<\/p>\n<p>Dal\u0161\u00edm d\u016fle\u017eit\u00fdm krokem je psychologick\u00e9 vy\u0161et\u0159en\u00ed, kter\u00e9 se zam\u011b\u0159uje na hodnocen\u00ed kognitivn\u00edch schopnost\u00ed, emocion\u00e1ln\u00edho stavu a soci\u00e1ln\u00edch interakc\u00ed pacienta. V r\u00e1mci tohoto vy\u0161et\u0159en\u00ed se pou\u017e\u00edvaj\u00ed r\u016fzn\u00e9 testy a dotazn\u00edky, kter\u00e9 pom\u00e1haj\u00ed posoudit p\u0159\u00edznaky autismu.<\/p>\n<p>Pro potvrzen\u00ed diagn\u00f3zy autismu u dosp\u011bl\u00fdch se tak\u00e9 prov\u00e1d\u00ed neurologick\u00e9 vy\u0161et\u0159en\u00ed, kter\u00e9 m\u016f\u017ee odhalit p\u0159\u00edpadn\u00e9 neurologick\u00e9 poruchy, kter\u00e9 mohou b\u00fdt spojeny s autismem. D\u00e1le se m\u016f\u017ee prov\u00e9st genetick\u00e9 vy\u0161et\u0159en\u00ed, kter\u00e9 m\u016f\u017ee pomoci identifikovat genetick\u00e9 p\u0159\u00ed\u010diny autismu.<\/p>\n<p>Diagnostika autismu u dosp\u011bl\u00fdch m\u016f\u017ee b\u00fdt prov\u00e1d\u011bna r\u016fzn\u00fdmi odborn\u00edky, jako jsou psychiat\u0159i, psychologov\u00e9, neurologov\u00e9 nebo pediat\u0159i. Je d\u016fle\u017eit\u00e9, aby byla diagnostika prov\u00e1d\u011bna t\u00fdmem odborn\u00edk\u016f, kte\u0159\u00ed maj\u00ed zku\u0161enosti s diagnostikou autismu u dosp\u011bl\u00fdch.<\/p>\n<p>V \u010cesk\u00e9 republice existuje n\u011bkolik specializovan\u00fdch center, kter\u00e1 se zam\u011b\u0159uj\u00ed na diagnostiku a l\u00e9\u010dbu autismu u dosp\u011bl\u00fdch. Tyto centra poskytuj\u00ed komplexn\u00ed diagnostiku v\u010detn\u011b psychologick\u00e9ho, neurologick\u00e9ho a genetick\u00e9ho vy\u0161et\u0159en\u00ed. V r\u00e1mci diagnostiky se tak\u00e9 prov\u00e1d\u00ed hodnocen\u00ed komunika\u010dn\u00edch schopnost\u00ed a soci\u00e1ln\u00edch interakc\u00ed pacienta.<\/p>\n<p>V z\u00e1v\u011bru je d\u016fle\u017eit\u00e9 zm\u00ednit, \u017ee diagnostika autismu u dosp\u011bl\u00fdch je slo\u017eit\u00fd proces, kter\u00fd vy\u017eaduje spolupr\u00e1ci mezi r\u016fzn\u00fdmi odborn\u00edky. Je d\u016fle\u017eit\u00e9, aby byla diagnostika prov\u00e1d\u011bna co nejd\u0159\u00edve, aby bylo mo\u017en\u00e9 zah\u00e1jit vhodnou terapii a pomoci pacientovi zlep\u0161it jeho kvalitu \u017eivota.<\/p>\n<\/div>\n<div class=\"topic\">\n<h2>Jak\u00e9 jsou mo\u017enosti l\u00e9\u010dby a podpory pro dosp\u011bl\u00e9 s autismem?<\/h2>\n<p>Autismus je neurov\u00fdvojov\u00e9 onemocn\u011bn\u00ed, kter\u00e9 ovliv\u0148uje soci\u00e1ln\u00ed interakci, komunikaci a chov\u00e1n\u00ed jedince. V\u011bt\u0161inou se projevuje ji\u017e v d\u011btstv\u00ed, ale m\u016f\u017ee b\u00fdt diagnostikov\u00e1n i u dosp\u011bl\u00fdch. Pro dosp\u011bl\u00e9 s autismem m\u016f\u017ee b\u00fdt obt\u00ed\u017en\u00e9 naj\u00edt vhodnou l\u00e9\u010dbu a podporu, ale existuj\u00ed r\u016fzn\u00e9 mo\u017enosti, kter\u00e9 mohou pomoci zlep\u0161it jejich kvalitu \u017eivota.<\/p>\n<p>1. Terapie<\/p>\n<p>Terapie je jednou z nej\u010dast\u011bj\u0161\u00edch forem l\u00e9\u010dby pro dosp\u011bl\u00e9 s autismem. Existuje n\u011bkolik typ\u016f terapi\u00ed, kter\u00e9 se zam\u011b\u0159uj\u00ed na r\u016fzn\u00e9 aspekty autismu. Nap\u0159\u00edklad behavior\u00e1ln\u00ed terapie se zam\u011b\u0159uje na zm\u011bnu ne\u017e\u00e1douc\u00edho chov\u00e1n\u00ed a u\u010den\u00ed nov\u00fdch dovednost\u00ed. Kognitivn\u011b-behavior\u00e1ln\u00ed terapie se zam\u011b\u0159uje na zm\u011bnu my\u0161len\u00ed a chov\u00e1n\u00ed, kter\u00e9 mohou b\u00fdt spojeny s autismem. Terapie zam\u011b\u0159en\u00e1 na komunikaci m\u016f\u017ee pomoci zlep\u0161it schopnost komunikovat a porozum\u011bt ostatn\u00edm. Terapie m\u016f\u017ee b\u00fdt individu\u00e1ln\u00ed nebo skupinov\u00e1 a m\u016f\u017ee b\u00fdt prov\u00e1d\u011bna odborn\u00edkem na autismus.<\/p>\n<p>2. Farmakoterapie<\/p>\n<p>Farmakoterapie se pou\u017e\u00edv\u00e1 k l\u00e9\u010db\u011b p\u0159\u00edznak\u016f spojen\u00fdch s autismem, jako jsou \u00fazkost, deprese, agresivita nebo hyperaktivita. Existuje n\u011bkolik l\u00e9k\u016f, kter\u00e9 mohou b\u00fdt p\u0159edeps\u00e1ny pro dosp\u011bl\u00e9 s autismem, ale ka\u017ed\u00fd jedinec m\u016f\u017ee reagovat jinak. Je d\u016fle\u017eit\u00e9, aby byl l\u00e9k p\u0159edeps\u00e1n odborn\u00edkem a aby byl pravideln\u011b monitorov\u00e1n.<\/p>\n<p>3. Podpora prost\u0159ednictv\u00edm organizac\u00ed a skupin<\/p>\n<p>Existuje mnoho organizac\u00ed a skupin, kter\u00e9 poskytuj\u00ed podporu pro dosp\u011bl\u00e9 s autismem. Tyto organizace mohou nab\u00edzet r\u016fzn\u00e9 slu\u017eby, jako jsou poradenstv\u00ed, podpora p\u0159i hled\u00e1n\u00ed zam\u011bstn\u00e1n\u00ed, soci\u00e1ln\u00ed aktivity a dal\u0161\u00ed. Skupiny pro dosp\u011bl\u00e9 s autismem mohou b\u00fdt tak\u00e9 u\u017eite\u010dn\u00e9, proto\u017ee umo\u017e\u0148uj\u00ed jedinc\u016fm s autismem setk\u00e1vat se s ostatn\u00edmi, sd\u00edlet sv\u00e9 z\u00e1\u017eitky a u\u010dit se od sebe navz\u00e1jem.<\/p>\n<p>4. Podpora v zam\u011bstn\u00e1n\u00ed<\/p>\n<p>N\u011bkte\u0159\u00ed dosp\u011bl\u00ed s autismem mohou m\u00edt obt\u00ed\u017ee s nalezen\u00edm a udr\u017een\u00edm zam\u011bstn\u00e1n\u00ed. Existuj\u00ed v\u0161ak organizace, kter\u00e9 poskytuj\u00ed podporu p\u0159i hled\u00e1n\u00ed zam\u011bstn\u00e1n\u00ed a p\u0159i p\u0159izp\u016fsobov\u00e1n\u00ed pracovn\u00edho prost\u0159ed\u00ed pro jedince s autismem. N\u011bkter\u00e9 organizace tak\u00e9 nab\u00edzej\u00ed tr\u00e9ninkov\u00e9 programy, kter\u00e9 pom\u00e1haj\u00ed dosp\u011bl\u00fdm s autismem z\u00edskat pot\u0159ebn\u00e9 dovednosti pro pr\u00e1ci.<\/p>\n<p>5. Podpora v ka\u017edodenn\u00edm \u017eivot\u011b<\/p>\n<p>Dosp\u011bl\u00ed s autismem mohou m\u00edt pot\u00ed\u017ee s ka\u017edodenn\u00edmi \u00fakoly, jako je p\u00e9\u010de o sebe, pl\u00e1nov\u00e1n\u00ed a organizace. Existuj\u00ed organizace, kter\u00e9 poskytuj\u00ed podporu v t\u011bchto oblastech a pom\u00e1haj\u00ed jedinc\u016fm s autismem z\u00edskat nez\u00e1vislost a samostatnost.<\/p>\n<p>V z\u00e1v\u011bru lze \u0159\u00edci, \u017ee existuje mnoho mo\u017enost\u00ed l\u00e9\u010dby a podpory pro dosp\u011bl\u00e9 s autismem. Je d\u016fle\u017eit\u00e9 naj\u00edt vhodnou kombinaci terapi\u00ed a slu\u017eeb, kter\u00e9 budou nejl\u00e9pe vyhovovat pot\u0159eb\u00e1m jedince s autismem. Je tak\u00e9 d\u016fle\u017eit\u00e9, aby byl jedinec s autismem podporov\u00e1n a aby se c\u00edtil p\u0159ijat\u00fd ve spole\u010dnosti. S vhodnou l\u00e9\u010dbou a podporou mohou dosp\u011bl\u00ed s autismem v\u00e9st plnohodnotn\u00fd a spokojen\u00fd \u017eivot.<\/p>\n<\/div>\n<div class=\"topic\">\n<h2>Jak mohou bl\u00edzc\u00ed a okol\u00ed pomoci dosp\u011bl\u00fdm s autismem a jak se s nimi l\u00e9pe porozum\u011bt?<\/h2>\n<p>Autismus je neurov\u00fdvojov\u00e1 porucha, kter\u00e1 ovliv\u0148uje komunikaci, soci\u00e1ln\u00ed interakci a chov\u00e1n\u00ed jedince. Pro dosp\u011bl\u00e9 s touto poruchou m\u016f\u017ee b\u00fdt ka\u017edodenn\u00ed \u017eivot n\u00e1ro\u010dn\u00fd a mohou pot\u0159ebovat pomoc a podporu od sv\u00fdch bl\u00edzk\u00fdch a okol\u00ed. V tomto \u010dl\u00e1nku se pod\u00edv\u00e1me na to, jak mohou bl\u00edzc\u00ed a okol\u00ed pomoci dosp\u011bl\u00fdm s autismem a jak se s nimi l\u00e9pe porozum\u011bt.<\/p>\n<p>1. Vytvo\u0159te bezpe\u010dn\u00e9 a strukturovan\u00e9 prost\u0159ed\u00ed<\/p>\n<p>Pro dosp\u011bl\u00e9 s autismem je d\u016fle\u017eit\u00e9 m\u00edt pevnou rutinu a strukturu v jejich ka\u017edodenn\u00edm \u017eivot\u011b. Pomozte jim vytvo\u0159it bezpe\u010dn\u00e9 a strukturovan\u00e9 prost\u0159ed\u00ed, ve kter\u00e9m se budou c\u00edtit pohodln\u011b a bezpe\u010dn\u011b. To m\u016f\u017ee zahrnovat pravideln\u00fd harmonogram, jasn\u011b stanoven\u00e1 pravidla a m\u00edsto, kde se mohou uklidnit, pokud se c\u00edt\u00ed p\u0159et\u00ed\u017een\u00ed.<\/p>\n<p>2. Bu\u010fte trp\u011bliv\u00ed a empati\u010dt\u00ed<\/p>\n<p>Dosp\u011bl\u00ed s autismem mohou m\u00edt probl\u00e9my s komunikac\u00ed a porozum\u011bn\u00edm soci\u00e1ln\u00edm sign\u00e1l\u016fm. Bu\u010fte trp\u011bliv\u00ed a empati\u010dt\u00ed, kdy\u017e s nimi komunikujete. Sna\u017ete se b\u00fdt jasn\u00fd a jednoduch\u00fd ve sv\u00fdch instrukc\u00edch a vyvarujte se slo\u017eit\u00fdch fr\u00e1z\u00ed a metafor. M\u016f\u017ee tak\u00e9 b\u00fdt u\u017eite\u010dn\u00e9 pou\u017e\u00edvat vizu\u00e1ln\u00ed pom\u016fcky, jako jsou obr\u00e1zky nebo pl\u00e1ny, aby se l\u00e9pe orientovali.<\/p>\n<p>3. Podporujte jejich z\u00e1jmy a schopnosti<\/p>\n<p>Dosp\u011bl\u00ed s autismem mohou m\u00edt specifick\u00e9 z\u00e1jmy a schopnosti, kter\u00e9 mohou b\u00fdt pro n\u011b velmi d\u016fle\u017eit\u00e9. Podporujte je v jejich z\u00e1jmech a pomozte jim naj\u00edt zp\u016fsob, jak je rozv\u00edjet. To m\u016f\u017ee b\u00fdt nejen z\u00e1bavn\u00e9 pro n\u011b, ale tak\u00e9 jim pom\u016f\u017ee z\u00edskat sebev\u011bdom\u00ed a pocit \u00fasp\u011bchu.<\/p>\n<p>4. Umo\u017en\u011bte jim nez\u00e1vislost<\/p>\n<p>I kdy\u017e mohou dosp\u011bl\u00ed s autismem pot\u0159ebovat pomoc a podporu, je d\u016fle\u017eit\u00e9, aby m\u011bli tak\u00e9 mo\u017enost b\u00fdt nez\u00e1visl\u00ed. Umo\u017en\u011bte jim d\u011blat v\u011bci sami, pokud jsou schopni, a podporujte je v jejich snaze b\u00fdt samostatn\u00ed. To jim pom\u016f\u017ee z\u00edskat sebev\u011bdom\u00ed a pocit kontroly nad sv\u00fdm \u017eivotem.<\/p>\n<p>5. Vzd\u011bl\u00e1vejte se o autismu<\/p>\n<p>Vzd\u011bl\u00e1v\u00e1n\u00ed o autismu m\u016f\u017ee b\u00fdt pro bl\u00edzk\u00e9 a okol\u00ed dosp\u011bl\u00fdch s touto poruchou velmi u\u017eite\u010dn\u00e9. Zjist\u011bte si v\u00edce o tom, jak autismus ovliv\u0148uje jedince a jak m\u016f\u017eete pomoci. Existuje mnoho zdroj\u016f, jako jsou knihy, webov\u00e9 str\u00e1nky a workshopy, kter\u00e9 v\u00e1m mohou pomoci l\u00e9pe porozum\u011bt autismu.<\/p>\n<p>6. Hledejte podporu<\/p>\n<p>Pro bl\u00edzk\u00e9 a okol\u00ed dosp\u011bl\u00fdch s autismem m\u016f\u017ee b\u00fdt n\u00e1ro\u010dn\u00e9 poskytovat jim pomoc a podporu. Nebojte se hledat podporu od rodiny, p\u0159\u00e1tel nebo odborn\u00edk\u016f. M\u016f\u017eete se tak\u00e9 p\u0159ipojit k podp\u016frn\u00e9 skupin\u011b pro bl\u00edzk\u00e9 osob s autismem, kde m\u016f\u017eete sd\u00edlet sv\u00e9 zku\u0161enosti a z\u00edskat u\u017eite\u010dn\u00e9 rady.<\/p>\n<p>V z\u00e1v\u011bru je d\u016fle\u017eit\u00e9 si uv\u011bdomit, \u017ee ka\u017ed\u00fd jedinec s autismem je jedine\u010dn\u00fd a m\u016f\u017ee pot\u0159ebovat odli\u0161nou formu pomoci a podpory. Bu\u010fte trp\u011bliv\u00ed, empati\u010dt\u00ed a otev\u0159en\u00ed nov\u00fdm zp\u016fsob\u016fm komunikace a podpory. S va\u0161\u00ed pomoc\u00ed a podporou mohou dosp\u011bl\u00ed s autismem v\u00e9st plnohodnotn\u00fd a \u0161\u0165astn\u00fd \u017eivot.<\/p>\n<\/div>\n<\/div>\n","protected":false},"excerpt":{"rendered":"<p>Jak\u00e9 jsou p\u0159\u00edznaky autismu u dosp\u011bl\u00fdch a jak je rozpoznat? Autismus je neurov\u00fdvojov\u00e1 porucha, kter\u00e1 se projevuje od ran\u00e9ho d\u011btstv\u00ed. Nicm\u00e9n\u011b, mnoho lid\u00ed s touto&#8230;<\/p>\n","protected":false},"author":1,"featured_media":2828,"comment_status":"closed","ping_status":"open","sticky":false,"template":"","format":"standard","meta":{"inline_featured_image":false},"categories":[849],"tags":[],"yoast_head":"<!-- This site is optimized with the Yoast SEO plugin v18.1 - https:\/\/yoast.com\/wordpress\/plugins\/seo\/ -->\n<title>Jak poznat autismus u dosp\u011bl\u00fdch - Test Mysli<\/title>\n<meta name=\"robots\" content=\"index, follow, max-snippet:-1, max-image-preview:large, max-video-preview:-1\" \/>\n<link rel=\"canonical\" href=\"https:\/\/www.diagnostika-mysli.cz\/blog\/autismus\/jak-poznat-autismus-u-dospelych\/\" \/>\n<meta property=\"og:locale\" content=\"cs_CZ\" \/>\n<meta property=\"og:type\" content=\"article\" \/>\n<meta property=\"og:title\" content=\"Jak poznat autismus u dosp\u011bl\u00fdch - Test Mysli\" \/>\n<meta property=\"og:description\" content=\"Jak\u00e9 jsou p\u0159\u00edznaky autismu u dosp\u011bl\u00fdch a jak je rozpoznat? Autismus je neurov\u00fdvojov\u00e1 porucha, kter\u00e1 se projevuje od ran\u00e9ho d\u011btstv\u00ed. Nicm\u00e9n\u011b, mnoho lid\u00ed s touto...\" \/>\n<meta property=\"og:url\" content=\"https:\/\/www.diagnostika-mysli.cz\/blog\/autismus\/jak-poznat-autismus-u-dospelych\/\" \/>\n<meta property=\"og:site_name\" content=\"Test Mysli\" \/>\n<meta property=\"article:published_time\" content=\"2025-01-25T12:34:31+00:00\" \/>\n<meta property=\"article:modified_time\" content=\"2025-01-25T13:01:23+00:00\" \/>\n<meta name=\"twitter:card\" content=\"summary_large_image\" \/>\n<meta name=\"twitter:image\" content=\"https:\/\/www.diagnostika-mysli.cz\/blog\/wp-content\/uploads\/2025\/01\/img_autism_19.webp\" \/>\n<meta name=\"twitter:label1\" content=\"Napsal(a)\" \/>\n\t<meta name=\"twitter:data1\" content=\"Test Mysli\" \/>\n\t<meta name=\"twitter:label2\" content=\"Odhadovan\u00e1 doba \u010dten\u00ed\" \/>\n\t<meta name=\"twitter:data2\" content=\"12 minut\" \/>\n<script type=\"application\/ld+json\" class=\"yoast-schema-graph\">{\"@context\":\"https:\/\/schema.org\",\"@graph\":[{\"@type\":\"WebSite\",\"@id\":\"https:\/\/www.diagnostika-mysli.cz\/blog\/#website\",\"url\":\"https:\/\/www.diagnostika-mysli.cz\/blog\/\",\"name\":\"Test Mysli\",\"description\":\"Blog o poruch\u00e1ch mysli\",\"potentialAction\":[{\"@type\":\"SearchAction\",\"target\":{\"@type\":\"EntryPoint\",\"urlTemplate\":\"https:\/\/www.diagnostika-mysli.cz\/blog\/?s={search_term_string}\"},\"query-input\":\"required name=search_term_string\"}],\"inLanguage\":\"cs\"},{\"@type\":\"ImageObject\",\"@id\":\"https:\/\/www.diagnostika-mysli.cz\/blog\/autismus\/jak-poznat-autismus-u-dospelych\/#primaryimage\",\"inLanguage\":\"cs\",\"url\":\"https:\/\/www.diagnostika-mysli.cz\/blog\/wp-content\/uploads\/2025\/01\/img_autism_19.webp\",\"contentUrl\":\"https:\/\/www.diagnostika-mysli.cz\/blog\/wp-content\/uploads\/2025\/01\/img_autism_19.webp\",\"width\":1024,\"height\":1024},{\"@type\":\"WebPage\",\"@id\":\"https:\/\/www.diagnostika-mysli.cz\/blog\/autismus\/jak-poznat-autismus-u-dospelych\/#webpage\",\"url\":\"https:\/\/www.diagnostika-mysli.cz\/blog\/autismus\/jak-poznat-autismus-u-dospelych\/\",\"name\":\"Jak poznat autismus u dosp\u011bl\u00fdch - Test Mysli\",\"isPartOf\":{\"@id\":\"https:\/\/www.diagnostika-mysli.cz\/blog\/#website\"},\"primaryImageOfPage\":{\"@id\":\"https:\/\/www.diagnostika-mysli.cz\/blog\/autismus\/jak-poznat-autismus-u-dospelych\/#primaryimage\"},\"datePublished\":\"2025-01-25T12:34:31+00:00\",\"dateModified\":\"2025-01-25T13:01:23+00:00\",\"author\":{\"@id\":\"https:\/\/www.diagnostika-mysli.cz\/blog\/#\/schema\/person\/8eb1bcaf59fea75c780c11946f4e3490\"},\"breadcrumb\":{\"@id\":\"https:\/\/www.diagnostika-mysli.cz\/blog\/autismus\/jak-poznat-autismus-u-dospelych\/#breadcrumb\"},\"inLanguage\":\"cs\",\"potentialAction\":[{\"@type\":\"ReadAction\",\"target\":[\"https:\/\/www.diagnostika-mysli.cz\/blog\/autismus\/jak-poznat-autismus-u-dospelych\/\"]}]},{\"@type\":\"BreadcrumbList\",\"@id\":\"https:\/\/www.diagnostika-mysli.cz\/blog\/autismus\/jak-poznat-autismus-u-dospelych\/#breadcrumb\",\"itemListElement\":[{\"@type\":\"ListItem\",\"position\":1,\"name\":\"Blog\",\"item\":\"https:\/\/www.diagnostika-mysli.cz\/blog\/\"},{\"@type\":\"ListItem\",\"position\":2,\"name\":\"Autismus\",\"item\":\"https:\/\/www.diagnostika-mysli.cz\/blog\/autismus\/\"},{\"@type\":\"ListItem\",\"position\":3,\"name\":\"Jak poznat autismus u dosp\u011bl\u00fdch\"}]},{\"@type\":\"Person\",\"@id\":\"https:\/\/www.diagnostika-mysli.cz\/blog\/#\/schema\/person\/8eb1bcaf59fea75c780c11946f4e3490\",\"name\":\"Test Mysli\",\"image\":{\"@type\":\"ImageObject\",\"@id\":\"https:\/\/www.diagnostika-mysli.cz\/blog\/#personlogo\",\"inLanguage\":\"cs\",\"url\":\"https:\/\/secure.gravatar.com\/avatar\/6743211f010801ea26aa9423a2daab37?s=96&d=mm&r=g\",\"contentUrl\":\"https:\/\/secure.gravatar.com\/avatar\/6743211f010801ea26aa9423a2daab37?s=96&d=mm&r=g\",\"caption\":\"Test Mysli\"},\"sameAs\":[\"https:\/\/www.diagnostika-mysli.cz\/blog\"],\"url\":\"https:\/\/www.diagnostika-mysli.cz\/blog\/author\/diagnostyka-umyslu\/\"}]}<\/script>\n<!-- \/ Yoast SEO plugin. -->","yoast_head_json":{"title":"Jak poznat autismus u dosp\u011bl\u00fdch - Test Mysli","robots":{"index":"index","follow":"follow","max-snippet":"max-snippet:-1","max-image-preview":"max-image-preview:large","max-video-preview":"max-video-preview:-1"},"canonical":"https:\/\/www.diagnostika-mysli.cz\/blog\/autismus\/jak-poznat-autismus-u-dospelych\/","og_locale":"cs_CZ","og_type":"article","og_title":"Jak poznat autismus u dosp\u011bl\u00fdch - Test Mysli","og_description":"Jak\u00e9 jsou p\u0159\u00edznaky autismu u dosp\u011bl\u00fdch a jak je rozpoznat? Autismus je neurov\u00fdvojov\u00e1 porucha, kter\u00e1 se projevuje od ran\u00e9ho d\u011btstv\u00ed. Nicm\u00e9n\u011b, mnoho lid\u00ed s touto...","og_url":"https:\/\/www.diagnostika-mysli.cz\/blog\/autismus\/jak-poznat-autismus-u-dospelych\/","og_site_name":"Test Mysli","article_published_time":"2025-01-25T12:34:31+00:00","article_modified_time":"2025-01-25T13:01:23+00:00","twitter_card":"summary_large_image","twitter_image":"https:\/\/www.diagnostika-mysli.cz\/blog\/wp-content\/uploads\/2025\/01\/img_autism_19.webp","twitter_misc":{"Napsal(a)":"Test Mysli","Odhadovan\u00e1 doba \u010dten\u00ed":"12 minut"},"schema":{"@context":"https:\/\/schema.org","@graph":[{"@type":"WebSite","@id":"https:\/\/www.diagnostika-mysli.cz\/blog\/#website","url":"https:\/\/www.diagnostika-mysli.cz\/blog\/","name":"Test Mysli","description":"Blog o poruch\u00e1ch mysli","potentialAction":[{"@type":"SearchAction","target":{"@type":"EntryPoint","urlTemplate":"https:\/\/www.diagnostika-mysli.cz\/blog\/?s={search_term_string}"},"query-input":"required name=search_term_string"}],"inLanguage":"cs"},{"@type":"ImageObject","@id":"https:\/\/www.diagnostika-mysli.cz\/blog\/autismus\/jak-poznat-autismus-u-dospelych\/#primaryimage","inLanguage":"cs","url":"https:\/\/www.diagnostika-mysli.cz\/blog\/wp-content\/uploads\/2025\/01\/img_autism_19.webp","contentUrl":"https:\/\/www.diagnostika-mysli.cz\/blog\/wp-content\/uploads\/2025\/01\/img_autism_19.webp","width":1024,"height":1024},{"@type":"WebPage","@id":"https:\/\/www.diagnostika-mysli.cz\/blog\/autismus\/jak-poznat-autismus-u-dospelych\/#webpage","url":"https:\/\/www.diagnostika-mysli.cz\/blog\/autismus\/jak-poznat-autismus-u-dospelych\/","name":"Jak poznat autismus u dosp\u011bl\u00fdch - Test Mysli","isPartOf":{"@id":"https:\/\/www.diagnostika-mysli.cz\/blog\/#website"},"primaryImageOfPage":{"@id":"https:\/\/www.diagnostika-mysli.cz\/blog\/autismus\/jak-poznat-autismus-u-dospelych\/#primaryimage"},"datePublished":"2025-01-25T12:34:31+00:00","dateModified":"2025-01-25T13:01:23+00:00","author":{"@id":"https:\/\/www.diagnostika-mysli.cz\/blog\/#\/schema\/person\/8eb1bcaf59fea75c780c11946f4e3490"},"breadcrumb":{"@id":"https:\/\/www.diagnostika-mysli.cz\/blog\/autismus\/jak-poznat-autismus-u-dospelych\/#breadcrumb"},"inLanguage":"cs","potentialAction":[{"@type":"ReadAction","target":["https:\/\/www.diagnostika-mysli.cz\/blog\/autismus\/jak-poznat-autismus-u-dospelych\/"]}]},{"@type":"BreadcrumbList","@id":"https:\/\/www.diagnostika-mysli.cz\/blog\/autismus\/jak-poznat-autismus-u-dospelych\/#breadcrumb","itemListElement":[{"@type":"ListItem","position":1,"name":"Blog","item":"https:\/\/www.diagnostika-mysli.cz\/blog\/"},{"@type":"ListItem","position":2,"name":"Autismus","item":"https:\/\/www.diagnostika-mysli.cz\/blog\/autismus\/"},{"@type":"ListItem","position":3,"name":"Jak poznat autismus u dosp\u011bl\u00fdch"}]},{"@type":"Person","@id":"https:\/\/www.diagnostika-mysli.cz\/blog\/#\/schema\/person\/8eb1bcaf59fea75c780c11946f4e3490","name":"Test Mysli","image":{"@type":"ImageObject","@id":"https:\/\/www.diagnostika-mysli.cz\/blog\/#personlogo","inLanguage":"cs","url":"https:\/\/secure.gravatar.com\/avatar\/6743211f010801ea26aa9423a2daab37?s=96&d=mm&r=g","contentUrl":"https:\/\/secure.gravatar.com\/avatar\/6743211f010801ea26aa9423a2daab37?s=96&d=mm&r=g","caption":"Test Mysli"},"sameAs":["https:\/\/www.diagnostika-mysli.cz\/blog"],"url":"https:\/\/www.diagnostika-mysli.cz\/blog\/author\/diagnostyka-umyslu\/"}]}},"amp_enabled":true,"_links":{"self":[{"href":"https:\/\/www.diagnostika-mysli.cz\/blog\/wp-json\/wp\/v2\/posts\/2839"}],"collection":[{"href":"https:\/\/www.diagnostika-mysli.cz\/blog\/wp-json\/wp\/v2\/posts"}],"about":[{"href":"https:\/\/www.diagnostika-mysli.cz\/blog\/wp-json\/wp\/v2\/types\/post"}],"author":[{"embeddable":true,"href":"https:\/\/www.diagnostika-mysli.cz\/blog\/wp-json\/wp\/v2\/users\/1"}],"replies":[{"embeddable":true,"href":"https:\/\/www.diagnostika-mysli.cz\/blog\/wp-json\/wp\/v2\/comments?post=2839"}],"version-history":[{"count":1,"href":"https:\/\/www.diagnostika-mysli.cz\/blog\/wp-json\/wp\/v2\/posts\/2839\/revisions"}],"predecessor-version":[{"id":2848,"href":"https:\/\/www.diagnostika-mysli.cz\/blog\/wp-json\/wp\/v2\/posts\/2839\/revisions\/2848"}],"wp:featuredmedia":[{"embeddable":true,"href":"https:\/\/www.diagnostika-mysli.cz\/blog\/wp-json\/wp\/v2\/media\/2828"}],"wp:attachment":[{"href":"https:\/\/www.diagnostika-mysli.cz\/blog\/wp-json\/wp\/v2\/media?parent=2839"}],"wp:term":[{"taxonomy":"category","embeddable":true,"href":"https:\/\/www.diagnostika-mysli.cz\/blog\/wp-json\/wp\/v2\/categories?post=2839"},{"taxonomy":"post_tag","embeddable":true,"href":"https:\/\/www.diagnostika-mysli.cz\/blog\/wp-json\/wp\/v2\/tags?post=2839"}],"curies":[{"name":"wp","href":"https:\/\/api.w.org\/{rel}","templated":true}]}}