{"id":2840,"date":"2025-01-25T13:34:47","date_gmt":"2025-01-25T12:34:47","guid":{"rendered":"https:\/\/www.diagnostika-mysli.cz\/blog\/autismus\/aspergeruv-syndrom\/"},"modified":"2025-01-25T14:02:02","modified_gmt":"2025-01-25T13:02:02","slug":"aspergeruv-syndrom","status":"publish","type":"post","link":"https:\/\/www.diagnostika-mysli.cz\/blog\/autismus\/aspergeruv-syndrom\/","title":{"rendered":"Asperger\u016fv syndrom"},"content":{"rendered":"<div class=\"topics\">\n<div class=\"topic\">\n<h2>Co je Asperger\u016fv syndrom a jak\u00e9 jsou jeho p\u0159\u00edznaky?<\/h2>\n<p>Asperger\u016fv syndrom je neurov\u00fdvojov\u00e9 onemocn\u011bn\u00ed, kter\u00e9 se projevuje p\u0159edev\u0161\u00edm v soci\u00e1ln\u00edm chov\u00e1n\u00ed a komunikaci. Jedn\u00e1 se o formu autismu, kter\u00e1 byla poprv\u00e9 pops\u00e1na v roce 1944 rakousk\u00fdm l\u00e9ka\u0159em Hansem Aspergerem. Toto onemocn\u011bn\u00ed je pojmenov\u00e1no pr\u00e1v\u011b po n\u011bm.<\/p>\n<p>Hlavn\u00edm rysem Aspergerova syndromu je porucha soci\u00e1ln\u00ed interakce. Lid\u00e9 s t\u00edmto onemocn\u011bn\u00edm maj\u00ed probl\u00e9my s porozum\u011bn\u00edm soci\u00e1ln\u00edm n\u00e1vyk\u016fm a nesn\u00e1\u0161ej\u00ed zm\u011bny v rutin\u011b. \u010casto se jim tak\u00e9 nedost\u00e1v\u00e1 empatie a porozum\u011bn\u00ed pro pocity druh\u00fdch lid\u00ed. To m\u016f\u017ee v\u00e9st k probl\u00e9m\u016fm v komunikaci a navazov\u00e1n\u00ed vztah\u016f s ostatn\u00edmi.<\/p>\n<p>Dal\u0161\u00edm v\u00fdznamn\u00fdm p\u0159\u00edznakem Aspergerova syndromu je omezen\u00fd z\u00e1jem a opakov\u00e1n\u00ed ur\u010dit\u00fdch \u010dinnost\u00ed. Lid\u00e9 s t\u00edmto onemocn\u011bn\u00edm se \u010dasto soust\u0159ed\u00ed na jednu konkr\u00e9tn\u00ed v\u011bc a maj\u00ed probl\u00e9my s p\u0159ech\u00e1zen\u00edm na jinou \u010dinnost. M\u016f\u017ee se jednat nap\u0159\u00edklad o sb\u00edr\u00e1n\u00ed ur\u010dit\u00fdch p\u0159edm\u011bt\u016f nebo opakovan\u00e9 sledov\u00e1n\u00ed stejn\u00fdch film\u016f.<\/p>\n<p>Dal\u0161\u00ed charakteristick\u00fdm rysem Aspergerova syndromu je omezen\u00e1 schopnost porozum\u011bn\u00ed nonverb\u00e1ln\u00ed komunikaci. To znamen\u00e1, \u017ee lid\u00e9 s t\u00edmto onemocn\u011bn\u00edm maj\u00ed probl\u00e9my s porozum\u011bn\u00edm mimice, gest a t\u00f3nu hlasu. Mohou tak\u00e9 m\u00edt probl\u00e9my s vyjad\u0159ov\u00e1n\u00edm sv\u00fdch vlastn\u00edch emoc\u00ed.<\/p>\n<p>V\u011bt\u0161ina lid\u00ed s Aspergerov\u00fdm syndromem m\u00e1 tak\u00e9 specifick\u00e9 z\u00e1jmy a nad\u00e1n\u00ed v ur\u010dit\u00fdch oblastech. M\u016f\u017ee se jednat nap\u0159\u00edklad o matematiku, hudbu, po\u010d\u00edta\u010de nebo jazyky. Tyto z\u00e1jmy mohou b\u00fdt velmi intenzivn\u00ed a lid\u00e9 s Aspergerov\u00fdm syndromem se v nich mohou st\u00e1t velmi dob\u0159e vy\u0161kolen\u00fdmi odborn\u00edky.<\/p>\n<p>P\u0159\u00edznaky Aspergerova syndromu se mohou projevovat v r\u016fzn\u00e9 m\u00ed\u0159e a ka\u017ed\u00fd jedinec m\u016f\u017ee m\u00edt jin\u00e9 kombinace p\u0159\u00edznak\u016f. N\u011bkter\u00e9 p\u0159\u00edznaky mohou b\u00fdt m\u00edrn\u00e9, zat\u00edmco jin\u00e9 mohou b\u00fdt velmi v\u00fdrazn\u00e9. V\u011bt\u0161ina lid\u00ed s t\u00edmto onemocn\u011bn\u00edm m\u00e1 pr\u016fm\u011brnou a\u017e nadpr\u016fm\u011brnou inteligenci.<\/p>\n<p>Asperger\u016fv syndrom nen\u00ed l\u00e9\u010diteln\u00fd, ale existuj\u00ed r\u016fzn\u00e9 terapie a strategie, kter\u00e9 mohou pomoci lidem s t\u00edmto onemocn\u011bn\u00edm zvl\u00e1dat ka\u017edodenn\u00ed \u017eivot. D\u016fle\u017eit\u00e9 je tak\u00e9 poskytnout jim podporu a porozum\u011bn\u00ed ze strany rodiny, p\u0159\u00e1tel a spole\u010dnosti.<\/p>\n<p>V sou\u010dasn\u00e9 dob\u011b se Asperger\u016fv syndrom \u0159ad\u00ed pod \u0161ir\u0161\u00ed spektrum poruch autistick\u00e9ho spektra (ASD). To znamen\u00e1, \u017ee se jedn\u00e1 o r\u016fzn\u00e9 formy autismu, kter\u00e9 maj\u00ed spole\u010dn\u00e9 ur\u010dit\u00e9 p\u0159\u00edznaky, ale tak\u00e9 se mohou li\u0161it v z\u00e1va\u017enosti a projevech.<\/p>\n<p>V\u011bt\u0161ina lid\u00ed s Aspergerov\u00fdm syndromem m\u016f\u017ee v\u00e9st plnohodnotn\u00fd a spokojen\u00fd \u017eivot, pokud jsou jim poskytnuty vhodn\u00e9 podm\u00ednky a podpora. D\u016fle\u017eit\u00e9 je tak\u00e9 zv\u00fd\u0161it pov\u011bdom\u00ed o tomto onemocn\u011bn\u00ed a odstranit stigmatizaci, kter\u00e1 m\u016f\u017ee b\u00fdt spojena s poruchami autistick\u00e9ho spektra.<\/p>\n<\/div>\n<div class=\"topic\">\n<h2>Asperger\u016fv syndrom je neurov\u00fdvojov\u00e9 onemocn\u011bn\u00ed, kter\u00e9 se projevuje poruchou soci\u00e1ln\u00ed interakce, komunikace a omezen\u00fdmi z\u00e1jmy a aktivitami<\/h2>\n<p>Asperger\u016fv syndrom je neurov\u00fdvojov\u00e9 onemocn\u011bn\u00ed, kter\u00e9 se projevuje poruchou soci\u00e1ln\u00ed interakce, komunikace a omezen\u00fdmi z\u00e1jmy a aktivitami. Toto onemocn\u011bn\u00ed bylo pojmenov\u00e1no po rakousk\u00e9m l\u00e9ka\u0159i Hansi Aspergerovi, kter\u00fd jej poprv\u00e9 popsal v roce 1944. Jedn\u00e1 se o poruchu zahrnuj\u00edc\u00ed cel\u00fd \u017eivot, kter\u00e1 se projevuje ji\u017e v d\u011btstv\u00ed a trv\u00e1 a\u017e do dosp\u011blosti.<\/p>\n<p>Hlavn\u00edm p\u0159\u00edznakem Aspergerova syndromu je porucha soci\u00e1ln\u00ed interakce. Osoby s t\u00edmto onemocn\u011bn\u00edm maj\u00ed probl\u00e9my s porozum\u011bn\u00edm neverb\u00e1ln\u00ed komunikace, jako jsou nap\u0159\u00edklad gesta, mimika nebo t\u00f3n hlasu. Mohou m\u00edt tak\u00e9 probl\u00e9my s porozum\u011bn\u00edm soci\u00e1ln\u00edm n\u00e1vyk\u016fm a pravidl\u016fm, co\u017e m\u016f\u017ee v\u00e9st k nepochopen\u00ed a nedorozum\u011bn\u00edm v komunikaci s ostatn\u00edmi.<\/p>\n<p>Dal\u0161\u00edm v\u00fdznamn\u00fdm p\u0159\u00edznakem je neschopnost navazovat p\u0159\u00e1telstv\u00ed. Osoby s Aspergerov\u00fdm syndromem maj\u00ed \u010dasto probl\u00e9my s navazov\u00e1n\u00edm a udr\u017eov\u00e1n\u00edm p\u0159\u00e1telstv\u00ed, proto\u017ee jim chyb\u00ed schopnost porozum\u011bt emoc\u00edm a pot\u0159eb\u00e1m druh\u00fdch. Mohou b\u00fdt tak\u00e9 neschopn\u00e9 vyj\u00e1d\u0159it sv\u00e9 emoce a pot\u0159eby, co\u017e m\u016f\u017ee v\u00e9st k izolaci a osam\u011blosti.<\/p>\n<p>Dal\u0161\u00edm charakteristick\u00fdm p\u0159\u00edznakem je stereotypn\u00ed chov\u00e1n\u00ed. Osoby s Aspergerov\u00fdm syndromem maj\u00ed \u010dasto omezen\u00e9 a opakuj\u00edc\u00ed se z\u00e1jmy a aktivity. M\u016f\u017ee se jednat nap\u0159\u00edklad o z\u00e1libu v ur\u010dit\u00e9m p\u0159edm\u011btu nebo \u010dinnosti, kter\u00e1 m\u016f\u017ee b\u00fdt pro ostatn\u00ed neobvykl\u00e1 nebo nezaj\u00edmav\u00e1. Toto stereotypn\u00ed chov\u00e1n\u00ed m\u016f\u017ee b\u00fdt pro osoby s Aspergerov\u00fdm syndromem d\u016fle\u017eit\u00fdm zp\u016fsobem, jak se uklidnit a zvl\u00e1dat stresuj\u00edc\u00ed situace.<\/p>\n<p>Dal\u0161\u00edmi p\u0159\u00edznaky mohou b\u00fdt nap\u0159\u00edklad neschopnost \u010d\u00edst mezi \u0159\u00e1dky, co\u017e m\u016f\u017ee v\u00e9st k nedorozum\u011bn\u00edm a probl\u00e9m\u016fm v komunikaci, a tak\u00e9 neschopnost p\u0159izp\u016fsobit se zm\u011bn\u00e1m v rutin\u011b nebo pl\u00e1nu. Osoby s Aspergerov\u00fdm syndromem mohou m\u00edt tak\u00e9 probl\u00e9my s motorikou a koordinac\u00ed pohyb\u016f.<\/p>\n<p>P\u0159\u00ed\u010diny Aspergerova syndromu nejsou zcela zn\u00e1my, ale v\u011bdci se domn\u00edvaj\u00ed, \u017ee m\u016f\u017ee b\u00fdt zp\u016fsoben kombinac\u00ed genetick\u00fdch a environment\u00e1ln\u00edch faktor\u016f. Diagn\u00f3za Aspergerova syndromu se prov\u00e1d\u00ed na z\u00e1klad\u011b pozorov\u00e1n\u00ed chov\u00e1n\u00ed a komunikace, a to zejm\u00e9na v d\u011btstv\u00ed. V sou\u010dasn\u00e9 dob\u011b neexistuje \u017e\u00e1dn\u00e1 l\u00e9\u010dba, kter\u00e1 by mohla Asperger\u016fv syndrom vyl\u00e9\u010dit, ale existuj\u00ed terapie a podp\u016frn\u00e9 programy, kter\u00e9 mohou pomoci osob\u00e1m s t\u00edmto onemocn\u011bn\u00edm zvl\u00e1dat ka\u017edodenn\u00ed \u017eivot.<\/p>\n<p>Je d\u016fle\u017eit\u00e9 si uv\u011bdomit, \u017ee Asperger\u016fv syndrom nen\u00ed ment\u00e1ln\u00ed posti\u017een\u00ed a osoby s t\u00edmto onemocn\u011bn\u00edm maj\u00ed \u010dasto nadpr\u016fm\u011brn\u00e9 intelektu\u00e1ln\u00ed schopnosti. S vhodnou podporou a porozum\u011bn\u00edm ze strany rodiny, p\u0159\u00e1tel a spole\u010dnosti mohou osoby s Aspergerov\u00fdm syndromem v\u00e9st plnohodnotn\u00fd a spokojen\u00fd \u017eivot.<\/p>\n<\/div>\n<div class=\"topic\">\n<p>\u010cesk\u00e1 kuchyn\u011b je jednou z nejstar\u0161\u00edch a nejbohat\u0161\u00edch kuchyn\u00ed v Evrop\u011b. Jej\u00ed ko\u0159eny sahaj\u00ed a\u017e do 9. stolet\u00ed, kdy se za\u010daly formovat prvn\u00ed tradi\u010dn\u00ed pokrmy. \u010cesk\u00e1 kuchyn\u011b je ovlivn\u011bna p\u0159edev\u0161\u00edm st\u0159edoevropskou kuchyn\u00ed, ale najdeme v n\u00ed i prvky z n\u011bmeck\u00e9, rakousk\u00e9, ma\u010farsk\u00e9 a \u017eidovsk\u00e9 kuchyn\u011b.<\/p>\n<p>Hlavn\u00edmi surovinami \u010desk\u00e9 kuchyn\u011b jsou brambory, maso, zelenina, ml\u00e9\u010dn\u00e9 v\u00fdrobky a obiloviny. V\u011bt\u0161ina pokrm\u016f je pom\u011brn\u011b jednoduch\u00e1, ale velmi chutn\u00e1 a s vysokou v\u00fd\u017eivovou hodnotou. Mezi nejzn\u00e1m\u011bj\u0161\u00ed \u010desk\u00e9 speciality pat\u0159\u00ed vep\u0159ov\u00e1 pe\u010den\u011b s knedl\u00edky, gul\u00e1\u0161, sv\u00ed\u010dkov\u00e1 na smetan\u011b, brambor\u00e1ky, sma\u017een\u00fd s\u00fdr a tradi\u010dn\u00ed \u010desk\u00e9 pivo.<\/p>\n<p>Jedn\u00edm z nejtypi\u010dt\u011bj\u0161\u00edch prvk\u016f \u010desk\u00e9 kuchyn\u011b jsou knedl\u00edky. Tyto kuli\u010dky z t\u011bsta se va\u0159\u00ed ve vod\u011b nebo v p\u00e1\u0159e a pod\u00e1vaj\u00ed se jako p\u0159\u00edloha k masu nebo se mohou plnit ovocem nebo zeleninou. Dal\u0161\u00edm obl\u00edben\u00fdm pokrmem jsou brambor\u00e1ky, co\u017e jsou placky z bramborov\u00e9ho t\u011bsta sma\u017een\u00e9 na oleji. Tyto placky se \u010dasto pod\u00e1vaj\u00ed s kysel\u00fdm zel\u00edm nebo se \u0161kvarky.<\/p>\n<p>\u010cesk\u00e1 kuchyn\u011b je tak\u00e9 zn\u00e1m\u00e1 sv\u00fdmi sladk\u00fdmi pokrmy. Mezi nejobl\u00edben\u011bj\u0161\u00ed pat\u0159\u00ed trdeln\u00edk, co\u017e je sladk\u00fd v\u00e1le\u010dek z t\u011bsta posypan\u00fd sko\u0159ic\u00ed a cukrem. Dal\u0161\u00edm sladk\u00fdm pokrmem jsou buchty, co\u017e jsou kynut\u00e9 knedl\u00edky pln\u011bn\u00e9 ovocem nebo m\u00e1kem a pod\u00e1van\u00e9 s vanilkov\u00fdm kr\u00e9mem nebo se \u0161leha\u010dkou.<\/p>\n<p>Krom\u011b tradi\u010dn\u00edch pokrm\u016f najdeme v \u010desk\u00e9 kuchyni i mnoho region\u00e1ln\u00edch specialit. Nap\u0159\u00edklad v ji\u017en\u00edch \u010cech\u00e1ch jsou obl\u00edben\u00e9 \u0161kvarkov\u00e9 \u0161i\u0161ky, co\u017e jsou kynut\u00e9 knedl\u00edky pln\u011bn\u00e9 \u0161kvarky a pod\u00e1van\u00e9 s kysel\u00fdm zel\u00edm. V Moravsk\u00e9m krasu se zase pod\u00e1v\u00e1 tvar\u016f\u017ekov\u00fd sal\u00e1t, co\u017e je sal\u00e1t z tvar\u016f\u017ek\u016f, cibule, okurek a majon\u00e9zy.<\/p>\n<p>\u010cesk\u00e1 kuchyn\u011b je tak\u00e9 zn\u00e1m\u00e1 sv\u00fdmi slavnostn\u00edmi pokrmy, kter\u00e9 se pod\u00e1vaj\u00ed p\u0159i r\u016fzn\u00fdch p\u0159\u00edle\u017eitostech, jako jsou svatby, V\u00e1noce nebo Velikonoce. Mezi tyto pokrmy pat\u0159\u00ed nap\u0159\u00edklad v\u00e1no\u010dn\u00ed kapr, kter\u00fd se pod\u00e1v\u00e1 s bramborov\u00fdm sal\u00e1tem, nebo velikono\u010dn\u00ed jehn\u011b\u010d\u00ed pe\u010den\u011b s k\u0159enem a bramborov\u00fdm knedl\u00edkem.<\/p>\n<p>V posledn\u00edch letech se \u010desk\u00e1 kuchyn\u011b za\u010dala otev\u00edrat i vliv\u016fm zahrani\u010dn\u00edch kuchyn\u00ed a vznikaj\u00ed tak nov\u00e9 modern\u00ed recepty, kter\u00e9 kombinuj\u00ed tradi\u010dn\u00ed \u010desk\u00e9 suroviny s nov\u00fdmi technikami va\u0159en\u00ed. To v\u0161e d\u011bl\u00e1 z \u010desk\u00e9 kuchyn\u011b jedine\u010dnou a zaj\u00edmavou sou\u010d\u00e1st\u00ed \u010desk\u00e9 kultury. Pokud se chyst\u00e1te nav\u0161t\u00edvit \u010ceskou republiku, ur\u010dit\u011b si vychutnejte n\u011bkter\u00e9 z m\u00edstn\u00edch specialit a objevte bohatou a chutnou \u010deskou kuchyni.<\/p>\n<\/div>\n<div class=\"topic\">\n<h2>Jak\u00e9 jsou mo\u017enosti l\u00e9\u010dby Aspergerova syndromu?<\/h2>\n<p>Asperger\u016fv syndrom je neurov\u00fdvojov\u00e9 onemocn\u011bn\u00ed, kter\u00e9 se projevuje p\u0159edev\u0161\u00edm poruchami soci\u00e1ln\u00ed interakce a komunikace, stereotypn\u00edmi chov\u00e1n\u00edmi a omezen\u00fdmi z\u00e1jmy. Toto onemocn\u011bn\u00ed je sou\u010d\u00e1st\u00ed \u0161ir\u0161\u00ed skupiny poruch autistick\u00e9ho spektra a postihuje p\u0159ibli\u017en\u011b 1-2 lid\u00ed z 1000.<\/p>\n<p>L\u00e9\u010dba Aspergerova syndromu se zam\u011b\u0159uje p\u0159edev\u0161\u00edm na zlep\u0161en\u00ed soci\u00e1ln\u00edch a komunika\u010dn\u00edch dovednost\u00ed, sn\u00ed\u017een\u00ed stereotypn\u00edch chov\u00e1n\u00ed a podporu rozvoje z\u00e1jm\u016f a schopnost\u00ed jedince. Existuje n\u011bkolik mo\u017enost\u00ed l\u00e9\u010dby, kter\u00e9 mohou b\u00fdt kombinov\u00e1ny pro dosa\u017een\u00ed nejlep\u0161\u00edch v\u00fdsledk\u016f.<\/p>\n<p>1. Terapie chov\u00e1n\u00edm a komunikace<br \/>\nTato terapie se zam\u011b\u0159uje na zlep\u0161en\u00ed soci\u00e1ln\u00edch a komunika\u010dn\u00edch dovednost\u00ed jedince s Aspergerov\u00fdm syndromem. Terapeut pracuje s jedincem na zlep\u0161en\u00ed jeho schopnosti porozum\u011bt a interpretovat neverb\u00e1ln\u00ed komunikaci, jako jsou nap\u0159\u00edklad gesta, mimika a t\u00f3n hlasu. D\u00e1le se zam\u011b\u0159uje na rozvoj schopnosti navazovat a udr\u017eovat vztahy s ostatn\u00edmi lidmi.<\/p>\n<p>2. L\u00e9\u010dba l\u00e9ky<br \/>\nL\u00e9ky se mohou pou\u017e\u00edt k l\u00e9\u010db\u011b ur\u010dit\u00fdch p\u0159\u00edznak\u016f Aspergerova syndromu, jako jsou nap\u0159\u00edklad \u00fazkost, deprese nebo hyperaktivita. Antidepresiva mohou pomoci sn\u00ed\u017eit \u00fazkost a zlep\u0161it n\u00e1ladu, zat\u00edmco stimulanty mohou pomoci sn\u00ed\u017eit hyperaktivitu a impulsivitu. Je d\u016fle\u017eit\u00e9 si uv\u011bdomit, \u017ee l\u00e9ky nejsou l\u00e9\u010dbou samotnou, ale pouze podp\u016frnou terapi\u00ed.<\/p>\n<p>3. Rodinn\u00e1 terapie<br \/>\nRodinn\u00e1 terapie m\u016f\u017ee b\u00fdt velmi u\u017eite\u010dn\u00e1 pro jedince s Aspergerov\u00fdm syndromem i pro jeho rodinu. Terapeut pracuje s celou rodinou na zlep\u0161en\u00ed komunikace a porozum\u011bn\u00ed pot\u0159eb\u00e1m jedince s Aspergerov\u00fdm syndromem. Rodinn\u00e1 terapie m\u016f\u017ee tak\u00e9 pomoci rodin\u011b zvl\u00e1dat stres a vytvo\u0159it prost\u0159ed\u00ed, kter\u00e9 je pro jedince s Aspergerov\u00fdm syndromem p\u0159\u00edzniv\u00e9.<\/p>\n<p>4. Speci\u00e1ln\u00ed vzd\u011bl\u00e1vac\u00ed programy<br \/>\nJedinci s Aspergerov\u00fdm syndromem mohou m\u00edt pot\u00ed\u017ee s u\u010den\u00edm a p\u0159izp\u016fsoben\u00edm se ve \u0161kole. Proto jsou k dispozici speci\u00e1ln\u00ed vzd\u011bl\u00e1vac\u00ed programy, kter\u00e9 jsou p\u0159izp\u016fsobeny pot\u0159eb\u00e1m jedince s Aspergerov\u00fdm syndromem. Tyto programy mohou zahrnovat individu\u00e1ln\u00ed vzd\u011bl\u00e1vac\u00ed pl\u00e1ny, speci\u00e1ln\u00ed podporu ve t\u0159\u00edd\u011b a terapeutick\u00e9 aktivity.<\/p>\n<p>5. Alternativn\u00ed terapie<br \/>\nExistuje mnoho alternativn\u00edch terapi\u00ed, kter\u00e9 mohou b\u00fdt u\u017eite\u010dn\u00e9 pro jedince s Aspergerov\u00fdm syndromem. Mezi n\u011b pat\u0159\u00ed nap\u0159\u00edklad um\u011bleck\u00e1 terapie, hudebn\u00ed terapie, terapie pomoc\u00ed zv\u00ed\u0159at a terapie pomoc\u00ed pohybu. Tyto terapie mohou pomoci jedinci zlep\u0161it sv\u00e9 soci\u00e1ln\u00ed dovednosti, komunikaci a sebevyj\u00e1d\u0159en\u00ed.<\/p>\n<p>Je d\u016fle\u017eit\u00e9 si uv\u011bdomit, \u017ee l\u00e9\u010dba Aspergerova syndromu nen\u00ed jednotn\u00e1 a ka\u017ed\u00fd jedinec m\u016f\u017ee vy\u017eadovat jin\u00fd p\u0159\u00edstup. Je d\u016fle\u017eit\u00e9 spolupracovat s odborn\u00edky a naj\u00edt kombinaci terapi\u00ed, kter\u00e1 bude nej\u00fa\u010dinn\u011bj\u0161\u00ed pro ka\u017ed\u00e9ho jedince. S vhodnou l\u00e9\u010dbou a podporou mohou jedinci s Aspergerov\u00fdm syndromem v\u00e9st plnohodnotn\u00fd a spokojen\u00fd \u017eivot.<\/p>\n<\/div>\n<div class=\"topic\">\n<h2>L\u00e9\u010dba Aspergerova syndromu se zam\u011b\u0159uje na zlep\u0161en\u00ed soci\u00e1ln\u00edch a komunika\u010dn\u00edch dovednost\u00ed a sn\u00ed\u017een\u00ed stereotypn\u00edho chov\u00e1n\u00ed<\/h2>\n<p>Asperger\u016fv syndrom je neurov\u00fdvojov\u00e9 onemocn\u011bn\u00ed, kter\u00e9 se projevuje poruchami soci\u00e1ln\u00ed interakce, komunikace a stereotypn\u00edm chov\u00e1n\u00edm. Toto onemocn\u011bn\u00ed je sou\u010d\u00e1st\u00ed \u0161ir\u0161\u00ed skupiny poruch autistick\u00e9ho spektra a postihuje p\u0159ibli\u017en\u011b 1-2 lid\u00ed z 1000. L\u00e9\u010dba Aspergerova syndromu se zam\u011b\u0159uje na zlep\u0161en\u00ed soci\u00e1ln\u00edch a komunika\u010dn\u00edch dovednost\u00ed a sn\u00ed\u017een\u00ed stereotypn\u00edho chov\u00e1n\u00ed, aby jedinci s t\u00edmto onemocn\u011bn\u00edm mohli v\u00e9st co nejplnohodnotn\u011bj\u0161\u00ed \u017eivot.<\/p>\n<p>Jednou z mo\u017enost\u00ed l\u00e9\u010dby Aspergerova syndromu je terapie. Existuje n\u011bkolik typ\u016f terapi\u00ed, kter\u00e9 mohou b\u00fdt u\u017eite\u010dn\u00e9 pro jedince s t\u00edmto onemocn\u011bn\u00edm. Mezi nej\u010dast\u011bji pou\u017e\u00edvan\u00e9 pat\u0159\u00ed behavior\u00e1ln\u00ed terapie, kter\u00e1 se zam\u011b\u0159uje na zm\u011bnu ne\u017e\u00e1douc\u00edho chov\u00e1n\u00ed a posilov\u00e1n\u00ed pozitivn\u00edho chov\u00e1n\u00ed. Dal\u0161\u00ed mo\u017enost\u00ed je kognitivn\u011b-behavior\u00e1ln\u00ed terapie, kter\u00e1 se zam\u011b\u0159uje na zm\u011bnu my\u0161len\u00ed a vn\u00edm\u00e1n\u00ed sv\u011bta. D\u016fle\u017eitou sou\u010d\u00e1st\u00ed terapie je tak\u00e9 soci\u00e1ln\u00ed tr\u00e9nink, kter\u00fd pom\u00e1h\u00e1 jedinc\u016fm s Aspergerov\u00fdm syndromem porozum\u011bt soci\u00e1ln\u00edm situac\u00edm a nau\u010dit se vhodn\u011b reagovat.<\/p>\n<p>Speci\u00e1ln\u00ed vzd\u011bl\u00e1vac\u00ed programy jsou dal\u0161\u00edm d\u016fle\u017eit\u00fdm prvkem l\u00e9\u010dby Aspergerova syndromu. Tyto programy jsou navr\u017eeny tak, aby pomohly jedinc\u016fm s t\u00edmto onemocn\u011bn\u00edm rozv\u00edjet jejich schopnosti a dovednosti. Vzd\u011bl\u00e1vac\u00ed programy se zam\u011b\u0159uj\u00ed na zlep\u0161en\u00ed komunika\u010dn\u00edch dovednost\u00ed, soci\u00e1ln\u00ed interakce, ale tak\u00e9 na rozvoj specifick\u00fdch z\u00e1jm\u016f a talent\u016f jedince. D\u016fle\u017eitou sou\u010d\u00e1st\u00ed t\u011bchto program\u016f je tak\u00e9 podpora u\u010ditel\u016f a ostatn\u00edch pracovn\u00edk\u016f, kte\u0159\u00ed se pod\u00edlej\u00ed na vzd\u011bl\u00e1v\u00e1n\u00ed jedinc\u016f s Aspergerov\u00fdm syndromem.<\/p>\n<p>Podpora rodiny a bl\u00edzk\u00fdch je tak\u00e9 velmi d\u016fle\u017eit\u00e1 pro \u00fasp\u011b\u0161nou l\u00e9\u010dbu Aspergerova syndromu. Rodina a bl\u00edzc\u00ed lid\u00e9 mohou pomoci jedinci s t\u00edmto onemocn\u011bn\u00edm t\u00edm, \u017ee mu poskytnou podporu a porozum\u011bn\u00ed. Je d\u016fle\u017eit\u00e9, aby rodina byla informovan\u00e1 o Aspergerov\u011b syndromu a nau\u010dila se, jak jedinci s t\u00edmto onemocn\u011bn\u00edm vn\u00edmaj\u00ed sv\u011bt. Rodi\u010de a bl\u00edzc\u00ed lid\u00e9 mohou tak\u00e9 pomoci jedinci s Aspergerov\u00fdm syndromem rozv\u00edjet jeho schopnosti a dovednosti a podporovat ho v jeho z\u00e1jmech.<\/p>\n<p>V l\u00e9\u010db\u011b Aspergerova syndromu je d\u016fle\u017eit\u00e9, aby byla zohledn\u011bna individualita ka\u017ed\u00e9ho jedince. Ka\u017ed\u00fd \u010dlov\u011bk s t\u00edmto onemocn\u011bn\u00edm m\u00e1 sv\u00e9 vlastn\u00ed pot\u0159eby a schopnosti, a proto je d\u016fle\u017eit\u00e9, aby byla l\u00e9\u010dba p\u0159izp\u016fsobena pr\u00e1v\u011b jemu. Je tak\u00e9 d\u016fle\u017eit\u00e9, aby byla l\u00e9\u010dba zah\u00e1jena co nejd\u0159\u00edve, ide\u00e1ln\u011b v d\u011btstv\u00ed, aby se jedinec mohl co nejl\u00e9pe p\u0159izp\u016fsobit sv\u00e9mu okol\u00ed a rozv\u00edjet sv\u00e9 schopnosti.<\/p>\n<p>V sou\u010dasn\u00e9 dob\u011b neexistuje \u017e\u00e1dn\u00fd l\u00e9k na Asperger\u016fv syndrom, ale d\u00edky terapi\u00edm, speci\u00e1ln\u00edm vzd\u011bl\u00e1vac\u00edm program\u016fm a podpo\u0159e rodiny a bl\u00edzk\u00fdch lid\u00ed mohou jedinci s t\u00edmto onemocn\u011bn\u00edm v\u00e9st plnohodnotn\u00fd \u017eivot. Je d\u016fle\u017eit\u00e9, aby byla l\u00e9\u010dba Aspergerova syndromu p\u0159\u00edstupn\u00e1 pro v\u0161echny, kte\u0159\u00ed ji pot\u0159ebuj\u00ed, a aby byla vytvo\u0159ena co nejlep\u0161\u00ed podpora pro tyto jedince.<\/p>\n<\/div>\n<div class=\"topic\">\n<p>\u010cesk\u00e1 kuchyn\u011b je jednou z nejstar\u0161\u00edch a nejbohat\u0161\u00edch kuchyn\u00ed v Evrop\u011b. Jej\u00ed ko\u0159eny sahaj\u00ed a\u017e do 9. stolet\u00ed, kdy se za\u010daly formovat prvn\u00ed tradi\u010dn\u00ed pokrmy. \u010cesk\u00e1 kuchyn\u011b je ovlivn\u011bna p\u0159edev\u0161\u00edm st\u0159edoevropskou kuchyn\u00ed, ale najdeme v n\u00ed i prvky z n\u011bmeck\u00e9, rakousk\u00e9, ma\u010farsk\u00e9 a \u017eidovsk\u00e9 kuchyn\u011b.<\/p>\n<p>Hlavn\u00edmi surovinami \u010desk\u00e9 kuchyn\u011b jsou brambory, maso, zelenina, ml\u00e9\u010dn\u00e9 v\u00fdrobky a obiloviny. V\u011bt\u0161ina pokrm\u016f je pom\u011brn\u011b jednoduch\u00e1, ale velmi chutn\u00e1 a s vysokou v\u00fd\u017eivovou hodnotou. Mezi nejzn\u00e1m\u011bj\u0161\u00ed \u010desk\u00e9 speciality pat\u0159\u00ed vep\u0159ov\u00e1 pe\u010den\u011b s knedl\u00edky, gul\u00e1\u0161, sv\u00ed\u010dkov\u00e1 na smetan\u011b, brambor\u00e1ky, sma\u017een\u00fd s\u00fdr a tradi\u010dn\u00ed \u010desk\u00e9 pivo.<\/p>\n<p>Jedn\u00edm z nejtypi\u010dt\u011bj\u0161\u00edch prvk\u016f \u010desk\u00e9 kuchyn\u011b jsou knedl\u00edky. Tyto kuli\u010dky z t\u011bsta se va\u0159\u00ed ve vod\u011b nebo v p\u00e1\u0159e a pod\u00e1vaj\u00ed se jako p\u0159\u00edloha k masu nebo se mohou plnit ovocem nebo zeleninou. Dal\u0161\u00edm obl\u00edben\u00fdm pokrmem jsou brambor\u00e1ky, co\u017e jsou placky z bramborov\u00e9ho t\u011bsta sma\u017een\u00e9 na oleji. Tyto placky se \u010dasto pod\u00e1vaj\u00ed s kysel\u00fdm zel\u00edm nebo se \u0161kvarky.<\/p>\n<p>\u010cesk\u00e1 kuchyn\u011b je tak\u00e9 zn\u00e1m\u00e1 sv\u00fdmi sladk\u00fdmi dezerty. Mezi nejobl\u00edben\u011bj\u0161\u00ed pat\u0159\u00ed tradi\u010dn\u00ed ovocn\u00e9 knedl\u00edky, buchty, z\u00e1kusky a kol\u00e1\u010de. Nejzn\u00e1m\u011bj\u0161\u00edm \u010desk\u00fdm dezertem je bezpochyby ovocn\u00fd kol\u00e1\u010d zvan\u00fd &#8220;kol\u00e1\u010d s jablky&#8221;, kter\u00fd se skl\u00e1d\u00e1 z k\u0159ehk\u00e9ho t\u011bsta a pl\u00e1tk\u016f jablek posypan\u00fdch sko\u0159ic\u00ed a cukrem.<\/p>\n<p>Krom\u011b tradi\u010dn\u00edch pokrm\u016f najdeme v \u010desk\u00e9 kuchyni tak\u00e9 mnoho region\u00e1ln\u00edch specialit. Nap\u0159\u00edklad v ji\u017en\u00edch \u010cech\u00e1ch jsou obl\u00edben\u00e9 ryby, jako je pstruh nebo kapr, kter\u00e9 se \u010dasto pod\u00e1vaj\u00ed s bramborov\u00fdm sal\u00e1tem. V Moravsk\u00e9m kraji je pak velmi popul\u00e1rn\u00ed klob\u00e1sa zvan\u00e1 &#8220;jitrnice&#8221;, kter\u00e1 se pod\u00e1v\u00e1 s kysel\u00fdm zel\u00edm a chlebem.<\/p>\n<p>\u010cesk\u00e1 kuchyn\u011b je tak\u00e9 zn\u00e1m\u00e1 sv\u00fdmi v\u00fdborn\u00fdmi pivy. V \u010cesk\u00e9 republice se vyr\u00e1b\u00ed v\u00edce ne\u017e 400 druh\u016f piva a ka\u017ed\u00fd region m\u00e1 sv\u00e9 vlastn\u00ed obl\u00edben\u00e9 zna\u010dky. Nejzn\u00e1m\u011bj\u0161\u00edm \u010desk\u00fdm pivem je bezpochyby Pilsner Urquell, kter\u00fd se va\u0159\u00ed v Plzni ji\u017e od roku 1842.<\/p>\n<p>V posledn\u00edch letech se \u010desk\u00e1 kuchyn\u011b st\u00e1v\u00e1 st\u00e1le popul\u00e1rn\u011bj\u0161\u00ed i v zahrani\u010d\u00ed. Mnoho \u010desk\u00fdch restaurac\u00ed se objevilo v zahrani\u010d\u00ed a \u010desk\u00e9 speciality jsou \u010dasto sou\u010d\u00e1st\u00ed mezin\u00e1rodn\u00edch j\u00eddeln\u00ed\u010dk\u016f. \u010cesk\u00e1 kuchyn\u011b je jedine\u010dn\u00e1 svou jednoduchost\u00ed, ale z\u00e1rove\u0148 bohatstv\u00edm chut\u00ed a v\u016fn\u00ed. Pokud se chyst\u00e1te nav\u0161t\u00edvit \u010ceskou republiku, ur\u010dit\u011b si vychutnejte n\u011bkter\u00e9 z jej\u00edch tradi\u010dn\u00edch pokrm\u016f a dezert\u016f a objevte kouzlo \u010desk\u00e9 kuchyn\u011b.<\/p>\n<\/div>\n<div class=\"topic\">\n<h2>Jak m\u016f\u017ee Asperger\u016fv syndrom ovlivnit ka\u017edodenn\u00ed \u017eivot posti\u017een\u00e9 osoby?<\/h2>\n<p>Asperger\u016fv syndrom je neurov\u00fdvojov\u00e9 onemocn\u011bn\u00ed, kter\u00e9 ovliv\u0148uje soci\u00e1ln\u00ed interakci, komunikaci a chov\u00e1n\u00ed jedince. Toto onemocn\u011bn\u00ed se projevuje ji\u017e od d\u011btstv\u00ed a m\u016f\u017ee m\u00edt v\u00fdrazn\u00fd dopad na ka\u017edodenn\u00ed \u017eivot posti\u017een\u00e9 osoby.<\/p>\n<p>Jedn\u00edm z hlavn\u00edch projev\u016f Aspergerova syndromu je naru\u0161en\u00e1 soci\u00e1ln\u00ed interakce. Osoby s t\u00edmto onemocn\u011bn\u00edm maj\u00ed \u010dasto probl\u00e9my s porozum\u011bn\u00edm soci\u00e1ln\u00edm n\u00e1vyk\u016fm a pravidl\u016fm. Mohou m\u00edt pot\u00ed\u017ee s navazov\u00e1n\u00edm p\u0159\u00e1telstv\u00ed a vytv\u00e1\u0159en\u00edm vztah\u016f s ostatn\u00edmi lidmi. Toto m\u016f\u017ee v\u00e9st k pocitu osam\u011blosti a izolace, co\u017e m\u016f\u017ee b\u00fdt pro posti\u017eenou osobu velmi frustruj\u00edc\u00ed.<\/p>\n<p>Dal\u0161\u00edm d\u016fle\u017eit\u00fdm aspektem Aspergerova syndromu je naru\u0161en\u00e1 komunikace. Osoby s t\u00edmto onemocn\u011bn\u00edm maj\u00ed \u010dasto probl\u00e9my s porozum\u011bn\u00edm neverb\u00e1ln\u00ed komunikaci, jako jsou nap\u0159\u00edklad gesta, mimika nebo t\u00f3n hlasu. Mohou tak\u00e9 m\u00edt pot\u00ed\u017ee s porozum\u011bn\u00edm ironie, sarkasmu a dal\u0161\u00edch jazykov\u00fdch nuanc\u00ed. To m\u016f\u017ee v\u00e9st k nedorozum\u011bn\u00edm a probl\u00e9m\u016fm v komunikaci s ostatn\u00edmi lidmi.<\/p>\n<p>Asperger\u016fv syndrom tak\u00e9 m\u016f\u017ee ovlivnit chov\u00e1n\u00ed posti\u017een\u00e9 osoby. Lid\u00e9 s t\u00edmto onemocn\u011bn\u00edm mohou m\u00edt tendenci k opakov\u00e1n\u00ed ur\u010dit\u00fdch \u010dinnost\u00ed nebo ritu\u00e1l\u016f. Mohou b\u00fdt velmi citliv\u00ed na zm\u011bny v rutin\u011b a mohou m\u00edt pot\u00ed\u017ee s p\u0159izp\u016fsoben\u00edm se nov\u00fdm situac\u00edm. To m\u016f\u017ee b\u00fdt pro posti\u017eenou osobu velmi stresuj\u00edc\u00ed a m\u016f\u017ee v\u00e9st k \u00fazkosti a neklidu.<\/p>\n<p>V ka\u017edodenn\u00edm \u017eivot\u011b m\u016f\u017ee Asperger\u016fv syndrom tak\u00e9 ovlivnit schopnost posti\u017een\u00e9 osoby pl\u00e1novat a organizovat sv\u00e9 \u00fakoly. Lid\u00e9 s t\u00edmto onemocn\u011bn\u00edm mohou m\u00edt pot\u00ed\u017ee s prioritizac\u00ed \u00fakol\u016f a dokon\u010den\u00edm rozpracovan\u00fdch projekt\u016f. To m\u016f\u017ee v\u00e9st k probl\u00e9m\u016fm v pr\u00e1ci, ve \u0161kole nebo v dom\u00e1c\u00edch povinnostech.<\/p>\n<p>Dal\u0161\u00edm d\u016fle\u017eit\u00fdm aspektem, kter\u00fd m\u016f\u017ee b\u00fdt ovlivn\u011bn Aspergerov\u00fdm syndromem, je citlivost na podn\u011bty. Lid\u00e9 s t\u00edmto onemocn\u011bn\u00edm mohou b\u00fdt velmi citliv\u00ed na zvuky, sv\u011btlo, v\u016fn\u011b a dal\u0161\u00ed podn\u011bty. To m\u016f\u017ee b\u00fdt pro n\u011b velmi ru\u0161iv\u00e9 a m\u016f\u017ee v\u00e9st k \u00fazkosti a stresu.<\/p>\n<p>Vzhledem k t\u011bmto vliv\u016fm Aspergerova syndromu na ka\u017edodenn\u00ed \u017eivot m\u016f\u017ee b\u00fdt pro posti\u017eenou osobu obt\u00ed\u017en\u00e9 se p\u0159izp\u016fsobit b\u011b\u017en\u00fdm situac\u00edm a \u00fakol\u016fm. Je d\u016fle\u017eit\u00e9, aby byla poskytnuta podpora a porozum\u011bn\u00ed ze strany rodiny, p\u0159\u00e1tel a profesion\u00e1l\u016f, kte\u0159\u00ed mohou pomoci s \u0159e\u0161en\u00edm probl\u00e9m\u016f a zlep\u0161en\u00edm kvality \u017eivota posti\u017een\u00e9 osoby.<\/p>\n<\/div>\n<div class=\"topic\">\n<h2>Asperger\u016fv syndrom m\u016f\u017ee m\u00edt v\u00fdrazn\u00fd vliv na ka\u017edodenn\u00ed \u017eivot posti\u017een\u00e9 osoby<\/h2>\n<p>Asperger\u016fv syndrom je neurov\u00fdvojov\u00e9 onemocn\u011bn\u00ed, kter\u00e9 se projevuje v\u00fdrazn\u00fdm vlivem na ka\u017edodenn\u00ed \u017eivot posti\u017een\u00e9 osoby. Jedn\u00e1 se o poruchu zahrnuj\u00edc\u00ed \u0161irok\u00e9 spektrum obt\u00ed\u017e\u00ed, kter\u00e9 mohou b\u00fdt pro posti\u017een\u00e9ho velmi n\u00e1ro\u010dn\u00e9 a omezuj\u00edc\u00ed.<\/p>\n<p>Jedn\u00edm z hlavn\u00edch projev\u016f Aspergerova syndromu je obt\u00ed\u017en\u00e1 komunikace a navazov\u00e1n\u00ed vztah\u016f. Posti\u017een\u00ed lid\u00e9 maj\u00ed \u010dasto probl\u00e9my s porozum\u011bn\u00edm neverb\u00e1ln\u00ed komunikace, jako jsou nap\u0159\u00edklad gesta, mimika nebo t\u00f3n hlasu. Mohou tak\u00e9 m\u00edt pot\u00ed\u017ee s porozum\u011bn\u00edm ironie, sarkasmu a dal\u0161\u00edch jazykov\u00fdch nuanc\u00ed. To m\u016f\u017ee v\u00e9st k nedorozum\u011bn\u00edm a probl\u00e9m\u016fm v komunikaci s ostatn\u00edmi lidmi. Navazov\u00e1n\u00ed vztah\u016f m\u016f\u017ee b\u00fdt pro n\u011b velmi n\u00e1ro\u010dn\u00e9, proto\u017ee jim chyb\u00ed schopnost \u010d\u00edst a interpretovat soci\u00e1ln\u00ed sign\u00e1ly a porozum\u011bt emoc\u00edm druh\u00fdch lid\u00ed.<\/p>\n<p>Dal\u0161\u00edm v\u00fdznamn\u00fdm projevem Aspergerova syndromu je pot\u00ed\u017e s adaptac\u00ed na nov\u00e9 situace. Posti\u017een\u00ed lid\u00e9 maj\u00ed \u010dasto velk\u00fd strach z nezn\u00e1m\u00e9ho a mohou b\u00fdt velmi citliv\u00ed na zm\u011bny v rutin\u011b. Zm\u011bny mohou vyvol\u00e1vat u nich silnou \u00fazkost a stres, co\u017e m\u016f\u017ee v\u00e9st k probl\u00e9m\u016fm v b\u011b\u017en\u00fdch ka\u017edodenn\u00edch \u010dinnostech. Nap\u0159\u00edklad zm\u011bna pracovn\u00edho m\u00edsta nebo \u0161koly m\u016f\u017ee b\u00fdt pro n\u011b velmi n\u00e1ro\u010dn\u00e1 a mohou pot\u0159ebovat v\u00edce \u010dasu na adaptaci.<\/p>\n<p>Dal\u0161\u00edm d\u016fle\u017eit\u00fdm aspektem Aspergerova syndromu je neschopnost porozum\u011bt soci\u00e1ln\u00edm n\u00e1vyk\u016fm a pravidl\u016fm. Posti\u017een\u00ed lid\u00e9 maj\u00ed \u010dasto probl\u00e9my s porozum\u011bn\u00edm neform\u00e1ln\u00edch pravidel a nepsan\u00fdch soci\u00e1ln\u00edch norem. Mohou m\u00edt tak\u00e9 pot\u00ed\u017ee s porozum\u011bn\u00edm a dodr\u017eov\u00e1n\u00edm spole\u010densk\u00fdch konvenc\u00ed, jako jsou nap\u0159\u00edklad dodr\u017eov\u00e1n\u00ed osobn\u00edho prostoru, vhodn\u00e9ho chov\u00e1n\u00ed v r\u016fzn\u00fdch situac\u00edch nebo dodr\u017eov\u00e1n\u00ed pravidel spole\u010densk\u00e9ho chov\u00e1n\u00ed. To m\u016f\u017ee v\u00e9st k nevhodn\u00e9mu chov\u00e1n\u00ed a nepochopen\u00ed ze strany ostatn\u00edch lid\u00ed.<\/p>\n<p>Asperger\u016fv syndrom m\u016f\u017ee tak\u00e9 ovlivnit schopnost posti\u017een\u00e9 osoby porozum\u011bt a vyjad\u0159ovat sv\u00e9 emoce. Mohou m\u00edt probl\u00e9my s rozpozn\u00e1v\u00e1n\u00edm a vyjad\u0159ov\u00e1n\u00edm sv\u00fdch emoc\u00ed, co\u017e m\u016f\u017ee v\u00e9st k nedorozum\u011bn\u00edm a probl\u00e9m\u016fm v komunikaci s ostatn\u00edmi lidmi. Mohou tak\u00e9 m\u00edt pot\u00ed\u017ee s regulac\u00ed sv\u00fdch emoc\u00ed a mohou b\u00fdt n\u00e1chyln\u00ed k v\u00fdbuch\u016fm vzteku nebo \u00fazkosti.<\/p>\n<p>V neposledn\u00ed \u0159ad\u011b m\u016f\u017ee Asperger\u016fv syndrom ovlivnit i dal\u0161\u00ed oblasti \u017eivota, jako je nap\u0159\u00edklad \u0161koln\u00ed vzd\u011bl\u00e1v\u00e1n\u00ed nebo zam\u011bstn\u00e1n\u00ed. Posti\u017een\u00ed lid\u00e9 mohou m\u00edt probl\u00e9my s u\u010den\u00edm se nov\u00fdch v\u011bc\u00ed a mohou pot\u0159ebovat speci\u00e1ln\u00ed podporu a p\u0159izp\u016fsoben\u00ed ve \u0161kole nebo na pracovi\u0161ti.<\/p>\n<p>Je d\u016fle\u017eit\u00e9 si uv\u011bdomit, \u017ee ka\u017ed\u00fd \u010dlov\u011bk s Aspergerov\u00fdm syndromem je jedine\u010dn\u00fd a m\u016f\u017ee m\u00edt r\u016fzn\u00e9 projevy a obt\u00ed\u017ee. Je d\u016fle\u017eit\u00e9 poskytnout jim podporu a porozum\u011bn\u00ed, aby mohli \u017e\u00edt plnohodnotn\u00fd \u017eivot a p\u0159ekon\u00e1vat sv\u00e9 obt\u00ed\u017ee.<\/p>\n<\/div>\n<div class=\"topic\">\n<p>\u010cesk\u00e1 kuchyn\u011b je jednou z nejstar\u0161\u00edch a nejbohat\u0161\u00edch kuchyn\u00ed v Evrop\u011b. Jej\u00ed ko\u0159eny sahaj\u00ed a\u017e do 9. stolet\u00ed, kdy se za\u010daly formovat prvn\u00ed tradi\u010dn\u00ed pokrmy. \u010cesk\u00e1 kuchyn\u011b je ovlivn\u011bna p\u0159edev\u0161\u00edm st\u0159edoevropskou kuchyn\u00ed, ale najdeme v n\u00ed i prvky z n\u011bmeck\u00e9, rakousk\u00e9, ma\u010farsk\u00e9 a \u017eidovsk\u00e9 kuchyn\u011b.<\/p>\n<p>Hlavn\u00edmi surovinami \u010desk\u00e9 kuchyn\u011b jsou brambory, maso, zelenina, ml\u00e9\u010dn\u00e9 v\u00fdrobky a obiloviny. V\u011bt\u0161ina pokrm\u016f je pom\u011brn\u011b jednoduch\u00e1, ale velmi chutn\u00e1 a s vysokou v\u00fd\u017eivovou hodnotou. Mezi nejzn\u00e1m\u011bj\u0161\u00ed \u010desk\u00e9 speciality pat\u0159\u00ed vep\u0159ov\u00e1 pe\u010den\u011b s knedl\u00edky, gul\u00e1\u0161, sv\u00ed\u010dkov\u00e1 na smetan\u011b, brambor\u00e1ky, sma\u017een\u00fd s\u00fdr a tradi\u010dn\u00ed \u010desk\u00e9 pivo.<\/p>\n<p>Jedn\u00edm z nejtypi\u010dt\u011bj\u0161\u00edch prvk\u016f \u010desk\u00e9 kuchyn\u011b jsou knedl\u00edky. Tyto kuli\u010dky z t\u011bsta se va\u0159\u00ed ve vod\u011b a pod\u00e1vaj\u00ed se jako p\u0159\u00edloha k masu nebo se mohou plnit ovocem. Dal\u0161\u00edm obl\u00edben\u00fdm pokrmem jsou brambor\u00e1ky, co\u017e jsou placky z bramborov\u00e9ho t\u011bsta sma\u017een\u00e9 na p\u00e1nvi. Tyto placky se \u010dasto pod\u00e1vaj\u00ed s kysel\u00fdm zel\u00edm nebo se smetanou.<\/p>\n<p>\u010cesk\u00e1 kuchyn\u011b je tak\u00e9 zn\u00e1m\u00e1 sv\u00fdmi sladk\u00fdmi dezerty. Mezi nejobl\u00edben\u011bj\u0161\u00ed pat\u0159\u00ed trdeln\u00edk, co\u017e je sladk\u00fd v\u00e1le\u010dek z t\u011bsta posypan\u00fd sko\u0159ic\u00ed a cukrem. Dal\u0161\u00edm obl\u00edben\u00fdm dezertem je ovocn\u00fd kol\u00e1\u010d, kter\u00fd se p\u0159ipravuje z r\u016fzn\u00fdch druh\u016f ovoce a t\u011bsta.<\/p>\n<p>Krom\u011b tradi\u010dn\u00edch pokrm\u016f najdeme v \u010desk\u00e9 kuchyni i mnoho region\u00e1ln\u00edch specialit. Nap\u0159\u00edklad v ji\u017en\u00edch \u010cech\u00e1ch jsou obl\u00edben\u00e9 \u0161kvarkov\u00e9 buchty, v Moravsk\u00e9m krasu se pod\u00e1v\u00e1 kysel\u00e1 pol\u00e9vka z hub a v\u00fdchodn\u00ed \u010cechy jsou zn\u00e1m\u00e9 pro sv\u00e9 sladk\u00e9 kol\u00e1\u010de z tvarohu.<\/p>\n<p>\u010cesk\u00e1 kuchyn\u011b je tak\u00e9 spojena s mnoha tradicemi a sv\u00e1tky. Nap\u0159\u00edklad v\u00e1no\u010dn\u00ed ve\u010de\u0159e je velmi d\u016fle\u017eitou sou\u010d\u00e1st\u00ed \u010desk\u00e9 kultury a pod\u00e1vaj\u00ed se na n\u00ed tradi\u010dn\u00ed pokrmy, jako je kapr s bramborov\u00fdm sal\u00e1tem a v\u00e1no\u010dn\u00ed cukrov\u00ed.<\/p>\n<p>V posledn\u00edch letech se \u010desk\u00e1 kuchyn\u011b stala velmi popul\u00e1rn\u00ed i v zahrani\u010d\u00ed. Mnoho restaurac\u00ed po cel\u00e9m sv\u011bt\u011b nab\u00edz\u00ed \u010desk\u00e1 j\u00eddla a turist\u00e9 si \u010dasto p\u0159ivezou dom\u016f suroviny pro p\u0159\u00edpravu \u010desk\u00fdch specialit.<\/p>\n<p>\u010cesk\u00e1 kuchyn\u011b je tedy nejen chutn\u00e1 a v\u00fd\u017eivn\u00e1, ale tak\u00e9 pln\u00e1 historie a tradic. Je to d\u016fle\u017eit\u00e1 sou\u010d\u00e1st \u010desk\u00e9 kultury a st\u00e1le se vyv\u00edj\u00ed a obohacuje o nov\u00e9 ingredience a recepty. Pokud se chyst\u00e1te nav\u0161t\u00edvit \u010ceskou republiku, ur\u010dit\u011b si vychutnejte n\u011bkter\u00e9 z m\u00edstn\u00edch specialit a objevte bohatou a rozmanitou \u010deskou kuchyni.<\/p>\n<\/div>\n<div class=\"topic\">\n<h2>Jak mohou rodina a bl\u00edzc\u00ed pomoci osob\u011b s Aspergerov\u00fdm syndromem?<\/h2>\n<p>Asperger\u016fv syndrom je neurov\u00fdvojov\u00e9 onemocn\u011bn\u00ed, kter\u00e9 ovliv\u0148uje soci\u00e1ln\u00ed interakci a komunikaci u jednotlivc\u016f. Osoby s t\u00edmto syndromem mohou m\u00edt probl\u00e9my s porozum\u011bn\u00edm soci\u00e1ln\u00edm n\u00e1vyk\u016fm a mohou se c\u00edtit izolovan\u00ed od ostatn\u00edch. V takov\u00fdch p\u0159\u00edpadech m\u016f\u017ee b\u00fdt rodina a bl\u00edzc\u00ed velkou oporou pro osobu s Aspergerov\u00fdm syndromem.<\/p>\n<p>Prvn\u00edm a nejd\u016fle\u017eit\u011bj\u0161\u00edm zp\u016fsobem, jak mohou rodina a bl\u00edzc\u00ed pomoci osob\u011b s Aspergerov\u00fdm syndromem, je poskytnut\u00ed podpory a porozum\u011bn\u00ed. Je d\u016fle\u017eit\u00e9, aby rodina a bl\u00edzc\u00ed byli informovan\u00ed o tomto syndromu a m\u011bli znalosti o tom, jak se projevuje. T\u00edmto zp\u016fsobem mohou l\u00e9pe porozum\u011bt pot\u0159eb\u00e1m a omezen\u00edm osoby s Aspergerov\u00fdm syndromem a mohou b\u00fdt schopni poskytnout mu nezbytnou podporu.<\/p>\n<p>Dal\u0161\u00edm zp\u016fsobem, jak mohou rodina a bl\u00edzc\u00ed pomoci, je vytvo\u0159en\u00ed strukturovan\u00e9ho prost\u0159ed\u00ed. Osoby s Aspergerov\u00fdm syndromem maj\u00ed \u010dasto pot\u0159ebu rutiny a struktury, aby se c\u00edtily bezpe\u010dn\u011b a pohodln\u011b. Rodina a bl\u00edzc\u00ed mohou pomoci vytvo\u0159it pravideln\u00fd harmonogram a dodr\u017eovat ho, co\u017e m\u016f\u017ee pomoci sn\u00ed\u017eit \u00fazkost a stres u osoby s Aspergerov\u00fdm syndromem.<\/p>\n<p>D\u00e1le mohou rodina a bl\u00edzc\u00ed pomoci osob\u011b s Aspergerov\u00fdm syndromem vytvo\u0159it a udr\u017eovat soci\u00e1ln\u00ed kontakty. Osoby s t\u00edmto syndromem mohou m\u00edt probl\u00e9my s navazov\u00e1n\u00edm a udr\u017eov\u00e1n\u00edm p\u0159\u00e1telstv\u00ed, proto je d\u016fle\u017eit\u00e9, aby rodina a bl\u00edzc\u00ed podporovali a pom\u00e1hali s rozvojem soci\u00e1ln\u00edch dovednost\u00ed. To m\u016f\u017ee zahrnovat nap\u0159\u00edklad \u00fa\u010dast na skupinov\u00fdch aktivit\u00e1ch nebo organizov\u00e1n\u00ed setk\u00e1n\u00ed s ostatn\u00edmi.<\/p>\n<p>Posledn\u00edm, ale ne m\u00e9n\u011b d\u016fle\u017eit\u00fdm zp\u016fsobem, jak mohou rodina a bl\u00edzc\u00ed pomoci, je podpora vzd\u011bl\u00e1v\u00e1n\u00ed a zam\u011bstn\u00e1n\u00ed. Osoby s Aspergerov\u00fdm syndromem mohou m\u00edt probl\u00e9my s u\u010den\u00edm a zam\u011bstn\u00e1n\u00edm, ale s podporou a pomoc\u00ed rodiny a bl\u00edzk\u00fdch mohou dos\u00e1hnout sv\u00fdch c\u00edl\u016f. Rodina a bl\u00edzc\u00ed mohou pomoci s hled\u00e1n\u00edm vhodn\u00fdch vzd\u011bl\u00e1vac\u00edch a pracovn\u00edch p\u0159\u00edle\u017eitost\u00ed a poskytnout podporu a motivaci b\u011bhem tohoto procesu.<\/p>\n<p>V z\u00e1v\u011bru je tedy mo\u017en\u00e9 \u0159\u00edci, \u017ee rodina a bl\u00edzc\u00ed mohou hr\u00e1t velmi d\u016fle\u017eitou roli v \u017eivot\u011b osoby s Aspergerov\u00fdm syndromem. Je d\u016fle\u017eit\u00e9, aby byli informovan\u00ed o tomto syndromu a poskytovali podporu a porozum\u011bn\u00ed. Vytvo\u0159en\u00ed strukturovan\u00e9ho prost\u0159ed\u00ed, podpora soci\u00e1ln\u00edch kontakt\u016f a pomoc s vzd\u011bl\u00e1v\u00e1n\u00edm a zam\u011bstn\u00e1n\u00edm jsou dal\u0161\u00ed zp\u016fsoby, jak mohou rodina a bl\u00edzc\u00ed pomoci osob\u011b s Aspergerov\u00fdm syndromem. S touto podporou a pomoc\u00ed m\u016f\u017ee osoba s Aspergerov\u00fdm syndromem dos\u00e1hnout pln\u00e9ho potenci\u00e1lu a v\u00e9st plnohodnotn\u00fd \u017eivot.<\/p>\n<\/div>\n<div class=\"topic\">\n<h2>Podpora rodiny a bl\u00edzk\u00fdch je pro osobu s Aspergerov\u00fdm syndromem velmi d\u016fle\u017eit\u00e1<\/h2>\n<p>Podpora rodiny a bl\u00edzk\u00fdch je pro osobu s Aspergerov\u00fdm syndromem velmi d\u016fle\u017eit\u00e1. Asperger\u016fv syndrom je neurov\u00fdvojov\u00e9 onemocn\u011bn\u00ed, kter\u00e9 se projevuje p\u0159edev\u0161\u00edm poruchami soci\u00e1ln\u00ed interakce, komunikace a omezen\u00fdmi z\u00e1jmy a aktivitami. Osoby s t\u00edmto syndromem maj\u00ed \u010dasto probl\u00e9my s porozum\u011bn\u00edm soci\u00e1ln\u00edm sign\u00e1l\u016fm, nesn\u00e1\u0161ej\u00ed zm\u011bny v rutin\u011b a maj\u00ed tendenci se zam\u011b\u0159ovat na jednu konkr\u00e9tn\u00ed v\u011bc. Vzhledem k t\u011bmto specifick\u00fdm pot\u0159eb\u00e1m je pro n\u011b velmi d\u016fle\u017eit\u00e1 podpora ze strany rodiny a bl\u00edzk\u00fdch.<\/p>\n<p>Jedn\u00edm z nejd\u016fle\u017eit\u011bj\u0161\u00edch aspekt\u016f podpory je poskytov\u00e1n\u00ed emocion\u00e1ln\u00ed opory. Osoby s Aspergerov\u00fdm syndromem se \u010dasto c\u00edt\u00ed izolovan\u00e9 a nepochopen\u00e9 ve spole\u010dnosti. Rodina a bl\u00edzc\u00ed mohou b\u00fdt pro n\u011b d\u016fle\u017eit\u00fdm zdrojem podpory a porozum\u011bn\u00ed. Je d\u016fle\u017eit\u00e9, aby se bl\u00edzc\u00ed nau\u010dili rozpozn\u00e1vat a respektovat specifick\u00e9 pot\u0159eby a omezen\u00ed posti\u017een\u00e9 osoby a poskytovali j\u00ed podporu a porozum\u011bn\u00ed.<\/p>\n<p>Dal\u0161\u00edm d\u016fle\u017eit\u00fdm aspektem podpory je pomoc s ka\u017edodenn\u00edmi \u00fakoly a aktivitami. Osoby s Aspergerov\u00fdm syndromem mohou m\u00edt probl\u00e9my s organizac\u00ed a pl\u00e1nov\u00e1n\u00edm, co\u017e m\u016f\u017ee v\u00e9st k obt\u00ed\u017e\u00edm v b\u011b\u017en\u00fdch denn\u00edch \u010dinnostech. Rodina a bl\u00edzc\u00ed mohou pomoci s pl\u00e1nov\u00e1n\u00edm a organizac\u00ed, ale tak\u00e9 s praktick\u00fdmi \u00fakoly, jako je nakupov\u00e1n\u00ed, va\u0159en\u00ed nebo \u00faklid. T\u00edmto zp\u016fsobem mohou pomoci sn\u00ed\u017eit stres a \u00fazkost, kter\u00e9 mohou b\u00fdt pro osoby s Aspergerov\u00fdm syndromem velmi obt\u00ed\u017en\u00e9.<\/p>\n<p>Podpora rodiny a bl\u00edzk\u00fdch m\u016f\u017ee tak\u00e9 pomoci s rozvojem soci\u00e1ln\u00edch dovednost\u00ed a z\u00e1jm\u016f. Osoby s Aspergerov\u00fdm syndromem maj\u00ed \u010dasto probl\u00e9my s porozum\u011bn\u00edm soci\u00e1ln\u00edm sign\u00e1l\u016fm a navazov\u00e1n\u00edm vztah\u016f. Rodina a bl\u00edzc\u00ed mohou pomoci s rozvojem soci\u00e1ln\u00edch dovednost\u00ed a podporovat z\u00e1jmy a aktivity, kter\u00e9 mohou pomoci osob\u011b s Aspergerov\u00fdm syndromem zapojit se do spole\u010dnosti a nav\u00e1zat p\u0159\u00e1telstv\u00ed.<\/p>\n<p>D\u016fle\u017eit\u00fdm aspektem podpory je tak\u00e9 vytv\u00e1\u0159en\u00ed p\u0159\u00edzniv\u00e9ho prost\u0159ed\u00ed pro rozvoj osobnosti a sebev\u011bdom\u00ed. Osoby s Aspergerov\u00fdm syndromem mohou b\u00fdt \u010dasto kritizov\u00e1ny nebo nepochopen\u00e9 ve spole\u010dnosti, co\u017e m\u016f\u017ee v\u00e9st k n\u00edzk\u00e9mu sebev\u011bdom\u00ed a pocitu m\u00e9n\u011bcennosti. Rodina a bl\u00edzc\u00ed mohou pomoci t\u00edm, \u017ee budou podporovat a povzbuzovat osobu s Aspergerov\u00fdm syndromem a pomohou j\u00ed rozv\u00edjet sv\u00e9 siln\u00e9 str\u00e1nky a z\u00e1jmy.<\/p>\n<p>V neposledn\u00ed \u0159ad\u011b je d\u016fle\u017eit\u00e9, aby rodina a bl\u00edzc\u00ed respektovali specifick\u00e9 pot\u0159eby a omezen\u00ed osoby s Aspergerov\u00fdm syndromem. Ka\u017ed\u00e1 osoba s t\u00edmto syndromem je jedine\u010dn\u00e1 a m\u00e1 sv\u00e9 vlastn\u00ed pot\u0159eby a omezen\u00ed. Je d\u016fle\u017eit\u00e9, aby rodina a bl\u00edzc\u00ed tyto pot\u0159eby respektovali a necht\u011bli od osoby s Aspergerov\u00fdm syndromem n\u011bco, co nen\u00ed pro ni p\u0159irozen\u00e9 nebo obt\u00ed\u017en\u00e9.<\/p>\n<p>V z\u00e1v\u011bru lze \u0159\u00edci, \u017ee podpora rodiny a bl\u00edzk\u00fdch je pro osobu s Aspergerov\u00fdm syndromem velmi d\u016fle\u017eit\u00e1. Poskytov\u00e1n\u00ed emocion\u00e1ln\u00ed podpory, pomoc s ka\u017edodenn\u00edmi \u00fakoly a aktivitami, vytv\u00e1\u0159en\u00ed p\u0159\u00edzniv\u00e9ho prost\u0159ed\u00ed pro rozvoj soci\u00e1ln\u00edch dovednost\u00ed a respektov\u00e1n\u00ed specifick\u00fdch pot\u0159eb a omezen\u00ed jsou kl\u00ed\u010dov\u00e9 pro zaji\u0161t\u011bn\u00ed kvalitn\u00edho \u017eivota pro osobu s Aspergerov\u00fdm syndromem. Rodina a bl\u00edzc\u00ed mohou b\u00fdt pro ni d\u016fle\u017eit\u00fdm zdrojem podpory a porozum\u011bn\u00ed, kter\u00e9 j\u00ed pomohou p\u0159ekonat obt\u00ed\u017ee a dos\u00e1hnout sv\u00e9ho pln\u00e9ho potenci\u00e1lu.<\/p>\n<\/div>\n<\/div>\n","protected":false},"excerpt":{"rendered":"<p>Co je Asperger\u016fv syndrom a jak\u00e9 jsou jeho p\u0159\u00edznaky? Asperger\u016fv syndrom je neurov\u00fdvojov\u00e9 onemocn\u011bn\u00ed, kter\u00e9 se projevuje p\u0159edev\u0161\u00edm v soci\u00e1ln\u00edm chov\u00e1n\u00ed a komunikaci. Jedn\u00e1 se&#8230;<\/p>\n","protected":false},"author":1,"featured_media":2826,"comment_status":"closed","ping_status":"open","sticky":false,"template":"","format":"standard","meta":{"inline_featured_image":false},"categories":[849],"tags":[],"yoast_head":"<!-- This site is optimized with the Yoast SEO plugin v18.1 - https:\/\/yoast.com\/wordpress\/plugins\/seo\/ -->\n<title>Asperger\u016fv syndrom - Test Mysli<\/title>\n<meta name=\"robots\" content=\"index, follow, max-snippet:-1, max-image-preview:large, max-video-preview:-1\" \/>\n<link rel=\"canonical\" href=\"https:\/\/www.diagnostika-mysli.cz\/blog\/autismus\/aspergeruv-syndrom\/\" \/>\n<meta property=\"og:locale\" content=\"cs_CZ\" \/>\n<meta property=\"og:type\" content=\"article\" \/>\n<meta property=\"og:title\" content=\"Asperger\u016fv syndrom - Test Mysli\" \/>\n<meta property=\"og:description\" content=\"Co je Asperger\u016fv syndrom a jak\u00e9 jsou jeho p\u0159\u00edznaky? Asperger\u016fv syndrom je neurov\u00fdvojov\u00e9 onemocn\u011bn\u00ed, kter\u00e9 se projevuje p\u0159edev\u0161\u00edm v soci\u00e1ln\u00edm chov\u00e1n\u00ed a komunikaci. Jedn\u00e1 se...\" \/>\n<meta property=\"og:url\" content=\"https:\/\/www.diagnostika-mysli.cz\/blog\/autismus\/aspergeruv-syndrom\/\" \/>\n<meta property=\"og:site_name\" content=\"Test Mysli\" \/>\n<meta property=\"article:published_time\" content=\"2025-01-25T12:34:47+00:00\" \/>\n<meta property=\"article:modified_time\" content=\"2025-01-25T13:02:02+00:00\" \/>\n<meta name=\"twitter:card\" content=\"summary_large_image\" \/>\n<meta name=\"twitter:image\" content=\"https:\/\/www.diagnostika-mysli.cz\/blog\/wp-content\/uploads\/2025\/01\/img_autism_17.webp\" \/>\n<meta name=\"twitter:label1\" content=\"Napsal(a)\" \/>\n\t<meta name=\"twitter:data1\" content=\"Test Mysli\" \/>\n\t<meta name=\"twitter:label2\" content=\"Odhadovan\u00e1 doba \u010dten\u00ed\" \/>\n\t<meta name=\"twitter:data2\" content=\"22 minut\" \/>\n<script type=\"application\/ld+json\" class=\"yoast-schema-graph\">{\"@context\":\"https:\/\/schema.org\",\"@graph\":[{\"@type\":\"WebSite\",\"@id\":\"https:\/\/www.diagnostika-mysli.cz\/blog\/#website\",\"url\":\"https:\/\/www.diagnostika-mysli.cz\/blog\/\",\"name\":\"Test Mysli\",\"description\":\"Blog o poruch\u00e1ch mysli\",\"potentialAction\":[{\"@type\":\"SearchAction\",\"target\":{\"@type\":\"EntryPoint\",\"urlTemplate\":\"https:\/\/www.diagnostika-mysli.cz\/blog\/?s={search_term_string}\"},\"query-input\":\"required name=search_term_string\"}],\"inLanguage\":\"cs\"},{\"@type\":\"ImageObject\",\"@id\":\"https:\/\/www.diagnostika-mysli.cz\/blog\/autismus\/aspergeruv-syndrom\/#primaryimage\",\"inLanguage\":\"cs\",\"url\":\"https:\/\/www.diagnostika-mysli.cz\/blog\/wp-content\/uploads\/2025\/01\/img_autism_17.webp\",\"contentUrl\":\"https:\/\/www.diagnostika-mysli.cz\/blog\/wp-content\/uploads\/2025\/01\/img_autism_17.webp\",\"width\":1024,\"height\":1024},{\"@type\":\"WebPage\",\"@id\":\"https:\/\/www.diagnostika-mysli.cz\/blog\/autismus\/aspergeruv-syndrom\/#webpage\",\"url\":\"https:\/\/www.diagnostika-mysli.cz\/blog\/autismus\/aspergeruv-syndrom\/\",\"name\":\"Asperger\u016fv syndrom - Test Mysli\",\"isPartOf\":{\"@id\":\"https:\/\/www.diagnostika-mysli.cz\/blog\/#website\"},\"primaryImageOfPage\":{\"@id\":\"https:\/\/www.diagnostika-mysli.cz\/blog\/autismus\/aspergeruv-syndrom\/#primaryimage\"},\"datePublished\":\"2025-01-25T12:34:47+00:00\",\"dateModified\":\"2025-01-25T13:02:02+00:00\",\"author\":{\"@id\":\"https:\/\/www.diagnostika-mysli.cz\/blog\/#\/schema\/person\/8eb1bcaf59fea75c780c11946f4e3490\"},\"breadcrumb\":{\"@id\":\"https:\/\/www.diagnostika-mysli.cz\/blog\/autismus\/aspergeruv-syndrom\/#breadcrumb\"},\"inLanguage\":\"cs\",\"potentialAction\":[{\"@type\":\"ReadAction\",\"target\":[\"https:\/\/www.diagnostika-mysli.cz\/blog\/autismus\/aspergeruv-syndrom\/\"]}]},{\"@type\":\"BreadcrumbList\",\"@id\":\"https:\/\/www.diagnostika-mysli.cz\/blog\/autismus\/aspergeruv-syndrom\/#breadcrumb\",\"itemListElement\":[{\"@type\":\"ListItem\",\"position\":1,\"name\":\"Blog\",\"item\":\"https:\/\/www.diagnostika-mysli.cz\/blog\/\"},{\"@type\":\"ListItem\",\"position\":2,\"name\":\"Autismus\",\"item\":\"https:\/\/www.diagnostika-mysli.cz\/blog\/autismus\/\"},{\"@type\":\"ListItem\",\"position\":3,\"name\":\"Asperger\u016fv syndrom\"}]},{\"@type\":\"Person\",\"@id\":\"https:\/\/www.diagnostika-mysli.cz\/blog\/#\/schema\/person\/8eb1bcaf59fea75c780c11946f4e3490\",\"name\":\"Test Mysli\",\"image\":{\"@type\":\"ImageObject\",\"@id\":\"https:\/\/www.diagnostika-mysli.cz\/blog\/#personlogo\",\"inLanguage\":\"cs\",\"url\":\"https:\/\/secure.gravatar.com\/avatar\/6743211f010801ea26aa9423a2daab37?s=96&d=mm&r=g\",\"contentUrl\":\"https:\/\/secure.gravatar.com\/avatar\/6743211f010801ea26aa9423a2daab37?s=96&d=mm&r=g\",\"caption\":\"Test Mysli\"},\"sameAs\":[\"https:\/\/www.diagnostika-mysli.cz\/blog\"],\"url\":\"https:\/\/www.diagnostika-mysli.cz\/blog\/author\/diagnostyka-umyslu\/\"}]}<\/script>\n<!-- \/ Yoast SEO plugin. -->","yoast_head_json":{"title":"Asperger\u016fv syndrom - Test Mysli","robots":{"index":"index","follow":"follow","max-snippet":"max-snippet:-1","max-image-preview":"max-image-preview:large","max-video-preview":"max-video-preview:-1"},"canonical":"https:\/\/www.diagnostika-mysli.cz\/blog\/autismus\/aspergeruv-syndrom\/","og_locale":"cs_CZ","og_type":"article","og_title":"Asperger\u016fv syndrom - Test Mysli","og_description":"Co je Asperger\u016fv syndrom a jak\u00e9 jsou jeho p\u0159\u00edznaky? Asperger\u016fv syndrom je neurov\u00fdvojov\u00e9 onemocn\u011bn\u00ed, kter\u00e9 se projevuje p\u0159edev\u0161\u00edm v soci\u00e1ln\u00edm chov\u00e1n\u00ed a komunikaci. Jedn\u00e1 se...","og_url":"https:\/\/www.diagnostika-mysli.cz\/blog\/autismus\/aspergeruv-syndrom\/","og_site_name":"Test Mysli","article_published_time":"2025-01-25T12:34:47+00:00","article_modified_time":"2025-01-25T13:02:02+00:00","twitter_card":"summary_large_image","twitter_image":"https:\/\/www.diagnostika-mysli.cz\/blog\/wp-content\/uploads\/2025\/01\/img_autism_17.webp","twitter_misc":{"Napsal(a)":"Test Mysli","Odhadovan\u00e1 doba \u010dten\u00ed":"22 minut"},"schema":{"@context":"https:\/\/schema.org","@graph":[{"@type":"WebSite","@id":"https:\/\/www.diagnostika-mysli.cz\/blog\/#website","url":"https:\/\/www.diagnostika-mysli.cz\/blog\/","name":"Test Mysli","description":"Blog o poruch\u00e1ch mysli","potentialAction":[{"@type":"SearchAction","target":{"@type":"EntryPoint","urlTemplate":"https:\/\/www.diagnostika-mysli.cz\/blog\/?s={search_term_string}"},"query-input":"required name=search_term_string"}],"inLanguage":"cs"},{"@type":"ImageObject","@id":"https:\/\/www.diagnostika-mysli.cz\/blog\/autismus\/aspergeruv-syndrom\/#primaryimage","inLanguage":"cs","url":"https:\/\/www.diagnostika-mysli.cz\/blog\/wp-content\/uploads\/2025\/01\/img_autism_17.webp","contentUrl":"https:\/\/www.diagnostika-mysli.cz\/blog\/wp-content\/uploads\/2025\/01\/img_autism_17.webp","width":1024,"height":1024},{"@type":"WebPage","@id":"https:\/\/www.diagnostika-mysli.cz\/blog\/autismus\/aspergeruv-syndrom\/#webpage","url":"https:\/\/www.diagnostika-mysli.cz\/blog\/autismus\/aspergeruv-syndrom\/","name":"Asperger\u016fv syndrom - Test Mysli","isPartOf":{"@id":"https:\/\/www.diagnostika-mysli.cz\/blog\/#website"},"primaryImageOfPage":{"@id":"https:\/\/www.diagnostika-mysli.cz\/blog\/autismus\/aspergeruv-syndrom\/#primaryimage"},"datePublished":"2025-01-25T12:34:47+00:00","dateModified":"2025-01-25T13:02:02+00:00","author":{"@id":"https:\/\/www.diagnostika-mysli.cz\/blog\/#\/schema\/person\/8eb1bcaf59fea75c780c11946f4e3490"},"breadcrumb":{"@id":"https:\/\/www.diagnostika-mysli.cz\/blog\/autismus\/aspergeruv-syndrom\/#breadcrumb"},"inLanguage":"cs","potentialAction":[{"@type":"ReadAction","target":["https:\/\/www.diagnostika-mysli.cz\/blog\/autismus\/aspergeruv-syndrom\/"]}]},{"@type":"BreadcrumbList","@id":"https:\/\/www.diagnostika-mysli.cz\/blog\/autismus\/aspergeruv-syndrom\/#breadcrumb","itemListElement":[{"@type":"ListItem","position":1,"name":"Blog","item":"https:\/\/www.diagnostika-mysli.cz\/blog\/"},{"@type":"ListItem","position":2,"name":"Autismus","item":"https:\/\/www.diagnostika-mysli.cz\/blog\/autismus\/"},{"@type":"ListItem","position":3,"name":"Asperger\u016fv syndrom"}]},{"@type":"Person","@id":"https:\/\/www.diagnostika-mysli.cz\/blog\/#\/schema\/person\/8eb1bcaf59fea75c780c11946f4e3490","name":"Test Mysli","image":{"@type":"ImageObject","@id":"https:\/\/www.diagnostika-mysli.cz\/blog\/#personlogo","inLanguage":"cs","url":"https:\/\/secure.gravatar.com\/avatar\/6743211f010801ea26aa9423a2daab37?s=96&d=mm&r=g","contentUrl":"https:\/\/secure.gravatar.com\/avatar\/6743211f010801ea26aa9423a2daab37?s=96&d=mm&r=g","caption":"Test Mysli"},"sameAs":["https:\/\/www.diagnostika-mysli.cz\/blog"],"url":"https:\/\/www.diagnostika-mysli.cz\/blog\/author\/diagnostyka-umyslu\/"}]}},"amp_enabled":true,"_links":{"self":[{"href":"https:\/\/www.diagnostika-mysli.cz\/blog\/wp-json\/wp\/v2\/posts\/2840"}],"collection":[{"href":"https:\/\/www.diagnostika-mysli.cz\/blog\/wp-json\/wp\/v2\/posts"}],"about":[{"href":"https:\/\/www.diagnostika-mysli.cz\/blog\/wp-json\/wp\/v2\/types\/post"}],"author":[{"embeddable":true,"href":"https:\/\/www.diagnostika-mysli.cz\/blog\/wp-json\/wp\/v2\/users\/1"}],"replies":[{"embeddable":true,"href":"https:\/\/www.diagnostika-mysli.cz\/blog\/wp-json\/wp\/v2\/comments?post=2840"}],"version-history":[{"count":1,"href":"https:\/\/www.diagnostika-mysli.cz\/blog\/wp-json\/wp\/v2\/posts\/2840\/revisions"}],"predecessor-version":[{"id":2849,"href":"https:\/\/www.diagnostika-mysli.cz\/blog\/wp-json\/wp\/v2\/posts\/2840\/revisions\/2849"}],"wp:featuredmedia":[{"embeddable":true,"href":"https:\/\/www.diagnostika-mysli.cz\/blog\/wp-json\/wp\/v2\/media\/2826"}],"wp:attachment":[{"href":"https:\/\/www.diagnostika-mysli.cz\/blog\/wp-json\/wp\/v2\/media?parent=2840"}],"wp:term":[{"taxonomy":"category","embeddable":true,"href":"https:\/\/www.diagnostika-mysli.cz\/blog\/wp-json\/wp\/v2\/categories?post=2840"},{"taxonomy":"post_tag","embeddable":true,"href":"https:\/\/www.diagnostika-mysli.cz\/blog\/wp-json\/wp\/v2\/tags?post=2840"}],"curies":[{"name":"wp","href":"https:\/\/api.w.org\/{rel}","templated":true}]}}