{"id":2841,"date":"2025-01-25T13:35:29","date_gmt":"2025-01-25T12:35:29","guid":{"rendered":"https:\/\/www.diagnostika-mysli.cz\/blog\/autismus\/porucha-autistickeho-spektra\/"},"modified":"2025-01-25T14:02:17","modified_gmt":"2025-01-25T13:02:17","slug":"porucha-autistickeho-spektra","status":"publish","type":"post","link":"https:\/\/www.diagnostika-mysli.cz\/blog\/autismus\/porucha-autistickeho-spektra\/","title":{"rendered":"Porucha autistick\u00e9ho spektra"},"content":{"rendered":"<div class=\"topics\">\n<div class=\"topic\">\n<h2>Co je porucha autistick\u00e9ho spektra a jak\u00e9 jsou jej\u00ed p\u0159\u00edznaky?<\/h2>\n<p>Porucha autistick\u00e9ho spektra (PAS) je neurov\u00fdvojov\u00e1 porucha, kter\u00e1 ovliv\u0148uje soci\u00e1ln\u00ed interakce, komunikaci a chov\u00e1n\u00ed jedince. Tato porucha se projevuje ji\u017e v d\u011btstv\u00ed a trv\u00e1 cel\u00fd \u017eivot. PAS se d\u011bl\u00ed do n\u011bkolika kategori\u00ed, jako nap\u0159\u00edklad autismus, Asperger\u016fv syndrom, Rett\u016fv syndrom, dezintegra\u010dn\u00ed porucha d\u011btstv\u00ed a neklasifikovan\u00e1 porucha autistick\u00e9ho spektra.<\/p>\n<p>Jedn\u00edm z hlavn\u00edch p\u0159\u00edznak\u016f PAS je probl\u00e9m s komunikac\u00ed a soci\u00e1ln\u00edmi interakcemi. D\u011bti s touto poruchou maj\u00ed \u010dasto probl\u00e9my s porozum\u011bn\u00edm neverb\u00e1ln\u00ed komunikace, jako jsou nap\u0159\u00edklad gesta, mimika nebo t\u00f3n hlasu. Mohou tak\u00e9 m\u00edt probl\u00e9my s porozum\u011bn\u00edm emoc\u00ed a n\u00e1lad druh\u00fdch lid\u00ed. D\u011bti s PAS se tak\u00e9 \u010dasto vyh\u00fdbaj\u00ed o\u010dn\u00edmu kontaktu a maj\u00ed probl\u00e9my s navazov\u00e1n\u00edm a udr\u017eov\u00e1n\u00edm p\u0159\u00e1telstv\u00ed.<\/p>\n<p>Dal\u0161\u00edm v\u00fdznamn\u00fdm p\u0159\u00edznakem je omezen\u00fd a stereotypn\u00ed z\u00e1jem a chov\u00e1n\u00ed. D\u011bti s PAS se mohou siln\u011b zaj\u00edmat pouze o ur\u010dit\u00e9 v\u011bci a mohou b\u00fdt velmi fixovan\u00e9 na ur\u010dit\u00e9 rutiny a ritu\u00e1ly. Mohou tak\u00e9 m\u00edt probl\u00e9my s p\u0159izp\u016fsoben\u00edm se zm\u011bn\u00e1m a nov\u00fdm situac\u00edm. N\u011bkter\u00e9 d\u011bti s PAS mohou m\u00edt tak\u00e9 neobvykl\u00e9 z\u00e1jmy, jako nap\u0159\u00edklad opakovan\u00e9 po\u010d\u00edt\u00e1n\u00ed p\u0159edm\u011bt\u016f nebo siln\u00fd z\u00e1jem o ur\u010dit\u00e9 p\u0159edm\u011bty.<\/p>\n<p>Dal\u0161\u00edm d\u016fle\u017eit\u00fdm p\u0159\u00edznakem je omezen\u00e1 schopnost porozum\u011bt a vyjad\u0159ovat se verb\u00e1ln\u011b i neverb\u00e1ln\u011b. D\u011bti s PAS mohou m\u00edt probl\u00e9my s porozum\u011bn\u00edm slov a v\u011bt, mohou m\u00edt omezenou slovn\u00ed z\u00e1sobu nebo mohou opakovat slova a v\u011bty. Mohou tak\u00e9 m\u00edt probl\u00e9my s vyjad\u0159ov\u00e1n\u00edm sv\u00fdch my\u0161lenek a pocit\u016f. N\u011bkter\u00e9 d\u011bti s PAS mohou m\u00edt tak\u00e9 probl\u00e9my s motorick\u00fdmi dovednostmi, jako je koordinace pohyb\u016f a jemn\u00e1 motorika.<\/p>\n<p>Dal\u0161\u00edm v\u00fdznamn\u00fdm p\u0159\u00edznakem je citlivost na zvuky, sv\u011btlo, v\u016fn\u011b a doteky. D\u011bti s PAS mohou b\u00fdt p\u0159ecitliv\u011bl\u00e9 nebo naopak m\u00e1lo citliv\u00e9 na ur\u010dit\u00e9 podn\u011bty. M\u016f\u017ee se tak\u00e9 st\u00e1t, \u017ee maj\u00ed probl\u00e9my s p\u0159izp\u016fsoben\u00edm se nov\u00fdm situac\u00edm a prost\u0159ed\u00ed, co\u017e m\u016f\u017ee v\u00e9st k \u00fazkosti a stresu.<\/p>\n<p>PAS m\u016f\u017ee tak\u00e9 ovlivnit kognitivn\u00ed schopnosti d\u00edt\u011bte. N\u011bkter\u00e9 d\u011bti s touto poruchou mohou m\u00edt nadpr\u016fm\u011brn\u00e9 schopnosti v ur\u010dit\u00fdch oblastech, jako je nap\u0159\u00edklad matematika nebo pam\u011b\u0165, zat\u00edmco v jin\u00fdch oblastech mohou m\u00edt probl\u00e9my. M\u016f\u017ee se tak\u00e9 st\u00e1t, \u017ee d\u011bti s PAS maj\u00ed probl\u00e9my s u\u010den\u00edm se nov\u00fdch v\u011bc\u00ed a pot\u0159ebuj\u00ed speci\u00e1ln\u00ed p\u0159\u00edstup a podporu ve \u0161kole.<\/p>\n<p>Je d\u016fle\u017eit\u00e9 si uv\u011bdomit, \u017ee ka\u017ed\u00e9 d\u00edt\u011b s PAS je jedine\u010dn\u00e9 a m\u016f\u017ee m\u00edt r\u016fzn\u00e9 kombinace p\u0159\u00edznak\u016f v r\u016fzn\u00e9 m\u00ed\u0159e. N\u011bkter\u00e9 d\u011bti mohou m\u00edt m\u00edrnou formu PAS a mohou se nau\u010dit \u017e\u00edt plnohodnotn\u00fd \u017eivot s minim\u00e1ln\u00edmi obt\u00ed\u017eemi, zat\u00edmco jin\u00e9 d\u011bti mohou pot\u0159ebovat v\u00edce podpory a p\u00e9\u010de.<\/p>\n<p>PAS nen\u00ed zp\u016fsobeno \u0161patn\u00fdm v\u00fdchovou nebo prost\u0159ed\u00edm, ale je to neurov\u00fdvojov\u00e1 porucha, kter\u00e1 m\u00e1 genetick\u00e9 a neurologick\u00e9 p\u0159\u00ed\u010diny. V sou\u010dasn\u00e9 dob\u011b neexistuje l\u00e9k na PAS, ale existuj\u00ed r\u016fzn\u00e9 terapie a intervence, kter\u00e9 mohou pomoci d\u011btem s touto poruchou nau\u010dit se l\u00e9pe komunikovat, soci\u00e1ln\u011b interagovat a p\u0159izp\u016fsobit se nov\u00fdm situac\u00edm.<\/p>\n<p>Je d\u016fle\u017eit\u00e9, aby byla PAS diagnostikov\u00e1na co nejd\u0159\u00edve, aby d\u00edt\u011b mohlo z\u00edskat pot\u0159ebnou podporu a p\u00e9\u010di. S vhodnou podporou a porozum\u011bn\u00edm ze strany rodiny, \u0161koly a spole\u010dnosti mohou d\u011bti s PAS dos\u00e1hnout sv\u00e9ho pln\u00e9ho potenci\u00e1lu a v\u00e9st plnohodnotn\u00fd \u017eivot.<\/p>\n<\/div>\n<div class=\"topic\">\n<h2>Jak\u00e9 jsou mo\u017enosti l\u00e9\u010dby a podpory pro osoby s poruchou autistick\u00e9ho spektra?<\/h2>\n<p>Porucha autistick\u00e9ho spektra (PAS) je neurov\u00fdvojov\u00e1 porucha, kter\u00e1 ovliv\u0148uje soci\u00e1ln\u00ed interakce, komunikaci a chov\u00e1n\u00ed jedince. Ka\u017ed\u00fd jedinec s PAS m\u00e1 sv\u00e9 vlastn\u00ed jedine\u010dn\u00e9 pot\u0159eby a schopnosti, a proto je d\u016fle\u017eit\u00e9, aby l\u00e9\u010dba a podpora byly p\u0159izp\u016fsobeny individu\u00e1ln\u011b. Existuje mnoho mo\u017enost\u00ed l\u00e9\u010dby a podpory pro osoby s PAS, kter\u00e9 mohou pomoci zlep\u0161it jejich kvalitu \u017eivota a usnadnit jim integraci do spole\u010dnosti.<\/p>\n<p>1. Terapie<\/p>\n<p>Terapie je jednou z nej\u010dast\u011bj\u0161\u00edch forem l\u00e9\u010dby pro osoby s PAS. Existuje n\u011bkolik typ\u016f terapi\u00ed, kter\u00e9 mohou b\u00fdt u\u017eite\u010dn\u00e9:<\/p>\n<p>&#8211; ABA terapie (Applied Behavior Analysis) se zam\u011b\u0159uje na u\u010den\u00ed se nov\u00fdch dovednost\u00ed a zm\u011bnu ne\u017e\u00e1douc\u00edho chov\u00e1n\u00ed pomoc\u00ed pozitivn\u00edho posilov\u00e1n\u00ed. Tato terapie je zalo\u017eena na v\u011bdeck\u00fdch principech a m\u016f\u017ee b\u00fdt velmi \u00fa\u010dinn\u00e1 pro d\u011bti s PAS.<\/p>\n<p>&#8211; Terapie hrou je zalo\u017eena na principu, \u017ee d\u011bti se u\u010d\u00ed nejl\u00e9pe p\u0159i h\u0159e. Terapeut vyu\u017e\u00edv\u00e1 hry k u\u010den\u00ed se soci\u00e1ln\u00edch dovednost\u00ed, komunikace a \u0159e\u0161en\u00ed probl\u00e9m\u016f.<\/p>\n<p>&#8211; Terapie \u0159e\u010di a komunikace se zam\u011b\u0159uje na rozvoj komunika\u010dn\u00edch dovednost\u00ed, jako je mluven\u00ed, poslech, porozum\u011bn\u00ed a vyjad\u0159ov\u00e1n\u00ed emoc\u00ed.<\/p>\n<p>&#8211; Terapie senzorick\u00e9 integrace pom\u00e1h\u00e1 d\u011btem s PAS zvl\u00e1dat senzorick\u00e9 podn\u011bty, jako jsou zvuky, sv\u011btlo a dotek. Terapeut pom\u00e1h\u00e1 d\u00edt\u011bti nau\u010dit se, jak se s t\u011bmito podn\u011bty vyrovnat a sni\u017eovat \u00fazkost a stres.<\/p>\n<p>2. Vzd\u011bl\u00e1v\u00e1n\u00ed<\/p>\n<p>Vzd\u011bl\u00e1v\u00e1n\u00ed je kl\u00ed\u010dov\u00fdm prvkem pro osoby s PAS. Existuje mnoho r\u016fzn\u00fdch typ\u016f vzd\u011bl\u00e1v\u00e1n\u00ed, kter\u00e9 mohou b\u00fdt p\u0159izp\u016fsobeny individu\u00e1ln\u00edm pot\u0159eb\u00e1m d\u00edt\u011bte:<\/p>\n<p>&#8211; Speci\u00e1ln\u00ed vzd\u011bl\u00e1v\u00e1n\u00ed se zam\u011b\u0159uje na vzd\u011bl\u00e1v\u00e1n\u00ed d\u011bt\u00ed s PAS v prost\u0159ed\u00ed, kter\u00e9 je p\u0159izp\u016fsobeno jejich pot\u0159eb\u00e1m. To m\u016f\u017ee zahrnovat men\u0161\u00ed t\u0159\u00eddy, speci\u00e1ln\u00ed u\u010debn\u00ed pl\u00e1ny a podporu asistent\u016f.<\/p>\n<p>&#8211; Integrace do b\u011b\u017en\u00e9ho vzd\u011bl\u00e1v\u00e1n\u00ed je proces, p\u0159i kter\u00e9m jsou d\u011bti s PAS za\u010dlen\u011bny do b\u011b\u017en\u00e9ho \u0161koln\u00edho prost\u0159ed\u00ed. To m\u016f\u017ee b\u00fdt u\u017eite\u010dn\u00e9 pro d\u011bti s m\u00edrn\u011bj\u0161\u00edmi formami PAS, kter\u00e9 mohou profitovat z interakce s vrstevn\u00edky bez PAS.<\/p>\n<p>&#8211; Individu\u00e1ln\u00ed vzd\u011bl\u00e1vac\u00ed pl\u00e1n (IEP) je dokument, kter\u00fd stanovuje c\u00edle a pl\u00e1n pro vzd\u011bl\u00e1v\u00e1n\u00ed d\u00edt\u011bte s PAS. Tento pl\u00e1n je vytvo\u0159en spole\u010dn\u011b s rodi\u010di, u\u010diteli a dal\u0161\u00edmi odborn\u00edky a je pravideln\u011b aktualizov\u00e1n.<\/p>\n<p>3. Podpora rodiny<\/p>\n<p>Rodina hraje kl\u00ed\u010dovou roli v \u017eivot\u011b osoby s PAS. Je d\u016fle\u017eit\u00e9, aby rodina byla informovan\u00e1 o poru\u0161e a m\u011bla p\u0159\u00edstup k podpo\u0159e a zdroj\u016fm, kter\u00e9 mohou pomoci zvl\u00e1dat v\u00fdzvy spojen\u00e9 s PAS:<\/p>\n<p>&#8211; Rodinn\u00e1 terapie m\u016f\u017ee pomoci rodin\u011b zlep\u0161it komunikaci a porozum\u011bn\u00ed pot\u0159eb\u00e1m d\u00edt\u011bte s PAS. Terapeut m\u016f\u017ee tak\u00e9 pomoci rodin\u011b vyvinout strategie pro zvl\u00e1d\u00e1n\u00ed stresu a konflikt\u016f.<\/p>\n<p>&#8211; Podp\u016frn\u00e9 skupiny pro rodi\u010de jsou skupiny lid\u00ed, kte\u0159\u00ed maj\u00ed d\u011bti s PAS a sd\u00edlej\u00ed sv\u00e9 zku\u0161enosti a informace. Tyto skupiny mohou b\u00fdt velmi u\u017eite\u010dn\u00e9 pro rodi\u010de, kte\u0159\u00ed se cht\u011bj\u00ed spojit s ostatn\u00edmi, kte\u0159\u00ed proch\u00e1zej\u00ed podobn\u00fdmi situacemi.<\/p>\n<p>4. Farmakoterapie<\/p>\n<p>N\u011bkter\u00e9 p\u0159\u00edznaky PAS, jako jsou \u00fazkost, hyperaktivita a agresivita, mohou b\u00fdt l\u00e9\u010deny pomoc\u00ed l\u00e9k\u016f. Je d\u016fle\u017eit\u00e9 si uv\u011bdomit, \u017ee l\u00e9ky nejsou l\u00e9\u010dbou samotnou, ale mohou pomoci zvl\u00e1dat n\u011bkter\u00e9 p\u0159\u00edznaky a usnadnit dal\u0161\u00ed formy l\u00e9\u010dby.<\/p>\n<p>5. Dal\u0161\u00ed formy podpory<\/p>\n<p>Existuje mnoho dal\u0161\u00edch forem podpory, kter\u00e9 mohou b\u00fdt u\u017eite\u010dn\u00e9 pro osoby s PAS:<\/p>\n<p>&#8211; Soci\u00e1ln\u00ed slu\u017eby mohou poskytnout podporu v oblasti zam\u011bstn\u00e1n\u00ed, bydlen\u00ed a dal\u0161\u00edch praktick\u00fdch z\u00e1le\u017eitost\u00ed.<\/p>\n<p>&#8211; Asisten\u010dn\u00ed psi mohou b\u00fdt pro n\u011bkter\u00e9 osoby s PAS velkou pomoc\u00ed. Tito psi jsou speci\u00e1ln\u011b vycvi\u010deni k pomoci s \u00fazkost\u00ed, komunikac\u00ed a dal\u0161\u00edmi pot\u0159ebami.<\/p>\n<p>&#8211; Technologick\u00e9 n\u00e1stroje, jako jsou aplikace pro komunikaci a organizaci, mohou b\u00fdt u\u017eite\u010dn\u00e9 pro osoby s PAS, kter\u00e9 maj\u00ed probl\u00e9my s komunikac\u00ed a pl\u00e1nov\u00e1n\u00edm.<\/p>\n<p>Je d\u016fle\u017eit\u00e9 si uv\u011bdomit, \u017ee ka\u017ed\u00e1 osoba s PAS je jedine\u010dn\u00e1 a m\u016f\u017ee vy\u017eadovat r\u016fzn\u00e9 formy l\u00e9\u010dby a podpory. Je d\u016fle\u017eit\u00e9 naj\u00edt kombinaci, kter\u00e1 bude nej\u00fa\u010dinn\u011bj\u0161\u00ed pro ka\u017ed\u00e9ho jednotlivce. S vhodnou l\u00e9\u010dbou a podporou mohou osoby s PAS dos\u00e1hnout sv\u00e9ho pln\u00e9ho potenci\u00e1lu a v\u00e9st plnohodnotn\u00fd \u017eivot.<\/p>\n<\/div>\n<div class=\"topic\">\n<h2>Jak m\u016f\u017ee rodina a okol\u00ed pomoci osob\u00e1m s poruchou autistick\u00e9ho spektra?<\/h2>\n<p>Porucha autistick\u00e9ho spektra (PAS) je neurov\u00fdvojov\u00e1 porucha, kter\u00e1 ovliv\u0148uje soci\u00e1ln\u00ed interakce, komunikaci a chov\u00e1n\u00ed jedince. Osoby s PAS maj\u00ed \u010dasto probl\u00e9my s porozum\u011bn\u00edm emoc\u00ed, soci\u00e1ln\u00edmi n\u00e1vyky a mohou m\u00edt omezen\u00e9 z\u00e1jmy a opakov\u00e1n\u00ed ur\u010dit\u00fdch \u010dinnost\u00ed. Vzhledem k tomu, \u017ee PAS je celo\u017eivotn\u00ed porucha, je d\u016fle\u017eit\u00e9, aby rodina a okol\u00ed poskytovali podporu a pomoc osob\u00e1m s t\u00edmto onemocn\u011bn\u00edm.<\/p>\n<p>Prvn\u00edm krokem, jak m\u016f\u017ee rodina a okol\u00ed pomoci osob\u00e1m s PAS, je z\u00edsk\u00e1n\u00ed informac\u00ed o t\u00e9to poru\u0161e. Je d\u016fle\u017eit\u00e9 porozum\u011bt tomu, jak PAS ovliv\u0148uje jedince a jak\u00e9 jsou jeho specifick\u00e9 pot\u0159eby. Rodina a okol\u00ed by m\u011bli b\u00fdt informov\u00e1ni o tom, jak\u00fdm zp\u016fsobem mohou pomoci a jak\u00fdm zp\u016fsobem mohou jedinci s PAS l\u00e9pe fungovat ve sv\u00e9m ka\u017edodenn\u00edm \u017eivot\u011b.<\/p>\n<p>Dal\u0161\u00edm d\u016fle\u017eit\u00fdm krokem je vytvo\u0159en\u00ed podp\u016frn\u00e9ho prost\u0159ed\u00ed pro osobu s PAS. To znamen\u00e1, \u017ee rodina a okol\u00ed by m\u011bli vytvo\u0159it strukturovan\u00fd a p\u0159edv\u00eddateln\u00fd \u017eivotn\u00ed prostor, kter\u00fd pom\u016f\u017ee jedinci s PAS l\u00e9pe se orientovat a sn\u00ed\u017e\u00ed stres a \u00fazkost. To m\u016f\u017ee zahrnovat nap\u0159\u00edklad pravideln\u00fd harmonogram, jasn\u011b stanoven\u00e1 pravidla a rutiny.<\/p>\n<p>Komunikace je tak\u00e9 kl\u00ed\u010dov\u00fdm prvkem pro pomoc osob\u00e1m s PAS. Rodina a okol\u00ed by m\u011bli b\u00fdt trp\u011bliv\u00ed a porozum\u011bt tomu, \u017ee jedinci s PAS mohou m\u00edt probl\u00e9my s verb\u00e1ln\u00ed komunikac\u00ed. Je d\u016fle\u017eit\u00e9 pou\u017e\u00edvat jednoduch\u00e9 a p\u0159\u00edm\u00e9 v\u011bty a d\u00e1vat jedinc\u016fm s PAS \u010das na odpov\u011b\u010f. Tak\u00e9 je d\u016fle\u017eit\u00e9 poskytovat pozitivn\u00ed zp\u011btnou vazbu a vyjad\u0159ovat sv\u00e9 emoce jasn\u011b a srozumiteln\u011b.<\/p>\n<p>Podpora soci\u00e1ln\u00edch interakc\u00ed je dal\u0161\u00edm d\u016fle\u017eit\u00fdm aspektem pro pomoc osob\u00e1m s PAS. Rodina a okol\u00ed by m\u011bli podporovat jedince s PAS v navazov\u00e1n\u00ed vztah\u016f a p\u0159\u00e1telstv\u00ed. To m\u016f\u017ee zahrnovat nap\u0159\u00edklad \u00fa\u010dast na skupinov\u00fdch aktivit\u00e1ch, jako jsou sportovn\u00ed t\u00fdmy nebo z\u00e1jmov\u00e9 krou\u017eky. Je tak\u00e9 d\u016fle\u017eit\u00e9 vytvo\u0159it prost\u0159ed\u00ed, ve kter\u00e9m se jedinci s PAS c\u00edt\u00ed bezpe\u010dn\u011b a p\u0159ijat\u00ed.<\/p>\n<p>V neposledn\u00ed \u0159ad\u011b, rodina a okol\u00ed by m\u011bli b\u00fdt informov\u00e1ni o dostupn\u00fdch terapi\u00edch a l\u00e9\u010db\u011b pro osoby s PAS. To m\u016f\u017ee zahrnovat nap\u0159\u00edklad behavior\u00e1ln\u00ed terapii, kter\u00e1 pom\u00e1h\u00e1 jedinc\u016fm s PAS zvl\u00e1dat sv\u00e9 chov\u00e1n\u00ed a soci\u00e1ln\u00ed interakce. Je tak\u00e9 d\u016fle\u017eit\u00e9, aby rodina a okol\u00ed podporovali jedince s PAS v jejich l\u00e9\u010db\u011b a byli sou\u010d\u00e1st\u00ed jejich terapeutick\u00e9ho procesu.<\/p>\n<p>V z\u00e1v\u011bru lze \u0159\u00edci, \u017ee rodina a okol\u00ed hraj\u00ed kl\u00ed\u010dovou roli v pomoci osob\u00e1m s poruchou autistick\u00e9ho spektra. Je d\u016fle\u017eit\u00e9, aby byli informov\u00e1ni o t\u00e9to poru\u0161e a poskytovali podporu a porozum\u011bn\u00ed jedinc\u016fm s PAS. Vytvo\u0159en\u00ed podp\u016frn\u00e9ho prost\u0159ed\u00ed, komunikace a podpora soci\u00e1ln\u00edch interakc\u00ed jsou kl\u00ed\u010dov\u00e9 prvky pro pomoci jedinc\u016fm s PAS v jejich ka\u017edodenn\u00edm \u017eivot\u011b.<\/p>\n<\/div>\n<div class=\"topic\">\n<h2>Jak\u00e9 jsou nejnov\u011bj\u0161\u00ed poznatky a v\u00fdzkumy v oblasti poruchy autistick\u00e9ho spektra?<\/h2>\n<p>Porucha autistick\u00e9ho spektra (PAS) je neurov\u00fdvojov\u00e1 porucha, kter\u00e1 ovliv\u0148uje soci\u00e1ln\u00ed interakce, komunikaci a chov\u00e1n\u00ed jedince. Tato porucha se projevuje ji\u017e v d\u011btstv\u00ed a m\u016f\u017ee m\u00edt r\u016fzn\u00e9 formy a z\u00e1va\u017enosti. V posledn\u00edch letech se v\u00fdzkum v oblasti PAS v\u00fdrazn\u011b roz\u0161\u00ed\u0159il a p\u0159inesl nov\u00e9 poznatky, kter\u00e9 pom\u00e1haj\u00ed l\u00e9pe porozum\u011bt t\u00e9to poru\u0161e a zlep\u0161it mo\u017enosti l\u00e9\u010dby a podpory pro jedince s PAS.<\/p>\n<p>Jedn\u00edm z nejnov\u011bj\u0161\u00edch poznatk\u016f v oblasti PAS je objev genetick\u00fdch p\u0159\u00ed\u010din t\u00e9to poruchy. V\u011bdci zjistili, \u017ee u n\u011bkter\u00fdch jedinc\u016f s PAS m\u016f\u017ee b\u00fdt p\u0159\u00edtomna mutace v ur\u010dit\u00fdch genech, kter\u00e9 ovliv\u0148uj\u00ed v\u00fdvoj mozku a jeho funkce. Tento objev pom\u00e1h\u00e1 l\u00e9ka\u0159\u016fm a v\u00fdzkumn\u00edk\u016fm l\u00e9pe porozum\u011bt biologick\u00fdm mechanism\u016fm, kter\u00e9 stoj\u00ed za vznikem PAS.<\/p>\n<p>Dal\u0161\u00edm v\u00fdznamn\u00fdm poznatkem je objev vlivu prost\u0159ed\u00ed na v\u00fdvoj PAS. Studie uk\u00e1zaly, \u017ee n\u011bkter\u00e9 faktory prost\u0159ed\u00ed, jako je nap\u0159\u00edklad zne\u010di\u0161t\u011bn\u00ed ovzdu\u0161\u00ed nebo nedostatek vitam\u00edn\u016f v t\u011bhotenstv\u00ed, mohou m\u00edt vliv na vznik PAS. Tento poznatek je d\u016fle\u017eit\u00fd pro prevenci a l\u00e9\u010dbu PAS, proto\u017ee ukazuje, \u017ee zm\u011bny v prost\u0159ed\u00ed mohou m\u00edt pozitivn\u00ed vliv na sn\u00ed\u017een\u00ed rizika vzniku t\u00e9to poruchy.<\/p>\n<p>V\u00fdzkum v oblasti PAS se tak\u00e9 zam\u011b\u0159uje na mo\u017en\u00e9 p\u0159\u00ed\u010diny a souvislosti s dal\u0161\u00edmi neurov\u00fdvojov\u00fdmi poruchami, jako je nap\u0159\u00edklad ADHD nebo porucha u\u010den\u00ed. Studie uk\u00e1zaly, \u017ee u n\u011bkter\u00fdch jedinc\u016f m\u016f\u017ee b\u00fdt p\u0159\u00edtomna kombinace v\u00edce poruch, co\u017e m\u00e1 vliv na z\u00e1va\u017enost a projevy PAS. Tento poznatek je d\u016fle\u017eit\u00fd pro l\u00e9\u010dbu a podporu jedinc\u016f s PAS, proto\u017ee ukazuje, \u017ee je d\u016fle\u017eit\u00e9 zam\u011b\u0159it se na celkov\u00fd obraz jejich zdravotn\u00edho stavu.<\/p>\n<p>V posledn\u00edch letech se tak\u00e9 v\u00fdrazn\u011b roz\u0161\u00ed\u0159il v\u00fdzkum v oblasti l\u00e9\u010dby a podpory pro jedince s PAS. Byly vyvinuty nov\u00e9 terapeutick\u00e9 p\u0159\u00edstupy, jako nap\u0159\u00edklad aplikace virtu\u00e1ln\u00ed reality nebo hudebn\u00ed terapie, kter\u00e9 pom\u00e1haj\u00ed zlep\u0161it soci\u00e1ln\u00ed interakce a komunikaci u jedinc\u016f s PAS. V\u00fdzkum tak\u00e9 uk\u00e1zal, \u017ee v\u010dasn\u00e1 intervence a podpora m\u016f\u017ee m\u00edt pozitivn\u00ed vliv na v\u00fdvoj jedinc\u016f s PAS a pomoci jim l\u00e9pe se p\u0159izp\u016fsobit b\u011b\u017en\u00e9mu \u017eivotu.<\/p>\n<p>V neposledn\u00ed \u0159ad\u011b je d\u016fle\u017eit\u00e9 zm\u00ednit tak\u00e9 v\u00fdzkum v oblasti soci\u00e1ln\u00edho vn\u00edm\u00e1n\u00ed u jedinc\u016f s PAS. Studie uk\u00e1zaly, \u017ee jedinci s PAS maj\u00ed odli\u0161n\u00e9 vn\u00edm\u00e1n\u00ed soci\u00e1ln\u00edch situac\u00ed a emoc\u00ed, co\u017e m\u016f\u017ee b\u00fdt p\u0159\u00ed\u010dinou jejich probl\u00e9m\u016f s komunikac\u00ed a soci\u00e1ln\u00ed interakc\u00ed. V\u00fdzkum v t\u00e9to oblasti pom\u00e1h\u00e1 l\u00e9ka\u0159\u016fm a terapeut\u016fm l\u00e9pe porozum\u011bt jedinc\u016fm s PAS a p\u0159izp\u016fsobit terapii jejich pot\u0159eb\u00e1m.<\/p>\n<p>V z\u00e1v\u011bru lze \u0159\u00edci, \u017ee v\u00fdzkum v oblasti poruchy autistick\u00e9ho spektra se v posledn\u00edch letech v\u00fdrazn\u011b roz\u0161\u00ed\u0159il a p\u0159inesl mnoho nov\u00fdch poznatk\u016f. Tyto poznatky pom\u00e1haj\u00ed l\u00e9ka\u0159\u016fm, v\u00fdzkumn\u00edk\u016fm a terapeut\u016fm l\u00e9pe porozum\u011bt t\u00e9to poru\u0161e a zlep\u0161it mo\u017enosti l\u00e9\u010dby a podpory pro jedince s PAS. D\u00edky tomu se m\u016f\u017eeme nad\u00e1le sna\u017eit o lep\u0161\u00ed porozum\u011bn\u00ed a integraci jedinc\u016f s PAS do spole\u010dnosti.<\/p>\n<\/div>\n<\/div>\n","protected":false},"excerpt":{"rendered":"<p>Co je porucha autistick\u00e9ho spektra a jak\u00e9 jsou jej\u00ed p\u0159\u00edznaky? Porucha autistick\u00e9ho spektra (PAS) je neurov\u00fdvojov\u00e1 porucha, kter\u00e1 ovliv\u0148uje soci\u00e1ln\u00ed interakce, komunikaci a chov\u00e1n\u00ed jedince&#8230;.<\/p>\n","protected":false},"author":1,"featured_media":2825,"comment_status":"closed","ping_status":"open","sticky":false,"template":"","format":"standard","meta":{"inline_featured_image":false},"categories":[849],"tags":[],"yoast_head":"<!-- This site is optimized with the Yoast SEO plugin v18.1 - https:\/\/yoast.com\/wordpress\/plugins\/seo\/ -->\n<title>Porucha autistick\u00e9ho spektra - Test Mysli<\/title>\n<meta name=\"robots\" content=\"index, follow, max-snippet:-1, max-image-preview:large, max-video-preview:-1\" \/>\n<link rel=\"canonical\" href=\"https:\/\/www.diagnostika-mysli.cz\/blog\/autismus\/porucha-autistickeho-spektra\/\" \/>\n<meta property=\"og:locale\" content=\"cs_CZ\" \/>\n<meta property=\"og:type\" content=\"article\" \/>\n<meta property=\"og:title\" content=\"Porucha autistick\u00e9ho spektra - Test Mysli\" \/>\n<meta property=\"og:description\" content=\"Co je porucha autistick\u00e9ho spektra a jak\u00e9 jsou jej\u00ed p\u0159\u00edznaky? Porucha autistick\u00e9ho spektra (PAS) je neurov\u00fdvojov\u00e1 porucha, kter\u00e1 ovliv\u0148uje soci\u00e1ln\u00ed interakce, komunikaci a chov\u00e1n\u00ed jedince....\" \/>\n<meta property=\"og:url\" content=\"https:\/\/www.diagnostika-mysli.cz\/blog\/autismus\/porucha-autistickeho-spektra\/\" \/>\n<meta property=\"og:site_name\" content=\"Test Mysli\" \/>\n<meta property=\"article:published_time\" content=\"2025-01-25T12:35:29+00:00\" \/>\n<meta property=\"article:modified_time\" content=\"2025-01-25T13:02:17+00:00\" \/>\n<meta name=\"twitter:card\" content=\"summary_large_image\" \/>\n<meta name=\"twitter:image\" content=\"https:\/\/www.diagnostika-mysli.cz\/blog\/wp-content\/uploads\/2025\/01\/img_autism_16.webp\" \/>\n<meta name=\"twitter:label1\" content=\"Napsal(a)\" \/>\n\t<meta name=\"twitter:data1\" content=\"Test Mysli\" \/>\n\t<meta name=\"twitter:label2\" content=\"Odhadovan\u00e1 doba \u010dten\u00ed\" \/>\n\t<meta name=\"twitter:data2\" content=\"13 minut\" \/>\n<script type=\"application\/ld+json\" class=\"yoast-schema-graph\">{\"@context\":\"https:\/\/schema.org\",\"@graph\":[{\"@type\":\"WebSite\",\"@id\":\"https:\/\/www.diagnostika-mysli.cz\/blog\/#website\",\"url\":\"https:\/\/www.diagnostika-mysli.cz\/blog\/\",\"name\":\"Test Mysli\",\"description\":\"Blog o poruch\u00e1ch mysli\",\"potentialAction\":[{\"@type\":\"SearchAction\",\"target\":{\"@type\":\"EntryPoint\",\"urlTemplate\":\"https:\/\/www.diagnostika-mysli.cz\/blog\/?s={search_term_string}\"},\"query-input\":\"required name=search_term_string\"}],\"inLanguage\":\"cs\"},{\"@type\":\"ImageObject\",\"@id\":\"https:\/\/www.diagnostika-mysli.cz\/blog\/autismus\/porucha-autistickeho-spektra\/#primaryimage\",\"inLanguage\":\"cs\",\"url\":\"https:\/\/www.diagnostika-mysli.cz\/blog\/wp-content\/uploads\/2025\/01\/img_autism_16.webp\",\"contentUrl\":\"https:\/\/www.diagnostika-mysli.cz\/blog\/wp-content\/uploads\/2025\/01\/img_autism_16.webp\",\"width\":1024,\"height\":1024},{\"@type\":\"WebPage\",\"@id\":\"https:\/\/www.diagnostika-mysli.cz\/blog\/autismus\/porucha-autistickeho-spektra\/#webpage\",\"url\":\"https:\/\/www.diagnostika-mysli.cz\/blog\/autismus\/porucha-autistickeho-spektra\/\",\"name\":\"Porucha autistick\u00e9ho spektra - Test Mysli\",\"isPartOf\":{\"@id\":\"https:\/\/www.diagnostika-mysli.cz\/blog\/#website\"},\"primaryImageOfPage\":{\"@id\":\"https:\/\/www.diagnostika-mysli.cz\/blog\/autismus\/porucha-autistickeho-spektra\/#primaryimage\"},\"datePublished\":\"2025-01-25T12:35:29+00:00\",\"dateModified\":\"2025-01-25T13:02:17+00:00\",\"author\":{\"@id\":\"https:\/\/www.diagnostika-mysli.cz\/blog\/#\/schema\/person\/8eb1bcaf59fea75c780c11946f4e3490\"},\"breadcrumb\":{\"@id\":\"https:\/\/www.diagnostika-mysli.cz\/blog\/autismus\/porucha-autistickeho-spektra\/#breadcrumb\"},\"inLanguage\":\"cs\",\"potentialAction\":[{\"@type\":\"ReadAction\",\"target\":[\"https:\/\/www.diagnostika-mysli.cz\/blog\/autismus\/porucha-autistickeho-spektra\/\"]}]},{\"@type\":\"BreadcrumbList\",\"@id\":\"https:\/\/www.diagnostika-mysli.cz\/blog\/autismus\/porucha-autistickeho-spektra\/#breadcrumb\",\"itemListElement\":[{\"@type\":\"ListItem\",\"position\":1,\"name\":\"Blog\",\"item\":\"https:\/\/www.diagnostika-mysli.cz\/blog\/\"},{\"@type\":\"ListItem\",\"position\":2,\"name\":\"Autismus\",\"item\":\"https:\/\/www.diagnostika-mysli.cz\/blog\/autismus\/\"},{\"@type\":\"ListItem\",\"position\":3,\"name\":\"Porucha autistick\u00e9ho spektra\"}]},{\"@type\":\"Person\",\"@id\":\"https:\/\/www.diagnostika-mysli.cz\/blog\/#\/schema\/person\/8eb1bcaf59fea75c780c11946f4e3490\",\"name\":\"Test Mysli\",\"image\":{\"@type\":\"ImageObject\",\"@id\":\"https:\/\/www.diagnostika-mysli.cz\/blog\/#personlogo\",\"inLanguage\":\"cs\",\"url\":\"https:\/\/secure.gravatar.com\/avatar\/6743211f010801ea26aa9423a2daab37?s=96&d=mm&r=g\",\"contentUrl\":\"https:\/\/secure.gravatar.com\/avatar\/6743211f010801ea26aa9423a2daab37?s=96&d=mm&r=g\",\"caption\":\"Test Mysli\"},\"sameAs\":[\"https:\/\/www.diagnostika-mysli.cz\/blog\"],\"url\":\"https:\/\/www.diagnostika-mysli.cz\/blog\/author\/diagnostyka-umyslu\/\"}]}<\/script>\n<!-- \/ Yoast SEO plugin. -->","yoast_head_json":{"title":"Porucha autistick\u00e9ho spektra - Test Mysli","robots":{"index":"index","follow":"follow","max-snippet":"max-snippet:-1","max-image-preview":"max-image-preview:large","max-video-preview":"max-video-preview:-1"},"canonical":"https:\/\/www.diagnostika-mysli.cz\/blog\/autismus\/porucha-autistickeho-spektra\/","og_locale":"cs_CZ","og_type":"article","og_title":"Porucha autistick\u00e9ho spektra - Test Mysli","og_description":"Co je porucha autistick\u00e9ho spektra a jak\u00e9 jsou jej\u00ed p\u0159\u00edznaky? Porucha autistick\u00e9ho spektra (PAS) je neurov\u00fdvojov\u00e1 porucha, kter\u00e1 ovliv\u0148uje soci\u00e1ln\u00ed interakce, komunikaci a chov\u00e1n\u00ed jedince....","og_url":"https:\/\/www.diagnostika-mysli.cz\/blog\/autismus\/porucha-autistickeho-spektra\/","og_site_name":"Test Mysli","article_published_time":"2025-01-25T12:35:29+00:00","article_modified_time":"2025-01-25T13:02:17+00:00","twitter_card":"summary_large_image","twitter_image":"https:\/\/www.diagnostika-mysli.cz\/blog\/wp-content\/uploads\/2025\/01\/img_autism_16.webp","twitter_misc":{"Napsal(a)":"Test Mysli","Odhadovan\u00e1 doba \u010dten\u00ed":"13 minut"},"schema":{"@context":"https:\/\/schema.org","@graph":[{"@type":"WebSite","@id":"https:\/\/www.diagnostika-mysli.cz\/blog\/#website","url":"https:\/\/www.diagnostika-mysli.cz\/blog\/","name":"Test Mysli","description":"Blog o poruch\u00e1ch mysli","potentialAction":[{"@type":"SearchAction","target":{"@type":"EntryPoint","urlTemplate":"https:\/\/www.diagnostika-mysli.cz\/blog\/?s={search_term_string}"},"query-input":"required name=search_term_string"}],"inLanguage":"cs"},{"@type":"ImageObject","@id":"https:\/\/www.diagnostika-mysli.cz\/blog\/autismus\/porucha-autistickeho-spektra\/#primaryimage","inLanguage":"cs","url":"https:\/\/www.diagnostika-mysli.cz\/blog\/wp-content\/uploads\/2025\/01\/img_autism_16.webp","contentUrl":"https:\/\/www.diagnostika-mysli.cz\/blog\/wp-content\/uploads\/2025\/01\/img_autism_16.webp","width":1024,"height":1024},{"@type":"WebPage","@id":"https:\/\/www.diagnostika-mysli.cz\/blog\/autismus\/porucha-autistickeho-spektra\/#webpage","url":"https:\/\/www.diagnostika-mysli.cz\/blog\/autismus\/porucha-autistickeho-spektra\/","name":"Porucha autistick\u00e9ho spektra - Test Mysli","isPartOf":{"@id":"https:\/\/www.diagnostika-mysli.cz\/blog\/#website"},"primaryImageOfPage":{"@id":"https:\/\/www.diagnostika-mysli.cz\/blog\/autismus\/porucha-autistickeho-spektra\/#primaryimage"},"datePublished":"2025-01-25T12:35:29+00:00","dateModified":"2025-01-25T13:02:17+00:00","author":{"@id":"https:\/\/www.diagnostika-mysli.cz\/blog\/#\/schema\/person\/8eb1bcaf59fea75c780c11946f4e3490"},"breadcrumb":{"@id":"https:\/\/www.diagnostika-mysli.cz\/blog\/autismus\/porucha-autistickeho-spektra\/#breadcrumb"},"inLanguage":"cs","potentialAction":[{"@type":"ReadAction","target":["https:\/\/www.diagnostika-mysli.cz\/blog\/autismus\/porucha-autistickeho-spektra\/"]}]},{"@type":"BreadcrumbList","@id":"https:\/\/www.diagnostika-mysli.cz\/blog\/autismus\/porucha-autistickeho-spektra\/#breadcrumb","itemListElement":[{"@type":"ListItem","position":1,"name":"Blog","item":"https:\/\/www.diagnostika-mysli.cz\/blog\/"},{"@type":"ListItem","position":2,"name":"Autismus","item":"https:\/\/www.diagnostika-mysli.cz\/blog\/autismus\/"},{"@type":"ListItem","position":3,"name":"Porucha autistick\u00e9ho spektra"}]},{"@type":"Person","@id":"https:\/\/www.diagnostika-mysli.cz\/blog\/#\/schema\/person\/8eb1bcaf59fea75c780c11946f4e3490","name":"Test Mysli","image":{"@type":"ImageObject","@id":"https:\/\/www.diagnostika-mysli.cz\/blog\/#personlogo","inLanguage":"cs","url":"https:\/\/secure.gravatar.com\/avatar\/6743211f010801ea26aa9423a2daab37?s=96&d=mm&r=g","contentUrl":"https:\/\/secure.gravatar.com\/avatar\/6743211f010801ea26aa9423a2daab37?s=96&d=mm&r=g","caption":"Test Mysli"},"sameAs":["https:\/\/www.diagnostika-mysli.cz\/blog"],"url":"https:\/\/www.diagnostika-mysli.cz\/blog\/author\/diagnostyka-umyslu\/"}]}},"amp_enabled":true,"_links":{"self":[{"href":"https:\/\/www.diagnostika-mysli.cz\/blog\/wp-json\/wp\/v2\/posts\/2841"}],"collection":[{"href":"https:\/\/www.diagnostika-mysli.cz\/blog\/wp-json\/wp\/v2\/posts"}],"about":[{"href":"https:\/\/www.diagnostika-mysli.cz\/blog\/wp-json\/wp\/v2\/types\/post"}],"author":[{"embeddable":true,"href":"https:\/\/www.diagnostika-mysli.cz\/blog\/wp-json\/wp\/v2\/users\/1"}],"replies":[{"embeddable":true,"href":"https:\/\/www.diagnostika-mysli.cz\/blog\/wp-json\/wp\/v2\/comments?post=2841"}],"version-history":[{"count":1,"href":"https:\/\/www.diagnostika-mysli.cz\/blog\/wp-json\/wp\/v2\/posts\/2841\/revisions"}],"predecessor-version":[{"id":2850,"href":"https:\/\/www.diagnostika-mysli.cz\/blog\/wp-json\/wp\/v2\/posts\/2841\/revisions\/2850"}],"wp:featuredmedia":[{"embeddable":true,"href":"https:\/\/www.diagnostika-mysli.cz\/blog\/wp-json\/wp\/v2\/media\/2825"}],"wp:attachment":[{"href":"https:\/\/www.diagnostika-mysli.cz\/blog\/wp-json\/wp\/v2\/media?parent=2841"}],"wp:term":[{"taxonomy":"category","embeddable":true,"href":"https:\/\/www.diagnostika-mysli.cz\/blog\/wp-json\/wp\/v2\/categories?post=2841"},{"taxonomy":"post_tag","embeddable":true,"href":"https:\/\/www.diagnostika-mysli.cz\/blog\/wp-json\/wp\/v2\/tags?post=2841"}],"curies":[{"name":"wp","href":"https:\/\/api.w.org\/{rel}","templated":true}]}}