{"id":2843,"date":"2025-01-25T13:43:36","date_gmt":"2025-01-25T12:43:36","guid":{"rendered":"https:\/\/www.diagnostika-mysli.cz\/blog\/autismus\/autismus-projevy-2\/"},"modified":"2025-01-25T14:02:42","modified_gmt":"2025-01-25T13:02:42","slug":"autismus-projevy-2","status":"publish","type":"post","link":"https:\/\/www.diagnostika-mysli.cz\/blog\/autismus\/autismus-projevy-2\/","title":{"rendered":"Autismus projevy"},"content":{"rendered":"<div class=\"topics\">\n<div class=\"topic\">\n<h2>Co jsou nej\u010dast\u011bj\u0161\u00ed projevy autismu u d\u011bt\u00ed?<\/h2>\n<p>Autismus je neurov\u00fdvojov\u00e1 porucha, kter\u00e1 se projevuje ji\u017e v d\u011btstv\u00ed. Jedn\u00e1 se o poruchu, kter\u00e1 ovliv\u0148uje soci\u00e1ln\u00ed interakce, komunikaci a chov\u00e1n\u00ed d\u00edt\u011bte. Ka\u017ed\u00e9 d\u00edt\u011b s autismem m\u016f\u017ee m\u00edt odli\u0161n\u00e9 projevy a z\u00e1va\u017enost poruchy se m\u016f\u017ee li\u0161it. Nicm\u00e9n\u011b existuj\u00ed n\u011bkter\u00e9 nej\u010dast\u011bj\u0161\u00ed projevy autismu, kter\u00e9 jsou d\u016fle\u017eit\u00e9 zn\u00e1t.<\/p>\n<p>Jedn\u00edm z nej\u010dast\u011bj\u0161\u00edch projev\u016f autismu u d\u011bt\u00ed je probl\u00e9m s komunikac\u00ed. D\u011bti s touto poruchou maj\u00ed \u010dasto probl\u00e9my s verb\u00e1ln\u00ed komunikac\u00ed, co\u017e znamen\u00e1, \u017ee maj\u00ed pot\u00ed\u017ee s mluven\u00edm a porozum\u011bn\u00edm \u0159e\u010di. Mnoho d\u011bt\u00ed s autismem tak\u00e9 nem\u00e1 z\u00e1jem o o\u010dn\u00ed kontakt a m\u016f\u017ee se vyh\u00fdbat pohledu na druh\u00e9 osoby. Mohou tak\u00e9 m\u00edt probl\u00e9my s porozum\u011bn\u00edm neverb\u00e1ln\u00ed komunikace, jako jsou gesta, mimika a t\u00f3n hlasu.<\/p>\n<p>Dal\u0161\u00edm \u010dast\u00fdm projevem autismu je omezen\u00fd z\u00e1jem o soci\u00e1ln\u00ed interakce. D\u011bti s touto poruchou se mohou vyh\u00fdbat kontaktu s ostatn\u00edmi d\u011btmi a mohou b\u00fdt velmi samot\u00e1\u0159sk\u00e9. Mohou m\u00edt probl\u00e9my s navazov\u00e1n\u00edm p\u0159\u00e1telstv\u00ed a s porozum\u011bn\u00edm soci\u00e1ln\u00edm n\u00e1vyk\u016fm, jako je nap\u0159\u00edklad sd\u00edlen\u00ed hra\u010dek nebo hran\u00ed rol\u00ed.<\/p>\n<p>Autismus tak\u00e9 m\u016f\u017ee ovlivnit chov\u00e1n\u00ed d\u00edt\u011bte. D\u011bti s touto poruchou mohou m\u00edt opakuj\u00edc\u00ed se chov\u00e1n\u00ed, jako je nap\u0159\u00edklad opakov\u00e1n\u00ed slov nebo pohyb\u016f. Mohou tak\u00e9 b\u00fdt velmi citliv\u00e9 na zm\u011bny v rutin\u011b a mohou m\u00edt probl\u00e9my s p\u0159izp\u016fsoben\u00edm se nov\u00fdm situac\u00edm. N\u011bkter\u00e9 d\u011bti s autismem mohou tak\u00e9 m\u00edt probl\u00e9my s impulzivn\u00edm chov\u00e1n\u00edm a mohou b\u00fdt n\u00e1chyln\u00e9 k v\u00fdbuch\u016fm vzteku.<\/p>\n<p>Dal\u0161\u00edm v\u00fdznamn\u00fdm projevem autismu u d\u011bt\u00ed je omezen\u00fd z\u00e1jem o ur\u010dit\u00e9 aktivity nebo p\u0159edm\u011bty. D\u011bti s touto poruchou mohou b\u00fdt velmi fixovan\u00e9 na ur\u010dit\u00e9 v\u011bci a mohou m\u00edt omezen\u00fd z\u00e1jem o jin\u00e9 aktivity. Mohou tak\u00e9 m\u00edt neobvykl\u00e9 z\u00e1jmy, jako nap\u0159\u00edklad z\u00e1jem o \u010d\u00edsla nebo jin\u00e9 specifick\u00e9 p\u0159edm\u011bty.<\/p>\n<p>V neposledn\u00ed \u0159ad\u011b, d\u011bti s autismem mohou m\u00edt tak\u00e9 probl\u00e9my s citlivost\u00ed na zvuky, sv\u011btlo, v\u016fn\u011b a dotek. M\u016f\u017ee se jednat o nadm\u011brnou citlivost nebo naopak o nedostate\u010dnou citlivost. To m\u016f\u017ee v\u00e9st k probl\u00e9m\u016fm s p\u0159izp\u016fsoben\u00edm se v b\u011b\u017en\u00e9m prost\u0159ed\u00ed a m\u016f\u017ee ovlivnit jejich chov\u00e1n\u00ed.<\/p>\n<p>Je d\u016fle\u017eit\u00e9 si uv\u011bdomit, \u017ee ka\u017ed\u00e9 d\u00edt\u011b s autismem je jedine\u010dn\u00e9 a m\u016f\u017ee m\u00edt odli\u0161n\u00e9 projevy poruchy. N\u011bkter\u00e9 d\u011bti mohou m\u00edt pouze m\u00edrn\u00e9 projevy, zat\u00edmco jin\u00e9 mohou m\u00edt z\u00e1va\u017en\u011bj\u0161\u00ed poruchu. Je d\u016fle\u017eit\u00e9, aby rodi\u010de a pedagogov\u00e9 byli informov\u00e1ni o t\u011bchto projevech a aby d\u00edt\u011b dostalo odpov\u00eddaj\u00edc\u00ed podporu a p\u00e9\u010di.<\/p>\n<\/div>\n<div class=\"topic\">\n<h2>Jak\u00e9 jsou mo\u017enosti l\u00e9\u010dby a podpory pro osoby s autismem?<\/h2>\n<p>Autismus je neurov\u00fdvojov\u00e9 onemocn\u011bn\u00ed, kter\u00e9 ovliv\u0148uje soci\u00e1ln\u00ed interakce, komunikaci a chov\u00e1n\u00ed jedince. Ka\u017ed\u00fd \u010dlov\u011bk s autismem je jedine\u010dn\u00fd a m\u00e1 sv\u00e9 vlastn\u00ed pot\u0159eby a schopnosti. Proto je d\u016fle\u017eit\u00e9, aby l\u00e9\u010dba a podpora byly p\u0159izp\u016fsobeny individu\u00e1ln\u011b.<\/p>\n<p>Existuje mnoho r\u016fzn\u00fdch mo\u017enost\u00ed l\u00e9\u010dby a podpory pro osoby s autismem. N\u011bkter\u00e9 z nich jsou zam\u011b\u0159eny na zlep\u0161en\u00ed komunika\u010dn\u00edch schopnost\u00ed a soci\u00e1ln\u00edch interakc\u00ed, zat\u00edmco jin\u00e9 se soust\u0159ed\u00ed na sni\u017eov\u00e1n\u00ed probl\u00e9mov\u00e9ho chov\u00e1n\u00ed a zlep\u0161en\u00ed ka\u017edodenn\u00edch dovednost\u00ed.<\/p>\n<p>Jednou z nej\u010dast\u011bj\u0161\u00edch forem l\u00e9\u010dby je behavior\u00e1ln\u00ed terapie. Tato terapie se zam\u011b\u0159uje na u\u010den\u00ed se nov\u00fdch dovednost\u00ed a zm\u011bnu ne\u017e\u00e1douc\u00edho chov\u00e1n\u00ed pomoc\u00ed pozitivn\u00edho posilov\u00e1n\u00ed. Behavior\u00e1ln\u00ed terapie m\u016f\u017ee b\u00fdt prov\u00e1d\u011bna jednotliv\u011b nebo ve skupin\u011b a m\u016f\u017ee b\u00fdt p\u0159izp\u016fsobena pot\u0159eb\u00e1m ka\u017ed\u00e9ho jedince.<\/p>\n<p>Dal\u0161\u00ed mo\u017enost\u00ed l\u00e9\u010dby je komunika\u010dn\u00ed terapie. Tato terapie se zam\u011b\u0159uje na zlep\u0161en\u00ed komunika\u010dn\u00edch schopnost\u00ed, a\u0165 u\u017e verb\u00e1ln\u00edch nebo neverb\u00e1ln\u00edch. Komunika\u010dn\u00ed terapie m\u016f\u017ee zahrnovat u\u010den\u00ed se znakov\u00e9ho jazyka, pou\u017e\u00edv\u00e1n\u00ed komunika\u010dn\u00edch pom\u016fcek nebo rozvoj jazykov\u00fdch dovednost\u00ed.<\/p>\n<p>Pro osoby s autismem je tak\u00e9 d\u016fle\u017eit\u00e1 podpora v oblasti vzd\u011bl\u00e1v\u00e1n\u00ed. Mnoho d\u011bt\u00ed s autismem m\u00e1 speci\u00e1ln\u00ed vzd\u011bl\u00e1vac\u00ed pot\u0159eby a pot\u0159ebuje individu\u00e1ln\u00ed p\u0159\u00edstup ve \u0161kole. Existuj\u00ed speci\u00e1ln\u00ed \u0161koly a t\u0159\u00eddy pro d\u011bti s autismem, ale mnoho d\u011bt\u00ed s autismem m\u016f\u017ee b\u00fdt \u00fasp\u011b\u0161n\u011b integrov\u00e1no do b\u011b\u017en\u00fdch \u0161kol s podporou speci\u00e1ln\u00edch pedagog\u016f.<\/p>\n<p>Pro dosp\u011bl\u00e9 osoby s autismem je d\u016fle\u017eit\u00e1 podpora v oblasti zam\u011bstn\u00e1n\u00ed a samostatn\u00e9ho \u017eivota. Existuj\u00ed programy, kter\u00e9 pom\u00e1haj\u00ed dosp\u011bl\u00fdm s autismem naj\u00edt vhodn\u00e9 zam\u011bstn\u00e1n\u00ed a poskytuj\u00ed jim podporu v pracovn\u00edm prost\u0159ed\u00ed. Tak\u00e9 existuj\u00ed programy pro samostatn\u00e9 bydlen\u00ed, kter\u00e9 pom\u00e1haj\u00ed dosp\u011bl\u00fdm s autismem \u017e\u00edt nez\u00e1visle a rozv\u00edjet sv\u00e9 dovednosti pro ka\u017edodenn\u00ed \u017eivot.<\/p>\n<p>Pro rodiny osob s autismem je d\u016fle\u017eit\u00e1 tak\u00e9 podpora a poradenstv\u00ed. Existuj\u00ed organizace, kter\u00e9 poskytuj\u00ed informace a podporu pro rodi\u010de a rodinn\u00e9 p\u0159\u00edslu\u0161n\u00edky osob s autismem. Tyto organizace tak\u00e9 po\u0159\u00e1daj\u00ed workshopy a \u0161kolen\u00ed pro rodi\u010de, aby se nau\u010dili l\u00e9pe porozum\u011bt pot\u0159eb\u00e1m sv\u00e9ho d\u00edt\u011bte.<\/p>\n<p>V neposledn\u00ed \u0159ad\u011b je d\u016fle\u017eit\u00e1 tak\u00e9 podpora v oblasti zdravotn\u00ed p\u00e9\u010de. Osoby s autismem mohou m\u00edt \u010dasto dal\u0161\u00ed zdravotn\u00ed probl\u00e9my, jako jsou nap\u0159\u00edklad poruchy sp\u00e1nku nebo gastrointestin\u00e1ln\u00ed probl\u00e9my. Proto je d\u016fle\u017eit\u00e9, aby m\u011bli p\u0159\u00edstup k odborn\u00e9 zdravotn\u00ed p\u00e9\u010di a byli pravideln\u011b monitorov\u00e1ni.<\/p>\n<p>V \u010cesk\u00e9 republice existuje mnoho organizac\u00ed a center, kter\u00e9 poskytuj\u00ed l\u00e9\u010dbu a podporu pro osoby s autismem. Je d\u016fle\u017eit\u00e9, aby byly tyto slu\u017eby dostupn\u00e9 pro v\u0161echny, kte\u0159\u00ed je pot\u0159ebuj\u00ed, a aby byly p\u0159izp\u016fsobeny individu\u00e1ln\u00edm pot\u0159eb\u00e1m ka\u017ed\u00e9ho jedince s autismem. L\u00e9\u010dba a podpora mohou pomoci osob\u00e1m s autismem rozv\u00edjet sv\u00e9 schopnosti a dos\u00e1hnout pln\u00e9ho potenci\u00e1lu v \u017eivot\u011b.<\/p>\n<\/div>\n<div class=\"topic\">\n<h2>Jak m\u016f\u017ee rodina a okol\u00ed pomoci osob\u00e1m s autismem p\u0159i jejich projevech?<\/h2>\n<p>Autismus je neurov\u00fdvojov\u00e1 porucha, kter\u00e1 ovliv\u0148uje komunikaci, soci\u00e1ln\u00ed interakci a chov\u00e1n\u00ed jedince. Osoby s touto poruchou se mohou pot\u00fdkat s r\u016fzn\u00fdmi projevy, jako jsou probl\u00e9my s komunikac\u00ed, opakuj\u00edc\u00ed se chov\u00e1n\u00ed, pot\u00ed\u017ee s p\u0159izp\u016fsoben\u00edm se zm\u011bn\u00e1m a citlivost na ur\u010dit\u00e9 podn\u011bty. V takov\u00fdch situac\u00edch m\u016f\u017ee b\u00fdt pro rodinu a okol\u00ed d\u016fle\u017eit\u00e9 poskytnout podporu a pomoc, aby se osoby s autismem mohly l\u00e9pe p\u0159izp\u016fsobit sv\u00e9mu prost\u0159ed\u00ed a zlep\u0161it svou kvalitu \u017eivota.<\/p>\n<p>1. Porozum\u011bn\u00ed a akceptace<\/p>\n<p>Prvn\u00edm krokem, jak m\u016f\u017ee rodina a okol\u00ed pomoci osob\u00e1m s autismem, je porozum\u011bn\u00ed a akceptace jejich poruchy. Je d\u016fle\u017eit\u00e9 si uv\u011bdomit, \u017ee autismus nen\u00ed volba, ale neurologick\u00e1 porucha, kter\u00e1 ovliv\u0148uje jedince od narozen\u00ed. Rodina a okol\u00ed by m\u011bli b\u00fdt informov\u00e1ni o tom, co autismus znamen\u00e1 a jak\u00e9 jsou jeho projevy, aby mohli l\u00e9pe porozum\u011bt chov\u00e1n\u00ed a pot\u0159eb\u00e1m osoby s touto poruchou.<\/p>\n<p>2. Vytvo\u0159en\u00ed p\u0159\u00edzniv\u00e9ho prost\u0159ed\u00ed<\/p>\n<p>Pro osoby s autismem je d\u016fle\u017eit\u00e9 m\u00edt strukturovan\u00e9 a p\u0159edv\u00eddateln\u00e9 prost\u0159ed\u00ed. Rodina a okol\u00ed by m\u011bli vytvo\u0159it prost\u0159ed\u00ed, kter\u00e9 bude pro osobu s autismem p\u0159\u00edjemn\u00e9 a bezpe\u010dn\u00e9. To m\u016f\u017ee zahrnovat nap\u0159\u00edklad vytvo\u0159en\u00ed rutiny, kdy se budou ur\u010dit\u00e9 \u010dinnosti opakovat ka\u017ed\u00fd den ve stejn\u00fd \u010das, nebo vytvo\u0159en\u00ed klidn\u00e9ho prostoru, kam se m\u016f\u017ee osoba s autismem uch\u00fdlit, pokud se c\u00edt\u00ed p\u0159et\u00ed\u017een\u00e1 nebo p\u0159ehlcen\u00e1.<\/p>\n<p>3. Komunikace a soci\u00e1ln\u00ed interakce<\/p>\n<p>Osoby s autismem mohou m\u00edt probl\u00e9my s komunikac\u00ed a soci\u00e1ln\u00ed interakc\u00ed. Rodina a okol\u00ed by m\u011bli b\u00fdt trp\u011bliv\u00ed a podporovat osobu s touto poruchou v komunikaci. M\u016f\u017ee b\u00fdt u\u017eite\u010dn\u00e9 pou\u017e\u00edvat jednoduch\u00e9 a jasn\u00e9 v\u011bty, vyhnout se slo\u017eit\u00fdm ot\u00e1zk\u00e1m a d\u00e1t osob\u011b s autismem \u010das na odpov\u011b\u010f. Tak\u00e9 je d\u016fle\u017eit\u00e9 respektovat individu\u00e1ln\u00ed pot\u0159eby a preference osoby s autismem, pokud jde o soci\u00e1ln\u00ed interakci. N\u011bkter\u00e9 osoby s touto poruchou mohou preferovat men\u0161\u00ed skupiny lid\u00ed nebo jedno na jedno, zat\u00edmco jin\u00e9 mohou b\u00fdt v\u00edce otev\u0159en\u00e9 k interakci s v\u011bt\u0161\u00edm po\u010dtem lid\u00ed.<\/p>\n<p>4. Podpora v ka\u017edodenn\u00edm \u017eivot\u011b<\/p>\n<p>Osoby s autismem mohou m\u00edt pot\u00ed\u017ee s ka\u017edodenn\u00edmi \u010dinnostmi, jako je obl\u00e9k\u00e1n\u00ed, hygiena, va\u0159en\u00ed atd. Rodina a okol\u00ed mohou pomoci t\u00edm, \u017ee budou osob\u011b s touto poruchou poskytovat podporu a u\u010dit ji nov\u00e9 dovednosti. Je d\u016fle\u017eit\u00e9 b\u00fdt trp\u011bliv\u00fd a podporovat osobu s autismem, aby se mohla postupn\u011b u\u010dit nov\u00fdm v\u011bcem a z\u00edsk\u00e1vat nez\u00e1vislost.<\/p>\n<p>5. Vzd\u011bl\u00e1v\u00e1n\u00ed a terapie<\/p>\n<p>Existuje mnoho terapeutick\u00fdch p\u0159\u00edstup\u016f, kter\u00e9 mohou pomoci osob\u00e1m s autismem zlep\u0161it sv\u00e9 schopnosti a zvl\u00e1dat sv\u00e9 projevy. Rodina a okol\u00ed by m\u011bli b\u00fdt informov\u00e1ni o t\u011bchto p\u0159\u00edstupech a podporovat osobu s touto poruchou v jejich vyu\u017e\u00edv\u00e1n\u00ed. Tak\u00e9 je d\u016fle\u017eit\u00e9, aby se rodina a okol\u00ed vzd\u011bl\u00e1vali o autismu a jeho l\u00e9\u010db\u011b, aby mohli l\u00e9pe porozum\u011bt pot\u0159eb\u00e1m a projev\u016fm osoby s touto poruchou.<\/p>\n<p>6. Podpora vzd\u011bl\u00e1v\u00e1n\u00ed a zam\u011bstn\u00e1n\u00ed<\/p>\n<p>Osoby s autismem mohou m\u00edt pot\u00ed\u017ee s vzd\u011bl\u00e1v\u00e1n\u00edm a hled\u00e1n\u00edm zam\u011bstn\u00e1n\u00ed. Rodina a okol\u00ed mohou pomoci t\u00edm, \u017ee budou osob\u011b s touto poruchou poskytovat podporu a pom\u00e1hat j\u00ed naj\u00edt vhodn\u00e9 vzd\u011bl\u00e1vac\u00ed nebo pracovn\u00ed p\u0159\u00edle\u017eitosti. Je d\u016fle\u017eit\u00e9 respektovat individu\u00e1ln\u00ed schopnosti a z\u00e1jmy osoby s autismem a pom\u00e1hat j\u00ed naj\u00edt cesty, jak je rozv\u00edjet a vyu\u017e\u00edt.<\/p>\n<p>V z\u00e1v\u011bru lze \u0159\u00edci, \u017ee rodina a okol\u00ed mohou hr\u00e1t d\u016fle\u017eitou roli v \u017eivot\u011b osob s autismem. Je d\u016fle\u017eit\u00e9 b\u00fdt trp\u011bliv\u00fd, podporovat a respektovat individu\u00e1ln\u00ed pot\u0159eby a preference t\u011bchto osob. S pomoc\u00ed a podporou rodiny a okol\u00ed mohou osoby s autismem zlep\u0161it sv\u00e9 schopnosti a kvalitu \u017eivota.<\/p>\n<\/div>\n<div class=\"topic\">\n<h2>Jak\u00e9 jsou nejnov\u011bj\u0161\u00ed poznatky v oblasti v\u00fdzkumu a porozum\u011bn\u00ed autismu?<\/h2>\n<p>Autismus je neurov\u00fdvojov\u00e9 onemocn\u011bn\u00ed, kter\u00e9 ovliv\u0148uje soci\u00e1ln\u00ed interakce, komunikaci a chov\u00e1n\u00ed jedince. V posledn\u00edch letech se v\u00fdzkum a porozum\u011bn\u00ed t\u00e9to poruchy v\u00fdrazn\u011b roz\u0161\u00ed\u0159ily a p\u0159inesly nov\u00e9 poznatky, kter\u00e9 pom\u00e1haj\u00ed l\u00e9pe porozum\u011bt autismu a zlep\u0161it \u017eivoty lid\u00ed s touto poruchou.<\/p>\n<p>Jedn\u00edm z nejnov\u011bj\u0161\u00edch poznatk\u016f v oblasti autismu je objev genetick\u00fdch p\u0159\u00ed\u010din t\u00e9to poruchy. V\u011bdci zjistili, \u017ee autismus m\u00e1 silnou genetickou slo\u017eku a \u017ee m\u016f\u017ee b\u00fdt d\u011bdi\u010dn\u00fd. Studie uk\u00e1zaly, \u017ee u dvoj\u010dat, kde jedno m\u00e1 autismus, je vysok\u00e1 pravd\u011bpodobnost, \u017ee i druh\u00e9 dvoj\u010de bude m\u00edt tuto poruchu. D\u00edky tomuto objevu se v\u00fdzkum zam\u011b\u0159uje na identifikaci konkr\u00e9tn\u00edch gen\u016f, kter\u00e9 mohou b\u00fdt spojeny s v\u00fdvojem autismu. Tento poznatek m\u016f\u017ee v\u00e9st k vytvo\u0159en\u00ed l\u00e9\u010dby zam\u011b\u0159en\u00e9 na tyto geny a zlep\u0161en\u00ed \u017eivota lid\u00ed s touto poruchou.<\/p>\n<p>Dal\u0161\u00edm v\u00fdznamn\u00fdm poznatkem je objev vlivu prost\u0159ed\u00ed na v\u00fdvoj autismu. Studie uk\u00e1zaly, \u017ee n\u011bkter\u00e9 chemik\u00e1lie a toxiny v prost\u0159ed\u00ed mohou b\u00fdt spojeny s v\u00fdvojem t\u00e9to poruchy. Nap\u0159\u00edklad vysok\u00e1 hladina olova v krvi matky b\u011bhem t\u011bhotenstv\u00ed m\u016f\u017ee zv\u00fd\u0161it riziko vzniku autismu u d\u00edt\u011bte. Tento poznatek ukazuje na d\u016fle\u017eitost prevence a sni\u017eov\u00e1n\u00ed expozice t\u011bchto l\u00e1tek, co\u017e m\u016f\u017ee pomoci sn\u00ed\u017eit v\u00fdskyt autismu.<\/p>\n<p>V\u00fdzkum tak\u00e9 uk\u00e1zal, \u017ee autismus nen\u00ed pouze porucha mozku, ale m\u016f\u017ee b\u00fdt spojen s dal\u0161\u00edmi zdravotn\u00edmi probl\u00e9my. Studie uk\u00e1zaly, \u017ee lid\u00e9 s autismem maj\u00ed \u010dasto i dal\u0161\u00ed poruchy, jako jsou epilepsie, poruchy sp\u00e1nku, gastrointestin\u00e1ln\u00ed probl\u00e9my a dal\u0161\u00ed. Tento poznatek je d\u016fle\u017eit\u00fd pro l\u00e9\u010dbu a p\u00e9\u010di o lidi s touto poruchou, proto\u017ee m\u016f\u017ee pomoci identifikovat a l\u00e9\u010dit tyto doprovodn\u00e9 probl\u00e9my.<\/p>\n<p>V neposledn\u00ed \u0159ad\u011b se v\u00fdzkum zam\u011b\u0159uje na zlep\u0161en\u00ed diagnostiky a l\u00e9\u010dby autismu. D\u00edky nov\u00fdm poznatk\u016fm se l\u00e9ka\u0159i a terapeuti mohou l\u00e9pe zam\u011b\u0159it na individu\u00e1ln\u00ed pot\u0159eby ka\u017ed\u00e9ho jedince s touto poruchou. V\u00fdzkum tak\u00e9 uk\u00e1zal, \u017ee ran\u00e1 intervence a terapie mohou v\u00fdrazn\u011b zlep\u0161it \u017eivoty lid\u00ed s autismem. D\u00edky tomu se vytv\u00e1\u0159ej\u00ed nov\u00e9 terapeutick\u00e9 p\u0159\u00edstupy a programy, kter\u00e9 jsou zam\u011b\u0159eny na zlep\u0161en\u00ed komunikace, soci\u00e1ln\u00edch interakc\u00ed a chov\u00e1n\u00ed u lid\u00ed s touto poruchou.<\/p>\n<p>V z\u00e1v\u011bru lze \u0159\u00edci, \u017ee v\u00fdzkum a porozum\u011bn\u00ed autismu se v posledn\u00edch letech v\u00fdrazn\u011b roz\u0161\u00ed\u0159ily a p\u0159inesly nov\u00e9 poznatky, kter\u00e9 pom\u00e1haj\u00ed l\u00e9pe porozum\u011bt t\u00e9to poru\u0161e a zlep\u0161it \u017eivoty lid\u00ed s n\u00ed. D\u00edky objev\u016fm v oblasti genetiky, prost\u0159ed\u00ed, doprovodn\u00fdch poruch a l\u00e9\u010dby se otev\u00edraj\u00ed nov\u00e9 mo\u017enosti pro prevenci a l\u00e9\u010dbu autismu. V\u011b\u0159\u00edme, \u017ee d\u00edky dal\u0161\u00edmu v\u00fdzkumu a porozum\u011bn\u00ed t\u00e9to poruchy se budou v budoucnu objevovat dal\u0161\u00ed poznatky, kter\u00e9 pomohou lidem s autismem \u017e\u00edt plnohodnotn\u00fd a \u0161\u0165astn\u00fd \u017eivot.<\/p>\n<\/div>\n<\/div>\n","protected":false},"excerpt":{"rendered":"<p>Co jsou nej\u010dast\u011bj\u0161\u00ed projevy autismu u d\u011bt\u00ed? Autismus je neurov\u00fdvojov\u00e1 porucha, kter\u00e1 se projevuje ji\u017e v d\u011btstv\u00ed. Jedn\u00e1 se o poruchu, kter\u00e1 ovliv\u0148uje soci\u00e1ln\u00ed interakce,&#8230;<\/p>\n","protected":false},"author":1,"featured_media":2823,"comment_status":"closed","ping_status":"open","sticky":false,"template":"","format":"standard","meta":{"inline_featured_image":false},"categories":[849],"tags":[],"yoast_head":"<!-- This site is optimized with the Yoast SEO plugin v18.1 - https:\/\/yoast.com\/wordpress\/plugins\/seo\/ -->\n<title>Autismus projevy - Test Mysli<\/title>\n<meta name=\"robots\" content=\"index, follow, max-snippet:-1, max-image-preview:large, max-video-preview:-1\" \/>\n<link rel=\"canonical\" href=\"https:\/\/www.diagnostika-mysli.cz\/blog\/autismus\/autismus-projevy-2\/\" \/>\n<meta property=\"og:locale\" content=\"cs_CZ\" \/>\n<meta property=\"og:type\" content=\"article\" \/>\n<meta property=\"og:title\" content=\"Autismus projevy - Test Mysli\" \/>\n<meta property=\"og:description\" content=\"Co jsou nej\u010dast\u011bj\u0161\u00ed projevy autismu u d\u011bt\u00ed? Autismus je neurov\u00fdvojov\u00e1 porucha, kter\u00e1 se projevuje ji\u017e v d\u011btstv\u00ed. Jedn\u00e1 se o poruchu, kter\u00e1 ovliv\u0148uje soci\u00e1ln\u00ed interakce,...\" \/>\n<meta property=\"og:url\" content=\"https:\/\/www.diagnostika-mysli.cz\/blog\/autismus\/autismus-projevy-2\/\" \/>\n<meta property=\"og:site_name\" content=\"Test Mysli\" \/>\n<meta property=\"article:published_time\" content=\"2025-01-25T12:43:36+00:00\" \/>\n<meta property=\"article:modified_time\" content=\"2025-01-25T13:02:42+00:00\" \/>\n<meta name=\"twitter:card\" content=\"summary_large_image\" \/>\n<meta name=\"twitter:image\" content=\"https:\/\/www.diagnostika-mysli.cz\/blog\/wp-content\/uploads\/2025\/01\/img_autism_14.webp\" \/>\n<meta name=\"twitter:label1\" content=\"Napsal(a)\" \/>\n\t<meta name=\"twitter:data1\" content=\"Test Mysli\" \/>\n\t<meta name=\"twitter:label2\" content=\"Odhadovan\u00e1 doba \u010dten\u00ed\" \/>\n\t<meta name=\"twitter:data2\" content=\"12 minut\" \/>\n<script type=\"application\/ld+json\" class=\"yoast-schema-graph\">{\"@context\":\"https:\/\/schema.org\",\"@graph\":[{\"@type\":\"WebSite\",\"@id\":\"https:\/\/www.diagnostika-mysli.cz\/blog\/#website\",\"url\":\"https:\/\/www.diagnostika-mysli.cz\/blog\/\",\"name\":\"Test Mysli\",\"description\":\"Blog o poruch\u00e1ch mysli\",\"potentialAction\":[{\"@type\":\"SearchAction\",\"target\":{\"@type\":\"EntryPoint\",\"urlTemplate\":\"https:\/\/www.diagnostika-mysli.cz\/blog\/?s={search_term_string}\"},\"query-input\":\"required name=search_term_string\"}],\"inLanguage\":\"cs\"},{\"@type\":\"ImageObject\",\"@id\":\"https:\/\/www.diagnostika-mysli.cz\/blog\/autismus\/autismus-projevy-2\/#primaryimage\",\"inLanguage\":\"cs\",\"url\":\"https:\/\/www.diagnostika-mysli.cz\/blog\/wp-content\/uploads\/2025\/01\/img_autism_14.webp\",\"contentUrl\":\"https:\/\/www.diagnostika-mysli.cz\/blog\/wp-content\/uploads\/2025\/01\/img_autism_14.webp\",\"width\":1024,\"height\":1024},{\"@type\":\"WebPage\",\"@id\":\"https:\/\/www.diagnostika-mysli.cz\/blog\/autismus\/autismus-projevy-2\/#webpage\",\"url\":\"https:\/\/www.diagnostika-mysli.cz\/blog\/autismus\/autismus-projevy-2\/\",\"name\":\"Autismus projevy - Test Mysli\",\"isPartOf\":{\"@id\":\"https:\/\/www.diagnostika-mysli.cz\/blog\/#website\"},\"primaryImageOfPage\":{\"@id\":\"https:\/\/www.diagnostika-mysli.cz\/blog\/autismus\/autismus-projevy-2\/#primaryimage\"},\"datePublished\":\"2025-01-25T12:43:36+00:00\",\"dateModified\":\"2025-01-25T13:02:42+00:00\",\"author\":{\"@id\":\"https:\/\/www.diagnostika-mysli.cz\/blog\/#\/schema\/person\/8eb1bcaf59fea75c780c11946f4e3490\"},\"breadcrumb\":{\"@id\":\"https:\/\/www.diagnostika-mysli.cz\/blog\/autismus\/autismus-projevy-2\/#breadcrumb\"},\"inLanguage\":\"cs\",\"potentialAction\":[{\"@type\":\"ReadAction\",\"target\":[\"https:\/\/www.diagnostika-mysli.cz\/blog\/autismus\/autismus-projevy-2\/\"]}]},{\"@type\":\"BreadcrumbList\",\"@id\":\"https:\/\/www.diagnostika-mysli.cz\/blog\/autismus\/autismus-projevy-2\/#breadcrumb\",\"itemListElement\":[{\"@type\":\"ListItem\",\"position\":1,\"name\":\"Blog\",\"item\":\"https:\/\/www.diagnostika-mysli.cz\/blog\/\"},{\"@type\":\"ListItem\",\"position\":2,\"name\":\"Autismus\",\"item\":\"https:\/\/www.diagnostika-mysli.cz\/blog\/autismus\/\"},{\"@type\":\"ListItem\",\"position\":3,\"name\":\"Autismus projevy\"}]},{\"@type\":\"Person\",\"@id\":\"https:\/\/www.diagnostika-mysli.cz\/blog\/#\/schema\/person\/8eb1bcaf59fea75c780c11946f4e3490\",\"name\":\"Test Mysli\",\"image\":{\"@type\":\"ImageObject\",\"@id\":\"https:\/\/www.diagnostika-mysli.cz\/blog\/#personlogo\",\"inLanguage\":\"cs\",\"url\":\"https:\/\/secure.gravatar.com\/avatar\/6743211f010801ea26aa9423a2daab37?s=96&d=mm&r=g\",\"contentUrl\":\"https:\/\/secure.gravatar.com\/avatar\/6743211f010801ea26aa9423a2daab37?s=96&d=mm&r=g\",\"caption\":\"Test Mysli\"},\"sameAs\":[\"https:\/\/www.diagnostika-mysli.cz\/blog\"],\"url\":\"https:\/\/www.diagnostika-mysli.cz\/blog\/author\/diagnostyka-umyslu\/\"}]}<\/script>\n<!-- \/ Yoast SEO plugin. -->","yoast_head_json":{"title":"Autismus projevy - Test Mysli","robots":{"index":"index","follow":"follow","max-snippet":"max-snippet:-1","max-image-preview":"max-image-preview:large","max-video-preview":"max-video-preview:-1"},"canonical":"https:\/\/www.diagnostika-mysli.cz\/blog\/autismus\/autismus-projevy-2\/","og_locale":"cs_CZ","og_type":"article","og_title":"Autismus projevy - Test Mysli","og_description":"Co jsou nej\u010dast\u011bj\u0161\u00ed projevy autismu u d\u011bt\u00ed? Autismus je neurov\u00fdvojov\u00e1 porucha, kter\u00e1 se projevuje ji\u017e v d\u011btstv\u00ed. Jedn\u00e1 se o poruchu, kter\u00e1 ovliv\u0148uje soci\u00e1ln\u00ed interakce,...","og_url":"https:\/\/www.diagnostika-mysli.cz\/blog\/autismus\/autismus-projevy-2\/","og_site_name":"Test Mysli","article_published_time":"2025-01-25T12:43:36+00:00","article_modified_time":"2025-01-25T13:02:42+00:00","twitter_card":"summary_large_image","twitter_image":"https:\/\/www.diagnostika-mysli.cz\/blog\/wp-content\/uploads\/2025\/01\/img_autism_14.webp","twitter_misc":{"Napsal(a)":"Test Mysli","Odhadovan\u00e1 doba \u010dten\u00ed":"12 minut"},"schema":{"@context":"https:\/\/schema.org","@graph":[{"@type":"WebSite","@id":"https:\/\/www.diagnostika-mysli.cz\/blog\/#website","url":"https:\/\/www.diagnostika-mysli.cz\/blog\/","name":"Test Mysli","description":"Blog o poruch\u00e1ch mysli","potentialAction":[{"@type":"SearchAction","target":{"@type":"EntryPoint","urlTemplate":"https:\/\/www.diagnostika-mysli.cz\/blog\/?s={search_term_string}"},"query-input":"required name=search_term_string"}],"inLanguage":"cs"},{"@type":"ImageObject","@id":"https:\/\/www.diagnostika-mysli.cz\/blog\/autismus\/autismus-projevy-2\/#primaryimage","inLanguage":"cs","url":"https:\/\/www.diagnostika-mysli.cz\/blog\/wp-content\/uploads\/2025\/01\/img_autism_14.webp","contentUrl":"https:\/\/www.diagnostika-mysli.cz\/blog\/wp-content\/uploads\/2025\/01\/img_autism_14.webp","width":1024,"height":1024},{"@type":"WebPage","@id":"https:\/\/www.diagnostika-mysli.cz\/blog\/autismus\/autismus-projevy-2\/#webpage","url":"https:\/\/www.diagnostika-mysli.cz\/blog\/autismus\/autismus-projevy-2\/","name":"Autismus projevy - Test Mysli","isPartOf":{"@id":"https:\/\/www.diagnostika-mysli.cz\/blog\/#website"},"primaryImageOfPage":{"@id":"https:\/\/www.diagnostika-mysli.cz\/blog\/autismus\/autismus-projevy-2\/#primaryimage"},"datePublished":"2025-01-25T12:43:36+00:00","dateModified":"2025-01-25T13:02:42+00:00","author":{"@id":"https:\/\/www.diagnostika-mysli.cz\/blog\/#\/schema\/person\/8eb1bcaf59fea75c780c11946f4e3490"},"breadcrumb":{"@id":"https:\/\/www.diagnostika-mysli.cz\/blog\/autismus\/autismus-projevy-2\/#breadcrumb"},"inLanguage":"cs","potentialAction":[{"@type":"ReadAction","target":["https:\/\/www.diagnostika-mysli.cz\/blog\/autismus\/autismus-projevy-2\/"]}]},{"@type":"BreadcrumbList","@id":"https:\/\/www.diagnostika-mysli.cz\/blog\/autismus\/autismus-projevy-2\/#breadcrumb","itemListElement":[{"@type":"ListItem","position":1,"name":"Blog","item":"https:\/\/www.diagnostika-mysli.cz\/blog\/"},{"@type":"ListItem","position":2,"name":"Autismus","item":"https:\/\/www.diagnostika-mysli.cz\/blog\/autismus\/"},{"@type":"ListItem","position":3,"name":"Autismus projevy"}]},{"@type":"Person","@id":"https:\/\/www.diagnostika-mysli.cz\/blog\/#\/schema\/person\/8eb1bcaf59fea75c780c11946f4e3490","name":"Test Mysli","image":{"@type":"ImageObject","@id":"https:\/\/www.diagnostika-mysli.cz\/blog\/#personlogo","inLanguage":"cs","url":"https:\/\/secure.gravatar.com\/avatar\/6743211f010801ea26aa9423a2daab37?s=96&d=mm&r=g","contentUrl":"https:\/\/secure.gravatar.com\/avatar\/6743211f010801ea26aa9423a2daab37?s=96&d=mm&r=g","caption":"Test Mysli"},"sameAs":["https:\/\/www.diagnostika-mysli.cz\/blog"],"url":"https:\/\/www.diagnostika-mysli.cz\/blog\/author\/diagnostyka-umyslu\/"}]}},"amp_enabled":true,"_links":{"self":[{"href":"https:\/\/www.diagnostika-mysli.cz\/blog\/wp-json\/wp\/v2\/posts\/2843"}],"collection":[{"href":"https:\/\/www.diagnostika-mysli.cz\/blog\/wp-json\/wp\/v2\/posts"}],"about":[{"href":"https:\/\/www.diagnostika-mysli.cz\/blog\/wp-json\/wp\/v2\/types\/post"}],"author":[{"embeddable":true,"href":"https:\/\/www.diagnostika-mysli.cz\/blog\/wp-json\/wp\/v2\/users\/1"}],"replies":[{"embeddable":true,"href":"https:\/\/www.diagnostika-mysli.cz\/blog\/wp-json\/wp\/v2\/comments?post=2843"}],"version-history":[{"count":1,"href":"https:\/\/www.diagnostika-mysli.cz\/blog\/wp-json\/wp\/v2\/posts\/2843\/revisions"}],"predecessor-version":[{"id":2852,"href":"https:\/\/www.diagnostika-mysli.cz\/blog\/wp-json\/wp\/v2\/posts\/2843\/revisions\/2852"}],"wp:featuredmedia":[{"embeddable":true,"href":"https:\/\/www.diagnostika-mysli.cz\/blog\/wp-json\/wp\/v2\/media\/2823"}],"wp:attachment":[{"href":"https:\/\/www.diagnostika-mysli.cz\/blog\/wp-json\/wp\/v2\/media?parent=2843"}],"wp:term":[{"taxonomy":"category","embeddable":true,"href":"https:\/\/www.diagnostika-mysli.cz\/blog\/wp-json\/wp\/v2\/categories?post=2843"},{"taxonomy":"post_tag","embeddable":true,"href":"https:\/\/www.diagnostika-mysli.cz\/blog\/wp-json\/wp\/v2\/tags?post=2843"}],"curies":[{"name":"wp","href":"https:\/\/api.w.org\/{rel}","templated":true}]}}