{"id":2863,"date":"2025-01-27T04:25:47","date_gmt":"2025-01-27T03:25:47","guid":{"rendered":"https:\/\/www.diagnostika-mysli.cz\/blog\/autismus\/autismus-u-dospelych\/"},"modified":"2025-01-27T11:37:50","modified_gmt":"2025-01-27T10:37:50","slug":"autismus-u-dospelych","status":"publish","type":"post","link":"https:\/\/www.diagnostika-mysli.cz\/blog\/autismus\/autismus-u-dospelych\/","title":{"rendered":"Autismus u dosp\u011bl\u00fdch"},"content":{"rendered":"<div class=\"topics\">\n<div class=\"topic\">\n<h2>Diagnostika autismu u dosp\u011bl\u00fdch: Jak\u00e9 jsou p\u0159\u00edznaky a jak prob\u00edh\u00e1 diagnostick\u00fd proces?<\/h2>\n<p>Autismus je neurov\u00fdvojov\u00e1 porucha, kter\u00e1 se projevuje v d\u011btstv\u00ed a m\u016f\u017ee trvat po cel\u00fd \u017eivot. V minulosti byla tato porucha pova\u017eov\u00e1na pouze za d\u011btsk\u00e9 onemocn\u011bn\u00ed, ale v posledn\u00edch letech se st\u00e1le v\u00edce hovo\u0159\u00ed o autismu u dosp\u011bl\u00fdch. Diagnostika autismu u dosp\u011bl\u00fdch je d\u016fle\u017eit\u00e1, proto\u017ee m\u016f\u017ee pomoci lidem s touto poruchou z\u00edskat vhodnou podporu a l\u00e9\u010dbu.<\/p>\n<p>P\u0159\u00edznaky autismu u dosp\u011bl\u00fdch se mohou li\u0161it od p\u0159\u00edznak\u016f u d\u011bt\u00ed. U dosp\u011bl\u00fdch se mohou projevovat nap\u0159\u00edklad obt\u00ed\u017eemi v komunikaci a soci\u00e1ln\u00edch interakc\u00edch, opakuj\u00edc\u00edmi se vzorci chov\u00e1n\u00ed a z\u00e1jmy, pot\u00ed\u017eemi s p\u0159izp\u016fsoben\u00edm se zm\u011bn\u00e1m a citlivost\u00ed na ur\u010dit\u00e9 podn\u011bty. Tyto p\u0159\u00edznaky mohou b\u00fdt m\u00edrn\u011bj\u0161\u00ed ne\u017e u d\u011bt\u00ed, co\u017e m\u016f\u017ee zp\u016fsobit, \u017ee autismus u dosp\u011bl\u00fdch nen\u00ed v\u017edy snadno rozpoznateln\u00fd.<\/p>\n<p>Diagnostick\u00fd proces autismu u dosp\u011bl\u00fdch obvykle za\u010d\u00edn\u00e1 n\u00e1v\u0161t\u011bvou l\u00e9ka\u0159e nebo psychologa, kte\u0159\u00ed provedou prvn\u00ed rozhovor a zhodnot\u00ed p\u0159\u00edznaky. D\u00e1le m\u016f\u017ee n\u00e1sledovat vy\u0161et\u0159en\u00ed, kter\u00e9 m\u016f\u017ee zahrnovat psychologick\u00e9 testy, dotazn\u00edky a pozorov\u00e1n\u00ed chov\u00e1n\u00ed. D\u016fle\u017eitou sou\u010d\u00e1st\u00ed diagnostiky je tak\u00e9 vy\u0161et\u0159en\u00ed rodinn\u00e9 anamn\u00e9zy, proto\u017ee autismus m\u00e1 \u010dasto genetickou p\u0159\u00ed\u010dinu.<\/p>\n<p>Dal\u0161\u00edm krokem v diagnostick\u00e9m procesu m\u016f\u017ee b\u00fdt konzultace s odborn\u00edky, jako jsou psychiat\u0159i, neurologov\u00e9 nebo logopedov\u00e9. Tito odborn\u00edci mohou pomoci vylou\u010dit jin\u00e9 p\u0159\u00ed\u010diny p\u0159\u00edznak\u016f a potvrdit diagn\u00f3zu autismu.<\/p>\n<p>Diagnostika autismu u dosp\u011bl\u00fdch m\u016f\u017ee b\u00fdt slo\u017eit\u00e1, proto\u017ee mnoho p\u0159\u00edznak\u016f m\u016f\u017ee b\u00fdt zam\u011b\u0148ov\u00e1no s jin\u00fdmi poruchami, jako jsou nap\u0159\u00edklad deprese nebo \u00fazkostn\u00e9 poruchy. Proto je d\u016fle\u017eit\u00e9, aby diagnostiku provedl odborn\u00edk s dostate\u010dn\u00fdmi znalostmi o autismu.<\/p>\n<p>Po stanoven\u00ed diagn\u00f3zy m\u016f\u017ee n\u00e1sledovat pl\u00e1n l\u00e9\u010dby a podpory. U dosp\u011bl\u00fdch s autismem se \u010dasto pou\u017e\u00edv\u00e1 kombinace terapi\u00ed, jako jsou nap\u0159\u00edklad behavior\u00e1ln\u00ed terapie, logopedie, psychoterapie a l\u00e9\u010dba l\u00e9ky. C\u00edlem l\u00e9\u010dby je pomoci jedinci s autismem zvl\u00e1dat sv\u00e9 p\u0159\u00edznaky a zlep\u0161it kvalitu \u017eivota.<\/p>\n<p>V \u010cesk\u00e9 republice existuje n\u011bkolik specializovan\u00fdch center, kter\u00e1 se zab\u00fdvaj\u00ed diagnostikou a l\u00e9\u010dbou autismu u dosp\u011bl\u00fdch. Tyto centra poskytuj\u00ed komplexn\u00ed p\u00e9\u010di a podporu pro jedince s touto poruchou a jejich rodiny.<\/p>\n<p>V z\u00e1v\u011bru je d\u016fle\u017eit\u00e9 zm\u00ednit, \u017ee diagnostika autismu u dosp\u011bl\u00fdch je d\u016fle\u017eit\u00e1 pro zaji\u0161t\u011bn\u00ed vhodn\u00e9 l\u00e9\u010dby a podpory. Pokud m\u00e1te podez\u0159en\u00ed, \u017ee trp\u00edte touto poruchou, nev\u00e1hejte vyhledat odbornou pomoc. \u010c\u00edm d\u0159\u00edve bude diagn\u00f3za stanovena, t\u00edm d\u0159\u00edve m\u016f\u017eete za\u010d\u00edt z\u00edsk\u00e1vat pot\u0159ebnou podporu a zlep\u0161it sv\u016fj \u017eivot s autismem.<\/p>\n<\/div>\n<div class=\"topic\">\n<h2>Terapie autismu u dosp\u011bl\u00fdch: Jak\u00e9 jsou mo\u017enosti l\u00e9\u010dby a jak mohou pomoci zlep\u0161it kvalitu \u017eivota?<\/h2>\n<p>Autismus je neurov\u00fdvojov\u00e1 porucha, kter\u00e1 se projevuje v d\u011btstv\u00ed a trv\u00e1 po cel\u00fd \u017eivot. V\u011bt\u0161ina terapi\u00ed a l\u00e9\u010debn\u00fdch metod se zam\u011b\u0159uje na d\u011bti, ale co je s dosp\u011bl\u00fdmi, kte\u0159\u00ed trp\u00ed touto poruchou? Je d\u016fle\u017eit\u00e9 si uv\u011bdomit, \u017ee i dosp\u011bl\u00ed s autismem pot\u0159ebuj\u00ed podporu a pomoc, aby mohli v\u00e9st plnohodnotn\u00fd \u017eivot. V tomto \u010dl\u00e1nku se pod\u00edv\u00e1me na mo\u017enosti terapie autismu u dosp\u011bl\u00fdch a jak mohou tyto terapie pomoci zlep\u0161it kvalitu \u017eivota.<\/p>\n<p>1. Behavior\u00e1ln\u00ed terapie<br \/>\nBehavior\u00e1ln\u00ed terapie se zam\u011b\u0159uje na zm\u011bnu ne\u017e\u00e1douc\u00edho chov\u00e1n\u00ed a u\u010den\u00ed nov\u00fdch dovednost\u00ed. Tato terapie se \u010dasto pou\u017e\u00edv\u00e1 u d\u011bt\u00ed s autismem, ale m\u016f\u017ee b\u00fdt tak\u00e9 \u00fa\u010dinn\u00e1 u dosp\u011bl\u00fdch. Behavior\u00e1ln\u00ed terapie m\u016f\u017ee pomoci dosp\u011bl\u00fdm s autismem nau\u010dit se soci\u00e1ln\u00edm a komunika\u010dn\u00edm dovednostem, zvl\u00e1dat \u00fazkost a stres a zlep\u0161it sv\u00e9 schopnosti v ka\u017edodenn\u00edm \u017eivot\u011b.<\/p>\n<p>2. Terapie zam\u011b\u0159en\u00e1 na komunikaci<br \/>\nKomunika\u010dn\u00ed probl\u00e9my jsou b\u011b\u017en\u00fdm p\u0159\u00edznakem autismu. Terapie zam\u011b\u0159en\u00e1 na komunikaci m\u016f\u017ee pomoci dosp\u011bl\u00fdm s autismem nau\u010dit se komunikovat verb\u00e1ln\u011b nebo pomoc\u00ed alternativn\u00edch komunika\u010dn\u00edch metod, jako je nap\u0159\u00edklad pou\u017e\u00edv\u00e1n\u00ed obr\u00e1zk\u016f nebo gest. Tato terapie m\u016f\u017ee tak\u00e9 pomoci zlep\u0161it porozum\u011bn\u00ed \u0159e\u010di a soci\u00e1ln\u00edch n\u00e1vyk\u016f.<\/p>\n<p>3. Terapie zam\u011b\u0159en\u00e1 na senzorick\u00e9 probl\u00e9my<br \/>\nMnoho dosp\u011bl\u00fdch s autismem m\u00e1 senzorick\u00e9 probl\u00e9my, co\u017e znamen\u00e1, \u017ee maj\u00ed probl\u00e9my s vn\u00edm\u00e1n\u00edm a zpracov\u00e1n\u00edm informac\u00ed ze sv\u00e9ho okol\u00ed. Terapie zam\u011b\u0159en\u00e1 na senzorick\u00e9 probl\u00e9my m\u016f\u017ee pomoci dosp\u011bl\u00fdm s autismem nau\u010dit se zvl\u00e1dat tyto probl\u00e9my a zlep\u0161it svou citlivost na r\u016fzn\u00e9 podn\u011bty.<\/p>\n<p>4. Terapie zam\u011b\u0159en\u00e1 na zvl\u00e1d\u00e1n\u00ed \u00fazkosti a stresu<br \/>\n\u00dazkost a stres jsou b\u011b\u017en\u00fdmi probl\u00e9my u dosp\u011bl\u00fdch s autismem. Terapie zam\u011b\u0159en\u00e1 na zvl\u00e1d\u00e1n\u00ed \u00fazkosti a stresu m\u016f\u017ee pomoci dosp\u011bl\u00fdm s autismem nau\u010dit se relaxa\u010dn\u00ed techniky, zvl\u00e1dat zm\u011bny a zlep\u0161it sv\u00e9 emo\u010dn\u00ed zdrav\u00ed.<\/p>\n<p>5. Podpora zam\u011bstn\u00e1n\u00ed<br \/>\nMnoho dosp\u011bl\u00fdch s autismem m\u00e1 pot\u00ed\u017ee s nalezen\u00edm a udr\u017een\u00edm zam\u011bstn\u00e1n\u00ed. Existuj\u00ed v\u0161ak programy a terapie, kter\u00e9 mohou pomoci dosp\u011bl\u00fdm s autismem naj\u00edt vhodn\u00e9 zam\u011bstn\u00e1n\u00ed a nau\u010dit se pracovn\u00edm dovednostem. Tato podpora m\u016f\u017ee tak\u00e9 zahrnovat poradenstv\u00ed ohledn\u011b pr\u00e1ce a podporu p\u0159i hled\u00e1n\u00ed pracovn\u00edch p\u0159\u00edle\u017eitost\u00ed.<\/p>\n<p>6. Podpora pro nez\u00e1visl\u00fd \u017eivot<br \/>\nMnoho dosp\u011bl\u00fdch s autismem m\u00e1 pot\u00ed\u017ee s nez\u00e1visl\u00fdm \u017eivotem, jako je nap\u0159\u00edklad p\u00e9\u010de o sebe, pl\u00e1nov\u00e1n\u00ed a organizace. Existuj\u00ed programy a terapie, kter\u00e9 mohou pomoci dosp\u011bl\u00fdm s autismem nau\u010dit se tyto dovednosti a zlep\u0161it svou schopnost \u017e\u00edt samostatn\u011b.<\/p>\n<p>Terapie autismu u dosp\u011bl\u00fdch m\u016f\u017ee b\u00fdt velmi \u00fa\u010dinn\u00e1, pokud je p\u0159izp\u016fsobena individu\u00e1ln\u00edm pot\u0159eb\u00e1m ka\u017ed\u00e9ho jednotlivce. Je d\u016fle\u017eit\u00e9, aby terapie byla prov\u00e1d\u011bna kvalifikovan\u00fdmi odborn\u00edky a aby byla pravideln\u00e1 a trval\u00e1. Dosp\u011bl\u00ed s autismem mohou tak\u00e9 m\u00edt prosp\u011bch z podpory rodiny a p\u0159\u00e1tel, kte\u0159\u00ed jim mohou poskytnout emocion\u00e1ln\u00ed a praktickou podporu.<\/p>\n<p>V z\u00e1v\u011bru je t\u0159eba zd\u016fraznit, \u017ee terapie autismu u dosp\u011bl\u00fdch m\u016f\u017ee pomoci zlep\u0161it kvalitu \u017eivota t\u011bchto jedinc\u016f. Je d\u016fle\u017eit\u00e9, aby byla poskytov\u00e1na v\u010das a pravideln\u011b a aby byla p\u0159izp\u016fsobena individu\u00e1ln\u00edm pot\u0159eb\u00e1m ka\u017ed\u00e9ho jednotlivce. Dosp\u011bl\u00ed s autismem maj\u00ed pr\u00e1vo na podporu a pomoc, aby mohli v\u00e9st plnohodnotn\u00fd \u017eivot a b\u00fdt sou\u010d\u00e1st\u00ed spole\u010dnosti.<\/p>\n<\/div>\n<div class=\"topic\">\n<h2>Soci\u00e1ln\u00ed interakce u dosp\u011bl\u00fdch s autismem: Jak mohou b\u00fdt posti\u017een\u00ed jedinci podporov\u00e1ni v komunikaci a vztaz\u00edch s ostatn\u00edmi?<\/h2>\n<p>Autismus je neurov\u00fdvojov\u00e9 posti\u017een\u00ed, kter\u00e9 ovliv\u0148uje soci\u00e1ln\u00ed interakce a komunikaci jedince. U dosp\u011bl\u00fdch s autismem m\u016f\u017ee b\u00fdt obt\u00ed\u017en\u00e9 navazovat a udr\u017eovat vztahy s ostatn\u00edmi lidmi. Nicm\u00e9n\u011b, existuje mnoho zp\u016fsob\u016f, jak mohou b\u00fdt tito jedinci podporov\u00e1ni v komunikaci a vztaz\u00edch s ostatn\u00edmi.<\/p>\n<p>Prvn\u00edm krokem je porozum\u011bn\u00ed tomu, \u017ee ka\u017ed\u00fd jedinec s autismem je jedine\u010dn\u00fd a m\u00e1 sv\u00e9 vlastn\u00ed pot\u0159eby a schopnosti. Proto je d\u016fle\u017eit\u00e9, aby se lid\u00e9 kolem nich nau\u010dili rozpoznat a respektovat jejich individu\u00e1ln\u00ed zp\u016fsoby komunikace. N\u011bkte\u0159\u00ed jedinci s autismem mohou m\u00edt probl\u00e9my s verb\u00e1ln\u00ed komunikac\u00ed, zat\u00edmco jin\u00ed mohou m\u00edt probl\u00e9my s porozum\u011bn\u00edm neverb\u00e1ln\u00edch sign\u00e1l\u016f. Je d\u016fle\u017eit\u00e9 b\u00fdt trp\u011bliv\u00fd a p\u0159izp\u016fsobit se jejich pot\u0159eb\u00e1m.<\/p>\n<p>Dal\u0161\u00edm d\u016fle\u017eit\u00fdm faktorem je vytvo\u0159en\u00ed bezpe\u010dn\u00e9ho a p\u0159\u00e1telsk\u00e9ho prost\u0159ed\u00ed pro jedince s autismem. To m\u016f\u017ee zahrnovat vytvo\u0159en\u00ed strukturovan\u00e9ho a p\u0159edv\u00eddateln\u00e9ho prost\u0159ed\u00ed, kter\u00e9 jim pom\u016f\u017ee c\u00edtit se v\u00edce uvoln\u011bn\u011b a sn\u00ed\u017e\u00ed jejich \u00fazkost. D\u00e1le je d\u016fle\u017eit\u00e9 vytvo\u0159it jasn\u00e1 pravidla a o\u010dek\u00e1v\u00e1n\u00ed, aby se jedinci s autismem mohli l\u00e9pe orientovat ve spole\u010densk\u00fdch situac\u00edch.<\/p>\n<p>Komunikace s jedinci s autismem by m\u011bla b\u00fdt p\u0159izp\u016fsobena jejich pot\u0159eb\u00e1m. To m\u016f\u017ee zahrnovat pou\u017e\u00edv\u00e1n\u00ed jednoduch\u00fdch a konkr\u00e9tn\u00edch instrukc\u00ed, vizu\u00e1ln\u00edch pom\u016fcek nebo alternativn\u00edch forem komunikace, jako jsou nap\u0159\u00edklad obr\u00e1zkov\u00e9 karty nebo komunika\u010dn\u00ed aplikace. Je tak\u00e9 d\u016fle\u017eit\u00e9 d\u00e1vat jedinc\u016fm s autismem dostatek \u010dasu na odpov\u011b\u010f a nechat je vyj\u00e1d\u0159it sv\u00e9 my\u0161lenky a pocity.<\/p>\n<p>Podpora vztah\u016f s ostatn\u00edmi je tak\u00e9 d\u016fle\u017eit\u00e1 pro jedince s autismem. To m\u016f\u017ee zahrnovat zapojen\u00ed do aktivit, kter\u00e9 jsou pro n\u011b p\u0159\u00edjemn\u00e9 a podporuj\u00ed jejich z\u00e1jmy. D\u00e1le m\u016f\u017ee b\u00fdt u\u017eite\u010dn\u00e9 zapojit je do skupinov\u00fdch aktivit, kde se mohou u\u010dit spolupracovat a komunikovat s ostatn\u00edmi. Rodina a p\u0159\u00e1tel\u00e9 by m\u011bli b\u00fdt tak\u00e9 zapojeni do podpory vztah\u016f s jedinci s autismem a m\u011bli by b\u00fdt informov\u00e1ni o jejich pot\u0159eb\u00e1ch a zp\u016fsobech komunikace.<\/p>\n<p>V neposledn\u00ed \u0159ad\u011b je d\u016fle\u017eit\u00e9, aby byli jedinci s autismem podporov\u00e1ni v rozvoji soci\u00e1ln\u00edch dovednost\u00ed. To m\u016f\u017ee zahrnovat tr\u00e9nink soci\u00e1ln\u00edch situac\u00ed, u\u010den\u00ed se empatii a porozum\u011bn\u00ed emoc\u00edm ostatn\u00edch. D\u00e1le mohou b\u00fdt u\u017eite\u010dn\u00e9 kurzy a workshopy zam\u011b\u0159en\u00e9 na rozvoj soci\u00e1ln\u00edch dovednost\u00ed pro dosp\u011bl\u00e9 s autismem.<\/p>\n<p>V z\u00e1v\u011bru lze \u0159\u00edci, \u017ee podpora v komunikaci a vztaz\u00edch s ostatn\u00edmi je pro jedince s autismem velmi d\u016fle\u017eit\u00e1. Je d\u016fle\u017eit\u00e9 respektovat jejich individu\u00e1ln\u00ed pot\u0159eby a p\u0159izp\u016fsobit se jim, vytvo\u0159it bezpe\u010dn\u00e9 a p\u0159\u00e1telsk\u00e9 prost\u0159ed\u00ed a podporovat jejich rozvoj soci\u00e1ln\u00edch dovednost\u00ed. S vhodnou podporou mohou jedinci s autismem rozv\u00edjet sv\u00e9 schopnosti a navazovat vztahy s ostatn\u00edmi, co\u017e p\u0159isp\u00edv\u00e1 k jejich celkov\u00e9mu blahu a kvalit\u011b \u017eivota.<\/p>\n<\/div>\n<div class=\"topic\">\n<h2>Zam\u011bstn\u00e1v\u00e1n\u00ed osob s autismem: Jak\u00e9 jsou v\u00fdzvy a p\u0159\u00ednosy pro zam\u011bstnavatele i zam\u011bstnance s autismem?<\/h2>\n<p>Autismus je neurov\u00fdvojov\u00e9 onemocn\u011bn\u00ed, kter\u00e9 ovliv\u0148uje soci\u00e1ln\u00ed interakce, komunikaci a chov\u00e1n\u00ed jedince. V posledn\u00edch letech se st\u00e1le v\u00edce hovo\u0159\u00ed o zam\u011bstn\u00e1v\u00e1n\u00ed osob s autismem, proto\u017ee se ukazuje, \u017ee tito jedinci mohou b\u00fdt cenn\u00fdmi zam\u011bstnanci pro r\u016fzn\u00e9 obory. Nicm\u00e9n\u011b, zam\u011bstn\u00e1v\u00e1n\u00ed osob s autismem p\u0159in\u00e1\u0161\u00ed ur\u010dit\u00e9 v\u00fdzvy pro zam\u011bstnavatele i samotn\u00e9 zam\u011bstnance s autismem.<\/p>\n<p>Jednou z nejv\u011bt\u0161\u00edch v\u00fdzev pro zam\u011bstnavatele je porozum\u011bn\u00ed specifick\u00fdm pot\u0159eb\u00e1m a schopnostem osob s autismem. Ka\u017ed\u00fd jedinec s autismem je jedine\u010dn\u00fd a m\u016f\u017ee m\u00edt odli\u0161n\u00e9 pot\u0159eby a schopnosti. Proto je d\u016fle\u017eit\u00e9, aby zam\u011bstnavatel\u00e9 byli informov\u00e1ni o tom, co autismus znamen\u00e1 a jak mohou p\u0159izp\u016fsobit pracovn\u00ed prost\u0159ed\u00ed a \u00fakoly, aby vyhovovaly pot\u0159eb\u00e1m zam\u011bstnance s autismem. To m\u016f\u017ee zahrnovat nap\u0159\u00edklad poskytnut\u00ed jasn\u00fdch instrukc\u00ed, strukturovan\u00e9ho pracovn\u00edho prost\u0159ed\u00ed a p\u0159\u00edpadn\u011b i speci\u00e1ln\u00edch pom\u016fcek.<\/p>\n<p>Dal\u0161\u00ed v\u00fdzvou m\u016f\u017ee b\u00fdt komunikace s osobami s autismem. Mnoho jedinc\u016f s autismem m\u00e1 probl\u00e9my s verb\u00e1ln\u00ed komunikac\u00ed a m\u016f\u017ee preferovat komunikaci pomoc\u00ed vizu\u00e1ln\u00edch pom\u016fcek, jako jsou obr\u00e1zky nebo p\u00edsemn\u00e1 forma. Zam\u011bstnavatel\u00e9 by m\u011bli b\u00fdt otev\u0159en\u00ed a p\u0159ipraveni p\u0159izp\u016fsobit sv\u016fj komunika\u010dn\u00ed styl, aby vyhovoval pot\u0159eb\u00e1m zam\u011bstnance s autismem.<\/p>\n<p>Nicm\u00e9n\u011b, zam\u011bstn\u00e1v\u00e1n\u00ed osob s autismem m\u016f\u017ee p\u0159in\u00e9st mnoho p\u0159\u00ednos\u016f pro zam\u011bstnavatele. Jedn\u00edm z nich je diverzita pracovn\u00ed s\u00edly. Osoby s autismem mohou m\u00edt odli\u0161n\u00e9 my\u0161len\u00ed a p\u0159\u00edstup k probl\u00e9m\u016fm, co\u017e m\u016f\u017ee p\u0159in\u00e9st nov\u00e9 a kreativn\u00ed n\u00e1pady do pracovn\u00edho prost\u0159ed\u00ed. Nav\u00edc, mnoho osob s autismem m\u00e1 vynikaj\u00edc\u00ed pam\u011b\u0165 a schopnost se soust\u0159edit na detaily, co\u017e m\u016f\u017ee b\u00fdt velmi u\u017eite\u010dn\u00e9 pro ur\u010dit\u00e9 pracovn\u00ed pozice.<\/p>\n<p>Dal\u0161\u00edm p\u0159\u00ednosem je loajalita a spolehlivost osob s autismem. Jedinci s autismem jsou \u010dasto velmi oddan\u00ed sv\u00e9 pr\u00e1ci a mohou b\u00fdt velmi spolehliv\u00ed a pe\u010dliv\u00ed. To m\u016f\u017ee b\u00fdt pro zam\u011bstnavatele velkou v\u00fdhodou, proto\u017ee mohou spol\u00e9hat na sv\u00e9 zam\u011bstnance s autismem a v\u011bd\u011bt, \u017ee budou svou pr\u00e1ci d\u011blat s velkou p\u00e9\u010d\u00ed a zodpov\u011bdnost\u00ed.<\/p>\n<p>Pro zam\u011bstnance s autismem m\u016f\u017ee b\u00fdt zam\u011bstn\u00e1n\u00ed p\u0159\u00ednosn\u00e9 v mnoha ohledech. Pr\u00e1ce m\u016f\u017ee poskytnout strukturu a rutinu, co\u017e m\u016f\u017ee b\u00fdt pro osoby s autismem velmi d\u016fle\u017eit\u00e9. Nav\u00edc, zam\u011bstn\u00e1n\u00ed m\u016f\u017ee pomoci rozv\u00edjet soci\u00e1ln\u00ed a komunika\u010dn\u00ed dovednosti, co\u017e m\u016f\u017ee b\u00fdt pro n\u011b velk\u00fdm p\u0159\u00ednosem v jejich ka\u017edodenn\u00edm \u017eivot\u011b.<\/p>\n<p>V neposledn\u00ed \u0159ad\u011b, zam\u011bstn\u00e1n\u00ed m\u016f\u017ee p\u0159in\u00e9st pocit soun\u00e1le\u017eitosti a sebe\u00facty pro osoby s autismem. Mnoho jedinc\u016f s autismem se c\u00edt\u00ed izolovan\u00ed a nepochopen\u00ed ve spole\u010dnosti. Pr\u00e1ce m\u016f\u017ee b\u00fdt pro n\u011b p\u0159\u00edle\u017eitost\u00ed projevit sv\u00e9 schopnosti a b\u00fdt sou\u010d\u00e1st\u00ed t\u00fdmu, co\u017e m\u016f\u017ee pos\u00edlit jejich sebev\u011bdom\u00ed a pocit soun\u00e1le\u017eitosti.<\/p>\n<p>Zam\u011bstn\u00e1v\u00e1n\u00ed osob s autismem m\u016f\u017ee b\u00fdt pro zam\u011bstnavatele i zam\u011bstnance s autismem v\u00fdzvou, ale tak\u00e9 p\u0159in\u00e1\u0161\u00ed mnoho p\u0159\u00ednos\u016f. Je d\u016fle\u017eit\u00e9, aby zam\u011bstnavatel\u00e9 byli informov\u00e1ni o specifick\u00fdch pot\u0159eb\u00e1ch a schopnostech osob s autismem a byli otev\u0159en\u00ed a p\u0159ipraveni p\u0159izp\u016fsobit pracovn\u00ed prost\u0159ed\u00ed a \u00fakoly. Zam\u011bstn\u00e1n\u00ed m\u016f\u017ee b\u00fdt pro osoby s autismem cennou p\u0159\u00edle\u017eitost\u00ed pro rozvoj a integraci do spole\u010dnosti.<\/p>\n<\/div>\n<\/div>\n","protected":false},"excerpt":{"rendered":"<p>Diagnostika autismu u dosp\u011bl\u00fdch: Jak\u00e9 jsou p\u0159\u00edznaky a jak prob\u00edh\u00e1 diagnostick\u00fd proces? Autismus je neurov\u00fdvojov\u00e1 porucha, kter\u00e1 se projevuje v d\u011btstv\u00ed a m\u016f\u017ee trvat po&#8230;<\/p>\n","protected":false},"author":1,"featured_media":2829,"comment_status":"closed","ping_status":"open","sticky":false,"template":"","format":"standard","meta":{"inline_featured_image":false},"categories":[849],"tags":[],"yoast_head":"<!-- This site is optimized with the Yoast SEO plugin v18.1 - https:\/\/yoast.com\/wordpress\/plugins\/seo\/ -->\n<title>Autismus u dosp\u011bl\u00fdch - Test Mysli<\/title>\n<meta name=\"robots\" content=\"index, follow, max-snippet:-1, max-image-preview:large, max-video-preview:-1\" \/>\n<link rel=\"canonical\" href=\"https:\/\/www.diagnostika-mysli.cz\/blog\/autismus\/autismus-u-dospelych\/\" \/>\n<meta property=\"og:locale\" content=\"cs_CZ\" \/>\n<meta property=\"og:type\" content=\"article\" \/>\n<meta property=\"og:title\" content=\"Autismus u dosp\u011bl\u00fdch - Test Mysli\" \/>\n<meta property=\"og:description\" content=\"Diagnostika autismu u dosp\u011bl\u00fdch: Jak\u00e9 jsou p\u0159\u00edznaky a jak prob\u00edh\u00e1 diagnostick\u00fd proces? Autismus je neurov\u00fdvojov\u00e1 porucha, kter\u00e1 se projevuje v d\u011btstv\u00ed a m\u016f\u017ee trvat po...\" \/>\n<meta property=\"og:url\" content=\"https:\/\/www.diagnostika-mysli.cz\/blog\/autismus\/autismus-u-dospelych\/\" \/>\n<meta property=\"og:site_name\" content=\"Test Mysli\" \/>\n<meta property=\"article:published_time\" content=\"2025-01-27T03:25:47+00:00\" \/>\n<meta property=\"article:modified_time\" content=\"2025-01-27T10:37:50+00:00\" \/>\n<meta name=\"twitter:card\" content=\"summary_large_image\" \/>\n<meta name=\"twitter:image\" content=\"https:\/\/www.diagnostika-mysli.cz\/blog\/wp-content\/uploads\/2025\/01\/img_autism_20.webp\" \/>\n<meta name=\"twitter:label1\" content=\"Napsal(a)\" \/>\n\t<meta name=\"twitter:data1\" content=\"Test Mysli\" \/>\n\t<meta name=\"twitter:label2\" content=\"Odhadovan\u00e1 doba \u010dten\u00ed\" \/>\n\t<meta name=\"twitter:data2\" content=\"12 minut\" \/>\n<script type=\"application\/ld+json\" class=\"yoast-schema-graph\">{\"@context\":\"https:\/\/schema.org\",\"@graph\":[{\"@type\":\"WebSite\",\"@id\":\"https:\/\/www.diagnostika-mysli.cz\/blog\/#website\",\"url\":\"https:\/\/www.diagnostika-mysli.cz\/blog\/\",\"name\":\"Test Mysli\",\"description\":\"Blog o poruch\u00e1ch mysli\",\"potentialAction\":[{\"@type\":\"SearchAction\",\"target\":{\"@type\":\"EntryPoint\",\"urlTemplate\":\"https:\/\/www.diagnostika-mysli.cz\/blog\/?s={search_term_string}\"},\"query-input\":\"required name=search_term_string\"}],\"inLanguage\":\"cs\"},{\"@type\":\"ImageObject\",\"@id\":\"https:\/\/www.diagnostika-mysli.cz\/blog\/autismus\/autismus-u-dospelych\/#primaryimage\",\"inLanguage\":\"cs\",\"url\":\"https:\/\/www.diagnostika-mysli.cz\/blog\/wp-content\/uploads\/2025\/01\/img_autism_20.webp\",\"contentUrl\":\"https:\/\/www.diagnostika-mysli.cz\/blog\/wp-content\/uploads\/2025\/01\/img_autism_20.webp\",\"width\":1024,\"height\":1024},{\"@type\":\"WebPage\",\"@id\":\"https:\/\/www.diagnostika-mysli.cz\/blog\/autismus\/autismus-u-dospelych\/#webpage\",\"url\":\"https:\/\/www.diagnostika-mysli.cz\/blog\/autismus\/autismus-u-dospelych\/\",\"name\":\"Autismus u dosp\u011bl\u00fdch - Test Mysli\",\"isPartOf\":{\"@id\":\"https:\/\/www.diagnostika-mysli.cz\/blog\/#website\"},\"primaryImageOfPage\":{\"@id\":\"https:\/\/www.diagnostika-mysli.cz\/blog\/autismus\/autismus-u-dospelych\/#primaryimage\"},\"datePublished\":\"2025-01-27T03:25:47+00:00\",\"dateModified\":\"2025-01-27T10:37:50+00:00\",\"author\":{\"@id\":\"https:\/\/www.diagnostika-mysli.cz\/blog\/#\/schema\/person\/8eb1bcaf59fea75c780c11946f4e3490\"},\"breadcrumb\":{\"@id\":\"https:\/\/www.diagnostika-mysli.cz\/blog\/autismus\/autismus-u-dospelych\/#breadcrumb\"},\"inLanguage\":\"cs\",\"potentialAction\":[{\"@type\":\"ReadAction\",\"target\":[\"https:\/\/www.diagnostika-mysli.cz\/blog\/autismus\/autismus-u-dospelych\/\"]}]},{\"@type\":\"BreadcrumbList\",\"@id\":\"https:\/\/www.diagnostika-mysli.cz\/blog\/autismus\/autismus-u-dospelych\/#breadcrumb\",\"itemListElement\":[{\"@type\":\"ListItem\",\"position\":1,\"name\":\"Blog\",\"item\":\"https:\/\/www.diagnostika-mysli.cz\/blog\/\"},{\"@type\":\"ListItem\",\"position\":2,\"name\":\"Autismus\",\"item\":\"https:\/\/www.diagnostika-mysli.cz\/blog\/autismus\/\"},{\"@type\":\"ListItem\",\"position\":3,\"name\":\"Autismus u dosp\u011bl\u00fdch\"}]},{\"@type\":\"Person\",\"@id\":\"https:\/\/www.diagnostika-mysli.cz\/blog\/#\/schema\/person\/8eb1bcaf59fea75c780c11946f4e3490\",\"name\":\"Test Mysli\",\"image\":{\"@type\":\"ImageObject\",\"@id\":\"https:\/\/www.diagnostika-mysli.cz\/blog\/#personlogo\",\"inLanguage\":\"cs\",\"url\":\"https:\/\/secure.gravatar.com\/avatar\/6743211f010801ea26aa9423a2daab37?s=96&d=mm&r=g\",\"contentUrl\":\"https:\/\/secure.gravatar.com\/avatar\/6743211f010801ea26aa9423a2daab37?s=96&d=mm&r=g\",\"caption\":\"Test Mysli\"},\"sameAs\":[\"https:\/\/www.diagnostika-mysli.cz\/blog\"],\"url\":\"https:\/\/www.diagnostika-mysli.cz\/blog\/author\/diagnostyka-umyslu\/\"}]}<\/script>\n<!-- \/ Yoast SEO plugin. -->","yoast_head_json":{"title":"Autismus u dosp\u011bl\u00fdch - Test Mysli","robots":{"index":"index","follow":"follow","max-snippet":"max-snippet:-1","max-image-preview":"max-image-preview:large","max-video-preview":"max-video-preview:-1"},"canonical":"https:\/\/www.diagnostika-mysli.cz\/blog\/autismus\/autismus-u-dospelych\/","og_locale":"cs_CZ","og_type":"article","og_title":"Autismus u dosp\u011bl\u00fdch - Test Mysli","og_description":"Diagnostika autismu u dosp\u011bl\u00fdch: Jak\u00e9 jsou p\u0159\u00edznaky a jak prob\u00edh\u00e1 diagnostick\u00fd proces? Autismus je neurov\u00fdvojov\u00e1 porucha, kter\u00e1 se projevuje v d\u011btstv\u00ed a m\u016f\u017ee trvat po...","og_url":"https:\/\/www.diagnostika-mysli.cz\/blog\/autismus\/autismus-u-dospelych\/","og_site_name":"Test Mysli","article_published_time":"2025-01-27T03:25:47+00:00","article_modified_time":"2025-01-27T10:37:50+00:00","twitter_card":"summary_large_image","twitter_image":"https:\/\/www.diagnostika-mysli.cz\/blog\/wp-content\/uploads\/2025\/01\/img_autism_20.webp","twitter_misc":{"Napsal(a)":"Test Mysli","Odhadovan\u00e1 doba \u010dten\u00ed":"12 minut"},"schema":{"@context":"https:\/\/schema.org","@graph":[{"@type":"WebSite","@id":"https:\/\/www.diagnostika-mysli.cz\/blog\/#website","url":"https:\/\/www.diagnostika-mysli.cz\/blog\/","name":"Test Mysli","description":"Blog o poruch\u00e1ch mysli","potentialAction":[{"@type":"SearchAction","target":{"@type":"EntryPoint","urlTemplate":"https:\/\/www.diagnostika-mysli.cz\/blog\/?s={search_term_string}"},"query-input":"required name=search_term_string"}],"inLanguage":"cs"},{"@type":"ImageObject","@id":"https:\/\/www.diagnostika-mysli.cz\/blog\/autismus\/autismus-u-dospelych\/#primaryimage","inLanguage":"cs","url":"https:\/\/www.diagnostika-mysli.cz\/blog\/wp-content\/uploads\/2025\/01\/img_autism_20.webp","contentUrl":"https:\/\/www.diagnostika-mysli.cz\/blog\/wp-content\/uploads\/2025\/01\/img_autism_20.webp","width":1024,"height":1024},{"@type":"WebPage","@id":"https:\/\/www.diagnostika-mysli.cz\/blog\/autismus\/autismus-u-dospelych\/#webpage","url":"https:\/\/www.diagnostika-mysli.cz\/blog\/autismus\/autismus-u-dospelych\/","name":"Autismus u dosp\u011bl\u00fdch - Test Mysli","isPartOf":{"@id":"https:\/\/www.diagnostika-mysli.cz\/blog\/#website"},"primaryImageOfPage":{"@id":"https:\/\/www.diagnostika-mysli.cz\/blog\/autismus\/autismus-u-dospelych\/#primaryimage"},"datePublished":"2025-01-27T03:25:47+00:00","dateModified":"2025-01-27T10:37:50+00:00","author":{"@id":"https:\/\/www.diagnostika-mysli.cz\/blog\/#\/schema\/person\/8eb1bcaf59fea75c780c11946f4e3490"},"breadcrumb":{"@id":"https:\/\/www.diagnostika-mysli.cz\/blog\/autismus\/autismus-u-dospelych\/#breadcrumb"},"inLanguage":"cs","potentialAction":[{"@type":"ReadAction","target":["https:\/\/www.diagnostika-mysli.cz\/blog\/autismus\/autismus-u-dospelych\/"]}]},{"@type":"BreadcrumbList","@id":"https:\/\/www.diagnostika-mysli.cz\/blog\/autismus\/autismus-u-dospelych\/#breadcrumb","itemListElement":[{"@type":"ListItem","position":1,"name":"Blog","item":"https:\/\/www.diagnostika-mysli.cz\/blog\/"},{"@type":"ListItem","position":2,"name":"Autismus","item":"https:\/\/www.diagnostika-mysli.cz\/blog\/autismus\/"},{"@type":"ListItem","position":3,"name":"Autismus u dosp\u011bl\u00fdch"}]},{"@type":"Person","@id":"https:\/\/www.diagnostika-mysli.cz\/blog\/#\/schema\/person\/8eb1bcaf59fea75c780c11946f4e3490","name":"Test Mysli","image":{"@type":"ImageObject","@id":"https:\/\/www.diagnostika-mysli.cz\/blog\/#personlogo","inLanguage":"cs","url":"https:\/\/secure.gravatar.com\/avatar\/6743211f010801ea26aa9423a2daab37?s=96&d=mm&r=g","contentUrl":"https:\/\/secure.gravatar.com\/avatar\/6743211f010801ea26aa9423a2daab37?s=96&d=mm&r=g","caption":"Test Mysli"},"sameAs":["https:\/\/www.diagnostika-mysli.cz\/blog"],"url":"https:\/\/www.diagnostika-mysli.cz\/blog\/author\/diagnostyka-umyslu\/"}]}},"amp_enabled":true,"_links":{"self":[{"href":"https:\/\/www.diagnostika-mysli.cz\/blog\/wp-json\/wp\/v2\/posts\/2863"}],"collection":[{"href":"https:\/\/www.diagnostika-mysli.cz\/blog\/wp-json\/wp\/v2\/posts"}],"about":[{"href":"https:\/\/www.diagnostika-mysli.cz\/blog\/wp-json\/wp\/v2\/types\/post"}],"author":[{"embeddable":true,"href":"https:\/\/www.diagnostika-mysli.cz\/blog\/wp-json\/wp\/v2\/users\/1"}],"replies":[{"embeddable":true,"href":"https:\/\/www.diagnostika-mysli.cz\/blog\/wp-json\/wp\/v2\/comments?post=2863"}],"version-history":[{"count":1,"href":"https:\/\/www.diagnostika-mysli.cz\/blog\/wp-json\/wp\/v2\/posts\/2863\/revisions"}],"predecessor-version":[{"id":2865,"href":"https:\/\/www.diagnostika-mysli.cz\/blog\/wp-json\/wp\/v2\/posts\/2863\/revisions\/2865"}],"wp:featuredmedia":[{"embeddable":true,"href":"https:\/\/www.diagnostika-mysli.cz\/blog\/wp-json\/wp\/v2\/media\/2829"}],"wp:attachment":[{"href":"https:\/\/www.diagnostika-mysli.cz\/blog\/wp-json\/wp\/v2\/media?parent=2863"}],"wp:term":[{"taxonomy":"category","embeddable":true,"href":"https:\/\/www.diagnostika-mysli.cz\/blog\/wp-json\/wp\/v2\/categories?post=2863"},{"taxonomy":"post_tag","embeddable":true,"href":"https:\/\/www.diagnostika-mysli.cz\/blog\/wp-json\/wp\/v2\/tags?post=2863"}],"curies":[{"name":"wp","href":"https:\/\/api.w.org\/{rel}","templated":true}]}}