{"id":2869,"date":"2025-01-28T04:26:56","date_gmt":"2025-01-28T03:26:56","guid":{"rendered":"https:\/\/www.diagnostika-mysli.cz\/blog\/autismus\/aspergeruv-syndrom-2\/"},"modified":"2025-01-28T10:25:36","modified_gmt":"2025-01-28T09:25:36","slug":"aspergeruv-syndrom-2","status":"publish","type":"post","link":"https:\/\/www.diagnostika-mysli.cz\/blog\/autismus\/aspergeruv-syndrom-2\/","title":{"rendered":"Asperger\u016fv syndrom"},"content":{"rendered":"<div class=\"topics\">\n<div class=\"topic\">\n<h2>Co je Asperger\u016fv syndrom a jak\u00e9 jsou jeho p\u0159\u00edznaky?<\/h2>\n<p>Asperger\u016fv syndrom je neurov\u00fdvojov\u00e9 onemocn\u011bn\u00ed, kter\u00e9 se projevuje p\u0159edev\u0161\u00edm v oblasti soci\u00e1ln\u00edch interakc\u00ed a komunikace. Jedn\u00e1 se o poruchu zahrnuj\u00edc\u00ed cel\u00fd spektrum autismu, kter\u00e1 se vyzna\u010duje ur\u010dit\u00fdmi charakteristick\u00fdmi p\u0159\u00edznaky.<\/p>\n<p>Mezi hlavn\u00ed p\u0159\u00edznaky Aspergerova syndromu pat\u0159\u00ed probl\u00e9my s porozum\u011bn\u00edm neverb\u00e1ln\u00ed komunikace, jako jsou nap\u0159\u00edklad gesta, mimika a t\u00f3n hlasu. Lid\u00e9 s t\u00edmto syndromem tak\u00e9 \u010dasto maj\u00ed probl\u00e9my s porozum\u011bn\u00edm soci\u00e1ln\u00edm n\u00e1vyk\u016fm a pravidl\u016fm, co\u017e m\u016f\u017ee v\u00e9st k nepochopen\u00ed a nedorozum\u011bn\u00edm v b\u011b\u017en\u00fdch mezilidsk\u00fdch interakc\u00edch.<\/p>\n<p>Dal\u0161\u00edm typick\u00fdm p\u0159\u00edznakem Aspergerova syndromu je omezen\u00fd z\u00e1jem o soci\u00e1ln\u00ed interakce a komunikaci. Lid\u00e9 s t\u00edmto onemocn\u011bn\u00edm se \u010dasto c\u00edt\u00ed nepohodln\u011b v soci\u00e1ln\u00edch situac\u00edch a preferuj\u00ed samotu nebo interakci s lidmi, kte\u0159\u00ed sd\u00edlej\u00ed jejich z\u00e1jmy a kon\u00ed\u010dky. Toto omezen\u00ed soci\u00e1ln\u00edch dovednost\u00ed m\u016f\u017ee v\u00e9st k probl\u00e9m\u016fm v navazov\u00e1n\u00ed a udr\u017eov\u00e1n\u00ed p\u0159\u00e1telstv\u00ed a vytv\u00e1\u0159en\u00ed vztah\u016f.<\/p>\n<p>Dal\u0161\u00edm v\u00fdznamn\u00fdm p\u0159\u00edznakem Aspergerova syndromu je omezen\u00fd a stereotypn\u00ed z\u00e1jem o ur\u010dit\u00e9 aktivity nebo t\u00e9mata. Lid\u00e9 s t\u00edmto onemocn\u011bn\u00edm se \u010dasto siln\u011b zaj\u00edmaj\u00ed o ur\u010dit\u00e9 oblasti, jako jsou nap\u0159\u00edklad matematika, v\u011bda nebo um\u011bn\u00ed, a mohou b\u00fdt v nich velmi nadan\u00ed. Tento z\u00e1jem m\u016f\u017ee b\u00fdt v\u0161ak velmi omezen\u00fd a jednostrann\u00fd, co\u017e m\u016f\u017ee v\u00e9st k probl\u00e9m\u016fm v adaptaci na nov\u00e9 situace a zm\u011bny.<\/p>\n<p>Dal\u0161\u00edm d\u016fle\u017eit\u00fdm p\u0159\u00edznakem Aspergerova syndromu je citlivost na zm\u011bny v rutin\u00e1ch a n\u00e1ro\u010dnost na zachov\u00e1n\u00ed ur\u010dit\u00e9ho po\u0159\u00e1dku a struktury. Lid\u00e9 s t\u00edmto onemocn\u011bn\u00edm se \u010dasto c\u00edt\u00ed velmi nepohodln\u011b, kdy\u017e jsou vystaveni neo\u010dek\u00e1van\u00fdm situac\u00edm nebo zm\u011bn\u00e1m v rutin\u00e1ch, a mohou m\u00edt tendenci se dr\u017eet sv\u00fdch zaveden\u00fdch zvyk\u016f a pravidel.<\/p>\n<p>V neposledn\u00ed \u0159ad\u011b mohou lid\u00e9 s Aspergerov\u00fdm syndromem m\u00edt tak\u00e9 probl\u00e9my s motorick\u00fdmi dovednostmi a koordinac\u00ed pohyb\u016f. To m\u016f\u017ee b\u00fdt zp\u016fsobeno poruchou senzorick\u00e9 integrace, co\u017e je neschopnost mozku zpracov\u00e1vat informace z r\u016fzn\u00fdch smyslov\u00fdch kan\u00e1l\u016f.<\/p>\n<p>Je d\u016fle\u017eit\u00e9 si uv\u011bdomit, \u017ee p\u0159\u00edznaky Aspergerova syndromu se mohou u jednotliv\u00fdch lid\u00ed li\u0161it a mohou se projevovat v r\u016fzn\u00e9 m\u00ed\u0159e. N\u011bkte\u0159\u00ed lid\u00e9 mohou m\u00edt jen m\u00edrn\u00e9 p\u0159\u00edznaky, zat\u00edmco u jin\u00fdch mohou b\u00fdt p\u0159\u00edznaky v\u00fdrazn\u011bj\u0161\u00ed a ovliv\u0148ovat jejich ka\u017edodenn\u00ed \u017eivot.<\/p>\n<p>Asperger\u016fv syndrom nen\u00ed l\u00e9\u010diteln\u00fd, ale existuj\u00ed r\u016fzn\u00e9 terapie a strategie, kter\u00e9 mohou pomoci lidem s t\u00edmto onemocn\u011bn\u00edm zvl\u00e1dat jejich p\u0159\u00edznaky a zlep\u0161it jejich kvalitu \u017eivota. Je d\u016fle\u017eit\u00e9, aby bylo toto onemocn\u011bn\u00ed diagnostikov\u00e1no co nejd\u0159\u00edve, aby bylo mo\u017en\u00e9 poskytnout vhodnou podporu a pomoc.<\/p>\n<\/div>\n<div class=\"topic\">\n<h2>Asperger\u016fv syndrom je neurov\u00fdvojov\u00e9 onemocn\u011bn\u00ed, kter\u00e9 se projevuje poruchou soci\u00e1ln\u00ed interakce, komunikace a omezen\u00fdmi z\u00e1jmy a aktivitami<\/h2>\n<p>Asperger\u016fv syndrom je neurov\u00fdvojov\u00e9 onemocn\u011bn\u00ed, kter\u00e9 se projevuje poruchou soci\u00e1ln\u00ed interakce, komunikace a omezen\u00fdmi z\u00e1jmy a aktivitami. Toto onemocn\u011bn\u00ed bylo pojmenov\u00e1no po rakousk\u00e9m l\u00e9ka\u0159i Hansi Aspergerovi, kter\u00fd jej poprv\u00e9 popsal v roce 1944. Jedn\u00e1 se o poruchu zahrnuj\u00edc\u00ed cel\u00fd \u017eivot, kter\u00e1 se projevuje ji\u017e v d\u011btstv\u00ed a trv\u00e1 a\u017e do dosp\u011blosti.<\/p>\n<p>Hlavn\u00edm p\u0159\u00edznakem Aspergerova syndromu je porucha soci\u00e1ln\u00ed interakce. Osoby s t\u00edmto onemocn\u011bn\u00edm maj\u00ed probl\u00e9my s porozum\u011bn\u00edm neverb\u00e1ln\u00ed komunikace, jako jsou nap\u0159\u00edklad gesta, mimika nebo t\u00f3n hlasu. Mohou m\u00edt tak\u00e9 probl\u00e9my s porozum\u011bn\u00edm soci\u00e1ln\u00edm n\u00e1vyk\u016fm a pravidl\u016fm, co\u017e m\u016f\u017ee v\u00e9st k nepochopen\u00ed a nedorozum\u011bn\u00edm v komunikaci s ostatn\u00edmi.<\/p>\n<p>Dal\u0161\u00edm v\u00fdznamn\u00fdm p\u0159\u00edznakem je neschopnost navazovat p\u0159\u00e1telstv\u00ed. Osoby s Aspergerov\u00fdm syndromem maj\u00ed \u010dasto probl\u00e9my s navazov\u00e1n\u00edm a udr\u017eov\u00e1n\u00edm p\u0159\u00e1telstv\u00ed, proto\u017ee jim chyb\u00ed schopnost porozum\u011bt emoc\u00edm a pot\u0159eb\u00e1m druh\u00fdch. Mohou b\u00fdt tak\u00e9 neschopn\u00e9 vyj\u00e1d\u0159it sv\u00e9 emoce a pot\u0159eby, co\u017e m\u016f\u017ee v\u00e9st k izolaci a osam\u011blosti.<\/p>\n<p>Dal\u0161\u00edm charakteristick\u00fdm p\u0159\u00edznakem je stereotypn\u00ed chov\u00e1n\u00ed. Osoby s Aspergerov\u00fdm syndromem maj\u00ed \u010dasto omezen\u00e9 a opakuj\u00edc\u00ed se z\u00e1jmy a aktivity. M\u016f\u017ee se jednat nap\u0159\u00edklad o z\u00e1libu v ur\u010dit\u00e9m p\u0159edm\u011btu nebo \u010dinnosti, kter\u00e1 m\u016f\u017ee b\u00fdt pro ostatn\u00ed neobvykl\u00e1 nebo nezaj\u00edmav\u00e1. Toto stereotypn\u00ed chov\u00e1n\u00ed m\u016f\u017ee b\u00fdt pro osoby s Aspergerov\u00fdm syndromem d\u016fle\u017eit\u00fdm zp\u016fsobem, jak se uklidnit a zvl\u00e1dat stresuj\u00edc\u00ed situace.<\/p>\n<p>Dal\u0161\u00edmi p\u0159\u00edznaky mohou b\u00fdt nap\u0159\u00edklad neschopnost porozum\u011bt ironii a sarkasmu, pot\u00ed\u017ee s organizac\u00ed a pl\u00e1nov\u00e1n\u00edm, citlivost na zm\u011bny a neobvykl\u00e9 podn\u011bty, nebo pot\u00ed\u017ee s motorikou a koordinac\u00ed.<\/p>\n<p>P\u0159\u00ed\u010dina Aspergerova syndromu nen\u00ed zcela zn\u00e1ma, ale v\u011bdci se domn\u00edvaj\u00ed, \u017ee m\u016f\u017ee b\u00fdt zp\u016fsobena kombinac\u00ed genetick\u00fdch a environment\u00e1ln\u00edch faktor\u016f. V sou\u010dasn\u00e9 dob\u011b neexistuje l\u00e9k na Asperger\u016fv syndrom, ale existuj\u00ed r\u016fzn\u00e9 terapie a intervence, kter\u00e9 mohou pomoci zlep\u0161it soci\u00e1ln\u00ed interakci a komunikaci u osob s t\u00edmto onemocn\u011bn\u00edm.<\/p>\n<p>Je d\u016fle\u017eit\u00e9 si uv\u011bdomit, \u017ee Asperger\u016fv syndrom nen\u00ed nemoc, ale odli\u0161n\u00fd zp\u016fsob vn\u00edm\u00e1n\u00ed a u\u010den\u00ed. Osoby s t\u00edmto onemocn\u011bn\u00edm maj\u00ed sv\u00e9 jedine\u010dn\u00e9 schopnosti a talenty, kter\u00e9 mohou b\u00fdt vyu\u017eity a rozv\u00edjeny. Je d\u016fle\u017eit\u00e9, aby byly respektov\u00e1ny a p\u0159ij\u00edm\u00e1ny v r\u00e1mci spole\u010dnosti, a aby jim byla poskytnuta podpora a porozum\u011bn\u00ed.<\/p>\n<p>V sou\u010dasn\u00e9 dob\u011b se pou\u017e\u00edv\u00e1 term\u00edn &#8220;spektrum poruch autistick\u00e9ho spektra&#8221; (ASD), kter\u00fd zahrnuje Asperger\u016fv syndrom a dal\u0161\u00ed podobn\u00e9 poruchy. Tento term\u00edn zd\u016fraz\u0148uje, \u017ee ka\u017ed\u00e1 osoba s ASD je jedine\u010dn\u00e1 a m\u00e1 sv\u00e9 vlastn\u00ed pot\u0159eby a schopnosti.<\/p>\n<p>V z\u00e1v\u011bru lze \u0159\u00edci, \u017ee Asperger\u016fv syndrom je neurov\u00fdvojov\u00e9 onemocn\u011bn\u00ed, kter\u00e9 se projevuje poruchou soci\u00e1ln\u00ed interakce, komunikace a omezen\u00fdmi z\u00e1jmy a aktivitami. Je d\u016fle\u017eit\u00e9 si uv\u011bdomit, \u017ee osoby s t\u00edmto onemocn\u011bn\u00edm maj\u00ed sv\u00e9 jedine\u010dn\u00e9 schopnosti a talenty, a \u017ee je d\u016fle\u017eit\u00e9 poskytnout jim podporu a porozum\u011bn\u00ed v r\u00e1mci spole\u010dnosti.<\/p>\n<\/div>\n<div class=\"topic\">\n<p>\u010cesk\u00e1 kuchyn\u011b je jednou z nejstar\u0161\u00edch a nejbohat\u0161\u00edch kuchyn\u00ed v Evrop\u011b. Jej\u00ed ko\u0159eny sahaj\u00ed a\u017e do 9. stolet\u00ed, kdy se za\u010daly formovat prvn\u00ed tradi\u010dn\u00ed pokrmy. \u010cesk\u00e1 kuchyn\u011b je ovlivn\u011bna p\u0159edev\u0161\u00edm st\u0159edoevropskou kuchyn\u00ed, ale najdeme v n\u00ed i prvky z n\u011bmeck\u00e9, rakousk\u00e9, ma\u010farsk\u00e9 a \u017eidovsk\u00e9 kuchyn\u011b.<\/p>\n<p>Hlavn\u00edmi surovinami \u010desk\u00e9 kuchyn\u011b jsou brambory, maso, zelenina, ml\u00e9\u010dn\u00e9 v\u00fdrobky a obiloviny. V\u011bt\u0161ina pokrm\u016f je pom\u011brn\u011b jednoduch\u00e1, ale velmi chutn\u00e1 a s vysokou v\u00fd\u017eivovou hodnotou. Mezi nejzn\u00e1m\u011bj\u0161\u00ed \u010desk\u00e9 speciality pat\u0159\u00ed vep\u0159ov\u00e1 pe\u010den\u011b s knedl\u00edky, gul\u00e1\u0161, sv\u00ed\u010dkov\u00e1 na smetan\u011b, brambor\u00e1ky, sma\u017een\u00fd s\u00fdr a tradi\u010dn\u00ed \u010desk\u00e9 pivo.<\/p>\n<p>Jedn\u00edm z nejtypi\u010dt\u011bj\u0161\u00edch prvk\u016f \u010desk\u00e9 kuchyn\u011b jsou knedl\u00edky. Tyto kuli\u010dky z t\u011bsta se va\u0159\u00ed ve vod\u011b nebo v p\u00e1\u0159e a pod\u00e1vaj\u00ed se jako p\u0159\u00edloha k masu nebo se mohou plnit ovocem nebo zeleninou. Dal\u0161\u00edm obl\u00edben\u00fdm pokrmem jsou brambor\u00e1ky, co\u017e jsou placky z bramborov\u00e9ho t\u011bsta sma\u017een\u00e9 na p\u00e1nvi. Tyto placky se \u010dasto pod\u00e1vaj\u00ed s kysel\u00fdm zel\u00edm nebo se \u0161kvarky.<\/p>\n<p>\u010cesk\u00e1 kuchyn\u011b je tak\u00e9 zn\u00e1m\u00e1 sv\u00fdmi sladk\u00fdmi dezerty. Mezi nejobl\u00edben\u011bj\u0161\u00ed pat\u0159\u00ed tradi\u010dn\u00ed ovocn\u00e9 knedl\u00edky, buchty, z\u00e1kusky a kol\u00e1\u010de. Nejzn\u00e1m\u011bj\u0161\u00edm \u010desk\u00fdm dezertem je bezpochyby ovocn\u00fd kol\u00e1\u010d zvan\u00fd &#8220;kol\u00e1\u010d s jablky&#8221; nebo &#8220;\u0161tr\u016fdl&#8221;. Tento kol\u00e1\u010d se skl\u00e1d\u00e1 z k\u0159ehk\u00e9ho t\u011bsta pln\u011bn\u00e9ho jable\u010dn\u00fdm n\u00e1divkem a posypan\u00e9ho sko\u0159ic\u00ed a cukrem.<\/p>\n<p>Krom\u011b tradi\u010dn\u00edch pokrm\u016f najdeme v \u010desk\u00e9 kuchyni tak\u00e9 mnoho region\u00e1ln\u00edch specialit. Nap\u0159\u00edklad v ji\u017en\u00edch \u010cech\u00e1ch jsou obl\u00edben\u00e9 ryby, jako je pstruh nebo kapr, kter\u00e9 se \u010dasto pod\u00e1vaj\u00ed s bramborov\u00fdm sal\u00e1tem. V Moravsk\u00e9m kraji jsou pak popul\u00e1rn\u00ed klob\u00e1sy, s\u00fdry a v\u00edna.<\/p>\n<p>\u010cesk\u00e1 kuchyn\u011b je tak\u00e9 spojena s mnoha tradicemi a sv\u00e1tky. Nap\u0159\u00edklad na V\u00e1noce se pod\u00e1v\u00e1 kapr s bramborov\u00fdm sal\u00e1tem a v\u00e1no\u010dn\u00ed cukrov\u00ed, na Velikonoce se pe\u010dou mazance a na sv\u00e1tek svat\u00e9ho Martina se slav\u00ed nov\u00e9 v\u00edno a pod\u00e1v\u00e1 se husa s \u010derven\u00fdm zel\u00edm.<\/p>\n<p>V posledn\u00edch letech se \u010desk\u00e1 kuchyn\u011b stala velmi popul\u00e1rn\u00ed i v zahrani\u010d\u00ed. Mnoho restaurac\u00ed po cel\u00e9m sv\u011bt\u011b nab\u00edz\u00ed \u010desk\u00e1 j\u00eddla a n\u011bkter\u00e9 z nich se dokonce specializuj\u00ed pouze na \u010deskou kuchyni. D\u00edky sv\u00e9 jednoduchosti, chuti a vysok\u00e9 kvalit\u011b se \u010desk\u00e1 kuchyn\u011b st\u00e1v\u00e1 obl\u00edbenou nejen u m\u00edstn\u00edch obyvatel, ale i u turist\u016f z cel\u00e9ho sv\u011bta.<\/p>\n<\/div>\n<div class=\"topic\">\n<h2>Jak\u00e9 jsou mo\u017enosti l\u00e9\u010dby Aspergerova syndromu?<\/h2>\n<p>Asperger\u016fv syndrom je neurov\u00fdvojov\u00e9 onemocn\u011bn\u00ed, kter\u00e9 se projevuje p\u0159edev\u0161\u00edm poruchami soci\u00e1ln\u00ed interakce a komunikace, stereotypn\u00edmi chov\u00e1n\u00edmi a omezen\u00fdmi z\u00e1jmy. Toto onemocn\u011bn\u00ed je sou\u010d\u00e1st\u00ed \u0161ir\u0161\u00ed skupiny poruch autistick\u00e9ho spektra a postihuje p\u0159ibli\u017en\u011b 1-2 lid\u00ed z 1000.<\/p>\n<p>L\u00e9\u010dba Aspergerova syndromu se zam\u011b\u0159uje p\u0159edev\u0161\u00edm na zlep\u0161en\u00ed soci\u00e1ln\u00edch a komunika\u010dn\u00edch dovednost\u00ed, sn\u00ed\u017een\u00ed stereotypn\u00edch chov\u00e1n\u00ed a podporu rozvoje z\u00e1jm\u016f a schopnost\u00ed jedince. Existuje n\u011bkolik mo\u017enost\u00ed l\u00e9\u010dby, kter\u00e9 mohou b\u00fdt kombinov\u00e1ny pro dosa\u017een\u00ed nejlep\u0161\u00edch v\u00fdsledk\u016f.<\/p>\n<p>1. Terapie chov\u00e1n\u00edm a komunikace<br \/>\nTato terapie se zam\u011b\u0159uje na zlep\u0161en\u00ed soci\u00e1ln\u00edch a komunika\u010dn\u00edch dovednost\u00ed jedince s Aspergerov\u00fdm syndromem. Terapeut pracuje s jedincem na zlep\u0161en\u00ed jeho schopnosti porozum\u011bt a interpretovat neverb\u00e1ln\u00ed komunikaci, jako jsou nap\u0159\u00edklad gesta, mimika a t\u00f3n hlasu. D\u00e1le se zam\u011b\u0159uje na rozvoj schopnosti navazovat a udr\u017eovat vztahy s ostatn\u00edmi lidmi.<\/p>\n<p>2. L\u00e9\u010dba l\u00e9ky<br \/>\nL\u00e9ky se mohou pou\u017e\u00edt k l\u00e9\u010db\u011b ur\u010dit\u00fdch p\u0159\u00edznak\u016f Aspergerova syndromu, jako jsou nap\u0159\u00edklad \u00fazkost, deprese nebo hyperaktivita. Antidepresiva mohou pomoci sn\u00ed\u017eit \u00fazkost a zlep\u0161it n\u00e1ladu, zat\u00edmco stimulanty mohou pomoci sn\u00ed\u017eit hyperaktivitu a impulsivitu. Je d\u016fle\u017eit\u00e9 si uv\u011bdomit, \u017ee l\u00e9ky nejsou l\u00e9\u010dbou samotnou, ale pouze podp\u016frnou terapi\u00ed.<\/p>\n<p>3. Rodinn\u00e1 terapie<br \/>\nRodinn\u00e1 terapie m\u016f\u017ee b\u00fdt velmi u\u017eite\u010dn\u00e1 pro jedince s Aspergerov\u00fdm syndromem i pro jeho rodinu. Terapeut pracuje s celou rodinou na zlep\u0161en\u00ed komunikace a porozum\u011bn\u00ed pot\u0159eb\u00e1m jedince s Aspergerov\u00fdm syndromem. Rodinn\u00e1 terapie m\u016f\u017ee tak\u00e9 pomoci rodin\u011b zvl\u00e1dat stres a vytvo\u0159it prost\u0159ed\u00ed, kter\u00e9 je pro jedince s Aspergerov\u00fdm syndromem p\u0159\u00edzniv\u00e9.<\/p>\n<p>4. Speci\u00e1ln\u00ed vzd\u011bl\u00e1vac\u00ed programy<br \/>\nJedinci s Aspergerov\u00fdm syndromem mohou m\u00edt pot\u00ed\u017ee s u\u010den\u00edm a p\u0159izp\u016fsoben\u00edm se ve \u0161kole. Proto jsou k dispozici speci\u00e1ln\u00ed vzd\u011bl\u00e1vac\u00ed programy, kter\u00e9 jsou p\u0159izp\u016fsobeny pot\u0159eb\u00e1m jedince s Aspergerov\u00fdm syndromem. Tyto programy mohou zahrnovat individu\u00e1ln\u00ed vzd\u011bl\u00e1vac\u00ed pl\u00e1ny, speci\u00e1ln\u00ed podporu ve t\u0159\u00edd\u011b a terapeutick\u00e9 aktivity.<\/p>\n<p>5. Alternativn\u00ed terapie<br \/>\nExistuje mnoho alternativn\u00edch terapi\u00ed, kter\u00e9 mohou b\u00fdt u\u017eite\u010dn\u00e9 pro jedince s Aspergerov\u00fdm syndromem. Mezi n\u011b pat\u0159\u00ed nap\u0159\u00edklad um\u011bleck\u00e1 terapie, hudebn\u00ed terapie, terapie pomoc\u00ed zv\u00ed\u0159at a terapie pomoc\u00ed pohybu. Tyto terapie mohou pomoci jedinci zlep\u0161it sv\u00e9 soci\u00e1ln\u00ed dovednosti, komunikaci a sebevyj\u00e1d\u0159en\u00ed.<\/p>\n<p>Je d\u016fle\u017eit\u00e9 si uv\u011bdomit, \u017ee l\u00e9\u010dba Aspergerova syndromu nen\u00ed jednotn\u00e1 a ka\u017ed\u00fd jedinec m\u016f\u017ee vy\u017eadovat jin\u00fd p\u0159\u00edstup. Je d\u016fle\u017eit\u00e9 spolupracovat s odborn\u00edky a naj\u00edt kombinaci terapi\u00ed, kter\u00e1 bude nej\u00fa\u010dinn\u011bj\u0161\u00ed pro ka\u017ed\u00e9ho jedince. S vhodnou l\u00e9\u010dbou a podporou mohou jedinci s Aspergerov\u00fdm syndromem v\u00e9st plnohodnotn\u00fd a spokojen\u00fd \u017eivot.<\/p>\n<\/div>\n<div class=\"topic\">\n<h2>L\u00e9\u010dba Aspergerova syndromu se zam\u011b\u0159uje na zlep\u0161en\u00ed soci\u00e1ln\u00edch a komunika\u010dn\u00edch dovednost\u00ed a sn\u00ed\u017een\u00ed stereotypn\u00edho chov\u00e1n\u00ed<\/h2>\n<p>Asperger\u016fv syndrom je neurov\u00fdvojov\u00e9 onemocn\u011bn\u00ed, kter\u00e9 se projevuje poruchami soci\u00e1ln\u00ed interakce, komunikace a stereotypn\u00edm chov\u00e1n\u00edm. Toto onemocn\u011bn\u00ed je sou\u010d\u00e1st\u00ed \u0161ir\u0161\u00ed skupiny poruch autistick\u00e9ho spektra a postihuje p\u0159ibli\u017en\u011b 1-2 lid\u00ed z 1000. L\u00e9\u010dba Aspergerova syndromu se zam\u011b\u0159uje na zlep\u0161en\u00ed soci\u00e1ln\u00edch a komunika\u010dn\u00edch dovednost\u00ed a sn\u00ed\u017een\u00ed stereotypn\u00edho chov\u00e1n\u00ed, aby jedinci s t\u00edmto onemocn\u011bn\u00edm mohli v\u00e9st co nejpln\u011bj\u0161\u00ed a nez\u00e1vislej\u0161\u00ed \u017eivot.<\/p>\n<p>Jednou z mo\u017enost\u00ed l\u00e9\u010dby Aspergerova syndromu je terapie. Existuje n\u011bkolik typ\u016f terapi\u00ed, kter\u00e9 mohou b\u00fdt u\u017eite\u010dn\u00e9 pro jedince s t\u00edmto onemocn\u011bn\u00edm. Mezi nej\u010dast\u011bji pou\u017e\u00edvan\u00e9 pat\u0159\u00ed behavior\u00e1ln\u00ed terapie, kter\u00e1 se zam\u011b\u0159uje na zm\u011bnu ne\u017e\u00e1douc\u00edho chov\u00e1n\u00ed a posilov\u00e1n\u00ed pozitivn\u00edho chov\u00e1n\u00ed. Dal\u0161\u00ed mo\u017enost\u00ed je kognitivn\u011b-behavior\u00e1ln\u00ed terapie, kter\u00e1 se zam\u011b\u0159uje na zm\u011bnu my\u0161len\u00ed a vn\u00edm\u00e1n\u00ed sv\u011bta. D\u016fle\u017eitou sou\u010d\u00e1st\u00ed terapie je tak\u00e9 soci\u00e1ln\u00ed tr\u00e9nink, kter\u00fd pom\u00e1h\u00e1 jedinc\u016fm s Aspergerov\u00fdm syndromem porozum\u011bt soci\u00e1ln\u00edm situac\u00edm a nau\u010dit se vhodn\u011b reagovat.<\/p>\n<p>Speci\u00e1ln\u00ed vzd\u011bl\u00e1vac\u00ed programy jsou dal\u0161\u00edm d\u016fle\u017eit\u00fdm prvkem l\u00e9\u010dby Aspergerova syndromu. Tyto programy jsou navr\u017eeny tak, aby pomohly jedinc\u016fm s t\u00edmto onemocn\u011bn\u00edm rozv\u00edjet jejich schopnosti a dovednosti v oblasti komunikace, soci\u00e1ln\u00ed interakce a sebeobsluhy. Vzd\u011bl\u00e1vac\u00ed programy jsou \u010dasto p\u0159izp\u016fsobeny individu\u00e1ln\u00edm pot\u0159eb\u00e1m ka\u017ed\u00e9ho jedince a mohou zahrnovat nap\u0159\u00edklad speci\u00e1ln\u00ed vzd\u011bl\u00e1vac\u00ed pl\u00e1ny, podporu asistent\u016f nebo speci\u00e1ln\u00ed vzd\u011bl\u00e1vac\u00ed materi\u00e1ly.<\/p>\n<p>Podpora rodiny a bl\u00edzk\u00fdch je tak\u00e9 d\u016fle\u017eitou sou\u010d\u00e1st\u00ed l\u00e9\u010dby Aspergerova syndromu. Rodi\u010de a bl\u00edzc\u00ed lid\u00e9 mohou pomoci jedinci s t\u00edmto onemocn\u011bn\u00edm t\u00edm, \u017ee mu poskytnou podporu, porozum\u011bn\u00ed a l\u00e1sku. Je d\u016fle\u017eit\u00e9, aby rodina a bl\u00edzc\u00ed byli informov\u00e1ni o Aspergerov\u011b syndromu a nau\u010dili se jak nejl\u00e9pe komunikovat a interagovat s jedincem s t\u00edmto onemocn\u011bn\u00edm. Podpora rodiny a bl\u00edzk\u00fdch m\u016f\u017ee tak\u00e9 zahrnovat \u00fa\u010dast na terapi\u00edch a vzd\u011bl\u00e1vac\u00edch programech.<\/p>\n<p>V sou\u010dasn\u00e9 dob\u011b neexistuje \u017e\u00e1dn\u00e1 l\u00e9\u010dba, kter\u00e1 by mohla Asperger\u016fv syndrom vyl\u00e9\u010dit. Nicm\u00e9n\u011b, s pomoc\u00ed terapie, speci\u00e1ln\u00edch vzd\u011bl\u00e1vac\u00edch program\u016f a podpory rodiny a bl\u00edzk\u00fdch, mohou jedinci s t\u00edmto onemocn\u011bn\u00edm dos\u00e1hnout v\u00fdrazn\u00e9ho zlep\u0161en\u00ed sv\u00fdch dovednost\u00ed a kvality \u017eivota. Je d\u016fle\u017eit\u00e9, aby l\u00e9\u010dba byla individu\u00e1ln\u011b p\u0159izp\u016fsobena ka\u017ed\u00e9mu jedinci a aby byla poskytov\u00e1na v dlouhodob\u00e9m horizontu. S podporou a p\u00e9\u010d\u00ed mohou jedinci s Aspergerov\u00fdm syndromem dos\u00e1hnout sv\u00e9ho pln\u00e9ho potenci\u00e1lu a v\u00e9st spokojen\u00fd a plnohodnotn\u00fd \u017eivot.<\/p>\n<\/div>\n<div class=\"topic\">\n<p>\u010cesk\u00e1 kuchyn\u011b je jednou z nejstar\u0161\u00edch a nejbohat\u0161\u00edch kuchyn\u00ed v Evrop\u011b. Jej\u00ed ko\u0159eny sahaj\u00ed a\u017e do 9. stolet\u00ed, kdy se za\u010daly formovat prvn\u00ed tradi\u010dn\u00ed pokrmy. \u010cesk\u00e1 kuchyn\u011b je ovlivn\u011bna p\u0159edev\u0161\u00edm st\u0159edoevropskou kuchyn\u00ed, ale najdeme v n\u00ed i prvky z n\u011bmeck\u00e9, rakousk\u00e9, ma\u010farsk\u00e9 a \u017eidovsk\u00e9 kuchyn\u011b.<\/p>\n<p>Hlavn\u00edmi surovinami \u010desk\u00e9 kuchyn\u011b jsou brambory, maso, zelenina, ml\u00e9\u010dn\u00e9 v\u00fdrobky a obiloviny. V\u011bt\u0161ina pokrm\u016f je pom\u011brn\u011b jednoduch\u00e1, ale velmi chutn\u00e1 a s vysokou v\u00fd\u017eivovou hodnotou. Mezi nejzn\u00e1m\u011bj\u0161\u00ed \u010desk\u00e9 speciality pat\u0159\u00ed vep\u0159ov\u00e1 pe\u010den\u011b s knedl\u00edky, gul\u00e1\u0161, sv\u00ed\u010dkov\u00e1 na smetan\u011b, brambor\u00e1ky, sma\u017een\u00fd s\u00fdr a tradi\u010dn\u00ed \u010desk\u00e9 pivo.<\/p>\n<p>Jedn\u00edm z nejtypi\u010dt\u011bj\u0161\u00edch prvk\u016f \u010desk\u00e9 kuchyn\u011b jsou knedl\u00edky. Tyto kuli\u010dky z t\u011bsta se va\u0159\u00ed ve vod\u011b nebo v p\u00e1\u0159e a pod\u00e1vaj\u00ed se jako p\u0159\u00edloha k masu nebo se mohou plnit ovocem nebo zeleninou. Dal\u0161\u00edm obl\u00edben\u00fdm pokrmem jsou brambor\u00e1ky, co\u017e jsou placky z bramborov\u00e9ho t\u011bsta sma\u017een\u00e9 na oleji. Tyto placky se \u010dasto pod\u00e1vaj\u00ed s kysel\u00fdm zel\u00edm nebo se \u0161kvarky.<\/p>\n<p>\u010cesk\u00e1 kuchyn\u011b je tak\u00e9 zn\u00e1m\u00e1 sv\u00fdmi sladk\u00fdmi pokrmy. Mezi nejobl\u00edben\u011bj\u0161\u00ed pat\u0159\u00ed trdeln\u00edk, co\u017e je sladk\u00fd v\u00e1le\u010dek z t\u011bsta posypan\u00fd sko\u0159ic\u00ed a cukrem. Dal\u0161\u00edm sladk\u00fdm pokrmem jsou buchty, co\u017e jsou pln\u011bn\u00e9 knedl\u00edky s ovocnou n\u00e1pln\u00ed. Tyto buchty se \u010dasto pod\u00e1vaj\u00ed s vanilkov\u00fdm kr\u00e9mem nebo se \u0161leha\u010dkou.<\/p>\n<p>Krom\u011b tradi\u010dn\u00edch pokrm\u016f najdeme v \u010desk\u00e9 kuchyni tak\u00e9 mnoho region\u00e1ln\u00edch specialit. Nap\u0159\u00edklad v ji\u017en\u00edch \u010cech\u00e1ch jsou obl\u00edben\u00e9 \u0161kvarkov\u00e9 \u0161i\u0161ky, co\u017e jsou kuli\u010dky z t\u011bsta pln\u011bn\u00e9 \u0161kvarky a sma\u017een\u00e9 na oleji. V Moravsk\u00e9m krasu se zase pod\u00e1v\u00e1 tvar\u016f\u017ekov\u00fd sal\u00e1t, co\u017e je sal\u00e1t z tvar\u016f\u017ek\u016f, cibule, okurek a majon\u00e9zy.<\/p>\n<p>\u010cesk\u00e1 kuchyn\u011b je tak\u00e9 zn\u00e1m\u00e1 sv\u00fdmi v\u00fdborn\u00fdmi dezerty. Mezi nejobl\u00edben\u011bj\u0161\u00ed pat\u0159\u00ed ovocn\u00e9 knedl\u00edky, co\u017e jsou knedl\u00edky pln\u011bn\u00e9 ovocem a pod\u00e1van\u00e9 s m\u00e1slem a strouhan\u00fdm tvarohem. Dal\u0161\u00edm obl\u00edben\u00fdm dezertem je pala\u010dinka, co\u017e je tenk\u00fd pl\u00e1t t\u011bsta pln\u011bn\u00fd ovocem, marmel\u00e1dou nebo tvarohem.<\/p>\n<p>V posledn\u00edch letech se \u010desk\u00e1 kuchyn\u011b za\u010dala otev\u00edrat i vliv\u016fm zahrani\u010dn\u00edch kuchyn\u00ed. V\u011bt\u0161ina restaurac\u00ed nab\u00edz\u00ed nejen tradi\u010dn\u00ed \u010desk\u00e1 j\u00eddla, ale tak\u00e9 j\u00eddla z italsk\u00e9, francouzsk\u00e9, \u010d\u00ednsk\u00e9 a japonsk\u00e9 kuchyn\u011b. Nicm\u00e9n\u011b, \u010desk\u00e1 kuchyn\u011b z\u016fst\u00e1v\u00e1 st\u00e1le obl\u00edben\u00e1 a d\u016fle\u017eit\u00e1 sou\u010d\u00e1st \u010desk\u00e9 kultury a tradice.<\/p>\n<p>Vyzkou\u0161ejte tedy n\u011bkter\u00e9 z t\u011bchto tradi\u010dn\u00edch \u010desk\u00fdch pokrm\u016f a nechte se un\u00e9st jejich bohatou chut\u00ed a v\u016fn\u00ed. \u010cesk\u00e1 kuchyn\u011b je skv\u011bl\u00fdm zp\u016fsobem, jak poznat \u010deskou kulturu a z\u00edskat p\u0159edstavu o tom, jak se v \u010cesk\u00e9 republice \u017eije a j\u00ed. Tak\u017ee p\u0159\u00ed\u0161t\u011b, kdy\u017e nav\u0161t\u00edv\u00edte \u010ceskou republiku, nezapome\u0148te ochutnat n\u011bkter\u00e9 z t\u011bchto lahodn\u00fdch pokrm\u016f a objevte kouzlo \u010desk\u00e9 kuchyn\u011b.<\/p>\n<\/div>\n<div class=\"topic\">\n<h2>Jak mohou rodina a bl\u00edzc\u00ed pomoci osob\u00e1m s Aspergerov\u00fdm syndromem?<\/h2>\n<p>Asperger\u016fv syndrom je neurov\u00fdvojov\u00e9 onemocn\u011bn\u00ed, kter\u00e9 ovliv\u0148uje soci\u00e1ln\u00ed interakci a komunikaci u jedinc\u016f. Osoby s t\u00edmto syndromem maj\u00ed \u010dasto probl\u00e9my s porozum\u011bn\u00edm soci\u00e1ln\u00edm n\u00e1vyk\u016fm a maj\u00ed tendenci se soust\u0159edit na ur\u010dit\u00e9 z\u00e1jmy nebo aktivity. Vzhledem k tomu, \u017ee Asperger\u016fv syndrom nen\u00ed fyzick\u00e9 onemocn\u011bn\u00ed, m\u016f\u017ee b\u00fdt pro rodinu a bl\u00edzk\u00e9 obt\u00ed\u017en\u00e9 pochopit, jak mohou pomoci sv\u00fdm milovan\u00fdm, kte\u0159\u00ed trp\u00ed t\u00edmto syndromem. Nicm\u00e9n\u011b, existuje n\u011bkolik zp\u016fsob\u016f, jak mohou rodina a bl\u00edzc\u00ed pomoci osob\u00e1m s Aspergerov\u00fdm syndromem.<\/p>\n<p>1. Porozum\u011bn\u00ed Aspergerovu syndromu<\/p>\n<p>Prvn\u00edm krokem, jak mohou rodina a bl\u00edzc\u00ed pomoci osob\u00e1m s Aspergerov\u00fdm syndromem, je porozum\u011bn\u00ed tomuto onemocn\u011bn\u00ed. Je d\u016fle\u017eit\u00e9, aby si rodina a bl\u00edzc\u00ed uv\u011bdomili, \u017ee osoby s Aspergerov\u00fdm syndromem maj\u00ed odli\u0161n\u00e9 zp\u016fsoby my\u0161len\u00ed a vn\u00edm\u00e1n\u00ed sv\u011bta. Je d\u016fle\u017eit\u00e9, aby se nau\u010dili rozpoznat p\u0159\u00edznaky tohoto syndromu a porozum\u011bli tomu, jak m\u016f\u017ee ovlivnit chov\u00e1n\u00ed a komunikaci jejich bl\u00edzk\u00fdch.<\/p>\n<p>2. Podpora a trp\u011blivost<\/p>\n<p>Osoby s Aspergerov\u00fdm syndromem mohou m\u00edt probl\u00e9my s porozum\u011bn\u00edm soci\u00e1ln\u00edm situac\u00edm a mohou se c\u00edtit izolovan\u00e9 a nepochopen\u00e9. Proto je d\u016fle\u017eit\u00e9, aby rodina a bl\u00edzc\u00ed poskytovali podporu a trp\u011blivost. Je d\u016fle\u017eit\u00e9, aby se nau\u010dili komunikovat s osobami s Aspergerov\u00fdm syndromem v klidn\u00e9m a jasn\u00e9m t\u00f3nu a vyvarovali se slo\u017eit\u00fdch nebo dvojsmysln\u00fdch v\u00fdraz\u016f. Je tak\u00e9 d\u016fle\u017eit\u00e9, aby se nau\u010dili respektovat individu\u00e1ln\u00ed pot\u0159eby a hranice sv\u00fdch bl\u00edzk\u00fdch s Aspergerov\u00fdm syndromem.<\/p>\n<p>3. Pomoc s ka\u017edodenn\u00edmi \u00fakoly<\/p>\n<p>Osoby s Aspergerov\u00fdm syndromem mohou m\u00edt probl\u00e9my s organizac\u00ed a pl\u00e1nov\u00e1n\u00edm, co\u017e m\u016f\u017ee b\u00fdt pro n\u011b velmi frustruj\u00edc\u00ed. Rodina a bl\u00edzc\u00ed mohou pomoci t\u00edm, \u017ee budou poskytovat podporu p\u0159i pl\u00e1nov\u00e1n\u00ed a organizaci ka\u017edodenn\u00edch \u00fakol\u016f, jako je nap\u0159\u00edklad pl\u00e1nov\u00e1n\u00ed j\u00eddel, \u00faklidu nebo n\u00e1kupu potravin. M\u016f\u017ee b\u00fdt tak\u00e9 u\u017eite\u010dn\u00e9 vytvo\u0159it rutinu, kter\u00e1 bude pom\u00e1hat osob\u00e1m s Aspergerov\u00fdm syndromem udr\u017eovat se v po\u0159\u00e1dku a snadn\u011bji se orientovat v ka\u017edodenn\u00edm \u017eivot\u011b.<\/p>\n<p>4. Podpora z\u00e1jm\u016f a aktivit<\/p>\n<p>Osoby s Aspergerov\u00fdm syndromem maj\u00ed \u010dasto siln\u00e9 z\u00e1jmy a jsou velmi nad\u0161en\u00e9 pro ur\u010dit\u00e9 aktivity. Rodina a bl\u00edzc\u00ed mohou pomoci t\u00edm, \u017ee podporuj\u00ed tyto z\u00e1jmy a aktivn\u011b se zapojuj\u00ed do nich. To m\u016f\u017ee pomoci osob\u00e1m s Aspergerov\u00fdm syndromem c\u00edtit se v\u00edce sebev\u011bdom\u011b a mohou se tak\u00e9 nau\u010dit nov\u00e9 dovednosti a zlep\u0161it sv\u00e9 soci\u00e1ln\u00ed interakce.<\/p>\n<p>5. Hled\u00e1n\u00ed podpory a informac\u00ed<\/p>\n<p>Pro rodinu a bl\u00edzk\u00e9 m\u016f\u017ee b\u00fdt u\u017eite\u010dn\u00e9 hledat podporu a informace od odborn\u00edk\u016f, kte\u0159\u00ed maj\u00ed zku\u0161enosti s Aspergerov\u00fdm syndromem. Existuj\u00ed r\u016fzn\u00e9 organizace a skupiny, kter\u00e9 poskytuj\u00ed podporu a informace pro rodiny a bl\u00edzk\u00e9 osob s Aspergerov\u00fdm syndromem. Tyto zdroje mohou pomoci rodin\u011b a bl\u00edzk\u00fdm l\u00e9pe porozum\u011bt tomuto syndromu a nau\u010dit se \u00fa\u010dinn\u00e9 zp\u016fsoby, jak pomoci sv\u00fdm bl\u00edzk\u00fdm.<\/p>\n<p>V z\u00e1v\u011bru lze \u0159\u00edci, \u017ee rodina a bl\u00edzc\u00ed mohou hr\u00e1t d\u016fle\u017eitou roli v \u017eivot\u011b osob s Aspergerov\u00fdm syndromem. Je d\u016fle\u017eit\u00e9, aby se nau\u010dili porozum\u011bt tomuto onemocn\u011bn\u00ed a poskytovali podporu a trp\u011blivost. Pomoc s ka\u017edodenn\u00edmi \u00fakoly, podpora z\u00e1jm\u016f a aktivit a hled\u00e1n\u00ed podpory a informac\u00ed jsou dal\u0161\u00ed zp\u016fsoby, jak mohou rodina a bl\u00edzc\u00ed pomoci sv\u00fdm milovan\u00fdm s Aspergerov\u00fdm syndromem. S l\u00e1skou, porozum\u011bn\u00edm a podporou m\u016f\u017ee rodina a bl\u00edzc\u00ed pomoci osob\u00e1m s Aspergerov\u00fdm syndromem v\u00e9st plnohodnotn\u00fd a \u0161\u0165astn\u00fd \u017eivot.<\/p>\n<\/div>\n<div class=\"topic\">\n<h2>Rodina a bl\u00edzc\u00ed mohou hr\u00e1t d\u016fle\u017eitou roli v \u017eivot\u011b osoby s Aspergerov\u00fdm syndromem<\/h2>\n<p>Rodina a bl\u00edzc\u00ed hraj\u00ed velmi d\u016fle\u017eitou roli v \u017eivot\u011b osoby s Aspergerov\u00fdm syndromem. Tato porucha, kter\u00e1 je sou\u010d\u00e1st\u00ed autismu, ovliv\u0148uje soci\u00e1ln\u00ed interakce, komunikaci a chov\u00e1n\u00ed jedince. Osoby s Aspergerov\u00fdm syndromem se \u010dasto pot\u00fdkaj\u00ed s obt\u00ed\u017eemi v navazov\u00e1n\u00ed a udr\u017eov\u00e1n\u00ed vztah\u016f, porozum\u011bn\u00ed emoc\u00edm a soci\u00e1ln\u00edm n\u00e1vyk\u016fm. V takov\u00fdch situac\u00edch m\u016f\u017ee b\u00fdt rodina a bl\u00edzc\u00ed pro n\u011b velkou oporou a pomoc\u00ed.<\/p>\n<p>Je d\u016fle\u017eit\u00e9, aby rodina a bl\u00edzc\u00ed byli informov\u00e1ni o Aspergerov\u011b syndromu a jeho projevech. T\u00edmto zp\u016fsobem mohou l\u00e9pe porozum\u011bt chov\u00e1n\u00ed a pot\u0159eb\u00e1m osoby s touto poruchou. Je tak\u00e9 d\u016fle\u017eit\u00e9, aby byli trp\u011bliv\u00ed a empati\u010dt\u00ed, proto\u017ee osoby s Aspergerov\u00fdm syndromem mohou m\u00edt probl\u00e9my s vyjad\u0159ov\u00e1n\u00edm sv\u00fdch emoc\u00ed a pot\u0159eb.<\/p>\n<p>Podpora a porozum\u011bn\u00ed ze strany rodiny a bl\u00edzk\u00fdch m\u016f\u017ee b\u00fdt pro osobu s Aspergerov\u00fdm syndromem velmi d\u016fle\u017eit\u00e1. M\u016f\u017ee jim pomoci c\u00edtit se p\u0159ijat\u00ed a podpo\u0159it jejich sebev\u011bdom\u00ed. Rodina a bl\u00edzc\u00ed mohou tak\u00e9 pomoci s rozvojem soci\u00e1ln\u00edch dovednost\u00ed, jako je nap\u0159\u00edklad u\u010den\u00ed se rozpozn\u00e1vat a vyjad\u0159ovat sv\u00e9 emoce, porozum\u011bn\u00ed neverb\u00e1ln\u00ed komunikaci a u\u010den\u00ed se vhodn\u00e9mu chov\u00e1n\u00ed v r\u016fzn\u00fdch soci\u00e1ln\u00edch situac\u00edch.<\/p>\n<p>Dal\u0161\u00edm d\u016fle\u017eit\u00fdm aspektem je podpora z\u00e1jm\u016f a schopnost\u00ed osoby s Aspergerov\u00fdm syndromem. Mnoho jedinc\u016f s touto poruchou m\u00e1 specifick\u00e9 z\u00e1jmy a nad\u00e1n\u00ed, kter\u00e9 mohou b\u00fdt pro n\u011b velmi d\u016fle\u017eit\u00e9 a napl\u0148uj\u00edc\u00ed. Rodina a bl\u00edzc\u00ed by m\u011bli podporovat tyto z\u00e1jmy a pom\u00e1hat jim rozv\u00edjet sv\u00e9 schopnosti. T\u00edmto zp\u016fsobem mohou pomoci osob\u011b s Aspergerov\u00fdm syndromem naj\u00edt sv\u00e9 m\u00edsto ve spole\u010dnosti a c\u00edtit se u\u017eite\u010dn\u00ed a \u00fasp\u011b\u0161n\u00ed.<\/p>\n<p>V neposledn\u00ed \u0159ad\u011b je d\u016fle\u017eit\u00e9, aby rodina a bl\u00edzc\u00ed byli informov\u00e1ni o mo\u017enostech terapie a podpory pro osoby s Aspergerov\u00fdm syndromem. Existuje mnoho terapeutick\u00fdch p\u0159\u00edstup\u016f, kter\u00e9 mohou pomoci s \u0159e\u0161en\u00edm obt\u00ed\u017e\u00ed spojen\u00fdch s touto poruchou. Rodina a bl\u00edzc\u00ed mohou b\u00fdt d\u016fle\u017eit\u00fdm pr\u016fvodcem a podporou v tomto procesu.<\/p>\n<p>V z\u00e1v\u011bru lze \u0159\u00edci, \u017ee rodina a bl\u00edzc\u00ed mohou hr\u00e1t kl\u00ed\u010dovou roli v \u017eivot\u011b osoby s Aspergerov\u00fdm syndromem. Je d\u016fle\u017eit\u00e9, aby byli informov\u00e1ni o t\u00e9to poru\u0161e a jej\u00edch projevech, aby mohli poskytnout podporu, porozum\u011bn\u00ed a pomoci s rozvojem soci\u00e1ln\u00edch dovednost\u00ed a podporou z\u00e1jm\u016f a schopnost\u00ed. S jejich pomoc\u00ed m\u016f\u017ee osoba s Aspergerov\u00fdm syndromem dos\u00e1hnout pln\u00e9ho potenci\u00e1lu a v\u00e9st napln\u011bn\u00fd a spokojen\u00fd \u017eivot.<\/p>\n<\/div>\n<div class=\"topic\">\n<p>\u010cesk\u00e1 kuchyn\u011b je jednou z nejstar\u0161\u00edch a nejbohat\u0161\u00edch kuchyn\u00ed v Evrop\u011b. Jej\u00ed ko\u0159eny sahaj\u00ed a\u017e do 9. stolet\u00ed, kdy se za\u010daly formovat prvn\u00ed tradi\u010dn\u00ed pokrmy. \u010cesk\u00e1 kuchyn\u011b je ovlivn\u011bna p\u0159edev\u0161\u00edm st\u0159edoevropskou kuchyn\u00ed, ale najdeme v n\u00ed i prvky z n\u011bmeck\u00e9, rakousk\u00e9, ma\u010farsk\u00e9 a \u017eidovsk\u00e9 kuchyn\u011b.<\/p>\n<p>Hlavn\u00edmi surovinami \u010desk\u00e9 kuchyn\u011b jsou brambory, maso, zelenina, ml\u00e9\u010dn\u00e9 v\u00fdrobky a obiloviny. V\u011bt\u0161ina pokrm\u016f je pom\u011brn\u011b jednoduch\u00e1, ale velmi chutn\u00e1 a s vysokou v\u00fd\u017eivovou hodnotou. Mezi nejzn\u00e1m\u011bj\u0161\u00ed \u010desk\u00e9 speciality pat\u0159\u00ed vep\u0159ov\u00e1 pe\u010den\u011b s knedl\u00edky, gul\u00e1\u0161, sv\u00ed\u010dkov\u00e1 na smetan\u011b, brambor\u00e1ky, sma\u017een\u00fd s\u00fdr a tradi\u010dn\u00ed \u010desk\u00e9 pivo.<\/p>\n<p>Jedn\u00edm z nejtypi\u010dt\u011bj\u0161\u00edch prvk\u016f \u010desk\u00e9 kuchyn\u011b jsou knedl\u00edky. Tyto kuli\u010dky z t\u011bsta se va\u0159\u00ed ve vod\u011b nebo v p\u00e1\u0159e a pod\u00e1vaj\u00ed se jako p\u0159\u00edloha k masu nebo se mohou plnit ovocem nebo zeleninou. Dal\u0161\u00edm obl\u00edben\u00fdm pokrmem jsou brambor\u00e1ky, co\u017e jsou placky z bramborov\u00e9ho t\u011bsta sma\u017een\u00e9 na oleji. Tyto placky se \u010dasto pod\u00e1vaj\u00ed s kysel\u00fdm zel\u00edm nebo se \u0161kvarky.<\/p>\n<p>\u010cesk\u00e1 kuchyn\u011b je tak\u00e9 zn\u00e1m\u00e1 sv\u00fdmi sladk\u00fdmi dezerty. Mezi nejobl\u00edben\u011bj\u0161\u00ed pat\u0159\u00ed tradi\u010dn\u00ed ovocn\u00e9 knedl\u00edky, buchty, z\u00e1kusky a kol\u00e1\u010de. Nejzn\u00e1m\u011bj\u0161\u00edm \u010desk\u00fdm dezertem je bezpochyby ovocn\u00fd kol\u00e1\u010d zvan\u00fd &#8220;kol\u00e1\u010d s jablky&#8221;, kter\u00fd se skl\u00e1d\u00e1 z k\u0159ehk\u00e9ho t\u011bsta a pl\u00e1tk\u016f jablek posypan\u00fdch sko\u0159ic\u00ed a cukrem.<\/p>\n<p>Krom\u011b tradi\u010dn\u00edch pokrm\u016f najdeme v \u010desk\u00e9 kuchyni tak\u00e9 mnoho region\u00e1ln\u00edch specialit. Nap\u0159\u00edklad v ji\u017en\u00edch \u010cech\u00e1ch jsou obl\u00edben\u00e9 ryby, jako je pstruh nebo kapr, kter\u00e9 se \u010dasto pod\u00e1vaj\u00ed s bramborov\u00fdm sal\u00e1tem. V Moravsk\u00e9m kraji je pak velmi popul\u00e1rn\u00ed klob\u00e1sa zvan\u00e1 &#8220;jitrnice&#8221;, kter\u00e1 se pod\u00e1v\u00e1 s kysel\u00fdm zel\u00edm a chlebem.<\/p>\n<p>\u010cesk\u00e1 kuchyn\u011b je tak\u00e9 zn\u00e1m\u00e1 sv\u00fdmi v\u00fdborn\u00fdmi pivy. V \u010cesk\u00e9 republice se vyr\u00e1b\u00ed v\u00edce ne\u017e 400 druh\u016f piva a ka\u017ed\u00fd region m\u00e1 sv\u00e9 vlastn\u00ed obl\u00edben\u00e9 zna\u010dky. Nejzn\u00e1m\u011bj\u0161\u00edm \u010desk\u00fdm pivem je bezpochyby Pilsner Urquell, kter\u00fd se va\u0159\u00ed v Plzni ji\u017e od roku 1842.<\/p>\n<p>V posledn\u00edch letech se \u010desk\u00e1 kuchyn\u011b st\u00e1v\u00e1 st\u00e1le popul\u00e1rn\u011bj\u0161\u00ed i v zahrani\u010d\u00ed. Mnoho \u010desk\u00fdch restaurac\u00ed se objevilo v zahrani\u010d\u00ed a \u010desk\u00e9 speciality jsou \u010dasto sou\u010d\u00e1st\u00ed mezin\u00e1rodn\u00edch j\u00eddeln\u00ed\u010dk\u016f. \u010cesk\u00e1 kuchyn\u011b je jedine\u010dn\u00e1 svou jednoduchost\u00ed, ale z\u00e1rove\u0148 bohatstv\u00edm chut\u00ed a v\u016fn\u00ed. Pokud se chyst\u00e1te nav\u0161t\u00edvit \u010ceskou republiku, ur\u010dit\u011b si vychutnejte n\u011bkter\u00e9 z jej\u00edch tradi\u010dn\u00edch pokrm\u016f a dezert\u016f a objevte kouzlo \u010desk\u00e9 kuchyn\u011b.<\/p>\n<\/div>\n<div class=\"topic\">\n<h2>Jak\u00e9 jsou v\u00fdzvy, se kter\u00fdmi se mohou osoby s Aspergerov\u00fdm syndromem setkat v ka\u017edodenn\u00edm \u017eivot\u011b?<\/h2>\n<p>Asperger\u016fv syndrom je neurov\u00fdvojov\u00e9 onemocn\u011bn\u00ed, kter\u00e9 ovliv\u0148uje soci\u00e1ln\u00ed interakci a komunikaci u jedinc\u016f. Osoby s t\u00edmto syndromem se mohou setkat s r\u016fzn\u00fdmi v\u00fdzvami v ka\u017edodenn\u00edm \u017eivot\u011b, kter\u00e9 mohou b\u00fdt pro n\u011b n\u00e1ro\u010dn\u00e9 a obt\u00ed\u017en\u00e9.<\/p>\n<p>Jednou z hlavn\u00edch v\u00fdzev pro osoby s Aspergerov\u00fdm syndromem je porozum\u011bn\u00ed soci\u00e1ln\u00edm interakc\u00edm a n\u00e1vaznostem. Tyto osoby maj\u00ed \u010dasto probl\u00e9my s porozum\u011bn\u00edm neverb\u00e1ln\u00ed komunikace, jako jsou nap\u0159\u00edklad gesta, mimika a t\u00f3n hlasu. Mohou tak\u00e9 m\u00edt probl\u00e9my s porozum\u011bn\u00edm soci\u00e1ln\u00edm n\u00e1vaznostem, jako jsou nap\u0159\u00edklad vtipy, sarkasmus a ironie. To m\u016f\u017ee v\u00e9st k nedorozum\u011bn\u00edm a probl\u00e9m\u016fm v komunikaci s ostatn\u00edmi.<\/p>\n<p>Dal\u0161\u00ed v\u00fdzvou pro osoby s Aspergerov\u00fdm syndromem m\u016f\u017ee b\u00fdt citlivost na podn\u011bty. Mnoho jedinc\u016f s t\u00edmto syndromem m\u00e1 vysokou citlivost na zvuky, sv\u011btlo, doteky a v\u016fn\u011b. To m\u016f\u017ee b\u00fdt pro n\u011b velmi ru\u0161iv\u00e9 a m\u016f\u017ee zp\u016fsobovat \u00fazkost a nepohodl\u00ed. Nap\u0159\u00edklad hlu\u010dn\u00e9 prost\u0159ed\u00ed, jako je ru\u0161n\u00e1 ulice nebo p\u0159epln\u011bn\u00e1 m\u00edstnost, m\u016f\u017ee b\u00fdt pro n\u011b velmi obt\u00ed\u017en\u00e9 zvl\u00e1dnout.<\/p>\n<p>Dal\u0161\u00edm probl\u00e9mem, se kter\u00fdm se mohou osoby s Aspergerov\u00fdm syndromem setkat, je rigidn\u00ed my\u0161len\u00ed a odpor k zm\u011bn\u00e1m. Tyto osoby maj\u00ed \u010dasto tendenci b\u00fdt velmi organizovan\u00e9 a p\u0159esn\u00e9 a maj\u00ed pot\u00ed\u017ee s p\u0159izp\u016fsoben\u00edm se nov\u00fdm situac\u00edm nebo zm\u011bn\u00e1m v rutin\u011b. To m\u016f\u017ee b\u00fdt pro n\u011b velmi stresuj\u00edc\u00ed a m\u016f\u017ee v\u00e9st k \u00fazkosti a neklidu.<\/p>\n<p>Dal\u0161\u00ed v\u00fdzvou pro osoby s Aspergerov\u00fdm syndromem m\u016f\u017ee b\u00fdt porozum\u011bn\u00ed emoc\u00edm a vyjad\u0159ov\u00e1n\u00ed vlastn\u00edch emoc\u00ed. Tyto osoby maj\u00ed \u010dasto probl\u00e9my s rozpozn\u00e1v\u00e1n\u00edm a vyjad\u0159ov\u00e1n\u00edm emoc\u00ed, co\u017e m\u016f\u017ee v\u00e9st k nedorozum\u011bn\u00edm a probl\u00e9m\u016fm v komunikaci s ostatn\u00edmi. Mohou tak\u00e9 m\u00edt pot\u00ed\u017ee s regulac\u00ed sv\u00fdch emoc\u00ed a mohou se snadno roz\u010d\u00edlit nebo p\u0159ehnan\u011b reagovat na ur\u010dit\u00e9 situace.<\/p>\n<p>V neposledn\u00ed \u0159ad\u011b mohou osoby s Aspergerov\u00fdm syndromem m\u00edt probl\u00e9my s porozum\u011bn\u00edm a zvl\u00e1d\u00e1n\u00edm ka\u017edodenn\u00edch \u00fakol\u016f a povinnost\u00ed. Mohou m\u00edt pot\u00ed\u017ee s pl\u00e1nov\u00e1n\u00edm, organizac\u00ed a prioritizac\u00ed \u00fakol\u016f, co\u017e m\u016f\u017ee v\u00e9st k probl\u00e9m\u016fm v pr\u00e1ci, \u0161kole nebo v dom\u00e1cnosti.<\/p>\n<p>Je d\u016fle\u017eit\u00e9 si uv\u011bdomit, \u017ee ka\u017ed\u00e1 osoba s Aspergerov\u00fdm syndromem je jedine\u010dn\u00e1 a m\u016f\u017ee m\u00edt r\u016fzn\u00e9 v\u00fdzvy v ka\u017edodenn\u00edm \u017eivot\u011b. Je d\u016fle\u017eit\u00e9 poskytnout jim podporu a porozum\u011bn\u00ed, aby mohly \u00fasp\u011b\u0161n\u011b zvl\u00e1dat tyto v\u00fdzvy a \u017e\u00edt plnohodnotn\u00fd \u017eivot.<\/p>\n<\/div>\n<div class=\"topic\">\n<h2>Osoby s Aspergerov\u00fdm syndromem se mohou pot\u00fdkat s r\u016fzn\u00fdmi v\u00fdzvami v ka\u017edodenn\u00edm \u017eivot\u011b, jako je nap\u0159\u00edklad porozum\u011bn\u00ed soci\u00e1ln\u00edm situac\u00edm, komunikace s ostatn\u00edmi lidmi a p\u0159izp\u016fsoben\u00ed se zm\u011bn\u00e1m<\/h2>\n<p>Asperger\u016fv syndrom je neurov\u00fdvojov\u00e9 onemocn\u011bn\u00ed, kter\u00e9 ovliv\u0148uje soci\u00e1ln\u00ed interakce, komunikaci a chov\u00e1n\u00ed jedince. Osoby s t\u00edmto syndromem se mohou pot\u00fdkat s r\u016fzn\u00fdmi v\u00fdzvami v ka\u017edodenn\u00edm \u017eivot\u011b, kter\u00e9 mohou b\u00fdt pro n\u011b velmi n\u00e1ro\u010dn\u00e9 a obt\u00ed\u017en\u00e9.<\/p>\n<p>Jednou z hlavn\u00edch v\u00fdzev, se kter\u00fdmi se osoby s Aspergerov\u00fdm syndromem mohou pot\u00fdkat, je porozum\u011bn\u00ed soci\u00e1ln\u00edm situac\u00edm. Tito jedinci maj\u00ed \u010dasto probl\u00e9my s \u010dten\u00edm neverb\u00e1ln\u00edch sign\u00e1l\u016f a porozum\u011bn\u00edm soci\u00e1ln\u00edm n\u00e1vyk\u016fm, co\u017e m\u016f\u017ee v\u00e9st k nedorozum\u011bn\u00edm a probl\u00e9m\u016fm v komunikaci s ostatn\u00edmi lidmi. Mohou m\u00edt tak\u00e9 probl\u00e9my s porozum\u011bn\u00edm emoc\u00edm a vyj\u00e1d\u0159en\u00edm sv\u00fdch vlastn\u00edch emoc\u00ed, co\u017e m\u016f\u017ee v\u00e9st k pocitu izolace a nepochopen\u00ed.<\/p>\n<p>Dal\u0161\u00ed v\u00fdzvou m\u016f\u017ee b\u00fdt komunikace s ostatn\u00edmi lidmi. Osoby s Aspergerov\u00fdm syndromem mohou m\u00edt probl\u00e9my s porozum\u011bn\u00edm jazyka a s vyjad\u0159ov\u00e1n\u00edm sv\u00fdch my\u0161lenek a pocit\u016f. Mohou m\u00edt tak\u00e9 probl\u00e9my s porozum\u011bn\u00edm ironie, sarkasmu a metafor, co\u017e m\u016f\u017ee v\u00e9st k nedorozum\u011bn\u00edm a probl\u00e9m\u016fm v komunikaci s ostatn\u00edmi.<\/p>\n<p>P\u0159izp\u016fsoben\u00ed se zm\u011bn\u00e1m m\u016f\u017ee b\u00fdt tak\u00e9 velkou v\u00fdzvou pro osoby s Aspergerov\u00fdm syndromem. Tito jedinci maj\u00ed \u010dasto r\u00e1di rutinu a p\u0159edv\u00eddatelnost, a proto mohou m\u00edt probl\u00e9my s p\u0159izp\u016fsoben\u00edm se nov\u00fdm situac\u00edm a zm\u011bn\u00e1m v \u017eivot\u011b. Mohou tak\u00e9 m\u00edt probl\u00e9my s p\u0159izp\u016fsoben\u00edm se nov\u00fdm lidem a prost\u0159ed\u00ed, co\u017e m\u016f\u017ee b\u00fdt pro n\u011b velmi stresuj\u00edc\u00ed.<\/p>\n<p>Je d\u016fle\u017eit\u00e9, aby osoby s Aspergerov\u00fdm syndromem dost\u00e1valy podporu a porozum\u011bn\u00ed od sv\u00e9ho okol\u00ed. Rodina, p\u0159\u00e1tel\u00e9 a u\u010ditel\u00e9 mohou hr\u00e1t d\u016fle\u017eitou roli v tom, aby se tito jedinci c\u00edtili p\u0159ijat\u00ed a podporovan\u00ed. Je tak\u00e9 d\u016fle\u017eit\u00e9, aby se vzd\u011bl\u00e1vali o tomto syndromu a nau\u010dili se, jak l\u00e9pe komunikovat a interagovat s osobami s Aspergerov\u00fdm syndromem.<\/p>\n<p>Existuje tak\u00e9 mnoho strategi\u00ed, kter\u00e9 mohou pomoci osob\u00e1m s Aspergerov\u00fdm syndromem zvl\u00e1dat tyto v\u00fdzvy. Jednou z nich je vytv\u00e1\u0159en\u00ed strukturovan\u00e9ho prost\u0159ed\u00ed a rutiny, kter\u00e1 m\u016f\u017ee pomoci sn\u00ed\u017eit \u00fazkost a stres. Dal\u0161\u00ed strategi\u00ed m\u016f\u017ee b\u00fdt vyu\u017e\u00edv\u00e1n\u00ed vizu\u00e1ln\u00edch pom\u016fcek, jako jsou pl\u00e1ny a diagramy, kter\u00e9 mohou pomoci s porozum\u011bn\u00edm a organizac\u00ed informac\u00ed.<\/p>\n<p>V neposledn\u00ed \u0159ad\u011b je d\u016fle\u017eit\u00e9, aby osoby s Aspergerov\u00fdm syndromem m\u011bly p\u0159\u00edstup k odborn\u00e9 pomoci, jako jsou terapie a podp\u016frn\u00e9 skupiny. Tyto zdroje mohou pomoci s porozum\u011bn\u00edm a zvl\u00e1d\u00e1n\u00edm emoc\u00ed a soci\u00e1ln\u00edch interakc\u00ed.<\/p>\n<p>V z\u00e1v\u011bru je t\u0159eba zd\u016fraznit, \u017ee osoby s Aspergerov\u00fdm syndromem jsou jedine\u010dn\u00e9 a maj\u00ed sv\u00e9 vlastn\u00ed schopnosti a talenty. Je d\u016fle\u017eit\u00e9, abychom se u\u010dili respektovat a p\u0159ij\u00edmat rozd\u00edly mezi jednotliv\u00fdmi lidmi a poskytovali podporu a porozum\u011bn\u00ed t\u011bm, kte\u0159\u00ed se pot\u00fdkaj\u00ed s v\u00fdzvami spojen\u00fdmi s Aspergerov\u00fdm syndromem.<\/p>\n<\/div>\n<\/div>\n","protected":false},"excerpt":{"rendered":"<p>Co je Asperger\u016fv syndrom a jak\u00e9 jsou jeho p\u0159\u00edznaky? Asperger\u016fv syndrom je neurov\u00fdvojov\u00e9 onemocn\u011bn\u00ed, kter\u00e9 se projevuje p\u0159edev\u0161\u00edm v oblasti soci\u00e1ln\u00edch interakc\u00ed a komunikace. Jedn\u00e1&#8230;<\/p>\n","protected":false},"author":1,"featured_media":2818,"comment_status":"closed","ping_status":"open","sticky":false,"template":"","format":"standard","meta":{"inline_featured_image":false},"categories":[849],"tags":[],"yoast_head":"<!-- This site is optimized with the Yoast SEO plugin v18.1 - https:\/\/yoast.com\/wordpress\/plugins\/seo\/ -->\n<title>Asperger\u016fv syndrom - Test Mysli<\/title>\n<meta name=\"robots\" content=\"index, follow, max-snippet:-1, max-image-preview:large, max-video-preview:-1\" \/>\n<link rel=\"canonical\" href=\"https:\/\/www.diagnostika-mysli.cz\/blog\/autismus\/aspergeruv-syndrom-2\/\" \/>\n<meta property=\"og:locale\" content=\"cs_CZ\" \/>\n<meta property=\"og:type\" content=\"article\" \/>\n<meta property=\"og:title\" content=\"Asperger\u016fv syndrom - Test Mysli\" \/>\n<meta property=\"og:description\" content=\"Co je Asperger\u016fv syndrom a jak\u00e9 jsou jeho p\u0159\u00edznaky? Asperger\u016fv syndrom je neurov\u00fdvojov\u00e9 onemocn\u011bn\u00ed, kter\u00e9 se projevuje p\u0159edev\u0161\u00edm v oblasti soci\u00e1ln\u00edch interakc\u00ed a komunikace. Jedn\u00e1...\" \/>\n<meta property=\"og:url\" content=\"https:\/\/www.diagnostika-mysli.cz\/blog\/autismus\/aspergeruv-syndrom-2\/\" \/>\n<meta property=\"og:site_name\" content=\"Test Mysli\" \/>\n<meta property=\"article:published_time\" content=\"2025-01-28T03:26:56+00:00\" \/>\n<meta property=\"article:modified_time\" content=\"2025-01-28T09:25:36+00:00\" \/>\n<meta name=\"twitter:card\" content=\"summary_large_image\" \/>\n<meta name=\"twitter:image\" content=\"https:\/\/www.diagnostika-mysli.cz\/blog\/wp-content\/uploads\/2025\/01\/img_autism_9.webp\" \/>\n<meta name=\"twitter:label1\" content=\"Napsal(a)\" \/>\n\t<meta name=\"twitter:data1\" content=\"Test Mysli\" \/>\n\t<meta name=\"twitter:label2\" content=\"Odhadovan\u00e1 doba \u010dten\u00ed\" \/>\n\t<meta name=\"twitter:data2\" content=\"23 minut\" \/>\n<script type=\"application\/ld+json\" class=\"yoast-schema-graph\">{\"@context\":\"https:\/\/schema.org\",\"@graph\":[{\"@type\":\"WebSite\",\"@id\":\"https:\/\/www.diagnostika-mysli.cz\/blog\/#website\",\"url\":\"https:\/\/www.diagnostika-mysli.cz\/blog\/\",\"name\":\"Test Mysli\",\"description\":\"Blog o poruch\u00e1ch mysli\",\"potentialAction\":[{\"@type\":\"SearchAction\",\"target\":{\"@type\":\"EntryPoint\",\"urlTemplate\":\"https:\/\/www.diagnostika-mysli.cz\/blog\/?s={search_term_string}\"},\"query-input\":\"required name=search_term_string\"}],\"inLanguage\":\"cs\"},{\"@type\":\"ImageObject\",\"@id\":\"https:\/\/www.diagnostika-mysli.cz\/blog\/autismus\/aspergeruv-syndrom-2\/#primaryimage\",\"inLanguage\":\"cs\",\"url\":\"https:\/\/www.diagnostika-mysli.cz\/blog\/wp-content\/uploads\/2025\/01\/img_autism_9.webp\",\"contentUrl\":\"https:\/\/www.diagnostika-mysli.cz\/blog\/wp-content\/uploads\/2025\/01\/img_autism_9.webp\",\"width\":1024,\"height\":1024},{\"@type\":\"WebPage\",\"@id\":\"https:\/\/www.diagnostika-mysli.cz\/blog\/autismus\/aspergeruv-syndrom-2\/#webpage\",\"url\":\"https:\/\/www.diagnostika-mysli.cz\/blog\/autismus\/aspergeruv-syndrom-2\/\",\"name\":\"Asperger\u016fv syndrom - Test Mysli\",\"isPartOf\":{\"@id\":\"https:\/\/www.diagnostika-mysli.cz\/blog\/#website\"},\"primaryImageOfPage\":{\"@id\":\"https:\/\/www.diagnostika-mysli.cz\/blog\/autismus\/aspergeruv-syndrom-2\/#primaryimage\"},\"datePublished\":\"2025-01-28T03:26:56+00:00\",\"dateModified\":\"2025-01-28T09:25:36+00:00\",\"author\":{\"@id\":\"https:\/\/www.diagnostika-mysli.cz\/blog\/#\/schema\/person\/8eb1bcaf59fea75c780c11946f4e3490\"},\"breadcrumb\":{\"@id\":\"https:\/\/www.diagnostika-mysli.cz\/blog\/autismus\/aspergeruv-syndrom-2\/#breadcrumb\"},\"inLanguage\":\"cs\",\"potentialAction\":[{\"@type\":\"ReadAction\",\"target\":[\"https:\/\/www.diagnostika-mysli.cz\/blog\/autismus\/aspergeruv-syndrom-2\/\"]}]},{\"@type\":\"BreadcrumbList\",\"@id\":\"https:\/\/www.diagnostika-mysli.cz\/blog\/autismus\/aspergeruv-syndrom-2\/#breadcrumb\",\"itemListElement\":[{\"@type\":\"ListItem\",\"position\":1,\"name\":\"Blog\",\"item\":\"https:\/\/www.diagnostika-mysli.cz\/blog\/\"},{\"@type\":\"ListItem\",\"position\":2,\"name\":\"Autismus\",\"item\":\"https:\/\/www.diagnostika-mysli.cz\/blog\/autismus\/\"},{\"@type\":\"ListItem\",\"position\":3,\"name\":\"Asperger\u016fv syndrom\"}]},{\"@type\":\"Person\",\"@id\":\"https:\/\/www.diagnostika-mysli.cz\/blog\/#\/schema\/person\/8eb1bcaf59fea75c780c11946f4e3490\",\"name\":\"Test Mysli\",\"image\":{\"@type\":\"ImageObject\",\"@id\":\"https:\/\/www.diagnostika-mysli.cz\/blog\/#personlogo\",\"inLanguage\":\"cs\",\"url\":\"https:\/\/secure.gravatar.com\/avatar\/6743211f010801ea26aa9423a2daab37?s=96&d=mm&r=g\",\"contentUrl\":\"https:\/\/secure.gravatar.com\/avatar\/6743211f010801ea26aa9423a2daab37?s=96&d=mm&r=g\",\"caption\":\"Test Mysli\"},\"sameAs\":[\"https:\/\/www.diagnostika-mysli.cz\/blog\"],\"url\":\"https:\/\/www.diagnostika-mysli.cz\/blog\/author\/diagnostyka-umyslu\/\"}]}<\/script>\n<!-- \/ Yoast SEO plugin. -->","yoast_head_json":{"title":"Asperger\u016fv syndrom - Test Mysli","robots":{"index":"index","follow":"follow","max-snippet":"max-snippet:-1","max-image-preview":"max-image-preview:large","max-video-preview":"max-video-preview:-1"},"canonical":"https:\/\/www.diagnostika-mysli.cz\/blog\/autismus\/aspergeruv-syndrom-2\/","og_locale":"cs_CZ","og_type":"article","og_title":"Asperger\u016fv syndrom - Test Mysli","og_description":"Co je Asperger\u016fv syndrom a jak\u00e9 jsou jeho p\u0159\u00edznaky? Asperger\u016fv syndrom je neurov\u00fdvojov\u00e9 onemocn\u011bn\u00ed, kter\u00e9 se projevuje p\u0159edev\u0161\u00edm v oblasti soci\u00e1ln\u00edch interakc\u00ed a komunikace. Jedn\u00e1...","og_url":"https:\/\/www.diagnostika-mysli.cz\/blog\/autismus\/aspergeruv-syndrom-2\/","og_site_name":"Test Mysli","article_published_time":"2025-01-28T03:26:56+00:00","article_modified_time":"2025-01-28T09:25:36+00:00","twitter_card":"summary_large_image","twitter_image":"https:\/\/www.diagnostika-mysli.cz\/blog\/wp-content\/uploads\/2025\/01\/img_autism_9.webp","twitter_misc":{"Napsal(a)":"Test Mysli","Odhadovan\u00e1 doba \u010dten\u00ed":"23 minut"},"schema":{"@context":"https:\/\/schema.org","@graph":[{"@type":"WebSite","@id":"https:\/\/www.diagnostika-mysli.cz\/blog\/#website","url":"https:\/\/www.diagnostika-mysli.cz\/blog\/","name":"Test Mysli","description":"Blog o poruch\u00e1ch mysli","potentialAction":[{"@type":"SearchAction","target":{"@type":"EntryPoint","urlTemplate":"https:\/\/www.diagnostika-mysli.cz\/blog\/?s={search_term_string}"},"query-input":"required name=search_term_string"}],"inLanguage":"cs"},{"@type":"ImageObject","@id":"https:\/\/www.diagnostika-mysli.cz\/blog\/autismus\/aspergeruv-syndrom-2\/#primaryimage","inLanguage":"cs","url":"https:\/\/www.diagnostika-mysli.cz\/blog\/wp-content\/uploads\/2025\/01\/img_autism_9.webp","contentUrl":"https:\/\/www.diagnostika-mysli.cz\/blog\/wp-content\/uploads\/2025\/01\/img_autism_9.webp","width":1024,"height":1024},{"@type":"WebPage","@id":"https:\/\/www.diagnostika-mysli.cz\/blog\/autismus\/aspergeruv-syndrom-2\/#webpage","url":"https:\/\/www.diagnostika-mysli.cz\/blog\/autismus\/aspergeruv-syndrom-2\/","name":"Asperger\u016fv syndrom - Test Mysli","isPartOf":{"@id":"https:\/\/www.diagnostika-mysli.cz\/blog\/#website"},"primaryImageOfPage":{"@id":"https:\/\/www.diagnostika-mysli.cz\/blog\/autismus\/aspergeruv-syndrom-2\/#primaryimage"},"datePublished":"2025-01-28T03:26:56+00:00","dateModified":"2025-01-28T09:25:36+00:00","author":{"@id":"https:\/\/www.diagnostika-mysli.cz\/blog\/#\/schema\/person\/8eb1bcaf59fea75c780c11946f4e3490"},"breadcrumb":{"@id":"https:\/\/www.diagnostika-mysli.cz\/blog\/autismus\/aspergeruv-syndrom-2\/#breadcrumb"},"inLanguage":"cs","potentialAction":[{"@type":"ReadAction","target":["https:\/\/www.diagnostika-mysli.cz\/blog\/autismus\/aspergeruv-syndrom-2\/"]}]},{"@type":"BreadcrumbList","@id":"https:\/\/www.diagnostika-mysli.cz\/blog\/autismus\/aspergeruv-syndrom-2\/#breadcrumb","itemListElement":[{"@type":"ListItem","position":1,"name":"Blog","item":"https:\/\/www.diagnostika-mysli.cz\/blog\/"},{"@type":"ListItem","position":2,"name":"Autismus","item":"https:\/\/www.diagnostika-mysli.cz\/blog\/autismus\/"},{"@type":"ListItem","position":3,"name":"Asperger\u016fv syndrom"}]},{"@type":"Person","@id":"https:\/\/www.diagnostika-mysli.cz\/blog\/#\/schema\/person\/8eb1bcaf59fea75c780c11946f4e3490","name":"Test Mysli","image":{"@type":"ImageObject","@id":"https:\/\/www.diagnostika-mysli.cz\/blog\/#personlogo","inLanguage":"cs","url":"https:\/\/secure.gravatar.com\/avatar\/6743211f010801ea26aa9423a2daab37?s=96&d=mm&r=g","contentUrl":"https:\/\/secure.gravatar.com\/avatar\/6743211f010801ea26aa9423a2daab37?s=96&d=mm&r=g","caption":"Test Mysli"},"sameAs":["https:\/\/www.diagnostika-mysli.cz\/blog"],"url":"https:\/\/www.diagnostika-mysli.cz\/blog\/author\/diagnostyka-umyslu\/"}]}},"amp_enabled":true,"_links":{"self":[{"href":"https:\/\/www.diagnostika-mysli.cz\/blog\/wp-json\/wp\/v2\/posts\/2869"}],"collection":[{"href":"https:\/\/www.diagnostika-mysli.cz\/blog\/wp-json\/wp\/v2\/posts"}],"about":[{"href":"https:\/\/www.diagnostika-mysli.cz\/blog\/wp-json\/wp\/v2\/types\/post"}],"author":[{"embeddable":true,"href":"https:\/\/www.diagnostika-mysli.cz\/blog\/wp-json\/wp\/v2\/users\/1"}],"replies":[{"embeddable":true,"href":"https:\/\/www.diagnostika-mysli.cz\/blog\/wp-json\/wp\/v2\/comments?post=2869"}],"version-history":[{"count":2,"href":"https:\/\/www.diagnostika-mysli.cz\/blog\/wp-json\/wp\/v2\/posts\/2869\/revisions"}],"predecessor-version":[{"id":2871,"href":"https:\/\/www.diagnostika-mysli.cz\/blog\/wp-json\/wp\/v2\/posts\/2869\/revisions\/2871"}],"wp:featuredmedia":[{"embeddable":true,"href":"https:\/\/www.diagnostika-mysli.cz\/blog\/wp-json\/wp\/v2\/media\/2818"}],"wp:attachment":[{"href":"https:\/\/www.diagnostika-mysli.cz\/blog\/wp-json\/wp\/v2\/media?parent=2869"}],"wp:term":[{"taxonomy":"category","embeddable":true,"href":"https:\/\/www.diagnostika-mysli.cz\/blog\/wp-json\/wp\/v2\/categories?post=2869"},{"taxonomy":"post_tag","embeddable":true,"href":"https:\/\/www.diagnostika-mysli.cz\/blog\/wp-json\/wp\/v2\/tags?post=2869"}],"curies":[{"name":"wp","href":"https:\/\/api.w.org\/{rel}","templated":true}]}}