{"id":2875,"date":"2025-01-29T04:25:26","date_gmt":"2025-01-29T03:25:26","guid":{"rendered":"https:\/\/www.diagnostika-mysli.cz\/blog\/autismus\/autismus-test-2\/"},"modified":"2025-01-29T04:25:26","modified_gmt":"2025-01-29T03:25:26","slug":"autismus-test-2","status":"publish","type":"post","link":"https:\/\/www.diagnostika-mysli.cz\/blog\/autismus\/autismus-test-2\/","title":{"rendered":"Autismus test"},"content":{"rendered":"<div class='topics'>\n<div class='topic'>\n<h2>Co je to autismus a jak\u00e9 jsou jeho p\u0159\u00edznaky?<\/h2>\n<p>Autismus je neurov\u00fdvojov\u00e1 porucha, kter\u00e1 ovliv\u0148uje komunikaci a soci\u00e1ln\u00ed interakci jedince. Tato porucha se projevuje ji\u017e v ran\u00e9m d\u011btstv\u00ed a trv\u00e1 cel\u00fd \u017eivot. P\u0159esn\u00e1 p\u0159\u00ed\u010dina autismu nen\u00ed zn\u00e1ma, ale v\u011bdci se domn\u00edvaj\u00ed, \u017ee je zp\u016fsobena kombinac\u00ed genetick\u00fdch a environment\u00e1ln\u00edch faktor\u016f.<\/p>\n<p>Jedn\u00edm z hlavn\u00edch p\u0159\u00edznak\u016f autismu je probl\u00e9m s komunikac\u00ed. D\u011bti s touto poruchou maj\u00ed \u010dasto probl\u00e9my s verb\u00e1ln\u00ed komunikac\u00ed a mohou m\u00edt omezen\u00fd slovn\u00ed z\u00e1sobn\u00edk. Mnoho z nich tak\u00e9 nem\u00e1 schopnost porozum\u011bt neverb\u00e1ln\u00edm sign\u00e1l\u016fm, jako jsou gesta, mimika a t\u00f3n hlasu. To m\u016f\u017ee v\u00e9st k nedorozum\u011bn\u00ed a probl\u00e9m\u016fm v komunikaci s ostatn\u00edmi.<\/p>\n<p>Dal\u0161\u00edm v\u00fdznamn\u00fdm p\u0159\u00edznakem autismu je omezen\u00fd z\u00e1jem o soci\u00e1ln\u00ed interakci. D\u011bti s touto poruchou se moh<\/p>\n<\/div>\n<div class='topic'>\n<h2>Jak prob\u00edh\u00e1 testov\u00e1n\u00ed na autismus a kdo by m\u011bl b\u00fdt testov\u00e1n?<\/h2>\n<p>Testov\u00e1n\u00ed na autismus je proces, kter\u00fdm se zji\u0161\u0165uje p\u0159\u00edtomnost nebo nep\u0159\u00edtomnost t\u00e9to poruchy u jednotlivce. Jedn\u00e1 se o d\u016fle\u017eit\u00fd krok v diagnostice a l\u00e9\u010db\u011b autismu, kter\u00fd m\u016f\u017ee pomoci jednotlivc\u016fm s touto poruchou z\u00edskat p\u0159\u00edstup k vhodn\u00e9 terapii a podpo\u0159e.<\/p>\n<p>Existuje n\u011bkolik r\u016fzn\u00fdch metod testov\u00e1n\u00ed na autismus, kter\u00e9 se li\u0161\u00ed v z\u00e1vislosti na v\u011bku a schopnostech jednotlivce. Nej\u010dast\u011bji pou\u017e\u00edvanou metodou je diagnostick\u00fd rozhovor, kter\u00fd prov\u00e1d\u00ed klinick\u00fd psycholog nebo psychiatr. B\u011bhem tohoto rozhovoru jsou zkoum\u00e1ny r\u016fzn\u00e9 oblasti, jako jsou soci\u00e1ln\u00ed interakce, komunikace a chov\u00e1n\u00ed. D\u00e1le se m\u016f\u017ee prov\u00e1d\u011bt pozorov\u00e1n\u00ed jednotlivce v r\u016fzn\u00fdch situac\u00edch, nap\u0159\u00edklad ve \u0161kole nebo doma.<\/p>\n<p>Dal\u0161\u00ed metodou testov\u00e1n\u00ed je pou\u017eit\u00ed standardizovan\u00fdch dotazn\u00edk\u016f, kter\u00e9 vypl<\/p>\n<\/div>\n<div class='topic'>\n<h2>Jak\u00e9 jsou r\u016fzn\u00e9 typy test\u016f na autismus a jak se li\u0161\u00ed v\u00fdsledky?<\/h2>\n<p>Autismus je neurov\u00fdvojov\u00e9 onemocn\u011bn\u00ed, kter\u00e9 ovliv\u0148uje soci\u00e1ln\u00ed interakci, komunikaci a chov\u00e1n\u00ed jedince. Pro diagn\u00f3zu autismu se pou\u017e\u00edvaj\u00ed r\u016fzn\u00e9 typy test\u016f, kter\u00e9 pom\u00e1haj\u00ed l\u00e9ka\u0159\u016fm a odborn\u00edk\u016fm ur\u010dit p\u0159\u00edtomnost tohoto onemocn\u011bn\u00ed u jedince. V tomto \u010dl\u00e1nku se pod\u00edv\u00e1me na r\u016fzn\u00e9 typy test\u016f na autismus a jak se li\u0161\u00ed v\u00fdsledky.<\/p>\n<p>1. Diagnostick\u00e9 testy<\/p>\n<p>Diagnostick\u00e9 testy jsou nej\u010dast\u011bji pou\u017e\u00edvan\u00fdm typem test\u016f na autismus. Tyto testy se zam\u011b\u0159uj\u00ed na hodnocen\u00ed chov\u00e1n\u00ed, komunikace a soci\u00e1ln\u00edch interakc\u00ed jedince. Mezi nejzn\u00e1m\u011bj\u0161\u00ed diagnostick\u00e9 testy pat\u0159\u00ed Autism Diagnostic Observation Schedule (ADOS) a Autism Diagnostic Interview-Revised (ADI-R). Tyto testy jsou prov\u00e1d\u011bny odborn\u00edky a zahrnuj\u00ed pozorov\u00e1n\u00ed a rozhovory s jedincem a jeho rodinou. V\u00fdsledky t\u011bchto test\u016f js<\/p>\n<\/div>\n<div class='topic'>\n<h2>Jak\u00e9 jsou mo\u017enosti l\u00e9\u010dby pro osoby s autismem a jak testov\u00e1n\u00ed m\u016f\u017ee pomoci v jejich l\u00e9\u010db\u011b?<\/h2>\n<p>Autismus je neurov\u00fdvojov\u00e9 onemocn\u011bn\u00ed, kter\u00e9 ovliv\u0148uje soci\u00e1ln\u00ed interakci, komunikaci a chov\u00e1n\u00ed jedince. V sou\u010dasn\u00e9 dob\u011b nen\u00ed k dispozici \u017e\u00e1dn\u00e1 l\u00e9\u010dba, kter\u00e1 by mohla autismus vyl\u00e9\u010dit, ale existuje n\u011bkolik mo\u017enost\u00ed l\u00e9\u010dby, kter\u00e9 mohou pomoci zlep\u0161it kvalitu \u017eivota osob s touto poruchou.<\/p>\n<p>Jednou z mo\u017enost\u00ed l\u00e9\u010dby je behavior\u00e1ln\u00ed terapie, kter\u00e1 se zam\u011b\u0159uje na zm\u011bnu ne\u017e\u00e1douc\u00edho chov\u00e1n\u00ed a posilov\u00e1n\u00ed pozitivn\u00edho chov\u00e1n\u00ed. Tato terapie m\u016f\u017ee b\u00fdt prov\u00e1d\u011bna jednotliv\u011b nebo ve skupin\u011b a m\u016f\u017ee b\u00fdt p\u0159izp\u016fsobena pot\u0159eb\u00e1m ka\u017ed\u00e9ho jedince. Behavior\u00e1ln\u00ed terapie m\u016f\u017ee pomoci osob\u00e1m s autismem nau\u010dit se nov\u00e9 dovednosti, jako je komunikace, soci\u00e1ln\u00ed interakce a sebeobsluha.<\/p>\n<p>Dal\u0161\u00ed mo\u017enost\u00ed l\u00e9\u010dby je l\u00e9kov\u00e1 terapie, kter\u00e1 m\u016f\u017ee b\u00fdt pou\u017eita<\/p>\n<\/div>\n<div class='topic'>\n<h2>Jak mohou rodi\u010de a u\u010ditel\u00e9 pomoci d\u011btem s autismem p\u0159i testov\u00e1n\u00ed a vzd\u011bl\u00e1v\u00e1n\u00ed?<\/h2>\n<p>Autismus je neurov\u00fdvojov\u00e1 porucha, kter\u00e1 ovliv\u0148uje soci\u00e1ln\u00ed interakce, komunikaci a chov\u00e1n\u00ed u d\u011bt\u00ed. Pro d\u011bti s touto poruchou m\u016f\u017ee b\u00fdt testov\u00e1n\u00ed a vzd\u011bl\u00e1v\u00e1n\u00ed n\u00e1ro\u010dn\u00e9 a stresuj\u00edc\u00ed. Proto je d\u016fle\u017eit\u00e9, aby rodi\u010de a u\u010ditel\u00e9 poskytovali d\u011btem s autismem podporu a pomoc p\u0159i t\u011bchto \u010dinnostech.<\/p>\n<p>Prvn\u00edm krokem, kter\u00fd mohou rodi\u010de a u\u010ditel\u00e9 ud\u011blat, je porozum\u011bt specifick\u00fdm pot\u0159eb\u00e1m d\u00edt\u011bte s autismem. Ka\u017ed\u00e9 d\u00edt\u011b s touto poruchou je jedine\u010dn\u00e9 a m\u016f\u017ee m\u00edt odli\u0161n\u00e9 pot\u0159eby a schopnosti. Je d\u016fle\u017eit\u00e9 komunikovat s d\u00edt\u011btem a zjistit, jak\u00e9 jsou jeho siln\u00e9 str\u00e1nky a co mu m\u016f\u017ee p\u0159in\u00e9st \u00fazkost a stres. T\u00edmto zp\u016fsobem mohou rodi\u010de a u\u010ditel\u00e9 p\u0159izp\u016fsobit testov\u00e1n\u00ed a vzd\u011bl\u00e1v\u00e1n\u00ed tak, aby by<\/p>\n<\/div>\n<\/div>\n","protected":false},"excerpt":{"rendered":"<p>Co je to autismus a jak\u00e9 jsou jeho p\u0159\u00edznaky? Autismus je neurov\u00fdvojov\u00e1 porucha, kter\u00e1 ovliv\u0148uje komunikaci a soci\u00e1ln\u00ed interakci jedince. Tato porucha se projevuje ji\u017e&#8230;<\/p>\n","protected":false},"author":1,"featured_media":2876,"comment_status":"","ping_status":"open","sticky":false,"template":"","format":"standard","meta":{"inline_featured_image":false},"categories":[849],"tags":[],"yoast_head":"<!-- This site is optimized with the Yoast SEO plugin v18.1 - https:\/\/yoast.com\/wordpress\/plugins\/seo\/ -->\n<title>Autismus test - Test Mysli<\/title>\n<meta name=\"robots\" content=\"index, follow, max-snippet:-1, max-image-preview:large, max-video-preview:-1\" \/>\n<link rel=\"canonical\" href=\"https:\/\/www.diagnostika-mysli.cz\/blog\/autismus\/autismus-test-2\/\" \/>\n<meta property=\"og:locale\" content=\"cs_CZ\" \/>\n<meta property=\"og:type\" content=\"article\" \/>\n<meta property=\"og:title\" content=\"Autismus test - Test Mysli\" \/>\n<meta property=\"og:description\" content=\"Co je to autismus a jak\u00e9 jsou jeho p\u0159\u00edznaky? Autismus je neurov\u00fdvojov\u00e1 porucha, kter\u00e1 ovliv\u0148uje komunikaci a soci\u00e1ln\u00ed interakci jedince. Tato porucha se projevuje ji\u017e...\" \/>\n<meta property=\"og:url\" content=\"https:\/\/www.diagnostika-mysli.cz\/blog\/autismus\/autismus-test-2\/\" \/>\n<meta property=\"og:site_name\" content=\"Test Mysli\" \/>\n<meta property=\"article:published_time\" content=\"2025-01-29T03:25:26+00:00\" \/>\n<meta name=\"twitter:card\" content=\"summary_large_image\" \/>\n<meta name=\"twitter:label1\" content=\"Napsal(a)\" \/>\n\t<meta name=\"twitter:data1\" content=\"Test Mysli\" \/>\n\t<meta name=\"twitter:label2\" content=\"Odhadovan\u00e1 doba \u010dten\u00ed\" \/>\n\t<meta name=\"twitter:data2\" content=\"4 minuty\" \/>\n<script type=\"application\/ld+json\" class=\"yoast-schema-graph\">{\"@context\":\"https:\/\/schema.org\",\"@graph\":[{\"@type\":\"WebSite\",\"@id\":\"https:\/\/www.diagnostika-mysli.cz\/blog\/#website\",\"url\":\"https:\/\/www.diagnostika-mysli.cz\/blog\/\",\"name\":\"Test Mysli\",\"description\":\"Blog o poruch\u00e1ch mysli\",\"potentialAction\":[{\"@type\":\"SearchAction\",\"target\":{\"@type\":\"EntryPoint\",\"urlTemplate\":\"https:\/\/www.diagnostika-mysli.cz\/blog\/?s={search_term_string}\"},\"query-input\":\"required name=search_term_string\"}],\"inLanguage\":\"cs\"},{\"@type\":\"ImageObject\",\"@id\":\"https:\/\/www.diagnostika-mysli.cz\/blog\/autismus\/autismus-test-2\/#primaryimage\",\"inLanguage\":\"cs\",\"url\":\"https:\/\/www.diagnostika-mysli.cz\/blog\/wp-content\/uploads\/2025\/01\/image.png\",\"contentUrl\":\"https:\/\/www.diagnostika-mysli.cz\/blog\/wp-content\/uploads\/2025\/01\/image.png\",\"width\":256,\"height\":256},{\"@type\":\"WebPage\",\"@id\":\"https:\/\/www.diagnostika-mysli.cz\/blog\/autismus\/autismus-test-2\/#webpage\",\"url\":\"https:\/\/www.diagnostika-mysli.cz\/blog\/autismus\/autismus-test-2\/\",\"name\":\"Autismus test - Test Mysli\",\"isPartOf\":{\"@id\":\"https:\/\/www.diagnostika-mysli.cz\/blog\/#website\"},\"primaryImageOfPage\":{\"@id\":\"https:\/\/www.diagnostika-mysli.cz\/blog\/autismus\/autismus-test-2\/#primaryimage\"},\"datePublished\":\"2025-01-29T03:25:26+00:00\",\"dateModified\":\"2025-01-29T03:25:26+00:00\",\"author\":{\"@id\":\"https:\/\/www.diagnostika-mysli.cz\/blog\/#\/schema\/person\/8eb1bcaf59fea75c780c11946f4e3490\"},\"breadcrumb\":{\"@id\":\"https:\/\/www.diagnostika-mysli.cz\/blog\/autismus\/autismus-test-2\/#breadcrumb\"},\"inLanguage\":\"cs\",\"potentialAction\":[{\"@type\":\"ReadAction\",\"target\":[\"https:\/\/www.diagnostika-mysli.cz\/blog\/autismus\/autismus-test-2\/\"]}]},{\"@type\":\"BreadcrumbList\",\"@id\":\"https:\/\/www.diagnostika-mysli.cz\/blog\/autismus\/autismus-test-2\/#breadcrumb\",\"itemListElement\":[{\"@type\":\"ListItem\",\"position\":1,\"name\":\"Blog\",\"item\":\"https:\/\/www.diagnostika-mysli.cz\/blog\/\"},{\"@type\":\"ListItem\",\"position\":2,\"name\":\"Autismus\",\"item\":\"https:\/\/www.diagnostika-mysli.cz\/blog\/autismus\/\"},{\"@type\":\"ListItem\",\"position\":3,\"name\":\"Autismus test\"}]},{\"@type\":\"Person\",\"@id\":\"https:\/\/www.diagnostika-mysli.cz\/blog\/#\/schema\/person\/8eb1bcaf59fea75c780c11946f4e3490\",\"name\":\"Test Mysli\",\"image\":{\"@type\":\"ImageObject\",\"@id\":\"https:\/\/www.diagnostika-mysli.cz\/blog\/#personlogo\",\"inLanguage\":\"cs\",\"url\":\"https:\/\/secure.gravatar.com\/avatar\/6743211f010801ea26aa9423a2daab37?s=96&d=mm&r=g\",\"contentUrl\":\"https:\/\/secure.gravatar.com\/avatar\/6743211f010801ea26aa9423a2daab37?s=96&d=mm&r=g\",\"caption\":\"Test Mysli\"},\"sameAs\":[\"https:\/\/www.diagnostika-mysli.cz\/blog\"],\"url\":\"https:\/\/www.diagnostika-mysli.cz\/blog\/author\/diagnostyka-umyslu\/\"}]}<\/script>\n<!-- \/ Yoast SEO plugin. -->","yoast_head_json":{"title":"Autismus test - Test Mysli","robots":{"index":"index","follow":"follow","max-snippet":"max-snippet:-1","max-image-preview":"max-image-preview:large","max-video-preview":"max-video-preview:-1"},"canonical":"https:\/\/www.diagnostika-mysli.cz\/blog\/autismus\/autismus-test-2\/","og_locale":"cs_CZ","og_type":"article","og_title":"Autismus test - Test Mysli","og_description":"Co je to autismus a jak\u00e9 jsou jeho p\u0159\u00edznaky? Autismus je neurov\u00fdvojov\u00e1 porucha, kter\u00e1 ovliv\u0148uje komunikaci a soci\u00e1ln\u00ed interakci jedince. Tato porucha se projevuje ji\u017e...","og_url":"https:\/\/www.diagnostika-mysli.cz\/blog\/autismus\/autismus-test-2\/","og_site_name":"Test Mysli","article_published_time":"2025-01-29T03:25:26+00:00","twitter_card":"summary_large_image","twitter_misc":{"Napsal(a)":"Test Mysli","Odhadovan\u00e1 doba \u010dten\u00ed":"4 minuty"},"schema":{"@context":"https:\/\/schema.org","@graph":[{"@type":"WebSite","@id":"https:\/\/www.diagnostika-mysli.cz\/blog\/#website","url":"https:\/\/www.diagnostika-mysli.cz\/blog\/","name":"Test Mysli","description":"Blog o poruch\u00e1ch mysli","potentialAction":[{"@type":"SearchAction","target":{"@type":"EntryPoint","urlTemplate":"https:\/\/www.diagnostika-mysli.cz\/blog\/?s={search_term_string}"},"query-input":"required name=search_term_string"}],"inLanguage":"cs"},{"@type":"ImageObject","@id":"https:\/\/www.diagnostika-mysli.cz\/blog\/autismus\/autismus-test-2\/#primaryimage","inLanguage":"cs","url":"https:\/\/www.diagnostika-mysli.cz\/blog\/wp-content\/uploads\/2025\/01\/image.png","contentUrl":"https:\/\/www.diagnostika-mysli.cz\/blog\/wp-content\/uploads\/2025\/01\/image.png","width":256,"height":256},{"@type":"WebPage","@id":"https:\/\/www.diagnostika-mysli.cz\/blog\/autismus\/autismus-test-2\/#webpage","url":"https:\/\/www.diagnostika-mysli.cz\/blog\/autismus\/autismus-test-2\/","name":"Autismus test - Test Mysli","isPartOf":{"@id":"https:\/\/www.diagnostika-mysli.cz\/blog\/#website"},"primaryImageOfPage":{"@id":"https:\/\/www.diagnostika-mysli.cz\/blog\/autismus\/autismus-test-2\/#primaryimage"},"datePublished":"2025-01-29T03:25:26+00:00","dateModified":"2025-01-29T03:25:26+00:00","author":{"@id":"https:\/\/www.diagnostika-mysli.cz\/blog\/#\/schema\/person\/8eb1bcaf59fea75c780c11946f4e3490"},"breadcrumb":{"@id":"https:\/\/www.diagnostika-mysli.cz\/blog\/autismus\/autismus-test-2\/#breadcrumb"},"inLanguage":"cs","potentialAction":[{"@type":"ReadAction","target":["https:\/\/www.diagnostika-mysli.cz\/blog\/autismus\/autismus-test-2\/"]}]},{"@type":"BreadcrumbList","@id":"https:\/\/www.diagnostika-mysli.cz\/blog\/autismus\/autismus-test-2\/#breadcrumb","itemListElement":[{"@type":"ListItem","position":1,"name":"Blog","item":"https:\/\/www.diagnostika-mysli.cz\/blog\/"},{"@type":"ListItem","position":2,"name":"Autismus","item":"https:\/\/www.diagnostika-mysli.cz\/blog\/autismus\/"},{"@type":"ListItem","position":3,"name":"Autismus test"}]},{"@type":"Person","@id":"https:\/\/www.diagnostika-mysli.cz\/blog\/#\/schema\/person\/8eb1bcaf59fea75c780c11946f4e3490","name":"Test Mysli","image":{"@type":"ImageObject","@id":"https:\/\/www.diagnostika-mysli.cz\/blog\/#personlogo","inLanguage":"cs","url":"https:\/\/secure.gravatar.com\/avatar\/6743211f010801ea26aa9423a2daab37?s=96&d=mm&r=g","contentUrl":"https:\/\/secure.gravatar.com\/avatar\/6743211f010801ea26aa9423a2daab37?s=96&d=mm&r=g","caption":"Test Mysli"},"sameAs":["https:\/\/www.diagnostika-mysli.cz\/blog"],"url":"https:\/\/www.diagnostika-mysli.cz\/blog\/author\/diagnostyka-umyslu\/"}]}},"amp_enabled":true,"_links":{"self":[{"href":"https:\/\/www.diagnostika-mysli.cz\/blog\/wp-json\/wp\/v2\/posts\/2875"}],"collection":[{"href":"https:\/\/www.diagnostika-mysli.cz\/blog\/wp-json\/wp\/v2\/posts"}],"about":[{"href":"https:\/\/www.diagnostika-mysli.cz\/blog\/wp-json\/wp\/v2\/types\/post"}],"author":[{"embeddable":true,"href":"https:\/\/www.diagnostika-mysli.cz\/blog\/wp-json\/wp\/v2\/users\/1"}],"replies":[{"embeddable":true,"href":"https:\/\/www.diagnostika-mysli.cz\/blog\/wp-json\/wp\/v2\/comments?post=2875"}],"version-history":[{"count":0,"href":"https:\/\/www.diagnostika-mysli.cz\/blog\/wp-json\/wp\/v2\/posts\/2875\/revisions"}],"wp:featuredmedia":[{"embeddable":true,"href":"https:\/\/www.diagnostika-mysli.cz\/blog\/wp-json\/wp\/v2\/media\/2876"}],"wp:attachment":[{"href":"https:\/\/www.diagnostika-mysli.cz\/blog\/wp-json\/wp\/v2\/media?parent=2875"}],"wp:term":[{"taxonomy":"category","embeddable":true,"href":"https:\/\/www.diagnostika-mysli.cz\/blog\/wp-json\/wp\/v2\/categories?post=2875"},{"taxonomy":"post_tag","embeddable":true,"href":"https:\/\/www.diagnostika-mysli.cz\/blog\/wp-json\/wp\/v2\/tags?post=2875"}],"curies":[{"name":"wp","href":"https:\/\/api.w.org\/{rel}","templated":true}]}}