{"id":2886,"date":"2025-01-30T04:25:26","date_gmt":"2025-01-30T03:25:26","guid":{"rendered":"https:\/\/www.diagnostika-mysli.cz\/blog\/autismus\/poruchy-autistickeho-spektra-test\/"},"modified":"2025-01-30T11:52:36","modified_gmt":"2025-01-30T10:52:36","slug":"poruchy-autistickeho-spektra-test","status":"publish","type":"post","link":"https:\/\/www.diagnostika-mysli.cz\/blog\/autismus\/poruchy-autistickeho-spektra-test\/","title":{"rendered":"Poruchy autistick\u00e9ho spektra test"},"content":{"rendered":"<div class=\"topics\">\n<div class=\"topic\">\n<h2>Co je to Poruchy autistick\u00e9ho spektra test a jak funguje?<\/h2>\n<p>Poruchy autistick\u00e9ho spektra (PAS) jsou neurov\u00fdvojov\u00e9 poruchy, kter\u00e9 ovliv\u0148uj\u00ed soci\u00e1ln\u00ed interakci, komunikaci a chov\u00e1n\u00ed jedince. Tyto poruchy se projevuj\u00ed ji\u017e v d\u011btstv\u00ed a mohou m\u00edt r\u016fzn\u00e9 formy a z\u00e1va\u017enosti. Pro spr\u00e1vnou diagnostiku a l\u00e9\u010dbu je d\u016fle\u017eit\u00e9 prov\u00e9st testov\u00e1n\u00ed, kter\u00e9 pom\u016f\u017ee identifikovat p\u0159\u00edznaky a ur\u010dit m\u00edru posti\u017een\u00ed.<\/p>\n<p>Jedn\u00edm z nej\u010dast\u011bji pou\u017e\u00edvan\u00fdch test\u016f pro diagnostiku PAS je Poruchy autistick\u00e9ho spektra test (PAS test). Tento test byl vyvinut\u00fd v roce 1983 a od t\u00e9 doby pro\u0161el n\u011bkolika revizemi a aktualizacemi. Jeho c\u00edlem je poskytnout komplexn\u00ed a objektivn\u00ed hodnocen\u00ed chov\u00e1n\u00ed a schopnost\u00ed jedince s PAS.<\/p>\n<\/div>\n<div class=\"topic\">\n<h2>Jak\u00e9 jsou hlavn\u00ed vyu\u017eit\u00ed a v\u00fdhody Poruchy autistick\u00e9ho spektra testu?<\/h2>\n<p>Porucha autistick\u00e9ho spektra (PAS) test je diagnostick\u00fd n\u00e1stroj, kter\u00fd se pou\u017e\u00edv\u00e1 k identifikaci poruch autistick\u00e9ho spektra (PAS) u d\u011bt\u00ed a dosp\u011bl\u00fdch. Tento test je vyvinut\u00fd na z\u00e1klad\u011b krit\u00e9ri\u00ed stanoven\u00fdch v diagnostick\u00e9m manu\u00e1lu DSM-5 (Diagnostick\u00fd a statistick\u00fd manu\u00e1l du\u0161evn\u00edch poruch) a je pova\u017eov\u00e1n za jeden z nejspolehliv\u011bj\u0161\u00edch n\u00e1stroj\u016f pro diagnostiku PAS.<\/p>\n<p>Hlavn\u00edm c\u00edlem PAS testu je poskytnout komplexn\u00ed a objektivn\u00ed hodnocen\u00ed chov\u00e1n\u00ed a schopnost\u00ed jedince, kter\u00fd m\u016f\u017ee m\u00edt PAS. Test se skl\u00e1d\u00e1 z r\u016fzn\u00fdch \u00fakol\u016f a ot\u00e1zek, kter\u00e9 jsou zam\u011b\u0159eny na r\u016fzn\u00e9 oblasti, jako je soci\u00e1ln\u00ed interakce, komunikace, z\u00e1jmy a stereotypn\u00ed chov\u00e1n\u00ed. Tyto \u00fakoly jsou navr\u017eeny tak, aby odhalily p\u0159\u00edznaky PAS a pomohly diagnostik\u016fm posoudit z\u00e1va\u017enost poruchy.<\/p>\n<\/div>\n<div class=\"topic\">\n<h2>Jak\u00e9 jsou nej\u010dast\u011bj\u0161\u00ed v\u00fdsledky Poruchy autistick\u00e9ho spektra testu a co znamenaj\u00ed?<\/h2>\n<p>Porucha autistick\u00e9ho spektra (PAS) je neurov\u00fdvojov\u00e1 porucha, kter\u00e1 ovliv\u0148uje soci\u00e1ln\u00ed interakce, komunikaci a chov\u00e1n\u00ed jedince. Pro diagnostiku t\u00e9to poruchy se pou\u017e\u00edv\u00e1 speci\u00e1ln\u00ed test, kter\u00fd se naz\u00fdv\u00e1 Porucha autistick\u00e9ho spektra test (PAS test). Tento test se skl\u00e1d\u00e1 z r\u016fzn\u00fdch ot\u00e1zek a \u00fakol\u016f, kter\u00e9 jsou zam\u011b\u0159eny na r\u016fzn\u00e9 oblasti, jako je soci\u00e1ln\u00ed interakce, komunikace, chov\u00e1n\u00ed a z\u00e1jmy.<\/p>\n<p>V\u00fdsledky PAS testu jsou d\u016fle\u017eit\u00e9 pro stanoven\u00ed diagn\u00f3zy PAS a poskytuj\u00ed informace o tom, jak\u00fdm zp\u016fsobem jedinec vn\u00edm\u00e1 sv\u00e9 okol\u00ed a jak se dok\u00e1\u017ee p\u0159izp\u016fsobit soci\u00e1ln\u00edm situac\u00edm. V\u00fdsledky PAS testu jsou vyhodnoceny na z\u00e1klad\u011b sk\u00f3rov\u00e1n\u00ed, kter\u00e9 ur\u010duje, zda m\u00e1 jedinec PAS a jak z\u00e1va\u017en\u00e1 je jeho porucha.<\/p>\n<\/div>\n<div class=\"topic\">\n<h2>Jak se p\u0159ipravit na Poruchy autistick\u00e9ho spektra test a co o\u010dek\u00e1vat b\u011bhem testov\u00e1n\u00ed?<\/h2>\n<p>Poruchy autistick\u00e9ho spektra (PAS) jsou neurov\u00fdvojov\u00e9 poruchy, kter\u00e9 ovliv\u0148uj\u00ed soci\u00e1ln\u00ed interakce, komunikaci a chov\u00e1n\u00ed jednotlivce. Tyto poruchy se mohou projevovat v r\u016fzn\u00fdch form\u00e1ch a m\u00ed\u0159e z\u00e1va\u017enosti, co\u017e m\u016f\u017ee b\u00fdt pro rodi\u010de nebo jedince samotn\u00e9ho obt\u00ed\u017en\u00e9 rozpoznat. Proto je d\u016fle\u017eit\u00e9, aby byly PAS diagnostikov\u00e1ny co nejd\u0159\u00edve, aby bylo mo\u017en\u00e9 poskytnout vhodnou podporu a terapii.<\/p>\n<p>Jedn\u00edm z n\u00e1stroj\u016f pro diagnostiku PAS je Poruchy autistick\u00e9ho spektra test (PAS test). Tento test se skl\u00e1d\u00e1 z r\u016fzn\u00fdch ot\u00e1zek a \u00fakol\u016f, kter\u00e9 maj\u00ed za c\u00edl zhodnotit soci\u00e1ln\u00ed interakce, komunikaci a chov\u00e1n\u00ed jedince. Pokud se chyst\u00e1te na tento test, je d\u016fle\u017eit\u00e9 se na n\u011bj p\u0159ipravit a v\u011bd\u011bt, co od n\u011bj m\u016f\u017eete o\u010dek\u00e1vat.<\/p>\n<\/div>\n<div class=\"topic\">\n<h2>Jak\u00fd je v\u00fdznam Poruchy autistick\u00e9ho spektra testu pro diagnostiku a l\u00e9\u010dbu poruch z autistick\u00e9ho spektra?<\/h2>\n<p>Porucha autistick\u00e9ho spektra (PAS) je neurov\u00fdvojov\u00e1 porucha, kter\u00e1 ovliv\u0148uje soci\u00e1ln\u00ed interakce, komunikaci a chov\u00e1n\u00ed jedince. Tato porucha se projevuje ji\u017e v d\u011btstv\u00ed a m\u016f\u017ee m\u00edt r\u016fzn\u00e9 formy a z\u00e1va\u017enosti. Pro spr\u00e1vnou diagnostiku a l\u00e9\u010dbu poruch z autistick\u00e9ho spektra je d\u016fle\u017eit\u00e9 prov\u00e9st Poruchu autistick\u00e9ho spektra test (PAS test).<\/p>\n<p>PAS test je standardizovan\u00fd psychologick\u00fd test, kter\u00fd se pou\u017e\u00edv\u00e1 k diagnostice poruch z autistick\u00e9ho spektra. Jeho hlavn\u00edm c\u00edlem je zjistit, zda m\u00e1 jedinec p\u0159\u00edznaky PAS a jak\u00e9 jsou jejich z\u00e1va\u017enosti. Test se skl\u00e1d\u00e1 z r\u016fzn\u00fdch \u00fakol\u016f a ot\u00e1zek, kter\u00e9 jsou zam\u011b\u0159eny na soci\u00e1ln\u00ed interakci, komunikaci a chov\u00e1n\u00ed. V\u00fdsledky testu jsou porovn\u00e1v\u00e1ny s normami pro dan\u00fd v\u011bk a pohlav\u00ed, co\u017e umo\u017e\u0148uje stanovit, zda m\u00e1 jed<\/p>\n<\/div>\n<\/div>\n","protected":false},"excerpt":{"rendered":"<p>Co je to Poruchy autistick\u00e9ho spektra test a jak funguje? Poruchy autistick\u00e9ho spektra (PAS) jsou neurov\u00fdvojov\u00e9 poruchy, kter\u00e9 ovliv\u0148uj\u00ed soci\u00e1ln\u00ed interakci, komunikaci a chov\u00e1n\u00ed jedince&#8230;.<\/p>\n","protected":false},"author":1,"featured_media":2887,"comment_status":"closed","ping_status":"open","sticky":false,"template":"","format":"standard","meta":{"inline_featured_image":false},"categories":[849],"tags":[],"yoast_head":"<!-- This site is optimized with the Yoast SEO plugin v18.1 - https:\/\/yoast.com\/wordpress\/plugins\/seo\/ -->\n<title>Poruchy autistick\u00e9ho spektra test - Test Mysli<\/title>\n<meta name=\"robots\" content=\"index, follow, max-snippet:-1, max-image-preview:large, max-video-preview:-1\" \/>\n<link rel=\"canonical\" href=\"https:\/\/www.diagnostika-mysli.cz\/blog\/autismus\/poruchy-autistickeho-spektra-test\/\" \/>\n<meta property=\"og:locale\" content=\"cs_CZ\" \/>\n<meta property=\"og:type\" content=\"article\" \/>\n<meta property=\"og:title\" content=\"Poruchy autistick\u00e9ho spektra test - Test Mysli\" \/>\n<meta property=\"og:description\" content=\"Co je to Poruchy autistick\u00e9ho spektra test a jak funguje? Poruchy autistick\u00e9ho spektra (PAS) jsou neurov\u00fdvojov\u00e9 poruchy, kter\u00e9 ovliv\u0148uj\u00ed soci\u00e1ln\u00ed interakci, komunikaci a chov\u00e1n\u00ed jedince....\" \/>\n<meta property=\"og:url\" content=\"https:\/\/www.diagnostika-mysli.cz\/blog\/autismus\/poruchy-autistickeho-spektra-test\/\" \/>\n<meta property=\"og:site_name\" content=\"Test Mysli\" \/>\n<meta property=\"article:published_time\" content=\"2025-01-30T03:25:26+00:00\" \/>\n<meta property=\"article:modified_time\" content=\"2025-01-30T10:52:36+00:00\" \/>\n<meta property=\"og:image\" content=\"https:\/\/www.diagnostika-mysli.cz\/blog\/wp-content\/uploads\/2025\/01\/image-2.png\" \/>\n\t<meta property=\"og:image:width\" content=\"256\" \/>\n\t<meta property=\"og:image:height\" content=\"256\" \/>\n\t<meta property=\"og:image:type\" content=\"image\/png\" \/>\n<meta name=\"twitter:card\" content=\"summary_large_image\" \/>\n<meta name=\"twitter:label1\" content=\"Napsal(a)\" \/>\n\t<meta name=\"twitter:data1\" content=\"Test Mysli\" \/>\n\t<meta name=\"twitter:label2\" content=\"Odhadovan\u00e1 doba \u010dten\u00ed\" \/>\n\t<meta name=\"twitter:data2\" content=\"4 minuty\" \/>\n<script type=\"application\/ld+json\" class=\"yoast-schema-graph\">{\"@context\":\"https:\/\/schema.org\",\"@graph\":[{\"@type\":\"WebSite\",\"@id\":\"https:\/\/www.diagnostika-mysli.cz\/blog\/#website\",\"url\":\"https:\/\/www.diagnostika-mysli.cz\/blog\/\",\"name\":\"Test Mysli\",\"description\":\"Blog o poruch\u00e1ch mysli\",\"potentialAction\":[{\"@type\":\"SearchAction\",\"target\":{\"@type\":\"EntryPoint\",\"urlTemplate\":\"https:\/\/www.diagnostika-mysli.cz\/blog\/?s={search_term_string}\"},\"query-input\":\"required name=search_term_string\"}],\"inLanguage\":\"cs\"},{\"@type\":\"ImageObject\",\"@id\":\"https:\/\/www.diagnostika-mysli.cz\/blog\/autismus\/poruchy-autistickeho-spektra-test\/#primaryimage\",\"inLanguage\":\"cs\",\"url\":\"https:\/\/www.diagnostika-mysli.cz\/blog\/wp-content\/uploads\/2025\/01\/image-2.png\",\"contentUrl\":\"https:\/\/www.diagnostika-mysli.cz\/blog\/wp-content\/uploads\/2025\/01\/image-2.png\",\"width\":256,\"height\":256},{\"@type\":\"WebPage\",\"@id\":\"https:\/\/www.diagnostika-mysli.cz\/blog\/autismus\/poruchy-autistickeho-spektra-test\/#webpage\",\"url\":\"https:\/\/www.diagnostika-mysli.cz\/blog\/autismus\/poruchy-autistickeho-spektra-test\/\",\"name\":\"Poruchy autistick\u00e9ho spektra test - Test Mysli\",\"isPartOf\":{\"@id\":\"https:\/\/www.diagnostika-mysli.cz\/blog\/#website\"},\"primaryImageOfPage\":{\"@id\":\"https:\/\/www.diagnostika-mysli.cz\/blog\/autismus\/poruchy-autistickeho-spektra-test\/#primaryimage\"},\"datePublished\":\"2025-01-30T03:25:26+00:00\",\"dateModified\":\"2025-01-30T10:52:36+00:00\",\"author\":{\"@id\":\"https:\/\/www.diagnostika-mysli.cz\/blog\/#\/schema\/person\/8eb1bcaf59fea75c780c11946f4e3490\"},\"breadcrumb\":{\"@id\":\"https:\/\/www.diagnostika-mysli.cz\/blog\/autismus\/poruchy-autistickeho-spektra-test\/#breadcrumb\"},\"inLanguage\":\"cs\",\"potentialAction\":[{\"@type\":\"ReadAction\",\"target\":[\"https:\/\/www.diagnostika-mysli.cz\/blog\/autismus\/poruchy-autistickeho-spektra-test\/\"]}]},{\"@type\":\"BreadcrumbList\",\"@id\":\"https:\/\/www.diagnostika-mysli.cz\/blog\/autismus\/poruchy-autistickeho-spektra-test\/#breadcrumb\",\"itemListElement\":[{\"@type\":\"ListItem\",\"position\":1,\"name\":\"Blog\",\"item\":\"https:\/\/www.diagnostika-mysli.cz\/blog\/\"},{\"@type\":\"ListItem\",\"position\":2,\"name\":\"Autismus\",\"item\":\"https:\/\/www.diagnostika-mysli.cz\/blog\/autismus\/\"},{\"@type\":\"ListItem\",\"position\":3,\"name\":\"Poruchy autistick\u00e9ho spektra test\"}]},{\"@type\":\"Person\",\"@id\":\"https:\/\/www.diagnostika-mysli.cz\/blog\/#\/schema\/person\/8eb1bcaf59fea75c780c11946f4e3490\",\"name\":\"Test Mysli\",\"image\":{\"@type\":\"ImageObject\",\"@id\":\"https:\/\/www.diagnostika-mysli.cz\/blog\/#personlogo\",\"inLanguage\":\"cs\",\"url\":\"https:\/\/secure.gravatar.com\/avatar\/6743211f010801ea26aa9423a2daab37?s=96&d=mm&r=g\",\"contentUrl\":\"https:\/\/secure.gravatar.com\/avatar\/6743211f010801ea26aa9423a2daab37?s=96&d=mm&r=g\",\"caption\":\"Test Mysli\"},\"sameAs\":[\"https:\/\/www.diagnostika-mysli.cz\/blog\"],\"url\":\"https:\/\/www.diagnostika-mysli.cz\/blog\/author\/diagnostyka-umyslu\/\"}]}<\/script>\n<!-- \/ Yoast SEO plugin. -->","yoast_head_json":{"title":"Poruchy autistick\u00e9ho spektra test - Test Mysli","robots":{"index":"index","follow":"follow","max-snippet":"max-snippet:-1","max-image-preview":"max-image-preview:large","max-video-preview":"max-video-preview:-1"},"canonical":"https:\/\/www.diagnostika-mysli.cz\/blog\/autismus\/poruchy-autistickeho-spektra-test\/","og_locale":"cs_CZ","og_type":"article","og_title":"Poruchy autistick\u00e9ho spektra test - Test Mysli","og_description":"Co je to Poruchy autistick\u00e9ho spektra test a jak funguje? Poruchy autistick\u00e9ho spektra (PAS) jsou neurov\u00fdvojov\u00e9 poruchy, kter\u00e9 ovliv\u0148uj\u00ed soci\u00e1ln\u00ed interakci, komunikaci a chov\u00e1n\u00ed jedince....","og_url":"https:\/\/www.diagnostika-mysli.cz\/blog\/autismus\/poruchy-autistickeho-spektra-test\/","og_site_name":"Test Mysli","article_published_time":"2025-01-30T03:25:26+00:00","article_modified_time":"2025-01-30T10:52:36+00:00","og_image":[{"width":256,"height":256,"url":"https:\/\/www.diagnostika-mysli.cz\/blog\/wp-content\/uploads\/2025\/01\/image-2.png","type":"image\/png"}],"twitter_card":"summary_large_image","twitter_misc":{"Napsal(a)":"Test Mysli","Odhadovan\u00e1 doba \u010dten\u00ed":"4 minuty"},"schema":{"@context":"https:\/\/schema.org","@graph":[{"@type":"WebSite","@id":"https:\/\/www.diagnostika-mysli.cz\/blog\/#website","url":"https:\/\/www.diagnostika-mysli.cz\/blog\/","name":"Test Mysli","description":"Blog o poruch\u00e1ch mysli","potentialAction":[{"@type":"SearchAction","target":{"@type":"EntryPoint","urlTemplate":"https:\/\/www.diagnostika-mysli.cz\/blog\/?s={search_term_string}"},"query-input":"required name=search_term_string"}],"inLanguage":"cs"},{"@type":"ImageObject","@id":"https:\/\/www.diagnostika-mysli.cz\/blog\/autismus\/poruchy-autistickeho-spektra-test\/#primaryimage","inLanguage":"cs","url":"https:\/\/www.diagnostika-mysli.cz\/blog\/wp-content\/uploads\/2025\/01\/image-2.png","contentUrl":"https:\/\/www.diagnostika-mysli.cz\/blog\/wp-content\/uploads\/2025\/01\/image-2.png","width":256,"height":256},{"@type":"WebPage","@id":"https:\/\/www.diagnostika-mysli.cz\/blog\/autismus\/poruchy-autistickeho-spektra-test\/#webpage","url":"https:\/\/www.diagnostika-mysli.cz\/blog\/autismus\/poruchy-autistickeho-spektra-test\/","name":"Poruchy autistick\u00e9ho spektra test - Test Mysli","isPartOf":{"@id":"https:\/\/www.diagnostika-mysli.cz\/blog\/#website"},"primaryImageOfPage":{"@id":"https:\/\/www.diagnostika-mysli.cz\/blog\/autismus\/poruchy-autistickeho-spektra-test\/#primaryimage"},"datePublished":"2025-01-30T03:25:26+00:00","dateModified":"2025-01-30T10:52:36+00:00","author":{"@id":"https:\/\/www.diagnostika-mysli.cz\/blog\/#\/schema\/person\/8eb1bcaf59fea75c780c11946f4e3490"},"breadcrumb":{"@id":"https:\/\/www.diagnostika-mysli.cz\/blog\/autismus\/poruchy-autistickeho-spektra-test\/#breadcrumb"},"inLanguage":"cs","potentialAction":[{"@type":"ReadAction","target":["https:\/\/www.diagnostika-mysli.cz\/blog\/autismus\/poruchy-autistickeho-spektra-test\/"]}]},{"@type":"BreadcrumbList","@id":"https:\/\/www.diagnostika-mysli.cz\/blog\/autismus\/poruchy-autistickeho-spektra-test\/#breadcrumb","itemListElement":[{"@type":"ListItem","position":1,"name":"Blog","item":"https:\/\/www.diagnostika-mysli.cz\/blog\/"},{"@type":"ListItem","position":2,"name":"Autismus","item":"https:\/\/www.diagnostika-mysli.cz\/blog\/autismus\/"},{"@type":"ListItem","position":3,"name":"Poruchy autistick\u00e9ho spektra test"}]},{"@type":"Person","@id":"https:\/\/www.diagnostika-mysli.cz\/blog\/#\/schema\/person\/8eb1bcaf59fea75c780c11946f4e3490","name":"Test Mysli","image":{"@type":"ImageObject","@id":"https:\/\/www.diagnostika-mysli.cz\/blog\/#personlogo","inLanguage":"cs","url":"https:\/\/secure.gravatar.com\/avatar\/6743211f010801ea26aa9423a2daab37?s=96&d=mm&r=g","contentUrl":"https:\/\/secure.gravatar.com\/avatar\/6743211f010801ea26aa9423a2daab37?s=96&d=mm&r=g","caption":"Test Mysli"},"sameAs":["https:\/\/www.diagnostika-mysli.cz\/blog"],"url":"https:\/\/www.diagnostika-mysli.cz\/blog\/author\/diagnostyka-umyslu\/"}]}},"amp_enabled":true,"_links":{"self":[{"href":"https:\/\/www.diagnostika-mysli.cz\/blog\/wp-json\/wp\/v2\/posts\/2886"}],"collection":[{"href":"https:\/\/www.diagnostika-mysli.cz\/blog\/wp-json\/wp\/v2\/posts"}],"about":[{"href":"https:\/\/www.diagnostika-mysli.cz\/blog\/wp-json\/wp\/v2\/types\/post"}],"author":[{"embeddable":true,"href":"https:\/\/www.diagnostika-mysli.cz\/blog\/wp-json\/wp\/v2\/users\/1"}],"replies":[{"embeddable":true,"href":"https:\/\/www.diagnostika-mysli.cz\/blog\/wp-json\/wp\/v2\/comments?post=2886"}],"version-history":[{"count":1,"href":"https:\/\/www.diagnostika-mysli.cz\/blog\/wp-json\/wp\/v2\/posts\/2886\/revisions"}],"predecessor-version":[{"id":2890,"href":"https:\/\/www.diagnostika-mysli.cz\/blog\/wp-json\/wp\/v2\/posts\/2886\/revisions\/2890"}],"wp:featuredmedia":[{"embeddable":true,"href":"https:\/\/www.diagnostika-mysli.cz\/blog\/wp-json\/wp\/v2\/media\/2887"}],"wp:attachment":[{"href":"https:\/\/www.diagnostika-mysli.cz\/blog\/wp-json\/wp\/v2\/media?parent=2886"}],"wp:term":[{"taxonomy":"category","embeddable":true,"href":"https:\/\/www.diagnostika-mysli.cz\/blog\/wp-json\/wp\/v2\/categories?post=2886"},{"taxonomy":"post_tag","embeddable":true,"href":"https:\/\/www.diagnostika-mysli.cz\/blog\/wp-json\/wp\/v2\/tags?post=2886"}],"curies":[{"name":"wp","href":"https:\/\/api.w.org\/{rel}","templated":true}]}}