{"id":2896,"date":"2025-02-01T04:25:24","date_gmt":"2025-02-01T03:25:24","guid":{"rendered":"https:\/\/www.diagnostika-mysli.cz\/blog\/autismus\/test-na-autismus-v-18-mesicich\/"},"modified":"2025-02-01T04:25:24","modified_gmt":"2025-02-01T03:25:24","slug":"test-na-autismus-v-18-mesicich","status":"publish","type":"post","link":"https:\/\/www.diagnostika-mysli.cz\/blog\/autismus\/test-na-autismus-v-18-mesicich\/","title":{"rendered":"Test na autismus v 18 m\u011bs\u00edc\u00edch"},"content":{"rendered":"<div class='topics'>\n<div class='topic'>\n<h2>Co je to test na autismus v 18 m\u011bs\u00edc\u00edch a jak prob\u00edh\u00e1?<\/h2>\n<p>Test na autismus v 18 m\u011bs\u00edc\u00edch je diagnostick\u00fd n\u00e1stroj, kter\u00fd se pou\u017e\u00edv\u00e1 k identifikaci p\u0159\u00edznak\u016f autismu u d\u011bt\u00ed ve v\u011bku 18 m\u011bs\u00edc\u016f. Tento test je d\u016fle\u017eit\u00fd, proto\u017ee \u010d\u00edm d\u0159\u00edve je autismus diagnostikov\u00e1n, t\u00edm d\u0159\u00edve m\u016f\u017ee b\u00fdt zah\u00e1jena terapie a podpora pro d\u00edt\u011b a jeho rodinu.<\/p>\n<p>Test na autismus v 18 m\u011bs\u00edc\u00edch se skl\u00e1d\u00e1 z n\u011bkolika \u010d\u00e1st\u00ed, kter\u00e9 jsou zam\u011b\u0159eny na r\u016fzn\u00e9 oblasti v\u00fdvoje d\u00edt\u011bte. Prvn\u00ed \u010d\u00e1st se zam\u011b\u0159uje na komunikaci a jazykov\u00e9 schopnosti d\u00edt\u011bte. D\u00edt\u011b je pozorov\u00e1no, jak reaguje na \ufffd\ufffde\u010d a jak s\u00e1m komunikuje. D\u00e1le se testuje soci\u00e1ln\u00ed interakce d\u00edt\u011bte, nap\u0159\u00edklad schopnost navazovat o\u010dn\u00ed kontakt, sd\u00edlet radost a emoce s ostatn\u00edmi a schopnost imitovat chov\u00e1n\u00ed ostatn\u00edch.<\/p>\n<p>Dal\u0161\u00ed \u010d\u00e1st testu se zam\u011b\u0159uje na<\/p>\n<\/div>\n<div class='topic'>\n<h2>Jak\u00e9 jsou p\u0159\u00edznaky autismu u d\u011bt\u00ed v tomto v\u011bku a jak je rozpoznat?<\/h2>\n<p>Autismus je neurov\u00fdvojov\u00e9 onemocn\u011bn\u00ed, kter\u00e9 ovliv\ufffd\ufffduje soci\u00e1ln\u00ed interakce, komunikaci a chov\u00e1n\u00ed jedince. Toto onemocn\u011bn\u00ed se m\u016f\u017ee projevovat ji\u017e od ran\u00e9ho d\u011btstv\u00ed a je d\u016fle\u017eit\u00e9 jej co nejd\u0159\u00edve rozpoznat, aby bylo mo\u017en\u00e9 poskytnout d\u00edt\u011bti vhodnou podporu a terapii.<\/p>\n<p>P\u0159\u00edznaky autismu se mohou li\u0161it u ka\u017ed\u00e9ho d\u00edt\u011bte a mohou se projevovat v r\u016fzn\u00fdch form\u00e1ch. Nicm\u00e9n\u011b existuj\u00ed ur\u010dit\u00e9 spole\u010dn\u00e9 znaky, kter\u00e9 mohou pomoci rodi\u010d\u016fm a odborn\u00edk\u016fm v\u010das rozpoznat toto onemocn\u011bn\u00ed.<\/p>\n<p>Jedn\u00edm z hlavn\u00edch p\u0159\u00edznak\u016f autismu je probl\u00e9m s komunikac\u00ed a soci\u00e1ln\u00edmi interakcemi. D\u011bti s autismem maj\u00ed \u010dasto probl\u00e9my s navazov\u00e1n\u00edm kontaktu s ostatn\u00edmi lidmi, mohou se vyh\u00fdbat o\u010dn\u00edmu kontaktu nebo neum\u011bj\u00ed adekv\u00e1tn<\/p>\n<\/div>\n<div class='topic'>\n<h2>Jak\u00fd je v\u00fdznam testu na autismus v 18 m\u011bs\u00edc\u00edch pro v\u010dasnou diagnostiku a l\u00e9\u010dbu?<\/h2>\n<p>Test na autismus v 18 m\u011bs\u00edc\u00edch je velmi d\u016fle\u017eit\u00fd pro v\u010dasnou diagnostiku a l\u00e9\u010dbu t\u00e9to poruchy. Autismus je neurov\u00fdvojov\u00e1 porucha, kter\u00e1 ovliv\ufffd\ufffduje soci\u00e1ln\u00ed interakce, komunikaci a chov\u00e1n\u00ed jedince. Je d\u016fle\u017eit\u00e9, aby byl autismus diagnostikov\u00e1n co nejd\u0159\u00edve, aby mohl b\u00fdt poskytnut vhodn\u00fd zp\u016fsob l\u00e9\u010dby a podpory.<\/p>\n<p>V\u011bt\u0161ina d\u011bt\u00ed s autismem projevuje prvn\u00ed p\u0159\u00edznaky ji\u017e v prvn\u00edm roce \u017eivota, ale diagn\u00f3za se obvykle stanovuje a\u017e ve v\u011bku 2-3 let. To m\u016f\u017ee b\u00fdt zp\u016fsobeno t\u00edm, \u017ee n\u011bkter\u00e9 p\u0159\u00edznaky jsou v tomto v\u011bku st\u00e1le velmi subtiln\u00ed a mohou b\u00fdt p\u0159ehl\u00e9dnuty. Proto je d\u016fle\u017eit\u00e9 prov\u00e9st test na autismus ji\u017e v 18 m\u011bs\u00edc\u00edch, aby bylo mo\u017en\u00e9 odhalit p\u0159\u00edznaky co nejd\u0159\u00edve a zah\u00e1jit l\u00e9\u010dbu.<\/p>\n<p>Test na autismus v <\/p>\n<\/div>\n<div class='topic'>\n<h2>Jak mohou rodi\u010de p\u0159ipravit sv\u00e9 d\u00edt\u011b na test na autismus v 18 m\u011bs\u00edc\u00edch?<\/h2>\n<p>Autismus je neurov\u00fdvojov\u00e1 porucha, kter\u00e1 se projevuje v ran\u00e9m d\u011btstv\u00ed a m\u016f\u017ee m\u00edt v\u00fdrazn\u00fd vliv na soci\u00e1ln\u00ed interakce, komunikaci a chov\u00e1n\u00ed d\u00edt\u011bte. V\u011bt\u0161ina p\u0159\u00edznak\u016f se objevuje ji\u017e v prvn\u00edch letech \u017eivota, a proto je d\u016fle\u017eit\u00e9, aby rodi\u010de byli schopni rozpoznat tyto p\u0159\u00edznaky co nejd\u0159\u00edve. V sou\u010dasn\u00e9 dob\u011b se doporu\u010duje, aby d\u011bti byly testov\u00e1ny na autismus ji\u017e v 18 m\u011bs\u00edc\u00edch v\u011bku, proto\u017ee \u010d\u00edm d\u0159\u00edve je porucha diagnostikov\u00e1na, t\u00edm d\u0159\u00edve m\u016f\u017ee b\u00fdt zah\u00e1jena terapie a zlep\u0161ena progn\u00f3za.<\/p>\n<p>Existuje n\u011bkolik zp\u016fsob\u016f, jak mohou rodi\u010de p\u0159ipravit sv\u00e9 d\u00edt\u011b na test na autismus v 18 m\u011bs\u00edc\u00edch. Prvn\u00edm krokem je b\u00fdt pozorn\u00fd k p\u0159\u00edznak\u016fm, kter\u00e9 mohou nazna\u010dovat mo\u017en\u00fd v\u00fdvojov\u00fd probl\u00e9m. Me<\/p>\n<\/div>\n<div class='topic'>\n<h2>Jak\u00e9 jsou mo\u017enosti l\u00e9\u010dby a podpory pro d\u011bti s autismem v tomto v\u011bku?<\/h2>\n<p>Autismus je neurov\u00fdvojov\u00e9 onemocn\u011bn\u00ed, kter\u00e9 ovliv\ufffd\ufffduje soci\u00e1ln\u00ed interakci, komunikaci a chov\u00e1n\u00ed jedince. V\u011bt\u0161ina p\u0159\u00edpad\u016f autismu se projevuje ji\u017e v d\u011btstv\u00ed, ale m\u016f\u017ee b\u00fdt diagnostikov\u00e1n i v pozd\u011bj\u0161\u00edm v\u011bku. Pro d\u011bti s autismem je d\u016fle\u017eit\u00e1 v\u010dasn\u00e1 diagn\u00f3za a vhodn\u00e1 l\u00e9\u010dba, kter\u00e1 jim m\u016f\u017ee pomoci zlep\u0161it jejich kvalitu \u017eivota.<\/p>\n<p>1. Terapie chov\u00e1n\u00ed<br \/>Terapie chov\u00e1n\u00ed je jednou z nej\u010dast\u011bj\u0161\u00edch forem l\u00e9\u010dby pro d\u011bti s autismem. Tato terapie se zam\u011b\u0159uje na zm\u011bnu ne\u017e\u00e1douc\u00edho chov\u00e1n\u00ed a u\u010den\u00ed nov\u00fdch dovednost\u00ed. Terapeut pracuje s d\u00edt\u011btem individu\u00e1ln\u011b a vyu\u017e\u00edv\u00e1 r\u016fzn\u00e9 techniky, jako je nap\u0159\u00edklad aplikovan\u00e9 behavior\u00e1ln\u00ed anal\u00fdza (ABA) nebo pozitivn\u00ed behavior\u00e1ln\u00ed podpora (PBS). C\u00edlem terapie chov\u00e1n\u00ed je pomoci d\u00edt\u011bti zvl\u00e1<\/p>\n<\/div>\n<\/div>\n","protected":false},"excerpt":{"rendered":"<p>Co je to test na autismus v 18 m\u011bs\u00edc\u00edch a jak prob\u00edh\u00e1? Test na autismus v 18 m\u011bs\u00edc\u00edch je diagnostick\u00fd n\u00e1stroj, kter\u00fd se pou\u017e\u00edv\u00e1 k&#8230;<\/p>\n","protected":false},"author":1,"featured_media":2897,"comment_status":"","ping_status":"open","sticky":false,"template":"","format":"standard","meta":{"inline_featured_image":false},"categories":[849],"tags":[],"yoast_head":"<!-- This site is optimized with the Yoast SEO plugin v18.1 - https:\/\/yoast.com\/wordpress\/plugins\/seo\/ -->\n<title>Test na autismus v 18 m\u011bs\u00edc\u00edch - Test Mysli<\/title>\n<meta name=\"robots\" content=\"index, follow, max-snippet:-1, max-image-preview:large, max-video-preview:-1\" \/>\n<link rel=\"canonical\" href=\"https:\/\/www.diagnostika-mysli.cz\/blog\/autismus\/test-na-autismus-v-18-mesicich\/\" \/>\n<meta property=\"og:locale\" content=\"cs_CZ\" \/>\n<meta property=\"og:type\" content=\"article\" \/>\n<meta property=\"og:title\" content=\"Test na autismus v 18 m\u011bs\u00edc\u00edch - Test Mysli\" \/>\n<meta property=\"og:description\" content=\"Co je to test na autismus v 18 m\u011bs\u00edc\u00edch a jak prob\u00edh\u00e1? Test na autismus v 18 m\u011bs\u00edc\u00edch je diagnostick\u00fd n\u00e1stroj, kter\u00fd se pou\u017e\u00edv\u00e1 k...\" \/>\n<meta property=\"og:url\" content=\"https:\/\/www.diagnostika-mysli.cz\/blog\/autismus\/test-na-autismus-v-18-mesicich\/\" \/>\n<meta property=\"og:site_name\" content=\"Test Mysli\" \/>\n<meta property=\"article:published_time\" content=\"2025-02-01T03:25:24+00:00\" \/>\n<meta name=\"twitter:card\" content=\"summary_large_image\" \/>\n<meta name=\"twitter:label1\" content=\"Napsal(a)\" \/>\n\t<meta name=\"twitter:data1\" content=\"Test Mysli\" \/>\n\t<meta name=\"twitter:label2\" content=\"Odhadovan\u00e1 doba \u010dten\u00ed\" \/>\n\t<meta name=\"twitter:data2\" content=\"4 minuty\" \/>\n<script type=\"application\/ld+json\" class=\"yoast-schema-graph\">{\"@context\":\"https:\/\/schema.org\",\"@graph\":[{\"@type\":\"WebSite\",\"@id\":\"https:\/\/www.diagnostika-mysli.cz\/blog\/#website\",\"url\":\"https:\/\/www.diagnostika-mysli.cz\/blog\/\",\"name\":\"Test Mysli\",\"description\":\"Blog o poruch\u00e1ch mysli\",\"potentialAction\":[{\"@type\":\"SearchAction\",\"target\":{\"@type\":\"EntryPoint\",\"urlTemplate\":\"https:\/\/www.diagnostika-mysli.cz\/blog\/?s={search_term_string}\"},\"query-input\":\"required name=search_term_string\"}],\"inLanguage\":\"cs\"},{\"@type\":\"ImageObject\",\"@id\":\"https:\/\/www.diagnostika-mysli.cz\/blog\/autismus\/test-na-autismus-v-18-mesicich\/#primaryimage\",\"inLanguage\":\"cs\",\"url\":\"https:\/\/www.diagnostika-mysli.cz\/blog\/wp-content\/uploads\/2025\/02\/image.png\",\"contentUrl\":\"https:\/\/www.diagnostika-mysli.cz\/blog\/wp-content\/uploads\/2025\/02\/image.png\",\"width\":256,\"height\":256},{\"@type\":\"WebPage\",\"@id\":\"https:\/\/www.diagnostika-mysli.cz\/blog\/autismus\/test-na-autismus-v-18-mesicich\/#webpage\",\"url\":\"https:\/\/www.diagnostika-mysli.cz\/blog\/autismus\/test-na-autismus-v-18-mesicich\/\",\"name\":\"Test na autismus v 18 m\u011bs\u00edc\u00edch - Test Mysli\",\"isPartOf\":{\"@id\":\"https:\/\/www.diagnostika-mysli.cz\/blog\/#website\"},\"primaryImageOfPage\":{\"@id\":\"https:\/\/www.diagnostika-mysli.cz\/blog\/autismus\/test-na-autismus-v-18-mesicich\/#primaryimage\"},\"datePublished\":\"2025-02-01T03:25:24+00:00\",\"dateModified\":\"2025-02-01T03:25:24+00:00\",\"author\":{\"@id\":\"https:\/\/www.diagnostika-mysli.cz\/blog\/#\/schema\/person\/8eb1bcaf59fea75c780c11946f4e3490\"},\"breadcrumb\":{\"@id\":\"https:\/\/www.diagnostika-mysli.cz\/blog\/autismus\/test-na-autismus-v-18-mesicich\/#breadcrumb\"},\"inLanguage\":\"cs\",\"potentialAction\":[{\"@type\":\"ReadAction\",\"target\":[\"https:\/\/www.diagnostika-mysli.cz\/blog\/autismus\/test-na-autismus-v-18-mesicich\/\"]}]},{\"@type\":\"BreadcrumbList\",\"@id\":\"https:\/\/www.diagnostika-mysli.cz\/blog\/autismus\/test-na-autismus-v-18-mesicich\/#breadcrumb\",\"itemListElement\":[{\"@type\":\"ListItem\",\"position\":1,\"name\":\"Blog\",\"item\":\"https:\/\/www.diagnostika-mysli.cz\/blog\/\"},{\"@type\":\"ListItem\",\"position\":2,\"name\":\"Autismus\",\"item\":\"https:\/\/www.diagnostika-mysli.cz\/blog\/autismus\/\"},{\"@type\":\"ListItem\",\"position\":3,\"name\":\"Test na autismus v 18 m\u011bs\u00edc\u00edch\"}]},{\"@type\":\"Person\",\"@id\":\"https:\/\/www.diagnostika-mysli.cz\/blog\/#\/schema\/person\/8eb1bcaf59fea75c780c11946f4e3490\",\"name\":\"Test Mysli\",\"image\":{\"@type\":\"ImageObject\",\"@id\":\"https:\/\/www.diagnostika-mysli.cz\/blog\/#personlogo\",\"inLanguage\":\"cs\",\"url\":\"https:\/\/secure.gravatar.com\/avatar\/6743211f010801ea26aa9423a2daab37?s=96&d=mm&r=g\",\"contentUrl\":\"https:\/\/secure.gravatar.com\/avatar\/6743211f010801ea26aa9423a2daab37?s=96&d=mm&r=g\",\"caption\":\"Test Mysli\"},\"sameAs\":[\"https:\/\/www.diagnostika-mysli.cz\/blog\"],\"url\":\"https:\/\/www.diagnostika-mysli.cz\/blog\/author\/diagnostyka-umyslu\/\"}]}<\/script>\n<!-- \/ Yoast SEO plugin. -->","yoast_head_json":{"title":"Test na autismus v 18 m\u011bs\u00edc\u00edch - Test Mysli","robots":{"index":"index","follow":"follow","max-snippet":"max-snippet:-1","max-image-preview":"max-image-preview:large","max-video-preview":"max-video-preview:-1"},"canonical":"https:\/\/www.diagnostika-mysli.cz\/blog\/autismus\/test-na-autismus-v-18-mesicich\/","og_locale":"cs_CZ","og_type":"article","og_title":"Test na autismus v 18 m\u011bs\u00edc\u00edch - Test Mysli","og_description":"Co je to test na autismus v 18 m\u011bs\u00edc\u00edch a jak prob\u00edh\u00e1? Test na autismus v 18 m\u011bs\u00edc\u00edch je diagnostick\u00fd n\u00e1stroj, kter\u00fd se pou\u017e\u00edv\u00e1 k...","og_url":"https:\/\/www.diagnostika-mysli.cz\/blog\/autismus\/test-na-autismus-v-18-mesicich\/","og_site_name":"Test Mysli","article_published_time":"2025-02-01T03:25:24+00:00","twitter_card":"summary_large_image","twitter_misc":{"Napsal(a)":"Test Mysli","Odhadovan\u00e1 doba \u010dten\u00ed":"4 minuty"},"schema":{"@context":"https:\/\/schema.org","@graph":[{"@type":"WebSite","@id":"https:\/\/www.diagnostika-mysli.cz\/blog\/#website","url":"https:\/\/www.diagnostika-mysli.cz\/blog\/","name":"Test Mysli","description":"Blog o poruch\u00e1ch mysli","potentialAction":[{"@type":"SearchAction","target":{"@type":"EntryPoint","urlTemplate":"https:\/\/www.diagnostika-mysli.cz\/blog\/?s={search_term_string}"},"query-input":"required name=search_term_string"}],"inLanguage":"cs"},{"@type":"ImageObject","@id":"https:\/\/www.diagnostika-mysli.cz\/blog\/autismus\/test-na-autismus-v-18-mesicich\/#primaryimage","inLanguage":"cs","url":"https:\/\/www.diagnostika-mysli.cz\/blog\/wp-content\/uploads\/2025\/02\/image.png","contentUrl":"https:\/\/www.diagnostika-mysli.cz\/blog\/wp-content\/uploads\/2025\/02\/image.png","width":256,"height":256},{"@type":"WebPage","@id":"https:\/\/www.diagnostika-mysli.cz\/blog\/autismus\/test-na-autismus-v-18-mesicich\/#webpage","url":"https:\/\/www.diagnostika-mysli.cz\/blog\/autismus\/test-na-autismus-v-18-mesicich\/","name":"Test na autismus v 18 m\u011bs\u00edc\u00edch - Test Mysli","isPartOf":{"@id":"https:\/\/www.diagnostika-mysli.cz\/blog\/#website"},"primaryImageOfPage":{"@id":"https:\/\/www.diagnostika-mysli.cz\/blog\/autismus\/test-na-autismus-v-18-mesicich\/#primaryimage"},"datePublished":"2025-02-01T03:25:24+00:00","dateModified":"2025-02-01T03:25:24+00:00","author":{"@id":"https:\/\/www.diagnostika-mysli.cz\/blog\/#\/schema\/person\/8eb1bcaf59fea75c780c11946f4e3490"},"breadcrumb":{"@id":"https:\/\/www.diagnostika-mysli.cz\/blog\/autismus\/test-na-autismus-v-18-mesicich\/#breadcrumb"},"inLanguage":"cs","potentialAction":[{"@type":"ReadAction","target":["https:\/\/www.diagnostika-mysli.cz\/blog\/autismus\/test-na-autismus-v-18-mesicich\/"]}]},{"@type":"BreadcrumbList","@id":"https:\/\/www.diagnostika-mysli.cz\/blog\/autismus\/test-na-autismus-v-18-mesicich\/#breadcrumb","itemListElement":[{"@type":"ListItem","position":1,"name":"Blog","item":"https:\/\/www.diagnostika-mysli.cz\/blog\/"},{"@type":"ListItem","position":2,"name":"Autismus","item":"https:\/\/www.diagnostika-mysli.cz\/blog\/autismus\/"},{"@type":"ListItem","position":3,"name":"Test na autismus v 18 m\u011bs\u00edc\u00edch"}]},{"@type":"Person","@id":"https:\/\/www.diagnostika-mysli.cz\/blog\/#\/schema\/person\/8eb1bcaf59fea75c780c11946f4e3490","name":"Test Mysli","image":{"@type":"ImageObject","@id":"https:\/\/www.diagnostika-mysli.cz\/blog\/#personlogo","inLanguage":"cs","url":"https:\/\/secure.gravatar.com\/avatar\/6743211f010801ea26aa9423a2daab37?s=96&d=mm&r=g","contentUrl":"https:\/\/secure.gravatar.com\/avatar\/6743211f010801ea26aa9423a2daab37?s=96&d=mm&r=g","caption":"Test Mysli"},"sameAs":["https:\/\/www.diagnostika-mysli.cz\/blog"],"url":"https:\/\/www.diagnostika-mysli.cz\/blog\/author\/diagnostyka-umyslu\/"}]}},"amp_enabled":true,"_links":{"self":[{"href":"https:\/\/www.diagnostika-mysli.cz\/blog\/wp-json\/wp\/v2\/posts\/2896"}],"collection":[{"href":"https:\/\/www.diagnostika-mysli.cz\/blog\/wp-json\/wp\/v2\/posts"}],"about":[{"href":"https:\/\/www.diagnostika-mysli.cz\/blog\/wp-json\/wp\/v2\/types\/post"}],"author":[{"embeddable":true,"href":"https:\/\/www.diagnostika-mysli.cz\/blog\/wp-json\/wp\/v2\/users\/1"}],"replies":[{"embeddable":true,"href":"https:\/\/www.diagnostika-mysli.cz\/blog\/wp-json\/wp\/v2\/comments?post=2896"}],"version-history":[{"count":0,"href":"https:\/\/www.diagnostika-mysli.cz\/blog\/wp-json\/wp\/v2\/posts\/2896\/revisions"}],"wp:featuredmedia":[{"embeddable":true,"href":"https:\/\/www.diagnostika-mysli.cz\/blog\/wp-json\/wp\/v2\/media\/2897"}],"wp:attachment":[{"href":"https:\/\/www.diagnostika-mysli.cz\/blog\/wp-json\/wp\/v2\/media?parent=2896"}],"wp:term":[{"taxonomy":"category","embeddable":true,"href":"https:\/\/www.diagnostika-mysli.cz\/blog\/wp-json\/wp\/v2\/categories?post=2896"},{"taxonomy":"post_tag","embeddable":true,"href":"https:\/\/www.diagnostika-mysli.cz\/blog\/wp-json\/wp\/v2\/tags?post=2896"}],"curies":[{"name":"wp","href":"https:\/\/api.w.org\/{rel}","templated":true}]}}