{"id":2910,"date":"2025-02-04T04:25:25","date_gmt":"2025-02-04T03:25:25","guid":{"rendered":"https:\/\/www.diagnostika-mysli.cz\/blog\/autismus\/lehky-autismus-u-deti\/"},"modified":"2025-02-04T04:25:25","modified_gmt":"2025-02-04T03:25:25","slug":"lehky-autismus-u-deti","status":"publish","type":"post","link":"https:\/\/www.diagnostika-mysli.cz\/blog\/autismus\/lehky-autismus-u-deti\/","title":{"rendered":"Lehk\u00fd autismus u d\u011bt\u00ed"},"content":{"rendered":"<div class='topics'>\n<div class='topic'>\n<h2>Co je lehk\u00fd autismus u d\u011bt\u00ed a jak\u00e9 jsou jeho p\u0159\u00edznaky?<\/h2>\n<p>Autismus je neurov\u00fdvojov\u00e1 porucha, kter\u00e1 ovliv\ufffd\ufffduje komunikaci a soci\u00e1ln\u00ed interakci jedince. Existuje mnoho forem autismu, ale jednou z nich je tak\u00e9 lehk\u00fd autismus, kter\u00fd se \u010dasto ozna\u010duje jako Asperger\u016fv syndrom. Tato forma autismu se projevuje u d\u011bt\u00ed a m\u016f\u017ee b\u00fdt diagnostikov\u00e1na ji\u017e v ran\u00e9m v\u011bku.<\/p>\n<p>P\u0159\u00edznaky lehk\u00e9ho autismu u d\u011bt\u00ed mohou b\u00fdt r\u016fzn\u00e9 a mohou se li\u0161it od jedince k jedinci. Nicm\u00e9n\u011b, existuj\u00ed n\u011bkter\u00e9 spole\u010dn\u00e9 znaky, kter\u00e9 mohou nazna\u010dovat p\u0159\u00edtomnost t\u00e9to poruchy. Jedn\u00edm z nich je probl\u00e9m s komunikac\u00ed a soci\u00e1ln\u00edmi interakcemi. D\u011bti s lehk\u00fdm autismem mohou m\u00edt probl\u00e9my s porozum\u011bn\u00edm neverb\u00e1ln\u00ed komunikace, jako jsou nap\u0159\u00edklad gesta, mimika nebo t\u00f3n hlasu. Mohou tak\u00e9 m\u00edt probl\u00e9my s navazov\u00e1n\u00edm a udr\u017eov\u00e1n\u00edm p\u0159\u00e1telstv\u00ed<\/p>\n<\/div>\n<div class='topic'>\n<h2>Jak\u00e9 jsou mo\u017enosti l\u00e9\u010dby a podpory pro d\u011bti s lehk\u00fdm autismem?<\/h2>\n<p>Autismus je neurov\u00fdvojov\u00e1 porucha, kter\u00e1 ovliv\ufffd\ufffduje soci\u00e1ln\u00ed interakce, komunikaci a chov\u00e1n\u00ed jedince. Existuje mnoho forem autismu, ale v tomto \u010dl\u00e1nku se zam\u011b\u0159\u00edme na l\u00e9\u010dbu a podporu pro d\u011bti s lehk\u00fdm autismem.<\/p>\n<p>L\u00e9\u010dba lehk\u00e9ho autismu se zam\u011b\u0159uje na zlep\u0161en\u00ed soci\u00e1ln\u00edch interakc\u00ed, komunikace a chov\u00e1n\u00ed d\u00edt\u011bte. Je d\u016fle\u017eit\u00e9 si uv\u011bdomit, \u017ee ka\u017ed\u00e9 d\u00edt\u011b s lehk\u00fdm autismem je jedine\u010dn\u00e9 a m\u016f\u017ee vy\u017eadovat individu\u00e1ln\u00ed p\u0159\u00edstup k l\u00e9\u010db\u011b. Proto je d\u016fle\u017eit\u00e9 spolupracovat s odborn\u00edky, jako jsou psychologov\u00e9, pediat\u0159i, logopedov\u00e9 a dal\u0161\u00ed, kte\u0159\u00ed mohou pomoci s diagnostikou a l\u00e9\u010dbou.<\/p>\n<p>Jednou z mo\u017enost\u00ed l\u00e9\u010dby je terapie. Existuje n\u011bkolik typ\u016f terapie, kter\u00e9 mohou b\u00fdt pro d\u011bti s lehk\u00fdm autismem u\u017eite\u010dn\u00e9. Mezi nej\u010dast\u011b<\/p>\n<\/div>\n<div class='topic'>\n<h2>Jak mohou rodi\u010de a u\u010ditel\u00e9 pomoci d\u011btem s lehk\u00fdm autismem v ka\u017edodenn\u00edm \u017eivot\u011b?<\/h2>\n<p>Autismus je neurov\u00fdvojov\u00e9 onemocn\u011bn\u00ed, kter\u00e9 ovliv\ufffd\ufffduje soci\u00e1ln\u00ed interakci, komunikaci a chov\u00e1n\u00ed jedince. Existuje mnoho forem autismu, ale jednou z nej\u010dast\u011bj\u0161\u00edch je lehk\u00fd autismus, kter\u00fd se tak\u00e9 naz\u00fdv\u00e1 jako Asperger\u016fv syndrom. D\u011bti s lehk\u00fdm autismem maj\u00ed \u010dasto probl\u00e9my s porozum\u011bn\u00edm soci\u00e1ln\u00edm situac\u00edm a mohou m\u00edt omezen\u00e9 z\u00e1jmy a aktivity. V ka\u017edodenn\u00edm \u017eivot\u011b mohou m\u00edt tyto d\u011bti pot\u00ed\u017ee s adaptac\u00ed a pot\u0159ebuj\u00ed podporu a pomoc od sv\u00fdch rodi\u010d\u016f a u\u010ditel\u016f.<\/p>\n<p>Prvn\u00edm krokem pro rodi\u010de a u\u010ditele je porozum\u011bt tomu, co lehk\u00fd autismus znamen\u00e1 a jak ovliv\ufffd\ufffduje \u017eivot d\u00edt\u011bte. Je d\u016fle\u017eit\u00e9 si uv\u011bdomit, \u017ee ka\u017ed\u00e9 d\u00edt\u011b s lehk\u00fdm autismem je jedine\u010dn\u00e9 a m\u00e1 sv\u00e9 vlastn\u00ed pot\u0159eby a schopnosti. Rodi\u010de a u\u010ditel\u00e9 by m\u011bli<\/p>\n<\/div>\n<div class='topic'>\n<h2>Jak\u00fd vliv m\u00e1 lehk\u00fd autismus na soci\u00e1ln\u00ed interakce a komunikaci u d\u011bt\u00ed?<\/h2>\n<p>Lehk\u00fd autismus, tak\u00e9 zn\u00e1m\u00fd jako Asperger\u016fv syndrom, je porucha zahrnuj\u00edc\u00ed \u0161irok\u00e9 spektrum soci\u00e1ln\u00edch a komunika\u010dn\u00edch obt\u00ed\u017e\u00ed. Tato porucha se obvykle projevuje ji\u017e v d\u011btstv\u00ed a m\u016f\u017ee m\u00edt v\u00fdznamn\u00fd vliv na soci\u00e1ln\u00ed interakce a komunikaci u d\u011bt\u00ed.<\/p>\n<p>Jedn\u00edm z hlavn\u00edch projev\u016f lehk\u00e9ho autismu je naru\u0161en\u00e1 schopnost porozum\u011bt a interpretovat neverb\u00e1ln\u00ed komunikaci, jako jsou nap\u0159\u00edklad gesta, mimika a t\u00f3n hlasu. D\u011bti s touto poruchou mohou m\u00edt probl\u00e9my s \u010dten\u00edm emoc\u00ed a porozum\u011bn\u00edm soci\u00e1ln\u00edm sign\u00e1l\u016fm, co\u017e m\u016f\u017ee v\u00e9st k nespr\u00e1vn\u00fdm interpretac\u00edm a nedorozum\u011bn\u00edm v komunikaci s ostatn\u00edmi.<\/p>\n<p>Dal\u0161\u00edm v\u00fdznamn\u00fdm projevem lehk\u00e9ho autismu je omezen\u00e1 schopnost navazovat a udr\u017eovat soci\u00e1ln\u00ed vztahy. D\u011bti s touto poruchou m<\/p>\n<\/div>\n<div class='topic'>\n<h2>Jak\u00e9 jsou nej\u010dast\u011bj\u0161\u00ed omyly a m\u00fdty spojen\u00e9 s lehk\u00fdm autismem u d\u011bt\u00ed?<\/h2>\n<p>Lehk\u00e9 autismus, tak\u00e9 zn\u00e1m\u00e9 jako Asperger\u016fv syndrom, je porucha zahrnuj\u00edc\u00ed probl\u00e9my s komunikac\u00ed a soci\u00e1ln\u00edmi interakcemi. I kdy\u017e se jedn\u00e1 o relativn\u011b b\u011b\u017enou poruchu, st\u00e1le existuje mnoho omyl\u016f a m\u00fdt\u016f spojen\u00fdch s lehk\u00fdm autismem u d\u011bt\u00ed. V tomto \u010dl\u00e1nku se pod\u00edv\u00e1me na p\u011bt nej\u010dast\u011bj\u0161\u00edch omyl\u016f a m\u00fdt\u016f a vysv\u011btl\u00edme, pro\u010d jsou nespr\u00e1vn\u00e9.<\/p>\n<p>1. D\u011bti s lehk\u00fdm autismem jsou neschopn\u00e9 empatie.<\/p>\n<p>Tento m\u00fdtus je zalo\u017een na p\u0159edstav\u011b, \u017ee d\u011bti s lehk\u00fdm autismem maj\u00ed probl\u00e9my s porozum\u011bn\u00edm emoc\u00edm a tedy nemohou c\u00edtit empatii. Ve skute\u010dnosti v\u0161ak mnoho d\u011bt\u00ed s lehk\u00fdm autismem m\u00e1 velmi siln\u00e9 emoce a dok\u00e1\u017ee se vc\u00edtit do pocit\u016f ostatn\u00edch. Probl\u00e9m m\u016f\u017ee b\u00fdt v tom, \u017ee tato d\u011bti mohou m\u00edt probl\u00e9my<\/p>\n<\/div>\n<\/div>\n","protected":false},"excerpt":{"rendered":"<p>Co je lehk\u00fd autismus u d\u011bt\u00ed a jak\u00e9 jsou jeho p\u0159\u00edznaky? Autismus je neurov\u00fdvojov\u00e1 porucha, kter\u00e1 ovliv\ufffd\ufffduje komunikaci a soci\u00e1ln\u00ed interakci jedince. Existuje mnoho forem&#8230;<\/p>\n","protected":false},"author":1,"featured_media":2916,"comment_status":"","ping_status":"open","sticky":false,"template":"","format":"standard","meta":{"inline_featured_image":false},"categories":[849],"tags":[],"yoast_head":"<!-- This site is optimized with the Yoast SEO plugin v18.1 - https:\/\/yoast.com\/wordpress\/plugins\/seo\/ -->\n<title>Lehk\u00fd autismus u d\u011bt\u00ed - Test Mysli<\/title>\n<meta name=\"robots\" content=\"index, follow, max-snippet:-1, max-image-preview:large, max-video-preview:-1\" \/>\n<link rel=\"canonical\" href=\"https:\/\/www.diagnostika-mysli.cz\/blog\/autismus\/lehky-autismus-u-deti\/\" \/>\n<meta property=\"og:locale\" content=\"cs_CZ\" \/>\n<meta property=\"og:type\" content=\"article\" \/>\n<meta property=\"og:title\" content=\"Lehk\u00fd autismus u d\u011bt\u00ed - Test Mysli\" \/>\n<meta property=\"og:description\" content=\"Co je lehk\u00fd autismus u d\u011bt\u00ed a jak\u00e9 jsou jeho p\u0159\u00edznaky? Autismus je neurov\u00fdvojov\u00e1 porucha, kter\u00e1 ovliv\ufffd\ufffduje komunikaci a soci\u00e1ln\u00ed interakci jedince. Existuje mnoho forem...\" \/>\n<meta property=\"og:url\" content=\"https:\/\/www.diagnostika-mysli.cz\/blog\/autismus\/lehky-autismus-u-deti\/\" \/>\n<meta property=\"og:site_name\" content=\"Test Mysli\" \/>\n<meta property=\"article:published_time\" content=\"2025-02-04T03:25:25+00:00\" \/>\n<meta name=\"twitter:card\" content=\"summary_large_image\" \/>\n<meta name=\"twitter:label1\" content=\"Napsal(a)\" \/>\n\t<meta name=\"twitter:data1\" content=\"Test Mysli\" \/>\n\t<meta name=\"twitter:label2\" content=\"Odhadovan\u00e1 doba \u010dten\u00ed\" \/>\n\t<meta name=\"twitter:data2\" content=\"4 minuty\" \/>\n<script type=\"application\/ld+json\" class=\"yoast-schema-graph\">{\"@context\":\"https:\/\/schema.org\",\"@graph\":[{\"@type\":\"WebSite\",\"@id\":\"https:\/\/www.diagnostika-mysli.cz\/blog\/#website\",\"url\":\"https:\/\/www.diagnostika-mysli.cz\/blog\/\",\"name\":\"Test Mysli\",\"description\":\"Blog o poruch\u00e1ch mysli\",\"potentialAction\":[{\"@type\":\"SearchAction\",\"target\":{\"@type\":\"EntryPoint\",\"urlTemplate\":\"https:\/\/www.diagnostika-mysli.cz\/blog\/?s={search_term_string}\"},\"query-input\":\"required name=search_term_string\"}],\"inLanguage\":\"cs\"},{\"@type\":\"ImageObject\",\"@id\":\"https:\/\/www.diagnostika-mysli.cz\/blog\/autismus\/lehky-autismus-u-deti\/#primaryimage\",\"inLanguage\":\"cs\",\"url\":\"https:\/\/www.diagnostika-mysli.cz\/blog\/wp-content\/uploads\/2025\/02\/image-6.png\",\"contentUrl\":\"https:\/\/www.diagnostika-mysli.cz\/blog\/wp-content\/uploads\/2025\/02\/image-6.png\",\"width\":256,\"height\":256},{\"@type\":\"WebPage\",\"@id\":\"https:\/\/www.diagnostika-mysli.cz\/blog\/autismus\/lehky-autismus-u-deti\/#webpage\",\"url\":\"https:\/\/www.diagnostika-mysli.cz\/blog\/autismus\/lehky-autismus-u-deti\/\",\"name\":\"Lehk\u00fd autismus u d\u011bt\u00ed - Test Mysli\",\"isPartOf\":{\"@id\":\"https:\/\/www.diagnostika-mysli.cz\/blog\/#website\"},\"primaryImageOfPage\":{\"@id\":\"https:\/\/www.diagnostika-mysli.cz\/blog\/autismus\/lehky-autismus-u-deti\/#primaryimage\"},\"datePublished\":\"2025-02-04T03:25:25+00:00\",\"dateModified\":\"2025-02-04T03:25:25+00:00\",\"author\":{\"@id\":\"https:\/\/www.diagnostika-mysli.cz\/blog\/#\/schema\/person\/8eb1bcaf59fea75c780c11946f4e3490\"},\"breadcrumb\":{\"@id\":\"https:\/\/www.diagnostika-mysli.cz\/blog\/autismus\/lehky-autismus-u-deti\/#breadcrumb\"},\"inLanguage\":\"cs\",\"potentialAction\":[{\"@type\":\"ReadAction\",\"target\":[\"https:\/\/www.diagnostika-mysli.cz\/blog\/autismus\/lehky-autismus-u-deti\/\"]}]},{\"@type\":\"BreadcrumbList\",\"@id\":\"https:\/\/www.diagnostika-mysli.cz\/blog\/autismus\/lehky-autismus-u-deti\/#breadcrumb\",\"itemListElement\":[{\"@type\":\"ListItem\",\"position\":1,\"name\":\"Blog\",\"item\":\"https:\/\/www.diagnostika-mysli.cz\/blog\/\"},{\"@type\":\"ListItem\",\"position\":2,\"name\":\"Autismus\",\"item\":\"https:\/\/www.diagnostika-mysli.cz\/blog\/autismus\/\"},{\"@type\":\"ListItem\",\"position\":3,\"name\":\"Lehk\u00fd autismus u d\u011bt\u00ed\"}]},{\"@type\":\"Person\",\"@id\":\"https:\/\/www.diagnostika-mysli.cz\/blog\/#\/schema\/person\/8eb1bcaf59fea75c780c11946f4e3490\",\"name\":\"Test Mysli\",\"image\":{\"@type\":\"ImageObject\",\"@id\":\"https:\/\/www.diagnostika-mysli.cz\/blog\/#personlogo\",\"inLanguage\":\"cs\",\"url\":\"https:\/\/secure.gravatar.com\/avatar\/6743211f010801ea26aa9423a2daab37?s=96&d=mm&r=g\",\"contentUrl\":\"https:\/\/secure.gravatar.com\/avatar\/6743211f010801ea26aa9423a2daab37?s=96&d=mm&r=g\",\"caption\":\"Test Mysli\"},\"sameAs\":[\"https:\/\/www.diagnostika-mysli.cz\/blog\"],\"url\":\"https:\/\/www.diagnostika-mysli.cz\/blog\/author\/diagnostyka-umyslu\/\"}]}<\/script>\n<!-- \/ Yoast SEO plugin. -->","yoast_head_json":{"title":"Lehk\u00fd autismus u d\u011bt\u00ed - Test Mysli","robots":{"index":"index","follow":"follow","max-snippet":"max-snippet:-1","max-image-preview":"max-image-preview:large","max-video-preview":"max-video-preview:-1"},"canonical":"https:\/\/www.diagnostika-mysli.cz\/blog\/autismus\/lehky-autismus-u-deti\/","og_locale":"cs_CZ","og_type":"article","og_title":"Lehk\u00fd autismus u d\u011bt\u00ed - Test Mysli","og_description":"Co je lehk\u00fd autismus u d\u011bt\u00ed a jak\u00e9 jsou jeho p\u0159\u00edznaky? Autismus je neurov\u00fdvojov\u00e1 porucha, kter\u00e1 ovliv\ufffd\ufffduje komunikaci a soci\u00e1ln\u00ed interakci jedince. Existuje mnoho forem...","og_url":"https:\/\/www.diagnostika-mysli.cz\/blog\/autismus\/lehky-autismus-u-deti\/","og_site_name":"Test Mysli","article_published_time":"2025-02-04T03:25:25+00:00","twitter_card":"summary_large_image","twitter_misc":{"Napsal(a)":"Test Mysli","Odhadovan\u00e1 doba \u010dten\u00ed":"4 minuty"},"schema":{"@context":"https:\/\/schema.org","@graph":[{"@type":"WebSite","@id":"https:\/\/www.diagnostika-mysli.cz\/blog\/#website","url":"https:\/\/www.diagnostika-mysli.cz\/blog\/","name":"Test Mysli","description":"Blog o poruch\u00e1ch mysli","potentialAction":[{"@type":"SearchAction","target":{"@type":"EntryPoint","urlTemplate":"https:\/\/www.diagnostika-mysli.cz\/blog\/?s={search_term_string}"},"query-input":"required name=search_term_string"}],"inLanguage":"cs"},{"@type":"ImageObject","@id":"https:\/\/www.diagnostika-mysli.cz\/blog\/autismus\/lehky-autismus-u-deti\/#primaryimage","inLanguage":"cs","url":"https:\/\/www.diagnostika-mysli.cz\/blog\/wp-content\/uploads\/2025\/02\/image-6.png","contentUrl":"https:\/\/www.diagnostika-mysli.cz\/blog\/wp-content\/uploads\/2025\/02\/image-6.png","width":256,"height":256},{"@type":"WebPage","@id":"https:\/\/www.diagnostika-mysli.cz\/blog\/autismus\/lehky-autismus-u-deti\/#webpage","url":"https:\/\/www.diagnostika-mysli.cz\/blog\/autismus\/lehky-autismus-u-deti\/","name":"Lehk\u00fd autismus u d\u011bt\u00ed - Test Mysli","isPartOf":{"@id":"https:\/\/www.diagnostika-mysli.cz\/blog\/#website"},"primaryImageOfPage":{"@id":"https:\/\/www.diagnostika-mysli.cz\/blog\/autismus\/lehky-autismus-u-deti\/#primaryimage"},"datePublished":"2025-02-04T03:25:25+00:00","dateModified":"2025-02-04T03:25:25+00:00","author":{"@id":"https:\/\/www.diagnostika-mysli.cz\/blog\/#\/schema\/person\/8eb1bcaf59fea75c780c11946f4e3490"},"breadcrumb":{"@id":"https:\/\/www.diagnostika-mysli.cz\/blog\/autismus\/lehky-autismus-u-deti\/#breadcrumb"},"inLanguage":"cs","potentialAction":[{"@type":"ReadAction","target":["https:\/\/www.diagnostika-mysli.cz\/blog\/autismus\/lehky-autismus-u-deti\/"]}]},{"@type":"BreadcrumbList","@id":"https:\/\/www.diagnostika-mysli.cz\/blog\/autismus\/lehky-autismus-u-deti\/#breadcrumb","itemListElement":[{"@type":"ListItem","position":1,"name":"Blog","item":"https:\/\/www.diagnostika-mysli.cz\/blog\/"},{"@type":"ListItem","position":2,"name":"Autismus","item":"https:\/\/www.diagnostika-mysli.cz\/blog\/autismus\/"},{"@type":"ListItem","position":3,"name":"Lehk\u00fd autismus u d\u011bt\u00ed"}]},{"@type":"Person","@id":"https:\/\/www.diagnostika-mysli.cz\/blog\/#\/schema\/person\/8eb1bcaf59fea75c780c11946f4e3490","name":"Test Mysli","image":{"@type":"ImageObject","@id":"https:\/\/www.diagnostika-mysli.cz\/blog\/#personlogo","inLanguage":"cs","url":"https:\/\/secure.gravatar.com\/avatar\/6743211f010801ea26aa9423a2daab37?s=96&d=mm&r=g","contentUrl":"https:\/\/secure.gravatar.com\/avatar\/6743211f010801ea26aa9423a2daab37?s=96&d=mm&r=g","caption":"Test Mysli"},"sameAs":["https:\/\/www.diagnostika-mysli.cz\/blog"],"url":"https:\/\/www.diagnostika-mysli.cz\/blog\/author\/diagnostyka-umyslu\/"}]}},"amp_enabled":true,"_links":{"self":[{"href":"https:\/\/www.diagnostika-mysli.cz\/blog\/wp-json\/wp\/v2\/posts\/2910"}],"collection":[{"href":"https:\/\/www.diagnostika-mysli.cz\/blog\/wp-json\/wp\/v2\/posts"}],"about":[{"href":"https:\/\/www.diagnostika-mysli.cz\/blog\/wp-json\/wp\/v2\/types\/post"}],"author":[{"embeddable":true,"href":"https:\/\/www.diagnostika-mysli.cz\/blog\/wp-json\/wp\/v2\/users\/1"}],"replies":[{"embeddable":true,"href":"https:\/\/www.diagnostika-mysli.cz\/blog\/wp-json\/wp\/v2\/comments?post=2910"}],"version-history":[{"count":0,"href":"https:\/\/www.diagnostika-mysli.cz\/blog\/wp-json\/wp\/v2\/posts\/2910\/revisions"}],"wp:featuredmedia":[{"embeddable":true,"href":"https:\/\/www.diagnostika-mysli.cz\/blog\/wp-json\/wp\/v2\/media\/2916"}],"wp:attachment":[{"href":"https:\/\/www.diagnostika-mysli.cz\/blog\/wp-json\/wp\/v2\/media?parent=2910"}],"wp:term":[{"taxonomy":"category","embeddable":true,"href":"https:\/\/www.diagnostika-mysli.cz\/blog\/wp-json\/wp\/v2\/categories?post=2910"},{"taxonomy":"post_tag","embeddable":true,"href":"https:\/\/www.diagnostika-mysli.cz\/blog\/wp-json\/wp\/v2\/tags?post=2910"}],"curies":[{"name":"wp","href":"https:\/\/api.w.org\/{rel}","templated":true}]}}