{"id":2930,"date":"2025-02-07T03:05:23","date_gmt":"2025-02-07T02:05:23","guid":{"rendered":"https:\/\/www.diagnostika-mysli.cz\/blog\/adhd\/hyperaktivni-dite\/"},"modified":"2025-02-07T03:05:23","modified_gmt":"2025-02-07T02:05:23","slug":"hyperaktivni-dite","status":"publish","type":"post","link":"https:\/\/www.diagnostika-mysli.cz\/blog\/adhd\/hyperaktivni-dite\/","title":{"rendered":"Hyperaktivn\u00ed d\u00edt\u011b"},"content":{"rendered":"<div class='topics'>\n<div class='topic'>\n<h2>Co je to hyperaktivn\u00ed d\u00edt\u011b a jak\u00e9 jsou jeho p\u0159\u00edznaky?<\/h2>\n<p>Hyperaktivn\u00ed d\u00edt\u011b je term\u00edn pou\u017e\u00edvan\u00fd pro d\u011bti, kter\u00e9 maj\u00ed nadm\u011brnou aktivitu a obt\u00ed\u017en\u011b se soust\u0159ed\u00ed. Toto chov\u00e1n\u00ed m\u016f\u017ee b\u00fdt pro rodi\u010de a u\u010ditele velmi n\u00e1ro\u010dn\u00e9 a m\u016f\u017ee ovlivnit i vztahy s ostatn\u00edmi d\u011btmi.<\/p>\n<p>P\u0159\u00edznaky hyperaktivn\u00edho d\u00edt\u011bte se mohou projevovat ji\u017e od ran\u00e9ho v\u011bku, ale nej\u010dast\u011bji jsou patrn\u00e9 ve v\u011bku 3 a\u017e 7 let. D\u011bti s t\u00edmto probl\u00e9mem maj\u00ed tendenci b\u00fdt neust\u00e1le v pohybu, jsou nesoust\u0159ed\u011bn\u00e9 a maj\u00ed probl\u00e9my s udr\u017een\u00edm pozornosti. Mohou b\u00fdt tak\u00e9 impulzivn\u00ed a nedok\u00e1\u017eou kontrolovat sv\u00e9 emoce a chov\u00e1n\u00ed.<\/p>\n<p>Jedn\u00edm z hlavn\u00edch p\u0159\u00edznak\u016f hyperaktivn\u00edho d\u00edt\u011bte je nadm\u011brn\u00e1 aktivita. D\u00edt\u011b se neust\u00e1le h\u00fdbe, b\u011bh\u00e1, sk\u00e1\u010de a m\u00e1 probl\u00e9my s uklidn\u011bn\u00edm. M\u016f\u017ee se zd\u00e1t<\/p>\n<\/div>\n<div class='topic'>\n<h2>Jak\u00e9 jsou mo\u017en\u00e9 p\u0159\u00ed\u010diny hyperaktivity u d\u011bt\u00ed a jak s nimi pracovat?<\/h2>\n<p>Hyperaktivita u d\u011bt\u00ed je \u010dasto diskutovan\u00fdm t\u00e9matem mezi rodi\u010di, u\u010diteli a odborn\u00edky. Jedn\u00e1 se o stav, kdy d\u00edt\u011b projevuje nadm\u011brnou aktivitu, nedok\u00e1\u017ee se soust\u0159edit a m\u00e1 probl\u00e9my s udr\u017een\u00edm pozornosti. Tento stav m\u016f\u017ee b\u00fdt velmi n\u00e1ro\u010dn\u00fd nejen pro d\u00edt\u011b, ale i pro jeho okol\u00ed. V n\u00e1sleduj\u00edc\u00edm textu se zam\u011b\u0159\u00edme na mo\u017en\u00e9 p\u0159\u00ed\u010diny hyperaktivity u d\u011bt\u00ed a jak s nimi pracovat.<\/p>\n<p>1. Genetick\u00e9 faktory<br \/>Jednou z mo\u017en\u00fdch p\u0159\u00ed\u010din hyperaktivity u d\u011bt\u00ed mohou b\u00fdt genetick\u00e9 faktory. V\u011bdeck\u00e9 studie ukazuj\u00ed, \u017ee d\u011bti, jejich\u017e rodi\u010de trp\u00ed hyperaktivitou, maj\u00ed vy\u0161\u0161\u00ed pravd\u011bpodobnost projevovat podobn\u00e9 p\u0159\u00edznaky. To v\u0161ak neznamen\u00e1, \u017ee pokud m\u00e1te v rodin\u011b n\u011bkoho s hyperaktivitou, bude ji m\u00edt automaticky i va\u0161e d\u00edt\u011b. Gen<\/p>\n<\/div>\n<div class='topic'>\n<h2>Jak mohou rodi\u010de pomoci sv\u00e9mu hyperaktivn\u00edmu d\u00edt\u011bti a jak\u00e9 jsou vhodn\u00e9 terapie?<\/h2>\n<p>Hyperaktivita je stav, kter\u00fd se projevuje nadm\u011brnou aktivitou, nedostatkem pozornosti a impulzivn\u00edm chov\u00e1n\u00edm. Tento stav m\u016f\u017ee b\u00fdt velmi n\u00e1ro\u010dn\u00fd nejen pro d\u00edt\u011b, ale i pro jeho rodi\u010de. Rodi\u010de hyperaktivn\u00edho d\u00edt\u011bte se \u010dasto c\u00edt\u00ed bezradn\u00ed a nev\u011bd\u00ed, jak sv\u00e9mu d\u00edt\u011bti pomoci. V tomto \u010dl\u00e1nku se pod\u00edv\u00e1me na to, jak mohou rodi\u010de pomoci sv\u00e9mu hyperaktivn\u00edmu d\u00edt\u011bti a jak\u00e9 jsou vhodn\u00e9 terapie.<\/p>\n<p>1. Vytvo\u0159te strukturu a rutinu<\/p>\n<p>Hyperaktivn\u00ed d\u011bti maj\u00ed \u010dasto probl\u00e9m se soust\u0159ed\u011bn\u00edm a pl\u00e1nov\u00e1n\u00edm. Pomoc\u00ed vytvo\u0159en\u00ed struktury a rutiny m\u016f\u017eete pomoci sv\u00e9mu d\u00edt\u011bti zvl\u00e1dat ka\u017edodenn\u00ed \u00fakoly a povinnosti. Vytvo\u0159te si spole\u010dn\u011b s d\u00edt\u011btem pl\u00e1n dne, kde bude jasn\u011b stanoveno, kdy se m\u00e1 d\u00edt\u011b v\u011bnovat \u0161kole, kdy m\u00e1 \u010das na<\/p>\n<\/div>\n<div class='topic'>\n<h2>Jak\u00fd vliv m\u00e1 hyperaktivita na vzd\u011bl\u00e1v\u00e1n\u00ed a soci\u00e1ln\u00ed interakci d\u00edt\u011bte?<\/h2>\n<p>Hyperaktivita je porucha, kter\u00e1 se projevuje nadm\u011brnou aktivitou, impulsivitou a neschopnost\u00ed udr\u017eet pozornost. Tato porucha m\u016f\u017ee m\u00edt v\u00fdrazn\u00fd vliv na vzd\u011bl\u00e1v\u00e1n\u00ed a soci\u00e1ln\u00ed interakci d\u00edt\u011bte.<\/p>\n<p>Vzd\u011bl\u00e1v\u00e1n\u00ed je pro d\u011bti velmi d\u016fle\u017eit\u00e9, proto\u017ee jim poskytuje znalosti, dovednosti a schopnosti pot\u0159ebn\u00e9 pro jejich budouc\u00ed \u00fasp\u011bch. Pro d\u011bti s hyperaktivitou m\u016f\u017ee b\u00fdt vzd\u011bl\u00e1v\u00e1n\u00ed n\u00e1ro\u010dn\u00e9, proto\u017ee maj\u00ed probl\u00e9my s udr\u017een\u00edm pozornosti a soust\u0159ed\u011bn\u00edm. Mohou b\u00fdt neschopn\u00e9 sed\u011bt na m\u00edst\u011b, poslouchat u\u010ditele a plnit \u00fakoly. To m\u016f\u017ee v\u00e9st k n\u00edzk\u00fdm v\u00fdsledk\u016fm ve \u0161kole a n\u00edzk\u00e9mu sebev\u011bdom\u00ed.<\/p>\n<p>D\u011bti s hyperaktivitou tak\u00e9 mohou m\u00edt probl\u00e9my s organizac\u00ed a pl\u00e1nov\u00e1n\u00edm, co\u017e m\u016f\u017ee ovlivnit jejich schopnost dokon\u010dit \u00fak<\/p>\n<\/div>\n<\/div>\n","protected":false},"excerpt":{"rendered":"<p>Co je to hyperaktivn\u00ed d\u00edt\u011b a jak\u00e9 jsou jeho p\u0159\u00edznaky? Hyperaktivn\u00ed d\u00edt\u011b je term\u00edn pou\u017e\u00edvan\u00fd pro d\u011bti, kter\u00e9 maj\u00ed nadm\u011brnou aktivitu a obt\u00ed\u017en\u011b se soust\u0159ed\u00ed&#8230;.<\/p>\n","protected":false},"author":1,"featured_media":2933,"comment_status":"","ping_status":"open","sticky":false,"template":"","format":"standard","meta":{"inline_featured_image":false},"categories":[780],"tags":[],"yoast_head":"<!-- This site is optimized with the Yoast SEO plugin v18.1 - https:\/\/yoast.com\/wordpress\/plugins\/seo\/ -->\n<title>Hyperaktivn\u00ed d\u00edt\u011b - Test Mysli<\/title>\n<meta name=\"robots\" content=\"index, follow, max-snippet:-1, max-image-preview:large, max-video-preview:-1\" \/>\n<link rel=\"canonical\" href=\"https:\/\/www.diagnostika-mysli.cz\/blog\/adhd\/hyperaktivni-dite\/\" \/>\n<meta property=\"og:locale\" content=\"cs_CZ\" \/>\n<meta property=\"og:type\" content=\"article\" \/>\n<meta property=\"og:title\" content=\"Hyperaktivn\u00ed d\u00edt\u011b - Test Mysli\" \/>\n<meta property=\"og:description\" content=\"Co je to hyperaktivn\u00ed d\u00edt\u011b a jak\u00e9 jsou jeho p\u0159\u00edznaky? Hyperaktivn\u00ed d\u00edt\u011b je term\u00edn pou\u017e\u00edvan\u00fd pro d\u011bti, kter\u00e9 maj\u00ed nadm\u011brnou aktivitu a obt\u00ed\u017en\u011b se soust\u0159ed\u00ed....\" \/>\n<meta property=\"og:url\" content=\"https:\/\/www.diagnostika-mysli.cz\/blog\/adhd\/hyperaktivni-dite\/\" \/>\n<meta property=\"og:site_name\" content=\"Test Mysli\" \/>\n<meta property=\"article:published_time\" content=\"2025-02-07T02:05:23+00:00\" \/>\n<meta name=\"twitter:card\" content=\"summary_large_image\" \/>\n<meta name=\"twitter:label1\" content=\"Napsal(a)\" \/>\n\t<meta name=\"twitter:data1\" content=\"Test Mysli\" \/>\n\t<meta name=\"twitter:label2\" content=\"Odhadovan\u00e1 doba \u010dten\u00ed\" \/>\n\t<meta name=\"twitter:data2\" content=\"3 minuty\" \/>\n<script type=\"application\/ld+json\" class=\"yoast-schema-graph\">{\"@context\":\"https:\/\/schema.org\",\"@graph\":[{\"@type\":\"WebSite\",\"@id\":\"https:\/\/www.diagnostika-mysli.cz\/blog\/#website\",\"url\":\"https:\/\/www.diagnostika-mysli.cz\/blog\/\",\"name\":\"Test Mysli\",\"description\":\"Blog o poruch\u00e1ch mysli\",\"potentialAction\":[{\"@type\":\"SearchAction\",\"target\":{\"@type\":\"EntryPoint\",\"urlTemplate\":\"https:\/\/www.diagnostika-mysli.cz\/blog\/?s={search_term_string}\"},\"query-input\":\"required name=search_term_string\"}],\"inLanguage\":\"cs\"},{\"@type\":\"ImageObject\",\"@id\":\"https:\/\/www.diagnostika-mysli.cz\/blog\/adhd\/hyperaktivni-dite\/#primaryimage\",\"inLanguage\":\"cs\",\"url\":\"https:\/\/www.diagnostika-mysli.cz\/blog\/wp-content\/uploads\/2025\/02\/image-13.png\",\"contentUrl\":\"https:\/\/www.diagnostika-mysli.cz\/blog\/wp-content\/uploads\/2025\/02\/image-13.png\",\"width\":256,\"height\":256},{\"@type\":\"WebPage\",\"@id\":\"https:\/\/www.diagnostika-mysli.cz\/blog\/adhd\/hyperaktivni-dite\/#webpage\",\"url\":\"https:\/\/www.diagnostika-mysli.cz\/blog\/adhd\/hyperaktivni-dite\/\",\"name\":\"Hyperaktivn\u00ed d\u00edt\u011b - Test Mysli\",\"isPartOf\":{\"@id\":\"https:\/\/www.diagnostika-mysli.cz\/blog\/#website\"},\"primaryImageOfPage\":{\"@id\":\"https:\/\/www.diagnostika-mysli.cz\/blog\/adhd\/hyperaktivni-dite\/#primaryimage\"},\"datePublished\":\"2025-02-07T02:05:23+00:00\",\"dateModified\":\"2025-02-07T02:05:23+00:00\",\"author\":{\"@id\":\"https:\/\/www.diagnostika-mysli.cz\/blog\/#\/schema\/person\/8eb1bcaf59fea75c780c11946f4e3490\"},\"breadcrumb\":{\"@id\":\"https:\/\/www.diagnostika-mysli.cz\/blog\/adhd\/hyperaktivni-dite\/#breadcrumb\"},\"inLanguage\":\"cs\",\"potentialAction\":[{\"@type\":\"ReadAction\",\"target\":[\"https:\/\/www.diagnostika-mysli.cz\/blog\/adhd\/hyperaktivni-dite\/\"]}]},{\"@type\":\"BreadcrumbList\",\"@id\":\"https:\/\/www.diagnostika-mysli.cz\/blog\/adhd\/hyperaktivni-dite\/#breadcrumb\",\"itemListElement\":[{\"@type\":\"ListItem\",\"position\":1,\"name\":\"Blog\",\"item\":\"https:\/\/www.diagnostika-mysli.cz\/blog\/\"},{\"@type\":\"ListItem\",\"position\":2,\"name\":\"ADHD\",\"item\":\"https:\/\/www.diagnostika-mysli.cz\/blog\/adhd\/\"},{\"@type\":\"ListItem\",\"position\":3,\"name\":\"Hyperaktivn\u00ed d\u00edt\u011b\"}]},{\"@type\":\"Person\",\"@id\":\"https:\/\/www.diagnostika-mysli.cz\/blog\/#\/schema\/person\/8eb1bcaf59fea75c780c11946f4e3490\",\"name\":\"Test Mysli\",\"image\":{\"@type\":\"ImageObject\",\"@id\":\"https:\/\/www.diagnostika-mysli.cz\/blog\/#personlogo\",\"inLanguage\":\"cs\",\"url\":\"https:\/\/secure.gravatar.com\/avatar\/6743211f010801ea26aa9423a2daab37?s=96&d=mm&r=g\",\"contentUrl\":\"https:\/\/secure.gravatar.com\/avatar\/6743211f010801ea26aa9423a2daab37?s=96&d=mm&r=g\",\"caption\":\"Test Mysli\"},\"sameAs\":[\"https:\/\/www.diagnostika-mysli.cz\/blog\"],\"url\":\"https:\/\/www.diagnostika-mysli.cz\/blog\/author\/diagnostyka-umyslu\/\"}]}<\/script>\n<!-- \/ Yoast SEO plugin. -->","yoast_head_json":{"title":"Hyperaktivn\u00ed d\u00edt\u011b - Test Mysli","robots":{"index":"index","follow":"follow","max-snippet":"max-snippet:-1","max-image-preview":"max-image-preview:large","max-video-preview":"max-video-preview:-1"},"canonical":"https:\/\/www.diagnostika-mysli.cz\/blog\/adhd\/hyperaktivni-dite\/","og_locale":"cs_CZ","og_type":"article","og_title":"Hyperaktivn\u00ed d\u00edt\u011b - Test Mysli","og_description":"Co je to hyperaktivn\u00ed d\u00edt\u011b a jak\u00e9 jsou jeho p\u0159\u00edznaky? Hyperaktivn\u00ed d\u00edt\u011b je term\u00edn pou\u017e\u00edvan\u00fd pro d\u011bti, kter\u00e9 maj\u00ed nadm\u011brnou aktivitu a obt\u00ed\u017en\u011b se soust\u0159ed\u00ed....","og_url":"https:\/\/www.diagnostika-mysli.cz\/blog\/adhd\/hyperaktivni-dite\/","og_site_name":"Test Mysli","article_published_time":"2025-02-07T02:05:23+00:00","twitter_card":"summary_large_image","twitter_misc":{"Napsal(a)":"Test Mysli","Odhadovan\u00e1 doba \u010dten\u00ed":"3 minuty"},"schema":{"@context":"https:\/\/schema.org","@graph":[{"@type":"WebSite","@id":"https:\/\/www.diagnostika-mysli.cz\/blog\/#website","url":"https:\/\/www.diagnostika-mysli.cz\/blog\/","name":"Test Mysli","description":"Blog o poruch\u00e1ch mysli","potentialAction":[{"@type":"SearchAction","target":{"@type":"EntryPoint","urlTemplate":"https:\/\/www.diagnostika-mysli.cz\/blog\/?s={search_term_string}"},"query-input":"required name=search_term_string"}],"inLanguage":"cs"},{"@type":"ImageObject","@id":"https:\/\/www.diagnostika-mysli.cz\/blog\/adhd\/hyperaktivni-dite\/#primaryimage","inLanguage":"cs","url":"https:\/\/www.diagnostika-mysli.cz\/blog\/wp-content\/uploads\/2025\/02\/image-13.png","contentUrl":"https:\/\/www.diagnostika-mysli.cz\/blog\/wp-content\/uploads\/2025\/02\/image-13.png","width":256,"height":256},{"@type":"WebPage","@id":"https:\/\/www.diagnostika-mysli.cz\/blog\/adhd\/hyperaktivni-dite\/#webpage","url":"https:\/\/www.diagnostika-mysli.cz\/blog\/adhd\/hyperaktivni-dite\/","name":"Hyperaktivn\u00ed d\u00edt\u011b - Test Mysli","isPartOf":{"@id":"https:\/\/www.diagnostika-mysli.cz\/blog\/#website"},"primaryImageOfPage":{"@id":"https:\/\/www.diagnostika-mysli.cz\/blog\/adhd\/hyperaktivni-dite\/#primaryimage"},"datePublished":"2025-02-07T02:05:23+00:00","dateModified":"2025-02-07T02:05:23+00:00","author":{"@id":"https:\/\/www.diagnostika-mysli.cz\/blog\/#\/schema\/person\/8eb1bcaf59fea75c780c11946f4e3490"},"breadcrumb":{"@id":"https:\/\/www.diagnostika-mysli.cz\/blog\/adhd\/hyperaktivni-dite\/#breadcrumb"},"inLanguage":"cs","potentialAction":[{"@type":"ReadAction","target":["https:\/\/www.diagnostika-mysli.cz\/blog\/adhd\/hyperaktivni-dite\/"]}]},{"@type":"BreadcrumbList","@id":"https:\/\/www.diagnostika-mysli.cz\/blog\/adhd\/hyperaktivni-dite\/#breadcrumb","itemListElement":[{"@type":"ListItem","position":1,"name":"Blog","item":"https:\/\/www.diagnostika-mysli.cz\/blog\/"},{"@type":"ListItem","position":2,"name":"ADHD","item":"https:\/\/www.diagnostika-mysli.cz\/blog\/adhd\/"},{"@type":"ListItem","position":3,"name":"Hyperaktivn\u00ed d\u00edt\u011b"}]},{"@type":"Person","@id":"https:\/\/www.diagnostika-mysli.cz\/blog\/#\/schema\/person\/8eb1bcaf59fea75c780c11946f4e3490","name":"Test Mysli","image":{"@type":"ImageObject","@id":"https:\/\/www.diagnostika-mysli.cz\/blog\/#personlogo","inLanguage":"cs","url":"https:\/\/secure.gravatar.com\/avatar\/6743211f010801ea26aa9423a2daab37?s=96&d=mm&r=g","contentUrl":"https:\/\/secure.gravatar.com\/avatar\/6743211f010801ea26aa9423a2daab37?s=96&d=mm&r=g","caption":"Test Mysli"},"sameAs":["https:\/\/www.diagnostika-mysli.cz\/blog"],"url":"https:\/\/www.diagnostika-mysli.cz\/blog\/author\/diagnostyka-umyslu\/"}]}},"amp_enabled":true,"_links":{"self":[{"href":"https:\/\/www.diagnostika-mysli.cz\/blog\/wp-json\/wp\/v2\/posts\/2930"}],"collection":[{"href":"https:\/\/www.diagnostika-mysli.cz\/blog\/wp-json\/wp\/v2\/posts"}],"about":[{"href":"https:\/\/www.diagnostika-mysli.cz\/blog\/wp-json\/wp\/v2\/types\/post"}],"author":[{"embeddable":true,"href":"https:\/\/www.diagnostika-mysli.cz\/blog\/wp-json\/wp\/v2\/users\/1"}],"replies":[{"embeddable":true,"href":"https:\/\/www.diagnostika-mysli.cz\/blog\/wp-json\/wp\/v2\/comments?post=2930"}],"version-history":[{"count":0,"href":"https:\/\/www.diagnostika-mysli.cz\/blog\/wp-json\/wp\/v2\/posts\/2930\/revisions"}],"wp:featuredmedia":[{"embeddable":true,"href":"https:\/\/www.diagnostika-mysli.cz\/blog\/wp-json\/wp\/v2\/media\/2933"}],"wp:attachment":[{"href":"https:\/\/www.diagnostika-mysli.cz\/blog\/wp-json\/wp\/v2\/media?parent=2930"}],"wp:term":[{"taxonomy":"category","embeddable":true,"href":"https:\/\/www.diagnostika-mysli.cz\/blog\/wp-json\/wp\/v2\/categories?post=2930"},{"taxonomy":"post_tag","embeddable":true,"href":"https:\/\/www.diagnostika-mysli.cz\/blog\/wp-json\/wp\/v2\/tags?post=2930"}],"curies":[{"name":"wp","href":"https:\/\/api.w.org\/{rel}","templated":true}]}}