{"id":2931,"date":"2025-02-07T04:25:38","date_gmt":"2025-02-07T03:25:38","guid":{"rendered":"https:\/\/www.diagnostika-mysli.cz\/blog\/autismus\/projevy-autismu\/"},"modified":"2025-02-07T09:28:22","modified_gmt":"2025-02-07T08:28:22","slug":"projevy-autismu","status":"publish","type":"post","link":"https:\/\/www.diagnostika-mysli.cz\/blog\/autismus\/projevy-autismu\/","title":{"rendered":"Projevy autismu"},"content":{"rendered":"<div class=\"topics\">\n<div class=\"topic\">\n<h2>Co je autismus a jak\u00e9 jsou jeho hlavn\u00ed projevy?<\/h2>\n<p>Autismus je neurov\u00fdvojov\u00e1 porucha, kter\u00e1 ovliv\ufffd\ufffduje komunikaci, soci\u00e1ln\u00ed interakci a chov\u00e1n\u00ed jedince. Tato porucha se projevuje ji\u017e v ran\u00e9m d\u011btstv\u00ed a trv\u00e1 cel\u00fd \u017eivot. Jej\u00ed p\u0159\u00ed\u010dina nen\u00ed zcela zn\u00e1ma, ale v\u011bdci se shoduj\u00ed, \u017ee je zp\u016fsobena kombinac\u00ed genetick\u00fdch a environment\u00e1ln\u00edch faktor\u016f.<\/p>\n<p>Hlavn\u00edm projevem autismu je probl\u00e9m s komunikac\u00ed a soci\u00e1ln\u00ed interakc\u00ed. D\u011bti s touto poruchou maj\u00ed \u010dasto probl\u00e9my s porozum\u011bn\u00edm verb\u00e1ln\u00ed komunikaci a mohou m\u00edt omezenou schopnost vyjad\u0159ov\u00e1n\u00ed sv\u00fdch pocit\u016f a pot\u0159eb. Tak\u00e9 maj\u00ed probl\u00e9my s porozum\u011bn\u00edm neverb\u00e1ln\u00ed komunikace, jako jsou gesta, mimika a t\u00f3n hlasu. To m\u016f\u017ee v\u00e9st k nedorozum\u011bn\u00ed a probl\u00e9m\u016fm v komunikaci s ostatn\u00edmi.<\/p>\n<p>Dal\u0161\u00edm v\u00fdznamn\u00fdm projevem autismu je omezen\u00fd z\u00e1jem a opakov\u00e1n\u00ed ur\u010dit<\/p>\n<\/div>\n<div class=\"topic\">\n<h2>Autismus je neurov\u00fdvojov\u00e1 porucha, kter\u00e1 se projevuje v oblasti soci\u00e1ln\u00ed interakce, komunikace a chov\u00e1n\u00ed. Mezi hlavn\u00ed projevy autismu pat\u0159\u00ed probl\u00e9my s porozum\u011bn\u00edm neverb\u00e1ln\u00ed komunikace, omezen\u00e9 z\u00e1jmy a stereotypn\u00ed chov\u00e1n\u00ed, a pot\u00ed\u017ee s p\u0159izp\u016fsoben\u00edm se zm\u011bn\u00e1m.<\/h2>\n<p>Autismus je neurov\u00fdvojov\u00e1 porucha, kter\u00e1 se projevuje v oblasti soci\u00e1ln\u00ed interakce, komunikace a chov\u00e1n\u00ed. Tato porucha postihuje p\u0159edev\u0161\u00edm d\u011bti ji\u017e od ran\u00e9ho d\u011btstv\u00ed a m\u016f\u017ee se projevovat v r\u016fzn\u00e9 m\u00ed\u0159e. Jedn\u00e1 se o komplexn\u00ed poruchu, kter\u00e1 ovliv\ufffd\ufffduje celkov\u00fd v\u00fdvoj jedince a m\u016f\u017ee m\u00edt vliv na jeho celo\u017eivotn\u00ed funk\u010dnost.<\/p>\n<p>Hlavn\u00edm projevem autismu je probl\u00e9m s porozum\u011bn\u00edm neverb\u00e1ln\u00ed komunikace. D\u011bti s touto poruchou maj\u00ed \u010dasto pot\u00ed\u017ee s porozum\u011bn\u00edm mimiky, gest a t\u00f3nu hlasu druh\u00fdch lid\u00ed. Mohou tak\u00e9 m\u00edt probl\u00e9my s vyjad\u0159ov\u00e1n\u00edm sv\u00fdch vlastn\u00edch emoc\u00ed a pot\u0159eb. To m\u016f\u017ee v\u00e9st k nedorozum\u011bn\u00edm a probl\u00e9m\u016fm v komunikaci s ostatn\u00edmi.<\/p>\n<p>Dal\u0161\u00edm v\u00fdznamn\u00fdm projevem autismu jsou omezen\u00e9 z\u00e1jmy a stereotypn\u00ed chov\u00e1n\u00ed.<\/p>\n<\/div>\n<div class=\"topic\">\n<p>\ufffd\ufffdesk\u00e1 kuchyn\u011b je jednou z nejstar\u0161\u00edch a nejbohat\u0161\u00edch kuchyn\u00ed v Evrop\u011b. Jej\u00ed ko\u0159eny sahaj\u00ed a\u017e do 9. stolet\u00ed, kdy se za\u010daly formovat prvn\u00ed tradi\u010dn\u00ed pokrmy. \ufffd\ufffdesk\u00e1 kuchyn\u011b je ovlivn\u011bna p\u0159edev\u0161\u00edm st\u0159edoevropskou kuchyn\u00ed, ale najdeme v n\u00ed i prvky z n\u011bmeck\u00e9, rakousk\u00e9, ma\ufffd\ufffdarsk\u00e9 a \u017eidovsk\u00e9 kuchyn\u011b.<\/p>\n<p>Hlavn\u00edmi surovinami \u010desk\u00e9 kuchyn\u011b jsou brambory, maso, zelenina, ml\u00e9\u010dn\u00e9 v\u00fdrobky a obiloviny. V\u011bt\u0161ina pokrm\u016f je pom\u011brn\u011b jednoduch\u00e1, ale velmi chutn\u00e1 a s vysokou v\u00fd\u017eivovou hodnotou. Mezi nejzn\u00e1m\u011bj\u0161\u00ed \u010desk\u00e9 speciality pat\u0159\u00ed vep\u0159ov\u00e1 pe\u010den\u011b s knedl\u00edky, gul\u00e1\u0161, sv\u00ed\u010dkov\u00e1 na smetan\u011b, brambor\u00e1ky, sma\u017een\u00fd s\u00fdr a tradi\u010dn\u00ed \u010desk<\/p>\n<\/div>\n<div class=\"topic\">\n<h2>Jak\u00e9 jsou specifick\u00e9 projevy autismu u d\u011bt\u00ed a dosp\u011bl\u00fdch?<\/h2>\n<p>Autismus je neurov\u00fdvojov\u00e1 porucha, kter\u00e1 se projevuje od ran\u00e9ho d\u011btstv\u00ed a m\u016f\u017ee trvat po cel\u00fd \u017eivot. Jedn\u00e1 se o poruchu, kter\u00e1 ovliv\ufffd\ufffduje soci\u00e1ln\u00ed interakce, komunikaci a chov\u00e1n\u00ed jedince. Ka\u017ed\u00fd \u010dlov\u011bk s autismem je jedine\u010dn\u00fd a projevy t\u00e9to poruchy se mohou li\u0161it v z\u00e1vislosti na z\u00e1va\u017enosti a individu\u00e1ln\u00edch pot\u0159eb\u00e1ch.<\/p>\n<p>U d\u011bt\u00ed s autismem jsou nej\u010dast\u011bj\u0161\u00edmi projevy probl\u00e9my s komunikac\u00ed a soci\u00e1ln\u00edmi interakcemi. D\u00edt\u011b s autismem m\u016f\u017ee m\u00edt probl\u00e9my s porozum\u011bn\u00edm neverb\u00e1ln\u00ed komunikace, jako jsou gesta, mimika a t\u00f3n hlasu. M\u016f\u017ee tak\u00e9 m\u00edt probl\u00e9my s porozum\u011bn\u00edm a pou\u017e\u00edv\u00e1n\u00edm \ufffd\ufffde\u010di. N\u011bkter\u00e9 d\u011bti s autismem mohou m\u00edt omezen\u00fd nebo opakuj\u00edc\u00ed se slovn\u00edk a mohou m\u00edt probl\u00e9my s porozum\u011bn\u00edm abstraktn\u00edch<\/p>\n<\/div>\n<div class=\"topic\">\n<h2>U d\u011bt\u00ed se autismus projevuje p\u0159edev\u0161\u00edm v poruch\u00e1ch \ufffd\ufffde\u010di a komunikace, opakuj\u00edc\u00edm se chov\u00e1n\u00ed a pot\u00ed\u017e\u00edch s p\u0159izp\u016fsoben\u00edm se nov\u00fdm situac\u00edm. U dosp\u011bl\u00fdch m\u016f\u017ee b\u00fdt autismus spojen s pot\u00ed\u017eemi v oblasti soci\u00e1ln\u00edch vztah\u016f, pot\u0159ebou rutiny a struktury, a specifick\u00fdmi z\u00e1jmy a schopnostmi.<\/h2>\n<p>Autismus je neurov\u00fdvojov\u00e1 porucha, kter\u00e1 se projevuje ji\u017e v d\u011btstv\u00ed a m\u016f\u017ee trvat cel\u00fd \u017eivot. Jedn\u00e1 se o poruchu, kter\u00e1 ovliv\ufffd\ufffduje komunikaci, soci\u00e1ln\u00ed interakci a chov\u00e1n\u00ed jedince. U d\u011bt\u00ed se autismus projevuje p\u0159edev\u0161\u00edm v poruch\u00e1ch \ufffd\ufffde\u010di a komunikace, opakuj\u00edc\u00edm se chov\u00e1n\u00ed a pot\u00ed\u017e\u00edch s p\u0159izp\u016fsoben\u00edm se nov\u00fdm situac\u00edm.<\/p>\n<p>Jedn\u00edm z hlavn\u00edch p\u0159\u00edznak\u016f autismu u d\u011bt\u00ed je porucha \ufffd\ufffde\u010di a komunikace. D\u011bti s touto poruchou mohou m\u00edt probl\u00e9my s porozum\u011bn\u00edm \ufffd\ufffde\u010di, s tvorbou v\u011bt a s vyjad\u0159ov\u00e1n\u00edm sv\u00fdch my\u0161lenek a pocit\u016f. M\u016f\u017ee se tak\u00e9 st\u00e1t, \u017ee d\u00edt\u011b opakuje slova nebo v\u011bty, ani\u017e by je skute\u010dn\u011b ch\u00e1palo. N\u011bkter\u00e9 d\u011bti s autismem mohou m\u00edt tak\u00e9 probl\u00e9my s porozum\u011bn\u00edm neverb\u00e1ln\u00ed kom<\/p>\n<\/div>\n<div class=\"topic\">\n<p>\ufffd\ufffdesk\u00e1 kuchyn\u011b je jednou z nejstar\u0161\u00edch a nejbohat\u0161\u00edch kuchyn\u00ed v Evrop\u011b. Jej\u00ed ko\u0159eny sahaj\u00ed a\u017e do 9. stolet\u00ed, kdy se za\u010daly formovat prvn\u00ed tradi\u010dn\u00ed pokrmy. \ufffd\ufffdesk\u00e1 kuchyn\u011b je ovlivn\u011bna p\u0159edev\u0161\u00edm st\u0159edoevropskou kuchyn\u00ed, ale najdeme v n\u00ed i prvky z n\u011bmeck\u00e9, rakousk\u00e9, ma\ufffd\ufffdarsk\u00e9 a \u017eidovsk\u00e9 kuchyn\u011b.<\/p>\n<p>Hlavn\u00edmi surovinami \u010desk\u00e9 kuchyn\u011b jsou brambory, maso, zelenina, ml\u00e9\u010dn\u00e9 v\u00fdrobky a obiloviny. V\u011bt\u0161ina pokrm\u016f je pom\u011brn\u011b jednoduch\u00e1, ale velmi chutn\u00e1 a s vysokou v\u00fd\u017eivovou hodnotou. Mezi nejzn\u00e1m\u011bj\u0161\u00ed \u010desk\u00e9 speciality pat\u0159\u00ed vep\u0159ov\u00e1 pe\u010den\u011b s knedl\u00edky, gul\u00e1\u0161, sv\u00ed\u010dkov\u00e1 na smetan\u011b, brambor\u00e1ky, sma\u017een\u00fd s\u00fdr a tradi\u010dn\u00ed \u010desk<\/p>\n<\/div>\n<div class=\"topic\">\n<h2>Jak\u00e9 jsou mo\u017enosti l\u00e9\u010dby a podpory pro osoby s autismem<\/h2>\n<p>Autismus je neurov\u00fdvojov\u00e1 porucha, kter\u00e1 ovliv\ufffd\ufffduje komunikaci, soci\u00e1ln\u00ed interakci a chov\u00e1n\u00ed jedince. Ka\u017ed\u00fd \u010dlov\u011bk s autismem je jedine\u010dn\u00fd a m\u00e1 sv\u00e9 vlastn\u00ed pot\u0159eby a schopnosti. Proto je d\u016fle\u017eit\u00e9, aby l\u00e9\u010dba a podpora byly p\u0159izp\u016fsobeny individu\u00e1ln\u011b.<\/p>\n<p>Existuje mnoho r\u016fzn\u00fdch mo\u017enost\u00ed l\u00e9\u010dby a podpory pro osoby s autismem. N\u011bkter\u00e9 z nich jsou zam\u011b\u0159eny na zlep\u0161en\u00ed komunika\u010dn\u00edch schopnost\u00ed, soci\u00e1ln\u00edch dovednost\u00ed a chov\u00e1n\u00ed, zat\u00edmco jin\u00e9 se soust\u0159ed\u00ed na zvl\u00e1d\u00e1n\u00ed p\u0159\u00edznak\u016f a podporu celkov\u00e9ho zdrav\u00ed a pohody.<\/p>\n<p>Jednou z nej\u010dast\u011bj\u0161\u00edch forem l\u00e9\u010dby je terapie. Existuje mnoho r\u016fzn\u00fdch typ\u016f terapie, kter\u00e9 mohou b\u00fdt u\u017eite\u010dn\u00e9 pro osoby s autismem. Mezi nej\u010dast\u011bj\u0161\u00ed pat\u0159\u00ed behavior\u00e1ln\u00ed terapie, kter\u00e1 se zam\u011b\u0159uje na zm\u011bnu ne<\/p>\n<\/div>\n<\/div>\n","protected":false},"excerpt":{"rendered":"<p>Co je autismus a jak\u00e9 jsou jeho hlavn\u00ed projevy? Autismus je neurov\u00fdvojov\u00e1 porucha, kter\u00e1 ovliv\ufffd\ufffduje komunikaci, soci\u00e1ln\u00ed interakci a chov\u00e1n\u00ed jedince. Tato porucha se projevuje&#8230;<\/p>\n","protected":false},"author":1,"featured_media":2932,"comment_status":"closed","ping_status":"open","sticky":false,"template":"","format":"standard","meta":{"inline_featured_image":false},"categories":[849],"tags":[],"yoast_head":"<!-- This site is optimized with the Yoast SEO plugin v18.1 - https:\/\/yoast.com\/wordpress\/plugins\/seo\/ -->\n<title>Projevy autismu - Test Mysli<\/title>\n<meta name=\"robots\" content=\"index, follow, max-snippet:-1, max-image-preview:large, max-video-preview:-1\" \/>\n<link rel=\"canonical\" href=\"https:\/\/www.diagnostika-mysli.cz\/blog\/autismus\/projevy-autismu\/\" \/>\n<meta property=\"og:locale\" content=\"cs_CZ\" \/>\n<meta property=\"og:type\" content=\"article\" \/>\n<meta property=\"og:title\" content=\"Projevy autismu - Test Mysli\" \/>\n<meta property=\"og:description\" content=\"Co je autismus a jak\u00e9 jsou jeho hlavn\u00ed projevy? Autismus je neurov\u00fdvojov\u00e1 porucha, kter\u00e1 ovliv\ufffd\ufffduje komunikaci, soci\u00e1ln\u00ed interakci a chov\u00e1n\u00ed jedince. Tato porucha se projevuje...\" \/>\n<meta property=\"og:url\" content=\"https:\/\/www.diagnostika-mysli.cz\/blog\/autismus\/projevy-autismu\/\" \/>\n<meta property=\"og:site_name\" content=\"Test Mysli\" \/>\n<meta property=\"article:published_time\" content=\"2025-02-07T03:25:38+00:00\" \/>\n<meta property=\"article:modified_time\" content=\"2025-02-07T08:28:22+00:00\" \/>\n<meta property=\"og:image\" content=\"https:\/\/www.diagnostika-mysli.cz\/blog\/wp-content\/uploads\/2025\/02\/image-12.png\" \/>\n\t<meta property=\"og:image:width\" content=\"256\" \/>\n\t<meta property=\"og:image:height\" content=\"256\" \/>\n\t<meta property=\"og:image:type\" content=\"image\/png\" \/>\n<meta name=\"twitter:card\" content=\"summary_large_image\" \/>\n<meta name=\"twitter:label1\" content=\"Napsal(a)\" \/>\n\t<meta name=\"twitter:data1\" content=\"Test Mysli\" \/>\n\t<meta name=\"twitter:label2\" content=\"Odhadovan\u00e1 doba \u010dten\u00ed\" \/>\n\t<meta name=\"twitter:data2\" content=\"5 minut\" \/>\n<script type=\"application\/ld+json\" class=\"yoast-schema-graph\">{\"@context\":\"https:\/\/schema.org\",\"@graph\":[{\"@type\":\"WebSite\",\"@id\":\"https:\/\/www.diagnostika-mysli.cz\/blog\/#website\",\"url\":\"https:\/\/www.diagnostika-mysli.cz\/blog\/\",\"name\":\"Test Mysli\",\"description\":\"Blog o poruch\u00e1ch mysli\",\"potentialAction\":[{\"@type\":\"SearchAction\",\"target\":{\"@type\":\"EntryPoint\",\"urlTemplate\":\"https:\/\/www.diagnostika-mysli.cz\/blog\/?s={search_term_string}\"},\"query-input\":\"required name=search_term_string\"}],\"inLanguage\":\"cs\"},{\"@type\":\"ImageObject\",\"@id\":\"https:\/\/www.diagnostika-mysli.cz\/blog\/autismus\/projevy-autismu\/#primaryimage\",\"inLanguage\":\"cs\",\"url\":\"https:\/\/www.diagnostika-mysli.cz\/blog\/wp-content\/uploads\/2025\/02\/image-12.png\",\"contentUrl\":\"https:\/\/www.diagnostika-mysli.cz\/blog\/wp-content\/uploads\/2025\/02\/image-12.png\",\"width\":256,\"height\":256},{\"@type\":\"WebPage\",\"@id\":\"https:\/\/www.diagnostika-mysli.cz\/blog\/autismus\/projevy-autismu\/#webpage\",\"url\":\"https:\/\/www.diagnostika-mysli.cz\/blog\/autismus\/projevy-autismu\/\",\"name\":\"Projevy autismu - Test Mysli\",\"isPartOf\":{\"@id\":\"https:\/\/www.diagnostika-mysli.cz\/blog\/#website\"},\"primaryImageOfPage\":{\"@id\":\"https:\/\/www.diagnostika-mysli.cz\/blog\/autismus\/projevy-autismu\/#primaryimage\"},\"datePublished\":\"2025-02-07T03:25:38+00:00\",\"dateModified\":\"2025-02-07T08:28:22+00:00\",\"author\":{\"@id\":\"https:\/\/www.diagnostika-mysli.cz\/blog\/#\/schema\/person\/8eb1bcaf59fea75c780c11946f4e3490\"},\"breadcrumb\":{\"@id\":\"https:\/\/www.diagnostika-mysli.cz\/blog\/autismus\/projevy-autismu\/#breadcrumb\"},\"inLanguage\":\"cs\",\"potentialAction\":[{\"@type\":\"ReadAction\",\"target\":[\"https:\/\/www.diagnostika-mysli.cz\/blog\/autismus\/projevy-autismu\/\"]}]},{\"@type\":\"BreadcrumbList\",\"@id\":\"https:\/\/www.diagnostika-mysli.cz\/blog\/autismus\/projevy-autismu\/#breadcrumb\",\"itemListElement\":[{\"@type\":\"ListItem\",\"position\":1,\"name\":\"Blog\",\"item\":\"https:\/\/www.diagnostika-mysli.cz\/blog\/\"},{\"@type\":\"ListItem\",\"position\":2,\"name\":\"Autismus\",\"item\":\"https:\/\/www.diagnostika-mysli.cz\/blog\/autismus\/\"},{\"@type\":\"ListItem\",\"position\":3,\"name\":\"Projevy autismu\"}]},{\"@type\":\"Person\",\"@id\":\"https:\/\/www.diagnostika-mysli.cz\/blog\/#\/schema\/person\/8eb1bcaf59fea75c780c11946f4e3490\",\"name\":\"Test Mysli\",\"image\":{\"@type\":\"ImageObject\",\"@id\":\"https:\/\/www.diagnostika-mysli.cz\/blog\/#personlogo\",\"inLanguage\":\"cs\",\"url\":\"https:\/\/secure.gravatar.com\/avatar\/6743211f010801ea26aa9423a2daab37?s=96&d=mm&r=g\",\"contentUrl\":\"https:\/\/secure.gravatar.com\/avatar\/6743211f010801ea26aa9423a2daab37?s=96&d=mm&r=g\",\"caption\":\"Test Mysli\"},\"sameAs\":[\"https:\/\/www.diagnostika-mysli.cz\/blog\"],\"url\":\"https:\/\/www.diagnostika-mysli.cz\/blog\/author\/diagnostyka-umyslu\/\"}]}<\/script>\n<!-- \/ Yoast SEO plugin. -->","yoast_head_json":{"title":"Projevy autismu - Test Mysli","robots":{"index":"index","follow":"follow","max-snippet":"max-snippet:-1","max-image-preview":"max-image-preview:large","max-video-preview":"max-video-preview:-1"},"canonical":"https:\/\/www.diagnostika-mysli.cz\/blog\/autismus\/projevy-autismu\/","og_locale":"cs_CZ","og_type":"article","og_title":"Projevy autismu - Test Mysli","og_description":"Co je autismus a jak\u00e9 jsou jeho hlavn\u00ed projevy? Autismus je neurov\u00fdvojov\u00e1 porucha, kter\u00e1 ovliv\ufffd\ufffduje komunikaci, soci\u00e1ln\u00ed interakci a chov\u00e1n\u00ed jedince. Tato porucha se projevuje...","og_url":"https:\/\/www.diagnostika-mysli.cz\/blog\/autismus\/projevy-autismu\/","og_site_name":"Test Mysli","article_published_time":"2025-02-07T03:25:38+00:00","article_modified_time":"2025-02-07T08:28:22+00:00","og_image":[{"width":256,"height":256,"url":"https:\/\/www.diagnostika-mysli.cz\/blog\/wp-content\/uploads\/2025\/02\/image-12.png","type":"image\/png"}],"twitter_card":"summary_large_image","twitter_misc":{"Napsal(a)":"Test Mysli","Odhadovan\u00e1 doba \u010dten\u00ed":"5 minut"},"schema":{"@context":"https:\/\/schema.org","@graph":[{"@type":"WebSite","@id":"https:\/\/www.diagnostika-mysli.cz\/blog\/#website","url":"https:\/\/www.diagnostika-mysli.cz\/blog\/","name":"Test Mysli","description":"Blog o poruch\u00e1ch mysli","potentialAction":[{"@type":"SearchAction","target":{"@type":"EntryPoint","urlTemplate":"https:\/\/www.diagnostika-mysli.cz\/blog\/?s={search_term_string}"},"query-input":"required name=search_term_string"}],"inLanguage":"cs"},{"@type":"ImageObject","@id":"https:\/\/www.diagnostika-mysli.cz\/blog\/autismus\/projevy-autismu\/#primaryimage","inLanguage":"cs","url":"https:\/\/www.diagnostika-mysli.cz\/blog\/wp-content\/uploads\/2025\/02\/image-12.png","contentUrl":"https:\/\/www.diagnostika-mysli.cz\/blog\/wp-content\/uploads\/2025\/02\/image-12.png","width":256,"height":256},{"@type":"WebPage","@id":"https:\/\/www.diagnostika-mysli.cz\/blog\/autismus\/projevy-autismu\/#webpage","url":"https:\/\/www.diagnostika-mysli.cz\/blog\/autismus\/projevy-autismu\/","name":"Projevy autismu - Test Mysli","isPartOf":{"@id":"https:\/\/www.diagnostika-mysli.cz\/blog\/#website"},"primaryImageOfPage":{"@id":"https:\/\/www.diagnostika-mysli.cz\/blog\/autismus\/projevy-autismu\/#primaryimage"},"datePublished":"2025-02-07T03:25:38+00:00","dateModified":"2025-02-07T08:28:22+00:00","author":{"@id":"https:\/\/www.diagnostika-mysli.cz\/blog\/#\/schema\/person\/8eb1bcaf59fea75c780c11946f4e3490"},"breadcrumb":{"@id":"https:\/\/www.diagnostika-mysli.cz\/blog\/autismus\/projevy-autismu\/#breadcrumb"},"inLanguage":"cs","potentialAction":[{"@type":"ReadAction","target":["https:\/\/www.diagnostika-mysli.cz\/blog\/autismus\/projevy-autismu\/"]}]},{"@type":"BreadcrumbList","@id":"https:\/\/www.diagnostika-mysli.cz\/blog\/autismus\/projevy-autismu\/#breadcrumb","itemListElement":[{"@type":"ListItem","position":1,"name":"Blog","item":"https:\/\/www.diagnostika-mysli.cz\/blog\/"},{"@type":"ListItem","position":2,"name":"Autismus","item":"https:\/\/www.diagnostika-mysli.cz\/blog\/autismus\/"},{"@type":"ListItem","position":3,"name":"Projevy autismu"}]},{"@type":"Person","@id":"https:\/\/www.diagnostika-mysli.cz\/blog\/#\/schema\/person\/8eb1bcaf59fea75c780c11946f4e3490","name":"Test Mysli","image":{"@type":"ImageObject","@id":"https:\/\/www.diagnostika-mysli.cz\/blog\/#personlogo","inLanguage":"cs","url":"https:\/\/secure.gravatar.com\/avatar\/6743211f010801ea26aa9423a2daab37?s=96&d=mm&r=g","contentUrl":"https:\/\/secure.gravatar.com\/avatar\/6743211f010801ea26aa9423a2daab37?s=96&d=mm&r=g","caption":"Test Mysli"},"sameAs":["https:\/\/www.diagnostika-mysli.cz\/blog"],"url":"https:\/\/www.diagnostika-mysli.cz\/blog\/author\/diagnostyka-umyslu\/"}]}},"amp_enabled":true,"_links":{"self":[{"href":"https:\/\/www.diagnostika-mysli.cz\/blog\/wp-json\/wp\/v2\/posts\/2931"}],"collection":[{"href":"https:\/\/www.diagnostika-mysli.cz\/blog\/wp-json\/wp\/v2\/posts"}],"about":[{"href":"https:\/\/www.diagnostika-mysli.cz\/blog\/wp-json\/wp\/v2\/types\/post"}],"author":[{"embeddable":true,"href":"https:\/\/www.diagnostika-mysli.cz\/blog\/wp-json\/wp\/v2\/users\/1"}],"replies":[{"embeddable":true,"href":"https:\/\/www.diagnostika-mysli.cz\/blog\/wp-json\/wp\/v2\/comments?post=2931"}],"version-history":[{"count":1,"href":"https:\/\/www.diagnostika-mysli.cz\/blog\/wp-json\/wp\/v2\/posts\/2931\/revisions"}],"predecessor-version":[{"id":2934,"href":"https:\/\/www.diagnostika-mysli.cz\/blog\/wp-json\/wp\/v2\/posts\/2931\/revisions\/2934"}],"wp:featuredmedia":[{"embeddable":true,"href":"https:\/\/www.diagnostika-mysli.cz\/blog\/wp-json\/wp\/v2\/media\/2932"}],"wp:attachment":[{"href":"https:\/\/www.diagnostika-mysli.cz\/blog\/wp-json\/wp\/v2\/media?parent=2931"}],"wp:term":[{"taxonomy":"category","embeddable":true,"href":"https:\/\/www.diagnostika-mysli.cz\/blog\/wp-json\/wp\/v2\/categories?post=2931"},{"taxonomy":"post_tag","embeddable":true,"href":"https:\/\/www.diagnostika-mysli.cz\/blog\/wp-json\/wp\/v2\/tags?post=2931"}],"curies":[{"name":"wp","href":"https:\/\/api.w.org\/{rel}","templated":true}]}}