{"id":2943,"date":"2025-02-09T04:25:21","date_gmt":"2025-02-09T03:25:21","guid":{"rendered":"https:\/\/www.diagnostika-mysli.cz\/blog\/autismus\/jsem-autista-test\/"},"modified":"2025-02-10T16:07:50","modified_gmt":"2025-02-10T15:07:50","slug":"jsem-autista-test","status":"publish","type":"post","link":"https:\/\/www.diagnostika-mysli.cz\/blog\/autismus\/jsem-autista-test\/","title":{"rendered":"Jsem autista test"},"content":{"rendered":"<div class=\"topics\">\n<div class=\"topic\">\n<h2>Co je Jsem autista test a jak funguje?<\/h2>\n<p>Jsem autista test je diagnostick\u00fd n\u00e1stroj, kter\u00fd slou\u017e\u00ed k ur\u010den\u00ed p\u0159\u00edtomnosti poruchy autistick\u00e9ho spektra (PAS) u jednotlivce. Tento test byl vyvinut v roce 1992 a od t\u00e9 doby pro\u0161el mnoha \u00fapravami a vylep\u0161en\u00edmi, aby byl co nejefektivn\u011bj\u0161\u00edm n\u00e1strojem pro diagnostiku PAS.<\/p>\n<p>Test se skl\u00e1d\u00e1 z n\u011bkolika \u010d\u00e1st\u00ed, kter\u00e9 jsou zam\u011b\u0159eny na r\u016fzn\u00e9 oblasti chov\u00e1n\u00ed a schopnost\u00ed jednotlivce. Prvn\u00ed \u010d\u00e1st se zam\u011b\u0159uje na komunikaci a soci\u00e1ln\u00ed interakci. Jednotlivec mus\u00ed odpov\u011bd\u011bt na ot\u00e1zky t\u00fdkaj\u00edc\u00ed se jeho schopnosti navazovat a udr\u017eovat vztahy, porozum\u011bt soci\u00e1ln\u00edm n\u00e1vyk\u016fm a empatii.<\/p>\n<p>Druh\u00e1 \u010d\u00e1st se zam\u011b\u0159uje na opakuj\u00edc\u00ed se chov\u00e1n\u00ed a z\u00e1jmy. Jednotlivec mus\u00ed odpov\u011bd\u011bt na ot\u00e1zky t\u00fdkaj\u00edc\u00ed se jeho z\u00e1jm\u016f, stere<\/p>\n<\/div>\n<div class=\"topic\">\n<h2>Jak\u00e9 jsou v\u00fdhody a nev\u00fdhody Jsem autista testu pro diagnostiku autismu?<\/h2>\n<p>Autismus je neurov\u00fdvojov\u00e1 porucha, kter\u00e1 ovliv\ufffd\ufffduje soci\u00e1ln\u00ed interakce, komunikaci a chov\u00e1n\u00ed jedince. Pro diagnostiku autismu existuje n\u011bkolik r\u016fzn\u00fdch test\u016f, kter\u00e9 pom\u00e1haj\u00ed l\u00e9ka\u0159\u016fm a odborn\u00edk\u016fm ur\u010dit, zda m\u00e1 jedinec autismus. Jedn\u00edm z t\u011bchto test\u016f je Jsem autista test, kter\u00fd se zam\u011b\u0159uje na diagnostiku autismu u d\u011bt\u00ed a dosp\u00edvaj\u00edc\u00edch.<\/p>\n<p>Jsem autista test je vyvinut\u00fd pro d\u011bti ve v\u011bku od 2 do 18 let a skl\u00e1d\u00e1 se z 50 ot\u00e1zek, kter\u00e9 se t\u00fdkaj\u00ed chov\u00e1n\u00ed, komunikace a soci\u00e1ln\u00edch interakc\u00ed. Test je zalo\u017een na krit\u00e9ri\u00edch stanoven\u00fdch v diagnostick\u00e9m manu\u00e1lu pro autismus (DSM-5) a je pova\u017eov\u00e1n za spolehliv\u00fd a p\u0159esn\u00fd n\u00e1stroj pro diagnostiku autismu.<\/p>\n<p>Jednou z hlavn\u00edch v\u00fdhod Jsem autista testu je jeho jednoduchost a snadn\u00e1 dostupnost.<\/p>\n<\/div>\n<div class=\"topic\">\n<h2>Jak se p\u0159ipravit na Jsem autista test a co od n\u011bj o\u010dek\u00e1vat?<\/h2>\n<p>Jsem autista test je psychologick\u00fd test, kter\u00fd slou\u017e\u00ed k diagnostice poruch autistick\u00e9ho spektra. Jeho c\u00edlem je zjistit, zda m\u00e1 jedinec p\u0159\u00edznaky autismu a v jak\u00e9 m\u00ed\u0159e. Tento test se skl\u00e1d\u00e1 z r\u016fzn\u00fdch ot\u00e1zek a \u00fakol\u016f, kter\u00e9 jsou zam\u011b\u0159eny na r\u016fzn\u00e9 oblasti chov\u00e1n\u00ed a schopnost\u00ed, kter\u00e9 jsou typick\u00e9 pro osoby s poruchou autistick\u00e9ho spektra.<\/p>\n<p>P\u0159ed samotn\u00fdm testov\u00e1n\u00edm je d\u016fle\u017eit\u00e9 se na n\u011bj p\u0159ipravit. P\u0159edev\u0161\u00edm je d\u016fle\u017eit\u00e9 si uv\u011bdomit, \u017ee tento test nen\u00ed sout\u011b\u017e, ale sp\u00ed\u0161e n\u00e1stroj, kter\u00fd m\u00e1 pomoci v diagnostice a l\u00e9\u010db\u011b. Je tedy d\u016fle\u017eit\u00e9 se na n\u011bj p\u0159ipravit psychicky a b\u00fdt otev\u0159en\u00fd a up\u0159\u00edmn\u00fd.<\/p>\n<p>Dal\u0161\u00edm krokem je sezn\u00e1mit se s t\u00edm, co od testu m\u016f\u017eete o\u010dek\u00e1vat.<\/p>\n<\/div>\n<div class=\"topic\">\n<h2>Jak\u00e9 jsou alternativy k Jsem autista testu pro diagnostiku autismu?<\/h2>\n<p>Autismus je neurov\u00fdvojov\u00e9 onemocn\u011bn\u00ed, kter\u00e9 ovliv\ufffd\ufffduje soci\u00e1ln\u00ed interakce, komunikaci a chov\u00e1n\u00ed jedince. Diagnostika autismu je d\u016fle\u017eit\u00fdm krokem pro zaji\u0161t\u011bn\u00ed spr\u00e1vn\u00e9ho l\u00e9\u010debn\u00e9ho pl\u00e1nu a podpory pro jedince s touto poruchou. Jsem autista test je jedn\u00edm z nejzn\u00e1m\u011bj\u0161\u00edch n\u00e1stroj\u016f pro diagnostiku autismu, ale existuj\u00ed tak\u00e9 dal\u0161\u00ed alternativy, kter\u00e9 mohou b\u00fdt pou\u017eity pro stanoven\u00ed diagn\u00f3zy.<\/p>\n<p>1. ADI-R (Autism Diagnostic Interview-Revised)<\/p>\n<p>ADI-R je strukturovan\u00fd rozhovor, kter\u00fd se pou\u017e\u00edv\u00e1 pro diagnostiku autismu u d\u011bt\u00ed i dosp\u011bl\u00fdch. Tento test se zam\u011b\u0159uje na chov\u00e1n\u00ed a komunikaci jedince v ran\u00e9m d\u011btstv\u00ed a zahrnuje ot\u00e1zky t\u00fdkaj\u00edc\u00ed se soci\u00e1ln\u00ed interakce, komunikace a stereotypn\u00edho chov\u00e1n\u00ed. ADI-R je pova\u017eov\u00e1n za spolehliv\u00fd n\u00e1stroj pro diagnostiku autismu a je \u010dasto pou\u017e\u00edv\u00e1n spole<\/p>\n<\/div>\n<\/div>\n","protected":false},"excerpt":{"rendered":"<p>Co je Jsem autista test a jak funguje? Jsem autista test je diagnostick\u00fd n\u00e1stroj, kter\u00fd slou\u017e\u00ed k ur\u010den\u00ed p\u0159\u00edtomnosti poruchy autistick\u00e9ho spektra (PAS) u jednotlivce&#8230;.<\/p>\n","protected":false},"author":1,"featured_media":2946,"comment_status":"closed","ping_status":"open","sticky":false,"template":"","format":"standard","meta":{"inline_featured_image":false},"categories":[849],"tags":[],"yoast_head":"<!-- This site is optimized with the Yoast SEO plugin v18.1 - https:\/\/yoast.com\/wordpress\/plugins\/seo\/ -->\n<title>Jsem autista test - Test Mysli<\/title>\n<meta name=\"robots\" content=\"index, follow, max-snippet:-1, max-image-preview:large, max-video-preview:-1\" \/>\n<link rel=\"canonical\" href=\"https:\/\/www.diagnostika-mysli.cz\/blog\/autismus\/jsem-autista-test\/\" \/>\n<meta property=\"og:locale\" content=\"cs_CZ\" \/>\n<meta property=\"og:type\" content=\"article\" \/>\n<meta property=\"og:title\" content=\"Jsem autista test - Test Mysli\" \/>\n<meta property=\"og:description\" content=\"Co je Jsem autista test a jak funguje? Jsem autista test je diagnostick\u00fd n\u00e1stroj, kter\u00fd slou\u017e\u00ed k ur\u010den\u00ed p\u0159\u00edtomnosti poruchy autistick\u00e9ho spektra (PAS) u jednotlivce....\" \/>\n<meta property=\"og:url\" content=\"https:\/\/www.diagnostika-mysli.cz\/blog\/autismus\/jsem-autista-test\/\" \/>\n<meta property=\"og:site_name\" content=\"Test Mysli\" \/>\n<meta property=\"article:published_time\" content=\"2025-02-09T03:25:21+00:00\" \/>\n<meta property=\"article:modified_time\" content=\"2025-02-10T15:07:50+00:00\" \/>\n<meta property=\"og:image\" content=\"https:\/\/www.diagnostika-mysli.cz\/blog\/wp-content\/uploads\/2025\/02\/image-17.png\" \/>\n\t<meta property=\"og:image:width\" content=\"256\" \/>\n\t<meta property=\"og:image:height\" content=\"256\" \/>\n\t<meta property=\"og:image:type\" content=\"image\/png\" \/>\n<meta name=\"twitter:card\" content=\"summary_large_image\" \/>\n<meta name=\"twitter:label1\" content=\"Napsal(a)\" \/>\n\t<meta name=\"twitter:data1\" content=\"Test Mysli\" \/>\n\t<meta name=\"twitter:label2\" content=\"Odhadovan\u00e1 doba \u010dten\u00ed\" \/>\n\t<meta name=\"twitter:data2\" content=\"3 minuty\" \/>\n<script type=\"application\/ld+json\" class=\"yoast-schema-graph\">{\"@context\":\"https:\/\/schema.org\",\"@graph\":[{\"@type\":\"WebSite\",\"@id\":\"https:\/\/www.diagnostika-mysli.cz\/blog\/#website\",\"url\":\"https:\/\/www.diagnostika-mysli.cz\/blog\/\",\"name\":\"Test Mysli\",\"description\":\"Blog o poruch\u00e1ch mysli\",\"potentialAction\":[{\"@type\":\"SearchAction\",\"target\":{\"@type\":\"EntryPoint\",\"urlTemplate\":\"https:\/\/www.diagnostika-mysli.cz\/blog\/?s={search_term_string}\"},\"query-input\":\"required name=search_term_string\"}],\"inLanguage\":\"cs\"},{\"@type\":\"ImageObject\",\"@id\":\"https:\/\/www.diagnostika-mysli.cz\/blog\/autismus\/jsem-autista-test\/#primaryimage\",\"inLanguage\":\"cs\",\"url\":\"https:\/\/www.diagnostika-mysli.cz\/blog\/wp-content\/uploads\/2025\/02\/image-17.png\",\"contentUrl\":\"https:\/\/www.diagnostika-mysli.cz\/blog\/wp-content\/uploads\/2025\/02\/image-17.png\",\"width\":256,\"height\":256},{\"@type\":\"WebPage\",\"@id\":\"https:\/\/www.diagnostika-mysli.cz\/blog\/autismus\/jsem-autista-test\/#webpage\",\"url\":\"https:\/\/www.diagnostika-mysli.cz\/blog\/autismus\/jsem-autista-test\/\",\"name\":\"Jsem autista test - Test Mysli\",\"isPartOf\":{\"@id\":\"https:\/\/www.diagnostika-mysli.cz\/blog\/#website\"},\"primaryImageOfPage\":{\"@id\":\"https:\/\/www.diagnostika-mysli.cz\/blog\/autismus\/jsem-autista-test\/#primaryimage\"},\"datePublished\":\"2025-02-09T03:25:21+00:00\",\"dateModified\":\"2025-02-10T15:07:50+00:00\",\"author\":{\"@id\":\"https:\/\/www.diagnostika-mysli.cz\/blog\/#\/schema\/person\/8eb1bcaf59fea75c780c11946f4e3490\"},\"breadcrumb\":{\"@id\":\"https:\/\/www.diagnostika-mysli.cz\/blog\/autismus\/jsem-autista-test\/#breadcrumb\"},\"inLanguage\":\"cs\",\"potentialAction\":[{\"@type\":\"ReadAction\",\"target\":[\"https:\/\/www.diagnostika-mysli.cz\/blog\/autismus\/jsem-autista-test\/\"]}]},{\"@type\":\"BreadcrumbList\",\"@id\":\"https:\/\/www.diagnostika-mysli.cz\/blog\/autismus\/jsem-autista-test\/#breadcrumb\",\"itemListElement\":[{\"@type\":\"ListItem\",\"position\":1,\"name\":\"Blog\",\"item\":\"https:\/\/www.diagnostika-mysli.cz\/blog\/\"},{\"@type\":\"ListItem\",\"position\":2,\"name\":\"Autismus\",\"item\":\"https:\/\/www.diagnostika-mysli.cz\/blog\/autismus\/\"},{\"@type\":\"ListItem\",\"position\":3,\"name\":\"Jsem autista test\"}]},{\"@type\":\"Person\",\"@id\":\"https:\/\/www.diagnostika-mysli.cz\/blog\/#\/schema\/person\/8eb1bcaf59fea75c780c11946f4e3490\",\"name\":\"Test Mysli\",\"image\":{\"@type\":\"ImageObject\",\"@id\":\"https:\/\/www.diagnostika-mysli.cz\/blog\/#personlogo\",\"inLanguage\":\"cs\",\"url\":\"https:\/\/secure.gravatar.com\/avatar\/6743211f010801ea26aa9423a2daab37?s=96&d=mm&r=g\",\"contentUrl\":\"https:\/\/secure.gravatar.com\/avatar\/6743211f010801ea26aa9423a2daab37?s=96&d=mm&r=g\",\"caption\":\"Test Mysli\"},\"sameAs\":[\"https:\/\/www.diagnostika-mysli.cz\/blog\"],\"url\":\"https:\/\/www.diagnostika-mysli.cz\/blog\/author\/diagnostyka-umyslu\/\"}]}<\/script>\n<!-- \/ Yoast SEO plugin. -->","yoast_head_json":{"title":"Jsem autista test - Test Mysli","robots":{"index":"index","follow":"follow","max-snippet":"max-snippet:-1","max-image-preview":"max-image-preview:large","max-video-preview":"max-video-preview:-1"},"canonical":"https:\/\/www.diagnostika-mysli.cz\/blog\/autismus\/jsem-autista-test\/","og_locale":"cs_CZ","og_type":"article","og_title":"Jsem autista test - Test Mysli","og_description":"Co je Jsem autista test a jak funguje? Jsem autista test je diagnostick\u00fd n\u00e1stroj, kter\u00fd slou\u017e\u00ed k ur\u010den\u00ed p\u0159\u00edtomnosti poruchy autistick\u00e9ho spektra (PAS) u jednotlivce....","og_url":"https:\/\/www.diagnostika-mysli.cz\/blog\/autismus\/jsem-autista-test\/","og_site_name":"Test Mysli","article_published_time":"2025-02-09T03:25:21+00:00","article_modified_time":"2025-02-10T15:07:50+00:00","og_image":[{"width":256,"height":256,"url":"https:\/\/www.diagnostika-mysli.cz\/blog\/wp-content\/uploads\/2025\/02\/image-17.png","type":"image\/png"}],"twitter_card":"summary_large_image","twitter_misc":{"Napsal(a)":"Test Mysli","Odhadovan\u00e1 doba \u010dten\u00ed":"3 minuty"},"schema":{"@context":"https:\/\/schema.org","@graph":[{"@type":"WebSite","@id":"https:\/\/www.diagnostika-mysli.cz\/blog\/#website","url":"https:\/\/www.diagnostika-mysli.cz\/blog\/","name":"Test Mysli","description":"Blog o poruch\u00e1ch mysli","potentialAction":[{"@type":"SearchAction","target":{"@type":"EntryPoint","urlTemplate":"https:\/\/www.diagnostika-mysli.cz\/blog\/?s={search_term_string}"},"query-input":"required name=search_term_string"}],"inLanguage":"cs"},{"@type":"ImageObject","@id":"https:\/\/www.diagnostika-mysli.cz\/blog\/autismus\/jsem-autista-test\/#primaryimage","inLanguage":"cs","url":"https:\/\/www.diagnostika-mysli.cz\/blog\/wp-content\/uploads\/2025\/02\/image-17.png","contentUrl":"https:\/\/www.diagnostika-mysli.cz\/blog\/wp-content\/uploads\/2025\/02\/image-17.png","width":256,"height":256},{"@type":"WebPage","@id":"https:\/\/www.diagnostika-mysli.cz\/blog\/autismus\/jsem-autista-test\/#webpage","url":"https:\/\/www.diagnostika-mysli.cz\/blog\/autismus\/jsem-autista-test\/","name":"Jsem autista test - Test Mysli","isPartOf":{"@id":"https:\/\/www.diagnostika-mysli.cz\/blog\/#website"},"primaryImageOfPage":{"@id":"https:\/\/www.diagnostika-mysli.cz\/blog\/autismus\/jsem-autista-test\/#primaryimage"},"datePublished":"2025-02-09T03:25:21+00:00","dateModified":"2025-02-10T15:07:50+00:00","author":{"@id":"https:\/\/www.diagnostika-mysli.cz\/blog\/#\/schema\/person\/8eb1bcaf59fea75c780c11946f4e3490"},"breadcrumb":{"@id":"https:\/\/www.diagnostika-mysli.cz\/blog\/autismus\/jsem-autista-test\/#breadcrumb"},"inLanguage":"cs","potentialAction":[{"@type":"ReadAction","target":["https:\/\/www.diagnostika-mysli.cz\/blog\/autismus\/jsem-autista-test\/"]}]},{"@type":"BreadcrumbList","@id":"https:\/\/www.diagnostika-mysli.cz\/blog\/autismus\/jsem-autista-test\/#breadcrumb","itemListElement":[{"@type":"ListItem","position":1,"name":"Blog","item":"https:\/\/www.diagnostika-mysli.cz\/blog\/"},{"@type":"ListItem","position":2,"name":"Autismus","item":"https:\/\/www.diagnostika-mysli.cz\/blog\/autismus\/"},{"@type":"ListItem","position":3,"name":"Jsem autista test"}]},{"@type":"Person","@id":"https:\/\/www.diagnostika-mysli.cz\/blog\/#\/schema\/person\/8eb1bcaf59fea75c780c11946f4e3490","name":"Test Mysli","image":{"@type":"ImageObject","@id":"https:\/\/www.diagnostika-mysli.cz\/blog\/#personlogo","inLanguage":"cs","url":"https:\/\/secure.gravatar.com\/avatar\/6743211f010801ea26aa9423a2daab37?s=96&d=mm&r=g","contentUrl":"https:\/\/secure.gravatar.com\/avatar\/6743211f010801ea26aa9423a2daab37?s=96&d=mm&r=g","caption":"Test Mysli"},"sameAs":["https:\/\/www.diagnostika-mysli.cz\/blog"],"url":"https:\/\/www.diagnostika-mysli.cz\/blog\/author\/diagnostyka-umyslu\/"}]}},"amp_enabled":true,"_links":{"self":[{"href":"https:\/\/www.diagnostika-mysli.cz\/blog\/wp-json\/wp\/v2\/posts\/2943"}],"collection":[{"href":"https:\/\/www.diagnostika-mysli.cz\/blog\/wp-json\/wp\/v2\/posts"}],"about":[{"href":"https:\/\/www.diagnostika-mysli.cz\/blog\/wp-json\/wp\/v2\/types\/post"}],"author":[{"embeddable":true,"href":"https:\/\/www.diagnostika-mysli.cz\/blog\/wp-json\/wp\/v2\/users\/1"}],"replies":[{"embeddable":true,"href":"https:\/\/www.diagnostika-mysli.cz\/blog\/wp-json\/wp\/v2\/comments?post=2943"}],"version-history":[{"count":1,"href":"https:\/\/www.diagnostika-mysli.cz\/blog\/wp-json\/wp\/v2\/posts\/2943\/revisions"}],"predecessor-version":[{"id":2953,"href":"https:\/\/www.diagnostika-mysli.cz\/blog\/wp-json\/wp\/v2\/posts\/2943\/revisions\/2953"}],"wp:featuredmedia":[{"embeddable":true,"href":"https:\/\/www.diagnostika-mysli.cz\/blog\/wp-json\/wp\/v2\/media\/2946"}],"wp:attachment":[{"href":"https:\/\/www.diagnostika-mysli.cz\/blog\/wp-json\/wp\/v2\/media?parent=2943"}],"wp:term":[{"taxonomy":"category","embeddable":true,"href":"https:\/\/www.diagnostika-mysli.cz\/blog\/wp-json\/wp\/v2\/categories?post=2943"},{"taxonomy":"post_tag","embeddable":true,"href":"https:\/\/www.diagnostika-mysli.cz\/blog\/wp-json\/wp\/v2\/tags?post=2943"}],"curies":[{"name":"wp","href":"https:\/\/api.w.org\/{rel}","templated":true}]}}