{"id":2944,"date":"2025-02-10T03:05:51","date_gmt":"2025-02-10T02:05:51","guid":{"rendered":"https:\/\/www.diagnostika-mysli.cz\/blog\/adhd\/priznaky-adhd-u-malych-deti\/"},"modified":"2025-02-10T16:07:42","modified_gmt":"2025-02-10T15:07:42","slug":"priznaky-adhd-u-malych-deti","status":"publish","type":"post","link":"https:\/\/www.diagnostika-mysli.cz\/blog\/adhd\/priznaky-adhd-u-malych-deti\/","title":{"rendered":"P\u0159\u00edznaky ADHD u mal\u00fdch d\u011bt\u00ed"},"content":{"rendered":"<div class=\"topics\">\n<div class=\"topic\">\n<h2>Jak rozpoznat p\u0159\u00edznaky ADHD u mal\u00fdch d\u011bt\u00ed?<\/h2>\n<p>ADHD (Attention Deficit Hyperactivity Disorder) je neurov\u00fdvojov\u00e1 porucha, kter\u00e1 se projevuje p\u0159edev\u0161\u00edm u d\u011bt\u00ed. Tato porucha m\u016f\u017ee m\u00edt vliv na pozornost, hyperaktivitu a impulzivitu d\u00edt\u011bte. Je d\u016fle\u017eit\u00e9 rozpoznat p\u0159\u00edznaky ADHD co nejd\u0159\u00edve, aby bylo mo\u017en\u00e9 poskytnout d\u00edt\u011bti vhodnou l\u00e9\u010dbu a podporu.<\/p>\n<p>Prvn\u00edm krokem k rozpozn\u00e1n\u00ed ADHD u mal\u00fdch d\u011bt\u00ed je pozorov\u00e1n\u00ed jejich chov\u00e1n\u00ed. D\u011bti s ADHD maj\u00ed \u010dasto probl\u00e9my s pozornost\u00ed a jsou velmi rozpt\u00fdlen\u00e9. Mohou se nap\u0159\u00edklad snadno rozptylovat p\u0159i hran\u00ed, u\u010den\u00ed nebo p\u0159i pln\u011bn\u00ed \u00fakol\u016f. D\u00e1le mohou b\u00fdt d\u011bti s ADHD velmi hyperaktivn\u00ed, co\u017e se projevuje neust\u00e1l\u00fdm pohybem, b\u011bh\u00e1n\u00edm a sk\u00e1k\u00e1n\u00edm. Tak\u00e9 mohou b\u00fdt velmi impulzivn\u00ed, co\u017e znamen\u00e1, \u017ee jednaj\u00ed bez p\u0159em\u00fd\u0161len\u00ed o n\u00e1sledc\u00edch<\/p>\n<\/div>\n<div class=\"topic\">\n<h2>&#8211; Vysv\u011btlen\u00ed, co je ADHD a jak\u00e9 jsou jeho hlavn\u00ed p\u0159\u00edznaky u d\u011bt\u00ed<\/h2>\n<p>ADHD (Attention Deficit Hyperactivity Disorder) je neurov\u00fdvojov\u00e1 porucha, kter\u00e1 se projevuje u d\u011bt\u00ed a dosp\u00edvaj\u00edc\u00edch. Tato porucha ovliv\ufffd\ufffduje jejich schopnost soust\u0159edit se, pl\u00e1novat a kontrolovat sv\u00e9 chov\u00e1n\u00ed. Je to jedna z nej\u010dast\u011bj\u0161\u00edch poruch u d\u011bt\u00ed a m\u016f\u017ee m\u00edt vliv na jejich \u0161koln\u00ed v\u00fdkon, soci\u00e1ln\u00ed interakce a celkovou kvalitu \u017eivota.<\/p>\n<p>Hlavn\u00edm p\u0159\u00edznakem ADHD je neschopnost udr\u017eet pozornost na ur\u010ditou \u010dinnost po del\u0161\u00ed dobu. D\u011bti s touto poruchou maj\u00ed tendenci b\u00fdt rozpt\u00fdlen\u00e9, snadno se rozptylovat a mohou m\u00edt probl\u00e9my s dokon\u010den\u00edm \u00fakol\u016f. Mohou se tak\u00e9 st\u00e1vat zapomn\u011btliv\u00fdmi a \u010dasto ztr\u00e1cet v\u011bci, jako jsou \u0161koln\u00ed pot\u0159eby nebo hra\u010dky.<\/p>\n<p>Dal\u0161\u00edm v\u00fdznamn\u00fdm p\u0159\u00edznakem je hyperaktivita. D\u011bti s ADHD jsou \u010dasto velmi aktivn\u00ed a nemohou sed<\/p>\n<\/div>\n<div class=\"topic\">\n<h2>&#8211; D\u016fle\u017eitost v\u010dasn\u00e9ho rozpozn\u00e1n\u00ed a diagnostiky pro spr\u00e1vnou l\u00e9\u010dbu<\/h2>\n<p>V\u010dasn\u00e9 rozpozn\u00e1n\u00ed a diagnostika jsou kl\u00ed\u010dov\u00e9 pro spr\u00e1vnou l\u00e9\u010dbu jak\u00e9hokoli onemocn\u011bn\u00ed. Tento proces je zvl\u00e1\u0161t\u011b d\u016fle\u017eit\u00fd v p\u0159\u00edpad\u011b z\u00e1va\u017en\u00fdch onemocn\u011bn\u00ed, jako jsou nap\u0159\u00edklad rakovina, srde\u010dn\u00ed choroby nebo cukrovka. V\u010dasn\u00e1 diagn\u00f3za m\u016f\u017ee znamenat rozd\u00edl mezi \u00fasp\u011b\u0161nou l\u00e9\u010dbou a trval\u00fdmi n\u00e1sledky, nebo dokonce mezi \u017eivotem a smrt\u00ed.<\/p>\n<p>V\u010dasn\u00e1 diagn\u00f3za znamen\u00e1, \u017ee onemocn\u011bn\u00ed je odhaleno v ran\u00e9 f\u00e1zi, kdy jsou p\u0159\u00edznaky st\u00e1le m\u00edrn\u00e9 a l\u00e9\u010dba m\u016f\u017ee b\u00fdt \u00fa\u010dinn\u011bj\u0161\u00ed. Naopak, pokud je onemocn\u011bn\u00ed odhaleno v pokro\u010dil\u00e9m st\u00e1diu, m\u016f\u017ee b\u00fdt l\u00e9\u010dba mnohem obt\u00ed\u017en\u011bj\u0161\u00ed a \u00fa\u010dinnost l\u00e9\u010dby m\u016f\u017ee b\u00fdt omezena. V n\u011bkter\u00fdch p\u0159\u00edpadech m\u016f\u017ee b\u00fdt dokonce ji\u017e p\u0159\u00edli\u0161 pozd<\/p>\n<\/div>\n<div class=\"topic\">\n<h2>&#8211; P\u0159\u00edklady chov\u00e1n\u00ed a projev\u016f, kter\u00e9 mohou nazna\u010dovat p\u0159\u00edtomnost ADHD u d\u00edt\u011bte<\/h2>\n<p>ADHD (Attention Deficit Hyperactivity Disorder) je neurov\u00fdvojov\u00e1 porucha, kter\u00e1 se projevuje p\u0159edev\u0161\u00edm u d\u011bt\u00ed. Tato porucha ovliv\ufffd\ufffduje jejich schopnost soust\u0159edit se, pl\u00e1novat a kontrolovat sv\u00e9 chov\u00e1n\u00ed. Pokud m\u00e1 d\u00edt\u011b ADHD, m\u016f\u017ee to b\u00fdt pro n\u011bj i pro jeho okol\u00ed velmi n\u00e1ro\u010dn\u00e9. N\u011bkdy m\u016f\u017ee b\u00fdt obt\u00ed\u017en\u00e9 rozpoznat p\u0159\u00edtomnost t\u00e9to poruchy, proto\u017ee se projevuje r\u016fzn\u00fdmi zp\u016fsoby. V n\u00e1sleduj\u00edc\u00edm textu se pod\u00edv\u00e1me na n\u011bkter\u00e9 p\u0159\u00edklady chov\u00e1n\u00ed a projev\u016f, kter\u00e9 mohou nazna\u010dovat p\u0159\u00edtomnost ADHD u d\u00edt\u011bte.<\/p>\n<p>1. Nepozornost<br \/>\nJedn\u00edm z hlavn\u00edch p\u0159\u00edznak\u016f ADHD je nepozornost. D\u00edt\u011b s touto poruchou se m\u016f\u017ee snadno rozpt\u00fdlit a m\u00e1 probl\u00e9my se soust\u0159ed\u011bn\u00edm na jednu v\u011bc. M\u016f\u017ee se zd\u00e1t, \u017ee nevn\u00edm\u00e1, co se kolem n\u011bj d\u011bje<\/p>\n<\/div>\n<div class=\"topic\">\n<h2>&#8211; Doporu\u010den\u00ed pro rodi\u010de, jak se mohou pod\u00edlet na rozpozn\u00e1n\u00ed a l\u00e9\u010db\u011b ADHD u sv\u00e9ho d\u00edt\u011bte<\/h2>\n<p>ADHD (Attention Deficit Hyperactivity Disorder) je neurov\u00fdvojov\u00e1 porucha, kter\u00e1 se projevuje poruchami pozornosti, hyperaktivitou a impulzivitou. Tato porucha m\u016f\u017ee m\u00edt v\u00fdrazn\u00fd vliv na \u017eivot d\u00edt\u011bte, zejm\u00e9na na jeho \u0161koln\u00ed v\u00fdkon a soci\u00e1ln\u00ed interakce. Proto je d\u016fle\u017eit\u00e9, aby rodi\u010de byli informov\u00e1ni o mo\u017en\u00fdch p\u0159\u00edznac\u00edch ADHD a jak mohou pomoci sv\u00e9mu d\u00edt\u011bti s touto poruchou.<\/p>\n<p>Prvn\u00edm krokem pro rodi\u010de je b\u00fdt pozorn\u00fd k p\u0159\u00edznak\u016fm ADHD u sv\u00e9ho d\u00edt\u011bte. Mezi nej\u010dast\u011bj\u0161\u00ed p\u0159\u00edznaky pat\u0159\u00ed neschopnost udr\u017eet pozornost, nadm\u011brn\u00e1 hyperaktivita a impulzivn\u00ed chov\u00e1n\u00ed. Tyto p\u0159\u00edznaky mohou b\u00fdt zpo\u010d\u00e1tku zam\u011bn\u011bny za b\u011b\u017en\u00e9 d\u011btsk\u00e9 chov\u00e1n\u00ed, ale pokud jsou p\u0159\u00edtomny po del\u0161\u00ed dobu a ovliv\ufffd\ufffduj\u00ed ka\u017edodenn\u00ed \u017eivot d\u00edt\u011bte, mohou b\u00fdt<\/p>\n<\/div>\n<div class=\"topic\">\n<p>\ufffd\ufffdesk\u00e1 kuchyn\u011b je jednou z nejstar\u0161\u00edch a nejbohat\u0161\u00edch kuchyn\u00ed v Evrop\u011b. Jej\u00ed ko\u0159eny sahaj\u00ed a\u017e do 9. stolet\u00ed, kdy se za\u010daly formovat prvn\u00ed tradi\u010dn\u00ed pokrmy. \ufffd\ufffdesk\u00e1 kuchyn\u011b je ovlivn\u011bna p\u0159edev\u0161\u00edm st\u0159edoevropskou kuchyn\u00ed, ale najdeme v n\u00ed i prvky z n\u011bmeck\u00e9, rakousk\u00e9, ma\ufffd\ufffdarsk\u00e9 a \u017eidovsk\u00e9 kuchyn\u011b.<\/p>\n<p>Hlavn\u00edmi surovinami \u010desk\u00e9 kuchyn\u011b jsou brambory, maso, zelenina, ml\u00e9\u010dn\u00e9 v\u00fdrobky a obiloviny. V\u011bt\u0161ina pokrm\u016f je pom\u011brn\u011b jednoduch\u00e1, ale velmi chutn\u00e1 a s vysokou v\u00fd\u017eivovou hodnotou. Mezi nejzn\u00e1m\u011bj\u0161\u00ed \u010desk\u00e9 speciality pat\u0159\u00ed vep\u0159ov\u00e1 pe\u010den\u011b s knedl\u00edky, gul\u00e1\u0161, sv\u00ed\u010dkov\u00e1 na smetan\u011b, brambor\u00e1ky, sma\u017een\u00fd s\u00fdr a tradi\u010dn\u00ed \u010desk<\/p>\n<\/div>\n<div class=\"topic\">\n<h2>Jak\u00e9 jsou mo\u017en\u00e9 d\u016fsledky nepoznan\u00e9ho a nel\u00e9\u010den\u00e9ho ADHD u mal\u00fdch d\u011bt\u00ed?<\/h2>\n<p>ADHD (Attention Deficit Hyperactivity Disorder) je neurov\u00fdvojov\u00e1 porucha, kter\u00e1 se projevuje p\u0159edev\u0161\u00edm u d\u011bt\u00ed. Tato porucha m\u016f\u017ee m\u00edt v\u00e1\u017en\u00e9 d\u016fsledky, pokud nen\u00ed v\u010das rozpozn\u00e1na a l\u00e9\u010dena. V tomto \u010dl\u00e1nku se zam\u011b\u0159\u00edme na mo\u017en\u00e9 d\u016fsledky nepoznan\u00e9ho a nel\u00e9\u010den\u00e9ho ADHD u mal\u00fdch d\u011bt\u00ed.<\/p>\n<p>Jedn\u00edm z nejv\u00fdrazn\u011bj\u0161\u00edch d\u016fsledk\u016f nepoznan\u00e9ho a nel\u00e9\u010den\u00e9ho ADHD u mal\u00fdch d\u011bt\u00ed je probl\u00e9m s u\u010den\u00edm. D\u011bti s touto poruchou maj\u00ed \u010dasto probl\u00e9my s koncentrac\u00ed a pozornost\u00ed, co\u017e m\u016f\u017ee v\u00e9st k naru\u0161en\u00ed u\u010debn\u00edho procesu. Nedostate\u010dn\u00e1 pozornost a impulsivita mohou zp\u016fsobit, \u017ee d\u00edt\u011b bude m\u00edt probl\u00e9my s porozum\u011bn\u00edm u\u010diva a bude se mu \u0161patn\u011b u\u010dit. To m\u016f\u017ee v\u00e9st k n\u00edzk\u00fdm v\u00fdsledk\u016fm ve \u0161kole a n\u00e1sledn<\/p>\n<\/div>\n<div class=\"topic\">\n<h2>&#8211; Vysv\u011btlen\u00ed, jak m\u016f\u017ee nel\u00e9\u010den\u00e9 ADHD ovlivnit \u017eivot d\u00edt\u011bte i jeho rodiny<\/h2>\n<p>ADHD (Attention Deficit Hyperactivity Disorder) je neurov\u00fdvojov\u00e1 porucha, kter\u00e1 se projevuje probl\u00e9my s pozornost\u00ed, hyperaktivitou a impulzivitou. Tato porucha m\u016f\u017ee m\u00edt v\u00fdrazn\u00fd dopad na \u017eivot d\u00edt\u011bte, ale tak\u00e9 na celou jeho rodinu.<\/p>\n<p>Jedn\u00edm z hlavn\u00edch projev\u016f ADHD je neschopnost udr\u017eet pozornost na jedn\u00e9 v\u011bci po del\u0161\u00ed dobu. D\u00edt\u011b s ADHD se \u010dasto st\u00e1v\u00e1 roztr\u017eit\u00fdm, m\u00e1 probl\u00e9my s dokon\u010den\u00edm \u00fakol\u016f a zapom\u00edn\u00e1 na d\u016fle\u017eit\u00e9 v\u011bci. To m\u016f\u017ee v\u00e9st k probl\u00e9m\u016fm ve \u0161kole, kdy d\u00edt\u011b nedok\u00e1\u017ee sledovat v\u00fdklad u\u010ditele a m\u00e1 probl\u00e9my s u\u010den\u00edm. T\u00edm se m\u016f\u017ee sn\u00ed\u017eit jeho akademick\u00fd v\u00fdkon a m\u016f\u017ee se st\u00e1t ter\u010dem posm\u011bchu ze strany spolu\u017e\u00e1k\u016f.<\/p>\n<p>Dal\u0161\u00edm projevem ADHD je hyperaktivita, kter\u00e1 se projevuje nadm\u011brn\u00fdm pohybem a neklidem. D\u00edt<\/p>\n<\/div>\n<div class=\"topic\">\n<h2>&#8211; Mo\u017en\u00e9 probl\u00e9my ve \u0161kole a vztaz\u00edch s vrstevn\u00edky<\/h2>\n<p>Ve \u0161kole a vztaz\u00edch s vrstevn\u00edky se mohou vyskytnout r\u016fzn\u00e9 probl\u00e9my, kter\u00e9 mohou m\u00edt negativn\u00ed dopad na \u017eivot a v\u00fdvoj d\u011bt\u00ed a ml\u00e1de\u017ee. Tyto probl\u00e9my mohou b\u00fdt zp\u016fsobeny r\u016fzn\u00fdmi faktory, jako jsou nap\u0159\u00edklad nedostate\u010dn\u00e1 komunikace, \u0161patn\u00e9 vzory chov\u00e1n\u00ed, n\u00edzk\u00e1 sebe\u00facta, nebo dokonce \u0161ikana.<\/p>\n<p>Jedn\u00edm z nej\u010dast\u011bj\u0161\u00edch probl\u00e9m\u016f ve \u0161kole je nedostate\u010dn\u00e1 komunikace mezi \u017e\u00e1ky a u\u010diteli. Mnoho d\u011bt\u00ed a mlad\u00fdch lid\u00ed se boj\u00ed mluvit o sv\u00fdch probl\u00e9mech a obav\u00e1ch, a proto se mohou c\u00edtit izolovan\u00ed a nepodporovan\u00ed. To m\u016f\u017ee v\u00e9st k n\u00edzk\u00e9mu sebev\u011bdom\u00ed a \u0161patn\u00e9mu prosp\u011bchu ve \u0161kole. Je d\u016fle\u017eit\u00e9, aby u\u010ditel\u00e9 vytvo\u0159ili prost\u0159ed\u00ed, ve kter\u00e9m se \u017e\u00e1ci budou c\u00edtit bezpe\u010dn\u011b a komfortn<\/p>\n<\/div>\n<div class=\"topic\">\n<h2>&#8211; Negativn\u00ed dopady na psychick\u00e9 a fyzick\u00e9 zdrav\u00ed d\u00edt\u011bte<\/h2>\n<p>Negativn\u00ed dopady na psychick\u00e9 a fyzick\u00e9 zdrav\u00ed d\u00edt\u011bte jsou z\u00e1va\u017en\u00fdm probl\u00e9mem, kter\u00fd m\u016f\u017ee m\u00edt dlouhodob\u00e9 d\u016fsledky pro cel\u00fd \u017eivot. D\u011bti jsou velmi zraniteln\u00e9 a jejich zdrav\u00ed je z\u00e1visl\u00e9 na p\u00e9\u010di a podpo\u0159e dosp\u011bl\u00fdch. Negativn\u00ed vlivy, kter\u00e9 mohou postihnout d\u00edt\u011b, mohou b\u00fdt zp\u016fsobeny r\u016fzn\u00fdmi faktory, jako jsou rodinn\u00e9 probl\u00e9my, \u0161patn\u00e9 \u017eivotn\u00ed podm\u00ednky, nedostate\u010dn\u00e1 v\u00fd\u017eiva, n\u00e1sil\u00ed, \u0161ikana, nedostatek l\u00e1sky a pozornosti, nebo dokonce zanedb\u00e1n\u00ed ze strany rodi\u010d\u016f.<\/p>\n<p>Jedn\u00edm z nejv\u00fdznamn\u011bj\u0161\u00edch negativn\u00edch dopad\u016f na psychick\u00e9 zdrav\u00ed d\u00edt\u011bte je trauma. D\u011bti, kter\u00e9 pro\u017eily traumatick\u00e9 ud\u00e1losti, jako je nap\u0159\u00edklad ztr\u00e1ta rodi\u010de, n\u00e1sil\u00ed nebo zneu\u017e\u00edv\u00e1n\u00ed, mohou trp\u011bt dlouhodo<\/p>\n<\/div>\n<div class=\"topic\">\n<h2>&#8211; D\u016fle\u017eitost v\u010dasn\u00e9ho l\u00e9\u010den\u00ed pro prevenci komplikac\u00ed<\/h2>\n<p>V\u010dasn\u00e9 l\u00e9\u010den\u00ed je kl\u00ed\u010dov\u00fdm faktorem pro prevenci komplikac\u00ed u r\u016fzn\u00fdch onemocn\u011bn\u00ed. Tato d\u016fle\u017eit\u00e1 z\u00e1sada plat\u00ed pro v\u0161echny typy nemoc\u00ed, od b\u011b\u017en\u00fdch infekc\u00ed a\u017e po z\u00e1va\u017en\u00e9 chronick\u00e9 choroby. V\u010dasn\u00e1 l\u00e9\u010dba m\u016f\u017ee v\u00fdrazn\u011b sn\u00ed\u017eit riziko vzniku komplikac\u00ed a zlep\u0161it celkov\u00fd pr\u016fb\u011bh onemocn\u011bn\u00ed.<\/p>\n<p>Jedn\u00edm z nejv\u011bt\u0161\u00edch d\u016fvod\u016f, pro\u010d je v\u010dasn\u00e9 l\u00e9\u010den\u00ed tak d\u016fle\u017eit\u00e9, je skute\u010dnost, \u017ee mnoho onemocn\u011bn\u00ed m\u00e1 tendenci se zhor\u0161ovat, pokud nejsou \ufffd\ufffd\u00e1dn\u011b l\u00e9\u010dena. Nap\u0159\u00edklad b\u011b\u017en\u00e1 ch\u0159ipka m\u016f\u017ee v\u00e9st k z\u00e1va\u017en\u011bj\u0161\u00edm komplikac\u00edm, jako je z\u00e1pal plic, pokud nen\u00ed l\u00e9\u010dena v\u010das a spr\u00e1vn\u011b. Stejn\u011b tak m\u016f\u017ee nevyl\u00e9\u010den\u00e1 infekce mo\u010dov\u00fdch cest v\u00e9st k z\u00e1va\u017en\u011b<\/p>\n<\/div>\n<\/div>\n","protected":false},"excerpt":{"rendered":"<p>Jak rozpoznat p\u0159\u00edznaky ADHD u mal\u00fdch d\u011bt\u00ed? ADHD (Attention Deficit Hyperactivity Disorder) je neurov\u00fdvojov\u00e1 porucha, kter\u00e1 se projevuje p\u0159edev\u0161\u00edm u d\u011bt\u00ed. Tato porucha m\u016f\u017ee m\u00edt&#8230;<\/p>\n","protected":false},"author":1,"featured_media":2949,"comment_status":"closed","ping_status":"open","sticky":false,"template":"","format":"standard","meta":{"inline_featured_image":false},"categories":[780],"tags":[],"yoast_head":"<!-- This site is optimized with the Yoast SEO plugin v18.1 - https:\/\/yoast.com\/wordpress\/plugins\/seo\/ -->\n<title>P\u0159\u00edznaky ADHD u mal\u00fdch d\u011bt\u00ed - Test Mysli<\/title>\n<meta name=\"robots\" content=\"index, follow, max-snippet:-1, max-image-preview:large, max-video-preview:-1\" \/>\n<link rel=\"canonical\" href=\"https:\/\/www.diagnostika-mysli.cz\/blog\/adhd\/priznaky-adhd-u-malych-deti\/\" \/>\n<meta property=\"og:locale\" content=\"cs_CZ\" \/>\n<meta property=\"og:type\" content=\"article\" \/>\n<meta property=\"og:title\" content=\"P\u0159\u00edznaky ADHD u mal\u00fdch d\u011bt\u00ed - Test Mysli\" \/>\n<meta property=\"og:description\" content=\"Jak rozpoznat p\u0159\u00edznaky ADHD u mal\u00fdch d\u011bt\u00ed? ADHD (Attention Deficit Hyperactivity Disorder) je neurov\u00fdvojov\u00e1 porucha, kter\u00e1 se projevuje p\u0159edev\u0161\u00edm u d\u011bt\u00ed. Tato porucha m\u016f\u017ee m\u00edt...\" \/>\n<meta property=\"og:url\" content=\"https:\/\/www.diagnostika-mysli.cz\/blog\/adhd\/priznaky-adhd-u-malych-deti\/\" \/>\n<meta property=\"og:site_name\" content=\"Test Mysli\" \/>\n<meta property=\"article:published_time\" content=\"2025-02-10T02:05:51+00:00\" \/>\n<meta property=\"article:modified_time\" content=\"2025-02-10T15:07:42+00:00\" \/>\n<meta property=\"og:image\" content=\"https:\/\/www.diagnostika-mysli.cz\/blog\/wp-content\/uploads\/2025\/02\/image-20.png\" \/>\n\t<meta property=\"og:image:width\" content=\"256\" \/>\n\t<meta property=\"og:image:height\" content=\"256\" \/>\n\t<meta property=\"og:image:type\" content=\"image\/png\" \/>\n<meta name=\"twitter:card\" content=\"summary_large_image\" \/>\n<meta name=\"twitter:label1\" content=\"Napsal(a)\" \/>\n\t<meta name=\"twitter:data1\" content=\"Test Mysli\" \/>\n\t<meta name=\"twitter:label2\" content=\"Odhadovan\u00e1 doba \u010dten\u00ed\" \/>\n\t<meta name=\"twitter:data2\" content=\"7 minut\" \/>\n<script type=\"application\/ld+json\" class=\"yoast-schema-graph\">{\"@context\":\"https:\/\/schema.org\",\"@graph\":[{\"@type\":\"WebSite\",\"@id\":\"https:\/\/www.diagnostika-mysli.cz\/blog\/#website\",\"url\":\"https:\/\/www.diagnostika-mysli.cz\/blog\/\",\"name\":\"Test Mysli\",\"description\":\"Blog o poruch\u00e1ch mysli\",\"potentialAction\":[{\"@type\":\"SearchAction\",\"target\":{\"@type\":\"EntryPoint\",\"urlTemplate\":\"https:\/\/www.diagnostika-mysli.cz\/blog\/?s={search_term_string}\"},\"query-input\":\"required name=search_term_string\"}],\"inLanguage\":\"cs\"},{\"@type\":\"ImageObject\",\"@id\":\"https:\/\/www.diagnostika-mysli.cz\/blog\/adhd\/priznaky-adhd-u-malych-deti\/#primaryimage\",\"inLanguage\":\"cs\",\"url\":\"https:\/\/www.diagnostika-mysli.cz\/blog\/wp-content\/uploads\/2025\/02\/image-20.png\",\"contentUrl\":\"https:\/\/www.diagnostika-mysli.cz\/blog\/wp-content\/uploads\/2025\/02\/image-20.png\",\"width\":256,\"height\":256},{\"@type\":\"WebPage\",\"@id\":\"https:\/\/www.diagnostika-mysli.cz\/blog\/adhd\/priznaky-adhd-u-malych-deti\/#webpage\",\"url\":\"https:\/\/www.diagnostika-mysli.cz\/blog\/adhd\/priznaky-adhd-u-malych-deti\/\",\"name\":\"P\u0159\u00edznaky ADHD u mal\u00fdch d\u011bt\u00ed - Test Mysli\",\"isPartOf\":{\"@id\":\"https:\/\/www.diagnostika-mysli.cz\/blog\/#website\"},\"primaryImageOfPage\":{\"@id\":\"https:\/\/www.diagnostika-mysli.cz\/blog\/adhd\/priznaky-adhd-u-malych-deti\/#primaryimage\"},\"datePublished\":\"2025-02-10T02:05:51+00:00\",\"dateModified\":\"2025-02-10T15:07:42+00:00\",\"author\":{\"@id\":\"https:\/\/www.diagnostika-mysli.cz\/blog\/#\/schema\/person\/8eb1bcaf59fea75c780c11946f4e3490\"},\"breadcrumb\":{\"@id\":\"https:\/\/www.diagnostika-mysli.cz\/blog\/adhd\/priznaky-adhd-u-malych-deti\/#breadcrumb\"},\"inLanguage\":\"cs\",\"potentialAction\":[{\"@type\":\"ReadAction\",\"target\":[\"https:\/\/www.diagnostika-mysli.cz\/blog\/adhd\/priznaky-adhd-u-malych-deti\/\"]}]},{\"@type\":\"BreadcrumbList\",\"@id\":\"https:\/\/www.diagnostika-mysli.cz\/blog\/adhd\/priznaky-adhd-u-malych-deti\/#breadcrumb\",\"itemListElement\":[{\"@type\":\"ListItem\",\"position\":1,\"name\":\"Blog\",\"item\":\"https:\/\/www.diagnostika-mysli.cz\/blog\/\"},{\"@type\":\"ListItem\",\"position\":2,\"name\":\"ADHD\",\"item\":\"https:\/\/www.diagnostika-mysli.cz\/blog\/adhd\/\"},{\"@type\":\"ListItem\",\"position\":3,\"name\":\"P\u0159\u00edznaky ADHD u mal\u00fdch d\u011bt\u00ed\"}]},{\"@type\":\"Person\",\"@id\":\"https:\/\/www.diagnostika-mysli.cz\/blog\/#\/schema\/person\/8eb1bcaf59fea75c780c11946f4e3490\",\"name\":\"Test Mysli\",\"image\":{\"@type\":\"ImageObject\",\"@id\":\"https:\/\/www.diagnostika-mysli.cz\/blog\/#personlogo\",\"inLanguage\":\"cs\",\"url\":\"https:\/\/secure.gravatar.com\/avatar\/6743211f010801ea26aa9423a2daab37?s=96&d=mm&r=g\",\"contentUrl\":\"https:\/\/secure.gravatar.com\/avatar\/6743211f010801ea26aa9423a2daab37?s=96&d=mm&r=g\",\"caption\":\"Test Mysli\"},\"sameAs\":[\"https:\/\/www.diagnostika-mysli.cz\/blog\"],\"url\":\"https:\/\/www.diagnostika-mysli.cz\/blog\/author\/diagnostyka-umyslu\/\"}]}<\/script>\n<!-- \/ Yoast SEO plugin. -->","yoast_head_json":{"title":"P\u0159\u00edznaky ADHD u mal\u00fdch d\u011bt\u00ed - Test Mysli","robots":{"index":"index","follow":"follow","max-snippet":"max-snippet:-1","max-image-preview":"max-image-preview:large","max-video-preview":"max-video-preview:-1"},"canonical":"https:\/\/www.diagnostika-mysli.cz\/blog\/adhd\/priznaky-adhd-u-malych-deti\/","og_locale":"cs_CZ","og_type":"article","og_title":"P\u0159\u00edznaky ADHD u mal\u00fdch d\u011bt\u00ed - Test Mysli","og_description":"Jak rozpoznat p\u0159\u00edznaky ADHD u mal\u00fdch d\u011bt\u00ed? ADHD (Attention Deficit Hyperactivity Disorder) je neurov\u00fdvojov\u00e1 porucha, kter\u00e1 se projevuje p\u0159edev\u0161\u00edm u d\u011bt\u00ed. Tato porucha m\u016f\u017ee m\u00edt...","og_url":"https:\/\/www.diagnostika-mysli.cz\/blog\/adhd\/priznaky-adhd-u-malych-deti\/","og_site_name":"Test Mysli","article_published_time":"2025-02-10T02:05:51+00:00","article_modified_time":"2025-02-10T15:07:42+00:00","og_image":[{"width":256,"height":256,"url":"https:\/\/www.diagnostika-mysli.cz\/blog\/wp-content\/uploads\/2025\/02\/image-20.png","type":"image\/png"}],"twitter_card":"summary_large_image","twitter_misc":{"Napsal(a)":"Test Mysli","Odhadovan\u00e1 doba \u010dten\u00ed":"7 minut"},"schema":{"@context":"https:\/\/schema.org","@graph":[{"@type":"WebSite","@id":"https:\/\/www.diagnostika-mysli.cz\/blog\/#website","url":"https:\/\/www.diagnostika-mysli.cz\/blog\/","name":"Test Mysli","description":"Blog o poruch\u00e1ch mysli","potentialAction":[{"@type":"SearchAction","target":{"@type":"EntryPoint","urlTemplate":"https:\/\/www.diagnostika-mysli.cz\/blog\/?s={search_term_string}"},"query-input":"required name=search_term_string"}],"inLanguage":"cs"},{"@type":"ImageObject","@id":"https:\/\/www.diagnostika-mysli.cz\/blog\/adhd\/priznaky-adhd-u-malych-deti\/#primaryimage","inLanguage":"cs","url":"https:\/\/www.diagnostika-mysli.cz\/blog\/wp-content\/uploads\/2025\/02\/image-20.png","contentUrl":"https:\/\/www.diagnostika-mysli.cz\/blog\/wp-content\/uploads\/2025\/02\/image-20.png","width":256,"height":256},{"@type":"WebPage","@id":"https:\/\/www.diagnostika-mysli.cz\/blog\/adhd\/priznaky-adhd-u-malych-deti\/#webpage","url":"https:\/\/www.diagnostika-mysli.cz\/blog\/adhd\/priznaky-adhd-u-malych-deti\/","name":"P\u0159\u00edznaky ADHD u mal\u00fdch d\u011bt\u00ed - Test Mysli","isPartOf":{"@id":"https:\/\/www.diagnostika-mysli.cz\/blog\/#website"},"primaryImageOfPage":{"@id":"https:\/\/www.diagnostika-mysli.cz\/blog\/adhd\/priznaky-adhd-u-malych-deti\/#primaryimage"},"datePublished":"2025-02-10T02:05:51+00:00","dateModified":"2025-02-10T15:07:42+00:00","author":{"@id":"https:\/\/www.diagnostika-mysli.cz\/blog\/#\/schema\/person\/8eb1bcaf59fea75c780c11946f4e3490"},"breadcrumb":{"@id":"https:\/\/www.diagnostika-mysli.cz\/blog\/adhd\/priznaky-adhd-u-malych-deti\/#breadcrumb"},"inLanguage":"cs","potentialAction":[{"@type":"ReadAction","target":["https:\/\/www.diagnostika-mysli.cz\/blog\/adhd\/priznaky-adhd-u-malych-deti\/"]}]},{"@type":"BreadcrumbList","@id":"https:\/\/www.diagnostika-mysli.cz\/blog\/adhd\/priznaky-adhd-u-malych-deti\/#breadcrumb","itemListElement":[{"@type":"ListItem","position":1,"name":"Blog","item":"https:\/\/www.diagnostika-mysli.cz\/blog\/"},{"@type":"ListItem","position":2,"name":"ADHD","item":"https:\/\/www.diagnostika-mysli.cz\/blog\/adhd\/"},{"@type":"ListItem","position":3,"name":"P\u0159\u00edznaky ADHD u mal\u00fdch d\u011bt\u00ed"}]},{"@type":"Person","@id":"https:\/\/www.diagnostika-mysli.cz\/blog\/#\/schema\/person\/8eb1bcaf59fea75c780c11946f4e3490","name":"Test Mysli","image":{"@type":"ImageObject","@id":"https:\/\/www.diagnostika-mysli.cz\/blog\/#personlogo","inLanguage":"cs","url":"https:\/\/secure.gravatar.com\/avatar\/6743211f010801ea26aa9423a2daab37?s=96&d=mm&r=g","contentUrl":"https:\/\/secure.gravatar.com\/avatar\/6743211f010801ea26aa9423a2daab37?s=96&d=mm&r=g","caption":"Test Mysli"},"sameAs":["https:\/\/www.diagnostika-mysli.cz\/blog"],"url":"https:\/\/www.diagnostika-mysli.cz\/blog\/author\/diagnostyka-umyslu\/"}]}},"amp_enabled":true,"_links":{"self":[{"href":"https:\/\/www.diagnostika-mysli.cz\/blog\/wp-json\/wp\/v2\/posts\/2944"}],"collection":[{"href":"https:\/\/www.diagnostika-mysli.cz\/blog\/wp-json\/wp\/v2\/posts"}],"about":[{"href":"https:\/\/www.diagnostika-mysli.cz\/blog\/wp-json\/wp\/v2\/types\/post"}],"author":[{"embeddable":true,"href":"https:\/\/www.diagnostika-mysli.cz\/blog\/wp-json\/wp\/v2\/users\/1"}],"replies":[{"embeddable":true,"href":"https:\/\/www.diagnostika-mysli.cz\/blog\/wp-json\/wp\/v2\/comments?post=2944"}],"version-history":[{"count":1,"href":"https:\/\/www.diagnostika-mysli.cz\/blog\/wp-json\/wp\/v2\/posts\/2944\/revisions"}],"predecessor-version":[{"id":2952,"href":"https:\/\/www.diagnostika-mysli.cz\/blog\/wp-json\/wp\/v2\/posts\/2944\/revisions\/2952"}],"wp:featuredmedia":[{"embeddable":true,"href":"https:\/\/www.diagnostika-mysli.cz\/blog\/wp-json\/wp\/v2\/media\/2949"}],"wp:attachment":[{"href":"https:\/\/www.diagnostika-mysli.cz\/blog\/wp-json\/wp\/v2\/media?parent=2944"}],"wp:term":[{"taxonomy":"category","embeddable":true,"href":"https:\/\/www.diagnostika-mysli.cz\/blog\/wp-json\/wp\/v2\/categories?post=2944"},{"taxonomy":"post_tag","embeddable":true,"href":"https:\/\/www.diagnostika-mysli.cz\/blog\/wp-json\/wp\/v2\/tags?post=2944"}],"curies":[{"name":"wp","href":"https:\/\/api.w.org\/{rel}","templated":true}]}}