{"id":2957,"date":"2025-02-11T04:25:22","date_gmt":"2025-02-11T03:25:22","guid":{"rendered":"https:\/\/www.diagnostika-mysli.cz\/blog\/autismus\/autismus-zachvaty-vzteku\/"},"modified":"2025-02-11T04:25:22","modified_gmt":"2025-02-11T03:25:22","slug":"autismus-zachvaty-vzteku","status":"publish","type":"post","link":"https:\/\/www.diagnostika-mysli.cz\/blog\/autismus\/autismus-zachvaty-vzteku\/","title":{"rendered":"Autismus z\u00e1chvaty vzteku"},"content":{"rendered":"<div class='topics'>\n<div class='topic'>\n<h2>Co jsou autismus z\u00e1chvaty vzteku a jak se projevuj\u00ed?<\/h2>\n<p>Autismus je neurov\u00fdvojov\u00e1 porucha, kter\u00e1 ovliv\ufffd\ufffduje soci\u00e1ln\u00ed interakce, komunikaci a chov\u00e1n\u00ed jedince. Jedn\u00edm z charakteristick\u00fdch projev\u016f autismu jsou tak\u00e9 z\u00e1chvaty vzteku, kter\u00e9 mohou b\u00fdt velmi n\u00e1ro\u010dn\u00e9 pro jedince i jeho okol\u00ed.<\/p>\n<p>Z\u00e1chvaty vzteku u osob s autismem se mohou projevovat r\u016fzn\u00fdmi zp\u016fsoby a mohou b\u00fdt vyvol\u00e1ny r\u016fzn\u00fdmi faktory. N\u011bkdy m\u016f\u017ee b\u00fdt p\u0159\u00ed\u010dinou zm\u011bna rutiny, n\u00e1hl\u00e9 zm\u011bny v prost\u0159ed\u00ed, p\u0159et\u00ed\u017een\u00ed senzorick\u00fdmi podn\u011bty nebo neschopnost vyj\u00e1d\u0159it sv\u00e9 pot\u0159eby a p\u0159\u00e1n\u00ed. Tyto z\u00e1chvaty mohou b\u00fdt tak\u00e9 vyvol\u00e1ny \u00fanavou, hladem nebo bolest\u00ed.<\/p>\n<p>Projevy z\u00e1chvat\u016f vzteku se mohou li\u0161it v z\u00e1vislosti na v\u011bku a schopnostech jedince s autismem. U d\u011bt\u00ed mohou b\u00fdt tyto z\u00e1chvaty doprov\u00e1zeny pl\u00e1<\/p>\n<\/div>\n<div class='topic'>\n<h2>Jak mohou rodi\u010de a bl\u00edzc\u00ed pomoci d\u00edt\u011bti s autismem p\u0159i z\u00e1chvatech vzteku?<\/h2>\n<p>Autismus je neurov\u00fdvojov\u00e1 porucha, kter\u00e1 ovliv\ufffd\ufffduje soci\u00e1ln\u00ed interakce, komunikaci a chov\u00e1n\u00ed jedince. Jedn\u00edm z charakteristick\u00fdch projev\u016f autismu jsou tak\u00e9 z\u00e1chvaty vzteku, kter\u00e9 mohou b\u00fdt pro d\u00edt\u011b i jeho bl\u00edzk\u00e9 velmi n\u00e1ro\u010dn\u00e9. V takov\u00fdch situac\u00edch je d\u016fle\u017eit\u00e9, aby rodi\u010de a bl\u00edzc\u00ed v\u011bd\u011bli, jak spr\u00e1vn\u011b reagovat a jak pomoci d\u00edt\u011bti s autismem p\u0159i z\u00e1chvatech vzteku.<\/p>\n<p>Prvn\u00edm krokem je pochopen\u00ed toho, co z\u00e1chvaty vzteku u d\u00edt\u011bte s autismem zp\u016fsobuje. Tyto z\u00e1chvaty mohou b\u00fdt vyvol\u00e1ny r\u016fzn\u00fdmi faktory, jako jsou zm\u011bny v rutin\u011b, p\u0159et\u00ed\u017een\u00ed senzorick\u00fdmi podn\u011bty, nedostate\u010dn\u00e1 komunikace nebo neschopnost vyj\u00e1d\u0159it sv\u00e9 pot\u0159eby. Je d\u016fle\u017eit\u00e9 si uv\u011bdomit, \u017ee d\u00edt\u011b s autismem nem\u00e1 z\u00e1chvaty vzteku z\u00e1m\u011b<\/p>\n<\/div>\n<div class='topic'>\n<h2>Jak\u00e9 jsou mo\u017en\u00e9 p\u0159\u00ed\u010diny a spou\u0161t\u011b\u010de autismus z\u00e1chvat\u016f vzteku?<\/h2>\n<p>Autismus je neurov\u00fdvojov\u00e1 porucha, kter\u00e1 se projevuje v r\u016fzn\u00fdch form\u00e1ch a stupn\u00edch z\u00e1va\u017enosti. Jedn\u00edm z nej\u010dast\u011bj\u0161\u00edch projev\u016f autismu jsou z\u00e1chvaty vzteku, kter\u00e9 mohou b\u00fdt pro rodinu i okol\u00ed velmi n\u00e1ro\u010dn\u00e9 a obt\u00ed\u017en\u00e9 zvl\u00e1dnout. Tyto z\u00e1chvaty mohou b\u00fdt vyvol\u00e1ny r\u016fzn\u00fdmi p\u0159\u00ed\u010dinami a spou\u0161t\u011b\u010di, kter\u00e9 je d\u016fle\u017eit\u00e9 rozpoznat a nau\u010dit se s nimi efektivn\u011b pracovat.<\/p>\n<p>Jednou z mo\u017en\u00fdch p\u0159\u00ed\u010din autismus z\u00e1chvat\u016f vzteku m\u016f\u017ee b\u00fdt neschopnost komunikovat. D\u011bti s autismem maj\u00ed \u010dasto probl\u00e9my s verb\u00e1ln\u00ed komunikac\u00ed a mohou se c\u00edtit frustrovan\u00e9, kdy\u017e se nedok\u00e1\u017eou vyj\u00e1d\u0159it. To m\u016f\u017ee v\u00e9st k z\u00e1chvat\u016fm vzteku, kdy se sna\u017e\u00ed vyj\u00e1d\u0159it sv\u00e9 pocity a pot\u0159eby n\u00e1siln\u00fdm zp\u016fsobem. Je<\/p>\n<\/div>\n<div class='topic'>\n<h2>Jak\u00fdm zp\u016fsobem m\u016f\u017ee terapie a l\u00e9\u010dba pomoci p\u0159i sni\u017eov\u00e1n\u00ed \u010detnosti a intenzity autismus z\u00e1chvat\u016f vzteku?<\/h2>\n<p>Autismus je neurov\u00fdvojov\u00e9 onemocn\u011bn\u00ed, kter\u00e9 se projevuje poruchami v komunikaci, soci\u00e1ln\u00edm chov\u00e1n\u00ed a omezen\u00fdmi z\u00e1jmy a aktivitami. Jedn\u00edm z charakteristick\u00fdch p\u0159\u00edznak\u016f autismu jsou tak\u00e9 z\u00e1chvaty vzteku, kter\u00e9 mohou b\u00fdt pro pacienty i jejich rodiny velmi n\u00e1ro\u010dn\u00e9 a obt\u00ed\u017en\u011b zvladateln\u00e9. Proto je d\u016fle\u017eit\u00e9, aby byly tyto z\u00e1chvaty co nejv\u00edce sn\u00ed\u017eeny a jejich intenzita omezena.<\/p>\n<p>Terapie a l\u00e9\u010dba mohou hr\u00e1t v\u00fdznamnou roli v procesu sni\u017eov\u00e1n\u00ed \u010detnosti a intenzity autismus z\u00e1chvat\u016f vzteku. Existuje n\u011bkolik zp\u016fsob\u016f, jak mohou terapeutick\u00e9 metody a l\u00e9ky pomoci pacient\u016fm s autismem.<\/p>\n<p>1. Behavior\u00e1ln\u00ed terapie<\/p>\n<p>Behavior\u00e1ln\u00ed terapie je jednou z nej\u010dast\u011bji pou\u017e\u00edvan\u00fdch metod p\u0159i l\u00e9\u010db\u011b autismu. Tato terapie se zam\u011b\u0159uje na zm\u011bnu ne\u017e\u00e1douc\u00ed<\/p>\n<\/div>\n<\/div>\n","protected":false},"excerpt":{"rendered":"<p>Co jsou autismus z\u00e1chvaty vzteku a jak se projevuj\u00ed? Autismus je neurov\u00fdvojov\u00e1 porucha, kter\u00e1 ovliv\ufffd\ufffduje soci\u00e1ln\u00ed interakce, komunikaci a chov\u00e1n\u00ed jedince. Jedn\u00edm z charakteristick\u00fdch projev\u016f&#8230;<\/p>\n","protected":false},"author":1,"featured_media":2958,"comment_status":"","ping_status":"open","sticky":false,"template":"","format":"standard","meta":{"inline_featured_image":false},"categories":[849],"tags":[],"yoast_head":"<!-- This site is optimized with the Yoast SEO plugin v18.1 - https:\/\/yoast.com\/wordpress\/plugins\/seo\/ -->\n<title>Autismus z\u00e1chvaty vzteku - Test Mysli<\/title>\n<meta name=\"robots\" content=\"index, follow, max-snippet:-1, max-image-preview:large, max-video-preview:-1\" \/>\n<link rel=\"canonical\" href=\"https:\/\/www.diagnostika-mysli.cz\/blog\/autismus\/autismus-zachvaty-vzteku\/\" \/>\n<meta property=\"og:locale\" content=\"cs_CZ\" \/>\n<meta property=\"og:type\" content=\"article\" \/>\n<meta property=\"og:title\" content=\"Autismus z\u00e1chvaty vzteku - Test Mysli\" \/>\n<meta property=\"og:description\" content=\"Co jsou autismus z\u00e1chvaty vzteku a jak se projevuj\u00ed? Autismus je neurov\u00fdvojov\u00e1 porucha, kter\u00e1 ovliv\ufffd\ufffduje soci\u00e1ln\u00ed interakce, komunikaci a chov\u00e1n\u00ed jedince. Jedn\u00edm z charakteristick\u00fdch projev\u016f...\" \/>\n<meta property=\"og:url\" content=\"https:\/\/www.diagnostika-mysli.cz\/blog\/autismus\/autismus-zachvaty-vzteku\/\" \/>\n<meta property=\"og:site_name\" content=\"Test Mysli\" \/>\n<meta property=\"article:published_time\" content=\"2025-02-11T03:25:22+00:00\" \/>\n<meta name=\"twitter:card\" content=\"summary_large_image\" \/>\n<meta name=\"twitter:label1\" content=\"Napsal(a)\" \/>\n\t<meta name=\"twitter:data1\" content=\"Test Mysli\" \/>\n\t<meta name=\"twitter:label2\" content=\"Odhadovan\u00e1 doba \u010dten\u00ed\" \/>\n\t<meta name=\"twitter:data2\" content=\"3 minuty\" \/>\n<script type=\"application\/ld+json\" class=\"yoast-schema-graph\">{\"@context\":\"https:\/\/schema.org\",\"@graph\":[{\"@type\":\"WebSite\",\"@id\":\"https:\/\/www.diagnostika-mysli.cz\/blog\/#website\",\"url\":\"https:\/\/www.diagnostika-mysli.cz\/blog\/\",\"name\":\"Test Mysli\",\"description\":\"Blog o poruch\u00e1ch mysli\",\"potentialAction\":[{\"@type\":\"SearchAction\",\"target\":{\"@type\":\"EntryPoint\",\"urlTemplate\":\"https:\/\/www.diagnostika-mysli.cz\/blog\/?s={search_term_string}\"},\"query-input\":\"required name=search_term_string\"}],\"inLanguage\":\"cs\"},{\"@type\":\"ImageObject\",\"@id\":\"https:\/\/www.diagnostika-mysli.cz\/blog\/autismus\/autismus-zachvaty-vzteku\/#primaryimage\",\"inLanguage\":\"cs\",\"url\":\"https:\/\/www.diagnostika-mysli.cz\/blog\/wp-content\/uploads\/2025\/02\/image-21.png\",\"contentUrl\":\"https:\/\/www.diagnostika-mysli.cz\/blog\/wp-content\/uploads\/2025\/02\/image-21.png\",\"width\":256,\"height\":256},{\"@type\":\"WebPage\",\"@id\":\"https:\/\/www.diagnostika-mysli.cz\/blog\/autismus\/autismus-zachvaty-vzteku\/#webpage\",\"url\":\"https:\/\/www.diagnostika-mysli.cz\/blog\/autismus\/autismus-zachvaty-vzteku\/\",\"name\":\"Autismus z\u00e1chvaty vzteku - Test Mysli\",\"isPartOf\":{\"@id\":\"https:\/\/www.diagnostika-mysli.cz\/blog\/#website\"},\"primaryImageOfPage\":{\"@id\":\"https:\/\/www.diagnostika-mysli.cz\/blog\/autismus\/autismus-zachvaty-vzteku\/#primaryimage\"},\"datePublished\":\"2025-02-11T03:25:22+00:00\",\"dateModified\":\"2025-02-11T03:25:22+00:00\",\"author\":{\"@id\":\"https:\/\/www.diagnostika-mysli.cz\/blog\/#\/schema\/person\/8eb1bcaf59fea75c780c11946f4e3490\"},\"breadcrumb\":{\"@id\":\"https:\/\/www.diagnostika-mysli.cz\/blog\/autismus\/autismus-zachvaty-vzteku\/#breadcrumb\"},\"inLanguage\":\"cs\",\"potentialAction\":[{\"@type\":\"ReadAction\",\"target\":[\"https:\/\/www.diagnostika-mysli.cz\/blog\/autismus\/autismus-zachvaty-vzteku\/\"]}]},{\"@type\":\"BreadcrumbList\",\"@id\":\"https:\/\/www.diagnostika-mysli.cz\/blog\/autismus\/autismus-zachvaty-vzteku\/#breadcrumb\",\"itemListElement\":[{\"@type\":\"ListItem\",\"position\":1,\"name\":\"Blog\",\"item\":\"https:\/\/www.diagnostika-mysli.cz\/blog\/\"},{\"@type\":\"ListItem\",\"position\":2,\"name\":\"Autismus\",\"item\":\"https:\/\/www.diagnostika-mysli.cz\/blog\/autismus\/\"},{\"@type\":\"ListItem\",\"position\":3,\"name\":\"Autismus z\u00e1chvaty vzteku\"}]},{\"@type\":\"Person\",\"@id\":\"https:\/\/www.diagnostika-mysli.cz\/blog\/#\/schema\/person\/8eb1bcaf59fea75c780c11946f4e3490\",\"name\":\"Test Mysli\",\"image\":{\"@type\":\"ImageObject\",\"@id\":\"https:\/\/www.diagnostika-mysli.cz\/blog\/#personlogo\",\"inLanguage\":\"cs\",\"url\":\"https:\/\/secure.gravatar.com\/avatar\/6743211f010801ea26aa9423a2daab37?s=96&d=mm&r=g\",\"contentUrl\":\"https:\/\/secure.gravatar.com\/avatar\/6743211f010801ea26aa9423a2daab37?s=96&d=mm&r=g\",\"caption\":\"Test Mysli\"},\"sameAs\":[\"https:\/\/www.diagnostika-mysli.cz\/blog\"],\"url\":\"https:\/\/www.diagnostika-mysli.cz\/blog\/author\/diagnostyka-umyslu\/\"}]}<\/script>\n<!-- \/ Yoast SEO plugin. -->","yoast_head_json":{"title":"Autismus z\u00e1chvaty vzteku - Test Mysli","robots":{"index":"index","follow":"follow","max-snippet":"max-snippet:-1","max-image-preview":"max-image-preview:large","max-video-preview":"max-video-preview:-1"},"canonical":"https:\/\/www.diagnostika-mysli.cz\/blog\/autismus\/autismus-zachvaty-vzteku\/","og_locale":"cs_CZ","og_type":"article","og_title":"Autismus z\u00e1chvaty vzteku - Test Mysli","og_description":"Co jsou autismus z\u00e1chvaty vzteku a jak se projevuj\u00ed? Autismus je neurov\u00fdvojov\u00e1 porucha, kter\u00e1 ovliv\ufffd\ufffduje soci\u00e1ln\u00ed interakce, komunikaci a chov\u00e1n\u00ed jedince. Jedn\u00edm z charakteristick\u00fdch projev\u016f...","og_url":"https:\/\/www.diagnostika-mysli.cz\/blog\/autismus\/autismus-zachvaty-vzteku\/","og_site_name":"Test Mysli","article_published_time":"2025-02-11T03:25:22+00:00","twitter_card":"summary_large_image","twitter_misc":{"Napsal(a)":"Test Mysli","Odhadovan\u00e1 doba \u010dten\u00ed":"3 minuty"},"schema":{"@context":"https:\/\/schema.org","@graph":[{"@type":"WebSite","@id":"https:\/\/www.diagnostika-mysli.cz\/blog\/#website","url":"https:\/\/www.diagnostika-mysli.cz\/blog\/","name":"Test Mysli","description":"Blog o poruch\u00e1ch mysli","potentialAction":[{"@type":"SearchAction","target":{"@type":"EntryPoint","urlTemplate":"https:\/\/www.diagnostika-mysli.cz\/blog\/?s={search_term_string}"},"query-input":"required name=search_term_string"}],"inLanguage":"cs"},{"@type":"ImageObject","@id":"https:\/\/www.diagnostika-mysli.cz\/blog\/autismus\/autismus-zachvaty-vzteku\/#primaryimage","inLanguage":"cs","url":"https:\/\/www.diagnostika-mysli.cz\/blog\/wp-content\/uploads\/2025\/02\/image-21.png","contentUrl":"https:\/\/www.diagnostika-mysli.cz\/blog\/wp-content\/uploads\/2025\/02\/image-21.png","width":256,"height":256},{"@type":"WebPage","@id":"https:\/\/www.diagnostika-mysli.cz\/blog\/autismus\/autismus-zachvaty-vzteku\/#webpage","url":"https:\/\/www.diagnostika-mysli.cz\/blog\/autismus\/autismus-zachvaty-vzteku\/","name":"Autismus z\u00e1chvaty vzteku - Test Mysli","isPartOf":{"@id":"https:\/\/www.diagnostika-mysli.cz\/blog\/#website"},"primaryImageOfPage":{"@id":"https:\/\/www.diagnostika-mysli.cz\/blog\/autismus\/autismus-zachvaty-vzteku\/#primaryimage"},"datePublished":"2025-02-11T03:25:22+00:00","dateModified":"2025-02-11T03:25:22+00:00","author":{"@id":"https:\/\/www.diagnostika-mysli.cz\/blog\/#\/schema\/person\/8eb1bcaf59fea75c780c11946f4e3490"},"breadcrumb":{"@id":"https:\/\/www.diagnostika-mysli.cz\/blog\/autismus\/autismus-zachvaty-vzteku\/#breadcrumb"},"inLanguage":"cs","potentialAction":[{"@type":"ReadAction","target":["https:\/\/www.diagnostika-mysli.cz\/blog\/autismus\/autismus-zachvaty-vzteku\/"]}]},{"@type":"BreadcrumbList","@id":"https:\/\/www.diagnostika-mysli.cz\/blog\/autismus\/autismus-zachvaty-vzteku\/#breadcrumb","itemListElement":[{"@type":"ListItem","position":1,"name":"Blog","item":"https:\/\/www.diagnostika-mysli.cz\/blog\/"},{"@type":"ListItem","position":2,"name":"Autismus","item":"https:\/\/www.diagnostika-mysli.cz\/blog\/autismus\/"},{"@type":"ListItem","position":3,"name":"Autismus z\u00e1chvaty vzteku"}]},{"@type":"Person","@id":"https:\/\/www.diagnostika-mysli.cz\/blog\/#\/schema\/person\/8eb1bcaf59fea75c780c11946f4e3490","name":"Test Mysli","image":{"@type":"ImageObject","@id":"https:\/\/www.diagnostika-mysli.cz\/blog\/#personlogo","inLanguage":"cs","url":"https:\/\/secure.gravatar.com\/avatar\/6743211f010801ea26aa9423a2daab37?s=96&d=mm&r=g","contentUrl":"https:\/\/secure.gravatar.com\/avatar\/6743211f010801ea26aa9423a2daab37?s=96&d=mm&r=g","caption":"Test Mysli"},"sameAs":["https:\/\/www.diagnostika-mysli.cz\/blog"],"url":"https:\/\/www.diagnostika-mysli.cz\/blog\/author\/diagnostyka-umyslu\/"}]}},"amp_enabled":true,"_links":{"self":[{"href":"https:\/\/www.diagnostika-mysli.cz\/blog\/wp-json\/wp\/v2\/posts\/2957"}],"collection":[{"href":"https:\/\/www.diagnostika-mysli.cz\/blog\/wp-json\/wp\/v2\/posts"}],"about":[{"href":"https:\/\/www.diagnostika-mysli.cz\/blog\/wp-json\/wp\/v2\/types\/post"}],"author":[{"embeddable":true,"href":"https:\/\/www.diagnostika-mysli.cz\/blog\/wp-json\/wp\/v2\/users\/1"}],"replies":[{"embeddable":true,"href":"https:\/\/www.diagnostika-mysli.cz\/blog\/wp-json\/wp\/v2\/comments?post=2957"}],"version-history":[{"count":0,"href":"https:\/\/www.diagnostika-mysli.cz\/blog\/wp-json\/wp\/v2\/posts\/2957\/revisions"}],"wp:featuredmedia":[{"embeddable":true,"href":"https:\/\/www.diagnostika-mysli.cz\/blog\/wp-json\/wp\/v2\/media\/2958"}],"wp:attachment":[{"href":"https:\/\/www.diagnostika-mysli.cz\/blog\/wp-json\/wp\/v2\/media?parent=2957"}],"wp:term":[{"taxonomy":"category","embeddable":true,"href":"https:\/\/www.diagnostika-mysli.cz\/blog\/wp-json\/wp\/v2\/categories?post=2957"},{"taxonomy":"post_tag","embeddable":true,"href":"https:\/\/www.diagnostika-mysli.cz\/blog\/wp-json\/wp\/v2\/tags?post=2957"}],"curies":[{"name":"wp","href":"https:\/\/api.w.org\/{rel}","templated":true}]}}