{"id":2969,"date":"2025-02-13T04:25:24","date_gmt":"2025-02-13T03:25:24","guid":{"rendered":"https:\/\/www.diagnostika-mysli.cz\/blog\/autismus\/autismus-v-dospelosti\/"},"modified":"2025-02-13T10:55:33","modified_gmt":"2025-02-13T09:55:33","slug":"autismus-v-dospelosti","status":"publish","type":"post","link":"https:\/\/www.diagnostika-mysli.cz\/blog\/autismus\/autismus-v-dospelosti\/","title":{"rendered":"Autismus v dosp\u011blosti"},"content":{"rendered":"<div class=\"topics\">\n<div class=\"topic\">\n<h2>Diagnostika autismu u dosp\u011bl\u00fdch<\/h2>\n<p>Autismus je neurov\u00fdvojov\u00e9 onemocn\u011bn\u00ed, kter\u00e9 se projevuje poruchou soci\u00e1ln\u00ed interakce, komunikace a omezen\u00fdmi z\u00e1jmy a aktivitami. V minulosti byla tato porucha pova\u017eov\u00e1na pouze za d\u011btsk\u00e9 onemocn\u011bn\u00ed, ale v posledn\u00edch letech se st\u00e1le v\u00edce hovo\u0159\u00ed o autismu u dosp\u011bl\u00fdch. Diagnostika autismu u dosp\u011bl\u00fdch je v\u0161ak slo\u017eit\u011bj\u0161\u00ed ne\u017e u d\u011bt\u00ed, proto\u017ee p\u0159\u00edznaky mohou b\u00fdt m\u00e9n\u011b z\u0159eteln\u00e9 a mohou b\u00fdt zam\u011b\ufffd\ufffdov\u00e1ny s jin\u00fdmi poruchami.<\/p>\n<p>Hlavn\u00ed p\u0159\u00edznaky autismu u dosp\u011bl\u00fdch jsou podobn\u00e9 jako u d\u011bt\u00ed, ale mohou se projevovat odli\u0161n\u00fdm zp\u016fsobem. Mezi tyto p\u0159\u00edznaky pat\u0159\u00ed probl\u00e9my s komunikac\u00ed a soci\u00e1ln\u00ed interakc\u00ed, opakuj\u00edc\u00ed se chov\u00e1n\u00ed a omezen\u00e9 z\u00e1jmy. Dosp\u011bl\u00ed jedinci s autismem mohou m\u00edt tak\u00e9 probl\u00e9my<\/p>\n<\/div>\n<div class=\"topic\">\n<h2>Vzd\u011bl\u00e1v\u00e1n\u00ed a zam\u011bstn\u00e1v\u00e1n\u00ed dosp\u011bl\u00fdch s autismem<\/h2>\n<p>Vzd\u011bl\u00e1v\u00e1n\u00ed a zam\u011bstn\u00e1v\u00e1n\u00ed dosp\u011bl\u00fdch s autismem je t\u00e9ma, kter\u00e9 je st\u00e1le v\u00edce diskutovan\u00e9 a d\u016fle\u017eit\u00e9 v dne\u0161n\u00ed spole\u010dnosti. Autismus je neurov\u00fdvojov\u00e9 posti\u017een\u00ed, kter\u00e9 ovliv\ufffd\ufffduje komunikaci, soci\u00e1ln\u00ed interakci a chov\u00e1n\u00ed jedince. V\u011bt\u0161ina lid\u00ed s autismem se setk\u00e1v\u00e1 s v\u00fdzvami v oblasti vzd\u011bl\u00e1v\u00e1n\u00ed a zam\u011bstn\u00e1v\u00e1n\u00ed, ale s vhodnou podporou a p\u0159\u00edstupem mohou b\u00fdt \u00fasp\u011b\u0161n\u00ed v pracovn\u00edm \u017eivot\u011b.<\/p>\n<p>Vzd\u011bl\u00e1v\u00e1n\u00ed dosp\u011bl\u00fdch s autismem je kl\u00ed\u010dov\u00e9 pro jejich \u00fasp\u011b\u0161n\u00e9 za\u010dlen\u011bn\u00ed do pracovn\u00edho prost\u0159ed\u00ed. Existuje n\u011bkolik mo\u017enost\u00ed vzd\u011bl\u00e1v\u00e1n\u00ed, kter\u00e9 mohou b\u00fdt p\u0159izp\u016fsobeny pot\u0159eb\u00e1m jednotlivce s autismem. Jednou z mo\u017enost\u00ed je speci\u00e1ln\u00ed vzd\u011bl\u00e1vac\u00ed program, kter\u00fd se zam\u011b\u0159uje na rozvoj komunika\u010dn\u00edch a soci<\/p>\n<\/div>\n<div class=\"topic\">\n<h2>Soci\u00e1ln\u00ed interakce a vztahy u dosp\u011bl\u00fdch s autismem<\/h2>\n<p>Autismus je neurov\u00fdvojov\u00e1 porucha, kter\u00e1 se projevuje p\u0159edev\u0161\u00edm v oblasti soci\u00e1ln\u00ed interakce a komunikace. Jedinci s touto poruchou maj\u00ed \u010dasto probl\u00e9my s navazov\u00e1n\u00edm a udr\u017eov\u00e1n\u00edm soci\u00e1ln\u00edch vztah\u016f, co\u017e m\u016f\u017ee b\u00fdt pro n\u011b velmi n\u00e1ro\u010dn\u00e9 a frustruj\u00edc\u00ed. V tomto \u010dl\u00e1nku se zam\u011b\u0159\u00edme na soci\u00e1ln\u00ed interakce a vztahy u dosp\u011bl\u00fdch s autismem a na to, jak m\u016f\u017ee b\u00fdt tato oblast podpo\u0159ena.<\/p>\n<p>Autismus m\u016f\u017ee m\u00edt r\u016fzn\u00e9 formy a projevy, a proto se m\u016f\u017ee li\u0161it i vliv na schopnost navazovat a udr\u017eovat soci\u00e1ln\u00ed vztahy u jednotliv\u00fdch dosp\u011bl\u00fdch jedinc\u016f. N\u011bkte\u0159\u00ed jedinci s autismem mohou m\u00edt probl\u00e9my s porozum\u011bn\u00edm soci\u00e1ln\u00edch norem a pravidel, co\u017e m\u016f\u017ee v\u00e9st k nedorozum\u011bn\u00edm a konflikt\u016fm v komunikaci s ostatn\u00edmi. Dal\u0161\u00ed mohou m\u00edt pot\u00ed\u017ee s em<\/p>\n<\/div>\n<div class=\"topic\">\n<h2>Terapie a podpora pro dosp\u011bl\u00e9 s autismem<\/h2>\n<p>Autismus je neurov\u00fdvojov\u00e9 onemocn\u011bn\u00ed, kter\u00e9 ovliv\ufffd\ufffduje soci\u00e1ln\u00ed interakce, komunikaci a chov\u00e1n\u00ed jedince. A\u010dkoli se \u010dasto spojuje s d\u011btstv\u00edm, autismus m\u016f\u017ee trvat po cel\u00fd \u017eivot a m\u016f\u017ee ovlivnit dosp\u011bl\u00e9 osoby stejn\u011b jako d\u011bti. Pro dosp\u011bl\u00e9 s autismem m\u016f\u017ee b\u00fdt obt\u00ed\u017en\u00e9 naj\u00edt vhodnou terapii a podporu, kter\u00e1 by jim pomohla zlep\u0161it jejich kvalitu \u017eivota a nez\u00e1vislost. Nicm\u00e9n\u011b existuje n\u011bkolik mo\u017enost\u00ed terapie a podpory, kter\u00e9 mohou b\u00fdt pro dosp\u011bl\u00e9 s autismem velmi u\u017eite\u010dn\u00e9.<\/p>\n<p>Jednou z mo\u017enost\u00ed terapie pro dosp\u011bl\u00e9 s autismem je behavior\u00e1ln\u00ed terapie. Tato terapie se zam\u011b\u0159uje na zm\u011bnu ne\u017e\u00e1douc\u00edho chov\u00e1n\u00ed a u\u010den\u00ed nov\u00fdch dovednost\u00ed. Behavior\u00e1ln\u00ed terapie m\u016f\u017ee b\u00fdt individu\u00e1ln\u00ed nebo skupinov\u00e1 a m\u016f\u017ee b\u00fdt prov\u00e1d\u011bna v r\u00e1mci klin<\/p>\n<\/div>\n<\/div>\n","protected":false},"excerpt":{"rendered":"<p>Diagnostika autismu u dosp\u011bl\u00fdch Autismus je neurov\u00fdvojov\u00e9 onemocn\u011bn\u00ed, kter\u00e9 se projevuje poruchou soci\u00e1ln\u00ed interakce, komunikace a omezen\u00fdmi z\u00e1jmy a aktivitami. V minulosti byla tato porucha&#8230;<\/p>\n","protected":false},"author":1,"featured_media":2970,"comment_status":"closed","ping_status":"open","sticky":false,"template":"","format":"standard","meta":{"inline_featured_image":false},"categories":[849],"tags":[],"yoast_head":"<!-- This site is optimized with the Yoast SEO plugin v18.1 - https:\/\/yoast.com\/wordpress\/plugins\/seo\/ -->\n<title>Autismus v dosp\u011blosti - Test Mysli<\/title>\n<meta name=\"robots\" content=\"index, follow, max-snippet:-1, max-image-preview:large, max-video-preview:-1\" \/>\n<link rel=\"canonical\" href=\"https:\/\/www.diagnostika-mysli.cz\/blog\/autismus\/autismus-v-dospelosti\/\" \/>\n<meta property=\"og:locale\" content=\"cs_CZ\" \/>\n<meta property=\"og:type\" content=\"article\" \/>\n<meta property=\"og:title\" content=\"Autismus v dosp\u011blosti - Test Mysli\" \/>\n<meta property=\"og:description\" content=\"Diagnostika autismu u dosp\u011bl\u00fdch Autismus je neurov\u00fdvojov\u00e9 onemocn\u011bn\u00ed, kter\u00e9 se projevuje poruchou soci\u00e1ln\u00ed interakce, komunikace a omezen\u00fdmi z\u00e1jmy a aktivitami. V minulosti byla tato porucha...\" \/>\n<meta property=\"og:url\" content=\"https:\/\/www.diagnostika-mysli.cz\/blog\/autismus\/autismus-v-dospelosti\/\" \/>\n<meta property=\"og:site_name\" content=\"Test Mysli\" \/>\n<meta property=\"article:published_time\" content=\"2025-02-13T03:25:24+00:00\" \/>\n<meta property=\"article:modified_time\" content=\"2025-02-13T09:55:33+00:00\" \/>\n<meta property=\"og:image\" content=\"https:\/\/www.diagnostika-mysli.cz\/blog\/wp-content\/uploads\/2025\/02\/image-25.png\" \/>\n\t<meta property=\"og:image:width\" content=\"256\" \/>\n\t<meta property=\"og:image:height\" content=\"256\" \/>\n\t<meta property=\"og:image:type\" content=\"image\/png\" \/>\n<meta name=\"twitter:card\" content=\"summary_large_image\" \/>\n<meta name=\"twitter:label1\" content=\"Napsal(a)\" \/>\n\t<meta name=\"twitter:data1\" content=\"Test Mysli\" \/>\n\t<meta name=\"twitter:label2\" content=\"Odhadovan\u00e1 doba \u010dten\u00ed\" \/>\n\t<meta name=\"twitter:data2\" content=\"3 minuty\" \/>\n<script type=\"application\/ld+json\" class=\"yoast-schema-graph\">{\"@context\":\"https:\/\/schema.org\",\"@graph\":[{\"@type\":\"WebSite\",\"@id\":\"https:\/\/www.diagnostika-mysli.cz\/blog\/#website\",\"url\":\"https:\/\/www.diagnostika-mysli.cz\/blog\/\",\"name\":\"Test Mysli\",\"description\":\"Blog o poruch\u00e1ch mysli\",\"potentialAction\":[{\"@type\":\"SearchAction\",\"target\":{\"@type\":\"EntryPoint\",\"urlTemplate\":\"https:\/\/www.diagnostika-mysli.cz\/blog\/?s={search_term_string}\"},\"query-input\":\"required name=search_term_string\"}],\"inLanguage\":\"cs\"},{\"@type\":\"ImageObject\",\"@id\":\"https:\/\/www.diagnostika-mysli.cz\/blog\/autismus\/autismus-v-dospelosti\/#primaryimage\",\"inLanguage\":\"cs\",\"url\":\"https:\/\/www.diagnostika-mysli.cz\/blog\/wp-content\/uploads\/2025\/02\/image-25.png\",\"contentUrl\":\"https:\/\/www.diagnostika-mysli.cz\/blog\/wp-content\/uploads\/2025\/02\/image-25.png\",\"width\":256,\"height\":256},{\"@type\":\"WebPage\",\"@id\":\"https:\/\/www.diagnostika-mysli.cz\/blog\/autismus\/autismus-v-dospelosti\/#webpage\",\"url\":\"https:\/\/www.diagnostika-mysli.cz\/blog\/autismus\/autismus-v-dospelosti\/\",\"name\":\"Autismus v dosp\u011blosti - Test Mysli\",\"isPartOf\":{\"@id\":\"https:\/\/www.diagnostika-mysli.cz\/blog\/#website\"},\"primaryImageOfPage\":{\"@id\":\"https:\/\/www.diagnostika-mysli.cz\/blog\/autismus\/autismus-v-dospelosti\/#primaryimage\"},\"datePublished\":\"2025-02-13T03:25:24+00:00\",\"dateModified\":\"2025-02-13T09:55:33+00:00\",\"author\":{\"@id\":\"https:\/\/www.diagnostika-mysli.cz\/blog\/#\/schema\/person\/8eb1bcaf59fea75c780c11946f4e3490\"},\"breadcrumb\":{\"@id\":\"https:\/\/www.diagnostika-mysli.cz\/blog\/autismus\/autismus-v-dospelosti\/#breadcrumb\"},\"inLanguage\":\"cs\",\"potentialAction\":[{\"@type\":\"ReadAction\",\"target\":[\"https:\/\/www.diagnostika-mysli.cz\/blog\/autismus\/autismus-v-dospelosti\/\"]}]},{\"@type\":\"BreadcrumbList\",\"@id\":\"https:\/\/www.diagnostika-mysli.cz\/blog\/autismus\/autismus-v-dospelosti\/#breadcrumb\",\"itemListElement\":[{\"@type\":\"ListItem\",\"position\":1,\"name\":\"Blog\",\"item\":\"https:\/\/www.diagnostika-mysli.cz\/blog\/\"},{\"@type\":\"ListItem\",\"position\":2,\"name\":\"Autismus\",\"item\":\"https:\/\/www.diagnostika-mysli.cz\/blog\/autismus\/\"},{\"@type\":\"ListItem\",\"position\":3,\"name\":\"Autismus v dosp\u011blosti\"}]},{\"@type\":\"Person\",\"@id\":\"https:\/\/www.diagnostika-mysli.cz\/blog\/#\/schema\/person\/8eb1bcaf59fea75c780c11946f4e3490\",\"name\":\"Test Mysli\",\"image\":{\"@type\":\"ImageObject\",\"@id\":\"https:\/\/www.diagnostika-mysli.cz\/blog\/#personlogo\",\"inLanguage\":\"cs\",\"url\":\"https:\/\/secure.gravatar.com\/avatar\/6743211f010801ea26aa9423a2daab37?s=96&d=mm&r=g\",\"contentUrl\":\"https:\/\/secure.gravatar.com\/avatar\/6743211f010801ea26aa9423a2daab37?s=96&d=mm&r=g\",\"caption\":\"Test Mysli\"},\"sameAs\":[\"https:\/\/www.diagnostika-mysli.cz\/blog\"],\"url\":\"https:\/\/www.diagnostika-mysli.cz\/blog\/author\/diagnostyka-umyslu\/\"}]}<\/script>\n<!-- \/ Yoast SEO plugin. -->","yoast_head_json":{"title":"Autismus v dosp\u011blosti - Test Mysli","robots":{"index":"index","follow":"follow","max-snippet":"max-snippet:-1","max-image-preview":"max-image-preview:large","max-video-preview":"max-video-preview:-1"},"canonical":"https:\/\/www.diagnostika-mysli.cz\/blog\/autismus\/autismus-v-dospelosti\/","og_locale":"cs_CZ","og_type":"article","og_title":"Autismus v dosp\u011blosti - Test Mysli","og_description":"Diagnostika autismu u dosp\u011bl\u00fdch Autismus je neurov\u00fdvojov\u00e9 onemocn\u011bn\u00ed, kter\u00e9 se projevuje poruchou soci\u00e1ln\u00ed interakce, komunikace a omezen\u00fdmi z\u00e1jmy a aktivitami. V minulosti byla tato porucha...","og_url":"https:\/\/www.diagnostika-mysli.cz\/blog\/autismus\/autismus-v-dospelosti\/","og_site_name":"Test Mysli","article_published_time":"2025-02-13T03:25:24+00:00","article_modified_time":"2025-02-13T09:55:33+00:00","og_image":[{"width":256,"height":256,"url":"https:\/\/www.diagnostika-mysli.cz\/blog\/wp-content\/uploads\/2025\/02\/image-25.png","type":"image\/png"}],"twitter_card":"summary_large_image","twitter_misc":{"Napsal(a)":"Test Mysli","Odhadovan\u00e1 doba \u010dten\u00ed":"3 minuty"},"schema":{"@context":"https:\/\/schema.org","@graph":[{"@type":"WebSite","@id":"https:\/\/www.diagnostika-mysli.cz\/blog\/#website","url":"https:\/\/www.diagnostika-mysli.cz\/blog\/","name":"Test Mysli","description":"Blog o poruch\u00e1ch mysli","potentialAction":[{"@type":"SearchAction","target":{"@type":"EntryPoint","urlTemplate":"https:\/\/www.diagnostika-mysli.cz\/blog\/?s={search_term_string}"},"query-input":"required name=search_term_string"}],"inLanguage":"cs"},{"@type":"ImageObject","@id":"https:\/\/www.diagnostika-mysli.cz\/blog\/autismus\/autismus-v-dospelosti\/#primaryimage","inLanguage":"cs","url":"https:\/\/www.diagnostika-mysli.cz\/blog\/wp-content\/uploads\/2025\/02\/image-25.png","contentUrl":"https:\/\/www.diagnostika-mysli.cz\/blog\/wp-content\/uploads\/2025\/02\/image-25.png","width":256,"height":256},{"@type":"WebPage","@id":"https:\/\/www.diagnostika-mysli.cz\/blog\/autismus\/autismus-v-dospelosti\/#webpage","url":"https:\/\/www.diagnostika-mysli.cz\/blog\/autismus\/autismus-v-dospelosti\/","name":"Autismus v dosp\u011blosti - Test Mysli","isPartOf":{"@id":"https:\/\/www.diagnostika-mysli.cz\/blog\/#website"},"primaryImageOfPage":{"@id":"https:\/\/www.diagnostika-mysli.cz\/blog\/autismus\/autismus-v-dospelosti\/#primaryimage"},"datePublished":"2025-02-13T03:25:24+00:00","dateModified":"2025-02-13T09:55:33+00:00","author":{"@id":"https:\/\/www.diagnostika-mysli.cz\/blog\/#\/schema\/person\/8eb1bcaf59fea75c780c11946f4e3490"},"breadcrumb":{"@id":"https:\/\/www.diagnostika-mysli.cz\/blog\/autismus\/autismus-v-dospelosti\/#breadcrumb"},"inLanguage":"cs","potentialAction":[{"@type":"ReadAction","target":["https:\/\/www.diagnostika-mysli.cz\/blog\/autismus\/autismus-v-dospelosti\/"]}]},{"@type":"BreadcrumbList","@id":"https:\/\/www.diagnostika-mysli.cz\/blog\/autismus\/autismus-v-dospelosti\/#breadcrumb","itemListElement":[{"@type":"ListItem","position":1,"name":"Blog","item":"https:\/\/www.diagnostika-mysli.cz\/blog\/"},{"@type":"ListItem","position":2,"name":"Autismus","item":"https:\/\/www.diagnostika-mysli.cz\/blog\/autismus\/"},{"@type":"ListItem","position":3,"name":"Autismus v dosp\u011blosti"}]},{"@type":"Person","@id":"https:\/\/www.diagnostika-mysli.cz\/blog\/#\/schema\/person\/8eb1bcaf59fea75c780c11946f4e3490","name":"Test Mysli","image":{"@type":"ImageObject","@id":"https:\/\/www.diagnostika-mysli.cz\/blog\/#personlogo","inLanguage":"cs","url":"https:\/\/secure.gravatar.com\/avatar\/6743211f010801ea26aa9423a2daab37?s=96&d=mm&r=g","contentUrl":"https:\/\/secure.gravatar.com\/avatar\/6743211f010801ea26aa9423a2daab37?s=96&d=mm&r=g","caption":"Test Mysli"},"sameAs":["https:\/\/www.diagnostika-mysli.cz\/blog"],"url":"https:\/\/www.diagnostika-mysli.cz\/blog\/author\/diagnostyka-umyslu\/"}]}},"amp_enabled":true,"_links":{"self":[{"href":"https:\/\/www.diagnostika-mysli.cz\/blog\/wp-json\/wp\/v2\/posts\/2969"}],"collection":[{"href":"https:\/\/www.diagnostika-mysli.cz\/blog\/wp-json\/wp\/v2\/posts"}],"about":[{"href":"https:\/\/www.diagnostika-mysli.cz\/blog\/wp-json\/wp\/v2\/types\/post"}],"author":[{"embeddable":true,"href":"https:\/\/www.diagnostika-mysli.cz\/blog\/wp-json\/wp\/v2\/users\/1"}],"replies":[{"embeddable":true,"href":"https:\/\/www.diagnostika-mysli.cz\/blog\/wp-json\/wp\/v2\/comments?post=2969"}],"version-history":[{"count":1,"href":"https:\/\/www.diagnostika-mysli.cz\/blog\/wp-json\/wp\/v2\/posts\/2969\/revisions"}],"predecessor-version":[{"id":2971,"href":"https:\/\/www.diagnostika-mysli.cz\/blog\/wp-json\/wp\/v2\/posts\/2969\/revisions\/2971"}],"wp:featuredmedia":[{"embeddable":true,"href":"https:\/\/www.diagnostika-mysli.cz\/blog\/wp-json\/wp\/v2\/media\/2970"}],"wp:attachment":[{"href":"https:\/\/www.diagnostika-mysli.cz\/blog\/wp-json\/wp\/v2\/media?parent=2969"}],"wp:term":[{"taxonomy":"category","embeddable":true,"href":"https:\/\/www.diagnostika-mysli.cz\/blog\/wp-json\/wp\/v2\/categories?post=2969"},{"taxonomy":"post_tag","embeddable":true,"href":"https:\/\/www.diagnostika-mysli.cz\/blog\/wp-json\/wp\/v2\/tags?post=2969"}],"curies":[{"name":"wp","href":"https:\/\/api.w.org\/{rel}","templated":true}]}}