{"id":2985,"date":"2025-02-16T04:25:34","date_gmt":"2025-02-16T03:25:34","guid":{"rendered":"https:\/\/www.diagnostika-mysli.cz\/blog\/autismus\/znaky-autismu\/"},"modified":"2025-02-17T11:06:28","modified_gmt":"2025-02-17T10:06:28","slug":"znaky-autismu","status":"publish","type":"post","link":"https:\/\/www.diagnostika-mysli.cz\/blog\/autismus\/znaky-autismu\/","title":{"rendered":"Znaky autismu"},"content":{"rendered":"<div class=\"topics\">\n<div class=\"topic\">\n<h2>Co jsou to znaky autismu a jak je rozpoznat?<\/h2>\n<p>Autismus je neurov\u00fdvojov\u00e1 porucha, kter\u00e1 ovliv\ufffd\ufffduje soci\u00e1ln\u00ed interakce, komunikaci a chov\u00e1n\u00ed jedince. Tato porucha se projevuje ji\u017e v ran\u00e9m d\u011btstv\u00ed a m\u016f\u017ee m\u00edt r\u016fzn\u00e9 formy a stupn\u011b z\u00e1va\u017enosti. Jedinci s autismem maj\u00ed \u010dasto probl\u00e9my s porozum\u011bn\u00edm soci\u00e1ln\u00edm n\u00e1vyk\u016fm a sign\u00e1l\u016fm, co\u017e m\u016f\u017ee v\u00e9st k obt\u00ed\u017e\u00edm v komunikaci a navazov\u00e1n\u00ed vztah\u016f s ostatn\u00edmi.<\/p>\n<p>Existuje n\u011bkolik hlavn\u00edch znak\u016f, kter\u00e9 jsou typick\u00e9 pro autismus a kter\u00e9 mohou pomoci p\u0159i jeho rozpozn\u00e1n\u00ed. Jedn\u00edm z nich je omezen\u00fd z\u00e1jem o soci\u00e1ln\u00ed interakce. D\u011bti s autismem se mohou vyh\u00fdbat o\u010dn\u00edmu kontaktu, nebo se zd\u00e1t nezaj\u00edmav\u00e9 o ostatn\u00ed lidi. Mohou tak\u00e9 m\u00edt probl\u00e9my s porozum\u011bn\u00edm emoc\u00edm a projevov\u00e1n\u00edm sv\u00fdch vlastn\u00edch emoc\u00ed.<\/p>\n<\/div>\n<div class=\"topic\">\n<h2>Autismus je neurov\u00fdvojov\u00e1 porucha, kter\u00e1 se projevuje v r\u016fzn\u00fdch form\u00e1ch a stupn\u00edch z\u00e1va\u017enosti<\/h2>\n<p>Autismus je neurov\u00fdvojov\u00e1 porucha, kter\u00e1 ovliv\ufffd\ufffduje chov\u00e1n\u00ed, komunikaci a soci\u00e1ln\u00ed interakci jedince. Tato porucha se projevuje v r\u016fzn\u00fdch form\u00e1ch a stupn\u00edch z\u00e1va\u017enosti, co\u017e znamen\u00e1, \u017ee ka\u017ed\u00fd jedinec s autismem m\u016f\u017ee m\u00edt odli\u0161n\u00e9 pot\u0159eby a projevy.<\/p>\n<p>Mezi hlavn\u00ed znaky autismu pat\u0159\u00ed probl\u00e9my s komunikac\u00ed a soci\u00e1ln\u00ed interakc\u00ed. D\u011bti s touto poruchou mohou m\u00edt probl\u00e9my s porozum\u011bn\u00edm verb\u00e1ln\u00edho i neverb\u00e1ln\u00edho komunika\u010dn\u00edho stylu. Mohou m\u00edt tak\u00e9 pot\u00ed\u017ee s vyjad\u0159ov\u00e1n\u00edm sv\u00fdch my\u0161lenek a pocit\u016f. V soci\u00e1ln\u00ed interakci mohou b\u00fdt d\u011bti s autismem neschopn\u00e9 navazovat p\u0159\u00e1telsk\u00e9 vztahy a mohou se vyh\u00fdbat o\u010dn\u00edmu kontaktu. M\u016f\u017ee se tak\u00e9 st\u00e1t, \u017ee se budou vyh\u00fdbat soci\u00e1ln\u00edm situac\u00edm a budou preferovat samotu.<\/p>\n<\/div>\n<div class=\"topic\">\n<p>\ufffd\ufffdesk\u00e1 kuchyn\u011b je jednou z nejstar\u0161\u00edch a nejbohat\u0161\u00edch kuchyn\u00ed v Evrop\u011b. Jej\u00ed ko\u0159eny sahaj\u00ed a\u017e do 9. stolet\u00ed, kdy se za\u010daly formovat prvn\u00ed tradi\u010dn\u00ed pokrmy. \ufffd\ufffdesk\u00e1 kuchyn\u011b je ovlivn\u011bna p\u0159edev\u0161\u00edm st\u0159edoevropskou kuchyn\u00ed, ale najdeme v n\u00ed i prvky z n\u011bmeck\u00e9, rakousk\u00e9, ma\ufffd\ufffdarsk\u00e9 a \u017eidovsk\u00e9 kuchyn\u011b.<\/p>\n<p>Hlavn\u00edmi surovinami \u010desk\u00e9 kuchyn\u011b jsou brambory, maso, zelenina, ml\u00e9\u010dn\u00e9 v\u00fdrobky a obiloviny. V\u011bt\u0161ina pokrm\u016f je pom\u011brn\u011b jednoduch\u00e1, ale velmi chutn\u00e1 a s vysokou v\u00fd\u017eivovou hodnotou. Mezi nejzn\u00e1m\u011bj\u0161\u00ed \u010desk\u00e9 speciality pat\u0159\u00ed vep\u0159ov\u00e1 pe\u010den\u011b s knedl\u00edky, gul\u00e1\u0161, sv\u00ed\u010dkov\u00e1 na smetan\u011b, brambor\u00e1ky, sma\u017een\u00fd s\u00fdr a tradi\u010dn\u00ed \u010desk<\/p>\n<\/div>\n<div class=\"topic\">\n<h2>Jak\u00e9 jsou mo\u017en\u00e9 p\u0159\u00ed\u010diny vzniku autismu?<\/h2>\n<p>Autismus je neurov\u00fdvojov\u00e1 porucha, kter\u00e1 se projevuje v\u00fdrazn\u00fdmi obt\u00ed\u017eemi v soci\u00e1ln\u00edm a komunika\u010dn\u00edm chov\u00e1n\u00ed, stereotypn\u00edmi vzorci chov\u00e1n\u00ed a omezen\u00fdmi z\u00e1jmy a aktivitami. P\u0159esn\u00e1 p\u0159\u00ed\u010dina vzniku autismu nen\u00ed zat\u00edm zn\u00e1ma, ale v\u011bdci se shoduj\u00ed, \u017ee se jedn\u00e1 o kombinaci genetick\u00fdch a environment\u00e1ln\u00edch faktor\u016f.<\/p>\n<p>Genetick\u00e9 faktory jsou pova\u017eov\u00e1ny za hlavn\u00ed p\u0159\u00ed\u010dinu autismu. Studie ukazuj\u00ed, \u017ee u jednovaje\u010dn\u00fdch dvoj\u010dat, kdy maj\u00ed oba jedinci stejn\u00fd genetick\u00fd materi\u00e1l, je v\u00fdskyt autismu u obou dvoj\u010dat vysok\u00fd. Z\u00e1rove\ufffd\ufffd se uk\u00e1zalo, \u017ee u rodin, kde ji\u017e m\u00e1 jeden \u010dlen autismus, je vy\u0161\u0161\u00ed pravd\u011bpodobnost, \u017ee se u dal\u0161\u00edch \u010dlen\u016f rodiny bude tato porucha vyskytovat. V sou\u010dasn\u00e9 dob\u011b se v\u011bdci zam\u011b\u0159uj\u00ed na identifikaci konkr\u00e9tn<\/p>\n<\/div>\n<div class=\"topic\">\n<h2>P\u0159esn\u00e9 p\u0159\u00ed\u010diny vzniku autismu nejsou zat\u00edm zn\u00e1my, ale v\u011bdci se shoduj\u00ed, \u017ee se jedn\u00e1 o kombinaci genetick\u00fdch a environment\u00e1ln\u00edch faktor\u016f<\/h2>\n<p>Autismus je neurov\u00fdvojov\u00e9 onemocn\u011bn\u00ed, kter\u00e9 se projevuje poruchou soci\u00e1ln\u00ed interakce, komunikace a chov\u00e1n\u00ed. P\u0159esn\u00e9 p\u0159\u00ed\u010diny vzniku tohoto onemocn\u011bn\u00ed nejsou zat\u00edm zn\u00e1my, ale v\u011bdci se shoduj\u00ed, \u017ee se jedn\u00e1 o kombinaci genetick\u00fdch a environment\u00e1ln\u00edch faktor\u016f.<\/p>\n<p>V\u00fdzkumy ukazuj\u00ed, \u017ee genetick\u00e1 predispozice hraje v\u00fdznamnou roli v rozvoji autismu. Studie proveden\u00e9 na jednovaje\u010dn\u00fdch dvoj\u010datech, kte\u0159\u00ed maj\u00ed stejn\u00fd genetick\u00fd materi\u00e1l, uk\u00e1zaly, \u017ee pokud m\u00e1 jeden z nich autismus, pravd\u011bpodobnost, \u017ee bude m\u00edt autismus i druh\u00fd, je velmi vysok\u00e1. To nazna\u010duje, \u017ee genetick\u00e9 faktory maj\u00ed vliv na vznik tohoto onemocn\u011bn\u00ed.<\/p>\n<p>Dal\u0161\u00edm d\u016fle\u017eit\u00fdm faktorem je prost\u0159ed\u00ed, ve kter\u00e9m se jedinec nach\u00e1z\u00ed.<\/p>\n<\/div>\n<\/div>\n","protected":false},"excerpt":{"rendered":"<p>Co jsou to znaky autismu a jak je rozpoznat? Autismus je neurov\u00fdvojov\u00e1 porucha, kter\u00e1 ovliv\ufffd\ufffduje soci\u00e1ln\u00ed interakce, komunikaci a chov\u00e1n\u00ed jedince. Tato porucha se projevuje&#8230;<\/p>\n","protected":false},"author":1,"featured_media":2996,"comment_status":"closed","ping_status":"open","sticky":false,"template":"","format":"standard","meta":{"inline_featured_image":false},"categories":[849],"tags":[],"yoast_head":"<!-- This site is optimized with the Yoast SEO plugin v18.1 - https:\/\/yoast.com\/wordpress\/plugins\/seo\/ -->\n<title>Znaky autismu - Test Mysli<\/title>\n<meta name=\"robots\" content=\"index, follow, max-snippet:-1, max-image-preview:large, max-video-preview:-1\" \/>\n<link rel=\"canonical\" href=\"https:\/\/www.diagnostika-mysli.cz\/blog\/autismus\/znaky-autismu\/\" \/>\n<meta property=\"og:locale\" content=\"cs_CZ\" \/>\n<meta property=\"og:type\" content=\"article\" \/>\n<meta property=\"og:title\" content=\"Znaky autismu - Test Mysli\" \/>\n<meta property=\"og:description\" content=\"Co jsou to znaky autismu a jak je rozpoznat? Autismus je neurov\u00fdvojov\u00e1 porucha, kter\u00e1 ovliv\ufffd\ufffduje soci\u00e1ln\u00ed interakce, komunikaci a chov\u00e1n\u00ed jedince. Tato porucha se projevuje...\" \/>\n<meta property=\"og:url\" content=\"https:\/\/www.diagnostika-mysli.cz\/blog\/autismus\/znaky-autismu\/\" \/>\n<meta property=\"og:site_name\" content=\"Test Mysli\" \/>\n<meta property=\"article:published_time\" content=\"2025-02-16T03:25:34+00:00\" \/>\n<meta property=\"article:modified_time\" content=\"2025-02-17T10:06:28+00:00\" \/>\n<meta name=\"twitter:card\" content=\"summary_large_image\" \/>\n<meta name=\"twitter:label1\" content=\"Napsal(a)\" \/>\n\t<meta name=\"twitter:data1\" content=\"Test Mysli\" \/>\n\t<meta name=\"twitter:label2\" content=\"Odhadovan\u00e1 doba \u010dten\u00ed\" \/>\n\t<meta name=\"twitter:data2\" content=\"3 minuty\" \/>\n<script type=\"application\/ld+json\" class=\"yoast-schema-graph\">{\"@context\":\"https:\/\/schema.org\",\"@graph\":[{\"@type\":\"WebSite\",\"@id\":\"https:\/\/www.diagnostika-mysli.cz\/blog\/#website\",\"url\":\"https:\/\/www.diagnostika-mysli.cz\/blog\/\",\"name\":\"Test Mysli\",\"description\":\"Blog o poruch\u00e1ch mysli\",\"potentialAction\":[{\"@type\":\"SearchAction\",\"target\":{\"@type\":\"EntryPoint\",\"urlTemplate\":\"https:\/\/www.diagnostika-mysli.cz\/blog\/?s={search_term_string}\"},\"query-input\":\"required name=search_term_string\"}],\"inLanguage\":\"cs\"},{\"@type\":\"ImageObject\",\"@id\":\"https:\/\/www.diagnostika-mysli.cz\/blog\/autismus\/znaky-autismu\/#primaryimage\",\"inLanguage\":\"cs\",\"url\":\"https:\/\/www.diagnostika-mysli.cz\/blog\/wp-content\/uploads\/2025\/02\/image-29.png\",\"contentUrl\":\"https:\/\/www.diagnostika-mysli.cz\/blog\/wp-content\/uploads\/2025\/02\/image-29.png\",\"width\":256,\"height\":256},{\"@type\":\"WebPage\",\"@id\":\"https:\/\/www.diagnostika-mysli.cz\/blog\/autismus\/znaky-autismu\/#webpage\",\"url\":\"https:\/\/www.diagnostika-mysli.cz\/blog\/autismus\/znaky-autismu\/\",\"name\":\"Znaky autismu - Test Mysli\",\"isPartOf\":{\"@id\":\"https:\/\/www.diagnostika-mysli.cz\/blog\/#website\"},\"primaryImageOfPage\":{\"@id\":\"https:\/\/www.diagnostika-mysli.cz\/blog\/autismus\/znaky-autismu\/#primaryimage\"},\"datePublished\":\"2025-02-16T03:25:34+00:00\",\"dateModified\":\"2025-02-17T10:06:28+00:00\",\"author\":{\"@id\":\"https:\/\/www.diagnostika-mysli.cz\/blog\/#\/schema\/person\/8eb1bcaf59fea75c780c11946f4e3490\"},\"breadcrumb\":{\"@id\":\"https:\/\/www.diagnostika-mysli.cz\/blog\/autismus\/znaky-autismu\/#breadcrumb\"},\"inLanguage\":\"cs\",\"potentialAction\":[{\"@type\":\"ReadAction\",\"target\":[\"https:\/\/www.diagnostika-mysli.cz\/blog\/autismus\/znaky-autismu\/\"]}]},{\"@type\":\"BreadcrumbList\",\"@id\":\"https:\/\/www.diagnostika-mysli.cz\/blog\/autismus\/znaky-autismu\/#breadcrumb\",\"itemListElement\":[{\"@type\":\"ListItem\",\"position\":1,\"name\":\"Blog\",\"item\":\"https:\/\/www.diagnostika-mysli.cz\/blog\/\"},{\"@type\":\"ListItem\",\"position\":2,\"name\":\"Autismus\",\"item\":\"https:\/\/www.diagnostika-mysli.cz\/blog\/autismus\/\"},{\"@type\":\"ListItem\",\"position\":3,\"name\":\"Znaky autismu\"}]},{\"@type\":\"Person\",\"@id\":\"https:\/\/www.diagnostika-mysli.cz\/blog\/#\/schema\/person\/8eb1bcaf59fea75c780c11946f4e3490\",\"name\":\"Test Mysli\",\"image\":{\"@type\":\"ImageObject\",\"@id\":\"https:\/\/www.diagnostika-mysli.cz\/blog\/#personlogo\",\"inLanguage\":\"cs\",\"url\":\"https:\/\/secure.gravatar.com\/avatar\/6743211f010801ea26aa9423a2daab37?s=96&d=mm&r=g\",\"contentUrl\":\"https:\/\/secure.gravatar.com\/avatar\/6743211f010801ea26aa9423a2daab37?s=96&d=mm&r=g\",\"caption\":\"Test Mysli\"},\"sameAs\":[\"https:\/\/www.diagnostika-mysli.cz\/blog\"],\"url\":\"https:\/\/www.diagnostika-mysli.cz\/blog\/author\/diagnostyka-umyslu\/\"}]}<\/script>\n<!-- \/ Yoast SEO plugin. -->","yoast_head_json":{"title":"Znaky autismu - Test Mysli","robots":{"index":"index","follow":"follow","max-snippet":"max-snippet:-1","max-image-preview":"max-image-preview:large","max-video-preview":"max-video-preview:-1"},"canonical":"https:\/\/www.diagnostika-mysli.cz\/blog\/autismus\/znaky-autismu\/","og_locale":"cs_CZ","og_type":"article","og_title":"Znaky autismu - Test Mysli","og_description":"Co jsou to znaky autismu a jak je rozpoznat? Autismus je neurov\u00fdvojov\u00e1 porucha, kter\u00e1 ovliv\ufffd\ufffduje soci\u00e1ln\u00ed interakce, komunikaci a chov\u00e1n\u00ed jedince. Tato porucha se projevuje...","og_url":"https:\/\/www.diagnostika-mysli.cz\/blog\/autismus\/znaky-autismu\/","og_site_name":"Test Mysli","article_published_time":"2025-02-16T03:25:34+00:00","article_modified_time":"2025-02-17T10:06:28+00:00","twitter_card":"summary_large_image","twitter_misc":{"Napsal(a)":"Test Mysli","Odhadovan\u00e1 doba \u010dten\u00ed":"3 minuty"},"schema":{"@context":"https:\/\/schema.org","@graph":[{"@type":"WebSite","@id":"https:\/\/www.diagnostika-mysli.cz\/blog\/#website","url":"https:\/\/www.diagnostika-mysli.cz\/blog\/","name":"Test Mysli","description":"Blog o poruch\u00e1ch mysli","potentialAction":[{"@type":"SearchAction","target":{"@type":"EntryPoint","urlTemplate":"https:\/\/www.diagnostika-mysli.cz\/blog\/?s={search_term_string}"},"query-input":"required name=search_term_string"}],"inLanguage":"cs"},{"@type":"ImageObject","@id":"https:\/\/www.diagnostika-mysli.cz\/blog\/autismus\/znaky-autismu\/#primaryimage","inLanguage":"cs","url":"https:\/\/www.diagnostika-mysli.cz\/blog\/wp-content\/uploads\/2025\/02\/image-29.png","contentUrl":"https:\/\/www.diagnostika-mysli.cz\/blog\/wp-content\/uploads\/2025\/02\/image-29.png","width":256,"height":256},{"@type":"WebPage","@id":"https:\/\/www.diagnostika-mysli.cz\/blog\/autismus\/znaky-autismu\/#webpage","url":"https:\/\/www.diagnostika-mysli.cz\/blog\/autismus\/znaky-autismu\/","name":"Znaky autismu - Test Mysli","isPartOf":{"@id":"https:\/\/www.diagnostika-mysli.cz\/blog\/#website"},"primaryImageOfPage":{"@id":"https:\/\/www.diagnostika-mysli.cz\/blog\/autismus\/znaky-autismu\/#primaryimage"},"datePublished":"2025-02-16T03:25:34+00:00","dateModified":"2025-02-17T10:06:28+00:00","author":{"@id":"https:\/\/www.diagnostika-mysli.cz\/blog\/#\/schema\/person\/8eb1bcaf59fea75c780c11946f4e3490"},"breadcrumb":{"@id":"https:\/\/www.diagnostika-mysli.cz\/blog\/autismus\/znaky-autismu\/#breadcrumb"},"inLanguage":"cs","potentialAction":[{"@type":"ReadAction","target":["https:\/\/www.diagnostika-mysli.cz\/blog\/autismus\/znaky-autismu\/"]}]},{"@type":"BreadcrumbList","@id":"https:\/\/www.diagnostika-mysli.cz\/blog\/autismus\/znaky-autismu\/#breadcrumb","itemListElement":[{"@type":"ListItem","position":1,"name":"Blog","item":"https:\/\/www.diagnostika-mysli.cz\/blog\/"},{"@type":"ListItem","position":2,"name":"Autismus","item":"https:\/\/www.diagnostika-mysli.cz\/blog\/autismus\/"},{"@type":"ListItem","position":3,"name":"Znaky autismu"}]},{"@type":"Person","@id":"https:\/\/www.diagnostika-mysli.cz\/blog\/#\/schema\/person\/8eb1bcaf59fea75c780c11946f4e3490","name":"Test Mysli","image":{"@type":"ImageObject","@id":"https:\/\/www.diagnostika-mysli.cz\/blog\/#personlogo","inLanguage":"cs","url":"https:\/\/secure.gravatar.com\/avatar\/6743211f010801ea26aa9423a2daab37?s=96&d=mm&r=g","contentUrl":"https:\/\/secure.gravatar.com\/avatar\/6743211f010801ea26aa9423a2daab37?s=96&d=mm&r=g","caption":"Test Mysli"},"sameAs":["https:\/\/www.diagnostika-mysli.cz\/blog"],"url":"https:\/\/www.diagnostika-mysli.cz\/blog\/author\/diagnostyka-umyslu\/"}]}},"amp_enabled":true,"_links":{"self":[{"href":"https:\/\/www.diagnostika-mysli.cz\/blog\/wp-json\/wp\/v2\/posts\/2985"}],"collection":[{"href":"https:\/\/www.diagnostika-mysli.cz\/blog\/wp-json\/wp\/v2\/posts"}],"about":[{"href":"https:\/\/www.diagnostika-mysli.cz\/blog\/wp-json\/wp\/v2\/types\/post"}],"author":[{"embeddable":true,"href":"https:\/\/www.diagnostika-mysli.cz\/blog\/wp-json\/wp\/v2\/users\/1"}],"replies":[{"embeddable":true,"href":"https:\/\/www.diagnostika-mysli.cz\/blog\/wp-json\/wp\/v2\/comments?post=2985"}],"version-history":[{"count":2,"href":"https:\/\/www.diagnostika-mysli.cz\/blog\/wp-json\/wp\/v2\/posts\/2985\/revisions"}],"predecessor-version":[{"id":2991,"href":"https:\/\/www.diagnostika-mysli.cz\/blog\/wp-json\/wp\/v2\/posts\/2985\/revisions\/2991"}],"wp:featuredmedia":[{"embeddable":true,"href":"https:\/\/www.diagnostika-mysli.cz\/blog\/wp-json\/wp\/v2\/media\/2996"}],"wp:attachment":[{"href":"https:\/\/www.diagnostika-mysli.cz\/blog\/wp-json\/wp\/v2\/media?parent=2985"}],"wp:term":[{"taxonomy":"category","embeddable":true,"href":"https:\/\/www.diagnostika-mysli.cz\/blog\/wp-json\/wp\/v2\/categories?post=2985"},{"taxonomy":"post_tag","embeddable":true,"href":"https:\/\/www.diagnostika-mysli.cz\/blog\/wp-json\/wp\/v2\/tags?post=2985"}],"curies":[{"name":"wp","href":"https:\/\/api.w.org\/{rel}","templated":true}]}}