{"id":2987,"date":"2025-02-17T04:25:26","date_gmt":"2025-02-17T03:25:26","guid":{"rendered":"https:\/\/www.diagnostika-mysli.cz\/blog\/autismus\/aspergeruv-syndrom-u-dospelych-zen\/"},"modified":"2025-02-17T04:25:26","modified_gmt":"2025-02-17T03:25:26","slug":"aspergeruv-syndrom-u-dospelych-zen","status":"publish","type":"post","link":"https:\/\/www.diagnostika-mysli.cz\/blog\/autismus\/aspergeruv-syndrom-u-dospelych-zen\/","title":{"rendered":"Asperger\u016fv syndrom u dosp\u011bl\u00fdch \u017een"},"content":{"rendered":"<div class='topics'>\n<div class='topic'>\n<h2>Co je Asperger\u016fv syndrom a jak se projevuje u dosp\u011bl\u00fdch \u017een?<\/h2>\n<p>Asperger\u016fv syndrom je neurov\u00fdvojov\u00e9 onemocn\u011bn\u00ed, kter\u00e9 se projevuje p\u0159edev\u0161\u00edm v soci\u00e1ln\u00edch interakc\u00edch a komunikaci. Jedn\u00e1 se o formu autismu, kter\u00e1 se vyzna\u010duje p\u0159edev\u0161\u00edm vysokou inteligenc\u00ed a schopnost\u00ed u\u010den\u00ed. Toto onemocn\u011bn\u00ed bylo pojmenov\u00e1no po rakousk\u00e9m l\u00e9ka\u0159i Hanse Aspergera, kter\u00fd jej poprv\u00e9 popsal v roce 1944.<\/p>\n<p>U dosp\u011bl\u00fdch \u017een se Asperger\u016fv syndrom projevuje r\u016fzn\u00fdmi zp\u016fsoby, ale obecn\u011b maj\u00ed tyto \u017eeny probl\u00e9my s porozum\u011bn\u00edm soci\u00e1ln\u00edm n\u00e1vyk\u016fm a nesn\u00e1\u0161ej\u00ed zm\u011bny v rutin\u011b. Mohou m\u00edt tak\u00e9 probl\u00e9my s empati\u00ed a porozum\u011bn\u00edm emoc\u00edm druh\u00fdch lid\u00ed. To m\u016f\u017ee v\u00e9st k obt\u00ed\u017e\u00edm v navazov\u00e1n\u00ed a udr\u017eov\u00e1n\u00ed vztah\u016f.<\/p>\n<p>Dal\u0161\u00edm projevem Aspergerova syndromu u dosp\u011bl\u00fdch \u017een m\u016f\u017ee b\u00fdt nadm\u011brn\u00e1 cit<\/p>\n<\/div>\n<div class='topic'>\n<h2>Jak\u00e9 jsou mo\u017en\u00e9 p\u0159\u00ed\u010diny a diagnostika Aspergerova syndromu u dosp\u011bl\u00fdch \u017een?<\/h2>\n<p>Asperger\u016fv syndrom je neurov\u00fdvojov\u00e9 onemocn\u011bn\u00ed, kter\u00e9 se projevuje poruchou soci\u00e1ln\u00ed interakce, komunikace a omezen\u00fdmi z\u00e1jmy a aktivitami. Toto onemocn\u011bn\u00ed je \u010dasto spojov\u00e1no s d\u011btstv\u00edm, ale m\u016f\u017ee se projevovat i u dosp\u011bl\u00fdch. U \u017een je v\u0161ak diagnostikov\u00e1no m\u00e9n\u011b \u010dasto ne\u017e u mu\u017e\u016f, co\u017e m\u016f\u017ee b\u00fdt zp\u016fsobeno r\u016fzn\u00fdmi faktory.<\/p>\n<p>Existuje n\u011bkolik mo\u017en\u00fdch p\u0159\u00ed\u010din Aspergerova syndromu u dosp\u011bl\u00fdch \u017een. Jednou z nich m\u016f\u017ee b\u00fdt genetick\u00e1 predispozice. V\u011bdci zjistili, \u017ee u rodin, kde m\u00e1 n\u011bkdo Asperger\u016fv syndrom, je vy\u0161\u0161\u00ed pravd\u011bpodobnost, \u017ee se u n\u011bkoho dal\u0161\u00edho v rodin\u011b tento syndrom projev\u00ed. Dal\u0161\u00edm faktorem m\u016f\u017ee b\u00fdt prost\u0159ed\u00ed, ve kter\u00e9m se \u017eena vyv\u00edjela. Pokud byla v d\u011btstv\u00ed vystaven<\/p>\n<\/div>\n<div class='topic'>\n<h2>Jak mohou b\u00fdt \u017eeny s Aspergerov\u00fdm syndromem ovlivn\u011bny v osobn\u00edm a pracovn\u00edm \u017eivot\u011b?<\/h2>\n<p>Asperger\u016fv syndrom je neurov\u00fdvojov\u00e9 onemocn\u011bn\u00ed, kter\u00e9 se projevuje p\u0159edev\u0161\u00edm obt\u00ed\u017eemi v soci\u00e1ln\u00edch interakc\u00edch a komunikaci. Toto onemocn\u011bn\u00ed postihuje p\u0159edev\u0161\u00edm mu\u017ee, ale m\u016f\u017ee se vyskytnout i u \u017een. \ufffd\ufffdeny s Aspergerov\u00fdm syndromem se \u010dasto pot\u00fdkaj\u00ed s mnoha v\u00fdzvami v osobn\u00edm i pracovn\u00edm \u017eivot\u011b, kter\u00e9 jsou zp\u016fsobeny jejich odli\u0161n\u00fdm vn\u00edm\u00e1n\u00edm sv\u011bta a soci\u00e1ln\u00edmi obt\u00ed\u017eemi.<\/p>\n<p>V osobn\u00edm \u017eivot\u011b mohou b\u00fdt \u017eeny s Aspergerov\u00fdm syndromem ovlivn\u011bny p\u0159edev\u0161\u00edm v oblasti vztah\u016f a komunikace. Jednou z charakteristik tohoto onemocn\u011bn\u00ed je obt\u00ed\u017enost v porozum\u011bn\u00ed neverb\u00e1ln\u00edm sign\u00e1l\u016fm a soci\u00e1ln\u00edm n\u00e1vyk\u016fm. To m\u016f\u017ee v\u00e9st k probl\u00e9m\u016fm v navazov\u00e1n\u00ed a udr\u017eov\u00e1n\u00ed vztah\u016f s ostatn\u00edmi lidmi. \ufffd\ufffdeny s Asperge<\/p>\n<\/div>\n<div class='topic'>\n<h2>Jak\u00e9 jsou mo\u017enosti l\u00e9\u010dby a podpory pro dosp\u011bl\u00e9 \u017eeny s Aspergerov\u00fdm syndromem?<\/h2>\n<p>Asperger\u016fv syndrom je neurov\u00fdvojov\u00e9 onemocn\u011bn\u00ed, kter\u00e9 se projevuje p\u0159edev\u0161\u00edm obt\u00ed\u017eemi v soci\u00e1ln\u00edm chov\u00e1n\u00ed a komunikaci. Toto onemocn\u011bn\u00ed postihuje p\u0159edev\u0161\u00edm mu\u017ee, ale m\u016f\u017ee se vyskytnout i u \u017een. V p\u0159\u00edpad\u011b dosp\u011bl\u00fdch \u017een s Aspergerov\u00fdm syndromem m\u016f\u017ee b\u00fdt diagnostikov\u00e1n\u00ed obt\u00ed\u017en\u00e9, proto\u017ee jejich p\u0159\u00edznaky mohou b\u00fdt maskov\u00e1ny nebo zam\u011b\ufffd\ufffdov\u00e1ny s jin\u00fdmi poruchami.<\/p>\n<p>Pokud je u dosp\u011bl\u00e9 \u017eeny diagnostikov\u00e1n Asperger\u016fv syndrom, je d\u016fle\u017eit\u00e9, aby z\u00edskala odpov\u00eddaj\u00edc\u00ed l\u00e9\u010dbu a podporu. Existuje n\u011bkolik mo\u017enost\u00ed l\u00e9\u010dby a podpory, kter\u00e9 mohou pomoci \u017een\u00e1m s t\u00edmto onemocn\u011bn\u00edm.<\/p>\n<p>1. Terapie<\/p>\n<p>Terapie je jednou z nejd\u016fle\u017eit\u011bj\u0161\u00edch forem l\u00e9\u010dby pro dosp\u011bl\u00e9 \u017eeny s Aspergerov\u00fdm syndromem. Existuje n\u011bkolik typ\u016f te<\/p>\n<\/div>\n<\/div>\n","protected":false},"excerpt":{"rendered":"<p>Co je Asperger\u016fv syndrom a jak se projevuje u dosp\u011bl\u00fdch \u017een? Asperger\u016fv syndrom je neurov\u00fdvojov\u00e9 onemocn\u011bn\u00ed, kter\u00e9 se projevuje p\u0159edev\u0161\u00edm v soci\u00e1ln\u00edch interakc\u00edch a komunikaci&#8230;.<\/p>\n","protected":false},"author":1,"featured_media":3000,"comment_status":"","ping_status":"open","sticky":false,"template":"","format":"standard","meta":{"inline_featured_image":false},"categories":[849],"tags":[],"yoast_head":"<!-- This site is optimized with the Yoast SEO plugin v18.1 - https:\/\/yoast.com\/wordpress\/plugins\/seo\/ -->\n<title>Asperger\u016fv syndrom u dosp\u011bl\u00fdch \u017een - Test Mysli<\/title>\n<meta name=\"robots\" content=\"index, follow, max-snippet:-1, max-image-preview:large, max-video-preview:-1\" \/>\n<link rel=\"canonical\" href=\"https:\/\/www.diagnostika-mysli.cz\/blog\/autismus\/aspergeruv-syndrom-u-dospelych-zen\/\" \/>\n<meta property=\"og:locale\" content=\"cs_CZ\" \/>\n<meta property=\"og:type\" content=\"article\" \/>\n<meta property=\"og:title\" content=\"Asperger\u016fv syndrom u dosp\u011bl\u00fdch \u017een - Test Mysli\" \/>\n<meta property=\"og:description\" content=\"Co je Asperger\u016fv syndrom a jak se projevuje u dosp\u011bl\u00fdch \u017een? Asperger\u016fv syndrom je neurov\u00fdvojov\u00e9 onemocn\u011bn\u00ed, kter\u00e9 se projevuje p\u0159edev\u0161\u00edm v soci\u00e1ln\u00edch interakc\u00edch a komunikaci....\" \/>\n<meta property=\"og:url\" content=\"https:\/\/www.diagnostika-mysli.cz\/blog\/autismus\/aspergeruv-syndrom-u-dospelych-zen\/\" \/>\n<meta property=\"og:site_name\" content=\"Test Mysli\" \/>\n<meta property=\"article:published_time\" content=\"2025-02-17T03:25:26+00:00\" \/>\n<meta name=\"twitter:card\" content=\"summary_large_image\" \/>\n<meta name=\"twitter:label1\" content=\"Napsal(a)\" \/>\n\t<meta name=\"twitter:data1\" content=\"Test Mysli\" \/>\n\t<meta name=\"twitter:label2\" content=\"Odhadovan\u00e1 doba \u010dten\u00ed\" \/>\n\t<meta name=\"twitter:data2\" content=\"3 minuty\" \/>\n<script type=\"application\/ld+json\" class=\"yoast-schema-graph\">{\"@context\":\"https:\/\/schema.org\",\"@graph\":[{\"@type\":\"WebSite\",\"@id\":\"https:\/\/www.diagnostika-mysli.cz\/blog\/#website\",\"url\":\"https:\/\/www.diagnostika-mysli.cz\/blog\/\",\"name\":\"Test Mysli\",\"description\":\"Blog o poruch\u00e1ch mysli\",\"potentialAction\":[{\"@type\":\"SearchAction\",\"target\":{\"@type\":\"EntryPoint\",\"urlTemplate\":\"https:\/\/www.diagnostika-mysli.cz\/blog\/?s={search_term_string}\"},\"query-input\":\"required name=search_term_string\"}],\"inLanguage\":\"cs\"},{\"@type\":\"ImageObject\",\"@id\":\"https:\/\/www.diagnostika-mysli.cz\/blog\/autismus\/aspergeruv-syndrom-u-dospelych-zen\/#primaryimage\",\"inLanguage\":\"cs\",\"url\":\"https:\/\/www.diagnostika-mysli.cz\/blog\/wp-content\/uploads\/2025\/02\/image-30.png\",\"contentUrl\":\"https:\/\/www.diagnostika-mysli.cz\/blog\/wp-content\/uploads\/2025\/02\/image-30.png\",\"width\":256,\"height\":256},{\"@type\":\"WebPage\",\"@id\":\"https:\/\/www.diagnostika-mysli.cz\/blog\/autismus\/aspergeruv-syndrom-u-dospelych-zen\/#webpage\",\"url\":\"https:\/\/www.diagnostika-mysli.cz\/blog\/autismus\/aspergeruv-syndrom-u-dospelych-zen\/\",\"name\":\"Asperger\u016fv syndrom u dosp\u011bl\u00fdch \u017een - Test Mysli\",\"isPartOf\":{\"@id\":\"https:\/\/www.diagnostika-mysli.cz\/blog\/#website\"},\"primaryImageOfPage\":{\"@id\":\"https:\/\/www.diagnostika-mysli.cz\/blog\/autismus\/aspergeruv-syndrom-u-dospelych-zen\/#primaryimage\"},\"datePublished\":\"2025-02-17T03:25:26+00:00\",\"dateModified\":\"2025-02-17T03:25:26+00:00\",\"author\":{\"@id\":\"https:\/\/www.diagnostika-mysli.cz\/blog\/#\/schema\/person\/8eb1bcaf59fea75c780c11946f4e3490\"},\"breadcrumb\":{\"@id\":\"https:\/\/www.diagnostika-mysli.cz\/blog\/autismus\/aspergeruv-syndrom-u-dospelych-zen\/#breadcrumb\"},\"inLanguage\":\"cs\",\"potentialAction\":[{\"@type\":\"ReadAction\",\"target\":[\"https:\/\/www.diagnostika-mysli.cz\/blog\/autismus\/aspergeruv-syndrom-u-dospelych-zen\/\"]}]},{\"@type\":\"BreadcrumbList\",\"@id\":\"https:\/\/www.diagnostika-mysli.cz\/blog\/autismus\/aspergeruv-syndrom-u-dospelych-zen\/#breadcrumb\",\"itemListElement\":[{\"@type\":\"ListItem\",\"position\":1,\"name\":\"Blog\",\"item\":\"https:\/\/www.diagnostika-mysli.cz\/blog\/\"},{\"@type\":\"ListItem\",\"position\":2,\"name\":\"Autismus\",\"item\":\"https:\/\/www.diagnostika-mysli.cz\/blog\/autismus\/\"},{\"@type\":\"ListItem\",\"position\":3,\"name\":\"Asperger\u016fv syndrom u dosp\u011bl\u00fdch \u017een\"}]},{\"@type\":\"Person\",\"@id\":\"https:\/\/www.diagnostika-mysli.cz\/blog\/#\/schema\/person\/8eb1bcaf59fea75c780c11946f4e3490\",\"name\":\"Test Mysli\",\"image\":{\"@type\":\"ImageObject\",\"@id\":\"https:\/\/www.diagnostika-mysli.cz\/blog\/#personlogo\",\"inLanguage\":\"cs\",\"url\":\"https:\/\/secure.gravatar.com\/avatar\/6743211f010801ea26aa9423a2daab37?s=96&d=mm&r=g\",\"contentUrl\":\"https:\/\/secure.gravatar.com\/avatar\/6743211f010801ea26aa9423a2daab37?s=96&d=mm&r=g\",\"caption\":\"Test Mysli\"},\"sameAs\":[\"https:\/\/www.diagnostika-mysli.cz\/blog\"],\"url\":\"https:\/\/www.diagnostika-mysli.cz\/blog\/author\/diagnostyka-umyslu\/\"}]}<\/script>\n<!-- \/ Yoast SEO plugin. -->","yoast_head_json":{"title":"Asperger\u016fv syndrom u dosp\u011bl\u00fdch \u017een - Test Mysli","robots":{"index":"index","follow":"follow","max-snippet":"max-snippet:-1","max-image-preview":"max-image-preview:large","max-video-preview":"max-video-preview:-1"},"canonical":"https:\/\/www.diagnostika-mysli.cz\/blog\/autismus\/aspergeruv-syndrom-u-dospelych-zen\/","og_locale":"cs_CZ","og_type":"article","og_title":"Asperger\u016fv syndrom u dosp\u011bl\u00fdch \u017een - Test Mysli","og_description":"Co je Asperger\u016fv syndrom a jak se projevuje u dosp\u011bl\u00fdch \u017een? Asperger\u016fv syndrom je neurov\u00fdvojov\u00e9 onemocn\u011bn\u00ed, kter\u00e9 se projevuje p\u0159edev\u0161\u00edm v soci\u00e1ln\u00edch interakc\u00edch a komunikaci....","og_url":"https:\/\/www.diagnostika-mysli.cz\/blog\/autismus\/aspergeruv-syndrom-u-dospelych-zen\/","og_site_name":"Test Mysli","article_published_time":"2025-02-17T03:25:26+00:00","twitter_card":"summary_large_image","twitter_misc":{"Napsal(a)":"Test Mysli","Odhadovan\u00e1 doba \u010dten\u00ed":"3 minuty"},"schema":{"@context":"https:\/\/schema.org","@graph":[{"@type":"WebSite","@id":"https:\/\/www.diagnostika-mysli.cz\/blog\/#website","url":"https:\/\/www.diagnostika-mysli.cz\/blog\/","name":"Test Mysli","description":"Blog o poruch\u00e1ch mysli","potentialAction":[{"@type":"SearchAction","target":{"@type":"EntryPoint","urlTemplate":"https:\/\/www.diagnostika-mysli.cz\/blog\/?s={search_term_string}"},"query-input":"required name=search_term_string"}],"inLanguage":"cs"},{"@type":"ImageObject","@id":"https:\/\/www.diagnostika-mysli.cz\/blog\/autismus\/aspergeruv-syndrom-u-dospelych-zen\/#primaryimage","inLanguage":"cs","url":"https:\/\/www.diagnostika-mysli.cz\/blog\/wp-content\/uploads\/2025\/02\/image-30.png","contentUrl":"https:\/\/www.diagnostika-mysli.cz\/blog\/wp-content\/uploads\/2025\/02\/image-30.png","width":256,"height":256},{"@type":"WebPage","@id":"https:\/\/www.diagnostika-mysli.cz\/blog\/autismus\/aspergeruv-syndrom-u-dospelych-zen\/#webpage","url":"https:\/\/www.diagnostika-mysli.cz\/blog\/autismus\/aspergeruv-syndrom-u-dospelych-zen\/","name":"Asperger\u016fv syndrom u dosp\u011bl\u00fdch \u017een - Test Mysli","isPartOf":{"@id":"https:\/\/www.diagnostika-mysli.cz\/blog\/#website"},"primaryImageOfPage":{"@id":"https:\/\/www.diagnostika-mysli.cz\/blog\/autismus\/aspergeruv-syndrom-u-dospelych-zen\/#primaryimage"},"datePublished":"2025-02-17T03:25:26+00:00","dateModified":"2025-02-17T03:25:26+00:00","author":{"@id":"https:\/\/www.diagnostika-mysli.cz\/blog\/#\/schema\/person\/8eb1bcaf59fea75c780c11946f4e3490"},"breadcrumb":{"@id":"https:\/\/www.diagnostika-mysli.cz\/blog\/autismus\/aspergeruv-syndrom-u-dospelych-zen\/#breadcrumb"},"inLanguage":"cs","potentialAction":[{"@type":"ReadAction","target":["https:\/\/www.diagnostika-mysli.cz\/blog\/autismus\/aspergeruv-syndrom-u-dospelych-zen\/"]}]},{"@type":"BreadcrumbList","@id":"https:\/\/www.diagnostika-mysli.cz\/blog\/autismus\/aspergeruv-syndrom-u-dospelych-zen\/#breadcrumb","itemListElement":[{"@type":"ListItem","position":1,"name":"Blog","item":"https:\/\/www.diagnostika-mysli.cz\/blog\/"},{"@type":"ListItem","position":2,"name":"Autismus","item":"https:\/\/www.diagnostika-mysli.cz\/blog\/autismus\/"},{"@type":"ListItem","position":3,"name":"Asperger\u016fv syndrom u dosp\u011bl\u00fdch \u017een"}]},{"@type":"Person","@id":"https:\/\/www.diagnostika-mysli.cz\/blog\/#\/schema\/person\/8eb1bcaf59fea75c780c11946f4e3490","name":"Test Mysli","image":{"@type":"ImageObject","@id":"https:\/\/www.diagnostika-mysli.cz\/blog\/#personlogo","inLanguage":"cs","url":"https:\/\/secure.gravatar.com\/avatar\/6743211f010801ea26aa9423a2daab37?s=96&d=mm&r=g","contentUrl":"https:\/\/secure.gravatar.com\/avatar\/6743211f010801ea26aa9423a2daab37?s=96&d=mm&r=g","caption":"Test Mysli"},"sameAs":["https:\/\/www.diagnostika-mysli.cz\/blog"],"url":"https:\/\/www.diagnostika-mysli.cz\/blog\/author\/diagnostyka-umyslu\/"}]}},"amp_enabled":true,"_links":{"self":[{"href":"https:\/\/www.diagnostika-mysli.cz\/blog\/wp-json\/wp\/v2\/posts\/2987"}],"collection":[{"href":"https:\/\/www.diagnostika-mysli.cz\/blog\/wp-json\/wp\/v2\/posts"}],"about":[{"href":"https:\/\/www.diagnostika-mysli.cz\/blog\/wp-json\/wp\/v2\/types\/post"}],"author":[{"embeddable":true,"href":"https:\/\/www.diagnostika-mysli.cz\/blog\/wp-json\/wp\/v2\/users\/1"}],"replies":[{"embeddable":true,"href":"https:\/\/www.diagnostika-mysli.cz\/blog\/wp-json\/wp\/v2\/comments?post=2987"}],"version-history":[{"count":0,"href":"https:\/\/www.diagnostika-mysli.cz\/blog\/wp-json\/wp\/v2\/posts\/2987\/revisions"}],"wp:featuredmedia":[{"embeddable":true,"href":"https:\/\/www.diagnostika-mysli.cz\/blog\/wp-json\/wp\/v2\/media\/3000"}],"wp:attachment":[{"href":"https:\/\/www.diagnostika-mysli.cz\/blog\/wp-json\/wp\/v2\/media?parent=2987"}],"wp:term":[{"taxonomy":"category","embeddable":true,"href":"https:\/\/www.diagnostika-mysli.cz\/blog\/wp-json\/wp\/v2\/categories?post=2987"},{"taxonomy":"post_tag","embeddable":true,"href":"https:\/\/www.diagnostika-mysli.cz\/blog\/wp-json\/wp\/v2\/tags?post=2987"}],"curies":[{"name":"wp","href":"https:\/\/api.w.org\/{rel}","templated":true}]}}