{"id":2995,"date":"2025-02-18T04:25:24","date_gmt":"2025-02-18T03:25:24","guid":{"rendered":"https:\/\/www.diagnostika-mysli.cz\/blog\/autismus\/jak-se-projevuje-autismus\/"},"modified":"2025-02-18T04:25:24","modified_gmt":"2025-02-18T03:25:24","slug":"jak-se-projevuje-autismus","status":"publish","type":"post","link":"https:\/\/www.diagnostika-mysli.cz\/blog\/autismus\/jak-se-projevuje-autismus\/","title":{"rendered":"Jak se projevuje autismus"},"content":{"rendered":"<div class='topics'>\n<div class='topic'>\n<h2>Jak\u00e9 jsou hlavn\u00ed p\u0159\u00edznaky autismu a jak se projevuj\u00ed u d\u011bt\u00ed?<\/h2>\n<p>Autismus je neurov\u00fdvojov\u00e9 onemocn\u011bn\u00ed, kter\u00e9 se projevuje od ran\u00e9ho d\u011btstv\u00ed a ovliv\ufffd\ufffduje soci\u00e1ln\u00ed interakce, komunikaci a chov\u00e1n\u00ed jedince. Hlavn\u00edm p\u0159\u00edznakem autismu je porucha soci\u00e1ln\u00ed interakce, kter\u00e1 se projevuje neschopnost\u00ed navazovat a udr\u017eovat vztahy s ostatn\u00edmi lidmi. D\u011bti s autismem maj\u00ed probl\u00e9my s porozum\u011bn\u00edm soci\u00e1ln\u00edm n\u00e1vyk\u016fm a nejsou schopny \u010d\u00edst mimiku a gesta druh\u00fdch lid\u00ed.<\/p>\n<p>Dal\u0161\u00edm v\u00fdznamn\u00fdm p\u0159\u00edznakem autismu je porucha komunikace. D\u011bti s touto poruchou maj\u00ed probl\u00e9my s verb\u00e1ln\u00ed i neverb\u00e1ln\u00ed komunikac\u00ed. Mohou m\u00edt omezenou \ufffd\ufffde\u010d nebo v\u016fbec nemluvit. N\u011bkter\u00e9 d\u011bti s autismem mohou opakovat slova nebo v\u011bty, ani\u017e by porozum\u011bly jejich v\u00fdznamu. Mohou tak\u00e9 m\u00edt probl\u00e9my s porozum\u011bn\u00edm \ufffd\ufffde\u010di druh\u00fdch lid<\/p>\n<\/div>\n<div class='topic'>\n<h2>Jak mohou rodi\u010de rozpoznat autismus u sv\u00e9ho d\u00edt\u011bte a kdy je vhodn\u00e9 vyhledat odbornou pomoc?<\/h2>\n<p>Autismus je neurov\u00fdvojov\u00e9 onemocn\u011bn\u00ed, kter\u00e9 ovliv\ufffd\ufffduje komunikaci, soci\u00e1ln\u00ed interakci a chov\u00e1n\u00ed jedince. V \ufffd\ufffdesk\u00e9 republice se odhaduje, \u017ee jedno d\u00edt\u011b z 100 trp\u00ed touto poruchou. Je d\u016fle\u017eit\u00e9, aby rodi\u010de byli schopni rozpoznat p\u0159\u00edznaky autismu u sv\u00e9ho d\u00edt\u011bte, aby mohli co nejd\u0159\u00edve vyhledat odbornou pomoc a zajistit tak nejlep\u0161\u00ed mo\u017enou p\u00e9\u010di pro sv\u00e9 d\u00edt\u011b.<\/p>\n<p>Prvn\u00ed p\u0159\u00edznaky autismu se mohou objevit ji\u017e v prvn\u00edch letech \u017eivota d\u00edt\u011bte. Mezi nej\u010dast\u011bj\u0161\u00ed p\u0159\u00edznaky pat\u0159\u00ed probl\u00e9my s komunikac\u00ed a soci\u00e1ln\u00ed interakc\u00ed, opakuj\u00edc\u00ed se chov\u00e1n\u00ed a omezen\u00e9 z\u00e1jmy. D\u00edt\u011b s autismem m\u016f\u017ee m\u00edt probl\u00e9my s porozum\u011bn\u00edm \ufffd\ufffde\u010di, m\u016f\u017ee se vyh\u00fdbat o\u010dn\u00edmu kontaktu a m\u016f\u017ee m\u00edt pot\u00ed\u017ee s vyjad\u0159ov\u00e1n\u00edm sv\u00fdch pocit\u016f a pot<\/p>\n<\/div>\n<div class='topic'>\n<h2>Jak\u00fd vliv m\u00e1 autismus na soci\u00e1ln\u00ed interakce a komunikaci jedince s touto poruchou?<\/h2>\n<p>Autismus je neurov\u00fdvojov\u00e1 porucha, kter\u00e1 m\u00e1 vliv na soci\u00e1ln\u00ed interakci a komunikaci jedince. Tato porucha se projevuje ji\u017e v ran\u00e9m d\u011btstv\u00ed a m\u016f\u017ee m\u00edt r\u016fzn\u00e9 formy a stupn\u011b z\u00e1va\u017enosti. Jedinci s autismem maj\u00ed probl\u00e9my s porozum\u011bn\u00edm soci\u00e1ln\u00edm n\u00e1vyk\u016fm a nesn\u00e1\u0161ej\u00ed zm\u011bny v rutin\u011b. Tyto obt\u00ed\u017ee mohou m\u00edt v\u00fdrazn\u00fd vliv na jejich schopnost navazovat vztahy a komunikovat s ostatn\u00edmi.<\/p>\n<p>Jedn\u00edm z hlavn\u00edch vliv\u016f autismu na soci\u00e1ln\u00ed interakci je neschopnost porozum\u011bt neverb\u00e1ln\u00edm sign\u00e1l\u016fm a soci\u00e1ln\u00edm n\u00e1vyk\u016fm. Jedinci s touto poruchou mohou m\u00edt probl\u00e9my s \u010dten\u00edm mimiky, gest a t\u00f3nu hlasu, co\u017e jim br\u00e1n\u00ed v porozum\u011bn\u00ed emoc\u00edm a n\u00e1lad\u00e1m ostatn\u00edch lid\u00ed. Toto m\u016f\u017ee v\u00e9st k nedorozum\u011bn\u00ed a neschopnosti nav\u00e1zat p\u0159irozen\u00fd kontakt s ostatn\u00edmi.<\/p>\n<p>Dal\u0161<\/p>\n<\/div>\n<div class='topic'>\n<h2>Jak\u00e9 jsou mo\u017enosti l\u00e9\u010dby a podpory pro osoby s autismem a jejich rodiny?<\/h2>\n<p>Autismus je neurov\u00fdvojov\u00e9 onemocn\u011bn\u00ed, kter\u00e9 ovliv\ufffd\ufffduje komunikaci, soci\u00e1ln\u00ed interakci a chov\u00e1n\u00ed jedince. Pro osoby s touto poruchou a jejich rodiny m\u016f\u017ee b\u00fdt \u017eivot n\u00e1ro\u010dn\u00fd a vy\u017eaduje speci\u00e1ln\u00ed p\u00e9\u010di a podporu. V tomto \u010dl\u00e1nku se pod\u00edv\u00e1me na mo\u017enosti l\u00e9\u010dby a podpory pro osoby s autismem a jejich rodiny.<\/p>\n<p>1. Terapie<\/p>\n<p>Terapie je jednou z nej\u010dast\u011bj\u0161\u00edch forem l\u00e9\u010dby pro osoby s autismem. Existuje n\u011bkolik typ\u016f terapi\u00ed, kter\u00e9 mohou pomoci zlep\u0161it komunikaci, soci\u00e1ln\u00ed interakci a chov\u00e1n\u00ed jedince s touto poruchou. Mezi nej\u010dast\u011bj\u0161\u00ed terapie pat\u0159\u00ed:<\/p>\n<p>&#8211; ABA (Applied Behavior Analysis) &#8211; tato terapie se zam\u011b\u0159uje na u\u010den\u00ed se nov\u00fdch dovednost\u00ed a zm\u011bnu ne\u017e\u00e1douc\u00edho chov\u00e1n\u00ed pomoc\u00ed pozitivn\u00edho posilov\u00e1n\u00ed.<br \/>&#8211; Terapie hrou &#8211; tato terapie vyu\u017e\u00edv\u00e1 hry k rozvoji kom<\/p>\n<\/div>\n<\/div>\n","protected":false},"excerpt":{"rendered":"<p>Jak\u00e9 jsou hlavn\u00ed p\u0159\u00edznaky autismu a jak se projevuj\u00ed u d\u011bt\u00ed? Autismus je neurov\u00fdvojov\u00e9 onemocn\u011bn\u00ed, kter\u00e9 se projevuje od ran\u00e9ho d\u011btstv\u00ed a ovliv\ufffd\ufffduje soci\u00e1ln\u00ed interakce,&#8230;<\/p>\n","protected":false},"author":1,"featured_media":3003,"comment_status":"","ping_status":"open","sticky":false,"template":"","format":"standard","meta":{"inline_featured_image":false},"categories":[849],"tags":[],"yoast_head":"<!-- This site is optimized with the Yoast SEO plugin v18.1 - https:\/\/yoast.com\/wordpress\/plugins\/seo\/ -->\n<title>Jak se projevuje autismus - Test Mysli<\/title>\n<meta name=\"robots\" content=\"index, follow, max-snippet:-1, max-image-preview:large, max-video-preview:-1\" \/>\n<link rel=\"canonical\" href=\"https:\/\/www.diagnostika-mysli.cz\/blog\/autismus\/jak-se-projevuje-autismus\/\" \/>\n<meta property=\"og:locale\" content=\"cs_CZ\" \/>\n<meta property=\"og:type\" content=\"article\" \/>\n<meta property=\"og:title\" content=\"Jak se projevuje autismus - Test Mysli\" \/>\n<meta property=\"og:description\" content=\"Jak\u00e9 jsou hlavn\u00ed p\u0159\u00edznaky autismu a jak se projevuj\u00ed u d\u011bt\u00ed? Autismus je neurov\u00fdvojov\u00e9 onemocn\u011bn\u00ed, kter\u00e9 se projevuje od ran\u00e9ho d\u011btstv\u00ed a ovliv\ufffd\ufffduje soci\u00e1ln\u00ed interakce,...\" \/>\n<meta property=\"og:url\" content=\"https:\/\/www.diagnostika-mysli.cz\/blog\/autismus\/jak-se-projevuje-autismus\/\" \/>\n<meta property=\"og:site_name\" content=\"Test Mysli\" \/>\n<meta property=\"article:published_time\" content=\"2025-02-18T03:25:24+00:00\" \/>\n<meta name=\"twitter:card\" content=\"summary_large_image\" \/>\n<meta name=\"twitter:label1\" content=\"Napsal(a)\" \/>\n\t<meta name=\"twitter:data1\" content=\"Test Mysli\" \/>\n\t<meta name=\"twitter:label2\" content=\"Odhadovan\u00e1 doba \u010dten\u00ed\" \/>\n\t<meta name=\"twitter:data2\" content=\"3 minuty\" \/>\n<script type=\"application\/ld+json\" class=\"yoast-schema-graph\">{\"@context\":\"https:\/\/schema.org\",\"@graph\":[{\"@type\":\"WebSite\",\"@id\":\"https:\/\/www.diagnostika-mysli.cz\/blog\/#website\",\"url\":\"https:\/\/www.diagnostika-mysli.cz\/blog\/\",\"name\":\"Test Mysli\",\"description\":\"Blog o poruch\u00e1ch mysli\",\"potentialAction\":[{\"@type\":\"SearchAction\",\"target\":{\"@type\":\"EntryPoint\",\"urlTemplate\":\"https:\/\/www.diagnostika-mysli.cz\/blog\/?s={search_term_string}\"},\"query-input\":\"required name=search_term_string\"}],\"inLanguage\":\"cs\"},{\"@type\":\"ImageObject\",\"@id\":\"https:\/\/www.diagnostika-mysli.cz\/blog\/autismus\/jak-se-projevuje-autismus\/#primaryimage\",\"inLanguage\":\"cs\",\"url\":\"https:\/\/www.diagnostika-mysli.cz\/blog\/wp-content\/uploads\/2025\/02\/image-31.png\",\"contentUrl\":\"https:\/\/www.diagnostika-mysli.cz\/blog\/wp-content\/uploads\/2025\/02\/image-31.png\",\"width\":256,\"height\":256},{\"@type\":\"WebPage\",\"@id\":\"https:\/\/www.diagnostika-mysli.cz\/blog\/autismus\/jak-se-projevuje-autismus\/#webpage\",\"url\":\"https:\/\/www.diagnostika-mysli.cz\/blog\/autismus\/jak-se-projevuje-autismus\/\",\"name\":\"Jak se projevuje autismus - Test Mysli\",\"isPartOf\":{\"@id\":\"https:\/\/www.diagnostika-mysli.cz\/blog\/#website\"},\"primaryImageOfPage\":{\"@id\":\"https:\/\/www.diagnostika-mysli.cz\/blog\/autismus\/jak-se-projevuje-autismus\/#primaryimage\"},\"datePublished\":\"2025-02-18T03:25:24+00:00\",\"dateModified\":\"2025-02-18T03:25:24+00:00\",\"author\":{\"@id\":\"https:\/\/www.diagnostika-mysli.cz\/blog\/#\/schema\/person\/8eb1bcaf59fea75c780c11946f4e3490\"},\"breadcrumb\":{\"@id\":\"https:\/\/www.diagnostika-mysli.cz\/blog\/autismus\/jak-se-projevuje-autismus\/#breadcrumb\"},\"inLanguage\":\"cs\",\"potentialAction\":[{\"@type\":\"ReadAction\",\"target\":[\"https:\/\/www.diagnostika-mysli.cz\/blog\/autismus\/jak-se-projevuje-autismus\/\"]}]},{\"@type\":\"BreadcrumbList\",\"@id\":\"https:\/\/www.diagnostika-mysli.cz\/blog\/autismus\/jak-se-projevuje-autismus\/#breadcrumb\",\"itemListElement\":[{\"@type\":\"ListItem\",\"position\":1,\"name\":\"Blog\",\"item\":\"https:\/\/www.diagnostika-mysli.cz\/blog\/\"},{\"@type\":\"ListItem\",\"position\":2,\"name\":\"Autismus\",\"item\":\"https:\/\/www.diagnostika-mysli.cz\/blog\/autismus\/\"},{\"@type\":\"ListItem\",\"position\":3,\"name\":\"Jak se projevuje autismus\"}]},{\"@type\":\"Person\",\"@id\":\"https:\/\/www.diagnostika-mysli.cz\/blog\/#\/schema\/person\/8eb1bcaf59fea75c780c11946f4e3490\",\"name\":\"Test Mysli\",\"image\":{\"@type\":\"ImageObject\",\"@id\":\"https:\/\/www.diagnostika-mysli.cz\/blog\/#personlogo\",\"inLanguage\":\"cs\",\"url\":\"https:\/\/secure.gravatar.com\/avatar\/6743211f010801ea26aa9423a2daab37?s=96&d=mm&r=g\",\"contentUrl\":\"https:\/\/secure.gravatar.com\/avatar\/6743211f010801ea26aa9423a2daab37?s=96&d=mm&r=g\",\"caption\":\"Test Mysli\"},\"sameAs\":[\"https:\/\/www.diagnostika-mysli.cz\/blog\"],\"url\":\"https:\/\/www.diagnostika-mysli.cz\/blog\/author\/diagnostyka-umyslu\/\"}]}<\/script>\n<!-- \/ Yoast SEO plugin. -->","yoast_head_json":{"title":"Jak se projevuje autismus - Test Mysli","robots":{"index":"index","follow":"follow","max-snippet":"max-snippet:-1","max-image-preview":"max-image-preview:large","max-video-preview":"max-video-preview:-1"},"canonical":"https:\/\/www.diagnostika-mysli.cz\/blog\/autismus\/jak-se-projevuje-autismus\/","og_locale":"cs_CZ","og_type":"article","og_title":"Jak se projevuje autismus - Test Mysli","og_description":"Jak\u00e9 jsou hlavn\u00ed p\u0159\u00edznaky autismu a jak se projevuj\u00ed u d\u011bt\u00ed? Autismus je neurov\u00fdvojov\u00e9 onemocn\u011bn\u00ed, kter\u00e9 se projevuje od ran\u00e9ho d\u011btstv\u00ed a ovliv\ufffd\ufffduje soci\u00e1ln\u00ed interakce,...","og_url":"https:\/\/www.diagnostika-mysli.cz\/blog\/autismus\/jak-se-projevuje-autismus\/","og_site_name":"Test Mysli","article_published_time":"2025-02-18T03:25:24+00:00","twitter_card":"summary_large_image","twitter_misc":{"Napsal(a)":"Test Mysli","Odhadovan\u00e1 doba \u010dten\u00ed":"3 minuty"},"schema":{"@context":"https:\/\/schema.org","@graph":[{"@type":"WebSite","@id":"https:\/\/www.diagnostika-mysli.cz\/blog\/#website","url":"https:\/\/www.diagnostika-mysli.cz\/blog\/","name":"Test Mysli","description":"Blog o poruch\u00e1ch mysli","potentialAction":[{"@type":"SearchAction","target":{"@type":"EntryPoint","urlTemplate":"https:\/\/www.diagnostika-mysli.cz\/blog\/?s={search_term_string}"},"query-input":"required name=search_term_string"}],"inLanguage":"cs"},{"@type":"ImageObject","@id":"https:\/\/www.diagnostika-mysli.cz\/blog\/autismus\/jak-se-projevuje-autismus\/#primaryimage","inLanguage":"cs","url":"https:\/\/www.diagnostika-mysli.cz\/blog\/wp-content\/uploads\/2025\/02\/image-31.png","contentUrl":"https:\/\/www.diagnostika-mysli.cz\/blog\/wp-content\/uploads\/2025\/02\/image-31.png","width":256,"height":256},{"@type":"WebPage","@id":"https:\/\/www.diagnostika-mysli.cz\/blog\/autismus\/jak-se-projevuje-autismus\/#webpage","url":"https:\/\/www.diagnostika-mysli.cz\/blog\/autismus\/jak-se-projevuje-autismus\/","name":"Jak se projevuje autismus - Test Mysli","isPartOf":{"@id":"https:\/\/www.diagnostika-mysli.cz\/blog\/#website"},"primaryImageOfPage":{"@id":"https:\/\/www.diagnostika-mysli.cz\/blog\/autismus\/jak-se-projevuje-autismus\/#primaryimage"},"datePublished":"2025-02-18T03:25:24+00:00","dateModified":"2025-02-18T03:25:24+00:00","author":{"@id":"https:\/\/www.diagnostika-mysli.cz\/blog\/#\/schema\/person\/8eb1bcaf59fea75c780c11946f4e3490"},"breadcrumb":{"@id":"https:\/\/www.diagnostika-mysli.cz\/blog\/autismus\/jak-se-projevuje-autismus\/#breadcrumb"},"inLanguage":"cs","potentialAction":[{"@type":"ReadAction","target":["https:\/\/www.diagnostika-mysli.cz\/blog\/autismus\/jak-se-projevuje-autismus\/"]}]},{"@type":"BreadcrumbList","@id":"https:\/\/www.diagnostika-mysli.cz\/blog\/autismus\/jak-se-projevuje-autismus\/#breadcrumb","itemListElement":[{"@type":"ListItem","position":1,"name":"Blog","item":"https:\/\/www.diagnostika-mysli.cz\/blog\/"},{"@type":"ListItem","position":2,"name":"Autismus","item":"https:\/\/www.diagnostika-mysli.cz\/blog\/autismus\/"},{"@type":"ListItem","position":3,"name":"Jak se projevuje autismus"}]},{"@type":"Person","@id":"https:\/\/www.diagnostika-mysli.cz\/blog\/#\/schema\/person\/8eb1bcaf59fea75c780c11946f4e3490","name":"Test Mysli","image":{"@type":"ImageObject","@id":"https:\/\/www.diagnostika-mysli.cz\/blog\/#personlogo","inLanguage":"cs","url":"https:\/\/secure.gravatar.com\/avatar\/6743211f010801ea26aa9423a2daab37?s=96&d=mm&r=g","contentUrl":"https:\/\/secure.gravatar.com\/avatar\/6743211f010801ea26aa9423a2daab37?s=96&d=mm&r=g","caption":"Test Mysli"},"sameAs":["https:\/\/www.diagnostika-mysli.cz\/blog"],"url":"https:\/\/www.diagnostika-mysli.cz\/blog\/author\/diagnostyka-umyslu\/"}]}},"amp_enabled":true,"_links":{"self":[{"href":"https:\/\/www.diagnostika-mysli.cz\/blog\/wp-json\/wp\/v2\/posts\/2995"}],"collection":[{"href":"https:\/\/www.diagnostika-mysli.cz\/blog\/wp-json\/wp\/v2\/posts"}],"about":[{"href":"https:\/\/www.diagnostika-mysli.cz\/blog\/wp-json\/wp\/v2\/types\/post"}],"author":[{"embeddable":true,"href":"https:\/\/www.diagnostika-mysli.cz\/blog\/wp-json\/wp\/v2\/users\/1"}],"replies":[{"embeddable":true,"href":"https:\/\/www.diagnostika-mysli.cz\/blog\/wp-json\/wp\/v2\/comments?post=2995"}],"version-history":[{"count":0,"href":"https:\/\/www.diagnostika-mysli.cz\/blog\/wp-json\/wp\/v2\/posts\/2995\/revisions"}],"wp:featuredmedia":[{"embeddable":true,"href":"https:\/\/www.diagnostika-mysli.cz\/blog\/wp-json\/wp\/v2\/media\/3003"}],"wp:attachment":[{"href":"https:\/\/www.diagnostika-mysli.cz\/blog\/wp-json\/wp\/v2\/media?parent=2995"}],"wp:term":[{"taxonomy":"category","embeddable":true,"href":"https:\/\/www.diagnostika-mysli.cz\/blog\/wp-json\/wp\/v2\/categories?post=2995"},{"taxonomy":"post_tag","embeddable":true,"href":"https:\/\/www.diagnostika-mysli.cz\/blog\/wp-json\/wp\/v2\/tags?post=2995"}],"curies":[{"name":"wp","href":"https:\/\/api.w.org\/{rel}","templated":true}]}}