{"id":3021,"date":"2025-02-21T04:25:42","date_gmt":"2025-02-21T03:25:42","guid":{"rendered":"https:\/\/www.diagnostika-mysli.cz\/blog\/autismus\/autisticke-spektrum\/"},"modified":"2025-02-21T04:25:42","modified_gmt":"2025-02-21T03:25:42","slug":"autisticke-spektrum","status":"publish","type":"post","link":"https:\/\/www.diagnostika-mysli.cz\/blog\/autismus\/autisticke-spektrum\/","title":{"rendered":"Autistick\u00e9 spektrum"},"content":{"rendered":"<div class='topics'>\n<div class='topic'>\n<h2>Co je to Autistick\u00e9 spektrum a jak\u00e9 jsou jeho rysy?<\/h2>\n<p>Autistick\u00e9 spektrum je neurov\u00fdvojov\u00e1 porucha, kter\u00e1 ovliv\u0148uje komunikaci, soci\u00e1ln\u00ed interakci a chov\u00e1n\u00ed jedince. Tato porucha se projevuje ji\u017e v d\u011btstv\u00ed a trv\u00e1 cel\u00fd \u017eivot. Autistick\u00e9 spektrum zahrnuje \u0161irokou \u0161k\u00e1lu r\u016fzn\u00fdch poruch, kter\u00e9 maj\u00ed spole\u010dn\u00fdmi rysy, ale mohou se li\u0161it v z\u00e1va\u017enosti a projevech.<\/p>\n<p>Jedn\u00edm z hlavn\u00edch rys\u016f autistick\u00e9ho spektra je probl\u00e9m s komunikac\u00ed. Jedinci s touto poruchou maj\u00ed \u010dasto probl\u00e9my s porozum\u011bn\u00edm verb\u00e1ln\u00edho i neverb\u00e1ln\u00edho jazyka. Mohou m\u00edt omezenou schopnost mluvit, opakovat slova nebo v\u011bty, nebo naopak mluvit velmi rychle a ne\u00fa\u010deln\u011b. Tak\u00e9 mohou m\u00edt probl\u00e9my s porozum\u011bn\u00edm \u0159e\u010di druh\u00fdch a s vyjad\u0159ov\u00e1n\u00edm sv\u00fdch pocit\u016f a pot\u0159eb.<\/p>\n<p>Dal\u0161\u00edm v\u00fdznamn\u00fdm rysem aut<\/p>\n<\/div>\n<div class='topic'>\n<h2>Autistick\u00e9 spektrum je neurov\u00fdvojov\u00e9 onemocn\u011bn\u00ed, kter\u00e9 ovliv\u0148uje soci\u00e1ln\u00ed interakce, komunikaci a chov\u00e1n\u00ed jedince. Mezi hlavn\u00ed rysy pat\u0159\u00ed probl\u00e9my s komunikac\u00ed a soci\u00e1ln\u00edmi interakcemi, stereotypn\u00ed chov\u00e1n\u00ed a omezen\u00e9 z\u00e1jmy. Ka\u017ed\u00fd jedinec na spektru m\u00e1 sv\u00e9 vlastn\u00ed individu\u00e1ln\u00ed rysy a projevy.<\/h2>\n<p>Autistick\u00e9 spektrum je neurov\u00fdvojov\u00e9 onemocn\u011bn\u00ed, kter\u00e9 ovliv\u0148uje soci\u00e1ln\u00ed interakce, komunikaci a chov\u00e1n\u00ed jedince. Toto onemocn\u011bn\u00ed se projevuje ji\u017e v d\u011btstv\u00ed a trv\u00e1 cel\u00fd \u017eivot. Mezi hlavn\u00ed rysy pat\u0159\u00ed probl\u00e9my s komunikac\u00ed a soci\u00e1ln\u00edmi interakcemi, stereotypn\u00ed chov\u00e1n\u00ed a omezen\u00e9 z\u00e1jmy. Ka\u017ed\u00fd jedinec na spektru m\u00e1 sv\u00e9 vlastn\u00ed individu\u00e1ln\u00ed rysy a projevy, co\u017e znamen\u00e1, \u017ee ka\u017ed\u00fd jedinec s touto poruchou je jedine\u010dn\u00fd.<\/p>\n<p>Jedn\u00edm z hlavn\u00edch rys\u016f autistick\u00e9ho spektra je probl\u00e9m s komunikac\u00ed. To m\u016f\u017ee zahrnovat pot\u00ed\u017ee s porozum\u011bn\u00edm verb\u00e1ln\u00edho i neverb\u00e1ln\u00edho jazyka, co\u017e m\u016f\u017ee v\u00e9st k nespr\u00e1vn\u00e9 interpretaci \u0159e\u010di a gest. N\u011bkte\u0159\u00ed jedinci na spektru mohou m\u00edt tak\u00e9 probl\u00e9my s vyjad\u0159ov\u00e1n\u00edm sv\u00fdch my\u0161len<\/p>\n<\/div>\n<div class='topic'>\n<h2><\/h2>\n<p>\u010cesk\u00e1 kuchyn\u011b je jednou z nejstar\u0161\u00edch a nejbohat\u0161\u00edch kuchyn\u00ed v Evrop\u011b. Jej\u00ed ko\u0159eny sahaj\u00ed a\u017e do 9. stolet\u00ed, kdy se za\u010daly formovat prvn\u00ed tradi\u010dn\u00ed pokrmy. \u010cesk\u00e1 kuchyn\u011b je ovlivn\u011bna p\u0159edev\u0161\u00edm st\u0159edoevropskou kuchyn\u00ed, ale najdeme v n\u00ed i prvky z n\u011bmeck\u00e9, rakousk\u00e9, ma\u010farsk\u00e9 a \u017eidovsk\u00e9 kuchyn\u011b.<\/p>\n<p>Hlavn\u00edmi surovinami \u010desk\u00e9 kuchyn\u011b jsou brambory, maso, zelenina, ml\u00e9\u010dn\u00e9 v\u00fdrobky a obiloviny. V\u011bt\u0161ina pokrm\u016f je pom\u011brn\u011b jednoduch\u00e1, ale velmi chutn\u00e1 a s vysokou v\u00fd\u017eivovou hodnotou. Mezi nejzn\u00e1m\u011bj\u0161\u00ed \u010desk\u00e9 speciality pat\u0159\u00ed vep\u0159ov\u00e1 pe\u010den\u011b s knedl\u00edky, gul\u00e1\u0161, sv\u00ed\u010dkov\u00e1 na smetan\u011b, brambor\u00e1ky, sma\u017een\u00fd s\u00fdr a tradi\u010dn\u00ed \u010desk<\/p>\n<\/div>\n<div class='topic'>\n<h2>Jak\u00e9 jsou p\u0159\u00ed\u010diny Autistick\u00e9ho spektra?<\/h2>\n<p>Autistick\u00e9 spektrum je neurov\u00fdvojov\u00e1 porucha, kter\u00e1 ovliv\u0148uje komunikaci, soci\u00e1ln\u00ed interakci a chov\u00e1n\u00ed jedince. Tato porucha se projevuje ji\u017e v d\u011btstv\u00ed a m\u016f\u017ee m\u00edt r\u016fzn\u00e9 formy a z\u00e1va\u017enosti. P\u0159\u00ed\u010diny t\u00e9to poruchy jsou st\u00e1le p\u0159edm\u011btem v\u00fdzkumu a diskuz\u00ed, ale existuje n\u011bkolik faktor\u016f, kter\u00e9 se p\u0159edpokl\u00e1d\u00e1, \u017ee mohou hr\u00e1t roli v jej\u00edm vzniku.<\/p>\n<p>1. Genetick\u00e9 faktory<br \/>Jednou z hlavn\u00edch p\u0159\u00ed\u010din autistick\u00e9ho spektra jsou genetick\u00e9 faktory. Studie ukazuj\u00ed, \u017ee d\u011bdi\u010dnost m\u016f\u017ee hr\u00e1t roli v a\u017e 90% p\u0159\u00edpad\u016f t\u00e9to poruchy. To znamen\u00e1, \u017ee pokud m\u00e1 jedno z rodi\u010d\u016f autistick\u00e9 spektrum, je v\u011bt\u0161\u00ed pravd\u011bpodobnost, \u017ee se tato porucha objev\u00ed i u jejich potomk\u016f. V\u00fdzkumy tak\u00e9 ukazuj\u00ed, \u017ee u dvoj\u010dat je<\/p>\n<\/div>\n<div class='topic'>\n<h2>P\u0159esn\u00e9 p\u0159\u00ed\u010diny Autistick\u00e9ho spektra nejsou zn\u00e1my, ale v\u011bdci se shoduj\u00ed, \u017ee se jedn\u00e1 o kombinaci genetick\u00fdch a environment\u00e1ln\u00edch faktor\u016f. V\u00fdzkum ukazuje, \u017ee genetick\u00e9 mutace a poruchy v mozku mohou hr\u00e1t d\u016fle\u017eitou roli v rozvoji tohoto onemocn\u011bn\u00ed.<\/h2>\n<p>Autismus je neurov\u00fdvojov\u00e1 porucha, kter\u00e1 ovliv\u0148uje komunikaci, soci\u00e1ln\u00ed interakci a chov\u00e1n\u00ed jedince. P\u0159esn\u00e9 p\u0159\u00ed\u010diny t\u00e9to poruchy nejsou dosud zn\u00e1my, ale v\u011bdci se shoduj\u00ed, \u017ee se jedn\u00e1 o kombinaci genetick\u00fdch a environment\u00e1ln\u00edch faktor\u016f.<\/p>\n<p>V\u00fdzkum ukazuje, \u017ee genetick\u00e9 mutace a poruchy v mozku mohou hr\u00e1t d\u016fle\u017eitou roli v rozvoji autistick\u00e9ho spektra. Studie ukazuj\u00ed, \u017ee u d\u011bt\u00ed s autismem se \u010dasto vyskytuj\u00ed genetick\u00e9 mutace, kter\u00e9 ovliv\u0148uj\u00ed v\u00fdvoj mozku a jeho funkce. Tyto mutace mohou b\u00fdt d\u011bdi\u010dn\u00e9 nebo se mohou objevit spont\u00e1nn\u011b.<\/p>\n<p>Dal\u0161\u00edm faktorem, kter\u00fd m\u016f\u017ee hr\u00e1t roli v rozvoji autismu, je prost\u0159ed\u00ed. V\u011bdci se domn\u00edvaj\u00ed, \u017ee n\u011bkter\u00e9 chemick\u00e9 l\u00e1tky, jako jsou t\u011b\u017ek\u00e9 kovy, pesticidy a dal\u0161\u00ed toxiny, mohou o<\/p>\n<\/div>\n<div class='topic'>\n<h2><\/h2>\n<p>\u010cesk\u00e1 kuchyn\u011b je jednou z nejstar\u0161\u00edch a nejbohat\u0161\u00edch kuchyn\u00ed v Evrop\u011b. Jej\u00ed ko\u0159eny sahaj\u00ed a\u017e do 9. stolet\u00ed, kdy se za\u010daly formovat prvn\u00ed tradi\u010dn\u00ed pokrmy. \u010cesk\u00e1 kuchyn\u011b je ovlivn\u011bna p\u0159edev\u0161\u00edm st\u0159edoevropskou kuchyn\u00ed, ale najdeme v n\u00ed i prvky z n\u011bmeck\u00e9, rakousk\u00e9, ma\u010farsk\u00e9 a \u017eidovsk\u00e9 kuchyn\u011b.<\/p>\n<p>Hlavn\u00edmi surovinami \u010desk\u00e9 kuchyn\u011b jsou brambory, maso, zelenina, ml\u00e9\u010dn\u00e9 v\u00fdrobky a obiloviny. V\u011bt\u0161ina pokrm\u016f je pom\u011brn\u011b jednoduch\u00e1, ale velmi chutn\u00e1 a s vysokou v\u00fd\u017eivovou hodnotou. Mezi nejzn\u00e1m\u011bj\u0161\u00ed \u010desk\u00e9 speciality pat\u0159\u00ed vep\u0159ov\u00e1 pe\u010den\u011b s knedl\u00edky, gul\u00e1\u0161, sv\u00ed\u010dkov\u00e1 na smetan\u011b, brambor\u00e1ky, sma\u017een\u00fd s\u00fdr a tradi\u010dn\u00ed \u010desk<\/p>\n<\/div>\n<div class='topic'>\n<h2>Jak\u00e9 jsou mo\u017enosti l\u00e9\u010dby pro jedince na Autistick\u00e9m spektru?<\/h2>\n<p>Autismus je neurov\u00fdvojov\u00e9 onemocn\u011bn\u00ed, kter\u00e9 ovliv\u0148uje komunikaci, soci\u00e1ln\u00ed interakci a chov\u00e1n\u00ed jedince. Jedinci na Autistick\u00e9m spektru maj\u00ed r\u016fzn\u00e9 pot\u0159eby a symptomy, a proto je d\u016fle\u017eit\u00e9, aby byla l\u00e9\u010dba p\u0159izp\u016fsobena individu\u00e1ln\u011b. Existuje n\u011bkolik mo\u017enost\u00ed l\u00e9\u010dby pro jedince na Autistick\u00e9m spektru, kter\u00e9 mohou pomoci zlep\u0161it jejich kvalitu \u017eivota a sn\u00ed\u017eit obt\u00ed\u017ee spojen\u00e9 s touto poruchou.<\/p>\n<p>1. Terapie chov\u00e1n\u00edm a komunikace<\/p>\n<p>Terapie chov\u00e1n\u00edm a komunikace je jednou z nej\u010dast\u011bj\u0161\u00edch forem l\u00e9\u010dby pro jedince na Autistick\u00e9m spektru. Tato terapie se zam\u011b\u0159uje na zlep\u0161en\u00ed komunika\u010dn\u00edch schopnost\u00ed a soci\u00e1ln\u00edch dovednost\u00ed jedince. Terapeut pracuje s jedincem na vytv\u00e1\u0159en\u00ed vhodn\u00fdch chov\u00e1n\u00ed a komunika\u010dn\u00edch strategi\u00ed, kter\u00e9 mu pomohou l\u00e9pe se p\u0159izp\u016fsobit b\u011b<\/p>\n<\/div>\n<div class='topic'>\n<h2>Neexistuje \u017e<\/h2>\n<p>Neexistuje \u017e\u00e1dn\u00e1 v\u011bc, kter\u00e1 by se naz\u00fdvala &#8220;Neexistuje \u017e&#8221;. Tato fr\u00e1ze je v\u00fdrazem, kter\u00fd se pou\u017e\u00edv\u00e1 v r\u016fzn\u00fdch kontextech a m\u00e1 r\u016fzn\u00e9 v\u00fdznamy. V n\u011bkter\u00fdch p\u0159\u00edpadech m\u016f\u017ee b\u00fdt pou\u017eita jako vtipn\u00fd zp\u016fsob, jak \u0159\u00edci, \u017ee n\u011bco neexistuje, zat\u00edmco v jin\u00fdch situac\u00edch m\u016f\u017ee b\u00fdt pou\u017eita jako filosofick\u00fd koncept.<\/p>\n<p>V prvn\u00edm p\u0159\u00edpad\u011b, kdy se pou\u017e\u00edv\u00e1 jako vtip, m\u016f\u017ee b\u00fdt fr\u00e1ze &#8220;Neexistuje \u017e&#8221; pou\u017eita jako odpov\u011b\u010f na ot\u00e1zku, zda existuje n\u011bco, co je velmi nepravd\u011bpodobn\u00e9 nebo absurdn\u00ed. Nap\u0159\u00edklad, kdy\u017e se pt\u00e1me, zda existuje jednoro\u017eec, m\u016f\u017eeme odpov\u011bd\u011bt &#8220;Neexistuje \u017e&#8221;. Tato odpov\u011b\u010f m\u00e1 za c\u00edl pobavit a uk\u00e1zat, \u017ee n\u011bco je tak nere\u00e1ln\u00e9, \u017ee je t\u00e9m\u011b\u0159 nemo\u017en\u00e9, aby existovalo.<\/p>\n<p>V jin\u00fdch<\/p>\n<\/div>\n<\/div>\n","protected":false},"excerpt":{"rendered":"<p>Co je to Autistick\u00e9 spektrum a jak\u00e9 jsou jeho rysy? Autistick\u00e9 spektrum je neurov\u00fdvojov\u00e1 porucha, kter\u00e1 ovliv\u0148uje komunikaci, soci\u00e1ln\u00ed interakci a chov\u00e1n\u00ed jedince. Tato porucha&#8230;<\/p>\n","protected":false},"author":1,"featured_media":3022,"comment_status":"","ping_status":"open","sticky":false,"template":"","format":"standard","meta":{"inline_featured_image":false},"categories":[849],"tags":[],"yoast_head":"<!-- This site is optimized with the Yoast SEO plugin v18.1 - https:\/\/yoast.com\/wordpress\/plugins\/seo\/ -->\n<title>Autistick\u00e9 spektrum - Test Mysli<\/title>\n<meta name=\"robots\" content=\"index, follow, max-snippet:-1, max-image-preview:large, max-video-preview:-1\" \/>\n<link rel=\"canonical\" href=\"https:\/\/www.diagnostika-mysli.cz\/blog\/autismus\/autisticke-spektrum\/\" \/>\n<meta property=\"og:locale\" content=\"cs_CZ\" \/>\n<meta property=\"og:type\" content=\"article\" \/>\n<meta property=\"og:title\" content=\"Autistick\u00e9 spektrum - Test Mysli\" \/>\n<meta property=\"og:description\" content=\"Co je to Autistick\u00e9 spektrum a jak\u00e9 jsou jeho rysy? Autistick\u00e9 spektrum je neurov\u00fdvojov\u00e1 porucha, kter\u00e1 ovliv\u0148uje komunikaci, soci\u00e1ln\u00ed interakci a chov\u00e1n\u00ed jedince. Tato porucha...\" \/>\n<meta property=\"og:url\" content=\"https:\/\/www.diagnostika-mysli.cz\/blog\/autismus\/autisticke-spektrum\/\" \/>\n<meta property=\"og:site_name\" content=\"Test Mysli\" \/>\n<meta property=\"article:published_time\" content=\"2025-02-21T03:25:42+00:00\" \/>\n<meta name=\"twitter:card\" content=\"summary_large_image\" \/>\n<meta name=\"twitter:label1\" content=\"Napsal(a)\" \/>\n\t<meta name=\"twitter:data1\" content=\"Test Mysli\" \/>\n\t<meta name=\"twitter:label2\" content=\"Odhadovan\u00e1 doba \u010dten\u00ed\" \/>\n\t<meta name=\"twitter:data2\" content=\"6 minut\" \/>\n<script type=\"application\/ld+json\" class=\"yoast-schema-graph\">{\"@context\":\"https:\/\/schema.org\",\"@graph\":[{\"@type\":\"WebSite\",\"@id\":\"https:\/\/www.diagnostika-mysli.cz\/blog\/#website\",\"url\":\"https:\/\/www.diagnostika-mysli.cz\/blog\/\",\"name\":\"Test Mysli\",\"description\":\"Blog o poruch\u00e1ch mysli\",\"potentialAction\":[{\"@type\":\"SearchAction\",\"target\":{\"@type\":\"EntryPoint\",\"urlTemplate\":\"https:\/\/www.diagnostika-mysli.cz\/blog\/?s={search_term_string}\"},\"query-input\":\"required name=search_term_string\"}],\"inLanguage\":\"cs\"},{\"@type\":\"ImageObject\",\"@id\":\"https:\/\/www.diagnostika-mysli.cz\/blog\/autismus\/autisticke-spektrum\/#primaryimage\",\"inLanguage\":\"cs\",\"url\":\"https:\/\/www.diagnostika-mysli.cz\/blog\/wp-content\/uploads\/2025\/02\/image-42.png\",\"contentUrl\":\"https:\/\/www.diagnostika-mysli.cz\/blog\/wp-content\/uploads\/2025\/02\/image-42.png\",\"width\":256,\"height\":256},{\"@type\":\"WebPage\",\"@id\":\"https:\/\/www.diagnostika-mysli.cz\/blog\/autismus\/autisticke-spektrum\/#webpage\",\"url\":\"https:\/\/www.diagnostika-mysli.cz\/blog\/autismus\/autisticke-spektrum\/\",\"name\":\"Autistick\u00e9 spektrum - Test Mysli\",\"isPartOf\":{\"@id\":\"https:\/\/www.diagnostika-mysli.cz\/blog\/#website\"},\"primaryImageOfPage\":{\"@id\":\"https:\/\/www.diagnostika-mysli.cz\/blog\/autismus\/autisticke-spektrum\/#primaryimage\"},\"datePublished\":\"2025-02-21T03:25:42+00:00\",\"dateModified\":\"2025-02-21T03:25:42+00:00\",\"author\":{\"@id\":\"https:\/\/www.diagnostika-mysli.cz\/blog\/#\/schema\/person\/8eb1bcaf59fea75c780c11946f4e3490\"},\"breadcrumb\":{\"@id\":\"https:\/\/www.diagnostika-mysli.cz\/blog\/autismus\/autisticke-spektrum\/#breadcrumb\"},\"inLanguage\":\"cs\",\"potentialAction\":[{\"@type\":\"ReadAction\",\"target\":[\"https:\/\/www.diagnostika-mysli.cz\/blog\/autismus\/autisticke-spektrum\/\"]}]},{\"@type\":\"BreadcrumbList\",\"@id\":\"https:\/\/www.diagnostika-mysli.cz\/blog\/autismus\/autisticke-spektrum\/#breadcrumb\",\"itemListElement\":[{\"@type\":\"ListItem\",\"position\":1,\"name\":\"Blog\",\"item\":\"https:\/\/www.diagnostika-mysli.cz\/blog\/\"},{\"@type\":\"ListItem\",\"position\":2,\"name\":\"Autismus\",\"item\":\"https:\/\/www.diagnostika-mysli.cz\/blog\/autismus\/\"},{\"@type\":\"ListItem\",\"position\":3,\"name\":\"Autistick\u00e9 spektrum\"}]},{\"@type\":\"Person\",\"@id\":\"https:\/\/www.diagnostika-mysli.cz\/blog\/#\/schema\/person\/8eb1bcaf59fea75c780c11946f4e3490\",\"name\":\"Test Mysli\",\"image\":{\"@type\":\"ImageObject\",\"@id\":\"https:\/\/www.diagnostika-mysli.cz\/blog\/#personlogo\",\"inLanguage\":\"cs\",\"url\":\"https:\/\/secure.gravatar.com\/avatar\/6743211f010801ea26aa9423a2daab37?s=96&d=mm&r=g\",\"contentUrl\":\"https:\/\/secure.gravatar.com\/avatar\/6743211f010801ea26aa9423a2daab37?s=96&d=mm&r=g\",\"caption\":\"Test Mysli\"},\"sameAs\":[\"https:\/\/www.diagnostika-mysli.cz\/blog\"],\"url\":\"https:\/\/www.diagnostika-mysli.cz\/blog\/author\/diagnostyka-umyslu\/\"}]}<\/script>\n<!-- \/ Yoast SEO plugin. -->","yoast_head_json":{"title":"Autistick\u00e9 spektrum - Test Mysli","robots":{"index":"index","follow":"follow","max-snippet":"max-snippet:-1","max-image-preview":"max-image-preview:large","max-video-preview":"max-video-preview:-1"},"canonical":"https:\/\/www.diagnostika-mysli.cz\/blog\/autismus\/autisticke-spektrum\/","og_locale":"cs_CZ","og_type":"article","og_title":"Autistick\u00e9 spektrum - Test Mysli","og_description":"Co je to Autistick\u00e9 spektrum a jak\u00e9 jsou jeho rysy? Autistick\u00e9 spektrum je neurov\u00fdvojov\u00e1 porucha, kter\u00e1 ovliv\u0148uje komunikaci, soci\u00e1ln\u00ed interakci a chov\u00e1n\u00ed jedince. Tato porucha...","og_url":"https:\/\/www.diagnostika-mysli.cz\/blog\/autismus\/autisticke-spektrum\/","og_site_name":"Test Mysli","article_published_time":"2025-02-21T03:25:42+00:00","twitter_card":"summary_large_image","twitter_misc":{"Napsal(a)":"Test Mysli","Odhadovan\u00e1 doba \u010dten\u00ed":"6 minut"},"schema":{"@context":"https:\/\/schema.org","@graph":[{"@type":"WebSite","@id":"https:\/\/www.diagnostika-mysli.cz\/blog\/#website","url":"https:\/\/www.diagnostika-mysli.cz\/blog\/","name":"Test Mysli","description":"Blog o poruch\u00e1ch mysli","potentialAction":[{"@type":"SearchAction","target":{"@type":"EntryPoint","urlTemplate":"https:\/\/www.diagnostika-mysli.cz\/blog\/?s={search_term_string}"},"query-input":"required name=search_term_string"}],"inLanguage":"cs"},{"@type":"ImageObject","@id":"https:\/\/www.diagnostika-mysli.cz\/blog\/autismus\/autisticke-spektrum\/#primaryimage","inLanguage":"cs","url":"https:\/\/www.diagnostika-mysli.cz\/blog\/wp-content\/uploads\/2025\/02\/image-42.png","contentUrl":"https:\/\/www.diagnostika-mysli.cz\/blog\/wp-content\/uploads\/2025\/02\/image-42.png","width":256,"height":256},{"@type":"WebPage","@id":"https:\/\/www.diagnostika-mysli.cz\/blog\/autismus\/autisticke-spektrum\/#webpage","url":"https:\/\/www.diagnostika-mysli.cz\/blog\/autismus\/autisticke-spektrum\/","name":"Autistick\u00e9 spektrum - Test Mysli","isPartOf":{"@id":"https:\/\/www.diagnostika-mysli.cz\/blog\/#website"},"primaryImageOfPage":{"@id":"https:\/\/www.diagnostika-mysli.cz\/blog\/autismus\/autisticke-spektrum\/#primaryimage"},"datePublished":"2025-02-21T03:25:42+00:00","dateModified":"2025-02-21T03:25:42+00:00","author":{"@id":"https:\/\/www.diagnostika-mysli.cz\/blog\/#\/schema\/person\/8eb1bcaf59fea75c780c11946f4e3490"},"breadcrumb":{"@id":"https:\/\/www.diagnostika-mysli.cz\/blog\/autismus\/autisticke-spektrum\/#breadcrumb"},"inLanguage":"cs","potentialAction":[{"@type":"ReadAction","target":["https:\/\/www.diagnostika-mysli.cz\/blog\/autismus\/autisticke-spektrum\/"]}]},{"@type":"BreadcrumbList","@id":"https:\/\/www.diagnostika-mysli.cz\/blog\/autismus\/autisticke-spektrum\/#breadcrumb","itemListElement":[{"@type":"ListItem","position":1,"name":"Blog","item":"https:\/\/www.diagnostika-mysli.cz\/blog\/"},{"@type":"ListItem","position":2,"name":"Autismus","item":"https:\/\/www.diagnostika-mysli.cz\/blog\/autismus\/"},{"@type":"ListItem","position":3,"name":"Autistick\u00e9 spektrum"}]},{"@type":"Person","@id":"https:\/\/www.diagnostika-mysli.cz\/blog\/#\/schema\/person\/8eb1bcaf59fea75c780c11946f4e3490","name":"Test Mysli","image":{"@type":"ImageObject","@id":"https:\/\/www.diagnostika-mysli.cz\/blog\/#personlogo","inLanguage":"cs","url":"https:\/\/secure.gravatar.com\/avatar\/6743211f010801ea26aa9423a2daab37?s=96&d=mm&r=g","contentUrl":"https:\/\/secure.gravatar.com\/avatar\/6743211f010801ea26aa9423a2daab37?s=96&d=mm&r=g","caption":"Test Mysli"},"sameAs":["https:\/\/www.diagnostika-mysli.cz\/blog"],"url":"https:\/\/www.diagnostika-mysli.cz\/blog\/author\/diagnostyka-umyslu\/"}]}},"amp_enabled":true,"_links":{"self":[{"href":"https:\/\/www.diagnostika-mysli.cz\/blog\/wp-json\/wp\/v2\/posts\/3021"}],"collection":[{"href":"https:\/\/www.diagnostika-mysli.cz\/blog\/wp-json\/wp\/v2\/posts"}],"about":[{"href":"https:\/\/www.diagnostika-mysli.cz\/blog\/wp-json\/wp\/v2\/types\/post"}],"author":[{"embeddable":true,"href":"https:\/\/www.diagnostika-mysli.cz\/blog\/wp-json\/wp\/v2\/users\/1"}],"replies":[{"embeddable":true,"href":"https:\/\/www.diagnostika-mysli.cz\/blog\/wp-json\/wp\/v2\/comments?post=3021"}],"version-history":[{"count":1,"href":"https:\/\/www.diagnostika-mysli.cz\/blog\/wp-json\/wp\/v2\/posts\/3021\/revisions"}],"predecessor-version":[{"id":3023,"href":"https:\/\/www.diagnostika-mysli.cz\/blog\/wp-json\/wp\/v2\/posts\/3021\/revisions\/3023"}],"wp:featuredmedia":[{"embeddable":true,"href":"https:\/\/www.diagnostika-mysli.cz\/blog\/wp-json\/wp\/v2\/media\/3022"}],"wp:attachment":[{"href":"https:\/\/www.diagnostika-mysli.cz\/blog\/wp-json\/wp\/v2\/media?parent=3021"}],"wp:term":[{"taxonomy":"category","embeddable":true,"href":"https:\/\/www.diagnostika-mysli.cz\/blog\/wp-json\/wp\/v2\/categories?post=3021"},{"taxonomy":"post_tag","embeddable":true,"href":"https:\/\/www.diagnostika-mysli.cz\/blog\/wp-json\/wp\/v2\/tags?post=3021"}],"curies":[{"name":"wp","href":"https:\/\/api.w.org\/{rel}","templated":true}]}}