{"id":3034,"date":"2025-02-23T04:25:29","date_gmt":"2025-02-23T03:25:29","guid":{"rendered":"https:\/\/www.diagnostika-mysli.cz\/blog\/autismus\/raads-test\/"},"modified":"2025-02-24T10:40:14","modified_gmt":"2025-02-24T09:40:14","slug":"raads-test","status":"publish","type":"post","link":"https:\/\/www.diagnostika-mysli.cz\/blog\/autismus\/raads-test\/","title":{"rendered":"RAADS test"},"content":{"rendered":"<div class=\"topics\">\n<div class=\"topic\">\n<h2>Co je RAADS test a jak funguje?<\/h2>\n<p>RAADS test (Ritvo Autism Asperger Diagnostic Scale) je psychologick\u00fd test, kter\u00fd slou\u017e\u00ed k diagnostice poruch autistick\u00e9ho spektra (PAS). Tento test byl vyvinut v roce 2008 americk\u00fdm psychologem Ericem Ritvem a je jedn\u00edm z nej\u010dast\u011bji pou\u017e\u00edvan\u00fdch n\u00e1stroj\u016f pro diagnostiku PAS.<\/p>\n<p>RAADS test se skl\u00e1d\u00e1 z 80 ot\u00e1zek, kter\u00e9 se zam\u011b\u0159uj\u00ed na r\u016fzn\u00e9 oblasti chov\u00e1n\u00ed a projev\u016f, kter\u00e9 jsou typick\u00e9 pro osoby s PAS. Ot\u00e1zky jsou rozd\u011bleny do \u010dty\u0159 kategori\u00ed: soci\u00e1ln\u00ed interakce, komunikace, omezen\u00e9 a stereotypn\u00ed chov\u00e1n\u00ed a senzorick\u00e9 probl\u00e9my. Ka\u017ed\u00e1 kategorie obsahuje 20 ot\u00e1zek, kter\u00e9 jsou hodnoceny na \u0161k\u00e1le od 0 do 4 bod\u016f.<\/p>\n<p>Test je ur\u010den pro dosp\u011bl\u00e9 osoby od 18 let, ale m\u016f\u017ee b\u00fdt pou\u017eit i u mlad\u0161\u00edch jedinc\u016f s vysokou inteligenc\u00ed. Je d\u016fle\u017eit\u00e9, aby test byl prov\u00e1d\u011bn pod<\/p>\n<\/div>\n<div class=\"topic\">\n<h2>RAADS test je psychologick\u00fd test, kter\u00fd slou\u017e\u00ed k diagnostice poruchy autistick\u00e9ho spektra (PAS)<\/h2>\n<p>RAADS test (Ritvo Autism Asperger Diagnostic Scale) je psychologick\u00fd test, kter\u00fd slou\u017e\u00ed k diagnostice poruchy autistick\u00e9ho spektra (PAS). Tento test byl vyvinut v roce 2008 a je jedn\u00edm z nej\u010dast\u011bji pou\u017e\u00edvan\u00fdch n\u00e1stroj\u016f pro diagnostiku PAS.<\/p>\n<p>RAADS test se skl\u00e1d\u00e1 z 80 ot\u00e1zek, kter\u00e9 m\u011b\u0159\u00ed r\u016fzn\u00e9 aspekty chov\u00e1n\u00ed a soci\u00e1ln\u00edch interakc\u00ed. Tyto ot\u00e1zky jsou rozd\u011bleny do \u010dty\u0159 kategori\u00ed: soci\u00e1ln\u00ed interakce, komunikace, omezen\u00e9 a stereotypn\u00ed chov\u00e1n\u00ed a senzorick\u00e9 probl\u00e9my. Ka\u017ed\u00e1 kategorie obsahuje 20 ot\u00e1zek, kter\u00e9 jsou hodnoceny na \u0161k\u00e1le od 0 do 4 bod\u016f. Celkov\u00fd mo\u017en\u00fd po\u010det bod\u016f je tedy 160.<\/p>\n<p>RAADS test se skl\u00e1d\u00e1 z ot\u00e1zek, kter\u00e9 se t\u00fdkaj\u00ed r\u016fzn\u00fdch aspekt\u016f chov\u00e1n\u00ed a soci\u00e1ln\u00edch interakc\u00ed, jako je nap\u0159\u00edklad schopnost navazovat a udr\u017eovat p\u0159\u00e1tel.<\/p>\n<\/div>\n<div class=\"topic\">\n<p>\u010cesk\u00e1 kuchyn\u011b je jednou z nejstar\u0161\u00edch a nejbohat\u0161\u00edch kuchyn\u00ed v Evrop\u011b. Jej\u00ed ko\u0159eny sahaj\u00ed a\u017e do 9. stolet\u00ed, kdy se za\u010daly formovat prvn\u00ed tradi\u010dn\u00ed pokrmy. \u010cesk\u00e1 kuchyn\u011b je ovlivn\u011bna p\u0159edev\u0161\u00edm st\u0159edoevropskou kuchyn\u00ed, ale najdeme v n\u00ed i prvky z n\u011bmeck\u00e9, rakousk\u00e9, ma\u010farsk\u00e9 a \u017eidovsk\u00e9 kuchyn\u011b.<\/p>\n<p>Hlavn\u00edmi surovinami \u010desk\u00e9 kuchyn\u011b jsou brambory, maso, zelenina, ml\u00e9\u010dn\u00e9 v\u00fdrobky a obiloviny. V\u011bt\u0161ina pokrm\u016f je pom\u011brn\u011b jednoduch\u00e1, ale velmi chutn\u00e1 a s vysokou v\u00fd\u017eivovou hodnotou. Mezi nejzn\u00e1m\u011bj\u0161\u00ed \u010desk\u00e9 speciality pat\u0159\u00ed vep\u0159ov\u00e1 pe\u010den\u011b s knedl\u00edky, gul\u00e1\u0161, sv\u00ed\u010dkov\u00e1 na smetan\u011b, brambor\u00e1ky, sma\u017een\u00fd s\u00fdr a tradi\u010dn\u00ed \u010desk.<\/p>\n<\/div>\n<div class=\"topic\">\n<h2>Jak se p\u0159ipravit na RAADS test?<\/h2>\n<p>RAADS test (Ritvo Autism Asperger Diagnostic Scale) je standardizovan\u00fd test, kter\u00fd slou\u017e\u00ed k diagnostice poruch autistick\u00e9ho spektra (PAS). Jeho c\u00edlem je zjistit, zda m\u00e1 jedinec p\u0159\u00edznaky PAS a v jak\u00e9 m\u00ed\u0159e. Pokud se chyst\u00e1te na tento test, je d\u016fle\u017eit\u00e9 se na n\u011bj p\u0159ipravit, aby v\u00fdsledky byly co nejp\u0159esn\u011bj\u0161\u00ed.<\/p>\n<p>Prvn\u00edm krokem je sezn\u00e1mit se s testem a jeho pr\u016fb\u011bhem. RAADS test se skl\u00e1d\u00e1 z 80 ot\u00e1zek, kter\u00e9 se t\u00fdkaj\u00ed r\u016fzn\u00fdch oblast\u00ed, jako jsou soci\u00e1ln\u00ed interakce, komunikace, stereotypn\u00ed chov\u00e1n\u00ed a z\u00e1jmy. Ot\u00e1zky jsou formulov\u00e1ny tak, aby zjistily va\u0161e chov\u00e1n\u00ed a my\u0161len\u00ed v r\u016fzn\u00fdch situac\u00edch. Test se skl\u00e1d\u00e1 z v\u00edce mo\u017en\u00fdch odpov\u011bd\u00ed, z nich\u017e si mus\u00edte vybrat tu, kter\u00e1 nejl\u00e9pe odpov\u00edd\u00e1 va\u0161emu chov\u00e1n\u00ed. Je d\u016fle\u017eit\u00e9 si uv\u011bdomit, \u017ee<\/p>\n<\/div>\n<div class=\"topic\">\n<h2>P\u0159ed podstoupen\u00edm RAADS testu je d\u016fle\u017eit\u00e9 se dob\u0159e p\u0159ipravit<\/h2>\n<p>P\u0159ed podstoupen\u00edm RAADS testu je d\u016fle\u017eit\u00e9 se dob\u0159e p\u0159ipravit, aby byl v\u00fdsledek co nejp\u0159esn\u011bj\u0161\u00ed. Test RAADS (Ritvo Autism Asperger Diagnostic Scale) je standardizovan\u00fd test, kter\u00fd slou\u017e\u00ed k diagnostice poruch autistick\u00e9ho spektra. Jeho c\u00edlem je zjistit, zda m\u00e1 jedinec p\u0159\u00edznaky autismu nebo Aspergerova syndromu.<\/p>\n<p>Prvn\u00edm krokem p\u0159i p\u0159\u00edprav\u011b na RAADS test je vyhled\u00e1n\u00ed informac\u00ed o testu a jeho pr\u016fb\u011bhu. Je d\u016fle\u017eit\u00e9 se sezn\u00e1mit s t\u00edm, co test m\u011b\u0159\u00ed, jak\u00e9 jsou jeho c\u00edle a jak\u00e9 jsou jeho v\u00fdsledky. T\u00edmto zp\u016fsobem se jedinec m\u016f\u017ee c\u00edtit p\u0159ipraven\u00fd a uvoln\u011bn\u00fd p\u0159ed samotn\u00fdm testov\u00e1n\u00edm.<\/p>\n<p>Dal\u0161\u00edm d\u016fle\u017eit\u00fdm krokem je b\u00fdt up\u0159\u00edmn\u00fd a odpov\u00eddat na ot\u00e1zky co nejp\u0159esn\u011bji.<\/p>\n<\/div>\n<\/div>\n","protected":false},"excerpt":{"rendered":"<p>Co je RAADS test a jak funguje? RAADS test (Ritvo Autism Asperger Diagnostic Scale) je psychologick\u00fd test, kter\u00fd slou\u017e\u00ed k diagnostice poruch autistick\u00e9ho spektra (PAS)&#8230;.<\/p>\n","protected":false},"author":1,"featured_media":3043,"comment_status":"closed","ping_status":"open","sticky":false,"template":"","format":"standard","meta":{"inline_featured_image":false},"categories":[849],"tags":[],"yoast_head":"<!-- This site is optimized with the Yoast SEO plugin v18.1 - https:\/\/yoast.com\/wordpress\/plugins\/seo\/ -->\n<title>RAADS test - Test Mysli<\/title>\n<meta name=\"robots\" content=\"index, follow, max-snippet:-1, max-image-preview:large, max-video-preview:-1\" \/>\n<link rel=\"canonical\" href=\"https:\/\/www.diagnostika-mysli.cz\/blog\/autismus\/raads-test\/\" \/>\n<meta property=\"og:locale\" content=\"cs_CZ\" \/>\n<meta property=\"og:type\" content=\"article\" \/>\n<meta property=\"og:title\" content=\"RAADS test - Test Mysli\" \/>\n<meta property=\"og:description\" content=\"Co je RAADS test a jak funguje? RAADS test (Ritvo Autism Asperger Diagnostic Scale) je psychologick\u00fd test, kter\u00fd slou\u017e\u00ed k diagnostice poruch autistick\u00e9ho spektra (PAS)....\" \/>\n<meta property=\"og:url\" content=\"https:\/\/www.diagnostika-mysli.cz\/blog\/autismus\/raads-test\/\" \/>\n<meta property=\"og:site_name\" content=\"Test Mysli\" \/>\n<meta property=\"article:published_time\" content=\"2025-02-23T03:25:29+00:00\" \/>\n<meta property=\"article:modified_time\" content=\"2025-02-24T09:40:14+00:00\" \/>\n<meta name=\"twitter:card\" content=\"summary_large_image\" \/>\n<meta name=\"twitter:label1\" content=\"Napsal(a)\" \/>\n\t<meta name=\"twitter:data1\" content=\"Test Mysli\" \/>\n\t<meta name=\"twitter:label2\" content=\"Odhadovan\u00e1 doba \u010dten\u00ed\" \/>\n\t<meta name=\"twitter:data2\" content=\"4 minuty\" \/>\n<script type=\"application\/ld+json\" class=\"yoast-schema-graph\">{\"@context\":\"https:\/\/schema.org\",\"@graph\":[{\"@type\":\"WebSite\",\"@id\":\"https:\/\/www.diagnostika-mysli.cz\/blog\/#website\",\"url\":\"https:\/\/www.diagnostika-mysli.cz\/blog\/\",\"name\":\"Test Mysli\",\"description\":\"Blog o poruch\u00e1ch mysli\",\"potentialAction\":[{\"@type\":\"SearchAction\",\"target\":{\"@type\":\"EntryPoint\",\"urlTemplate\":\"https:\/\/www.diagnostika-mysli.cz\/blog\/?s={search_term_string}\"},\"query-input\":\"required name=search_term_string\"}],\"inLanguage\":\"cs\"},{\"@type\":\"ImageObject\",\"@id\":\"https:\/\/www.diagnostika-mysli.cz\/blog\/autismus\/raads-test\/#primaryimage\",\"inLanguage\":\"cs\",\"url\":\"https:\/\/www.diagnostika-mysli.cz\/blog\/wp-content\/uploads\/2025\/02\/image-48.png\",\"contentUrl\":\"https:\/\/www.diagnostika-mysli.cz\/blog\/wp-content\/uploads\/2025\/02\/image-48.png\",\"width\":256,\"height\":256},{\"@type\":\"WebPage\",\"@id\":\"https:\/\/www.diagnostika-mysli.cz\/blog\/autismus\/raads-test\/#webpage\",\"url\":\"https:\/\/www.diagnostika-mysli.cz\/blog\/autismus\/raads-test\/\",\"name\":\"RAADS test - Test Mysli\",\"isPartOf\":{\"@id\":\"https:\/\/www.diagnostika-mysli.cz\/blog\/#website\"},\"primaryImageOfPage\":{\"@id\":\"https:\/\/www.diagnostika-mysli.cz\/blog\/autismus\/raads-test\/#primaryimage\"},\"datePublished\":\"2025-02-23T03:25:29+00:00\",\"dateModified\":\"2025-02-24T09:40:14+00:00\",\"author\":{\"@id\":\"https:\/\/www.diagnostika-mysli.cz\/blog\/#\/schema\/person\/8eb1bcaf59fea75c780c11946f4e3490\"},\"breadcrumb\":{\"@id\":\"https:\/\/www.diagnostika-mysli.cz\/blog\/autismus\/raads-test\/#breadcrumb\"},\"inLanguage\":\"cs\",\"potentialAction\":[{\"@type\":\"ReadAction\",\"target\":[\"https:\/\/www.diagnostika-mysli.cz\/blog\/autismus\/raads-test\/\"]}]},{\"@type\":\"BreadcrumbList\",\"@id\":\"https:\/\/www.diagnostika-mysli.cz\/blog\/autismus\/raads-test\/#breadcrumb\",\"itemListElement\":[{\"@type\":\"ListItem\",\"position\":1,\"name\":\"Blog\",\"item\":\"https:\/\/www.diagnostika-mysli.cz\/blog\/\"},{\"@type\":\"ListItem\",\"position\":2,\"name\":\"Autismus\",\"item\":\"https:\/\/www.diagnostika-mysli.cz\/blog\/autismus\/\"},{\"@type\":\"ListItem\",\"position\":3,\"name\":\"RAADS test\"}]},{\"@type\":\"Person\",\"@id\":\"https:\/\/www.diagnostika-mysli.cz\/blog\/#\/schema\/person\/8eb1bcaf59fea75c780c11946f4e3490\",\"name\":\"Test Mysli\",\"image\":{\"@type\":\"ImageObject\",\"@id\":\"https:\/\/www.diagnostika-mysli.cz\/blog\/#personlogo\",\"inLanguage\":\"cs\",\"url\":\"https:\/\/secure.gravatar.com\/avatar\/6743211f010801ea26aa9423a2daab37?s=96&d=mm&r=g\",\"contentUrl\":\"https:\/\/secure.gravatar.com\/avatar\/6743211f010801ea26aa9423a2daab37?s=96&d=mm&r=g\",\"caption\":\"Test Mysli\"},\"sameAs\":[\"https:\/\/www.diagnostika-mysli.cz\/blog\"],\"url\":\"https:\/\/www.diagnostika-mysli.cz\/blog\/author\/diagnostyka-umyslu\/\"}]}<\/script>\n<!-- \/ Yoast SEO plugin. -->","yoast_head_json":{"title":"RAADS test - Test Mysli","robots":{"index":"index","follow":"follow","max-snippet":"max-snippet:-1","max-image-preview":"max-image-preview:large","max-video-preview":"max-video-preview:-1"},"canonical":"https:\/\/www.diagnostika-mysli.cz\/blog\/autismus\/raads-test\/","og_locale":"cs_CZ","og_type":"article","og_title":"RAADS test - Test Mysli","og_description":"Co je RAADS test a jak funguje? RAADS test (Ritvo Autism Asperger Diagnostic Scale) je psychologick\u00fd test, kter\u00fd slou\u017e\u00ed k diagnostice poruch autistick\u00e9ho spektra (PAS)....","og_url":"https:\/\/www.diagnostika-mysli.cz\/blog\/autismus\/raads-test\/","og_site_name":"Test Mysli","article_published_time":"2025-02-23T03:25:29+00:00","article_modified_time":"2025-02-24T09:40:14+00:00","twitter_card":"summary_large_image","twitter_misc":{"Napsal(a)":"Test Mysli","Odhadovan\u00e1 doba \u010dten\u00ed":"4 minuty"},"schema":{"@context":"https:\/\/schema.org","@graph":[{"@type":"WebSite","@id":"https:\/\/www.diagnostika-mysli.cz\/blog\/#website","url":"https:\/\/www.diagnostika-mysli.cz\/blog\/","name":"Test Mysli","description":"Blog o poruch\u00e1ch mysli","potentialAction":[{"@type":"SearchAction","target":{"@type":"EntryPoint","urlTemplate":"https:\/\/www.diagnostika-mysli.cz\/blog\/?s={search_term_string}"},"query-input":"required name=search_term_string"}],"inLanguage":"cs"},{"@type":"ImageObject","@id":"https:\/\/www.diagnostika-mysli.cz\/blog\/autismus\/raads-test\/#primaryimage","inLanguage":"cs","url":"https:\/\/www.diagnostika-mysli.cz\/blog\/wp-content\/uploads\/2025\/02\/image-48.png","contentUrl":"https:\/\/www.diagnostika-mysli.cz\/blog\/wp-content\/uploads\/2025\/02\/image-48.png","width":256,"height":256},{"@type":"WebPage","@id":"https:\/\/www.diagnostika-mysli.cz\/blog\/autismus\/raads-test\/#webpage","url":"https:\/\/www.diagnostika-mysli.cz\/blog\/autismus\/raads-test\/","name":"RAADS test - Test Mysli","isPartOf":{"@id":"https:\/\/www.diagnostika-mysli.cz\/blog\/#website"},"primaryImageOfPage":{"@id":"https:\/\/www.diagnostika-mysli.cz\/blog\/autismus\/raads-test\/#primaryimage"},"datePublished":"2025-02-23T03:25:29+00:00","dateModified":"2025-02-24T09:40:14+00:00","author":{"@id":"https:\/\/www.diagnostika-mysli.cz\/blog\/#\/schema\/person\/8eb1bcaf59fea75c780c11946f4e3490"},"breadcrumb":{"@id":"https:\/\/www.diagnostika-mysli.cz\/blog\/autismus\/raads-test\/#breadcrumb"},"inLanguage":"cs","potentialAction":[{"@type":"ReadAction","target":["https:\/\/www.diagnostika-mysli.cz\/blog\/autismus\/raads-test\/"]}]},{"@type":"BreadcrumbList","@id":"https:\/\/www.diagnostika-mysli.cz\/blog\/autismus\/raads-test\/#breadcrumb","itemListElement":[{"@type":"ListItem","position":1,"name":"Blog","item":"https:\/\/www.diagnostika-mysli.cz\/blog\/"},{"@type":"ListItem","position":2,"name":"Autismus","item":"https:\/\/www.diagnostika-mysli.cz\/blog\/autismus\/"},{"@type":"ListItem","position":3,"name":"RAADS test"}]},{"@type":"Person","@id":"https:\/\/www.diagnostika-mysli.cz\/blog\/#\/schema\/person\/8eb1bcaf59fea75c780c11946f4e3490","name":"Test Mysli","image":{"@type":"ImageObject","@id":"https:\/\/www.diagnostika-mysli.cz\/blog\/#personlogo","inLanguage":"cs","url":"https:\/\/secure.gravatar.com\/avatar\/6743211f010801ea26aa9423a2daab37?s=96&d=mm&r=g","contentUrl":"https:\/\/secure.gravatar.com\/avatar\/6743211f010801ea26aa9423a2daab37?s=96&d=mm&r=g","caption":"Test Mysli"},"sameAs":["https:\/\/www.diagnostika-mysli.cz\/blog"],"url":"https:\/\/www.diagnostika-mysli.cz\/blog\/author\/diagnostyka-umyslu\/"}]}},"amp_enabled":true,"_links":{"self":[{"href":"https:\/\/www.diagnostika-mysli.cz\/blog\/wp-json\/wp\/v2\/posts\/3034"}],"collection":[{"href":"https:\/\/www.diagnostika-mysli.cz\/blog\/wp-json\/wp\/v2\/posts"}],"about":[{"href":"https:\/\/www.diagnostika-mysli.cz\/blog\/wp-json\/wp\/v2\/types\/post"}],"author":[{"embeddable":true,"href":"https:\/\/www.diagnostika-mysli.cz\/blog\/wp-json\/wp\/v2\/users\/1"}],"replies":[{"embeddable":true,"href":"https:\/\/www.diagnostika-mysli.cz\/blog\/wp-json\/wp\/v2\/comments?post=3034"}],"version-history":[{"count":1,"href":"https:\/\/www.diagnostika-mysli.cz\/blog\/wp-json\/wp\/v2\/posts\/3034\/revisions"}],"predecessor-version":[{"id":3040,"href":"https:\/\/www.diagnostika-mysli.cz\/blog\/wp-json\/wp\/v2\/posts\/3034\/revisions\/3040"}],"wp:featuredmedia":[{"embeddable":true,"href":"https:\/\/www.diagnostika-mysli.cz\/blog\/wp-json\/wp\/v2\/media\/3043"}],"wp:attachment":[{"href":"https:\/\/www.diagnostika-mysli.cz\/blog\/wp-json\/wp\/v2\/media?parent=3034"}],"wp:term":[{"taxonomy":"category","embeddable":true,"href":"https:\/\/www.diagnostika-mysli.cz\/blog\/wp-json\/wp\/v2\/categories?post=3034"},{"taxonomy":"post_tag","embeddable":true,"href":"https:\/\/www.diagnostika-mysli.cz\/blog\/wp-json\/wp\/v2\/tags?post=3034"}],"curies":[{"name":"wp","href":"https:\/\/api.w.org\/{rel}","templated":true}]}}