{"id":3036,"date":"2025-02-24T04:25:23","date_gmt":"2025-02-24T03:25:23","guid":{"rendered":"https:\/\/www.diagnostika-mysli.cz\/blog\/autismus\/autismus-priznaky\/"},"modified":"2025-02-24T10:41:12","modified_gmt":"2025-02-24T09:41:12","slug":"autismus-priznaky","status":"publish","type":"post","link":"https:\/\/www.diagnostika-mysli.cz\/blog\/autismus\/autismus-priznaky\/","title":{"rendered":"Autismus p\u0159\u00edznaky"},"content":{"rendered":"<div class=\"topics\">\n<div class=\"topic\">\n<h2>Co jsou p\u0159\u00edznaky autismu a jak je rozpoznat?<\/h2>\n<p>Autismus je neurov\u00fdvojov\u00e1 porucha, kter\u00e1 ovliv\u0148uje komunikaci, soci\u00e1ln\u00ed interakci a chov\u00e1n\u00ed jedince. Tato porucha se projevuje ji\u017e v d\u011btstv\u00ed a m\u016f\u017ee m\u00edt r\u016fzn\u00e9 formy a z\u00e1va\u017enosti. P\u0159\u00edznaky autismu se mohou li\u0161it u ka\u017ed\u00e9ho jedince, ale existuj\u00ed ur\u010dit\u00e9 spole\u010dn\u00e9 znaky, kter\u00e9 mohou pomoci v\u010dasn\u00e9mu rozpozn\u00e1n\u00ed t\u00e9to poruchy.<\/p>\n<p>Jedn\u00edm z hlavn\u00edch p\u0159\u00edznak\u016f autismu je probl\u00e9m s komunikac\u00ed. D\u011bti s touto poruchou maj\u00ed \u010dasto probl\u00e9my s verb\u00e1ln\u00ed komunikac\u00ed, mohou m\u00edt omezen\u00fd slovn\u00ed z\u00e1sobn\u00edk nebo opakuj\u00ed slova a v\u011bty. Mnohem \u010dast\u011bji v\u0161ak pou\u017e\u00edvaj\u00ed neverb\u00e1ln\u00ed komunikaci, jako jsou gesta, mimika nebo pohledy.<\/p>\n<\/div>\n<div class=\"topic\">\n<h2>Jak\u00e9 jsou nej\u010dast\u011bj\u0161\u00ed projevy autismu u d\u011bt\u00ed a dosp\u011bl\u00fdch?<\/h2>\n<p>Autismus je neurov\u00fdvojov\u00e1 porucha, kter\u00e1 se projevuje v r\u016fzn\u00fdch form\u00e1ch a stupn\u00edch z\u00e1va\u017enosti. Nej\u010dast\u011bji se vyskytuje ji\u017e v d\u011btstv\u00ed, ale m\u016f\u017ee se projevit i v dosp\u011blosti. Jeho p\u0159\u00ed\u010diny nejsou zcela zn\u00e1my, ale v\u011bdci se shoduj\u00ed na tom, \u017ee se jedn\u00e1 o kombinaci genetick\u00fdch a environment\u00e1ln\u00edch faktor\u016f.<\/p>\n<p>Nej\u010dast\u011bj\u0161\u00edm projevem autismu u d\u011bt\u00ed je probl\u00e9m s komunikac\u00ed a soci\u00e1ln\u00edmi interakcemi. D\u011bti s touto poruchou maj\u00ed \u010dasto probl\u00e9my s porozum\u011bn\u00edm verb\u00e1ln\u00ed komunikace a s vyjad\u0159ov\u00e1n\u00edm sv\u00fdch my\u0161lenek a pocit\u016f. M\u016f\u017ee se tak\u00e9 projevovat neschopnost\u00ed porozum\u011bt neverb\u00e1ln\u00edm sign\u00e1l\u016fm, jako jsou nap\u0159\u00edklad gesta, mimika nebo t\u00f3n hlasu.<\/p>\n<\/div>\n<div class=\"topic\">\n<h2>Jak m\u016f\u017ee b\u00fdt autismus diagnostikov\u00e1n a l\u00e9\u010den?<\/h2>\n<p>Autismus je neurov\u00fdvojov\u00e1 porucha, kter\u00e1 ovliv\u0148uje komunikaci, soci\u00e1ln\u00ed interakci a chov\u00e1n\u00ed jedince. Tato porucha se projevuje ji\u017e v ran\u00e9m d\u011btstv\u00ed a m\u016f\u017ee m\u00edt r\u016fzn\u00e9 formy a z\u00e1va\u017enosti. Diagnostikov\u00e1n\u00ed a l\u00e9\u010dba autismu jsou d\u016fle\u017eit\u00e9 pro zaji\u0161t\u011bn\u00ed kvalitn\u00edho \u017eivota pro jedince s touto poruchou.<\/p>\n<p>Diagnostika autismu je slo\u017eit\u00fd proces, kter\u00fd zahrnuje pozorov\u00e1n\u00ed chov\u00e1n\u00ed a komunikace jedince, vypln\u011bn\u00ed dotazn\u00edk\u016f a test\u016f a spolupr\u00e1ci s rodinou a dal\u0161\u00edmi odborn\u00edky. Prvn\u00edm krokem je obvykle n\u00e1v\u0161t\u011bva pediatra nebo d\u011btsk\u00e9ho psychiatra, kte\u0159\u00ed provedou z\u00e1kladn\u00ed vy\u0161et\u0159en\u00ed a posoud\u00ed p\u0159\u00edznaky autismu. Pokud jsou p\u0159\u00edtomny ur\u010dit\u00e9 znaky, m\u016f\u017ee b\u00fdt doporu\u010dena n\u00e1v\u0161t\u011bva specializovan\u00e9ho centra pro diagnostiku autismu.<\/p>\n<\/div>\n<div class=\"topic\">\n<h2>Jak mohou rodina a p\u0159\u00e1tel\u00e9 pomoci osob\u00e1m s autismem?<\/h2>\n<p>Autismus je neurov\u00fdvojov\u00e1 porucha, kter\u00e1 ovliv\u0148uje komunikaci, soci\u00e1ln\u00ed interakci a chov\u00e1n\u00ed jedince. Osoby s autismem maj\u00ed \u010dasto probl\u00e9my s porozum\u011bn\u00edm emoc\u00edm a soci\u00e1ln\u00edm interakc\u00edm, co\u017e m\u016f\u017ee b\u00fdt pro n\u011b velmi frustruj\u00edc\u00ed. V takov\u00fdch situac\u00edch m\u016f\u017ee b\u00fdt velmi d\u016fle\u017eit\u00e1 podpora rodiny a p\u0159\u00e1tel, kte\u0159\u00ed mohou pomoci osob\u00e1m s autismem l\u00e9pe se p\u0159izp\u016fsobit sv\u00e9mu okol\u00ed a zlep\u0161it jejich kvalitu \u017eivota.<\/p>\n<p>Prvn\u00edm a nejd\u016fle\u017eit\u011bj\u0161\u00edm zp\u016fsobem, jak mohou rodina a p\u0159\u00e1tel\u00e9 pomoci osob\u00e1m s autismem, je poskytnut\u00ed l\u00e1sky a podpory. Osoby s autismem mohou m\u00edt \u010dasto pocit, \u017ee jsou jin\u00e9 a nezapadaj\u00ed do spole\u010dnosti. Proto je d\u016fle\u017eit\u00e9, aby se c\u00edtili milovan\u00ed a p\u0159ijat\u00ed takov\u00ed, jac\u00ed jsou.<\/p>\n<\/div>\n<\/div>\n","protected":false},"excerpt":{"rendered":"<p>Co jsou p\u0159\u00edznaky autismu a jak je rozpoznat? Autismus je neurov\u00fdvojov\u00e1 porucha, kter\u00e1 ovliv\u0148uje komunikaci, soci\u00e1ln\u00ed interakci a chov\u00e1n\u00ed jedince. Tato porucha se projevuje ji\u017e&#8230;<\/p>\n","protected":false},"author":1,"featured_media":3044,"comment_status":"closed","ping_status":"open","sticky":false,"template":"","format":"standard","meta":{"inline_featured_image":false},"categories":[849],"tags":[],"yoast_head":"<!-- This site is optimized with the Yoast SEO plugin v18.1 - https:\/\/yoast.com\/wordpress\/plugins\/seo\/ -->\n<title>Autismus p\u0159\u00edznaky - Test Mysli<\/title>\n<meta name=\"robots\" content=\"index, follow, max-snippet:-1, max-image-preview:large, max-video-preview:-1\" \/>\n<link rel=\"canonical\" href=\"https:\/\/www.diagnostika-mysli.cz\/blog\/autismus\/autismus-priznaky\/\" \/>\n<meta property=\"og:locale\" content=\"cs_CZ\" \/>\n<meta property=\"og:type\" content=\"article\" \/>\n<meta property=\"og:title\" content=\"Autismus p\u0159\u00edznaky - Test Mysli\" \/>\n<meta property=\"og:description\" content=\"Co jsou p\u0159\u00edznaky autismu a jak je rozpoznat? Autismus je neurov\u00fdvojov\u00e1 porucha, kter\u00e1 ovliv\u0148uje komunikaci, soci\u00e1ln\u00ed interakci a chov\u00e1n\u00ed jedince. Tato porucha se projevuje ji\u017e...\" \/>\n<meta property=\"og:url\" content=\"https:\/\/www.diagnostika-mysli.cz\/blog\/autismus\/autismus-priznaky\/\" \/>\n<meta property=\"og:site_name\" content=\"Test Mysli\" \/>\n<meta property=\"article:published_time\" content=\"2025-02-24T03:25:23+00:00\" \/>\n<meta property=\"article:modified_time\" content=\"2025-02-24T09:41:12+00:00\" \/>\n<meta name=\"twitter:card\" content=\"summary_large_image\" \/>\n<meta name=\"twitter:label1\" content=\"Napsal(a)\" \/>\n\t<meta name=\"twitter:data1\" content=\"Test Mysli\" \/>\n\t<meta name=\"twitter:label2\" content=\"Odhadovan\u00e1 doba \u010dten\u00ed\" \/>\n\t<meta name=\"twitter:data2\" content=\"3 minuty\" \/>\n<script type=\"application\/ld+json\" class=\"yoast-schema-graph\">{\"@context\":\"https:\/\/schema.org\",\"@graph\":[{\"@type\":\"WebSite\",\"@id\":\"https:\/\/www.diagnostika-mysli.cz\/blog\/#website\",\"url\":\"https:\/\/www.diagnostika-mysli.cz\/blog\/\",\"name\":\"Test Mysli\",\"description\":\"Blog o poruch\u00e1ch mysli\",\"potentialAction\":[{\"@type\":\"SearchAction\",\"target\":{\"@type\":\"EntryPoint\",\"urlTemplate\":\"https:\/\/www.diagnostika-mysli.cz\/blog\/?s={search_term_string}\"},\"query-input\":\"required name=search_term_string\"}],\"inLanguage\":\"cs\"},{\"@type\":\"ImageObject\",\"@id\":\"https:\/\/www.diagnostika-mysli.cz\/blog\/autismus\/autismus-priznaky\/#primaryimage\",\"inLanguage\":\"cs\",\"url\":\"https:\/\/www.diagnostika-mysli.cz\/blog\/wp-content\/uploads\/2025\/02\/image-49.png\",\"contentUrl\":\"https:\/\/www.diagnostika-mysli.cz\/blog\/wp-content\/uploads\/2025\/02\/image-49.png\",\"width\":256,\"height\":256},{\"@type\":\"WebPage\",\"@id\":\"https:\/\/www.diagnostika-mysli.cz\/blog\/autismus\/autismus-priznaky\/#webpage\",\"url\":\"https:\/\/www.diagnostika-mysli.cz\/blog\/autismus\/autismus-priznaky\/\",\"name\":\"Autismus p\u0159\u00edznaky - Test Mysli\",\"isPartOf\":{\"@id\":\"https:\/\/www.diagnostika-mysli.cz\/blog\/#website\"},\"primaryImageOfPage\":{\"@id\":\"https:\/\/www.diagnostika-mysli.cz\/blog\/autismus\/autismus-priznaky\/#primaryimage\"},\"datePublished\":\"2025-02-24T03:25:23+00:00\",\"dateModified\":\"2025-02-24T09:41:12+00:00\",\"author\":{\"@id\":\"https:\/\/www.diagnostika-mysli.cz\/blog\/#\/schema\/person\/8eb1bcaf59fea75c780c11946f4e3490\"},\"breadcrumb\":{\"@id\":\"https:\/\/www.diagnostika-mysli.cz\/blog\/autismus\/autismus-priznaky\/#breadcrumb\"},\"inLanguage\":\"cs\",\"potentialAction\":[{\"@type\":\"ReadAction\",\"target\":[\"https:\/\/www.diagnostika-mysli.cz\/blog\/autismus\/autismus-priznaky\/\"]}]},{\"@type\":\"BreadcrumbList\",\"@id\":\"https:\/\/www.diagnostika-mysli.cz\/blog\/autismus\/autismus-priznaky\/#breadcrumb\",\"itemListElement\":[{\"@type\":\"ListItem\",\"position\":1,\"name\":\"Blog\",\"item\":\"https:\/\/www.diagnostika-mysli.cz\/blog\/\"},{\"@type\":\"ListItem\",\"position\":2,\"name\":\"Autismus\",\"item\":\"https:\/\/www.diagnostika-mysli.cz\/blog\/autismus\/\"},{\"@type\":\"ListItem\",\"position\":3,\"name\":\"Autismus p\u0159\u00edznaky\"}]},{\"@type\":\"Person\",\"@id\":\"https:\/\/www.diagnostika-mysli.cz\/blog\/#\/schema\/person\/8eb1bcaf59fea75c780c11946f4e3490\",\"name\":\"Test Mysli\",\"image\":{\"@type\":\"ImageObject\",\"@id\":\"https:\/\/www.diagnostika-mysli.cz\/blog\/#personlogo\",\"inLanguage\":\"cs\",\"url\":\"https:\/\/secure.gravatar.com\/avatar\/6743211f010801ea26aa9423a2daab37?s=96&d=mm&r=g\",\"contentUrl\":\"https:\/\/secure.gravatar.com\/avatar\/6743211f010801ea26aa9423a2daab37?s=96&d=mm&r=g\",\"caption\":\"Test Mysli\"},\"sameAs\":[\"https:\/\/www.diagnostika-mysli.cz\/blog\"],\"url\":\"https:\/\/www.diagnostika-mysli.cz\/blog\/author\/diagnostyka-umyslu\/\"}]}<\/script>\n<!-- \/ Yoast SEO plugin. -->","yoast_head_json":{"title":"Autismus p\u0159\u00edznaky - Test Mysli","robots":{"index":"index","follow":"follow","max-snippet":"max-snippet:-1","max-image-preview":"max-image-preview:large","max-video-preview":"max-video-preview:-1"},"canonical":"https:\/\/www.diagnostika-mysli.cz\/blog\/autismus\/autismus-priznaky\/","og_locale":"cs_CZ","og_type":"article","og_title":"Autismus p\u0159\u00edznaky - Test Mysli","og_description":"Co jsou p\u0159\u00edznaky autismu a jak je rozpoznat? Autismus je neurov\u00fdvojov\u00e1 porucha, kter\u00e1 ovliv\u0148uje komunikaci, soci\u00e1ln\u00ed interakci a chov\u00e1n\u00ed jedince. Tato porucha se projevuje ji\u017e...","og_url":"https:\/\/www.diagnostika-mysli.cz\/blog\/autismus\/autismus-priznaky\/","og_site_name":"Test Mysli","article_published_time":"2025-02-24T03:25:23+00:00","article_modified_time":"2025-02-24T09:41:12+00:00","twitter_card":"summary_large_image","twitter_misc":{"Napsal(a)":"Test Mysli","Odhadovan\u00e1 doba \u010dten\u00ed":"3 minuty"},"schema":{"@context":"https:\/\/schema.org","@graph":[{"@type":"WebSite","@id":"https:\/\/www.diagnostika-mysli.cz\/blog\/#website","url":"https:\/\/www.diagnostika-mysli.cz\/blog\/","name":"Test Mysli","description":"Blog o poruch\u00e1ch mysli","potentialAction":[{"@type":"SearchAction","target":{"@type":"EntryPoint","urlTemplate":"https:\/\/www.diagnostika-mysli.cz\/blog\/?s={search_term_string}"},"query-input":"required name=search_term_string"}],"inLanguage":"cs"},{"@type":"ImageObject","@id":"https:\/\/www.diagnostika-mysli.cz\/blog\/autismus\/autismus-priznaky\/#primaryimage","inLanguage":"cs","url":"https:\/\/www.diagnostika-mysli.cz\/blog\/wp-content\/uploads\/2025\/02\/image-49.png","contentUrl":"https:\/\/www.diagnostika-mysli.cz\/blog\/wp-content\/uploads\/2025\/02\/image-49.png","width":256,"height":256},{"@type":"WebPage","@id":"https:\/\/www.diagnostika-mysli.cz\/blog\/autismus\/autismus-priznaky\/#webpage","url":"https:\/\/www.diagnostika-mysli.cz\/blog\/autismus\/autismus-priznaky\/","name":"Autismus p\u0159\u00edznaky - Test Mysli","isPartOf":{"@id":"https:\/\/www.diagnostika-mysli.cz\/blog\/#website"},"primaryImageOfPage":{"@id":"https:\/\/www.diagnostika-mysli.cz\/blog\/autismus\/autismus-priznaky\/#primaryimage"},"datePublished":"2025-02-24T03:25:23+00:00","dateModified":"2025-02-24T09:41:12+00:00","author":{"@id":"https:\/\/www.diagnostika-mysli.cz\/blog\/#\/schema\/person\/8eb1bcaf59fea75c780c11946f4e3490"},"breadcrumb":{"@id":"https:\/\/www.diagnostika-mysli.cz\/blog\/autismus\/autismus-priznaky\/#breadcrumb"},"inLanguage":"cs","potentialAction":[{"@type":"ReadAction","target":["https:\/\/www.diagnostika-mysli.cz\/blog\/autismus\/autismus-priznaky\/"]}]},{"@type":"BreadcrumbList","@id":"https:\/\/www.diagnostika-mysli.cz\/blog\/autismus\/autismus-priznaky\/#breadcrumb","itemListElement":[{"@type":"ListItem","position":1,"name":"Blog","item":"https:\/\/www.diagnostika-mysli.cz\/blog\/"},{"@type":"ListItem","position":2,"name":"Autismus","item":"https:\/\/www.diagnostika-mysli.cz\/blog\/autismus\/"},{"@type":"ListItem","position":3,"name":"Autismus p\u0159\u00edznaky"}]},{"@type":"Person","@id":"https:\/\/www.diagnostika-mysli.cz\/blog\/#\/schema\/person\/8eb1bcaf59fea75c780c11946f4e3490","name":"Test Mysli","image":{"@type":"ImageObject","@id":"https:\/\/www.diagnostika-mysli.cz\/blog\/#personlogo","inLanguage":"cs","url":"https:\/\/secure.gravatar.com\/avatar\/6743211f010801ea26aa9423a2daab37?s=96&d=mm&r=g","contentUrl":"https:\/\/secure.gravatar.com\/avatar\/6743211f010801ea26aa9423a2daab37?s=96&d=mm&r=g","caption":"Test Mysli"},"sameAs":["https:\/\/www.diagnostika-mysli.cz\/blog"],"url":"https:\/\/www.diagnostika-mysli.cz\/blog\/author\/diagnostyka-umyslu\/"}]}},"amp_enabled":true,"_links":{"self":[{"href":"https:\/\/www.diagnostika-mysli.cz\/blog\/wp-json\/wp\/v2\/posts\/3036"}],"collection":[{"href":"https:\/\/www.diagnostika-mysli.cz\/blog\/wp-json\/wp\/v2\/posts"}],"about":[{"href":"https:\/\/www.diagnostika-mysli.cz\/blog\/wp-json\/wp\/v2\/types\/post"}],"author":[{"embeddable":true,"href":"https:\/\/www.diagnostika-mysli.cz\/blog\/wp-json\/wp\/v2\/users\/1"}],"replies":[{"embeddable":true,"href":"https:\/\/www.diagnostika-mysli.cz\/blog\/wp-json\/wp\/v2\/comments?post=3036"}],"version-history":[{"count":1,"href":"https:\/\/www.diagnostika-mysli.cz\/blog\/wp-json\/wp\/v2\/posts\/3036\/revisions"}],"predecessor-version":[{"id":3042,"href":"https:\/\/www.diagnostika-mysli.cz\/blog\/wp-json\/wp\/v2\/posts\/3036\/revisions\/3042"}],"wp:featuredmedia":[{"embeddable":true,"href":"https:\/\/www.diagnostika-mysli.cz\/blog\/wp-json\/wp\/v2\/media\/3044"}],"wp:attachment":[{"href":"https:\/\/www.diagnostika-mysli.cz\/blog\/wp-json\/wp\/v2\/media?parent=3036"}],"wp:term":[{"taxonomy":"category","embeddable":true,"href":"https:\/\/www.diagnostika-mysli.cz\/blog\/wp-json\/wp\/v2\/categories?post=3036"},{"taxonomy":"post_tag","embeddable":true,"href":"https:\/\/www.diagnostika-mysli.cz\/blog\/wp-json\/wp\/v2\/tags?post=3036"}],"curies":[{"name":"wp","href":"https:\/\/api.w.org\/{rel}","templated":true}]}}