{"id":3048,"date":"2025-02-25T04:25:25","date_gmt":"2025-02-25T03:25:25","guid":{"rendered":"https:\/\/www.diagnostika-mysli.cz\/blog\/autismus\/aspergeruv-syndrom-priznaky-v-dospelosti\/"},"modified":"2025-02-25T15:52:56","modified_gmt":"2025-02-25T14:52:56","slug":"aspergeruv-syndrom-priznaky-v-dospelosti","status":"publish","type":"post","link":"https:\/\/www.diagnostika-mysli.cz\/blog\/autismus\/aspergeruv-syndrom-priznaky-v-dospelosti\/","title":{"rendered":"Asperger\u016fv syndrom p\u0159\u00edznaky v dosp\u011blosti"},"content":{"rendered":"<div class=\"topics\">\n<div class=\"topic\">\n<h2>Jak\u00e9 jsou nej\u010dast\u011bj\u0161\u00ed p\u0159\u00edznaky Aspergerova syndromu u dosp\u011bl\u00fdch a jak je rozpoznat?<\/h2>\n<p>Asperger\u016fv syndrom je neurov\u00fdvojov\u00e9 onemocn\u011bn\u00ed, kter\u00e9 se projevuje p\u0159edev\u0161\u00edm v soci\u00e1ln\u00edm chov\u00e1n\u00ed a komunikaci. Toto onemocn\u011bn\u00ed se obvykle projevuje ji\u017e v d\u011btstv\u00ed, ale m\u016f\u017ee b\u00fdt rozpozn\u00e1no i u dosp\u011bl\u00fdch. V tomto \u010dl\u00e1nku se zam\u011b\u0159\u00edme na nej\u010dast\u011bj\u0161\u00ed p\u0159\u00edznaky Aspergerova syndromu u dosp\u011bl\u00fdch a jak je rozpoznat.<\/p>\n<p>1. Probl\u00e9my s komunikac\u00ed<\/p>\n<p>Jedn\u00edm z hlavn\u00edch p\u0159\u00edznak\u016f Aspergerova syndromu u dosp\u011bl\u00fdch je probl\u00e9m s komunikac\u00ed. Ti, kte\u0159\u00ed trp\u00ed t\u00edmto onemocn\u011bn\u00edm, maj\u00ed \u010dasto probl\u00e9my s porozum\u011bn\u00edm neverb\u00e1ln\u00ed komunikaci, jako jsou nap\u0159\u00edklad gesta, mimika nebo t\u00f3n hlasu. Mohou tak\u00e9 m\u00edt probl\u00e9my s porozum\u011bn\u00edm ironie, sarkasmu nebo nads\u00e1zky.<\/p>\n<\/div>\n<div class=\"topic\">\n<h2>Vliv Aspergerova syndromu na ka\u017edodenn\u00ed \u017eivot dosp\u011bl\u00fdch &#8211; jak se projevuje a jak s n\u00edm efektivn\u011b pracovat?<\/h2>\n<p>Asperger\u016fv syndrom je neurov\u00fdvojov\u00e9 onemocn\u011bn\u00ed, kter\u00e9 se projevuje p\u0159edev\u0161\u00edm v soci\u00e1ln\u00edch interakc\u00edch a komunikaci. Toto onemocn\u011bn\u00ed se nej\u010dast\u011bji projevuje ji\u017e v d\u011btstv\u00ed, ale m\u016f\u017ee se tak\u00e9 projevit a\u017e v dosp\u011blosti. Vliv Aspergerova syndromu na ka\u017edodenn\u00ed \u017eivot dosp\u011bl\u00fdch je velmi v\u00fdznamn\u00fd a m\u016f\u017ee m\u00edt zna\u010dn\u00fd dopad na jejich pracovn\u00ed a osobn\u00ed \u017eivot.<\/p>\n<p>Jedn\u00edm z hlavn\u00edch projev\u016f Aspergerova syndromu je naru\u0161en\u00e1 soci\u00e1ln\u00ed interakce. Dosp\u011bl\u00ed s t\u00edmto syndromem maj\u00ed \u010dasto probl\u00e9my s porozum\u011bn\u00edm neverb\u00e1ln\u00ed komunikace, jako jsou nap\u0159\u00edklad gesta, mimika nebo t\u00f3n hlasu. Toto m\u016f\u017ee v\u00e9st k nedorozum\u011bn\u00edm a probl\u00e9m\u016fm v komunikaci s ostatn\u00edmi lidmi.<\/p>\n<\/div>\n<div class=\"topic\">\n<h2>Asperger\u016fv syndrom a vztahy &#8211; jak\u00e9 jsou v\u00fdzvy a jak se s nimi vyrovnat?<\/h2>\n<p>Asperger\u016fv syndrom je neurov\u00fdvojov\u00e9 onemocn\u011bn\u00ed, kter\u00e9 se projevuje p\u0159edev\u0161\u00edm v soci\u00e1ln\u00edch interakc\u00edch a komunikaci. Lid\u00e9 s t\u00edmto syndromem maj\u00ed \u010dasto probl\u00e9my s porozum\u011bn\u00edm soci\u00e1ln\u00edm n\u00e1vyk\u016fm a nesn\u00e1\u0161ej\u00ed zm\u011bny v rutin\u011b. Tyto vlastnosti mohou m\u00edt vliv i na jejich vztahy s ostatn\u00edmi lidmi.<\/p>\n<p>Vztahy jsou pro ka\u017ed\u00e9ho d\u016fle\u017eitou sou\u010d\u00e1st\u00ed \u017eivota a pro lidi s Aspergerov\u00fdm syndromem mohou b\u00fdt v\u00fdzvou. Jedn\u00edm z hlavn\u00edch probl\u00e9m\u016f je porozum\u011bn\u00ed a interpretace neverb\u00e1ln\u00ed komunikace. Lid\u00e9 s Aspergerov\u00fdm syndromem maj\u00ed \u010dasto probl\u00e9my s \u010dten\u00edm mimiky, gest a t\u00f3nu hlasu, co\u017e m\u016f\u017ee v\u00e9st k nedorozum\u011bn\u00edm a konflikt\u016fm v komunikaci s ostatn\u00edmi.<\/p>\n<\/div>\n<div class=\"topic\">\n<h2>Mo\u017enosti l\u00e9\u010dby a podpory pro dosp\u011bl\u00e9 s Aspergerov\u00fdm syndromem &#8211; jak\u00e9 jsou dostupn\u00e9 terapie a jak mohou pomoci?<\/h2>\n<p>Asperger\u016fv syndrom je neurov\u00fdvojov\u00e9 onemocn\u011bn\u00ed, kter\u00e9 se projevuje p\u0159edev\u0161\u00edm poruchami soci\u00e1ln\u00ed interakce a komunikace, stereotypn\u00edmi chov\u00e1n\u00edmi a omezen\u00fdmi z\u00e1jmy. Toto onemocn\u011bn\u00ed postihuje p\u0159edev\u0161\u00edm dosp\u011bl\u00e9 jedince a m\u016f\u017ee m\u00edt v\u00fdrazn\u00fd dopad na jejich ka\u017edodenn\u00ed \u017eivot. Proto je d\u016fle\u017eit\u00e9, aby byly pro n\u011b dostupn\u00e9 vhodn\u00e9 mo\u017enosti l\u00e9\u010dby a podpory.<\/p>\n<p>Existuje n\u011bkolik terapi\u00ed, kter\u00e9 mohou pomoci dosp\u011bl\u00fdm s Aspergerov\u00fdm syndromem zvl\u00e1dat jejich obt\u00ed\u017ee a zlep\u0161it jejich kvalitu \u017eivota. Jednou z nej\u010dast\u011bji pou\u017e\u00edvan\u00fdch terapi\u00ed je kognitivn\u011b-behavior\u00e1ln\u00ed terapie (KBT). Tato terapie se zam\u011b\u0159uje na zm\u011bnu my\u0161len\u00ed a chov\u00e1n\u00ed, kter\u00e9 mohou b\u00fdt pro jedince s Aspergerov\u00fdm syndromem problematick\u00e9.<\/p>\n<\/div>\n<\/div>\n","protected":false},"excerpt":{"rendered":"<p>Jak\u00e9 jsou nej\u010dast\u011bj\u0161\u00ed p\u0159\u00edznaky Aspergerova syndromu u dosp\u011bl\u00fdch a jak je rozpoznat? Asperger\u016fv syndrom je neurov\u00fdvojov\u00e9 onemocn\u011bn\u00ed, kter\u00e9 se projevuje p\u0159edev\u0161\u00edm v soci\u00e1ln\u00edm chov\u00e1n\u00ed a&#8230;<\/p>\n","protected":false},"author":1,"featured_media":3049,"comment_status":"closed","ping_status":"open","sticky":false,"template":"","format":"standard","meta":{"inline_featured_image":false},"categories":[849],"tags":[],"yoast_head":"<!-- This site is optimized with the Yoast SEO plugin v18.1 - https:\/\/yoast.com\/wordpress\/plugins\/seo\/ -->\n<title>Asperger\u016fv syndrom p\u0159\u00edznaky v dosp\u011blosti - Test Mysli<\/title>\n<meta name=\"robots\" content=\"index, follow, max-snippet:-1, max-image-preview:large, max-video-preview:-1\" \/>\n<link rel=\"canonical\" href=\"https:\/\/www.diagnostika-mysli.cz\/blog\/autismus\/aspergeruv-syndrom-priznaky-v-dospelosti\/\" \/>\n<meta property=\"og:locale\" content=\"cs_CZ\" \/>\n<meta property=\"og:type\" content=\"article\" \/>\n<meta property=\"og:title\" content=\"Asperger\u016fv syndrom p\u0159\u00edznaky v dosp\u011blosti - Test Mysli\" \/>\n<meta property=\"og:description\" content=\"Jak\u00e9 jsou nej\u010dast\u011bj\u0161\u00ed p\u0159\u00edznaky Aspergerova syndromu u dosp\u011bl\u00fdch a jak je rozpoznat? Asperger\u016fv syndrom je neurov\u00fdvojov\u00e9 onemocn\u011bn\u00ed, kter\u00e9 se projevuje p\u0159edev\u0161\u00edm v soci\u00e1ln\u00edm chov\u00e1n\u00ed a...\" \/>\n<meta property=\"og:url\" content=\"https:\/\/www.diagnostika-mysli.cz\/blog\/autismus\/aspergeruv-syndrom-priznaky-v-dospelosti\/\" \/>\n<meta property=\"og:site_name\" content=\"Test Mysli\" \/>\n<meta property=\"article:published_time\" content=\"2025-02-25T03:25:25+00:00\" \/>\n<meta property=\"article:modified_time\" content=\"2025-02-25T14:52:56+00:00\" \/>\n<meta property=\"og:image\" content=\"https:\/\/www.diagnostika-mysli.cz\/blog\/wp-content\/uploads\/2025\/02\/image-52.png\" \/>\n\t<meta property=\"og:image:width\" content=\"256\" \/>\n\t<meta property=\"og:image:height\" content=\"256\" \/>\n\t<meta property=\"og:image:type\" content=\"image\/png\" \/>\n<meta name=\"twitter:card\" content=\"summary_large_image\" \/>\n<meta name=\"twitter:label1\" content=\"Napsal(a)\" \/>\n\t<meta name=\"twitter:data1\" content=\"Test Mysli\" \/>\n\t<meta name=\"twitter:label2\" content=\"Odhadovan\u00e1 doba \u010dten\u00ed\" \/>\n\t<meta name=\"twitter:data2\" content=\"3 minuty\" \/>\n<script type=\"application\/ld+json\" class=\"yoast-schema-graph\">{\"@context\":\"https:\/\/schema.org\",\"@graph\":[{\"@type\":\"WebSite\",\"@id\":\"https:\/\/www.diagnostika-mysli.cz\/blog\/#website\",\"url\":\"https:\/\/www.diagnostika-mysli.cz\/blog\/\",\"name\":\"Test Mysli\",\"description\":\"Blog o poruch\u00e1ch mysli\",\"potentialAction\":[{\"@type\":\"SearchAction\",\"target\":{\"@type\":\"EntryPoint\",\"urlTemplate\":\"https:\/\/www.diagnostika-mysli.cz\/blog\/?s={search_term_string}\"},\"query-input\":\"required name=search_term_string\"}],\"inLanguage\":\"cs\"},{\"@type\":\"ImageObject\",\"@id\":\"https:\/\/www.diagnostika-mysli.cz\/blog\/autismus\/aspergeruv-syndrom-priznaky-v-dospelosti\/#primaryimage\",\"inLanguage\":\"cs\",\"url\":\"https:\/\/www.diagnostika-mysli.cz\/blog\/wp-content\/uploads\/2025\/02\/image-52.png\",\"contentUrl\":\"https:\/\/www.diagnostika-mysli.cz\/blog\/wp-content\/uploads\/2025\/02\/image-52.png\",\"width\":256,\"height\":256},{\"@type\":\"WebPage\",\"@id\":\"https:\/\/www.diagnostika-mysli.cz\/blog\/autismus\/aspergeruv-syndrom-priznaky-v-dospelosti\/#webpage\",\"url\":\"https:\/\/www.diagnostika-mysli.cz\/blog\/autismus\/aspergeruv-syndrom-priznaky-v-dospelosti\/\",\"name\":\"Asperger\u016fv syndrom p\u0159\u00edznaky v dosp\u011blosti - Test Mysli\",\"isPartOf\":{\"@id\":\"https:\/\/www.diagnostika-mysli.cz\/blog\/#website\"},\"primaryImageOfPage\":{\"@id\":\"https:\/\/www.diagnostika-mysli.cz\/blog\/autismus\/aspergeruv-syndrom-priznaky-v-dospelosti\/#primaryimage\"},\"datePublished\":\"2025-02-25T03:25:25+00:00\",\"dateModified\":\"2025-02-25T14:52:56+00:00\",\"author\":{\"@id\":\"https:\/\/www.diagnostika-mysli.cz\/blog\/#\/schema\/person\/8eb1bcaf59fea75c780c11946f4e3490\"},\"breadcrumb\":{\"@id\":\"https:\/\/www.diagnostika-mysli.cz\/blog\/autismus\/aspergeruv-syndrom-priznaky-v-dospelosti\/#breadcrumb\"},\"inLanguage\":\"cs\",\"potentialAction\":[{\"@type\":\"ReadAction\",\"target\":[\"https:\/\/www.diagnostika-mysli.cz\/blog\/autismus\/aspergeruv-syndrom-priznaky-v-dospelosti\/\"]}]},{\"@type\":\"BreadcrumbList\",\"@id\":\"https:\/\/www.diagnostika-mysli.cz\/blog\/autismus\/aspergeruv-syndrom-priznaky-v-dospelosti\/#breadcrumb\",\"itemListElement\":[{\"@type\":\"ListItem\",\"position\":1,\"name\":\"Blog\",\"item\":\"https:\/\/www.diagnostika-mysli.cz\/blog\/\"},{\"@type\":\"ListItem\",\"position\":2,\"name\":\"Autismus\",\"item\":\"https:\/\/www.diagnostika-mysli.cz\/blog\/autismus\/\"},{\"@type\":\"ListItem\",\"position\":3,\"name\":\"Asperger\u016fv syndrom p\u0159\u00edznaky v dosp\u011blosti\"}]},{\"@type\":\"Person\",\"@id\":\"https:\/\/www.diagnostika-mysli.cz\/blog\/#\/schema\/person\/8eb1bcaf59fea75c780c11946f4e3490\",\"name\":\"Test Mysli\",\"image\":{\"@type\":\"ImageObject\",\"@id\":\"https:\/\/www.diagnostika-mysli.cz\/blog\/#personlogo\",\"inLanguage\":\"cs\",\"url\":\"https:\/\/secure.gravatar.com\/avatar\/6743211f010801ea26aa9423a2daab37?s=96&d=mm&r=g\",\"contentUrl\":\"https:\/\/secure.gravatar.com\/avatar\/6743211f010801ea26aa9423a2daab37?s=96&d=mm&r=g\",\"caption\":\"Test Mysli\"},\"sameAs\":[\"https:\/\/www.diagnostika-mysli.cz\/blog\"],\"url\":\"https:\/\/www.diagnostika-mysli.cz\/blog\/author\/diagnostyka-umyslu\/\"}]}<\/script>\n<!-- \/ Yoast SEO plugin. -->","yoast_head_json":{"title":"Asperger\u016fv syndrom p\u0159\u00edznaky v dosp\u011blosti - Test Mysli","robots":{"index":"index","follow":"follow","max-snippet":"max-snippet:-1","max-image-preview":"max-image-preview:large","max-video-preview":"max-video-preview:-1"},"canonical":"https:\/\/www.diagnostika-mysli.cz\/blog\/autismus\/aspergeruv-syndrom-priznaky-v-dospelosti\/","og_locale":"cs_CZ","og_type":"article","og_title":"Asperger\u016fv syndrom p\u0159\u00edznaky v dosp\u011blosti - Test Mysli","og_description":"Jak\u00e9 jsou nej\u010dast\u011bj\u0161\u00ed p\u0159\u00edznaky Aspergerova syndromu u dosp\u011bl\u00fdch a jak je rozpoznat? Asperger\u016fv syndrom je neurov\u00fdvojov\u00e9 onemocn\u011bn\u00ed, kter\u00e9 se projevuje p\u0159edev\u0161\u00edm v soci\u00e1ln\u00edm chov\u00e1n\u00ed a...","og_url":"https:\/\/www.diagnostika-mysli.cz\/blog\/autismus\/aspergeruv-syndrom-priznaky-v-dospelosti\/","og_site_name":"Test Mysli","article_published_time":"2025-02-25T03:25:25+00:00","article_modified_time":"2025-02-25T14:52:56+00:00","og_image":[{"width":256,"height":256,"url":"https:\/\/www.diagnostika-mysli.cz\/blog\/wp-content\/uploads\/2025\/02\/image-52.png","type":"image\/png"}],"twitter_card":"summary_large_image","twitter_misc":{"Napsal(a)":"Test Mysli","Odhadovan\u00e1 doba \u010dten\u00ed":"3 minuty"},"schema":{"@context":"https:\/\/schema.org","@graph":[{"@type":"WebSite","@id":"https:\/\/www.diagnostika-mysli.cz\/blog\/#website","url":"https:\/\/www.diagnostika-mysli.cz\/blog\/","name":"Test Mysli","description":"Blog o poruch\u00e1ch mysli","potentialAction":[{"@type":"SearchAction","target":{"@type":"EntryPoint","urlTemplate":"https:\/\/www.diagnostika-mysli.cz\/blog\/?s={search_term_string}"},"query-input":"required name=search_term_string"}],"inLanguage":"cs"},{"@type":"ImageObject","@id":"https:\/\/www.diagnostika-mysli.cz\/blog\/autismus\/aspergeruv-syndrom-priznaky-v-dospelosti\/#primaryimage","inLanguage":"cs","url":"https:\/\/www.diagnostika-mysli.cz\/blog\/wp-content\/uploads\/2025\/02\/image-52.png","contentUrl":"https:\/\/www.diagnostika-mysli.cz\/blog\/wp-content\/uploads\/2025\/02\/image-52.png","width":256,"height":256},{"@type":"WebPage","@id":"https:\/\/www.diagnostika-mysli.cz\/blog\/autismus\/aspergeruv-syndrom-priznaky-v-dospelosti\/#webpage","url":"https:\/\/www.diagnostika-mysli.cz\/blog\/autismus\/aspergeruv-syndrom-priznaky-v-dospelosti\/","name":"Asperger\u016fv syndrom p\u0159\u00edznaky v dosp\u011blosti - Test Mysli","isPartOf":{"@id":"https:\/\/www.diagnostika-mysli.cz\/blog\/#website"},"primaryImageOfPage":{"@id":"https:\/\/www.diagnostika-mysli.cz\/blog\/autismus\/aspergeruv-syndrom-priznaky-v-dospelosti\/#primaryimage"},"datePublished":"2025-02-25T03:25:25+00:00","dateModified":"2025-02-25T14:52:56+00:00","author":{"@id":"https:\/\/www.diagnostika-mysli.cz\/blog\/#\/schema\/person\/8eb1bcaf59fea75c780c11946f4e3490"},"breadcrumb":{"@id":"https:\/\/www.diagnostika-mysli.cz\/blog\/autismus\/aspergeruv-syndrom-priznaky-v-dospelosti\/#breadcrumb"},"inLanguage":"cs","potentialAction":[{"@type":"ReadAction","target":["https:\/\/www.diagnostika-mysli.cz\/blog\/autismus\/aspergeruv-syndrom-priznaky-v-dospelosti\/"]}]},{"@type":"BreadcrumbList","@id":"https:\/\/www.diagnostika-mysli.cz\/blog\/autismus\/aspergeruv-syndrom-priznaky-v-dospelosti\/#breadcrumb","itemListElement":[{"@type":"ListItem","position":1,"name":"Blog","item":"https:\/\/www.diagnostika-mysli.cz\/blog\/"},{"@type":"ListItem","position":2,"name":"Autismus","item":"https:\/\/www.diagnostika-mysli.cz\/blog\/autismus\/"},{"@type":"ListItem","position":3,"name":"Asperger\u016fv syndrom p\u0159\u00edznaky v dosp\u011blosti"}]},{"@type":"Person","@id":"https:\/\/www.diagnostika-mysli.cz\/blog\/#\/schema\/person\/8eb1bcaf59fea75c780c11946f4e3490","name":"Test Mysli","image":{"@type":"ImageObject","@id":"https:\/\/www.diagnostika-mysli.cz\/blog\/#personlogo","inLanguage":"cs","url":"https:\/\/secure.gravatar.com\/avatar\/6743211f010801ea26aa9423a2daab37?s=96&d=mm&r=g","contentUrl":"https:\/\/secure.gravatar.com\/avatar\/6743211f010801ea26aa9423a2daab37?s=96&d=mm&r=g","caption":"Test Mysli"},"sameAs":["https:\/\/www.diagnostika-mysli.cz\/blog"],"url":"https:\/\/www.diagnostika-mysli.cz\/blog\/author\/diagnostyka-umyslu\/"}]}},"amp_enabled":true,"_links":{"self":[{"href":"https:\/\/www.diagnostika-mysli.cz\/blog\/wp-json\/wp\/v2\/posts\/3048"}],"collection":[{"href":"https:\/\/www.diagnostika-mysli.cz\/blog\/wp-json\/wp\/v2\/posts"}],"about":[{"href":"https:\/\/www.diagnostika-mysli.cz\/blog\/wp-json\/wp\/v2\/types\/post"}],"author":[{"embeddable":true,"href":"https:\/\/www.diagnostika-mysli.cz\/blog\/wp-json\/wp\/v2\/users\/1"}],"replies":[{"embeddable":true,"href":"https:\/\/www.diagnostika-mysli.cz\/blog\/wp-json\/wp\/v2\/comments?post=3048"}],"version-history":[{"count":1,"href":"https:\/\/www.diagnostika-mysli.cz\/blog\/wp-json\/wp\/v2\/posts\/3048\/revisions"}],"predecessor-version":[{"id":3050,"href":"https:\/\/www.diagnostika-mysli.cz\/blog\/wp-json\/wp\/v2\/posts\/3048\/revisions\/3050"}],"wp:featuredmedia":[{"embeddable":true,"href":"https:\/\/www.diagnostika-mysli.cz\/blog\/wp-json\/wp\/v2\/media\/3049"}],"wp:attachment":[{"href":"https:\/\/www.diagnostika-mysli.cz\/blog\/wp-json\/wp\/v2\/media?parent=3048"}],"wp:term":[{"taxonomy":"category","embeddable":true,"href":"https:\/\/www.diagnostika-mysli.cz\/blog\/wp-json\/wp\/v2\/categories?post=3048"},{"taxonomy":"post_tag","embeddable":true,"href":"https:\/\/www.diagnostika-mysli.cz\/blog\/wp-json\/wp\/v2\/tags?post=3048"}],"curies":[{"name":"wp","href":"https:\/\/api.w.org\/{rel}","templated":true}]}}