{"id":3072,"date":"2025-02-28T04:25:35","date_gmt":"2025-02-28T03:25:35","guid":{"rendered":"https:\/\/www.diagnostika-mysli.cz\/blog\/autismus\/detsky-autismus\/"},"modified":"2025-02-28T09:58:22","modified_gmt":"2025-02-28T08:58:22","slug":"detsky-autismus","status":"publish","type":"post","link":"https:\/\/www.diagnostika-mysli.cz\/blog\/autismus\/detsky-autismus\/","title":{"rendered":"D\u011btsk\u00fd autismus"},"content":{"rendered":"<div class=\"topics\">\n<div class=\"topic\">\n<h2>Co je d\u011btsk\u00fd autismus a jak\u00e9 jsou jeho p\u0159\u00edznaky?<\/h2>\n<p>D\u011btsk\u00fd autismus je neurov\u00fdvojov\u00e1 porucha, kter\u00e1 ovliv\u0148uje komunikaci, soci\u00e1ln\u00ed interakci a chov\u00e1n\u00ed d\u00edt\u011bte. Tato porucha se obvykle projevuje ji\u017e v ran\u00e9m d\u011btstv\u00ed a m\u016f\u017ee m\u00edt r\u016fzn\u00e9 stupn\u011b z\u00e1va\u017enosti. Je to celo\u017eivotn\u00ed stav, kter\u00fd ovliv\u0148uje ka\u017edodenn\u00ed \u017eivot d\u00edt\u011bte i jeho rodiny.<\/p>\n<p>Jedn\u00edm z hlavn\u00edch p\u0159\u00edznak\u016f d\u011btsk\u00e9ho autismu je probl\u00e9m s komunikac\u00ed. D\u011bti s touto poruchou maj\u00ed \u010dasto probl\u00e9my s verb\u00e1ln\u00ed komunikac\u00ed a mohou m\u00edt omezen\u00fd slovn\u00ed z\u00e1sobn\u00edk. Mnoho z nich tak\u00e9 nem\u00e1 schopnost porozum\u011bt nonverb\u00e1ln\u00ed komunikaci, jako jsou nap\u0159\u00edklad gesta, mimika nebo t\u00f3n hlasu. Mohou m\u00edt tak\u00e9 probl\u00e9my s vyjad\u0159ov\u00e1n\u00edm sv\u00fdch pocit\u016f a pot\u0159eb.<\/p>\n<p>Dal\u0161\u00edm v\u00fdznamn\u00fdm p\u0159\u00edznakem je omezen\u00ed soci\u00e1ln\u00ed interakce. D\u011bti<\/p>\n<\/div>\n<div class=\"topic\">\n<h2>D\u011btsk\u00fd autismus je neurov\u00fdvojov\u00e9 onemocn\u011bn\u00ed, kter\u00e9 ovliv\u0148uje soci\u00e1ln\u00ed interakce, komunikaci a chov\u00e1n\u00ed d\u00edt\u011bte<\/h2>\n<p>D\u011btsk\u00fd autismus je neurov\u00fdvojov\u00e9 onemocn\u011bn\u00ed, kter\u00e9 ovliv\u0148uje soci\u00e1ln\u00ed interakce, komunikaci a chov\u00e1n\u00ed d\u00edt\u011bte. Jedn\u00e1 se o poruchu, kter\u00e1 se projevuje ji\u017e v ran\u00e9m d\u011btstv\u00ed a m\u016f\u017ee m\u00edt r\u016fznou z\u00e1va\u017enost u jednotliv\u00fdch d\u011bt\u00ed. Toto onemocn\u011bn\u00ed je charakterizov\u00e1no probl\u00e9my s komunikac\u00ed a soci\u00e1ln\u00edmi interakcemi, opakuj\u00edc\u00edm se chov\u00e1n\u00edm a omezen\u00fdmi z\u00e1jmy.<\/p>\n<p>Jedn\u00edm z hlavn\u00edch p\u0159\u00edznak\u016f d\u011btsk\u00e9ho autismu je probl\u00e9m s komunikac\u00ed. D\u011bti s touto poruchou maj\u00ed \u010dasto probl\u00e9my s porozum\u011bn\u00edm \u0159e\u010di a s jej\u00edm pou\u017e\u00edv\u00e1n\u00edm. M\u016f\u017ee se jednat o opo\u017ed\u011bn\u00fd v\u00fdvoj \u0159e\u010di, neschopnost pou\u017e\u00edvat slova nebo v\u011bty, nebo dokonce \u00faplnou absenci \u0159e\u010di.<\/p>\n<\/div>\n<div class=\"topic\">\n<p>\u010cesk\u00e1 kuchyn\u011b je jednou z nejstar\u0161\u00edch a nejbohat\u0161\u00edch kuchyn\u00ed v Evrop\u011b. Jej\u00ed ko\u0159eny sahaj\u00ed a\u017e do 9. stolet\u00ed, kdy se za\u010daly formovat prvn\u00ed tradi\u010dn\u00ed pokrmy. \u010cesk\u00e1 kuchyn\u011b je ovlivn\u011bna p\u0159edev\u0161\u00edm st\u0159edoevropskou kuchyn\u00ed, ale najdeme v n\u00ed i prvky z n\u011bmeck\u00e9, rakousk\u00e9, ma\u010farsk\u00e9 a \u017eidovsk\u00e9 kuchyn\u011b.<\/p>\n<p>Hlavn\u00edmi surovinami \u010desk\u00e9 kuchyn\u011b jsou brambory, maso, zelenina, ml\u00e9\u010dn\u00e9 v\u00fdrobky a obiloviny. V\u011bt\u0161ina pokrm\u016f je pom\u011brn\u011b jednoduch\u00e1, ale velmi chutn\u00e1 a s vysokou v\u00fd\u017eivovou hodnotou. Mezi nejzn\u00e1m\u011bj\u0161\u00ed \u010desk\u00e9 speciality pat\u0159\u00ed vep\u0159ov\u00e1 pe\u010den\u011b s knedl\u00edky, gul\u00e1\u0161, sv\u00ed\u010dkov\u00e1 na smetan\u011b, brambor\u00e1ky, sma\u017een\u00fd s\u00fdr a tradi\u010dn\u00ed \u010desk<\/p>\n<\/div>\n<div class=\"topic\">\n<h2>Jak\u00e9 jsou mo\u017enosti l\u00e9\u010dby d\u011btsk\u00e9ho autismu?<\/h2>\n<p>Autismus je neurov\u00fdvojov\u00e9 onemocn\u011bn\u00ed, kter\u00e9 postihuje p\u0159edev\u0161\u00edm d\u011bti. Projevuje se poruchami v komunikaci, soci\u00e1ln\u00edm chov\u00e1n\u00ed a opakuj\u00edc\u00edmi se vzorci chov\u00e1n\u00ed. L\u00e9\u010dba d\u011btsk\u00e9ho autismu je slo\u017eit\u00fd proces, kter\u00fd vy\u017eaduje individu\u00e1ln\u00ed p\u0159\u00edstup a spolupr\u00e1ci mezi rodinou, l\u00e9ka\u0159i a terapeuty.<\/p>\n<p>Existuje n\u011bkolik mo\u017enost\u00ed l\u00e9\u010dby d\u011btsk\u00e9ho autismu, kter\u00e9 se mohou li\u0161it v z\u00e1vislosti na v\u011bku d\u00edt\u011bte, z\u00e1va\u017enosti p\u0159\u00edznak\u016f a individu\u00e1ln\u00edch pot\u0159eb\u00e1ch. Mezi nej\u010dast\u011bji pou\u017e\u00edvan\u00e9 metody pat\u0159\u00ed behavior\u00e1ln\u00ed terapie, l\u00e9ky a alternativn\u00ed p\u0159\u00edstupy.<\/p>\n<p>Behavior\u00e1ln\u00ed terapie je zalo\u017eena na principu, \u017ee chov\u00e1n\u00ed se d\u00e1 nau\u010dit a zm\u011bnit. Tato terapie se zam\u011b\u0159uje na posilov\u00e1n\u00ed pozitivn\u00edho chov\u00e1n\u00ed a potla\u010dov\u00e1n\u00ed negativn\u00edho. Mezi nejzn\u00e1m\u011bj\u0161\u00ed metody pat\u0159\u00ed<\/p>\n<\/div>\n<div class=\"topic\">\n<h2>L\u00e9\u010dba d\u011btsk\u00e9ho autismu je individu\u00e1ln\u00ed a z\u00e1vis\u00ed na pot\u0159eb\u00e1ch a schopnostech ka\u017ed\u00e9ho d\u00edt\u011bte<\/h2>\n<p>L\u00e9\u010dba d\u011btsk\u00e9ho autismu je velmi individu\u00e1ln\u00ed a z\u00e1vis\u00ed na pot\u0159eb\u00e1ch a schopnostech ka\u017ed\u00e9ho d\u00edt\u011bte. Ka\u017ed\u00e9 d\u00edt\u011b s autismem je jedine\u010dn\u00e9 a vy\u017eaduje specifick\u00fd p\u0159\u00edstup, proto\u017ee ka\u017ed\u00e9 z nich m\u00e1 jin\u00e9 pot\u0159eby a schopnosti. Proto je velmi d\u016fle\u017eit\u00e9, aby byla l\u00e9\u010dba p\u0159izp\u016fsobena konkr\u00e9tn\u00edmu d\u00edt\u011bti a jeho pot\u0159eb\u00e1m.<\/p>\n<p>Mezi nej\u010dast\u011bji pou\u017e\u00edvan\u00e9 terapie pro d\u011bti s autismem pat\u0159\u00ed behavior\u00e1ln\u00ed terapie a logopedick\u00e1 terapie. Behavior\u00e1ln\u00ed terapie se zam\u011b\u0159uje na zm\u011bnu chov\u00e1n\u00ed a komunika\u010dn\u00ed dovednosti d\u00edt\u011bte. Tato terapie se vyu\u017e\u00edv\u00e1 k tomu, aby se d\u00edt\u011b nau\u010dilo nov\u00e9 dovednosti a zlep\u0161ilo sv\u00e9 chov\u00e1n\u00ed. Behavior\u00e1ln\u00ed terapie se zam\u011b\u0159uje na posilov\u00e1n\u00ed pozitivn\u00edho chov\u00e1n\u00ed a potla\u010dov\u00e1n\u00ed negativn\u00edho chov\u00e1n\u00ed. D\u00edky t\u00e9to terapii se d\u00edt\u011b u\u010d.<\/p>\n<\/div>\n<\/div>\n","protected":false},"excerpt":{"rendered":"<p>Co je d\u011btsk\u00fd autismus a jak\u00e9 jsou jeho p\u0159\u00edznaky? D\u011btsk\u00fd autismus je neurov\u00fdvojov\u00e1 porucha, kter\u00e1 ovliv\u0148uje komunikaci, soci\u00e1ln\u00ed interakci a chov\u00e1n\u00ed d\u00edt\u011bte. Tato porucha se&#8230;<\/p>\n","protected":false},"author":1,"featured_media":3073,"comment_status":"closed","ping_status":"open","sticky":false,"template":"","format":"standard","meta":{"inline_featured_image":false},"categories":[849],"tags":[],"yoast_head":"<!-- This site is optimized with the Yoast SEO plugin v18.1 - https:\/\/yoast.com\/wordpress\/plugins\/seo\/ -->\n<title>D\u011btsk\u00fd autismus - Test Mysli<\/title>\n<meta name=\"robots\" content=\"index, follow, max-snippet:-1, max-image-preview:large, max-video-preview:-1\" \/>\n<link rel=\"canonical\" href=\"https:\/\/www.diagnostika-mysli.cz\/blog\/autismus\/detsky-autismus\/\" \/>\n<meta property=\"og:locale\" content=\"cs_CZ\" \/>\n<meta property=\"og:type\" content=\"article\" \/>\n<meta property=\"og:title\" content=\"D\u011btsk\u00fd autismus - Test Mysli\" \/>\n<meta property=\"og:description\" content=\"Co je d\u011btsk\u00fd autismus a jak\u00e9 jsou jeho p\u0159\u00edznaky? D\u011btsk\u00fd autismus je neurov\u00fdvojov\u00e1 porucha, kter\u00e1 ovliv\u0148uje komunikaci, soci\u00e1ln\u00ed interakci a chov\u00e1n\u00ed d\u00edt\u011bte. Tato porucha se...\" \/>\n<meta property=\"og:url\" content=\"https:\/\/www.diagnostika-mysli.cz\/blog\/autismus\/detsky-autismus\/\" \/>\n<meta property=\"og:site_name\" content=\"Test Mysli\" \/>\n<meta property=\"article:published_time\" content=\"2025-02-28T03:25:35+00:00\" \/>\n<meta property=\"article:modified_time\" content=\"2025-02-28T08:58:22+00:00\" \/>\n<meta property=\"og:image\" content=\"https:\/\/www.diagnostika-mysli.cz\/blog\/wp-content\/uploads\/2025\/02\/image-61.png\" \/>\n\t<meta property=\"og:image:width\" content=\"256\" \/>\n\t<meta property=\"og:image:height\" content=\"256\" \/>\n\t<meta property=\"og:image:type\" content=\"image\/png\" \/>\n<meta name=\"twitter:card\" content=\"summary_large_image\" \/>\n<meta name=\"twitter:label1\" content=\"Napsal(a)\" \/>\n\t<meta name=\"twitter:data1\" content=\"Test Mysli\" \/>\n\t<meta name=\"twitter:label2\" content=\"Odhadovan\u00e1 doba \u010dten\u00ed\" \/>\n\t<meta name=\"twitter:data2\" content=\"3 minuty\" \/>\n<script type=\"application\/ld+json\" class=\"yoast-schema-graph\">{\"@context\":\"https:\/\/schema.org\",\"@graph\":[{\"@type\":\"WebSite\",\"@id\":\"https:\/\/www.diagnostika-mysli.cz\/blog\/#website\",\"url\":\"https:\/\/www.diagnostika-mysli.cz\/blog\/\",\"name\":\"Test Mysli\",\"description\":\"Blog o poruch\u00e1ch mysli\",\"potentialAction\":[{\"@type\":\"SearchAction\",\"target\":{\"@type\":\"EntryPoint\",\"urlTemplate\":\"https:\/\/www.diagnostika-mysli.cz\/blog\/?s={search_term_string}\"},\"query-input\":\"required name=search_term_string\"}],\"inLanguage\":\"cs\"},{\"@type\":\"ImageObject\",\"@id\":\"https:\/\/www.diagnostika-mysli.cz\/blog\/autismus\/detsky-autismus\/#primaryimage\",\"inLanguage\":\"cs\",\"url\":\"https:\/\/www.diagnostika-mysli.cz\/blog\/wp-content\/uploads\/2025\/02\/image-61.png\",\"contentUrl\":\"https:\/\/www.diagnostika-mysli.cz\/blog\/wp-content\/uploads\/2025\/02\/image-61.png\",\"width\":256,\"height\":256},{\"@type\":\"WebPage\",\"@id\":\"https:\/\/www.diagnostika-mysli.cz\/blog\/autismus\/detsky-autismus\/#webpage\",\"url\":\"https:\/\/www.diagnostika-mysli.cz\/blog\/autismus\/detsky-autismus\/\",\"name\":\"D\u011btsk\u00fd autismus - Test Mysli\",\"isPartOf\":{\"@id\":\"https:\/\/www.diagnostika-mysli.cz\/blog\/#website\"},\"primaryImageOfPage\":{\"@id\":\"https:\/\/www.diagnostika-mysli.cz\/blog\/autismus\/detsky-autismus\/#primaryimage\"},\"datePublished\":\"2025-02-28T03:25:35+00:00\",\"dateModified\":\"2025-02-28T08:58:22+00:00\",\"author\":{\"@id\":\"https:\/\/www.diagnostika-mysli.cz\/blog\/#\/schema\/person\/8eb1bcaf59fea75c780c11946f4e3490\"},\"breadcrumb\":{\"@id\":\"https:\/\/www.diagnostika-mysli.cz\/blog\/autismus\/detsky-autismus\/#breadcrumb\"},\"inLanguage\":\"cs\",\"potentialAction\":[{\"@type\":\"ReadAction\",\"target\":[\"https:\/\/www.diagnostika-mysli.cz\/blog\/autismus\/detsky-autismus\/\"]}]},{\"@type\":\"BreadcrumbList\",\"@id\":\"https:\/\/www.diagnostika-mysli.cz\/blog\/autismus\/detsky-autismus\/#breadcrumb\",\"itemListElement\":[{\"@type\":\"ListItem\",\"position\":1,\"name\":\"Blog\",\"item\":\"https:\/\/www.diagnostika-mysli.cz\/blog\/\"},{\"@type\":\"ListItem\",\"position\":2,\"name\":\"Autismus\",\"item\":\"https:\/\/www.diagnostika-mysli.cz\/blog\/autismus\/\"},{\"@type\":\"ListItem\",\"position\":3,\"name\":\"D\u011btsk\u00fd autismus\"}]},{\"@type\":\"Person\",\"@id\":\"https:\/\/www.diagnostika-mysli.cz\/blog\/#\/schema\/person\/8eb1bcaf59fea75c780c11946f4e3490\",\"name\":\"Test Mysli\",\"image\":{\"@type\":\"ImageObject\",\"@id\":\"https:\/\/www.diagnostika-mysli.cz\/blog\/#personlogo\",\"inLanguage\":\"cs\",\"url\":\"https:\/\/secure.gravatar.com\/avatar\/6743211f010801ea26aa9423a2daab37?s=96&d=mm&r=g\",\"contentUrl\":\"https:\/\/secure.gravatar.com\/avatar\/6743211f010801ea26aa9423a2daab37?s=96&d=mm&r=g\",\"caption\":\"Test Mysli\"},\"sameAs\":[\"https:\/\/www.diagnostika-mysli.cz\/blog\"],\"url\":\"https:\/\/www.diagnostika-mysli.cz\/blog\/author\/diagnostyka-umyslu\/\"}]}<\/script>\n<!-- \/ Yoast SEO plugin. -->","yoast_head_json":{"title":"D\u011btsk\u00fd autismus - Test Mysli","robots":{"index":"index","follow":"follow","max-snippet":"max-snippet:-1","max-image-preview":"max-image-preview:large","max-video-preview":"max-video-preview:-1"},"canonical":"https:\/\/www.diagnostika-mysli.cz\/blog\/autismus\/detsky-autismus\/","og_locale":"cs_CZ","og_type":"article","og_title":"D\u011btsk\u00fd autismus - Test Mysli","og_description":"Co je d\u011btsk\u00fd autismus a jak\u00e9 jsou jeho p\u0159\u00edznaky? D\u011btsk\u00fd autismus je neurov\u00fdvojov\u00e1 porucha, kter\u00e1 ovliv\u0148uje komunikaci, soci\u00e1ln\u00ed interakci a chov\u00e1n\u00ed d\u00edt\u011bte. Tato porucha se...","og_url":"https:\/\/www.diagnostika-mysli.cz\/blog\/autismus\/detsky-autismus\/","og_site_name":"Test Mysli","article_published_time":"2025-02-28T03:25:35+00:00","article_modified_time":"2025-02-28T08:58:22+00:00","og_image":[{"width":256,"height":256,"url":"https:\/\/www.diagnostika-mysli.cz\/blog\/wp-content\/uploads\/2025\/02\/image-61.png","type":"image\/png"}],"twitter_card":"summary_large_image","twitter_misc":{"Napsal(a)":"Test Mysli","Odhadovan\u00e1 doba \u010dten\u00ed":"3 minuty"},"schema":{"@context":"https:\/\/schema.org","@graph":[{"@type":"WebSite","@id":"https:\/\/www.diagnostika-mysli.cz\/blog\/#website","url":"https:\/\/www.diagnostika-mysli.cz\/blog\/","name":"Test Mysli","description":"Blog o poruch\u00e1ch mysli","potentialAction":[{"@type":"SearchAction","target":{"@type":"EntryPoint","urlTemplate":"https:\/\/www.diagnostika-mysli.cz\/blog\/?s={search_term_string}"},"query-input":"required name=search_term_string"}],"inLanguage":"cs"},{"@type":"ImageObject","@id":"https:\/\/www.diagnostika-mysli.cz\/blog\/autismus\/detsky-autismus\/#primaryimage","inLanguage":"cs","url":"https:\/\/www.diagnostika-mysli.cz\/blog\/wp-content\/uploads\/2025\/02\/image-61.png","contentUrl":"https:\/\/www.diagnostika-mysli.cz\/blog\/wp-content\/uploads\/2025\/02\/image-61.png","width":256,"height":256},{"@type":"WebPage","@id":"https:\/\/www.diagnostika-mysli.cz\/blog\/autismus\/detsky-autismus\/#webpage","url":"https:\/\/www.diagnostika-mysli.cz\/blog\/autismus\/detsky-autismus\/","name":"D\u011btsk\u00fd autismus - Test Mysli","isPartOf":{"@id":"https:\/\/www.diagnostika-mysli.cz\/blog\/#website"},"primaryImageOfPage":{"@id":"https:\/\/www.diagnostika-mysli.cz\/blog\/autismus\/detsky-autismus\/#primaryimage"},"datePublished":"2025-02-28T03:25:35+00:00","dateModified":"2025-02-28T08:58:22+00:00","author":{"@id":"https:\/\/www.diagnostika-mysli.cz\/blog\/#\/schema\/person\/8eb1bcaf59fea75c780c11946f4e3490"},"breadcrumb":{"@id":"https:\/\/www.diagnostika-mysli.cz\/blog\/autismus\/detsky-autismus\/#breadcrumb"},"inLanguage":"cs","potentialAction":[{"@type":"ReadAction","target":["https:\/\/www.diagnostika-mysli.cz\/blog\/autismus\/detsky-autismus\/"]}]},{"@type":"BreadcrumbList","@id":"https:\/\/www.diagnostika-mysli.cz\/blog\/autismus\/detsky-autismus\/#breadcrumb","itemListElement":[{"@type":"ListItem","position":1,"name":"Blog","item":"https:\/\/www.diagnostika-mysli.cz\/blog\/"},{"@type":"ListItem","position":2,"name":"Autismus","item":"https:\/\/www.diagnostika-mysli.cz\/blog\/autismus\/"},{"@type":"ListItem","position":3,"name":"D\u011btsk\u00fd autismus"}]},{"@type":"Person","@id":"https:\/\/www.diagnostika-mysli.cz\/blog\/#\/schema\/person\/8eb1bcaf59fea75c780c11946f4e3490","name":"Test Mysli","image":{"@type":"ImageObject","@id":"https:\/\/www.diagnostika-mysli.cz\/blog\/#personlogo","inLanguage":"cs","url":"https:\/\/secure.gravatar.com\/avatar\/6743211f010801ea26aa9423a2daab37?s=96&d=mm&r=g","contentUrl":"https:\/\/secure.gravatar.com\/avatar\/6743211f010801ea26aa9423a2daab37?s=96&d=mm&r=g","caption":"Test Mysli"},"sameAs":["https:\/\/www.diagnostika-mysli.cz\/blog"],"url":"https:\/\/www.diagnostika-mysli.cz\/blog\/author\/diagnostyka-umyslu\/"}]}},"amp_enabled":true,"_links":{"self":[{"href":"https:\/\/www.diagnostika-mysli.cz\/blog\/wp-json\/wp\/v2\/posts\/3072"}],"collection":[{"href":"https:\/\/www.diagnostika-mysli.cz\/blog\/wp-json\/wp\/v2\/posts"}],"about":[{"href":"https:\/\/www.diagnostika-mysli.cz\/blog\/wp-json\/wp\/v2\/types\/post"}],"author":[{"embeddable":true,"href":"https:\/\/www.diagnostika-mysli.cz\/blog\/wp-json\/wp\/v2\/users\/1"}],"replies":[{"embeddable":true,"href":"https:\/\/www.diagnostika-mysli.cz\/blog\/wp-json\/wp\/v2\/comments?post=3072"}],"version-history":[{"count":1,"href":"https:\/\/www.diagnostika-mysli.cz\/blog\/wp-json\/wp\/v2\/posts\/3072\/revisions"}],"predecessor-version":[{"id":3075,"href":"https:\/\/www.diagnostika-mysli.cz\/blog\/wp-json\/wp\/v2\/posts\/3072\/revisions\/3075"}],"wp:featuredmedia":[{"embeddable":true,"href":"https:\/\/www.diagnostika-mysli.cz\/blog\/wp-json\/wp\/v2\/media\/3073"}],"wp:attachment":[{"href":"https:\/\/www.diagnostika-mysli.cz\/blog\/wp-json\/wp\/v2\/media?parent=3072"}],"wp:term":[{"taxonomy":"category","embeddable":true,"href":"https:\/\/www.diagnostika-mysli.cz\/blog\/wp-json\/wp\/v2\/categories?post=3072"},{"taxonomy":"post_tag","embeddable":true,"href":"https:\/\/www.diagnostika-mysli.cz\/blog\/wp-json\/wp\/v2\/tags?post=3072"}],"curies":[{"name":"wp","href":"https:\/\/api.w.org\/{rel}","templated":true}]}}