{"id":3084,"date":"2025-03-02T04:25:47","date_gmt":"2025-03-02T03:25:47","guid":{"rendered":"https:\/\/www.diagnostika-mysli.cz\/blog\/autismus\/dotaznik-na-autismus\/"},"modified":"2025-03-03T10:56:02","modified_gmt":"2025-03-03T09:56:02","slug":"dotaznik-na-autismus","status":"publish","type":"post","link":"https:\/\/www.diagnostika-mysli.cz\/blog\/autismus\/dotaznik-na-autismus\/","title":{"rendered":"Dotazn\u00edk na autismus"},"content":{"rendered":"<div class=\"topics\">\n<div class=\"topic\">\n<h2>Co je autismus a jak\u00e9 jsou jeho p\u0159\u00edznaky?<\/h2>\n<p>Autismus je neurov\u00fdvojov\u00e1 porucha, kter\u00e1 ovliv\u0148uje komunikaci a soci\u00e1ln\u00ed interakci jedince. Tato porucha se projevuje ji\u017e v ran\u00e9m d\u011btstv\u00ed a trv\u00e1 cel\u00fd \u017eivot. Jej\u00ed p\u0159\u00ed\u010dina nen\u00ed zcela zn\u00e1ma, ale v\u011bdci se domn\u00edvaj\u00ed, \u017ee m\u016f\u017ee b\u00fdt zp\u016fsobena kombinac\u00ed genetick\u00fdch a environment\u00e1ln\u00edch faktor\u016f.<\/p>\n<p>Jedn\u00edm z hlavn\u00edch p\u0159\u00edznak\u016f autismu je probl\u00e9m s komunikac\u00ed. D\u011bti s touto poruchou maj\u00ed \u010dasto probl\u00e9my s verb\u00e1ln\u00ed komunikac\u00ed a mohou m\u00edt omezen\u00fd slovn\u00ed z\u00e1sobn\u00edk. Mnoho z nich tak\u00e9 nem\u00e1 schopnost porozum\u011bt nonverb\u00e1ln\u00edm sign\u00e1l\u016fm, jako jsou nap\u0159\u00edklad gesta a mimika. To m\u016f\u017ee v\u00e9st k nedorozum\u011bn\u00edm a probl\u00e9m\u016fm v komunikaci s ostatn\u00edmi.<\/p>\n<p>Dal\u0161\u00edm v\u00fdznamn\u00fdm p\u0159\u00edznakem autismu je omezen\u00fd z\u00e1jem o soci\u00e1ln\u00ed interakci.<\/p>\n<\/div>\n<div class=\"topic\">\n<h2>&#8211; Vysv\u011btlen\u00ed z\u00e1kladn\u00edch informac\u00ed o autismu, v\u010detn\u011b jeho definice, p\u0159\u00ed\u010din, projev\u016f a diagnostiky.<\/h2>\n<p>Autismus je neurov\u00fdvojov\u00e1 porucha, kter\u00e1 ovliv\u0148uje komunikaci, soci\u00e1ln\u00ed interakci a chov\u00e1n\u00ed jedince. Tato porucha se projevuje ji\u017e v ran\u00e9m d\u011btstv\u00ed a trv\u00e1 cel\u00fd \u017eivot. Jej\u00ed p\u0159\u00ed\u010diny nejsou zcela zn\u00e1m\u00e9, ale v\u011bdci se shoduj\u00ed, \u017ee se jedn\u00e1 o kombinaci genetick\u00fdch a environment\u00e1ln\u00edch faktor\u016f.<\/p>\n<p>Jedn\u00edm z hlavn\u00edch projev\u016f autismu je probl\u00e9m s komunikac\u00ed. D\u011bti s touto poruchou maj\u00ed \u010dasto probl\u00e9my s verb\u00e1ln\u00ed komunikac\u00ed, mohou m\u00edt omezen\u00fd slovn\u00ed z\u00e1sobn\u00edk nebo opakuj\u00ed slova a v\u011bty. Mnoho z nich tak\u00e9 m\u00e1 probl\u00e9my s porozum\u011bn\u00edm neverb\u00e1ln\u00ed komunikace, jako jsou gesta, mimika a t\u00f3n hlasu. Dal\u0161\u00edm projevem autismu je omezen\u00ed v soci\u00e1ln\u00ed interakci.<\/p>\n<\/div>\n<div class=\"topic\">\n<h2>&#8211; Popis jednotliv\u00fdch p\u0159\u00edznak\u016f, jako jsou probl\u00e9my s komunikac\u00ed a soci\u00e1ln\u00ed interakc\u00ed, stereotypn\u00ed chov\u00e1n\u00ed a omezen\u00e9 z\u00e1jmy<\/h2>\n<p>Autismus je neurov\u00fdvojov\u00e9 onemocn\u011bn\u00ed, kter\u00e9 se projevuje \u0159adou p\u0159\u00edznak\u016f. Mezi tyto p\u0159\u00edznaky pat\u0159\u00ed probl\u00e9my s komunikac\u00ed a soci\u00e1ln\u00ed interakc\u00ed, stereotypn\u00ed chov\u00e1n\u00ed a omezen\u00e9 z\u00e1jmy.<\/p>\n<p>Probl\u00e9my s komunikac\u00ed jsou jedn\u00edm z nej\u010dast\u011bj\u0161\u00edch p\u0159\u00edznak\u016f autismu. D\u011bti s touto poruchou maj\u00ed \u010dasto probl\u00e9my s porozum\u011bn\u00edm \u0159e\u010di a s jej\u00edm pou\u017e\u00edv\u00e1n\u00edm. Mohou m\u00edt nap\u0159\u00edklad probl\u00e9my s porozum\u011bn\u00edm jednoduch\u00fdm pokyn\u016fm nebo s vyjad\u0159ov\u00e1n\u00edm sv\u00fdch pot\u0159eb a p\u0159\u00e1n\u00ed. N\u011bkter\u00e9 d\u011bti s autismem mohou m\u00edt tak\u00e9 omezenou schopnost pou\u017e\u00edvat \u0159e\u010d k navazov\u00e1n\u00ed soci\u00e1ln\u00edch vztah\u016f.<\/p>\n<p>Dal\u0161\u00edm v\u00fdznamn\u00fdm p\u0159\u00edznakem autismu je probl\u00e9m s soci\u00e1ln\u00ed interakc\u00ed. D\u011bti s touto poruchou maj\u00ed \u010dasto probl\u00e9my s navazov\u00e1n\u00edm a udr\u017eov\u00e1n\u00edm.<\/p>\n<\/div>\n<div class=\"topic\">\n<h2>&#8211; D\u016fraz na to, \u017ee autismus se projevuje u ka\u017ed\u00e9ho jedince jinak a m\u016f\u017ee se li\u0161it v z\u00e1va\u017enosti<\/h2>\n<p>Autismus je neurov\u00fdvojov\u00e1 porucha, kter\u00e1 se projevuje v r\u016fzn\u00fdch form\u00e1ch a m\u016f\u017ee se li\u0161it v z\u00e1va\u017enosti u ka\u017ed\u00e9ho jedince. Jedn\u00e1 se o poruchu, kter\u00e1 ovliv\u0148uje komunikaci, soci\u00e1ln\u00ed interakci a chov\u00e1n\u00ed. V minulosti byl autismus pova\u017eov\u00e1n za vz\u00e1cn\u00e9 onemocn\u011bn\u00ed, ale dnes se odhaduje, \u017ee postihuje a\u017e 1 % populace.<\/p>\n<p>Jedn\u00edm z nejd\u016fle\u017eit\u011bj\u0161\u00edch aspekt\u016f autismu je jeho variabilita. Ka\u017ed\u00fd jedinec s touto poruchou m\u00e1 sv\u00e9 vlastn\u00ed jedine\u010dn\u00e9 projevy a pot\u0159eby. N\u011bkte\u0159\u00ed jedinci mohou m\u00edt pouze m\u00edrn\u00e9 obt\u00ed\u017ee, zat\u00edmco u jin\u00fdch m\u016f\u017ee b\u00fdt autismus velmi z\u00e1va\u017en\u00fd a ovliv\u0148ovat ka\u017edodenn\u00ed \u017eivot. To znamen\u00e1, \u017ee nelze generalizovat a p\u0159edpokl\u00e1dat, \u017ee v\u0161ichni jedinci s autismem maj\u00ed stejn\u00e9 pot\u0159eby a schopnosti.<\/p>\n<\/div>\n<div class=\"topic\">\n<p>\u010cesk\u00e1 kuchyn\u011b je jednou z nejstar\u0161\u00edch a nejbohat\u0161\u00edch kuchyn\u00ed v Evrop\u011b. Jej\u00ed ko\u0159eny sahaj\u00ed a\u017e do 9. stolet\u00ed, kdy se za\u010daly formovat prvn\u00ed tradi\u010dn\u00ed pokrmy. \u010cesk\u00e1 kuchyn\u011b je ovlivn\u011bna p\u0159edev\u0161\u00edm st\u0159edoevropskou kuchyn\u00ed, ale najdeme v n\u00ed i prvky z n\u011bmeck\u00e9, rakousk\u00e9, ma\u010farsk\u00e9 a \u017eidovsk\u00e9 kuchyn\u011b.<\/p>\n<p>Hlavn\u00edmi surovinami \u010desk\u00e9 kuchyn\u011b jsou brambory, maso, zelenina, ml\u00e9\u010dn\u00e9 v\u00fdrobky a obiloviny. V\u011bt\u0161ina pokrm\u016f je pom\u011brn\u011b jednoduch\u00e1, ale velmi chutn\u00e1 a s vysokou v\u00fd\u017eivovou hodnotou. Mezi nejzn\u00e1m\u011bj\u0161\u00ed \u010desk\u00e9 speciality pat\u0159\u00ed vep\u0159ov\u00e1 pe\u010den\u011b s knedl\u00edky, gul\u00e1\u0161, sv\u00ed\u010dkov\u00e1 na smetan\u011b, brambor\u00e1ky, sma\u017een\u00fd s\u00fdr a tradi\u010dn\u00ed \u010desk<\/p>\n<\/div>\n<div class=\"topic\">\n<h2>Jak\u00e9 jsou mo\u017enosti l\u00e9\u010dby a podpory pro osoby s autismem?<\/h2>\n<p>Autismus je neurov\u00fdvojov\u00e9 onemocn\u011bn\u00ed, kter\u00e9 ovliv\u0148uje soci\u00e1ln\u00ed interakce, komunikaci a chov\u00e1n\u00ed jedince. Ka\u017ed\u00fd \u010dlov\u011bk s autismem je jedine\u010dn\u00fd a m\u00e1 sv\u00e9 vlastn\u00ed pot\u0159eby a schopnosti. Proto je d\u016fle\u017eit\u00e9, aby l\u00e9\u010dba a podpora byly p\u0159izp\u016fsobeny individu\u00e1ln\u011b.<\/p>\n<p>Existuje mnoho r\u016fzn\u00fdch mo\u017enost\u00ed l\u00e9\u010dby a podpory pro osoby s autismem. N\u011bkter\u00e9 z nich jsou zam\u011b\u0159eny na zlep\u0161en\u00ed komunika\u010dn\u00edch schopnost\u00ed a soci\u00e1ln\u00edch interakc\u00ed, zat\u00edmco jin\u00e9 se soust\u0159ed\u00ed na sni\u017eov\u00e1n\u00ed probl\u00e9mov\u00e9ho chov\u00e1n\u00ed a zlep\u0161en\u00ed ka\u017edodenn\u00edch dovednost\u00ed.<\/p>\n<p>Jednou z nej\u010dast\u011bj\u0161\u00edch forem l\u00e9\u010dby je behavior\u00e1ln\u00ed terapie. Tato terapie se zam\u011b\u0159uje na u\u010den\u00ed se nov\u00fdch dovednost\u00ed a zm\u011bnu ne\u017e\u00e1douc\u00edho chov\u00e1n\u00ed pomoc\u00ed pozitivn\u00edho posilov\u00e1n\u00ed.<\/p>\n<\/div>\n<div class=\"topic\">\n<h2>&#8211; P\u0159ehled r\u016fzn\u00fdch terapeutick\u00fdch p\u0159\u00edstup\u016f, jako je ABA terapie, logopedie, ergoterapie a dal\u0161\u00ed<\/h2>\n<p>Terapie je d\u016fle\u017eitou sou\u010d\u00e1st\u00ed l\u00e9\u010dby r\u016fzn\u00fdch poruch a obt\u00ed\u017e\u00ed, kter\u00e9 mohou ovlivnit na\u0161e ka\u017edodenn\u00ed fungov\u00e1n\u00ed. Existuje mnoho r\u016fzn\u00fdch terapeutick\u00fdch p\u0159\u00edstup\u016f, kter\u00e9 se zam\u011b\u0159uj\u00ed na r\u016fzn\u00e9 oblasti a probl\u00e9my. V tomto \u010dl\u00e1nku se pod\u00edv\u00e1me na n\u011bkter\u00e9 z nejzn\u00e1m\u011bj\u0161\u00edch terapeutick\u00fdch p\u0159\u00edstup\u016f, jako je ABA terapie, logopedie, ergoterapie a dal\u0161\u00ed.<\/p>\n<p>ABA terapie, neboli aplikovan\u00e1 behavior\u00e1ln\u00ed anal\u00fdza, je jedn\u00edm z nej\u00fa\u010dinn\u011bj\u0161\u00edch terapeutick\u00fdch p\u0159\u00edstup\u016f pro d\u011bti s poruchami autistick\u00e9ho spektra. Tato terapie se zam\u011b\u0159uje na u\u010den\u00ed se nov\u00fdch dovednost\u00ed a chov\u00e1n\u00ed pomoc\u00ed pozitivn\u00edho posilov\u00e1n\u00ed. Terapeuti vyu\u017e\u00edvaj\u00ed speci\u00e1ln\u00ed techniky, jako je modelov\u00e1n\u00ed, zrcadlen\u00ed a systematick\u00e9 posilov\u00e1n\u00ed, aby pomohli d\u011btem s autismem zlep\u0161it sv\u00e9 soci\u00e1ln\u00ed, komunika\u010d<\/p>\n<\/div>\n<div class=\"topic\">\n<h2>&#8211; Vysv\u011btlen\u00ed d\u016fle\u017eitosti individu\u00e1ln\u00edho p\u0159\u00edstupu a pl\u00e1nov\u00e1n\u00ed terapie podle pot\u0159eb ka\u017ed\u00e9ho jedince<\/h2>\n<p>Individu\u00e1ln\u00ed p\u0159\u00edstup a pl\u00e1nov\u00e1n\u00ed terapie jsou dva kl\u00ed\u010dov\u00e9 prvky, kter\u00e9 hraj\u00ed d\u016fle\u017eitou roli v procesu l\u00e9\u010dby a zlep\u0161ov\u00e1n\u00ed zdrav\u00ed jednotlivce. Ka\u017ed\u00fd \u010dlov\u011bk je jedine\u010dn\u00fd a m\u00e1 sv\u00e9 vlastn\u00ed pot\u0159eby a probl\u00e9my, a proto je nezbytn\u00e9, aby terapie byla p\u0159izp\u016fsobena pr\u00e1v\u011b jeho individu\u00e1ln\u00edm pot\u0159eb\u00e1m.<\/p>\n<p>Individu\u00e1ln\u00ed p\u0159\u00edstup znamen\u00e1, \u017ee terapeut se zam\u011b\u0159uje na ka\u017ed\u00e9ho jednotlivce jako na celistvou osobu a bere v \u00favahu jeho fyzick\u00e9, emocion\u00e1ln\u00ed, soci\u00e1ln\u00ed a psychologick\u00e9 pot\u0159eby. To znamen\u00e1, \u017ee terapeut se nezam\u011b\u0159uje pouze na jednu konkr\u00e9tn\u00ed oblast, ale sna\u017e\u00ed se porozum\u011bt cel\u00e9mu \u010dlov\u011bku a jeho \u017eivotn\u00edmu kontextu.<\/p>\n<\/div>\n<div class=\"topic\">\n<h2>&#8211; Informace o mo\u017enostech podpory pro osoby s autismem a jejich rodiny, jako jsou speci\u00e1ln\u00ed \u0161koly, poradensk<\/h2>\n<p>Autismus je neurov\u00fdvojov\u00e9 onemocn\u011bn\u00ed, kter\u00e9 ovliv\u0148uje komunikaci, soci\u00e1ln\u00ed interakci a chov\u00e1n\u00ed jedince. Osoby s autismem maj\u00ed \u010dasto pot\u00ed\u017ee s porozum\u011bn\u00edm emoc\u00edm a soci\u00e1ln\u00edm situac\u00edm, co\u017e m\u016f\u017ee b\u00fdt pro n\u011b a jejich rodiny velmi n\u00e1ro\u010dn\u00e9. Proto je d\u016fle\u017eit\u00e9, aby byly dostupn\u00e9 r\u016fzn\u00e9 formy podpory pro osoby s autismem a jejich rodiny.<\/p>\n<p>Jednou z mo\u017enost\u00ed podpory jsou speci\u00e1ln\u00ed \u0161koly pro d\u011bti s autismem. Tyto \u0161koly jsou zam\u011b\u0159eny na individu\u00e1ln\u00ed p\u0159\u00edstup k vzd\u011bl\u00e1v\u00e1n\u00ed a podporu pro d\u011bti s autismem. Vyu\u010dovac\u00ed metody jsou p\u0159izp\u016fsobeny jejich pot\u0159eb\u00e1m a z\u00e1jmov\u00fdm oblastem. D\u011bti zde mohou z\u00edskat speci\u00e1ln\u00ed terapie, jako je nap\u0159\u00edklad logopedie, ergoterapie nebo behavior\u00e1ln\u00ed terapie.<\/p>\n<\/div>\n<\/div>\n","protected":false},"excerpt":{"rendered":"<p>Co je autismus a jak\u00e9 jsou jeho p\u0159\u00edznaky? Autismus je neurov\u00fdvojov\u00e1 porucha, kter\u00e1 ovliv\u0148uje komunikaci a soci\u00e1ln\u00ed interakci jedince. Tato porucha se projevuje ji\u017e v&#8230;<\/p>\n","protected":false},"author":1,"featured_media":3087,"comment_status":"closed","ping_status":"open","sticky":false,"template":"","format":"standard","meta":{"inline_featured_image":false},"categories":[849],"tags":[],"yoast_head":"<!-- This site is optimized with the Yoast SEO plugin v18.1 - https:\/\/yoast.com\/wordpress\/plugins\/seo\/ -->\n<title>Dotazn\u00edk na autismus - Test Mysli<\/title>\n<meta name=\"robots\" content=\"index, follow, max-snippet:-1, max-image-preview:large, max-video-preview:-1\" \/>\n<link rel=\"canonical\" href=\"https:\/\/www.diagnostika-mysli.cz\/blog\/autismus\/dotaznik-na-autismus\/\" \/>\n<meta property=\"og:locale\" content=\"cs_CZ\" \/>\n<meta property=\"og:type\" content=\"article\" \/>\n<meta property=\"og:title\" content=\"Dotazn\u00edk na autismus - Test Mysli\" \/>\n<meta property=\"og:description\" content=\"Co je autismus a jak\u00e9 jsou jeho p\u0159\u00edznaky? Autismus je neurov\u00fdvojov\u00e1 porucha, kter\u00e1 ovliv\u0148uje komunikaci a soci\u00e1ln\u00ed interakci jedince. Tato porucha se projevuje ji\u017e v...\" \/>\n<meta property=\"og:url\" content=\"https:\/\/www.diagnostika-mysli.cz\/blog\/autismus\/dotaznik-na-autismus\/\" \/>\n<meta property=\"og:site_name\" content=\"Test Mysli\" \/>\n<meta property=\"article:published_time\" content=\"2025-03-02T03:25:47+00:00\" \/>\n<meta property=\"article:modified_time\" content=\"2025-03-03T09:56:02+00:00\" \/>\n<meta property=\"og:image\" content=\"https:\/\/www.diagnostika-mysli.cz\/blog\/wp-content\/uploads\/2025\/03\/image-1.png\" \/>\n\t<meta property=\"og:image:width\" content=\"256\" \/>\n\t<meta property=\"og:image:height\" content=\"256\" \/>\n\t<meta property=\"og:image:type\" content=\"image\/png\" \/>\n<meta name=\"twitter:card\" content=\"summary_large_image\" \/>\n<meta name=\"twitter:label1\" content=\"Napsal(a)\" \/>\n\t<meta name=\"twitter:data1\" content=\"Test Mysli\" \/>\n\t<meta name=\"twitter:label2\" content=\"Odhadovan\u00e1 doba \u010dten\u00ed\" \/>\n\t<meta name=\"twitter:data2\" content=\"6 minut\" \/>\n<script type=\"application\/ld+json\" class=\"yoast-schema-graph\">{\"@context\":\"https:\/\/schema.org\",\"@graph\":[{\"@type\":\"WebSite\",\"@id\":\"https:\/\/www.diagnostika-mysli.cz\/blog\/#website\",\"url\":\"https:\/\/www.diagnostika-mysli.cz\/blog\/\",\"name\":\"Test Mysli\",\"description\":\"Blog o poruch\u00e1ch mysli\",\"potentialAction\":[{\"@type\":\"SearchAction\",\"target\":{\"@type\":\"EntryPoint\",\"urlTemplate\":\"https:\/\/www.diagnostika-mysli.cz\/blog\/?s={search_term_string}\"},\"query-input\":\"required name=search_term_string\"}],\"inLanguage\":\"cs\"},{\"@type\":\"ImageObject\",\"@id\":\"https:\/\/www.diagnostika-mysli.cz\/blog\/autismus\/dotaznik-na-autismus\/#primaryimage\",\"inLanguage\":\"cs\",\"url\":\"https:\/\/www.diagnostika-mysli.cz\/blog\/wp-content\/uploads\/2025\/03\/image-1.png\",\"contentUrl\":\"https:\/\/www.diagnostika-mysli.cz\/blog\/wp-content\/uploads\/2025\/03\/image-1.png\",\"width\":256,\"height\":256},{\"@type\":\"WebPage\",\"@id\":\"https:\/\/www.diagnostika-mysli.cz\/blog\/autismus\/dotaznik-na-autismus\/#webpage\",\"url\":\"https:\/\/www.diagnostika-mysli.cz\/blog\/autismus\/dotaznik-na-autismus\/\",\"name\":\"Dotazn\u00edk na autismus - Test Mysli\",\"isPartOf\":{\"@id\":\"https:\/\/www.diagnostika-mysli.cz\/blog\/#website\"},\"primaryImageOfPage\":{\"@id\":\"https:\/\/www.diagnostika-mysli.cz\/blog\/autismus\/dotaznik-na-autismus\/#primaryimage\"},\"datePublished\":\"2025-03-02T03:25:47+00:00\",\"dateModified\":\"2025-03-03T09:56:02+00:00\",\"author\":{\"@id\":\"https:\/\/www.diagnostika-mysli.cz\/blog\/#\/schema\/person\/8eb1bcaf59fea75c780c11946f4e3490\"},\"breadcrumb\":{\"@id\":\"https:\/\/www.diagnostika-mysli.cz\/blog\/autismus\/dotaznik-na-autismus\/#breadcrumb\"},\"inLanguage\":\"cs\",\"potentialAction\":[{\"@type\":\"ReadAction\",\"target\":[\"https:\/\/www.diagnostika-mysli.cz\/blog\/autismus\/dotaznik-na-autismus\/\"]}]},{\"@type\":\"BreadcrumbList\",\"@id\":\"https:\/\/www.diagnostika-mysli.cz\/blog\/autismus\/dotaznik-na-autismus\/#breadcrumb\",\"itemListElement\":[{\"@type\":\"ListItem\",\"position\":1,\"name\":\"Blog\",\"item\":\"https:\/\/www.diagnostika-mysli.cz\/blog\/\"},{\"@type\":\"ListItem\",\"position\":2,\"name\":\"Autismus\",\"item\":\"https:\/\/www.diagnostika-mysli.cz\/blog\/autismus\/\"},{\"@type\":\"ListItem\",\"position\":3,\"name\":\"Dotazn\u00edk na autismus\"}]},{\"@type\":\"Person\",\"@id\":\"https:\/\/www.diagnostika-mysli.cz\/blog\/#\/schema\/person\/8eb1bcaf59fea75c780c11946f4e3490\",\"name\":\"Test Mysli\",\"image\":{\"@type\":\"ImageObject\",\"@id\":\"https:\/\/www.diagnostika-mysli.cz\/blog\/#personlogo\",\"inLanguage\":\"cs\",\"url\":\"https:\/\/secure.gravatar.com\/avatar\/6743211f010801ea26aa9423a2daab37?s=96&d=mm&r=g\",\"contentUrl\":\"https:\/\/secure.gravatar.com\/avatar\/6743211f010801ea26aa9423a2daab37?s=96&d=mm&r=g\",\"caption\":\"Test Mysli\"},\"sameAs\":[\"https:\/\/www.diagnostika-mysli.cz\/blog\"],\"url\":\"https:\/\/www.diagnostika-mysli.cz\/blog\/author\/diagnostyka-umyslu\/\"}]}<\/script>\n<!-- \/ Yoast SEO plugin. -->","yoast_head_json":{"title":"Dotazn\u00edk na autismus - Test Mysli","robots":{"index":"index","follow":"follow","max-snippet":"max-snippet:-1","max-image-preview":"max-image-preview:large","max-video-preview":"max-video-preview:-1"},"canonical":"https:\/\/www.diagnostika-mysli.cz\/blog\/autismus\/dotaznik-na-autismus\/","og_locale":"cs_CZ","og_type":"article","og_title":"Dotazn\u00edk na autismus - Test Mysli","og_description":"Co je autismus a jak\u00e9 jsou jeho p\u0159\u00edznaky? Autismus je neurov\u00fdvojov\u00e1 porucha, kter\u00e1 ovliv\u0148uje komunikaci a soci\u00e1ln\u00ed interakci jedince. Tato porucha se projevuje ji\u017e v...","og_url":"https:\/\/www.diagnostika-mysli.cz\/blog\/autismus\/dotaznik-na-autismus\/","og_site_name":"Test Mysli","article_published_time":"2025-03-02T03:25:47+00:00","article_modified_time":"2025-03-03T09:56:02+00:00","og_image":[{"width":256,"height":256,"url":"https:\/\/www.diagnostika-mysli.cz\/blog\/wp-content\/uploads\/2025\/03\/image-1.png","type":"image\/png"}],"twitter_card":"summary_large_image","twitter_misc":{"Napsal(a)":"Test Mysli","Odhadovan\u00e1 doba \u010dten\u00ed":"6 minut"},"schema":{"@context":"https:\/\/schema.org","@graph":[{"@type":"WebSite","@id":"https:\/\/www.diagnostika-mysli.cz\/blog\/#website","url":"https:\/\/www.diagnostika-mysli.cz\/blog\/","name":"Test Mysli","description":"Blog o poruch\u00e1ch mysli","potentialAction":[{"@type":"SearchAction","target":{"@type":"EntryPoint","urlTemplate":"https:\/\/www.diagnostika-mysli.cz\/blog\/?s={search_term_string}"},"query-input":"required name=search_term_string"}],"inLanguage":"cs"},{"@type":"ImageObject","@id":"https:\/\/www.diagnostika-mysli.cz\/blog\/autismus\/dotaznik-na-autismus\/#primaryimage","inLanguage":"cs","url":"https:\/\/www.diagnostika-mysli.cz\/blog\/wp-content\/uploads\/2025\/03\/image-1.png","contentUrl":"https:\/\/www.diagnostika-mysli.cz\/blog\/wp-content\/uploads\/2025\/03\/image-1.png","width":256,"height":256},{"@type":"WebPage","@id":"https:\/\/www.diagnostika-mysli.cz\/blog\/autismus\/dotaznik-na-autismus\/#webpage","url":"https:\/\/www.diagnostika-mysli.cz\/blog\/autismus\/dotaznik-na-autismus\/","name":"Dotazn\u00edk na autismus - Test Mysli","isPartOf":{"@id":"https:\/\/www.diagnostika-mysli.cz\/blog\/#website"},"primaryImageOfPage":{"@id":"https:\/\/www.diagnostika-mysli.cz\/blog\/autismus\/dotaznik-na-autismus\/#primaryimage"},"datePublished":"2025-03-02T03:25:47+00:00","dateModified":"2025-03-03T09:56:02+00:00","author":{"@id":"https:\/\/www.diagnostika-mysli.cz\/blog\/#\/schema\/person\/8eb1bcaf59fea75c780c11946f4e3490"},"breadcrumb":{"@id":"https:\/\/www.diagnostika-mysli.cz\/blog\/autismus\/dotaznik-na-autismus\/#breadcrumb"},"inLanguage":"cs","potentialAction":[{"@type":"ReadAction","target":["https:\/\/www.diagnostika-mysli.cz\/blog\/autismus\/dotaznik-na-autismus\/"]}]},{"@type":"BreadcrumbList","@id":"https:\/\/www.diagnostika-mysli.cz\/blog\/autismus\/dotaznik-na-autismus\/#breadcrumb","itemListElement":[{"@type":"ListItem","position":1,"name":"Blog","item":"https:\/\/www.diagnostika-mysli.cz\/blog\/"},{"@type":"ListItem","position":2,"name":"Autismus","item":"https:\/\/www.diagnostika-mysli.cz\/blog\/autismus\/"},{"@type":"ListItem","position":3,"name":"Dotazn\u00edk na autismus"}]},{"@type":"Person","@id":"https:\/\/www.diagnostika-mysli.cz\/blog\/#\/schema\/person\/8eb1bcaf59fea75c780c11946f4e3490","name":"Test Mysli","image":{"@type":"ImageObject","@id":"https:\/\/www.diagnostika-mysli.cz\/blog\/#personlogo","inLanguage":"cs","url":"https:\/\/secure.gravatar.com\/avatar\/6743211f010801ea26aa9423a2daab37?s=96&d=mm&r=g","contentUrl":"https:\/\/secure.gravatar.com\/avatar\/6743211f010801ea26aa9423a2daab37?s=96&d=mm&r=g","caption":"Test Mysli"},"sameAs":["https:\/\/www.diagnostika-mysli.cz\/blog"],"url":"https:\/\/www.diagnostika-mysli.cz\/blog\/author\/diagnostyka-umyslu\/"}]}},"amp_enabled":true,"_links":{"self":[{"href":"https:\/\/www.diagnostika-mysli.cz\/blog\/wp-json\/wp\/v2\/posts\/3084"}],"collection":[{"href":"https:\/\/www.diagnostika-mysli.cz\/blog\/wp-json\/wp\/v2\/posts"}],"about":[{"href":"https:\/\/www.diagnostika-mysli.cz\/blog\/wp-json\/wp\/v2\/types\/post"}],"author":[{"embeddable":true,"href":"https:\/\/www.diagnostika-mysli.cz\/blog\/wp-json\/wp\/v2\/users\/1"}],"replies":[{"embeddable":true,"href":"https:\/\/www.diagnostika-mysli.cz\/blog\/wp-json\/wp\/v2\/comments?post=3084"}],"version-history":[{"count":1,"href":"https:\/\/www.diagnostika-mysli.cz\/blog\/wp-json\/wp\/v2\/posts\/3084\/revisions"}],"predecessor-version":[{"id":3090,"href":"https:\/\/www.diagnostika-mysli.cz\/blog\/wp-json\/wp\/v2\/posts\/3084\/revisions\/3090"}],"wp:featuredmedia":[{"embeddable":true,"href":"https:\/\/www.diagnostika-mysli.cz\/blog\/wp-json\/wp\/v2\/media\/3087"}],"wp:attachment":[{"href":"https:\/\/www.diagnostika-mysli.cz\/blog\/wp-json\/wp\/v2\/media?parent=3084"}],"wp:term":[{"taxonomy":"category","embeddable":true,"href":"https:\/\/www.diagnostika-mysli.cz\/blog\/wp-json\/wp\/v2\/categories?post=3084"},{"taxonomy":"post_tag","embeddable":true,"href":"https:\/\/www.diagnostika-mysli.cz\/blog\/wp-json\/wp\/v2\/tags?post=3084"}],"curies":[{"name":"wp","href":"https:\/\/api.w.org\/{rel}","templated":true}]}}