{"id":3114,"date":"2025-03-07T04:25:19","date_gmt":"2025-03-07T03:25:19","guid":{"rendered":"https:\/\/www.diagnostika-mysli.cz\/blog\/autismus\/diagnostika-autismu-u-deti\/"},"modified":"2025-03-13T10:09:02","modified_gmt":"2025-03-13T09:09:02","slug":"diagnostika-autismu-u-deti","status":"publish","type":"post","link":"https:\/\/www.diagnostika-mysli.cz\/blog\/autismus\/diagnostika-autismu-u-deti\/","title":{"rendered":"Diagnostika autismu u d\u011bt\u00ed"},"content":{"rendered":"<div class=\"topics\">\n<div class=\"topic\">\n<h2>Jak prob\u00edh\u00e1 diagnostika autismu u d\u011bt\u00ed a jak\u00e9 jsou jej\u00ed hlavn\u00ed kroky?<\/h2>\n<p>Diagnostika autismu u d\u011bt\u00ed je proces, kter\u00fdm se zji\u0161\u0165uje p\u0159\u00edtomnost tohoto neurov\u00fdvojov\u00e9ho poruchy. Jedn\u00e1 se o komplexn\u00ed a d\u016fle\u017eit\u00fd krok, kter\u00fd umo\u017e\u0148uje v\u010dasnou intervenci a podporu pro d\u011bti s autismem. V tomto \u010dl\u00e1nku se pod\u00edv\u00e1me na to, jak prob\u00edh\u00e1 diagnostika autismu u d\u011bt\u00ed a jak\u00e9 jsou jej\u00ed hlavn\u00ed kroky.<\/p>\n<p>Prvn\u00edm krokem v diagnostice autismu u d\u011bt\u00ed je pozorov\u00e1n\u00ed chov\u00e1n\u00ed a v\u00fdvoje d\u00edt\u011bte. Rodi\u010de, u\u010ditel\u00e9 a dal\u0161\u00ed dosp\u011bl\u00ed, kte\u0159\u00ed jsou v kontaktu s d\u00edt\u011btem, mohou b\u00fdt prvn\u00edmi, kte\u0159\u00ed si v\u0161imnou p\u0159\u00edznak\u016f autismu. Tyto p\u0159\u00edznaky mohou zahrnovat probl\u00e9my s komunikac\u00ed, soci\u00e1ln\u00ed interakc\u00ed a opakuj\u00edc\u00ed se chov\u00e1n\u00ed.<\/p>\n<\/div>\n<div class=\"topic\">\n<h2>Rizikov\u00e9 faktory pro v\u00fdvoj autismu u d\u011bt\u00ed a v\u00fdznamn\u00e9 diagnostick\u00e9 metody<\/h2>\n<p>Autismus je neurov\u00fdvojov\u00e1 porucha, kter\u00e1 se projevuje v ran\u00e9m d\u011btstv\u00ed a ovliv\u0148uje komunikaci, soci\u00e1ln\u00ed interakci a chov\u00e1n\u00ed jedince. P\u0159esn\u00e9 p\u0159\u00ed\u010diny vzniku autismu nejsou dosud zn\u00e1my, ale v\u011bdci se shoduj\u00ed, \u017ee existuje mnoho rizikov\u00fdch faktor\u016f, kter\u00e9 mohou hr\u00e1t roli v jeho v\u00fdvoji. V tomto \u010dl\u00e1nku se zam\u011b\u0159\u00edme na ty nejv\u00fdznamn\u011bj\u0161\u00ed rizikov\u00e9 faktory a diagnostick\u00e9 metody, kter\u00e9 pom\u00e1haj\u00ed identifikovat autismus u d\u011bt\u00ed.<\/p>\n<p>Genetick\u00e9 faktory jsou jedn\u00edm z nejv\u00fdznamn\u011bj\u0161\u00edch rizikov\u00fdch faktor\u016f pro v\u00fdvoj autismu. Studie ukazuj\u00ed, \u017ee d\u011bti s autismem maj\u00ed vy\u0161\u0161\u00ed pravd\u011bpodobnost, \u017ee jejich sourozenci nebo jin\u00ed p\u0159\u00edbuzn\u00ed budou tak\u00e9 trp\u011bt touto poruchou.<\/p>\n<\/div>\n<div class=\"topic\">\n<h2>V\u00fdznamn\u00e9 zm\u011bny v diagnostice autismu u d\u011bt\u00ed v posledn\u00edch letech<\/h2>\n<p>V posledn\u00edch letech do\u0161lo k v\u00fdznamn\u00fdm zm\u011bn\u00e1m v diagnostice autismu u d\u011bt\u00ed. Autismus je neurov\u00fdvojov\u00e9 onemocn\u011bn\u00ed, kter\u00e9 se projevuje poruchami v komunikaci a soci\u00e1ln\u00edm chov\u00e1n\u00ed, a je \u010dasto doprov\u00e1zeno opakuj\u00edc\u00edmi se vzorci chov\u00e1n\u00ed a z\u00e1jmy. D\u0159\u00edve byl autismus pova\u017eov\u00e1n za vz\u00e1cn\u00e9 onemocn\u011bn\u00ed, ale v posledn\u00edch letech se uk\u00e1zalo, \u017ee je mnohem \u010dast\u011bj\u0161\u00ed, ne\u017e se p\u016fvodn\u011b myslelo.<\/p>\n<p>Jednou z nejv\u00fdznamn\u011bj\u0161\u00edch zm\u011bn v diagnostice autismu je roz\u0161\u00ed\u0159en\u00ed krit\u00e9ri\u00ed pro stanoven\u00ed diagn\u00f3zy. D\u0159\u00edve bylo nutn\u00e9 splnit p\u0159\u00edsn\u00e9 krit\u00e9rium, kter\u00e9 zahrnovalo celkem 16 r\u016fzn\u00fdch symptom\u016f. To vedlo k tomu, \u017ee mnoho d\u011bt\u00ed s autismem nebylo diagnostikov\u00e1no, proto\u017ee nespl\u0148ovaly v\u0161echny po\u017eadovan\u00e9 symptomy.<\/p>\n<\/div>\n<div class=\"topic\">\n<h2>Jak\u00e9 jsou mo\u017enosti l\u00e9\u010dby a podpory pro d\u011bti s diagnostikovan\u00fdm autismem?<\/h2>\n<p>Autismus je neurov\u00fdvojov\u00e9 onemocn\u011bn\u00ed, kter\u00e9 ovliv\u0148uje soci\u00e1ln\u00ed interakci, komunikaci a chov\u00e1n\u00ed jedince. Toto onemocn\u011bn\u00ed se obvykle projevuje ji\u017e v d\u011btstv\u00ed a m\u016f\u017ee m\u00edt r\u016fzn\u00e9 formy a z\u00e1va\u017enosti. Pro rodi\u010de d\u011bt\u00ed s diagnostikovan\u00fdm autismem m\u016f\u017ee b\u00fdt obt\u00ed\u017en\u00e9 naj\u00edt spr\u00e1vnou l\u00e9\u010dbu a podporu pro sv\u00e9 d\u00edt\u011b. V tomto \u010dl\u00e1nku se pod\u00edv\u00e1me na mo\u017enosti l\u00e9\u010dby a podpory pro d\u011bti s autismem.<\/p>\n<p>1. Terapie chov\u00e1n\u00ed<\/p>\n<p>Terapie chov\u00e1n\u00ed je jednou z nej\u010dast\u011bj\u0161\u00edch forem l\u00e9\u010dby pro d\u011bti s autismem. Tato terapie se zam\u011b\u0159uje na zm\u011bnu ne\u017e\u00e1douc\u00edho chov\u00e1n\u00ed a u\u010den\u00ed nov\u00fdch dovednost\u00ed. Terapeut pracuje s d\u00edt\u011btem individu\u00e1ln\u011b a vyu\u017e\u00edv\u00e1 r\u016fzn\u00e9 techniky, jako je pozitivn\u00ed posilov\u00e1n\u00ed, modelov\u00e1n\u00ed a systematick\u00e9 desenzibilizace.<\/p>\n<\/div>\n<\/div>\n","protected":false},"excerpt":{"rendered":"<p>Jak prob\u00edh\u00e1 diagnostika autismu u d\u011bt\u00ed a jak\u00e9 jsou jej\u00ed hlavn\u00ed kroky? Diagnostika autismu u d\u011bt\u00ed je proces, kter\u00fdm se zji\u0161\u0165uje p\u0159\u00edtomnost tohoto neurov\u00fdvojov\u00e9ho poruchy&#8230;.<\/p>\n","protected":false},"author":1,"featured_media":3150,"comment_status":"closed","ping_status":"open","sticky":false,"template":"","format":"standard","meta":{"inline_featured_image":false},"categories":[849],"tags":[],"yoast_head":"<!-- This site is optimized with the Yoast SEO plugin v18.1 - https:\/\/yoast.com\/wordpress\/plugins\/seo\/ -->\n<title>Diagnostika autismu u d\u011bt\u00ed - Test Mysli<\/title>\n<meta name=\"robots\" content=\"index, follow, max-snippet:-1, max-image-preview:large, max-video-preview:-1\" \/>\n<link rel=\"canonical\" href=\"https:\/\/www.diagnostika-mysli.cz\/blog\/autismus\/diagnostika-autismu-u-deti\/\" \/>\n<meta property=\"og:locale\" content=\"cs_CZ\" \/>\n<meta property=\"og:type\" content=\"article\" \/>\n<meta property=\"og:title\" content=\"Diagnostika autismu u d\u011bt\u00ed - Test Mysli\" \/>\n<meta property=\"og:description\" content=\"Jak prob\u00edh\u00e1 diagnostika autismu u d\u011bt\u00ed a jak\u00e9 jsou jej\u00ed hlavn\u00ed kroky? Diagnostika autismu u d\u011bt\u00ed je proces, kter\u00fdm se zji\u0161\u0165uje p\u0159\u00edtomnost tohoto neurov\u00fdvojov\u00e9ho poruchy....\" \/>\n<meta property=\"og:url\" content=\"https:\/\/www.diagnostika-mysli.cz\/blog\/autismus\/diagnostika-autismu-u-deti\/\" \/>\n<meta property=\"og:site_name\" content=\"Test Mysli\" \/>\n<meta property=\"article:published_time\" content=\"2025-03-07T03:25:19+00:00\" \/>\n<meta property=\"article:modified_time\" content=\"2025-03-13T09:09:02+00:00\" \/>\n<meta name=\"twitter:card\" content=\"summary_large_image\" \/>\n<meta name=\"twitter:label1\" content=\"Napsal(a)\" \/>\n\t<meta name=\"twitter:data1\" content=\"Test Mysli\" \/>\n\t<meta name=\"twitter:label2\" content=\"Odhadovan\u00e1 doba \u010dten\u00ed\" \/>\n\t<meta name=\"twitter:data2\" content=\"3 minuty\" \/>\n<script type=\"application\/ld+json\" class=\"yoast-schema-graph\">{\"@context\":\"https:\/\/schema.org\",\"@graph\":[{\"@type\":\"WebSite\",\"@id\":\"https:\/\/www.diagnostika-mysli.cz\/blog\/#website\",\"url\":\"https:\/\/www.diagnostika-mysli.cz\/blog\/\",\"name\":\"Test Mysli\",\"description\":\"Blog o poruch\u00e1ch mysli\",\"potentialAction\":[{\"@type\":\"SearchAction\",\"target\":{\"@type\":\"EntryPoint\",\"urlTemplate\":\"https:\/\/www.diagnostika-mysli.cz\/blog\/?s={search_term_string}\"},\"query-input\":\"required name=search_term_string\"}],\"inLanguage\":\"cs\"},{\"@type\":\"ImageObject\",\"@id\":\"https:\/\/www.diagnostika-mysli.cz\/blog\/autismus\/diagnostika-autismu-u-deti\/#primaryimage\",\"inLanguage\":\"cs\",\"url\":\"https:\/\/www.diagnostika-mysli.cz\/blog\/wp-content\/uploads\/2025\/03\/image-12.png\",\"contentUrl\":\"https:\/\/www.diagnostika-mysli.cz\/blog\/wp-content\/uploads\/2025\/03\/image-12.png\",\"width\":256,\"height\":256},{\"@type\":\"WebPage\",\"@id\":\"https:\/\/www.diagnostika-mysli.cz\/blog\/autismus\/diagnostika-autismu-u-deti\/#webpage\",\"url\":\"https:\/\/www.diagnostika-mysli.cz\/blog\/autismus\/diagnostika-autismu-u-deti\/\",\"name\":\"Diagnostika autismu u d\u011bt\u00ed - Test Mysli\",\"isPartOf\":{\"@id\":\"https:\/\/www.diagnostika-mysli.cz\/blog\/#website\"},\"primaryImageOfPage\":{\"@id\":\"https:\/\/www.diagnostika-mysli.cz\/blog\/autismus\/diagnostika-autismu-u-deti\/#primaryimage\"},\"datePublished\":\"2025-03-07T03:25:19+00:00\",\"dateModified\":\"2025-03-13T09:09:02+00:00\",\"author\":{\"@id\":\"https:\/\/www.diagnostika-mysli.cz\/blog\/#\/schema\/person\/8eb1bcaf59fea75c780c11946f4e3490\"},\"breadcrumb\":{\"@id\":\"https:\/\/www.diagnostika-mysli.cz\/blog\/autismus\/diagnostika-autismu-u-deti\/#breadcrumb\"},\"inLanguage\":\"cs\",\"potentialAction\":[{\"@type\":\"ReadAction\",\"target\":[\"https:\/\/www.diagnostika-mysli.cz\/blog\/autismus\/diagnostika-autismu-u-deti\/\"]}]},{\"@type\":\"BreadcrumbList\",\"@id\":\"https:\/\/www.diagnostika-mysli.cz\/blog\/autismus\/diagnostika-autismu-u-deti\/#breadcrumb\",\"itemListElement\":[{\"@type\":\"ListItem\",\"position\":1,\"name\":\"Blog\",\"item\":\"https:\/\/www.diagnostika-mysli.cz\/blog\/\"},{\"@type\":\"ListItem\",\"position\":2,\"name\":\"Autismus\",\"item\":\"https:\/\/www.diagnostika-mysli.cz\/blog\/autismus\/\"},{\"@type\":\"ListItem\",\"position\":3,\"name\":\"Diagnostika autismu u d\u011bt\u00ed\"}]},{\"@type\":\"Person\",\"@id\":\"https:\/\/www.diagnostika-mysli.cz\/blog\/#\/schema\/person\/8eb1bcaf59fea75c780c11946f4e3490\",\"name\":\"Test Mysli\",\"image\":{\"@type\":\"ImageObject\",\"@id\":\"https:\/\/www.diagnostika-mysli.cz\/blog\/#personlogo\",\"inLanguage\":\"cs\",\"url\":\"https:\/\/secure.gravatar.com\/avatar\/6743211f010801ea26aa9423a2daab37?s=96&d=mm&r=g\",\"contentUrl\":\"https:\/\/secure.gravatar.com\/avatar\/6743211f010801ea26aa9423a2daab37?s=96&d=mm&r=g\",\"caption\":\"Test Mysli\"},\"sameAs\":[\"https:\/\/www.diagnostika-mysli.cz\/blog\"],\"url\":\"https:\/\/www.diagnostika-mysli.cz\/blog\/author\/diagnostyka-umyslu\/\"}]}<\/script>\n<!-- \/ Yoast SEO plugin. -->","yoast_head_json":{"title":"Diagnostika autismu u d\u011bt\u00ed - Test Mysli","robots":{"index":"index","follow":"follow","max-snippet":"max-snippet:-1","max-image-preview":"max-image-preview:large","max-video-preview":"max-video-preview:-1"},"canonical":"https:\/\/www.diagnostika-mysli.cz\/blog\/autismus\/diagnostika-autismu-u-deti\/","og_locale":"cs_CZ","og_type":"article","og_title":"Diagnostika autismu u d\u011bt\u00ed - Test Mysli","og_description":"Jak prob\u00edh\u00e1 diagnostika autismu u d\u011bt\u00ed a jak\u00e9 jsou jej\u00ed hlavn\u00ed kroky? Diagnostika autismu u d\u011bt\u00ed je proces, kter\u00fdm se zji\u0161\u0165uje p\u0159\u00edtomnost tohoto neurov\u00fdvojov\u00e9ho poruchy....","og_url":"https:\/\/www.diagnostika-mysli.cz\/blog\/autismus\/diagnostika-autismu-u-deti\/","og_site_name":"Test Mysli","article_published_time":"2025-03-07T03:25:19+00:00","article_modified_time":"2025-03-13T09:09:02+00:00","twitter_card":"summary_large_image","twitter_misc":{"Napsal(a)":"Test Mysli","Odhadovan\u00e1 doba \u010dten\u00ed":"3 minuty"},"schema":{"@context":"https:\/\/schema.org","@graph":[{"@type":"WebSite","@id":"https:\/\/www.diagnostika-mysli.cz\/blog\/#website","url":"https:\/\/www.diagnostika-mysli.cz\/blog\/","name":"Test Mysli","description":"Blog o poruch\u00e1ch mysli","potentialAction":[{"@type":"SearchAction","target":{"@type":"EntryPoint","urlTemplate":"https:\/\/www.diagnostika-mysli.cz\/blog\/?s={search_term_string}"},"query-input":"required name=search_term_string"}],"inLanguage":"cs"},{"@type":"ImageObject","@id":"https:\/\/www.diagnostika-mysli.cz\/blog\/autismus\/diagnostika-autismu-u-deti\/#primaryimage","inLanguage":"cs","url":"https:\/\/www.diagnostika-mysli.cz\/blog\/wp-content\/uploads\/2025\/03\/image-12.png","contentUrl":"https:\/\/www.diagnostika-mysli.cz\/blog\/wp-content\/uploads\/2025\/03\/image-12.png","width":256,"height":256},{"@type":"WebPage","@id":"https:\/\/www.diagnostika-mysli.cz\/blog\/autismus\/diagnostika-autismu-u-deti\/#webpage","url":"https:\/\/www.diagnostika-mysli.cz\/blog\/autismus\/diagnostika-autismu-u-deti\/","name":"Diagnostika autismu u d\u011bt\u00ed - Test Mysli","isPartOf":{"@id":"https:\/\/www.diagnostika-mysli.cz\/blog\/#website"},"primaryImageOfPage":{"@id":"https:\/\/www.diagnostika-mysli.cz\/blog\/autismus\/diagnostika-autismu-u-deti\/#primaryimage"},"datePublished":"2025-03-07T03:25:19+00:00","dateModified":"2025-03-13T09:09:02+00:00","author":{"@id":"https:\/\/www.diagnostika-mysli.cz\/blog\/#\/schema\/person\/8eb1bcaf59fea75c780c11946f4e3490"},"breadcrumb":{"@id":"https:\/\/www.diagnostika-mysli.cz\/blog\/autismus\/diagnostika-autismu-u-deti\/#breadcrumb"},"inLanguage":"cs","potentialAction":[{"@type":"ReadAction","target":["https:\/\/www.diagnostika-mysli.cz\/blog\/autismus\/diagnostika-autismu-u-deti\/"]}]},{"@type":"BreadcrumbList","@id":"https:\/\/www.diagnostika-mysli.cz\/blog\/autismus\/diagnostika-autismu-u-deti\/#breadcrumb","itemListElement":[{"@type":"ListItem","position":1,"name":"Blog","item":"https:\/\/www.diagnostika-mysli.cz\/blog\/"},{"@type":"ListItem","position":2,"name":"Autismus","item":"https:\/\/www.diagnostika-mysli.cz\/blog\/autismus\/"},{"@type":"ListItem","position":3,"name":"Diagnostika autismu u d\u011bt\u00ed"}]},{"@type":"Person","@id":"https:\/\/www.diagnostika-mysli.cz\/blog\/#\/schema\/person\/8eb1bcaf59fea75c780c11946f4e3490","name":"Test Mysli","image":{"@type":"ImageObject","@id":"https:\/\/www.diagnostika-mysli.cz\/blog\/#personlogo","inLanguage":"cs","url":"https:\/\/secure.gravatar.com\/avatar\/6743211f010801ea26aa9423a2daab37?s=96&d=mm&r=g","contentUrl":"https:\/\/secure.gravatar.com\/avatar\/6743211f010801ea26aa9423a2daab37?s=96&d=mm&r=g","caption":"Test Mysli"},"sameAs":["https:\/\/www.diagnostika-mysli.cz\/blog"],"url":"https:\/\/www.diagnostika-mysli.cz\/blog\/author\/diagnostyka-umyslu\/"}]}},"amp_enabled":true,"_links":{"self":[{"href":"https:\/\/www.diagnostika-mysli.cz\/blog\/wp-json\/wp\/v2\/posts\/3114"}],"collection":[{"href":"https:\/\/www.diagnostika-mysli.cz\/blog\/wp-json\/wp\/v2\/posts"}],"about":[{"href":"https:\/\/www.diagnostika-mysli.cz\/blog\/wp-json\/wp\/v2\/types\/post"}],"author":[{"embeddable":true,"href":"https:\/\/www.diagnostika-mysli.cz\/blog\/wp-json\/wp\/v2\/users\/1"}],"replies":[{"embeddable":true,"href":"https:\/\/www.diagnostika-mysli.cz\/blog\/wp-json\/wp\/v2\/comments?post=3114"}],"version-history":[{"count":1,"href":"https:\/\/www.diagnostika-mysli.cz\/blog\/wp-json\/wp\/v2\/posts\/3114\/revisions"}],"predecessor-version":[{"id":3144,"href":"https:\/\/www.diagnostika-mysli.cz\/blog\/wp-json\/wp\/v2\/posts\/3114\/revisions\/3144"}],"wp:featuredmedia":[{"embeddable":true,"href":"https:\/\/www.diagnostika-mysli.cz\/blog\/wp-json\/wp\/v2\/media\/3150"}],"wp:attachment":[{"href":"https:\/\/www.diagnostika-mysli.cz\/blog\/wp-json\/wp\/v2\/media?parent=3114"}],"wp:term":[{"taxonomy":"category","embeddable":true,"href":"https:\/\/www.diagnostika-mysli.cz\/blog\/wp-json\/wp\/v2\/categories?post=3114"},{"taxonomy":"post_tag","embeddable":true,"href":"https:\/\/www.diagnostika-mysli.cz\/blog\/wp-json\/wp\/v2\/tags?post=3114"}],"curies":[{"name":"wp","href":"https:\/\/api.w.org\/{rel}","templated":true}]}}