{"id":3116,"date":"2025-03-08T04:25:18","date_gmt":"2025-03-08T03:25:18","guid":{"rendered":"https:\/\/www.diagnostika-mysli.cz\/blog\/autismus\/autismus-u-dospelych-zen\/"},"modified":"2025-03-13T10:08:23","modified_gmt":"2025-03-13T09:08:23","slug":"autismus-u-dospelych-zen","status":"publish","type":"post","link":"https:\/\/www.diagnostika-mysli.cz\/blog\/autismus\/autismus-u-dospelych-zen\/","title":{"rendered":"Autismus u dosp\u011bl\u00fdch \u017een"},"content":{"rendered":"<div class=\"topics\">\n<div class=\"topic\">\n<h2>P\u0159\u00edznaky a diagnostika autismu u dosp\u011bl\u00fdch \u017een<\/h2>\n<p>Autismus je neurov\u00fdvojov\u00e1 porucha, kter\u00e1 se projevuje v poru\u0161en\u00ed soci\u00e1ln\u00ed interakce, komunikace a chov\u00e1n\u00ed. Tato porucha se obvykle projevuje ji\u017e v d\u011btstv\u00ed, ale m\u016f\u017ee b\u00fdt diagnostikov\u00e1na i u dosp\u011bl\u00fdch \u017een. V tomto \u010dl\u00e1nku se zam\u011b\u0159\u00edme na p\u0159\u00edznaky a diagnostiku autismu u dosp\u011bl\u00fdch \u017een.<\/p>\n<p>P\u0159\u00edznaky autismu u dosp\u011bl\u00fdch \u017een mohou b\u00fdt velmi rozmanit\u00e9 a mohou se li\u0161it od p\u0159\u00edznak\u016f u mu\u017e\u016f. Dosp\u011bl\u00e9 \u017eeny s autismem mohou m\u00edt probl\u00e9my s porozum\u011bn\u00edm soci\u00e1ln\u00edm n\u00e1vyk\u016fm a nespr\u00e1vn\u011b interpretovat verb\u00e1ln\u00ed a neverb\u00e1ln\u00ed komunikaci. Mohou m\u00edt tak\u00e9 probl\u00e9my s porozum\u011bn\u00edm emoc\u00edm a projevov\u00e1n\u00edm sv\u00fdch vlastn\u00edch emoc\u00ed. Dal\u0161\u00edm \u010dast\u00fdm p\u0159\u00edznakem je opakuj\u00edc\u00ed se chov\u00e1n\u00ed a z\u00e1jmy, kter\u00e9 mohou b\u00fdt velmi intenzivn\u00ed a omezuj\u00edc\u00ed.<\/p>\n<\/div>\n<div class=\"topic\">\n<h2>Vliv autismu na soci\u00e1ln\u00ed interakce a komunikaci u dosp\u011bl\u00fdch \u017een<\/h2>\n<p>Autismus je neurov\u00fdvojov\u00e1 porucha, kter\u00e1 ovliv\u0148uje soci\u00e1ln\u00ed interakce a komunikaci u jedinc\u016f. Tato porucha se projevuje ji\u017e v d\u011btstv\u00ed, ale m\u016f\u017ee b\u00fdt diagnostikov\u00e1na i u dosp\u011bl\u00fdch. Vliv autismu na soci\u00e1ln\u00ed interakce a komunikaci u dosp\u011bl\u00fdch \u017een je velmi v\u00fdznamn\u00fd a m\u016f\u017ee m\u00edt zna\u010dn\u00fd dopad na jejich ka\u017edodenn\u00ed \u017eivot.<\/p>\n<p>Jedn\u00edm z hlavn\u00edch projev\u016f autismu u dosp\u011bl\u00fdch \u017een je naru\u0161en\u00e1 schopnost porozum\u011bt soci\u00e1ln\u00edm sign\u00e1l\u016fm a interagovat s ostatn\u00edmi lidmi. Tyto \u017eeny maj\u00ed \u010dasto probl\u00e9my s \u010dten\u00edm mimiky, gest a t\u00f3nu hlasu, co\u017e jim br\u00e1n\u00ed v porozum\u011bn\u00ed emoc\u00edm a n\u00e1lad\u00e1m druh\u00fdch. Toto m\u016f\u017ee v\u00e9st k nedorozum\u011bn\u00edm a probl\u00e9m\u016fm v komunikaci s ostatn\u00edmi.<\/p>\n<p>Dal\u0161\u00edm v\u00fdznamn\u00fdm projevem autismu u dosp\u011bl\u00fdch \u017een je omezen\u00e1 schop.<\/p>\n<\/div>\n<div class=\"topic\">\n<h2>Terapeutick\u00e9 mo\u017enosti pro dosp\u011bl\u00e9 \u017eeny s autismem<\/h2>\n<p>Autismus je neurov\u00fdvojov\u00e9 onemocn\u011bn\u00ed, kter\u00e9 ovliv\u0148uje soci\u00e1ln\u00ed interakce, komunikaci a chov\u00e1n\u00ed. A\u010dkoli se \u010dasto spojuje s d\u011btstv\u00edm, m\u016f\u017ee se vyskytovat i u dosp\u011bl\u00fdch \u017een. Pro tyto \u017eeny m\u016f\u017ee b\u00fdt obt\u00ed\u017en\u00e9 naj\u00edt vhodnou terapii, proto\u017ee v\u011bt\u0161ina terapeutick\u00fdch mo\u017enost\u00ed je zam\u011b\u0159ena na d\u011bti. Nicm\u00e9n\u011b existuje n\u011bkolik terapeutick\u00fdch p\u0159\u00edstup\u016f, kter\u00e9 mohou pomoci dosp\u011bl\u00fdm \u017een\u00e1m s autismem zlep\u0161it sv\u016fj \u017eivot a zvl\u00e1dat ka\u017edodenn\u00ed v\u00fdzvy.<\/p>\n<p>1. Kognitivn\u011b-behavior\u00e1ln\u00ed terapie (KBT)<\/p>\n<p>KBT je jedn\u00edm z nej\u010dast\u011bji pou\u017e\u00edvan\u00fdch terapeutick\u00fdch p\u0159\u00edstup\u016f pro dosp\u011bl\u00e9 s autismem. Tato terapie se zam\u011b\u0159uje na zm\u011bnu my\u0161len\u00ed a chov\u00e1n\u00ed, kter\u00e9 mohou b\u00fdt pro \u017eeny s autismem problematick\u00e9. Terapeut pom\u00e1h\u00e1 klientce identifikovat neg.<\/p>\n<\/div>\n<div class=\"topic\">\n<h2>V\u00fdzvy a p\u0159ek\u00e1\u017eky v zam\u011bstn\u00e1n\u00ed pro dosp\u011bl\u00e9 \u017eeny s autismem<\/h2>\n<p>Autismus je neurov\u00fdvojov\u00e1 porucha, kter\u00e1 ovliv\u0148uje soci\u00e1ln\u00ed interakce, komunikaci a chov\u00e1n\u00ed jedince. Tato porucha se projevuje ji\u017e v d\u011btstv\u00ed, ale m\u016f\u017ee trvat po cel\u00fd \u017eivot. V posledn\u00edch letech se st\u00e1le v\u00edce hovo\u0159\u00ed o autismu u dosp\u011bl\u00fdch \u017een, kter\u00e9 se \u010dasto pot\u00fdkaj\u00ed s mnoha v\u00fdzvami a p\u0159ek\u00e1\u017ekami v zam\u011bstn\u00e1n\u00ed.<\/p>\n<p>Jednou z nejv\u011bt\u0161\u00edch v\u00fdzev pro dosp\u011bl\u00e9 \u017eeny s autismem v zam\u011bstn\u00e1n\u00ed je nedostate\u010dn\u00e1 informovanost a pov\u011bdom\u00ed o t\u00e9to poru\u0161e. Mnoho zam\u011bstnavatel\u016f nem\u00e1 dostate\u010dn\u00e9 znalosti o autismu a nev\u00ed, jak s n\u00edm pracovat. To m\u016f\u017ee v\u00e9st k nepochopen\u00ed a nedostate\u010dn\u00e9 podpo\u0159e pro zam\u011bstnankyn\u011b s touto poruchou. N\u011bkter\u00e9 \u017eeny s autismem se tak mohou c\u00edtit izolovan\u00e9 a nepochopen\u00e9 ve sv\u00e9m pracovn\u00edm prost\u0159ed\u00ed.<\/p>\n<\/div>\n<\/div>\n","protected":false},"excerpt":{"rendered":"<p>P\u0159\u00edznaky a diagnostika autismu u dosp\u011bl\u00fdch \u017een Autismus je neurov\u00fdvojov\u00e1 porucha, kter\u00e1 se projevuje v poru\u0161en\u00ed soci\u00e1ln\u00ed interakce, komunikace a chov\u00e1n\u00ed. Tato porucha se obvykle&#8230;<\/p>\n","protected":false},"author":1,"featured_media":3160,"comment_status":"closed","ping_status":"open","sticky":false,"template":"","format":"standard","meta":{"inline_featured_image":false},"categories":[849],"tags":[],"yoast_head":"<!-- This site is optimized with the Yoast SEO plugin v18.1 - https:\/\/yoast.com\/wordpress\/plugins\/seo\/ -->\n<title>Autismus u dosp\u011bl\u00fdch \u017een - Test Mysli<\/title>\n<meta name=\"robots\" content=\"index, follow, max-snippet:-1, max-image-preview:large, max-video-preview:-1\" \/>\n<link rel=\"canonical\" href=\"https:\/\/www.diagnostika-mysli.cz\/blog\/autismus\/autismus-u-dospelych-zen\/\" \/>\n<meta property=\"og:locale\" content=\"cs_CZ\" \/>\n<meta property=\"og:type\" content=\"article\" \/>\n<meta property=\"og:title\" content=\"Autismus u dosp\u011bl\u00fdch \u017een - Test Mysli\" \/>\n<meta property=\"og:description\" content=\"P\u0159\u00edznaky a diagnostika autismu u dosp\u011bl\u00fdch \u017een Autismus je neurov\u00fdvojov\u00e1 porucha, kter\u00e1 se projevuje v poru\u0161en\u00ed soci\u00e1ln\u00ed interakce, komunikace a chov\u00e1n\u00ed. Tato porucha se obvykle...\" \/>\n<meta property=\"og:url\" content=\"https:\/\/www.diagnostika-mysli.cz\/blog\/autismus\/autismus-u-dospelych-zen\/\" \/>\n<meta property=\"og:site_name\" content=\"Test Mysli\" \/>\n<meta property=\"article:published_time\" content=\"2025-03-08T03:25:18+00:00\" \/>\n<meta property=\"article:modified_time\" content=\"2025-03-13T09:08:23+00:00\" \/>\n<meta name=\"twitter:card\" content=\"summary_large_image\" \/>\n<meta name=\"twitter:label1\" content=\"Napsal(a)\" \/>\n\t<meta name=\"twitter:data1\" content=\"Test Mysli\" \/>\n\t<meta name=\"twitter:label2\" content=\"Odhadovan\u00e1 doba \u010dten\u00ed\" \/>\n\t<meta name=\"twitter:data2\" content=\"3 minuty\" \/>\n<script type=\"application\/ld+json\" class=\"yoast-schema-graph\">{\"@context\":\"https:\/\/schema.org\",\"@graph\":[{\"@type\":\"WebSite\",\"@id\":\"https:\/\/www.diagnostika-mysli.cz\/blog\/#website\",\"url\":\"https:\/\/www.diagnostika-mysli.cz\/blog\/\",\"name\":\"Test Mysli\",\"description\":\"Blog o poruch\u00e1ch mysli\",\"potentialAction\":[{\"@type\":\"SearchAction\",\"target\":{\"@type\":\"EntryPoint\",\"urlTemplate\":\"https:\/\/www.diagnostika-mysli.cz\/blog\/?s={search_term_string}\"},\"query-input\":\"required name=search_term_string\"}],\"inLanguage\":\"cs\"},{\"@type\":\"ImageObject\",\"@id\":\"https:\/\/www.diagnostika-mysli.cz\/blog\/autismus\/autismus-u-dospelych-zen\/#primaryimage\",\"inLanguage\":\"cs\",\"url\":\"https:\/\/www.diagnostika-mysli.cz\/blog\/wp-content\/uploads\/2025\/03\/image-13.png\",\"contentUrl\":\"https:\/\/www.diagnostika-mysli.cz\/blog\/wp-content\/uploads\/2025\/03\/image-13.png\",\"width\":256,\"height\":256},{\"@type\":\"WebPage\",\"@id\":\"https:\/\/www.diagnostika-mysli.cz\/blog\/autismus\/autismus-u-dospelych-zen\/#webpage\",\"url\":\"https:\/\/www.diagnostika-mysli.cz\/blog\/autismus\/autismus-u-dospelych-zen\/\",\"name\":\"Autismus u dosp\u011bl\u00fdch \u017een - Test Mysli\",\"isPartOf\":{\"@id\":\"https:\/\/www.diagnostika-mysli.cz\/blog\/#website\"},\"primaryImageOfPage\":{\"@id\":\"https:\/\/www.diagnostika-mysli.cz\/blog\/autismus\/autismus-u-dospelych-zen\/#primaryimage\"},\"datePublished\":\"2025-03-08T03:25:18+00:00\",\"dateModified\":\"2025-03-13T09:08:23+00:00\",\"author\":{\"@id\":\"https:\/\/www.diagnostika-mysli.cz\/blog\/#\/schema\/person\/8eb1bcaf59fea75c780c11946f4e3490\"},\"breadcrumb\":{\"@id\":\"https:\/\/www.diagnostika-mysli.cz\/blog\/autismus\/autismus-u-dospelych-zen\/#breadcrumb\"},\"inLanguage\":\"cs\",\"potentialAction\":[{\"@type\":\"ReadAction\",\"target\":[\"https:\/\/www.diagnostika-mysli.cz\/blog\/autismus\/autismus-u-dospelych-zen\/\"]}]},{\"@type\":\"BreadcrumbList\",\"@id\":\"https:\/\/www.diagnostika-mysli.cz\/blog\/autismus\/autismus-u-dospelych-zen\/#breadcrumb\",\"itemListElement\":[{\"@type\":\"ListItem\",\"position\":1,\"name\":\"Blog\",\"item\":\"https:\/\/www.diagnostika-mysli.cz\/blog\/\"},{\"@type\":\"ListItem\",\"position\":2,\"name\":\"Autismus\",\"item\":\"https:\/\/www.diagnostika-mysli.cz\/blog\/autismus\/\"},{\"@type\":\"ListItem\",\"position\":3,\"name\":\"Autismus u dosp\u011bl\u00fdch \u017een\"}]},{\"@type\":\"Person\",\"@id\":\"https:\/\/www.diagnostika-mysli.cz\/blog\/#\/schema\/person\/8eb1bcaf59fea75c780c11946f4e3490\",\"name\":\"Test Mysli\",\"image\":{\"@type\":\"ImageObject\",\"@id\":\"https:\/\/www.diagnostika-mysli.cz\/blog\/#personlogo\",\"inLanguage\":\"cs\",\"url\":\"https:\/\/secure.gravatar.com\/avatar\/6743211f010801ea26aa9423a2daab37?s=96&d=mm&r=g\",\"contentUrl\":\"https:\/\/secure.gravatar.com\/avatar\/6743211f010801ea26aa9423a2daab37?s=96&d=mm&r=g\",\"caption\":\"Test Mysli\"},\"sameAs\":[\"https:\/\/www.diagnostika-mysli.cz\/blog\"],\"url\":\"https:\/\/www.diagnostika-mysli.cz\/blog\/author\/diagnostyka-umyslu\/\"}]}<\/script>\n<!-- \/ Yoast SEO plugin. -->","yoast_head_json":{"title":"Autismus u dosp\u011bl\u00fdch \u017een - Test Mysli","robots":{"index":"index","follow":"follow","max-snippet":"max-snippet:-1","max-image-preview":"max-image-preview:large","max-video-preview":"max-video-preview:-1"},"canonical":"https:\/\/www.diagnostika-mysli.cz\/blog\/autismus\/autismus-u-dospelych-zen\/","og_locale":"cs_CZ","og_type":"article","og_title":"Autismus u dosp\u011bl\u00fdch \u017een - Test Mysli","og_description":"P\u0159\u00edznaky a diagnostika autismu u dosp\u011bl\u00fdch \u017een Autismus je neurov\u00fdvojov\u00e1 porucha, kter\u00e1 se projevuje v poru\u0161en\u00ed soci\u00e1ln\u00ed interakce, komunikace a chov\u00e1n\u00ed. Tato porucha se obvykle...","og_url":"https:\/\/www.diagnostika-mysli.cz\/blog\/autismus\/autismus-u-dospelych-zen\/","og_site_name":"Test Mysli","article_published_time":"2025-03-08T03:25:18+00:00","article_modified_time":"2025-03-13T09:08:23+00:00","twitter_card":"summary_large_image","twitter_misc":{"Napsal(a)":"Test Mysli","Odhadovan\u00e1 doba \u010dten\u00ed":"3 minuty"},"schema":{"@context":"https:\/\/schema.org","@graph":[{"@type":"WebSite","@id":"https:\/\/www.diagnostika-mysli.cz\/blog\/#website","url":"https:\/\/www.diagnostika-mysli.cz\/blog\/","name":"Test Mysli","description":"Blog o poruch\u00e1ch mysli","potentialAction":[{"@type":"SearchAction","target":{"@type":"EntryPoint","urlTemplate":"https:\/\/www.diagnostika-mysli.cz\/blog\/?s={search_term_string}"},"query-input":"required name=search_term_string"}],"inLanguage":"cs"},{"@type":"ImageObject","@id":"https:\/\/www.diagnostika-mysli.cz\/blog\/autismus\/autismus-u-dospelych-zen\/#primaryimage","inLanguage":"cs","url":"https:\/\/www.diagnostika-mysli.cz\/blog\/wp-content\/uploads\/2025\/03\/image-13.png","contentUrl":"https:\/\/www.diagnostika-mysli.cz\/blog\/wp-content\/uploads\/2025\/03\/image-13.png","width":256,"height":256},{"@type":"WebPage","@id":"https:\/\/www.diagnostika-mysli.cz\/blog\/autismus\/autismus-u-dospelych-zen\/#webpage","url":"https:\/\/www.diagnostika-mysli.cz\/blog\/autismus\/autismus-u-dospelych-zen\/","name":"Autismus u dosp\u011bl\u00fdch \u017een - Test Mysli","isPartOf":{"@id":"https:\/\/www.diagnostika-mysli.cz\/blog\/#website"},"primaryImageOfPage":{"@id":"https:\/\/www.diagnostika-mysli.cz\/blog\/autismus\/autismus-u-dospelych-zen\/#primaryimage"},"datePublished":"2025-03-08T03:25:18+00:00","dateModified":"2025-03-13T09:08:23+00:00","author":{"@id":"https:\/\/www.diagnostika-mysli.cz\/blog\/#\/schema\/person\/8eb1bcaf59fea75c780c11946f4e3490"},"breadcrumb":{"@id":"https:\/\/www.diagnostika-mysli.cz\/blog\/autismus\/autismus-u-dospelych-zen\/#breadcrumb"},"inLanguage":"cs","potentialAction":[{"@type":"ReadAction","target":["https:\/\/www.diagnostika-mysli.cz\/blog\/autismus\/autismus-u-dospelych-zen\/"]}]},{"@type":"BreadcrumbList","@id":"https:\/\/www.diagnostika-mysli.cz\/blog\/autismus\/autismus-u-dospelych-zen\/#breadcrumb","itemListElement":[{"@type":"ListItem","position":1,"name":"Blog","item":"https:\/\/www.diagnostika-mysli.cz\/blog\/"},{"@type":"ListItem","position":2,"name":"Autismus","item":"https:\/\/www.diagnostika-mysli.cz\/blog\/autismus\/"},{"@type":"ListItem","position":3,"name":"Autismus u dosp\u011bl\u00fdch \u017een"}]},{"@type":"Person","@id":"https:\/\/www.diagnostika-mysli.cz\/blog\/#\/schema\/person\/8eb1bcaf59fea75c780c11946f4e3490","name":"Test Mysli","image":{"@type":"ImageObject","@id":"https:\/\/www.diagnostika-mysli.cz\/blog\/#personlogo","inLanguage":"cs","url":"https:\/\/secure.gravatar.com\/avatar\/6743211f010801ea26aa9423a2daab37?s=96&d=mm&r=g","contentUrl":"https:\/\/secure.gravatar.com\/avatar\/6743211f010801ea26aa9423a2daab37?s=96&d=mm&r=g","caption":"Test Mysli"},"sameAs":["https:\/\/www.diagnostika-mysli.cz\/blog"],"url":"https:\/\/www.diagnostika-mysli.cz\/blog\/author\/diagnostyka-umyslu\/"}]}},"amp_enabled":true,"_links":{"self":[{"href":"https:\/\/www.diagnostika-mysli.cz\/blog\/wp-json\/wp\/v2\/posts\/3116"}],"collection":[{"href":"https:\/\/www.diagnostika-mysli.cz\/blog\/wp-json\/wp\/v2\/posts"}],"about":[{"href":"https:\/\/www.diagnostika-mysli.cz\/blog\/wp-json\/wp\/v2\/types\/post"}],"author":[{"embeddable":true,"href":"https:\/\/www.diagnostika-mysli.cz\/blog\/wp-json\/wp\/v2\/users\/1"}],"replies":[{"embeddable":true,"href":"https:\/\/www.diagnostika-mysli.cz\/blog\/wp-json\/wp\/v2\/comments?post=3116"}],"version-history":[{"count":1,"href":"https:\/\/www.diagnostika-mysli.cz\/blog\/wp-json\/wp\/v2\/posts\/3116\/revisions"}],"predecessor-version":[{"id":3141,"href":"https:\/\/www.diagnostika-mysli.cz\/blog\/wp-json\/wp\/v2\/posts\/3116\/revisions\/3141"}],"wp:featuredmedia":[{"embeddable":true,"href":"https:\/\/www.diagnostika-mysli.cz\/blog\/wp-json\/wp\/v2\/media\/3160"}],"wp:attachment":[{"href":"https:\/\/www.diagnostika-mysli.cz\/blog\/wp-json\/wp\/v2\/media?parent=3116"}],"wp:term":[{"taxonomy":"category","embeddable":true,"href":"https:\/\/www.diagnostika-mysli.cz\/blog\/wp-json\/wp\/v2\/categories?post=3116"},{"taxonomy":"post_tag","embeddable":true,"href":"https:\/\/www.diagnostika-mysli.cz\/blog\/wp-json\/wp\/v2\/tags?post=3116"}],"curies":[{"name":"wp","href":"https:\/\/api.w.org\/{rel}","templated":true}]}}