{"id":3118,"date":"2025-03-09T04:25:19","date_gmt":"2025-03-09T03:25:19","guid":{"rendered":"https:\/\/www.diagnostika-mysli.cz\/blog\/autismus\/aspergeruv-syndrom-projevy\/"},"modified":"2025-03-13T10:07:41","modified_gmt":"2025-03-13T09:07:41","slug":"aspergeruv-syndrom-projevy","status":"publish","type":"post","link":"https:\/\/www.diagnostika-mysli.cz\/blog\/autismus\/aspergeruv-syndrom-projevy\/","title":{"rendered":"Asperger\u016fv syndrom projevy"},"content":{"rendered":"<div class=\"topics\">\n<div class=\"topic\">\n<h2>Jak\u00e9 jsou nej\u010dast\u011bj\u0161\u00ed projevy Aspergerova syndromu u d\u011bt\u00ed?<\/h2>\n<p>Asperger\u016fv syndrom je neurov\u00fdvojov\u00e9 onemocn\u011bn\u00ed, kter\u00e9 se projevuje p\u0159edev\u0161\u00edm v soci\u00e1ln\u00edm chov\u00e1n\u00ed a komunikaci. Toto onemocn\u011bn\u00ed se obvykle projevuje ji\u017e v d\u011btstv\u00ed a m\u016f\u017ee m\u00edt r\u016fzn\u00e9 formy a intenzitu. Nej\u010dast\u011bji se vyskytuje u chlapc\u016f, ale m\u016f\u017ee postihnout i d\u00edvky.<\/p>\n<p>Jedn\u00edm z nej\u010dast\u011bj\u0161\u00edch projev\u016f Aspergerova syndromu u d\u011bt\u00ed je naru\u0161en\u00e1 soci\u00e1ln\u00ed interakce. D\u011bti s t\u00edmto onemocn\u011bn\u00edm maj\u00ed probl\u00e9my s navazov\u00e1n\u00edm a udr\u017eov\u00e1n\u00edm p\u0159\u00e1telstv\u00ed, porozum\u011bn\u00edm soci\u00e1ln\u00edm n\u00e1vyk\u016fm a empati\u00ed. Mohou b\u00fdt velmi uzav\u0159en\u00e9 a vyh\u00fdbat se kontaktu s ostatn\u00edmi d\u011btmi. \u010casto se tak\u00e9 st\u00e1v\u00e1, \u017ee maj\u00ed probl\u00e9my s porozum\u011bn\u00edm neverb\u00e1ln\u00ed komunikace, jako jsou nap\u0159\u00edklad gesta, mimika nebo t\u00f3n hlas.<\/p>\n<\/div>\n<div class=\"topic\">\n<h2>Vliv Aspergerova syndromu na soci\u00e1ln\u00ed interakce a komunikaci jedince<\/h2>\n<p>Asperger\u016fv syndrom je neurov\u00fdvojov\u00e9 onemocn\u011bn\u00ed, kter\u00e9 ovliv\u0148uje soci\u00e1ln\u00ed interakce a komunikaci jedince. Toto onemocn\u011bn\u00ed je sou\u010d\u00e1st\u00ed spektra poruch autistick\u00e9ho spektra a projevuje se p\u0159edev\u0161\u00edm obt\u00ed\u017eemi v oblasti soci\u00e1ln\u00edch dovednost\u00ed a komunikace.<\/p>\n<p>Jedn\u00edm z hlavn\u00edch projev\u016f Aspergerova syndromu je naru\u0161en\u00e1 schopnost porozum\u011bt soci\u00e1ln\u00edm sign\u00e1l\u016fm a nespr\u00e1vn\u00e9 interpretace verb\u00e1ln\u00edch a neverb\u00e1ln\u00edch projev\u016f druh\u00fdch lid\u00ed. Jedinec s t\u00edmto syndromem m\u016f\u017ee m\u00edt probl\u00e9my s porozum\u011bn\u00edm emocion\u00e1ln\u00edho v\u00fdrazu, gest a mimiky, co\u017e m\u016f\u017ee v\u00e9st k nedorozum\u011bn\u00edm a probl\u00e9m\u016fm v komunikaci s ostatn\u00edmi.<\/p>\n<p>Dal\u0161\u00edm d\u016fle\u017eit\u00fdm aspektem Aspergerova syndromu je omezen\u00e1 schopnost empatie a porozum\u011bn\u00ed emoc\u00edm druh\u00fdch lid\u00ed.<\/p>\n<\/div>\n<div class=\"topic\">\n<h2>Projevy Aspergerova syndromu u dosp\u011bl\u00fdch a jejich dopad na ka\u017edodenn\u00ed \u017eivot<\/h2>\n<p>Asperger\u016fv syndrom je neurov\u00fdvojov\u00e9 onemocn\u011bn\u00ed, kter\u00e9 se projevuje p\u0159edev\u0161\u00edm v soci\u00e1ln\u00edch interakc\u00edch a komunikaci. Toto onemocn\u011bn\u00ed se obvykle projevuje ji\u017e v d\u011btstv\u00ed, ale m\u016f\u017ee b\u00fdt diagnostikov\u00e1no i u dosp\u011bl\u00fdch. V tomto \u010dl\u00e1nku se zam\u011b\u0159\u00edme na projevy Aspergerova syndromu u dosp\u011bl\u00fdch a jejich dopad na ka\u017edodenn\u00ed \u017eivot.<\/p>\n<p>Jedn\u00edm z hlavn\u00edch projev\u016f Aspergerova syndromu u dosp\u011bl\u00fdch je probl\u00e9m s komunikac\u00ed a soci\u00e1ln\u00edmi interakcemi. Lid\u00e9 s t\u00edmto onemocn\u011bn\u00edm maj\u00ed \u010dasto probl\u00e9my s porozum\u011bn\u00edm neverb\u00e1ln\u00ed komunikace, jako jsou nap\u0159\u00edklad gesta, mimika nebo t\u00f3n hlasu. Mohou tak\u00e9 m\u00edt probl\u00e9my s porozum\u011bn\u00edm ironie, sarkasmu a dal\u0161\u00edch jazykov\u00fdch nuanc\u00ed. To m\u016f\u017ee v\u00e9st k nedorozum\u011bn\u00edm a probl\u00e9m\u016fm v komunikaci s<\/p>\n<\/div>\n<div class=\"topic\">\n<h2>Jak mohou terapie a podpora pomoci zm\u00edrnit projevy Aspergerova syndromu?<\/h2>\n<p>Asperger\u016fv syndrom je neurov\u00fdvojov\u00e9 onemocn\u011bn\u00ed, kter\u00e9 se projevuje p\u0159edev\u0161\u00edm v soci\u00e1ln\u00edm chov\u00e1n\u00ed a komunikaci. Lid\u00e9 s t\u00edmto syndromem maj\u00ed \u010dasto probl\u00e9my s porozum\u011bn\u00edm soci\u00e1ln\u00edm n\u00e1vyk\u016fm a nesn\u00e1\u0161ej\u00ed zm\u011bny v rutin\u011b. Vzhledem k tomu, \u017ee Asperger\u016fv syndrom nen\u00ed l\u00e9\u010diteln\u00fd, je d\u016fle\u017eit\u00e9 naj\u00edt zp\u016fsoby, jak pomoci jedinc\u016fm s t\u00edmto onemocn\u011bn\u00edm zvl\u00e1dat sv\u00e9 projevy a zlep\u0161it jejich kvalitu \u017eivota. Terapie a podpora mohou hr\u00e1t kl\u00ed\u010dovou roli v tomto procesu.<\/p>\n<p>1. Terapie chov\u00e1n\u00ed<\/p>\n<p>Terapie chov\u00e1n\u00ed je jednou z nej\u010dast\u011bj\u0161\u00edch forem l\u00e9\u010dby Aspergerova syndromu. Tato terapie se zam\u011b\u0159uje na u\u010den\u00ed se soci\u00e1ln\u00edm n\u00e1vyk\u016fm a komunika\u010dn\u00edm dovednostem. Terapeut pracuje s jednotlivcem na zlep\u0161en\u00ed jeho schopnosti \u010d\u00edst a interpretov.<\/p>\n<\/div>\n<\/div>\n","protected":false},"excerpt":{"rendered":"<p>Jak\u00e9 jsou nej\u010dast\u011bj\u0161\u00ed projevy Aspergerova syndromu u d\u011bt\u00ed? Asperger\u016fv syndrom je neurov\u00fdvojov\u00e9 onemocn\u011bn\u00ed, kter\u00e9 se projevuje p\u0159edev\u0161\u00edm v soci\u00e1ln\u00edm chov\u00e1n\u00ed a komunikaci. Toto onemocn\u011bn\u00ed se&#8230;<\/p>\n","protected":false},"author":1,"featured_media":3168,"comment_status":"closed","ping_status":"open","sticky":false,"template":"","format":"standard","meta":{"inline_featured_image":false},"categories":[849],"tags":[],"yoast_head":"<!-- This site is optimized with the Yoast SEO plugin v18.1 - https:\/\/yoast.com\/wordpress\/plugins\/seo\/ -->\n<title>Asperger\u016fv syndrom projevy - Test Mysli<\/title>\n<meta name=\"robots\" content=\"index, follow, max-snippet:-1, max-image-preview:large, max-video-preview:-1\" \/>\n<link rel=\"canonical\" href=\"https:\/\/www.diagnostika-mysli.cz\/blog\/autismus\/aspergeruv-syndrom-projevy\/\" \/>\n<meta property=\"og:locale\" content=\"cs_CZ\" \/>\n<meta property=\"og:type\" content=\"article\" \/>\n<meta property=\"og:title\" content=\"Asperger\u016fv syndrom projevy - Test Mysli\" \/>\n<meta property=\"og:description\" content=\"Jak\u00e9 jsou nej\u010dast\u011bj\u0161\u00ed projevy Aspergerova syndromu u d\u011bt\u00ed? Asperger\u016fv syndrom je neurov\u00fdvojov\u00e9 onemocn\u011bn\u00ed, kter\u00e9 se projevuje p\u0159edev\u0161\u00edm v soci\u00e1ln\u00edm chov\u00e1n\u00ed a komunikaci. Toto onemocn\u011bn\u00ed se...\" \/>\n<meta property=\"og:url\" content=\"https:\/\/www.diagnostika-mysli.cz\/blog\/autismus\/aspergeruv-syndrom-projevy\/\" \/>\n<meta property=\"og:site_name\" content=\"Test Mysli\" \/>\n<meta property=\"article:published_time\" content=\"2025-03-09T03:25:19+00:00\" \/>\n<meta property=\"article:modified_time\" content=\"2025-03-13T09:07:41+00:00\" \/>\n<meta name=\"twitter:card\" content=\"summary_large_image\" \/>\n<meta name=\"twitter:label1\" content=\"Napsal(a)\" \/>\n\t<meta name=\"twitter:data1\" content=\"Test Mysli\" \/>\n\t<meta name=\"twitter:label2\" content=\"Odhadovan\u00e1 doba \u010dten\u00ed\" \/>\n\t<meta name=\"twitter:data2\" content=\"3 minuty\" \/>\n<script type=\"application\/ld+json\" class=\"yoast-schema-graph\">{\"@context\":\"https:\/\/schema.org\",\"@graph\":[{\"@type\":\"WebSite\",\"@id\":\"https:\/\/www.diagnostika-mysli.cz\/blog\/#website\",\"url\":\"https:\/\/www.diagnostika-mysli.cz\/blog\/\",\"name\":\"Test Mysli\",\"description\":\"Blog o poruch\u00e1ch mysli\",\"potentialAction\":[{\"@type\":\"SearchAction\",\"target\":{\"@type\":\"EntryPoint\",\"urlTemplate\":\"https:\/\/www.diagnostika-mysli.cz\/blog\/?s={search_term_string}\"},\"query-input\":\"required name=search_term_string\"}],\"inLanguage\":\"cs\"},{\"@type\":\"ImageObject\",\"@id\":\"https:\/\/www.diagnostika-mysli.cz\/blog\/autismus\/aspergeruv-syndrom-projevy\/#primaryimage\",\"inLanguage\":\"cs\",\"url\":\"https:\/\/www.diagnostika-mysli.cz\/blog\/wp-content\/uploads\/2025\/03\/image-14.png\",\"contentUrl\":\"https:\/\/www.diagnostika-mysli.cz\/blog\/wp-content\/uploads\/2025\/03\/image-14.png\",\"width\":256,\"height\":256},{\"@type\":\"WebPage\",\"@id\":\"https:\/\/www.diagnostika-mysli.cz\/blog\/autismus\/aspergeruv-syndrom-projevy\/#webpage\",\"url\":\"https:\/\/www.diagnostika-mysli.cz\/blog\/autismus\/aspergeruv-syndrom-projevy\/\",\"name\":\"Asperger\u016fv syndrom projevy - Test Mysli\",\"isPartOf\":{\"@id\":\"https:\/\/www.diagnostika-mysli.cz\/blog\/#website\"},\"primaryImageOfPage\":{\"@id\":\"https:\/\/www.diagnostika-mysli.cz\/blog\/autismus\/aspergeruv-syndrom-projevy\/#primaryimage\"},\"datePublished\":\"2025-03-09T03:25:19+00:00\",\"dateModified\":\"2025-03-13T09:07:41+00:00\",\"author\":{\"@id\":\"https:\/\/www.diagnostika-mysli.cz\/blog\/#\/schema\/person\/8eb1bcaf59fea75c780c11946f4e3490\"},\"breadcrumb\":{\"@id\":\"https:\/\/www.diagnostika-mysli.cz\/blog\/autismus\/aspergeruv-syndrom-projevy\/#breadcrumb\"},\"inLanguage\":\"cs\",\"potentialAction\":[{\"@type\":\"ReadAction\",\"target\":[\"https:\/\/www.diagnostika-mysli.cz\/blog\/autismus\/aspergeruv-syndrom-projevy\/\"]}]},{\"@type\":\"BreadcrumbList\",\"@id\":\"https:\/\/www.diagnostika-mysli.cz\/blog\/autismus\/aspergeruv-syndrom-projevy\/#breadcrumb\",\"itemListElement\":[{\"@type\":\"ListItem\",\"position\":1,\"name\":\"Blog\",\"item\":\"https:\/\/www.diagnostika-mysli.cz\/blog\/\"},{\"@type\":\"ListItem\",\"position\":2,\"name\":\"Autismus\",\"item\":\"https:\/\/www.diagnostika-mysli.cz\/blog\/autismus\/\"},{\"@type\":\"ListItem\",\"position\":3,\"name\":\"Asperger\u016fv syndrom projevy\"}]},{\"@type\":\"Person\",\"@id\":\"https:\/\/www.diagnostika-mysli.cz\/blog\/#\/schema\/person\/8eb1bcaf59fea75c780c11946f4e3490\",\"name\":\"Test Mysli\",\"image\":{\"@type\":\"ImageObject\",\"@id\":\"https:\/\/www.diagnostika-mysli.cz\/blog\/#personlogo\",\"inLanguage\":\"cs\",\"url\":\"https:\/\/secure.gravatar.com\/avatar\/6743211f010801ea26aa9423a2daab37?s=96&d=mm&r=g\",\"contentUrl\":\"https:\/\/secure.gravatar.com\/avatar\/6743211f010801ea26aa9423a2daab37?s=96&d=mm&r=g\",\"caption\":\"Test Mysli\"},\"sameAs\":[\"https:\/\/www.diagnostika-mysli.cz\/blog\"],\"url\":\"https:\/\/www.diagnostika-mysli.cz\/blog\/author\/diagnostyka-umyslu\/\"}]}<\/script>\n<!-- \/ Yoast SEO plugin. -->","yoast_head_json":{"title":"Asperger\u016fv syndrom projevy - Test Mysli","robots":{"index":"index","follow":"follow","max-snippet":"max-snippet:-1","max-image-preview":"max-image-preview:large","max-video-preview":"max-video-preview:-1"},"canonical":"https:\/\/www.diagnostika-mysli.cz\/blog\/autismus\/aspergeruv-syndrom-projevy\/","og_locale":"cs_CZ","og_type":"article","og_title":"Asperger\u016fv syndrom projevy - Test Mysli","og_description":"Jak\u00e9 jsou nej\u010dast\u011bj\u0161\u00ed projevy Aspergerova syndromu u d\u011bt\u00ed? Asperger\u016fv syndrom je neurov\u00fdvojov\u00e9 onemocn\u011bn\u00ed, kter\u00e9 se projevuje p\u0159edev\u0161\u00edm v soci\u00e1ln\u00edm chov\u00e1n\u00ed a komunikaci. Toto onemocn\u011bn\u00ed se...","og_url":"https:\/\/www.diagnostika-mysli.cz\/blog\/autismus\/aspergeruv-syndrom-projevy\/","og_site_name":"Test Mysli","article_published_time":"2025-03-09T03:25:19+00:00","article_modified_time":"2025-03-13T09:07:41+00:00","twitter_card":"summary_large_image","twitter_misc":{"Napsal(a)":"Test Mysli","Odhadovan\u00e1 doba \u010dten\u00ed":"3 minuty"},"schema":{"@context":"https:\/\/schema.org","@graph":[{"@type":"WebSite","@id":"https:\/\/www.diagnostika-mysli.cz\/blog\/#website","url":"https:\/\/www.diagnostika-mysli.cz\/blog\/","name":"Test Mysli","description":"Blog o poruch\u00e1ch mysli","potentialAction":[{"@type":"SearchAction","target":{"@type":"EntryPoint","urlTemplate":"https:\/\/www.diagnostika-mysli.cz\/blog\/?s={search_term_string}"},"query-input":"required name=search_term_string"}],"inLanguage":"cs"},{"@type":"ImageObject","@id":"https:\/\/www.diagnostika-mysli.cz\/blog\/autismus\/aspergeruv-syndrom-projevy\/#primaryimage","inLanguage":"cs","url":"https:\/\/www.diagnostika-mysli.cz\/blog\/wp-content\/uploads\/2025\/03\/image-14.png","contentUrl":"https:\/\/www.diagnostika-mysli.cz\/blog\/wp-content\/uploads\/2025\/03\/image-14.png","width":256,"height":256},{"@type":"WebPage","@id":"https:\/\/www.diagnostika-mysli.cz\/blog\/autismus\/aspergeruv-syndrom-projevy\/#webpage","url":"https:\/\/www.diagnostika-mysli.cz\/blog\/autismus\/aspergeruv-syndrom-projevy\/","name":"Asperger\u016fv syndrom projevy - Test Mysli","isPartOf":{"@id":"https:\/\/www.diagnostika-mysli.cz\/blog\/#website"},"primaryImageOfPage":{"@id":"https:\/\/www.diagnostika-mysli.cz\/blog\/autismus\/aspergeruv-syndrom-projevy\/#primaryimage"},"datePublished":"2025-03-09T03:25:19+00:00","dateModified":"2025-03-13T09:07:41+00:00","author":{"@id":"https:\/\/www.diagnostika-mysli.cz\/blog\/#\/schema\/person\/8eb1bcaf59fea75c780c11946f4e3490"},"breadcrumb":{"@id":"https:\/\/www.diagnostika-mysli.cz\/blog\/autismus\/aspergeruv-syndrom-projevy\/#breadcrumb"},"inLanguage":"cs","potentialAction":[{"@type":"ReadAction","target":["https:\/\/www.diagnostika-mysli.cz\/blog\/autismus\/aspergeruv-syndrom-projevy\/"]}]},{"@type":"BreadcrumbList","@id":"https:\/\/www.diagnostika-mysli.cz\/blog\/autismus\/aspergeruv-syndrom-projevy\/#breadcrumb","itemListElement":[{"@type":"ListItem","position":1,"name":"Blog","item":"https:\/\/www.diagnostika-mysli.cz\/blog\/"},{"@type":"ListItem","position":2,"name":"Autismus","item":"https:\/\/www.diagnostika-mysli.cz\/blog\/autismus\/"},{"@type":"ListItem","position":3,"name":"Asperger\u016fv syndrom projevy"}]},{"@type":"Person","@id":"https:\/\/www.diagnostika-mysli.cz\/blog\/#\/schema\/person\/8eb1bcaf59fea75c780c11946f4e3490","name":"Test Mysli","image":{"@type":"ImageObject","@id":"https:\/\/www.diagnostika-mysli.cz\/blog\/#personlogo","inLanguage":"cs","url":"https:\/\/secure.gravatar.com\/avatar\/6743211f010801ea26aa9423a2daab37?s=96&d=mm&r=g","contentUrl":"https:\/\/secure.gravatar.com\/avatar\/6743211f010801ea26aa9423a2daab37?s=96&d=mm&r=g","caption":"Test Mysli"},"sameAs":["https:\/\/www.diagnostika-mysli.cz\/blog"],"url":"https:\/\/www.diagnostika-mysli.cz\/blog\/author\/diagnostyka-umyslu\/"}]}},"amp_enabled":true,"_links":{"self":[{"href":"https:\/\/www.diagnostika-mysli.cz\/blog\/wp-json\/wp\/v2\/posts\/3118"}],"collection":[{"href":"https:\/\/www.diagnostika-mysli.cz\/blog\/wp-json\/wp\/v2\/posts"}],"about":[{"href":"https:\/\/www.diagnostika-mysli.cz\/blog\/wp-json\/wp\/v2\/types\/post"}],"author":[{"embeddable":true,"href":"https:\/\/www.diagnostika-mysli.cz\/blog\/wp-json\/wp\/v2\/users\/1"}],"replies":[{"embeddable":true,"href":"https:\/\/www.diagnostika-mysli.cz\/blog\/wp-json\/wp\/v2\/comments?post=3118"}],"version-history":[{"count":1,"href":"https:\/\/www.diagnostika-mysli.cz\/blog\/wp-json\/wp\/v2\/posts\/3118\/revisions"}],"predecessor-version":[{"id":3139,"href":"https:\/\/www.diagnostika-mysli.cz\/blog\/wp-json\/wp\/v2\/posts\/3118\/revisions\/3139"}],"wp:featuredmedia":[{"embeddable":true,"href":"https:\/\/www.diagnostika-mysli.cz\/blog\/wp-json\/wp\/v2\/media\/3168"}],"wp:attachment":[{"href":"https:\/\/www.diagnostika-mysli.cz\/blog\/wp-json\/wp\/v2\/media?parent=3118"}],"wp:term":[{"taxonomy":"category","embeddable":true,"href":"https:\/\/www.diagnostika-mysli.cz\/blog\/wp-json\/wp\/v2\/categories?post=3118"},{"taxonomy":"post_tag","embeddable":true,"href":"https:\/\/www.diagnostika-mysli.cz\/blog\/wp-json\/wp\/v2\/tags?post=3118"}],"curies":[{"name":"wp","href":"https:\/\/api.w.org\/{rel}","templated":true}]}}