{"id":3119,"date":"2025-03-09T04:28:20","date_gmt":"2025-03-09T03:28:20","guid":{"rendered":"https:\/\/www.diagnostika-mysli.cz\/blog\/autismus\/diagnostika-autismu-u-dospelych-praha\/"},"modified":"2025-03-13T10:07:28","modified_gmt":"2025-03-13T09:07:28","slug":"diagnostika-autismu-u-dospelych-praha","status":"publish","type":"post","link":"https:\/\/www.diagnostika-mysli.cz\/blog\/autismus\/diagnostika-autismu-u-dospelych-praha\/","title":{"rendered":"Diagnostika autismu u dosp\u011bl\u00fdch praha"},"content":{"rendered":"<div class=\"topics\">\n<div class=\"topic\">\n<h2>Diagnostika autismu u dosp\u011bl\u00fdch v Praze: Jak prob\u00edh\u00e1 proces a kdo se o n\u011bj star\u00e1?<\/h2>\n<p>Diagnostika autismu u dosp\u011bl\u00fdch je proces, kter\u00fdm se zji\u0161\u0165uje p\u0159\u00edtomnost tohoto neurov\u00fdvojov\u00e9ho poruchy u jednotlivce. V Praze existuje n\u011bkolik specializovan\u00fdch center, kter\u00e1 se zab\u00fdvaj\u00ed diagnostikou autismu u dosp\u011bl\u00fdch. Tato centra jsou vybavena nejmodern\u011bj\u0161\u00edmi diagnostick\u00fdmi n\u00e1stroji a zam\u011bstn\u00e1vaj\u00ed odborn\u00edky s dlouholetou prax\u00ed v oblasti autismu.<\/p>\n<p>Proces diagnostiky autismu u dosp\u011bl\u00fdch v Praze za\u010d\u00edn\u00e1 obvykle t\u00edm, \u017ee jednotlivec nebo jeho bl\u00edzc\u00ed kontaktuj\u00ed specializovan\u00e9 centrum. N\u00e1sleduje prvn\u00ed konzultace, b\u011bhem kter\u00e9 se prov\u00e1d\u00ed anamn\u00e9za a zhodnocen\u00ed p\u0159\u00edznak\u016f. V t\u00e9to f\u00e1zi se tak\u00e9 zji\u0161\u0165uje, zda m\u00e1 jednotlivec ji\u017e provedenou diagnostiku v d\u011btstv\u00ed.<\/p>\n<\/div>\n<div class=\"topic\">\n<h2>D\u016fle\u017eitost v\u010dasn\u00e9 diagnostiky autismu u dosp\u011bl\u00fdch v Praze pro zlep\u0161en\u00ed kvality \u017eivota<\/h2>\n<p>Autismus je neurov\u00fdvojov\u00e9 onemocn\u011bn\u00ed, kter\u00e9 ovliv\u0148uje soci\u00e1ln\u00ed interakce, komunikaci a chov\u00e1n\u00ed jedince. V\u011bt\u0161ina lid\u00ed si mysl\u00ed, \u017ee autismus postihuje pouze d\u011bti, ale ve skute\u010dnosti m\u016f\u017ee b\u00fdt diagnostikov\u00e1n i u dosp\u011bl\u00fdch. V Praze je st\u00e1le v\u00edce dosp\u011bl\u00fdch, kte\u0159\u00ed trp\u00ed touto poruchou, ale bohu\u017eel mnoho z nich nen\u00ed v\u010das diagnostikov\u00e1no. To m\u00e1 negativn\u00ed dopad na jejich kvalitu \u017eivota a m\u016f\u017ee v\u00e9st k dal\u0161\u00edm probl\u00e9m\u016fm.<\/p>\n<p>V\u010dasn\u00e1 diagnostika autismu u dosp\u011bl\u00fdch je velmi d\u016fle\u017eit\u00e1 pro zlep\u0161en\u00ed jejich kvality \u017eivota. Jedn\u00edm z hlavn\u00edch d\u016fvod\u016f je to, \u017ee dosp\u011bl\u00ed s autismem maj\u00ed \u010dasto probl\u00e9my s komunikac\u00ed a soci\u00e1ln\u00edmi interakcemi. Pokud nen\u00ed jejich porucha diagnostikov\u00e1na v\u010das, mohou m\u00edt pot\u00ed\u017ee s navazov\u00e1n\u00edm vztah\u016f a budov\u00e1n\u00edm soci\u00e1ln.<\/p>\n<\/div>\n<div class=\"topic\">\n<h2>Nov\u00e9 metody diagnostiky autismu u dosp\u011bl\u00fdch v Praze: Co p\u0159in\u00e1\u0161ej\u00ed modern\u00ed technologie?<\/h2>\n<p>Autismus je neurov\u00fdvojov\u00e9 onemocn\u011bn\u00ed, kter\u00e9 se projevuje poruchami soci\u00e1ln\u00ed interakce, komunikace a omezen\u00fdmi z\u00e1jmy a aktivitami. Toto onemocn\u011bn\u00ed se \u010dasto projevuje ji\u017e v d\u011btstv\u00ed, ale m\u016f\u017ee b\u00fdt diagnostikov\u00e1no i u dosp\u011bl\u00fdch. V Praze se v posledn\u00edch letech objevily nov\u00e9 metody diagnostiky autismu u dosp\u011bl\u00fdch, kter\u00e9 vyu\u017e\u00edvaj\u00ed modern\u00ed technologie. Tyto metody p\u0159in\u00e1\u0161ej\u00ed mnoho v\u00fdhod a zlep\u0161uj\u00ed p\u0159esnost diagn\u00f3zy.<\/p>\n<p>Jednou z nov\u00fdch metod diagnostiky autismu u dosp\u011bl\u00fdch je pou\u017eit\u00ed virtu\u00e1ln\u00ed reality. Tato technologie umo\u017e\u0148uje vytvo\u0159it prost\u0159ed\u00ed, ve kter\u00e9m jsou pacienti vystaveni r\u016fzn\u00fdm soci\u00e1ln\u00edm situac\u00edm. D\u00edky tomu mohou odborn\u00edci pozorovat jejich reakce a chov\u00e1n\u00ed a l\u00e9pe posoudit jejich soci\u00e1ln\u00ed interakce.<\/p>\n<\/div>\n<div class=\"topic\">\n<h2>V\u00fdzvy a p\u0159ek\u00e1\u017eky p\u0159i diagnostice autismu u dosp\u011bl\u00fdch v Praze: Jak je lze p\u0159ekonat?<\/h2>\n<p>Autismus je neurov\u00fdvojov\u00e9 onemocn\u011bn\u00ed, kter\u00e9 se projevuje v poru\u0161en\u00ed soci\u00e1ln\u00edch interakc\u00ed, komunika\u010dn\u00edch schopnost\u00ed a omezen\u00fdch a opakuj\u00edc\u00edch se vzorc\u00edch chov\u00e1n\u00ed. V\u011bt\u0161ina lid\u00ed si mysl\u00ed, \u017ee autismus postihuje pouze d\u011bti, ale ve skute\u010dnosti m\u016f\u017ee b\u00fdt diagnostikov\u00e1n i u dosp\u011bl\u00fdch. V Praze se v posledn\u00edch letech zvy\u0161uje po\u010det dosp\u011bl\u00fdch, kte\u0159\u00ed hledaj\u00ed diagnostiku pro autismus. Nicm\u00e9n\u011b, diagnostika autismu u dosp\u011bl\u00fdch m\u016f\u017ee b\u00fdt velmi slo\u017eit\u00e1 a n\u00e1ro\u010dn\u00e1. V tomto \u010dl\u00e1nku se pod\u00edv\u00e1me na n\u011bkter\u00e9 z v\u00fdzev a p\u0159ek\u00e1\u017eek, kter\u00e9 mohou nastat p\u0159i diagnostice autismu u dosp\u011bl\u00fdch v Praze a jak je lze p\u0159ekonat.<\/p>\n<\/div>\n<\/div>\n","protected":false},"excerpt":{"rendered":"<p>Diagnostika autismu u dosp\u011bl\u00fdch v Praze: Jak prob\u00edh\u00e1 proces a kdo se o n\u011bj star\u00e1? Diagnostika autismu u dosp\u011bl\u00fdch je proces, kter\u00fdm se zji\u0161\u0165uje p\u0159\u00edtomnost&#8230;<\/p>\n","protected":false},"author":1,"featured_media":0,"comment_status":"closed","ping_status":"open","sticky":false,"template":"","format":"standard","meta":{"inline_featured_image":false},"categories":[849],"tags":[],"yoast_head":"<!-- This site is optimized with the Yoast SEO plugin v18.1 - https:\/\/yoast.com\/wordpress\/plugins\/seo\/ -->\n<title>Diagnostika autismu u dosp\u011bl\u00fdch praha - Test Mysli<\/title>\n<meta name=\"robots\" content=\"index, follow, max-snippet:-1, max-image-preview:large, max-video-preview:-1\" \/>\n<link rel=\"canonical\" href=\"https:\/\/www.diagnostika-mysli.cz\/blog\/autismus\/diagnostika-autismu-u-dospelych-praha\/\" \/>\n<meta property=\"og:locale\" content=\"cs_CZ\" \/>\n<meta property=\"og:type\" content=\"article\" \/>\n<meta property=\"og:title\" content=\"Diagnostika autismu u dosp\u011bl\u00fdch praha - Test Mysli\" \/>\n<meta property=\"og:description\" content=\"Diagnostika autismu u dosp\u011bl\u00fdch v Praze: Jak prob\u00edh\u00e1 proces a kdo se o n\u011bj star\u00e1? Diagnostika autismu u dosp\u011bl\u00fdch je proces, kter\u00fdm se zji\u0161\u0165uje p\u0159\u00edtomnost...\" \/>\n<meta property=\"og:url\" content=\"https:\/\/www.diagnostika-mysli.cz\/blog\/autismus\/diagnostika-autismu-u-dospelych-praha\/\" \/>\n<meta property=\"og:site_name\" content=\"Test Mysli\" \/>\n<meta property=\"article:published_time\" content=\"2025-03-09T03:28:20+00:00\" \/>\n<meta property=\"article:modified_time\" content=\"2025-03-13T09:07:28+00:00\" \/>\n<meta name=\"twitter:card\" content=\"summary_large_image\" \/>\n<meta name=\"twitter:label1\" content=\"Napsal(a)\" \/>\n\t<meta name=\"twitter:data1\" content=\"Test Mysli\" \/>\n\t<meta name=\"twitter:label2\" content=\"Odhadovan\u00e1 doba \u010dten\u00ed\" \/>\n\t<meta name=\"twitter:data2\" content=\"3 minuty\" \/>\n<script type=\"application\/ld+json\" class=\"yoast-schema-graph\">{\"@context\":\"https:\/\/schema.org\",\"@graph\":[{\"@type\":\"WebSite\",\"@id\":\"https:\/\/www.diagnostika-mysli.cz\/blog\/#website\",\"url\":\"https:\/\/www.diagnostika-mysli.cz\/blog\/\",\"name\":\"Test Mysli\",\"description\":\"Blog o poruch\u00e1ch mysli\",\"potentialAction\":[{\"@type\":\"SearchAction\",\"target\":{\"@type\":\"EntryPoint\",\"urlTemplate\":\"https:\/\/www.diagnostika-mysli.cz\/blog\/?s={search_term_string}\"},\"query-input\":\"required name=search_term_string\"}],\"inLanguage\":\"cs\"},{\"@type\":\"WebPage\",\"@id\":\"https:\/\/www.diagnostika-mysli.cz\/blog\/autismus\/diagnostika-autismu-u-dospelych-praha\/#webpage\",\"url\":\"https:\/\/www.diagnostika-mysli.cz\/blog\/autismus\/diagnostika-autismu-u-dospelych-praha\/\",\"name\":\"Diagnostika autismu u dosp\u011bl\u00fdch praha - Test Mysli\",\"isPartOf\":{\"@id\":\"https:\/\/www.diagnostika-mysli.cz\/blog\/#website\"},\"datePublished\":\"2025-03-09T03:28:20+00:00\",\"dateModified\":\"2025-03-13T09:07:28+00:00\",\"author\":{\"@id\":\"https:\/\/www.diagnostika-mysli.cz\/blog\/#\/schema\/person\/8eb1bcaf59fea75c780c11946f4e3490\"},\"breadcrumb\":{\"@id\":\"https:\/\/www.diagnostika-mysli.cz\/blog\/autismus\/diagnostika-autismu-u-dospelych-praha\/#breadcrumb\"},\"inLanguage\":\"cs\",\"potentialAction\":[{\"@type\":\"ReadAction\",\"target\":[\"https:\/\/www.diagnostika-mysli.cz\/blog\/autismus\/diagnostika-autismu-u-dospelych-praha\/\"]}]},{\"@type\":\"BreadcrumbList\",\"@id\":\"https:\/\/www.diagnostika-mysli.cz\/blog\/autismus\/diagnostika-autismu-u-dospelych-praha\/#breadcrumb\",\"itemListElement\":[{\"@type\":\"ListItem\",\"position\":1,\"name\":\"Blog\",\"item\":\"https:\/\/www.diagnostika-mysli.cz\/blog\/\"},{\"@type\":\"ListItem\",\"position\":2,\"name\":\"Autismus\",\"item\":\"https:\/\/www.diagnostika-mysli.cz\/blog\/autismus\/\"},{\"@type\":\"ListItem\",\"position\":3,\"name\":\"Diagnostika autismu u dosp\u011bl\u00fdch praha\"}]},{\"@type\":\"Person\",\"@id\":\"https:\/\/www.diagnostika-mysli.cz\/blog\/#\/schema\/person\/8eb1bcaf59fea75c780c11946f4e3490\",\"name\":\"Test Mysli\",\"image\":{\"@type\":\"ImageObject\",\"@id\":\"https:\/\/www.diagnostika-mysli.cz\/blog\/#personlogo\",\"inLanguage\":\"cs\",\"url\":\"https:\/\/secure.gravatar.com\/avatar\/6743211f010801ea26aa9423a2daab37?s=96&d=mm&r=g\",\"contentUrl\":\"https:\/\/secure.gravatar.com\/avatar\/6743211f010801ea26aa9423a2daab37?s=96&d=mm&r=g\",\"caption\":\"Test Mysli\"},\"sameAs\":[\"https:\/\/www.diagnostika-mysli.cz\/blog\"],\"url\":\"https:\/\/www.diagnostika-mysli.cz\/blog\/author\/diagnostyka-umyslu\/\"}]}<\/script>\n<!-- \/ Yoast SEO plugin. -->","yoast_head_json":{"title":"Diagnostika autismu u dosp\u011bl\u00fdch praha - Test Mysli","robots":{"index":"index","follow":"follow","max-snippet":"max-snippet:-1","max-image-preview":"max-image-preview:large","max-video-preview":"max-video-preview:-1"},"canonical":"https:\/\/www.diagnostika-mysli.cz\/blog\/autismus\/diagnostika-autismu-u-dospelych-praha\/","og_locale":"cs_CZ","og_type":"article","og_title":"Diagnostika autismu u dosp\u011bl\u00fdch praha - Test Mysli","og_description":"Diagnostika autismu u dosp\u011bl\u00fdch v Praze: Jak prob\u00edh\u00e1 proces a kdo se o n\u011bj star\u00e1? Diagnostika autismu u dosp\u011bl\u00fdch je proces, kter\u00fdm se zji\u0161\u0165uje p\u0159\u00edtomnost...","og_url":"https:\/\/www.diagnostika-mysli.cz\/blog\/autismus\/diagnostika-autismu-u-dospelych-praha\/","og_site_name":"Test Mysli","article_published_time":"2025-03-09T03:28:20+00:00","article_modified_time":"2025-03-13T09:07:28+00:00","twitter_card":"summary_large_image","twitter_misc":{"Napsal(a)":"Test Mysli","Odhadovan\u00e1 doba \u010dten\u00ed":"3 minuty"},"schema":{"@context":"https:\/\/schema.org","@graph":[{"@type":"WebSite","@id":"https:\/\/www.diagnostika-mysli.cz\/blog\/#website","url":"https:\/\/www.diagnostika-mysli.cz\/blog\/","name":"Test Mysli","description":"Blog o poruch\u00e1ch mysli","potentialAction":[{"@type":"SearchAction","target":{"@type":"EntryPoint","urlTemplate":"https:\/\/www.diagnostika-mysli.cz\/blog\/?s={search_term_string}"},"query-input":"required name=search_term_string"}],"inLanguage":"cs"},{"@type":"WebPage","@id":"https:\/\/www.diagnostika-mysli.cz\/blog\/autismus\/diagnostika-autismu-u-dospelych-praha\/#webpage","url":"https:\/\/www.diagnostika-mysli.cz\/blog\/autismus\/diagnostika-autismu-u-dospelych-praha\/","name":"Diagnostika autismu u dosp\u011bl\u00fdch praha - Test Mysli","isPartOf":{"@id":"https:\/\/www.diagnostika-mysli.cz\/blog\/#website"},"datePublished":"2025-03-09T03:28:20+00:00","dateModified":"2025-03-13T09:07:28+00:00","author":{"@id":"https:\/\/www.diagnostika-mysli.cz\/blog\/#\/schema\/person\/8eb1bcaf59fea75c780c11946f4e3490"},"breadcrumb":{"@id":"https:\/\/www.diagnostika-mysli.cz\/blog\/autismus\/diagnostika-autismu-u-dospelych-praha\/#breadcrumb"},"inLanguage":"cs","potentialAction":[{"@type":"ReadAction","target":["https:\/\/www.diagnostika-mysli.cz\/blog\/autismus\/diagnostika-autismu-u-dospelych-praha\/"]}]},{"@type":"BreadcrumbList","@id":"https:\/\/www.diagnostika-mysli.cz\/blog\/autismus\/diagnostika-autismu-u-dospelych-praha\/#breadcrumb","itemListElement":[{"@type":"ListItem","position":1,"name":"Blog","item":"https:\/\/www.diagnostika-mysli.cz\/blog\/"},{"@type":"ListItem","position":2,"name":"Autismus","item":"https:\/\/www.diagnostika-mysli.cz\/blog\/autismus\/"},{"@type":"ListItem","position":3,"name":"Diagnostika autismu u dosp\u011bl\u00fdch praha"}]},{"@type":"Person","@id":"https:\/\/www.diagnostika-mysli.cz\/blog\/#\/schema\/person\/8eb1bcaf59fea75c780c11946f4e3490","name":"Test Mysli","image":{"@type":"ImageObject","@id":"https:\/\/www.diagnostika-mysli.cz\/blog\/#personlogo","inLanguage":"cs","url":"https:\/\/secure.gravatar.com\/avatar\/6743211f010801ea26aa9423a2daab37?s=96&d=mm&r=g","contentUrl":"https:\/\/secure.gravatar.com\/avatar\/6743211f010801ea26aa9423a2daab37?s=96&d=mm&r=g","caption":"Test Mysli"},"sameAs":["https:\/\/www.diagnostika-mysli.cz\/blog"],"url":"https:\/\/www.diagnostika-mysli.cz\/blog\/author\/diagnostyka-umyslu\/"}]}},"amp_enabled":true,"_links":{"self":[{"href":"https:\/\/www.diagnostika-mysli.cz\/blog\/wp-json\/wp\/v2\/posts\/3119"}],"collection":[{"href":"https:\/\/www.diagnostika-mysli.cz\/blog\/wp-json\/wp\/v2\/posts"}],"about":[{"href":"https:\/\/www.diagnostika-mysli.cz\/blog\/wp-json\/wp\/v2\/types\/post"}],"author":[{"embeddable":true,"href":"https:\/\/www.diagnostika-mysli.cz\/blog\/wp-json\/wp\/v2\/users\/1"}],"replies":[{"embeddable":true,"href":"https:\/\/www.diagnostika-mysli.cz\/blog\/wp-json\/wp\/v2\/comments?post=3119"}],"version-history":[{"count":1,"href":"https:\/\/www.diagnostika-mysli.cz\/blog\/wp-json\/wp\/v2\/posts\/3119\/revisions"}],"predecessor-version":[{"id":3138,"href":"https:\/\/www.diagnostika-mysli.cz\/blog\/wp-json\/wp\/v2\/posts\/3119\/revisions\/3138"}],"wp:attachment":[{"href":"https:\/\/www.diagnostika-mysli.cz\/blog\/wp-json\/wp\/v2\/media?parent=3119"}],"wp:term":[{"taxonomy":"category","embeddable":true,"href":"https:\/\/www.diagnostika-mysli.cz\/blog\/wp-json\/wp\/v2\/categories?post=3119"},{"taxonomy":"post_tag","embeddable":true,"href":"https:\/\/www.diagnostika-mysli.cz\/blog\/wp-json\/wp\/v2\/tags?post=3119"}],"curies":[{"name":"wp","href":"https:\/\/api.w.org\/{rel}","templated":true}]}}