{"id":3120,"date":"2025-03-10T03:05:18","date_gmt":"2025-03-10T02:05:18","guid":{"rendered":"https:\/\/www.diagnostika-mysli.cz\/blog\/adhd\/hyperaktivita-u-deti\/"},"modified":"2025-03-13T10:07:11","modified_gmt":"2025-03-13T09:07:11","slug":"hyperaktivita-u-deti","status":"publish","type":"post","link":"https:\/\/www.diagnostika-mysli.cz\/blog\/adhd\/hyperaktivita-u-deti\/","title":{"rendered":"Hyperaktivita u d\u011bt\u00ed"},"content":{"rendered":"<div class=\"topics\">\n<div class=\"topic\">\n<h2>P\u0159\u00ed\u010diny hyperaktivity u d\u011bt\u00ed a jak s nimi pracovat<\/h2>\n<p>Hyperaktivita u d\u011bt\u00ed je \u010dasto diskutovan\u00fdm t\u00e9matem mezi rodi\u010di, u\u010diteli a odborn\u00edky. Jedn\u00e1 se o poruchu chov\u00e1n\u00ed, kter\u00e1 se projevuje nadm\u011brnou aktivitou, nedostatkem pozornosti a impulzivn\u00edm chov\u00e1n\u00edm. Tato porucha m\u016f\u017ee b\u00fdt velmi n\u00e1ro\u010dn\u00e1 pro d\u011bti i jejich okol\u00ed, a proto je d\u016fle\u017eit\u00e9 pochopit jej\u00ed p\u0159\u00ed\u010diny a nau\u010dit se s nimi pracovat.<\/p>\n<p>Existuje mnoho faktor\u016f, kter\u00e9 mohou p\u0159isp\u011bt k v\u00fdvoji hyperaktivity u d\u011bt\u00ed. Jedn\u00edm z nich m\u016f\u017ee b\u00fdt genetick\u00e1 predispozice, kdy se porucha vyskytuje v rodin\u011b. Dal\u0161\u00edm d\u016fle\u017eit\u00fdm faktorem m\u016f\u017ee b\u00fdt prost\u0159ed\u00ed, ve kter\u00e9m d\u00edt\u011b vyr\u016fst\u00e1. Nedostatek struktury, p\u0159\u00edli\u0161n\u00e9 mno\u017estv\u00ed podn\u011bt\u016f, nedostatek sp\u00e1nku nebo nevhodn\u00e9 stravov\u00e1n\u00ed mohou m\u00edt vliv na vznik hyperaktivity.<\/p>\n<\/div>\n<div class=\"topic\">\n<h2>Vliv prost\u0159ed\u00ed na projevy hyperaktivity u d\u011bt\u00ed<\/h2>\n<p>Hyperaktivita je porucha, kter\u00e1 se projevuje nadm\u011brnou aktivitou, nedostatkem pozornosti a impulzivn\u00edm chov\u00e1n\u00edm. Tato porucha se nej\u010dast\u011bji vyskytuje u d\u011bt\u00ed a m\u016f\u017ee m\u00edt negativn\u00ed dopad na jejich \u017eivot a vztahy s okol\u00edm. Jedn\u00edm z faktor\u016f, kter\u00fd m\u016f\u017ee ovlivnit projevy hyperaktivity u d\u011bt\u00ed, je prost\u0159ed\u00ed, ve kter\u00e9m se nach\u00e1zej\u00ed.<\/p>\n<p>Prost\u0159ed\u00ed, ve kter\u00e9m d\u00edt\u011b \u017eije, hraje d\u016fle\u017eitou roli v jeho v\u00fdvoji a chov\u00e1n\u00ed. Pokud je prost\u0159ed\u00ed p\u0159\u00edzniv\u00e9 a podporuj\u00edc\u00ed, m\u016f\u017ee to m\u00edt pozitivn\u00ed vliv na d\u00edt\u011b a jeho projevy hyperaktivity se mohou sn\u00ed\u017eit. Naopak, pokud je prost\u0159ed\u00ed stresuj\u00edc\u00ed, chaotick\u00e9 nebo nedostate\u010dn\u011b stimuluj\u00edc\u00ed, m\u016f\u017ee to zhor\u0161it projevy hyperaktivity u d\u00edt\u011bte.<\/p>\n<\/div>\n<div class=\"topic\">\n<h2>Jak\u00e9 jsou mo\u017enosti l\u00e9\u010dby hyperaktivity u d\u011bt\u00ed<\/h2>\n<p>Hyperaktivita u d\u011bt\u00ed je porucha, kter\u00e1 se projevuje nadm\u011brnou aktivitou, nedostatkem pozornosti a impulzivn\u00edm chov\u00e1n\u00edm. Tato porucha m\u016f\u017ee m\u00edt negativn\u00ed dopad na vzd\u011bl\u00e1v\u00e1n\u00ed, soci\u00e1ln\u00ed interakce a celkovou kvalitu \u017eivota d\u00edt\u011bte. Proto je d\u016fle\u017eit\u00e9, aby byla l\u00e9\u010dena co nejd\u0159\u00edve. Existuje n\u011bkolik mo\u017enost\u00ed l\u00e9\u010dby hyperaktivity u d\u011bt\u00ed, kter\u00e9 mohou pomoci zlep\u0161it jejich chov\u00e1n\u00ed a sn\u00ed\u017eit p\u0159\u00edznaky poruchy.<\/p>\n<p>1. Farmakoterapie<\/p>\n<p>Jednou z nej\u010dast\u011bji pou\u017e\u00edvan\u00fdch metod l\u00e9\u010dby hyperaktivity u d\u011bt\u00ed je farmakoterapie. Tato l\u00e9\u010dba zahrnuje u\u017e\u00edv\u00e1n\u00ed l\u00e9k\u016f, kter\u00e9 pom\u00e1haj\u00ed sni\u017eovat p\u0159\u00edznaky poruchy. Nej\u010dast\u011bji se pou\u017e\u00edvaj\u00ed stimulanty, jako je methylfenid\u00e1t a amfetaminy, kter\u00e9 pom\u00e1haj\u00ed zlep\u0161it pozornost a sn\u00ed\u017eit hyperaktivitu.<\/p>\n<\/div>\n<div class=\"topic\">\n<h2>D\u016fle\u017eitost prevence a v\u010dasn\u00e9ho odhalen\u00ed hyperaktivity u d\u011bt\u00ed<\/h2>\n<p>Hyperaktivita je porucha, kter\u00e1 se projevuje nadm\u011brnou aktivitou, nedostatkem pozornosti a impulzivn\u00edm chov\u00e1n\u00edm. Tato porucha m\u016f\u017ee ovlivnit ka\u017edodenn\u00ed \u017eivot d\u011bt\u00ed a jejich rodin, a proto je d\u016fle\u017eit\u00e9 v\u011bnovat pozornost prevenci a v\u010dasn\u00e9mu odhalen\u00ed hyperaktivity u d\u011bt\u00ed.<\/p>\n<p>Prevence je kl\u00ed\u010dov\u00fdm faktorem v boji proti hyperaktivit\u011b u d\u011bt\u00ed. Jedn\u00edm z nejd\u016fle\u017eit\u011bj\u0161\u00edch opat\u0159en\u00ed je zdrav\u00fd \u017eivotn\u00ed styl, kter\u00fd zahrnuje pravidelnou fyzickou aktivitu, vyv\u00e1\u017eenou stravu a dostatek sp\u00e1nku. D\u011bti, kter\u00e9 jsou fyzicky aktivn\u00ed, maj\u00ed vy\u0161\u0161\u00ed pravd\u011bpodobnost, \u017ee budou m\u00edt lep\u0161\u00ed koncentraci a pozornost. Z\u00e1rove\u0148 je d\u016fle\u017eit\u00e9 omezit p\u0159\u00edjem potravin s vysok\u00fdm obsahem cukru a um\u011bl\u00fdch barviv, kter\u00e9 mohou zhor\u0161it p\u0159\u00edznaky hyperaktivity.<\/p>\n<\/div>\n<\/div>\n","protected":false},"excerpt":{"rendered":"<p>P\u0159\u00ed\u010diny hyperaktivity u d\u011bt\u00ed a jak s nimi pracovat Hyperaktivita u d\u011bt\u00ed je \u010dasto diskutovan\u00fdm t\u00e9matem mezi rodi\u010di, u\u010diteli a odborn\u00edky. Jedn\u00e1 se o poruchu&#8230;<\/p>\n","protected":false},"author":1,"featured_media":0,"comment_status":"closed","ping_status":"open","sticky":false,"template":"","format":"standard","meta":{"inline_featured_image":false},"categories":[780],"tags":[],"yoast_head":"<!-- This site is optimized with the Yoast SEO plugin v18.1 - https:\/\/yoast.com\/wordpress\/plugins\/seo\/ -->\n<title>Hyperaktivita u d\u011bt\u00ed - Test Mysli<\/title>\n<meta name=\"robots\" content=\"index, follow, max-snippet:-1, max-image-preview:large, max-video-preview:-1\" \/>\n<link rel=\"canonical\" href=\"https:\/\/www.diagnostika-mysli.cz\/blog\/adhd\/hyperaktivita-u-deti\/\" \/>\n<meta property=\"og:locale\" content=\"cs_CZ\" \/>\n<meta property=\"og:type\" content=\"article\" \/>\n<meta property=\"og:title\" content=\"Hyperaktivita u d\u011bt\u00ed - Test Mysli\" \/>\n<meta property=\"og:description\" content=\"P\u0159\u00ed\u010diny hyperaktivity u d\u011bt\u00ed a jak s nimi pracovat Hyperaktivita u d\u011bt\u00ed je \u010dasto diskutovan\u00fdm t\u00e9matem mezi rodi\u010di, u\u010diteli a odborn\u00edky. Jedn\u00e1 se o poruchu...\" \/>\n<meta property=\"og:url\" content=\"https:\/\/www.diagnostika-mysli.cz\/blog\/adhd\/hyperaktivita-u-deti\/\" \/>\n<meta property=\"og:site_name\" content=\"Test Mysli\" \/>\n<meta property=\"article:published_time\" content=\"2025-03-10T02:05:18+00:00\" \/>\n<meta property=\"article:modified_time\" content=\"2025-03-13T09:07:11+00:00\" \/>\n<meta name=\"twitter:card\" content=\"summary_large_image\" \/>\n<meta name=\"twitter:label1\" content=\"Napsal(a)\" \/>\n\t<meta name=\"twitter:data1\" content=\"Test Mysli\" \/>\n\t<meta name=\"twitter:label2\" content=\"Odhadovan\u00e1 doba \u010dten\u00ed\" \/>\n\t<meta name=\"twitter:data2\" content=\"3 minuty\" \/>\n<script type=\"application\/ld+json\" class=\"yoast-schema-graph\">{\"@context\":\"https:\/\/schema.org\",\"@graph\":[{\"@type\":\"WebSite\",\"@id\":\"https:\/\/www.diagnostika-mysli.cz\/blog\/#website\",\"url\":\"https:\/\/www.diagnostika-mysli.cz\/blog\/\",\"name\":\"Test Mysli\",\"description\":\"Blog o poruch\u00e1ch mysli\",\"potentialAction\":[{\"@type\":\"SearchAction\",\"target\":{\"@type\":\"EntryPoint\",\"urlTemplate\":\"https:\/\/www.diagnostika-mysli.cz\/blog\/?s={search_term_string}\"},\"query-input\":\"required name=search_term_string\"}],\"inLanguage\":\"cs\"},{\"@type\":\"WebPage\",\"@id\":\"https:\/\/www.diagnostika-mysli.cz\/blog\/adhd\/hyperaktivita-u-deti\/#webpage\",\"url\":\"https:\/\/www.diagnostika-mysli.cz\/blog\/adhd\/hyperaktivita-u-deti\/\",\"name\":\"Hyperaktivita u d\u011bt\u00ed - Test Mysli\",\"isPartOf\":{\"@id\":\"https:\/\/www.diagnostika-mysli.cz\/blog\/#website\"},\"datePublished\":\"2025-03-10T02:05:18+00:00\",\"dateModified\":\"2025-03-13T09:07:11+00:00\",\"author\":{\"@id\":\"https:\/\/www.diagnostika-mysli.cz\/blog\/#\/schema\/person\/8eb1bcaf59fea75c780c11946f4e3490\"},\"breadcrumb\":{\"@id\":\"https:\/\/www.diagnostika-mysli.cz\/blog\/adhd\/hyperaktivita-u-deti\/#breadcrumb\"},\"inLanguage\":\"cs\",\"potentialAction\":[{\"@type\":\"ReadAction\",\"target\":[\"https:\/\/www.diagnostika-mysli.cz\/blog\/adhd\/hyperaktivita-u-deti\/\"]}]},{\"@type\":\"BreadcrumbList\",\"@id\":\"https:\/\/www.diagnostika-mysli.cz\/blog\/adhd\/hyperaktivita-u-deti\/#breadcrumb\",\"itemListElement\":[{\"@type\":\"ListItem\",\"position\":1,\"name\":\"Blog\",\"item\":\"https:\/\/www.diagnostika-mysli.cz\/blog\/\"},{\"@type\":\"ListItem\",\"position\":2,\"name\":\"ADHD\",\"item\":\"https:\/\/www.diagnostika-mysli.cz\/blog\/adhd\/\"},{\"@type\":\"ListItem\",\"position\":3,\"name\":\"Hyperaktivita u d\u011bt\u00ed\"}]},{\"@type\":\"Person\",\"@id\":\"https:\/\/www.diagnostika-mysli.cz\/blog\/#\/schema\/person\/8eb1bcaf59fea75c780c11946f4e3490\",\"name\":\"Test Mysli\",\"image\":{\"@type\":\"ImageObject\",\"@id\":\"https:\/\/www.diagnostika-mysli.cz\/blog\/#personlogo\",\"inLanguage\":\"cs\",\"url\":\"https:\/\/secure.gravatar.com\/avatar\/6743211f010801ea26aa9423a2daab37?s=96&d=mm&r=g\",\"contentUrl\":\"https:\/\/secure.gravatar.com\/avatar\/6743211f010801ea26aa9423a2daab37?s=96&d=mm&r=g\",\"caption\":\"Test Mysli\"},\"sameAs\":[\"https:\/\/www.diagnostika-mysli.cz\/blog\"],\"url\":\"https:\/\/www.diagnostika-mysli.cz\/blog\/author\/diagnostyka-umyslu\/\"}]}<\/script>\n<!-- \/ Yoast SEO plugin. -->","yoast_head_json":{"title":"Hyperaktivita u d\u011bt\u00ed - Test Mysli","robots":{"index":"index","follow":"follow","max-snippet":"max-snippet:-1","max-image-preview":"max-image-preview:large","max-video-preview":"max-video-preview:-1"},"canonical":"https:\/\/www.diagnostika-mysli.cz\/blog\/adhd\/hyperaktivita-u-deti\/","og_locale":"cs_CZ","og_type":"article","og_title":"Hyperaktivita u d\u011bt\u00ed - Test Mysli","og_description":"P\u0159\u00ed\u010diny hyperaktivity u d\u011bt\u00ed a jak s nimi pracovat Hyperaktivita u d\u011bt\u00ed je \u010dasto diskutovan\u00fdm t\u00e9matem mezi rodi\u010di, u\u010diteli a odborn\u00edky. Jedn\u00e1 se o poruchu...","og_url":"https:\/\/www.diagnostika-mysli.cz\/blog\/adhd\/hyperaktivita-u-deti\/","og_site_name":"Test Mysli","article_published_time":"2025-03-10T02:05:18+00:00","article_modified_time":"2025-03-13T09:07:11+00:00","twitter_card":"summary_large_image","twitter_misc":{"Napsal(a)":"Test Mysli","Odhadovan\u00e1 doba \u010dten\u00ed":"3 minuty"},"schema":{"@context":"https:\/\/schema.org","@graph":[{"@type":"WebSite","@id":"https:\/\/www.diagnostika-mysli.cz\/blog\/#website","url":"https:\/\/www.diagnostika-mysli.cz\/blog\/","name":"Test Mysli","description":"Blog o poruch\u00e1ch mysli","potentialAction":[{"@type":"SearchAction","target":{"@type":"EntryPoint","urlTemplate":"https:\/\/www.diagnostika-mysli.cz\/blog\/?s={search_term_string}"},"query-input":"required name=search_term_string"}],"inLanguage":"cs"},{"@type":"WebPage","@id":"https:\/\/www.diagnostika-mysli.cz\/blog\/adhd\/hyperaktivita-u-deti\/#webpage","url":"https:\/\/www.diagnostika-mysli.cz\/blog\/adhd\/hyperaktivita-u-deti\/","name":"Hyperaktivita u d\u011bt\u00ed - Test Mysli","isPartOf":{"@id":"https:\/\/www.diagnostika-mysli.cz\/blog\/#website"},"datePublished":"2025-03-10T02:05:18+00:00","dateModified":"2025-03-13T09:07:11+00:00","author":{"@id":"https:\/\/www.diagnostika-mysli.cz\/blog\/#\/schema\/person\/8eb1bcaf59fea75c780c11946f4e3490"},"breadcrumb":{"@id":"https:\/\/www.diagnostika-mysli.cz\/blog\/adhd\/hyperaktivita-u-deti\/#breadcrumb"},"inLanguage":"cs","potentialAction":[{"@type":"ReadAction","target":["https:\/\/www.diagnostika-mysli.cz\/blog\/adhd\/hyperaktivita-u-deti\/"]}]},{"@type":"BreadcrumbList","@id":"https:\/\/www.diagnostika-mysli.cz\/blog\/adhd\/hyperaktivita-u-deti\/#breadcrumb","itemListElement":[{"@type":"ListItem","position":1,"name":"Blog","item":"https:\/\/www.diagnostika-mysli.cz\/blog\/"},{"@type":"ListItem","position":2,"name":"ADHD","item":"https:\/\/www.diagnostika-mysli.cz\/blog\/adhd\/"},{"@type":"ListItem","position":3,"name":"Hyperaktivita u d\u011bt\u00ed"}]},{"@type":"Person","@id":"https:\/\/www.diagnostika-mysli.cz\/blog\/#\/schema\/person\/8eb1bcaf59fea75c780c11946f4e3490","name":"Test Mysli","image":{"@type":"ImageObject","@id":"https:\/\/www.diagnostika-mysli.cz\/blog\/#personlogo","inLanguage":"cs","url":"https:\/\/secure.gravatar.com\/avatar\/6743211f010801ea26aa9423a2daab37?s=96&d=mm&r=g","contentUrl":"https:\/\/secure.gravatar.com\/avatar\/6743211f010801ea26aa9423a2daab37?s=96&d=mm&r=g","caption":"Test Mysli"},"sameAs":["https:\/\/www.diagnostika-mysli.cz\/blog"],"url":"https:\/\/www.diagnostika-mysli.cz\/blog\/author\/diagnostyka-umyslu\/"}]}},"amp_enabled":true,"_links":{"self":[{"href":"https:\/\/www.diagnostika-mysli.cz\/blog\/wp-json\/wp\/v2\/posts\/3120"}],"collection":[{"href":"https:\/\/www.diagnostika-mysli.cz\/blog\/wp-json\/wp\/v2\/posts"}],"about":[{"href":"https:\/\/www.diagnostika-mysli.cz\/blog\/wp-json\/wp\/v2\/types\/post"}],"author":[{"embeddable":true,"href":"https:\/\/www.diagnostika-mysli.cz\/blog\/wp-json\/wp\/v2\/users\/1"}],"replies":[{"embeddable":true,"href":"https:\/\/www.diagnostika-mysli.cz\/blog\/wp-json\/wp\/v2\/comments?post=3120"}],"version-history":[{"count":1,"href":"https:\/\/www.diagnostika-mysli.cz\/blog\/wp-json\/wp\/v2\/posts\/3120\/revisions"}],"predecessor-version":[{"id":3137,"href":"https:\/\/www.diagnostika-mysli.cz\/blog\/wp-json\/wp\/v2\/posts\/3120\/revisions\/3137"}],"wp:attachment":[{"href":"https:\/\/www.diagnostika-mysli.cz\/blog\/wp-json\/wp\/v2\/media?parent=3120"}],"wp:term":[{"taxonomy":"category","embeddable":true,"href":"https:\/\/www.diagnostika-mysli.cz\/blog\/wp-json\/wp\/v2\/categories?post=3120"},{"taxonomy":"post_tag","embeddable":true,"href":"https:\/\/www.diagnostika-mysli.cz\/blog\/wp-json\/wp\/v2\/tags?post=3120"}],"curies":[{"name":"wp","href":"https:\/\/api.w.org\/{rel}","templated":true}]}}