{"id":3121,"date":"2025-03-10T04:25:18","date_gmt":"2025-03-10T03:25:18","guid":{"rendered":"https:\/\/www.diagnostika-mysli.cz\/blog\/autismus\/aspergeruv-syndrom-u-dospelych-2\/"},"modified":"2025-03-13T10:07:01","modified_gmt":"2025-03-13T09:07:01","slug":"aspergeruv-syndrom-u-dospelych-2","status":"publish","type":"post","link":"https:\/\/www.diagnostika-mysli.cz\/blog\/autismus\/aspergeruv-syndrom-u-dospelych-2\/","title":{"rendered":"Asperger\u016fv syndrom u dosp\u011bl\u00fdch"},"content":{"rendered":"<div class=\"topics\">\n<div class=\"topic\">\n<h2>Co je Asperger\u016fv syndrom u dosp\u011bl\u00fdch a jak\u00e9 jsou jeho p\u0159\u00edznaky?<\/h2>\n<p>Asperger\u016fv syndrom je neurov\u00fdvojov\u00e9 onemocn\u011bn\u00ed, kter\u00e9 se projevuje p\u0159edev\u0161\u00edm v soci\u00e1ln\u00edm chov\u00e1n\u00ed a komunikaci. Jedn\u00e1 se o formu autismu, kter\u00e1 se vyskytuje u dosp\u011bl\u00fdch jedinc\u016f. Toto onemocn\u011bn\u00ed bylo poprv\u00e9 pops\u00e1no v roce 1944 rakousk\u00fdm l\u00e9ka\u0159em Hansem Aspergerem, po kter\u00e9m je pojmenov\u00e1no.<\/p>\n<p>P\u0159\u00edznaky Aspergerova syndromu se mohou projevovat v r\u016fzn\u00e9 m\u00ed\u0159e a mohou se li\u0161it u jednotliv\u00fdch jedinc\u016f. Mezi nej\u010dast\u011bj\u0161\u00ed p\u0159\u00edznaky pat\u0159\u00ed probl\u00e9my s komunikac\u00ed a soci\u00e1ln\u00edm chov\u00e1n\u00edm. Lid\u00e9 s Aspergerov\u00fdm syndromem maj\u00ed \u010dasto probl\u00e9my s porozum\u011bn\u00edm neverb\u00e1ln\u00ed komunikace, jako jsou nap\u0159\u00edklad gesta, mimika nebo t\u00f3n hlasu. Mohou tak\u00e9 m\u00edt probl\u00e9my s porozum\u011bn\u00edm ironie, sarkasmu a nads\u00e1zky.<\/p>\n<\/div>\n<div class=\"topic\">\n<h2>Jak\u00e9 jsou mo\u017enosti l\u00e9\u010dby a podpory pro dosp\u011bl\u00e9 s Aspergerov\u00fdm syndromem?<\/h2>\n<p>Asperger\u016fv syndrom je neurov\u00fdvojov\u00e9 onemocn\u011bn\u00ed, kter\u00e9 se projevuje p\u0159edev\u0161\u00edm obt\u00ed\u017eemi v soci\u00e1ln\u00edm chov\u00e1n\u00ed a komunikaci. Toto onemocn\u011bn\u00ed postihuje p\u0159edev\u0161\u00edm dosp\u011bl\u00e9 jedince a m\u016f\u017ee m\u00edt v\u00fdrazn\u00fd dopad na jejich ka\u017edodenn\u00ed \u017eivot. Proto je d\u016fle\u017eit\u00e9, aby byli dosp\u011bl\u00ed s Aspergerov\u00fdm syndromem spr\u00e1vn\u011b diagnostikov\u00e1ni a z\u00edskali odpov\u00eddaj\u00edc\u00ed l\u00e9\u010dbu a podporu.<\/p>\n<p>Existuje n\u011bkolik mo\u017enost\u00ed l\u00e9\u010dby a podpory pro dosp\u011bl\u00e9 s Aspergerov\u00fdm syndromem. Jednou z nich je farmakoterapie, tedy l\u00e9\u010dba pomoc\u00ed l\u00e9k\u016f. Tyto l\u00e9ky mohou pomoci zm\u00edrnit n\u011bkter\u00e9 p\u0159\u00edznaky Aspergerova syndromu, jako jsou nap\u0159\u00edklad \u00fazkost, deprese nebo hyperaktivita. Nicm\u00e9n\u011b, nen\u00ed zat\u00edm zn\u00e1m \u017e\u00e1dn\u00fd l\u00e9k, kter\u00fd by dok\u00e1zal vyl\u00e9\u010dit Asperger\u016fv syndrom.<\/p>\n<\/div>\n<div class=\"topic\">\n<h2>Jak m\u016f\u017ee Asperger\u016fv syndrom ovlivnit ka\u017edodenn\u00ed \u017eivot a pracovn\u00ed v\u00fdkon dosp\u011bl\u00fdch?<\/h2>\n<p>Asperger\u016fv syndrom je neurov\u00fdvojov\u00e9 onemocn\u011bn\u00ed, kter\u00e9 se projevuje p\u0159edev\u0161\u00edm v soci\u00e1ln\u00edch interakc\u00edch a komunikaci. Toto onemocn\u011bn\u00ed m\u016f\u017ee m\u00edt v\u00fdrazn\u00fd vliv na ka\u017edodenn\u00ed \u017eivot a pracovn\u00ed v\u00fdkon dosp\u011bl\u00fdch jedinc\u016f, kte\u0159\u00ed s n\u00edm \u017eij\u00ed.<\/p>\n<p>Jedn\u00edm z hlavn\u00edch projev\u016f Aspergerova syndromu je naru\u0161en\u00e1 schopnost porozum\u011bt soci\u00e1ln\u00edm sign\u00e1l\u016fm a komunikovat s ostatn\u00edmi lidmi. To m\u016f\u017ee v\u00e9st k probl\u00e9m\u016fm v b\u011b\u017en\u00fdch situac\u00edch, jako je nap\u0159\u00edklad navazov\u00e1n\u00ed nov\u00fdch vztah\u016f, udr\u017eov\u00e1n\u00ed p\u0159\u00e1telstv\u00ed nebo spolupr\u00e1ce v pracovn\u00edm kolektivu. Dosp\u011bl\u00ed jedinci s Aspergerov\u00fdm syndromem mohou m\u00edt tak\u00e9 probl\u00e9my s porozum\u011bn\u00edm neverb\u00e1ln\u00ed komunikaci, jako jsou nap\u0159\u00edklad gesta, mimika nebo t\u00f3n hlasu. To m\u016f\u017ee v\u00e9st k nedoroz<\/p>\n<\/div>\n<div class=\"topic\">\n<h2>Jak\u00e9 jsou v\u00fdzvy a p\u0159ek\u00e1\u017eky, se kter\u00fdmi se mohou dosp\u011bl\u00ed s Aspergerov\u00fdm syndromem setkat ve vztaz\u00edch a soci\u00e1ln\u00edm \u017eivot\u011b?<\/h2>\n<p>Asperger\u016fv syndrom je neurov\u00fdvojov\u00e9 onemocn\u011bn\u00ed, kter\u00e9 se projevuje p\u0159edev\u0161\u00edm poruchami soci\u00e1ln\u00ed interakce a komunikace. Dosp\u011bl\u00ed s t\u00edmto syndromem se mohou setkat s \u0159adou v\u00fdzev a p\u0159ek\u00e1\u017eek ve sv\u00e9m vztahu a soci\u00e1ln\u00edm \u017eivot\u011b, kter\u00e9 mohou b\u00fdt pro n\u011b velmi n\u00e1ro\u010dn\u00e9 a obt\u00ed\u017en\u00e9.<\/p>\n<p>Jednou z nejv\u011bt\u0161\u00edch v\u00fdzev pro dosp\u011bl\u00e9 s Aspergerov\u00fdm syndromem je porozum\u011bn\u00ed soci\u00e1ln\u00edm n\u00e1vyk\u016fm a pravidl\u016fm. Tito jedinci maj\u00ed \u010dasto probl\u00e9my s porozum\u011bn\u00edm neverb\u00e1ln\u00ed komunikace, jako jsou nap\u0159\u00edklad gesta, mimika nebo t\u00f3n hlasu. Mohou tak\u00e9 m\u00edt probl\u00e9my s interpretac\u00ed emoc\u00ed a n\u00e1lad druh\u00fdch lid\u00ed, co\u017e m\u016f\u017ee v\u00e9st k nedorozum\u011bn\u00edm a konflikt\u016fm ve vztaz\u00edch.<\/p>\n<\/div>\n<\/div>\n","protected":false},"excerpt":{"rendered":"<p>Co je Asperger\u016fv syndrom u dosp\u011bl\u00fdch a jak\u00e9 jsou jeho p\u0159\u00edznaky? Asperger\u016fv syndrom je neurov\u00fdvojov\u00e9 onemocn\u011bn\u00ed, kter\u00e9 se projevuje p\u0159edev\u0161\u00edm v soci\u00e1ln\u00edm chov\u00e1n\u00ed a komunikaci&#8230;.<\/p>\n","protected":false},"author":1,"featured_media":0,"comment_status":"closed","ping_status":"open","sticky":false,"template":"","format":"standard","meta":{"inline_featured_image":false},"categories":[849],"tags":[],"yoast_head":"<!-- This site is optimized with the Yoast SEO plugin v18.1 - https:\/\/yoast.com\/wordpress\/plugins\/seo\/ -->\n<title>Asperger\u016fv syndrom u dosp\u011bl\u00fdch - Test Mysli<\/title>\n<meta name=\"robots\" content=\"index, follow, max-snippet:-1, max-image-preview:large, max-video-preview:-1\" \/>\n<link rel=\"canonical\" href=\"https:\/\/www.diagnostika-mysli.cz\/blog\/autismus\/aspergeruv-syndrom-u-dospelych-2\/\" \/>\n<meta property=\"og:locale\" content=\"cs_CZ\" \/>\n<meta property=\"og:type\" content=\"article\" \/>\n<meta property=\"og:title\" content=\"Asperger\u016fv syndrom u dosp\u011bl\u00fdch - Test Mysli\" \/>\n<meta property=\"og:description\" content=\"Co je Asperger\u016fv syndrom u dosp\u011bl\u00fdch a jak\u00e9 jsou jeho p\u0159\u00edznaky? Asperger\u016fv syndrom je neurov\u00fdvojov\u00e9 onemocn\u011bn\u00ed, kter\u00e9 se projevuje p\u0159edev\u0161\u00edm v soci\u00e1ln\u00edm chov\u00e1n\u00ed a komunikaci....\" \/>\n<meta property=\"og:url\" content=\"https:\/\/www.diagnostika-mysli.cz\/blog\/autismus\/aspergeruv-syndrom-u-dospelych-2\/\" \/>\n<meta property=\"og:site_name\" content=\"Test Mysli\" \/>\n<meta property=\"article:published_time\" content=\"2025-03-10T03:25:18+00:00\" \/>\n<meta property=\"article:modified_time\" content=\"2025-03-13T09:07:01+00:00\" \/>\n<meta name=\"twitter:card\" content=\"summary_large_image\" \/>\n<meta name=\"twitter:label1\" content=\"Napsal(a)\" \/>\n\t<meta name=\"twitter:data1\" content=\"Test Mysli\" \/>\n\t<meta name=\"twitter:label2\" content=\"Odhadovan\u00e1 doba \u010dten\u00ed\" \/>\n\t<meta name=\"twitter:data2\" content=\"3 minuty\" \/>\n<script type=\"application\/ld+json\" class=\"yoast-schema-graph\">{\"@context\":\"https:\/\/schema.org\",\"@graph\":[{\"@type\":\"WebSite\",\"@id\":\"https:\/\/www.diagnostika-mysli.cz\/blog\/#website\",\"url\":\"https:\/\/www.diagnostika-mysli.cz\/blog\/\",\"name\":\"Test Mysli\",\"description\":\"Blog o poruch\u00e1ch mysli\",\"potentialAction\":[{\"@type\":\"SearchAction\",\"target\":{\"@type\":\"EntryPoint\",\"urlTemplate\":\"https:\/\/www.diagnostika-mysli.cz\/blog\/?s={search_term_string}\"},\"query-input\":\"required name=search_term_string\"}],\"inLanguage\":\"cs\"},{\"@type\":\"WebPage\",\"@id\":\"https:\/\/www.diagnostika-mysli.cz\/blog\/autismus\/aspergeruv-syndrom-u-dospelych-2\/#webpage\",\"url\":\"https:\/\/www.diagnostika-mysli.cz\/blog\/autismus\/aspergeruv-syndrom-u-dospelych-2\/\",\"name\":\"Asperger\u016fv syndrom u dosp\u011bl\u00fdch - Test Mysli\",\"isPartOf\":{\"@id\":\"https:\/\/www.diagnostika-mysli.cz\/blog\/#website\"},\"datePublished\":\"2025-03-10T03:25:18+00:00\",\"dateModified\":\"2025-03-13T09:07:01+00:00\",\"author\":{\"@id\":\"https:\/\/www.diagnostika-mysli.cz\/blog\/#\/schema\/person\/8eb1bcaf59fea75c780c11946f4e3490\"},\"breadcrumb\":{\"@id\":\"https:\/\/www.diagnostika-mysli.cz\/blog\/autismus\/aspergeruv-syndrom-u-dospelych-2\/#breadcrumb\"},\"inLanguage\":\"cs\",\"potentialAction\":[{\"@type\":\"ReadAction\",\"target\":[\"https:\/\/www.diagnostika-mysli.cz\/blog\/autismus\/aspergeruv-syndrom-u-dospelych-2\/\"]}]},{\"@type\":\"BreadcrumbList\",\"@id\":\"https:\/\/www.diagnostika-mysli.cz\/blog\/autismus\/aspergeruv-syndrom-u-dospelych-2\/#breadcrumb\",\"itemListElement\":[{\"@type\":\"ListItem\",\"position\":1,\"name\":\"Blog\",\"item\":\"https:\/\/www.diagnostika-mysli.cz\/blog\/\"},{\"@type\":\"ListItem\",\"position\":2,\"name\":\"Autismus\",\"item\":\"https:\/\/www.diagnostika-mysli.cz\/blog\/autismus\/\"},{\"@type\":\"ListItem\",\"position\":3,\"name\":\"Asperger\u016fv syndrom u dosp\u011bl\u00fdch\"}]},{\"@type\":\"Person\",\"@id\":\"https:\/\/www.diagnostika-mysli.cz\/blog\/#\/schema\/person\/8eb1bcaf59fea75c780c11946f4e3490\",\"name\":\"Test Mysli\",\"image\":{\"@type\":\"ImageObject\",\"@id\":\"https:\/\/www.diagnostika-mysli.cz\/blog\/#personlogo\",\"inLanguage\":\"cs\",\"url\":\"https:\/\/secure.gravatar.com\/avatar\/6743211f010801ea26aa9423a2daab37?s=96&d=mm&r=g\",\"contentUrl\":\"https:\/\/secure.gravatar.com\/avatar\/6743211f010801ea26aa9423a2daab37?s=96&d=mm&r=g\",\"caption\":\"Test Mysli\"},\"sameAs\":[\"https:\/\/www.diagnostika-mysli.cz\/blog\"],\"url\":\"https:\/\/www.diagnostika-mysli.cz\/blog\/author\/diagnostyka-umyslu\/\"}]}<\/script>\n<!-- \/ Yoast SEO plugin. -->","yoast_head_json":{"title":"Asperger\u016fv syndrom u dosp\u011bl\u00fdch - Test Mysli","robots":{"index":"index","follow":"follow","max-snippet":"max-snippet:-1","max-image-preview":"max-image-preview:large","max-video-preview":"max-video-preview:-1"},"canonical":"https:\/\/www.diagnostika-mysli.cz\/blog\/autismus\/aspergeruv-syndrom-u-dospelych-2\/","og_locale":"cs_CZ","og_type":"article","og_title":"Asperger\u016fv syndrom u dosp\u011bl\u00fdch - Test Mysli","og_description":"Co je Asperger\u016fv syndrom u dosp\u011bl\u00fdch a jak\u00e9 jsou jeho p\u0159\u00edznaky? Asperger\u016fv syndrom je neurov\u00fdvojov\u00e9 onemocn\u011bn\u00ed, kter\u00e9 se projevuje p\u0159edev\u0161\u00edm v soci\u00e1ln\u00edm chov\u00e1n\u00ed a komunikaci....","og_url":"https:\/\/www.diagnostika-mysli.cz\/blog\/autismus\/aspergeruv-syndrom-u-dospelych-2\/","og_site_name":"Test Mysli","article_published_time":"2025-03-10T03:25:18+00:00","article_modified_time":"2025-03-13T09:07:01+00:00","twitter_card":"summary_large_image","twitter_misc":{"Napsal(a)":"Test Mysli","Odhadovan\u00e1 doba \u010dten\u00ed":"3 minuty"},"schema":{"@context":"https:\/\/schema.org","@graph":[{"@type":"WebSite","@id":"https:\/\/www.diagnostika-mysli.cz\/blog\/#website","url":"https:\/\/www.diagnostika-mysli.cz\/blog\/","name":"Test Mysli","description":"Blog o poruch\u00e1ch mysli","potentialAction":[{"@type":"SearchAction","target":{"@type":"EntryPoint","urlTemplate":"https:\/\/www.diagnostika-mysli.cz\/blog\/?s={search_term_string}"},"query-input":"required name=search_term_string"}],"inLanguage":"cs"},{"@type":"WebPage","@id":"https:\/\/www.diagnostika-mysli.cz\/blog\/autismus\/aspergeruv-syndrom-u-dospelych-2\/#webpage","url":"https:\/\/www.diagnostika-mysli.cz\/blog\/autismus\/aspergeruv-syndrom-u-dospelych-2\/","name":"Asperger\u016fv syndrom u dosp\u011bl\u00fdch - Test Mysli","isPartOf":{"@id":"https:\/\/www.diagnostika-mysli.cz\/blog\/#website"},"datePublished":"2025-03-10T03:25:18+00:00","dateModified":"2025-03-13T09:07:01+00:00","author":{"@id":"https:\/\/www.diagnostika-mysli.cz\/blog\/#\/schema\/person\/8eb1bcaf59fea75c780c11946f4e3490"},"breadcrumb":{"@id":"https:\/\/www.diagnostika-mysli.cz\/blog\/autismus\/aspergeruv-syndrom-u-dospelych-2\/#breadcrumb"},"inLanguage":"cs","potentialAction":[{"@type":"ReadAction","target":["https:\/\/www.diagnostika-mysli.cz\/blog\/autismus\/aspergeruv-syndrom-u-dospelych-2\/"]}]},{"@type":"BreadcrumbList","@id":"https:\/\/www.diagnostika-mysli.cz\/blog\/autismus\/aspergeruv-syndrom-u-dospelych-2\/#breadcrumb","itemListElement":[{"@type":"ListItem","position":1,"name":"Blog","item":"https:\/\/www.diagnostika-mysli.cz\/blog\/"},{"@type":"ListItem","position":2,"name":"Autismus","item":"https:\/\/www.diagnostika-mysli.cz\/blog\/autismus\/"},{"@type":"ListItem","position":3,"name":"Asperger\u016fv syndrom u dosp\u011bl\u00fdch"}]},{"@type":"Person","@id":"https:\/\/www.diagnostika-mysli.cz\/blog\/#\/schema\/person\/8eb1bcaf59fea75c780c11946f4e3490","name":"Test Mysli","image":{"@type":"ImageObject","@id":"https:\/\/www.diagnostika-mysli.cz\/blog\/#personlogo","inLanguage":"cs","url":"https:\/\/secure.gravatar.com\/avatar\/6743211f010801ea26aa9423a2daab37?s=96&d=mm&r=g","contentUrl":"https:\/\/secure.gravatar.com\/avatar\/6743211f010801ea26aa9423a2daab37?s=96&d=mm&r=g","caption":"Test Mysli"},"sameAs":["https:\/\/www.diagnostika-mysli.cz\/blog"],"url":"https:\/\/www.diagnostika-mysli.cz\/blog\/author\/diagnostyka-umyslu\/"}]}},"amp_enabled":true,"_links":{"self":[{"href":"https:\/\/www.diagnostika-mysli.cz\/blog\/wp-json\/wp\/v2\/posts\/3121"}],"collection":[{"href":"https:\/\/www.diagnostika-mysli.cz\/blog\/wp-json\/wp\/v2\/posts"}],"about":[{"href":"https:\/\/www.diagnostika-mysli.cz\/blog\/wp-json\/wp\/v2\/types\/post"}],"author":[{"embeddable":true,"href":"https:\/\/www.diagnostika-mysli.cz\/blog\/wp-json\/wp\/v2\/users\/1"}],"replies":[{"embeddable":true,"href":"https:\/\/www.diagnostika-mysli.cz\/blog\/wp-json\/wp\/v2\/comments?post=3121"}],"version-history":[{"count":1,"href":"https:\/\/www.diagnostika-mysli.cz\/blog\/wp-json\/wp\/v2\/posts\/3121\/revisions"}],"predecessor-version":[{"id":3136,"href":"https:\/\/www.diagnostika-mysli.cz\/blog\/wp-json\/wp\/v2\/posts\/3121\/revisions\/3136"}],"wp:attachment":[{"href":"https:\/\/www.diagnostika-mysli.cz\/blog\/wp-json\/wp\/v2\/media?parent=3121"}],"wp:term":[{"taxonomy":"category","embeddable":true,"href":"https:\/\/www.diagnostika-mysli.cz\/blog\/wp-json\/wp\/v2\/categories?post=3121"},{"taxonomy":"post_tag","embeddable":true,"href":"https:\/\/www.diagnostika-mysli.cz\/blog\/wp-json\/wp\/v2\/tags?post=3121"}],"curies":[{"name":"wp","href":"https:\/\/api.w.org\/{rel}","templated":true}]}}