{"id":3122,"date":"2025-03-11T03:05:19","date_gmt":"2025-03-11T02:05:19","guid":{"rendered":"https:\/\/www.diagnostika-mysli.cz\/blog\/adhd\/projevy-adhd-u-deti\/"},"modified":"2025-03-13T10:06:49","modified_gmt":"2025-03-13T09:06:49","slug":"projevy-adhd-u-deti","status":"publish","type":"post","link":"https:\/\/www.diagnostika-mysli.cz\/blog\/adhd\/projevy-adhd-u-deti\/","title":{"rendered":"Projevy ADHD u d\u011bt\u00ed"},"content":{"rendered":"<div class=\"topics\">\n<div class=\"topic\">\n<h2>P\u0159\u00edznaky ADHD u d\u011bt\u00ed: Jak je rozpoznat a jak s nimi pracovat<\/h2>\n<p>ADHD (Attention Deficit Hyperactivity Disorder) je neurov\u00fdvojov\u00e1 porucha, kter\u00e1 se projevuje u d\u011bt\u00ed ji\u017e od ran\u00e9ho d\u011btstv\u00ed. Tato porucha ovliv\u0148uje schopnost d\u00edt\u011bte soust\u0159edit se, pl\u00e1novat a kontrolovat sv\u00e9 chov\u00e1n\u00ed. P\u0159\u00edznaky ADHD mohou b\u00fdt velmi rozmanit\u00e9 a mohou se li\u0161it od d\u00edt\u011bte k d\u00edt\u011bti. V tomto \u010dl\u00e1nku se zam\u011b\u0159\u00edme na p\u0159\u00edznaky ADHD u d\u011bt\u00ed a na to, jak je rozpoznat a jak s nimi pracovat.<\/p>\n<p>P\u0159\u00edznaky ADHD se d\u011bl\u00ed do t\u0159\u00ed kategori\u00ed: porucha pozornosti, hyperaktivita a impulzivita. D\u00edt\u011b s ADHD m\u016f\u017ee m\u00edt probl\u00e9my s pozornost\u00ed, co\u017e se projevuje jako neschopnost udr\u017eet pozornost na jedn\u00e9 v\u011bci, sn\u00ed\u017een\u00e1 schopnost pl\u00e1nov\u00e1n\u00ed a organizace, \u010dast\u00e9 zapom\u00edn\u00e1n\u00ed a neschopnost dokon\u010dit \u00fakoly.<\/p>\n<\/div>\n<div class=\"topic\">\n<h2>Vliv ADHD na vzd\u011bl\u00e1v\u00e1n\u00ed d\u011bt\u00ed: Jak\u00fdm zp\u016fsobem se projevuje a jak mu p\u0159edch\u00e1zet<\/h2>\n<p>ADHD (Attention Deficit Hyperactivity Disorder) je neurov\u00fdvojov\u00e1 porucha, kter\u00e1 se projevuje poruchou pozornosti, hyperaktivitou a impulzivitou. Tato porucha m\u016f\u017ee m\u00edt v\u00fdrazn\u00fd vliv na vzd\u011bl\u00e1v\u00e1n\u00ed d\u011bt\u00ed, a proto je d\u016fle\u017eit\u00e9 se s n\u00ed sezn\u00e1mit a nau\u010dit se s n\u00ed efektivn\u011b pracovat.<\/p>\n<p>Jedn\u00edm z hlavn\u00edch projev\u016f ADHD je porucha pozornosti. D\u011bti s touto poruchou maj\u00ed probl\u00e9my se soust\u0159ed\u011bn\u00edm, udr\u017een\u00edm pozornosti na jednom \u00fakolu a pl\u00e1nov\u00e1n\u00edm sv\u00e9ho \u010dasu. To m\u016f\u017ee v\u00e9st k tomu, \u017ee d\u00edt\u011b nedokon\u010d\u00ed \u00fakol, zapomene na d\u016fle\u017eit\u00e9 informace nebo se snadno rozpt\u00fdl\u00ed. V d\u016fsledku toho m\u016f\u017ee m\u00edt d\u00edt\u011b probl\u00e9my s u\u010den\u00edm a zvl\u00e1d\u00e1n\u00edm \u0161koln\u00edch povinnost\u00ed.<\/p>\n<\/div>\n<div class=\"topic\">\n<h2>L\u00e9\u010dba ADHD u d\u011bt\u00ed: Mo\u017enosti a doporu\u010den\u00ed pro rodi\u010de a pedagogy<\/h2>\n<p>ADHD (Attention Deficit Hyperactivity Disorder) je neurov\u00fdvojov\u00e1 porucha, kter\u00e1 se projevuje p\u0159edev\u0161\u00edm u d\u011bt\u00ed. Tato porucha ovliv\u0148uje jejich schopnost soust\u0159edit se, pl\u00e1novat a kontrolovat sv\u00e9 chov\u00e1n\u00ed. D\u011bti s ADHD mohou b\u00fdt hyperaktivn\u00ed, impulzivn\u00ed a maj\u00ed probl\u00e9my s udr\u017een\u00edm pozornosti. Tato porucha m\u016f\u017ee m\u00edt v\u00fdrazn\u00fd dopad na jejich \u0161koln\u00ed v\u00fdkon a soci\u00e1ln\u00ed interakce.<\/p>\n<p>L\u00e9\u010dba ADHD u d\u011bt\u00ed je d\u016fle\u017eit\u00e1 pro zlep\u0161en\u00ed jejich kvality \u017eivota a sn\u00ed\u017een\u00ed negativn\u00edch dopad\u016f poruchy. Existuje n\u011bkolik mo\u017enost\u00ed l\u00e9\u010dby, kter\u00e9 mohou b\u00fdt kombinov\u00e1ny pro dosa\u017een\u00ed nejlep\u0161\u00edch v\u00fdsledk\u016f. V tomto \u010dl\u00e1nku se pod\u00edv\u00e1me na mo\u017enosti l\u00e9\u010dby ADHD u d\u011bt\u00ed a poskytneme doporu\u010den\u00ed pro rodi\u010de a pedagogy.<\/p>\n<p>1. Farmakoterapie<\/p>\n<p>Farmakoterapie je nej\u010dast\u011bji pou\u017e\u00edvan\u00e1<\/p>\n<\/div>\n<div class=\"topic\">\n<h2>Prevence ADHD u d\u011bt\u00ed: Jak\u00fdm zp\u016fsobem mohou rodi\u010de a u\u010ditel\u00e9 pomoci d\u011btem s rizikem vzniku poruchy<\/h2>\n<p>ADHD (Attention Deficit Hyperactivity Disorder) je porucha, kter\u00e1 se projevuje poruchou pozornosti, hyperaktivitou a impulzivitou. Tato porucha m\u016f\u017ee ovlivnit ka\u017edodenn\u00ed \u017eivot d\u011bt\u00ed a m\u016f\u017ee m\u00edt negativn\u00ed dopad na jejich \u0161koln\u00ed v\u00fdkon a soci\u00e1ln\u00ed interakce. Proto je d\u016fle\u017eit\u00e9, aby rodi\u010de a u\u010ditel\u00e9 byli informov\u00e1ni o prevenci ADHD u d\u011bt\u00ed a jak mohou pomoci d\u011btem s rizikem vzniku t\u00e9to poruchy.<\/p>\n<p>1. Vytvo\u0159en\u00ed strukturovan\u00e9ho prost\u0159ed\u00ed<\/p>\n<p>D\u011bti s ADHD maj\u00ed \u010dasto probl\u00e9my s organizac\u00ed a pl\u00e1nov\u00e1n\u00edm. Proto je d\u016fle\u017eit\u00e9, aby rodi\u010de a u\u010ditel\u00e9 vytvo\u0159ili strukturovan\u00e9 prost\u0159ed\u00ed, ve kter\u00e9m se d\u011bti mohou snadno orientovat. To m\u016f\u017ee zahrnovat pravideln\u00fd rozvrh, jasn\u00e1 pravidla a rutiny. D\u011bti s ADHD se l\u00e9pe c\u00edt\u00ed, kdy\u017e v\u011bd\u00ed, co se od nich o\u010dek\u00e1v\u00e1 a co se bude.<\/p>\n<\/div>\n<\/div>\n","protected":false},"excerpt":{"rendered":"<p>P\u0159\u00edznaky ADHD u d\u011bt\u00ed: Jak je rozpoznat a jak s nimi pracovat ADHD (Attention Deficit Hyperactivity Disorder) je neurov\u00fdvojov\u00e1 porucha, kter\u00e1 se projevuje u d\u011bt\u00ed&#8230;<\/p>\n","protected":false},"author":1,"featured_media":0,"comment_status":"closed","ping_status":"open","sticky":false,"template":"","format":"standard","meta":{"inline_featured_image":false},"categories":[780],"tags":[],"yoast_head":"<!-- This site is optimized with the Yoast SEO plugin v18.1 - https:\/\/yoast.com\/wordpress\/plugins\/seo\/ -->\n<title>Projevy ADHD u d\u011bt\u00ed - Test Mysli<\/title>\n<meta name=\"robots\" content=\"index, follow, max-snippet:-1, max-image-preview:large, max-video-preview:-1\" \/>\n<link rel=\"canonical\" href=\"https:\/\/www.diagnostika-mysli.cz\/blog\/adhd\/projevy-adhd-u-deti\/\" \/>\n<meta property=\"og:locale\" content=\"cs_CZ\" \/>\n<meta property=\"og:type\" content=\"article\" \/>\n<meta property=\"og:title\" content=\"Projevy ADHD u d\u011bt\u00ed - Test Mysli\" \/>\n<meta property=\"og:description\" content=\"P\u0159\u00edznaky ADHD u d\u011bt\u00ed: Jak je rozpoznat a jak s nimi pracovat ADHD (Attention Deficit Hyperactivity Disorder) je neurov\u00fdvojov\u00e1 porucha, kter\u00e1 se projevuje u d\u011bt\u00ed...\" \/>\n<meta property=\"og:url\" content=\"https:\/\/www.diagnostika-mysli.cz\/blog\/adhd\/projevy-adhd-u-deti\/\" \/>\n<meta property=\"og:site_name\" content=\"Test Mysli\" \/>\n<meta property=\"article:published_time\" content=\"2025-03-11T02:05:19+00:00\" \/>\n<meta property=\"article:modified_time\" content=\"2025-03-13T09:06:49+00:00\" \/>\n<meta name=\"twitter:card\" content=\"summary_large_image\" \/>\n<meta name=\"twitter:label1\" content=\"Napsal(a)\" \/>\n\t<meta name=\"twitter:data1\" content=\"Test Mysli\" \/>\n\t<meta name=\"twitter:label2\" content=\"Odhadovan\u00e1 doba \u010dten\u00ed\" \/>\n\t<meta name=\"twitter:data2\" content=\"3 minuty\" \/>\n<script type=\"application\/ld+json\" class=\"yoast-schema-graph\">{\"@context\":\"https:\/\/schema.org\",\"@graph\":[{\"@type\":\"WebSite\",\"@id\":\"https:\/\/www.diagnostika-mysli.cz\/blog\/#website\",\"url\":\"https:\/\/www.diagnostika-mysli.cz\/blog\/\",\"name\":\"Test Mysli\",\"description\":\"Blog o poruch\u00e1ch mysli\",\"potentialAction\":[{\"@type\":\"SearchAction\",\"target\":{\"@type\":\"EntryPoint\",\"urlTemplate\":\"https:\/\/www.diagnostika-mysli.cz\/blog\/?s={search_term_string}\"},\"query-input\":\"required name=search_term_string\"}],\"inLanguage\":\"cs\"},{\"@type\":\"WebPage\",\"@id\":\"https:\/\/www.diagnostika-mysli.cz\/blog\/adhd\/projevy-adhd-u-deti\/#webpage\",\"url\":\"https:\/\/www.diagnostika-mysli.cz\/blog\/adhd\/projevy-adhd-u-deti\/\",\"name\":\"Projevy ADHD u d\u011bt\u00ed - Test Mysli\",\"isPartOf\":{\"@id\":\"https:\/\/www.diagnostika-mysli.cz\/blog\/#website\"},\"datePublished\":\"2025-03-11T02:05:19+00:00\",\"dateModified\":\"2025-03-13T09:06:49+00:00\",\"author\":{\"@id\":\"https:\/\/www.diagnostika-mysli.cz\/blog\/#\/schema\/person\/8eb1bcaf59fea75c780c11946f4e3490\"},\"breadcrumb\":{\"@id\":\"https:\/\/www.diagnostika-mysli.cz\/blog\/adhd\/projevy-adhd-u-deti\/#breadcrumb\"},\"inLanguage\":\"cs\",\"potentialAction\":[{\"@type\":\"ReadAction\",\"target\":[\"https:\/\/www.diagnostika-mysli.cz\/blog\/adhd\/projevy-adhd-u-deti\/\"]}]},{\"@type\":\"BreadcrumbList\",\"@id\":\"https:\/\/www.diagnostika-mysli.cz\/blog\/adhd\/projevy-adhd-u-deti\/#breadcrumb\",\"itemListElement\":[{\"@type\":\"ListItem\",\"position\":1,\"name\":\"Blog\",\"item\":\"https:\/\/www.diagnostika-mysli.cz\/blog\/\"},{\"@type\":\"ListItem\",\"position\":2,\"name\":\"ADHD\",\"item\":\"https:\/\/www.diagnostika-mysli.cz\/blog\/adhd\/\"},{\"@type\":\"ListItem\",\"position\":3,\"name\":\"Projevy ADHD u d\u011bt\u00ed\"}]},{\"@type\":\"Person\",\"@id\":\"https:\/\/www.diagnostika-mysli.cz\/blog\/#\/schema\/person\/8eb1bcaf59fea75c780c11946f4e3490\",\"name\":\"Test Mysli\",\"image\":{\"@type\":\"ImageObject\",\"@id\":\"https:\/\/www.diagnostika-mysli.cz\/blog\/#personlogo\",\"inLanguage\":\"cs\",\"url\":\"https:\/\/secure.gravatar.com\/avatar\/6743211f010801ea26aa9423a2daab37?s=96&d=mm&r=g\",\"contentUrl\":\"https:\/\/secure.gravatar.com\/avatar\/6743211f010801ea26aa9423a2daab37?s=96&d=mm&r=g\",\"caption\":\"Test Mysli\"},\"sameAs\":[\"https:\/\/www.diagnostika-mysli.cz\/blog\"],\"url\":\"https:\/\/www.diagnostika-mysli.cz\/blog\/author\/diagnostyka-umyslu\/\"}]}<\/script>\n<!-- \/ Yoast SEO plugin. -->","yoast_head_json":{"title":"Projevy ADHD u d\u011bt\u00ed - Test Mysli","robots":{"index":"index","follow":"follow","max-snippet":"max-snippet:-1","max-image-preview":"max-image-preview:large","max-video-preview":"max-video-preview:-1"},"canonical":"https:\/\/www.diagnostika-mysli.cz\/blog\/adhd\/projevy-adhd-u-deti\/","og_locale":"cs_CZ","og_type":"article","og_title":"Projevy ADHD u d\u011bt\u00ed - Test Mysli","og_description":"P\u0159\u00edznaky ADHD u d\u011bt\u00ed: Jak je rozpoznat a jak s nimi pracovat ADHD (Attention Deficit Hyperactivity Disorder) je neurov\u00fdvojov\u00e1 porucha, kter\u00e1 se projevuje u d\u011bt\u00ed...","og_url":"https:\/\/www.diagnostika-mysli.cz\/blog\/adhd\/projevy-adhd-u-deti\/","og_site_name":"Test Mysli","article_published_time":"2025-03-11T02:05:19+00:00","article_modified_time":"2025-03-13T09:06:49+00:00","twitter_card":"summary_large_image","twitter_misc":{"Napsal(a)":"Test Mysli","Odhadovan\u00e1 doba \u010dten\u00ed":"3 minuty"},"schema":{"@context":"https:\/\/schema.org","@graph":[{"@type":"WebSite","@id":"https:\/\/www.diagnostika-mysli.cz\/blog\/#website","url":"https:\/\/www.diagnostika-mysli.cz\/blog\/","name":"Test Mysli","description":"Blog o poruch\u00e1ch mysli","potentialAction":[{"@type":"SearchAction","target":{"@type":"EntryPoint","urlTemplate":"https:\/\/www.diagnostika-mysli.cz\/blog\/?s={search_term_string}"},"query-input":"required name=search_term_string"}],"inLanguage":"cs"},{"@type":"WebPage","@id":"https:\/\/www.diagnostika-mysli.cz\/blog\/adhd\/projevy-adhd-u-deti\/#webpage","url":"https:\/\/www.diagnostika-mysli.cz\/blog\/adhd\/projevy-adhd-u-deti\/","name":"Projevy ADHD u d\u011bt\u00ed - Test Mysli","isPartOf":{"@id":"https:\/\/www.diagnostika-mysli.cz\/blog\/#website"},"datePublished":"2025-03-11T02:05:19+00:00","dateModified":"2025-03-13T09:06:49+00:00","author":{"@id":"https:\/\/www.diagnostika-mysli.cz\/blog\/#\/schema\/person\/8eb1bcaf59fea75c780c11946f4e3490"},"breadcrumb":{"@id":"https:\/\/www.diagnostika-mysli.cz\/blog\/adhd\/projevy-adhd-u-deti\/#breadcrumb"},"inLanguage":"cs","potentialAction":[{"@type":"ReadAction","target":["https:\/\/www.diagnostika-mysli.cz\/blog\/adhd\/projevy-adhd-u-deti\/"]}]},{"@type":"BreadcrumbList","@id":"https:\/\/www.diagnostika-mysli.cz\/blog\/adhd\/projevy-adhd-u-deti\/#breadcrumb","itemListElement":[{"@type":"ListItem","position":1,"name":"Blog","item":"https:\/\/www.diagnostika-mysli.cz\/blog\/"},{"@type":"ListItem","position":2,"name":"ADHD","item":"https:\/\/www.diagnostika-mysli.cz\/blog\/adhd\/"},{"@type":"ListItem","position":3,"name":"Projevy ADHD u d\u011bt\u00ed"}]},{"@type":"Person","@id":"https:\/\/www.diagnostika-mysli.cz\/blog\/#\/schema\/person\/8eb1bcaf59fea75c780c11946f4e3490","name":"Test Mysli","image":{"@type":"ImageObject","@id":"https:\/\/www.diagnostika-mysli.cz\/blog\/#personlogo","inLanguage":"cs","url":"https:\/\/secure.gravatar.com\/avatar\/6743211f010801ea26aa9423a2daab37?s=96&d=mm&r=g","contentUrl":"https:\/\/secure.gravatar.com\/avatar\/6743211f010801ea26aa9423a2daab37?s=96&d=mm&r=g","caption":"Test Mysli"},"sameAs":["https:\/\/www.diagnostika-mysli.cz\/blog"],"url":"https:\/\/www.diagnostika-mysli.cz\/blog\/author\/diagnostyka-umyslu\/"}]}},"amp_enabled":true,"_links":{"self":[{"href":"https:\/\/www.diagnostika-mysli.cz\/blog\/wp-json\/wp\/v2\/posts\/3122"}],"collection":[{"href":"https:\/\/www.diagnostika-mysli.cz\/blog\/wp-json\/wp\/v2\/posts"}],"about":[{"href":"https:\/\/www.diagnostika-mysli.cz\/blog\/wp-json\/wp\/v2\/types\/post"}],"author":[{"embeddable":true,"href":"https:\/\/www.diagnostika-mysli.cz\/blog\/wp-json\/wp\/v2\/users\/1"}],"replies":[{"embeddable":true,"href":"https:\/\/www.diagnostika-mysli.cz\/blog\/wp-json\/wp\/v2\/comments?post=3122"}],"version-history":[{"count":1,"href":"https:\/\/www.diagnostika-mysli.cz\/blog\/wp-json\/wp\/v2\/posts\/3122\/revisions"}],"predecessor-version":[{"id":3135,"href":"https:\/\/www.diagnostika-mysli.cz\/blog\/wp-json\/wp\/v2\/posts\/3122\/revisions\/3135"}],"wp:attachment":[{"href":"https:\/\/www.diagnostika-mysli.cz\/blog\/wp-json\/wp\/v2\/media?parent=3122"}],"wp:term":[{"taxonomy":"category","embeddable":true,"href":"https:\/\/www.diagnostika-mysli.cz\/blog\/wp-json\/wp\/v2\/categories?post=3122"},{"taxonomy":"post_tag","embeddable":true,"href":"https:\/\/www.diagnostika-mysli.cz\/blog\/wp-json\/wp\/v2\/tags?post=3122"}],"curies":[{"name":"wp","href":"https:\/\/api.w.org\/{rel}","templated":true}]}}