{"id":3128,"date":"2025-03-13T04:25:36","date_gmt":"2025-03-13T03:25:36","guid":{"rendered":"https:\/\/www.diagnostika-mysli.cz\/blog\/autismus\/dotaznik-autismus\/"},"modified":"2025-03-13T10:05:37","modified_gmt":"2025-03-13T09:05:37","slug":"dotaznik-autismus","status":"publish","type":"post","link":"https:\/\/www.diagnostika-mysli.cz\/blog\/autismus\/dotaznik-autismus\/","title":{"rendered":"Dotazn\u00edk autismus"},"content":{"rendered":"<div class=\"topics\">\n<div class=\"topic\">\n<h2>Co je autismus a jak\u00e9 jsou jeho p\u0159\u00edznaky?<\/h2>\n<p>Autismus je neurov\u00fdvojov\u00e1 porucha, kter\u00e1 ovliv\u0148uje komunikaci a soci\u00e1ln\u00ed interakci jedince. Tato porucha se projevuje ji\u017e v ran\u00e9m d\u011btstv\u00ed a trv\u00e1 cel\u00fd \u017eivot. Jej\u00ed p\u0159\u00ed\u010dina nen\u00ed zcela zn\u00e1ma, ale v\u011bdci se domn\u00edvaj\u00ed, \u017ee m\u016f\u017ee b\u00fdt zp\u016fsobena kombinac\u00ed genetick\u00fdch a environment\u00e1ln\u00edch faktor\u016f.<\/p>\n<p>Jedn\u00edm z hlavn\u00edch p\u0159\u00edznak\u016f autismu je probl\u00e9m s komunikac\u00ed. D\u011bti s touto poruchou maj\u00ed \u010dasto probl\u00e9my s verb\u00e1ln\u00ed komunikac\u00ed a mohou m\u00edt omezen\u00fd slovn\u00ed z\u00e1sobn\u00edk. Mnoho z nich tak\u00e9 nem\u00e1 schopnost porozum\u011bt nonverb\u00e1ln\u00edm sign\u00e1l\u016fm, jako jsou nap\u0159\u00edklad gesta a mimika. To m\u016f\u017ee v\u00e9st k nedorozum\u011bn\u00edm a probl\u00e9m\u016fm v komunikaci s ostatn\u00edmi.<\/p>\n<p>Dal\u0161\u00edm v\u00fdznamn\u00fdm p\u0159\u00edznakem autismu je omezen\u00fd z\u00e1jem o soci\u00e1ln\u00ed interakci.<\/p>\n<\/div>\n<div class=\"topic\">\n<h2>Autismus je neurov\u00fdvojov\u00e1 porucha, kter\u00e1 se projevuje v oblasti soci\u00e1ln\u00ed interakce, komunikace a chov\u00e1n\u00ed<\/h2>\n<p>Autismus je neurov\u00fdvojov\u00e1 porucha, kter\u00e1 se projevuje v oblasti soci\u00e1ln\u00ed interakce, komunikace a chov\u00e1n\u00ed. Tato porucha se vyskytuje ji\u017e od d\u011btstv\u00ed a m\u016f\u017ee m\u00edt r\u016fzn\u00e9 formy a stupn\u011b z\u00e1va\u017enosti. Mezi hlavn\u00ed p\u0159\u00edznaky autismu pat\u0159\u00ed probl\u00e9my s porozum\u011bn\u00edm soci\u00e1ln\u00edm situac\u00edm, opakuj\u00edc\u00ed se chov\u00e1n\u00ed a omezen\u00e9 z\u00e1jmy.<\/p>\n<p>Jedn\u00edm z hlavn\u00edch p\u0159\u00edznak\u016f autismu je probl\u00e9m s porozum\u011bn\u00edm soci\u00e1ln\u00edm situac\u00edm. D\u011bti s touto poruchou maj\u00ed \u010dasto probl\u00e9my s navazov\u00e1n\u00edm kontakt\u016f s ostatn\u00edmi lidmi, s porozum\u011bn\u00edm neverb\u00e1ln\u00ed komunikaci a s empati\u00ed. Mohou se tak\u00e9 vyh\u00fdbat o\u010dn\u00edmu kontaktu a m\u00edt pot\u00ed\u017ee s porozum\u011bn\u00edm emoc\u00edm a n\u00e1lad\u00e1m druh\u00fdch.<\/p>\n<p>Dal\u0161\u00edm v\u00fdznamn\u00fdm p\u0159\u00edznakem autismu je opakuj\u00edc\u00ed se chov\u00e1n\u00ed. D\u011bti s touto poruchou maj\u00ed \u010dasto stereotypn\u00ed.<\/p>\n<\/div>\n<div class=\"topic\">\n<p>\u010cesk\u00e1 kuchyn\u011b je jednou z nejstar\u0161\u00edch a nejbohat\u0161\u00edch kuchyn\u00ed v Evrop\u011b. Jej\u00ed ko\u0159eny sahaj\u00ed a\u017e do 9. stolet\u00ed, kdy se za\u010daly formovat prvn\u00ed tradi\u010dn\u00ed pokrmy. \u010cesk\u00e1 kuchyn\u011b je ovlivn\u011bna p\u0159edev\u0161\u00edm st\u0159edoevropskou kuchyn\u00ed, ale najdeme v n\u00ed i prvky z n\u011bmeck\u00e9, rakousk\u00e9, ma\u010farsk\u00e9 a \u017eidovsk\u00e9 kuchyn\u011b.<\/p>\n<p>Hlavn\u00edmi surovinami \u010desk\u00e9 kuchyn\u011b jsou brambory, maso, zelenina, ml\u00e9\u010dn\u00e9 v\u00fdrobky a obiloviny. V\u011bt\u0161ina pokrm\u016f je pom\u011brn\u011b jednoduch\u00e1, ale velmi chutn\u00e1 a s vysokou v\u00fd\u017eivovou hodnotou. Mezi nejzn\u00e1m\u011bj\u0161\u00ed \u010desk\u00e9 speciality pat\u0159\u00ed vep\u0159ov\u00e1 pe\u010den\u011b s knedl\u00edky, gul\u00e1\u0161, sv\u00ed\u010dkov\u00e1 na smetan\u011b, brambor\u00e1ky, sma\u017een\u00fd s\u00fdr a tradi\u010dn\u00ed \u010desk<\/p>\n<\/div>\n<div class=\"topic\">\n<h2>Jak\u00e9 jsou mo\u017en\u00e9 p\u0159\u00ed\u010diny autismu?<\/h2>\n<p>Autismus je neurov\u00fdvojov\u00e1 porucha, kter\u00e1 ovliv\u0148uje komunikaci a soci\u00e1ln\u00ed interakci jedince. Je to porucha, kter\u00e1 se projevuje ji\u017e v ran\u00e9m d\u011btstv\u00ed a m\u016f\u017ee m\u00edt r\u016fzn\u00e9 formy a z\u00e1va\u017enosti. P\u0159esn\u00e1 p\u0159\u00ed\u010dina autismu nen\u00ed dosud zn\u00e1ma, ale v\u011bdci se shoduj\u00ed na tom, \u017ee se jedn\u00e1 o kombinaci genetick\u00fdch a environment\u00e1ln\u00edch faktor\u016f.<\/p>\n<p>Jednou z mo\u017en\u00fdch p\u0159\u00ed\u010din autismu je genetick\u00e1 predispozice. V\u011bdci zjistili, \u017ee u d\u011bt\u00ed s autismem se vyskytuje vy\u0161\u0161\u00ed v\u00fdskyt ur\u010dit\u00fdch genetick\u00fdch mutac\u00ed ne\u017e u d\u011bt\u00ed bez t\u00e9to poruchy. Tyto mutace mohou ovlivnit v\u00fdvoj mozku a jeho schopnost komunikovat a interagovat s okol\u00edm. Nicm\u00e9n\u011b, nen\u00ed jedin\u00fd gen, kter\u00fd by byl zodpov\u011bdn\u00fd za autismus, ale sp\u00ed\u0161e kombinace r\u016fzn\u00fdch genetick\u00fdch variant m\u016f\u017ee hr\u00e1t<\/p>\n<\/div>\n<div class=\"topic\">\n<h2>P\u0159esn\u00e9 p\u0159\u00ed\u010diny autismu nejsou dosud zn\u00e1my, ale v\u011bdci se domn\u00edvaj\u00ed, \u017ee hraje roli kombinace genetick\u00fdch a environment\u00e1ln\u00edch faktor\u016f<\/h2>\n<p>Autismus je neurov\u00fdvojov\u00e9 onemocn\u011bn\u00ed, kter\u00e9 se projevuje poruchami v komunikaci, soci\u00e1ln\u00edm chov\u00e1n\u00ed a omezen\u00fdmi z\u00e1jmy a aktivitami. P\u0159esn\u00e9 p\u0159\u00ed\u010diny tohoto onemocn\u011bn\u00ed nejsou dosud zn\u00e1my, ale v\u011bdci se domn\u00edvaj\u00ed, \u017ee hraje roli kombinace genetick\u00fdch a environment\u00e1ln\u00edch faktor\u016f.<\/p>\n<p>V\u00fdzkumy ukazuj\u00ed, \u017ee d\u011bdi\u010dnost m\u016f\u017ee hr\u00e1t v\u00fdznamnou roli v rozvoji autismu. Studie na jednovaje\u010dn\u00fdch dvoj\u010datech, kte\u0159\u00ed maj\u00ed stejn\u00fd genetick\u00fd materi\u00e1l, uk\u00e1zaly, \u017ee pokud m\u00e1 jeden z nich autismus, pravd\u011bpodobnost, \u017ee bude m\u00edt autismus i druh\u00fd, je velmi vysok\u00e1. Nicm\u00e9n\u011b, i kdy\u017e jsou genetick\u00e9 faktory d\u016fle\u017eit\u00e9, nen\u00ed autismus zp\u016fsoben jedin\u00fdm genem, ale sp\u00ed\u0161e kombinac\u00ed v\u00edce gen\u016f.<\/p>\n<p>V posledn\u00edch letech se tak\u00e9 zkoumaj\u00ed mo\u017en\u00e9 vlivy environment.<\/p>\n<\/div>\n<div class=\"topic\">\n<p>\u010cesk\u00e1 kuchyn\u011b je jednou z nejstar\u0161\u00edch a nejbohat\u0161\u00edch kuchyn\u00ed v Evrop\u011b. Jej\u00ed ko\u0159eny sahaj\u00ed a\u017e do 9. stolet\u00ed, kdy se za\u010daly formovat prvn\u00ed tradi\u010dn\u00ed pokrmy. \u010cesk\u00e1 kuchyn\u011b je ovlivn\u011bna p\u0159edev\u0161\u00edm st\u0159edoevropskou kuchyn\u00ed, ale najdeme v n\u00ed i prvky z n\u011bmeck\u00e9, rakousk\u00e9, ma\u010farsk\u00e9 a \u017eidovsk\u00e9 kuchyn\u011b.<\/p>\n<p>Hlavn\u00edmi surovinami \u010desk\u00e9 kuchyn\u011b jsou brambory, maso, zelenina, ml\u00e9\u010dn\u00e9 v\u00fdrobky a obiloviny. V\u011bt\u0161ina pokrm\u016f je pom\u011brn\u011b jednoduch\u00e1, ale velmi chutn\u00e1 a s vysokou v\u00fd\u017eivovou hodnotou. Mezi nejzn\u00e1m\u011bj\u0161\u00ed \u010desk\u00e9 speciality pat\u0159\u00ed vep\u0159ov\u00e1 pe\u010den\u011b s knedl\u00edky, gul\u00e1\u0161, sv\u00ed\u010dkov\u00e1 na smetan\u011b, brambor\u00e1ky, sma\u017een\u00fd s\u00fdr a tradi\u010dn\u00ed \u010desk<\/p>\n<\/div>\n<div class=\"topic\">\n<h2>Jak\u00e9 jsou mo\u017enosti l\u00e9\u010dby autismu?<\/h2>\n<p>Autismus je neurov\u00fdvojov\u00e1 porucha, kter\u00e1 ovliv\u0148uje komunikaci a soci\u00e1ln\u00ed interakci jedince. Tato porucha se projevuje ji\u017e v ran\u00e9m d\u011btstv\u00ed a m\u016f\u017ee m\u00edt r\u016fzn\u00e9 formy a z\u00e1va\u017enosti. L\u00e9\u010dba autismu je slo\u017eit\u00fd proces, kter\u00fd zahrnuje r\u016fzn\u00e9 terapie a p\u0159\u00edstupy. V tomto \u010dl\u00e1nku se pod\u00edv\u00e1me na t\u0159i hlavn\u00ed mo\u017enosti l\u00e9\u010dby autismu.<\/p>\n<p>1. Behavior\u00e1ln\u00ed terapie<\/p>\n<p>Behavior\u00e1ln\u00ed terapie je jednou z nej\u010dast\u011bji pou\u017e\u00edvan\u00fdch metod l\u00e9\u010dby autismu. Tato terapie se zam\u011b\u0159uje na zm\u011bnu ne\u017e\u00e1douc\u00edho chov\u00e1n\u00ed a posilov\u00e1n\u00ed pozitivn\u00edho chov\u00e1n\u00ed. Behavior\u00e1ln\u00ed terapie se skl\u00e1d\u00e1 z n\u011bkolika r\u016fzn\u00fdch p\u0159\u00edstup\u016f, jako je aplikovan\u00e1 behavior\u00e1ln\u00ed anal\u00fdza (ABA), pozitivn\u00ed behavior\u00e1ln\u00ed podpora (PBS) a strukturovan\u00e1 v\u00fduka. Tyto terapie se zam\u011b\u0159uj\u00ed na u\u010den\u00ed d\u00edt\u011bte nov\u00fdch dovednost\u00ed a zlep<\/p>\n<\/div>\n<div class=\"topic\">\n<h2>Autismus nen\u00ed l\u00e9\u010diteln\u00fd, ale existuj<\/h2>\n<p>Autismus je neurov\u00fdvojov\u00e1 porucha, kter\u00e1 ovliv\u0148uje komunikaci a soci\u00e1ln\u00ed interakci jedince. Tato porucha se projevuje ji\u017e v ran\u00e9m d\u011btstv\u00ed a trv\u00e1 cel\u00fd \u017eivot. Jedn\u00e1 se o poruchu, kter\u00e1 nen\u00ed l\u00e9\u010diteln\u00e1, ale existuje a ovliv\u0148uje \u017eivoty mnoha lid\u00ed po cel\u00e9m sv\u011bt\u011b.<\/p>\n<p>Autismus se projevuje r\u016fzn\u00fdmi zp\u016fsoby a ka\u017ed\u00fd jedinec s touto poruchou m\u00e1 sv\u00e9 vlastn\u00ed specifick\u00e9 pot\u0159eby a schopnosti. Mezi nej\u010dast\u011bj\u0161\u00ed p\u0159\u00edznaky autismu pat\u0159\u00ed probl\u00e9my s komunikac\u00ed a soci\u00e1ln\u00ed interakc\u00ed, opakuj\u00edc\u00ed se chov\u00e1n\u00ed a omezen\u00e9 z\u00e1jmy. N\u011bkte\u0159\u00ed jedinci s autismem mohou m\u00edt tak\u00e9 probl\u00e9my s motorikou a vn\u00edm\u00e1n\u00edm senzorick\u00fdch podn\u011bt\u016f.<\/p>\n<p>Je d\u016fle\u017eit\u00e9 si uv\u011bdomit, \u017ee autismus nen\u00ed nemoc, ale porucha, kter\u00e1 ovliv\u0148uje fungov\u00e1n\u00ed mozku.<\/p>\n<\/div>\n<\/div>\n","protected":false},"excerpt":{"rendered":"<p>Co je autismus a jak\u00e9 jsou jeho p\u0159\u00edznaky? Autismus je neurov\u00fdvojov\u00e1 porucha, kter\u00e1 ovliv\u0148uje komunikaci a soci\u00e1ln\u00ed interakci jedince. Tato porucha se projevuje ji\u017e v&#8230;<\/p>\n","protected":false},"author":1,"featured_media":0,"comment_status":"closed","ping_status":"open","sticky":false,"template":"","format":"standard","meta":{"inline_featured_image":false},"categories":[849],"tags":[],"yoast_head":"<!-- This site is optimized with the Yoast SEO plugin v18.1 - https:\/\/yoast.com\/wordpress\/plugins\/seo\/ -->\n<title>Dotazn\u00edk autismus - Test Mysli<\/title>\n<meta name=\"robots\" content=\"index, follow, max-snippet:-1, max-image-preview:large, max-video-preview:-1\" \/>\n<link rel=\"canonical\" href=\"https:\/\/www.diagnostika-mysli.cz\/blog\/autismus\/dotaznik-autismus\/\" \/>\n<meta property=\"og:locale\" content=\"cs_CZ\" \/>\n<meta property=\"og:type\" content=\"article\" \/>\n<meta property=\"og:title\" content=\"Dotazn\u00edk autismus - Test Mysli\" \/>\n<meta property=\"og:description\" content=\"Co je autismus a jak\u00e9 jsou jeho p\u0159\u00edznaky? Autismus je neurov\u00fdvojov\u00e1 porucha, kter\u00e1 ovliv\u0148uje komunikaci a soci\u00e1ln\u00ed interakci jedince. Tato porucha se projevuje ji\u017e v...\" \/>\n<meta property=\"og:url\" content=\"https:\/\/www.diagnostika-mysli.cz\/blog\/autismus\/dotaznik-autismus\/\" \/>\n<meta property=\"og:site_name\" content=\"Test Mysli\" \/>\n<meta property=\"article:published_time\" content=\"2025-03-13T03:25:36+00:00\" \/>\n<meta property=\"article:modified_time\" content=\"2025-03-13T09:05:37+00:00\" \/>\n<meta name=\"twitter:card\" content=\"summary_large_image\" \/>\n<meta name=\"twitter:label1\" content=\"Napsal(a)\" \/>\n\t<meta name=\"twitter:data1\" content=\"Test Mysli\" \/>\n\t<meta name=\"twitter:label2\" content=\"Odhadovan\u00e1 doba \u010dten\u00ed\" \/>\n\t<meta name=\"twitter:data2\" content=\"5 minut\" \/>\n<script type=\"application\/ld+json\" class=\"yoast-schema-graph\">{\"@context\":\"https:\/\/schema.org\",\"@graph\":[{\"@type\":\"WebSite\",\"@id\":\"https:\/\/www.diagnostika-mysli.cz\/blog\/#website\",\"url\":\"https:\/\/www.diagnostika-mysli.cz\/blog\/\",\"name\":\"Test Mysli\",\"description\":\"Blog o poruch\u00e1ch mysli\",\"potentialAction\":[{\"@type\":\"SearchAction\",\"target\":{\"@type\":\"EntryPoint\",\"urlTemplate\":\"https:\/\/www.diagnostika-mysli.cz\/blog\/?s={search_term_string}\"},\"query-input\":\"required name=search_term_string\"}],\"inLanguage\":\"cs\"},{\"@type\":\"WebPage\",\"@id\":\"https:\/\/www.diagnostika-mysli.cz\/blog\/autismus\/dotaznik-autismus\/#webpage\",\"url\":\"https:\/\/www.diagnostika-mysli.cz\/blog\/autismus\/dotaznik-autismus\/\",\"name\":\"Dotazn\u00edk autismus - Test Mysli\",\"isPartOf\":{\"@id\":\"https:\/\/www.diagnostika-mysli.cz\/blog\/#website\"},\"datePublished\":\"2025-03-13T03:25:36+00:00\",\"dateModified\":\"2025-03-13T09:05:37+00:00\",\"author\":{\"@id\":\"https:\/\/www.diagnostika-mysli.cz\/blog\/#\/schema\/person\/8eb1bcaf59fea75c780c11946f4e3490\"},\"breadcrumb\":{\"@id\":\"https:\/\/www.diagnostika-mysli.cz\/blog\/autismus\/dotaznik-autismus\/#breadcrumb\"},\"inLanguage\":\"cs\",\"potentialAction\":[{\"@type\":\"ReadAction\",\"target\":[\"https:\/\/www.diagnostika-mysli.cz\/blog\/autismus\/dotaznik-autismus\/\"]}]},{\"@type\":\"BreadcrumbList\",\"@id\":\"https:\/\/www.diagnostika-mysli.cz\/blog\/autismus\/dotaznik-autismus\/#breadcrumb\",\"itemListElement\":[{\"@type\":\"ListItem\",\"position\":1,\"name\":\"Blog\",\"item\":\"https:\/\/www.diagnostika-mysli.cz\/blog\/\"},{\"@type\":\"ListItem\",\"position\":2,\"name\":\"Autismus\",\"item\":\"https:\/\/www.diagnostika-mysli.cz\/blog\/autismus\/\"},{\"@type\":\"ListItem\",\"position\":3,\"name\":\"Dotazn\u00edk autismus\"}]},{\"@type\":\"Person\",\"@id\":\"https:\/\/www.diagnostika-mysli.cz\/blog\/#\/schema\/person\/8eb1bcaf59fea75c780c11946f4e3490\",\"name\":\"Test Mysli\",\"image\":{\"@type\":\"ImageObject\",\"@id\":\"https:\/\/www.diagnostika-mysli.cz\/blog\/#personlogo\",\"inLanguage\":\"cs\",\"url\":\"https:\/\/secure.gravatar.com\/avatar\/6743211f010801ea26aa9423a2daab37?s=96&d=mm&r=g\",\"contentUrl\":\"https:\/\/secure.gravatar.com\/avatar\/6743211f010801ea26aa9423a2daab37?s=96&d=mm&r=g\",\"caption\":\"Test Mysli\"},\"sameAs\":[\"https:\/\/www.diagnostika-mysli.cz\/blog\"],\"url\":\"https:\/\/www.diagnostika-mysli.cz\/blog\/author\/diagnostyka-umyslu\/\"}]}<\/script>\n<!-- \/ Yoast SEO plugin. -->","yoast_head_json":{"title":"Dotazn\u00edk autismus - Test Mysli","robots":{"index":"index","follow":"follow","max-snippet":"max-snippet:-1","max-image-preview":"max-image-preview:large","max-video-preview":"max-video-preview:-1"},"canonical":"https:\/\/www.diagnostika-mysli.cz\/blog\/autismus\/dotaznik-autismus\/","og_locale":"cs_CZ","og_type":"article","og_title":"Dotazn\u00edk autismus - Test Mysli","og_description":"Co je autismus a jak\u00e9 jsou jeho p\u0159\u00edznaky? Autismus je neurov\u00fdvojov\u00e1 porucha, kter\u00e1 ovliv\u0148uje komunikaci a soci\u00e1ln\u00ed interakci jedince. Tato porucha se projevuje ji\u017e v...","og_url":"https:\/\/www.diagnostika-mysli.cz\/blog\/autismus\/dotaznik-autismus\/","og_site_name":"Test Mysli","article_published_time":"2025-03-13T03:25:36+00:00","article_modified_time":"2025-03-13T09:05:37+00:00","twitter_card":"summary_large_image","twitter_misc":{"Napsal(a)":"Test Mysli","Odhadovan\u00e1 doba \u010dten\u00ed":"5 minut"},"schema":{"@context":"https:\/\/schema.org","@graph":[{"@type":"WebSite","@id":"https:\/\/www.diagnostika-mysli.cz\/blog\/#website","url":"https:\/\/www.diagnostika-mysli.cz\/blog\/","name":"Test Mysli","description":"Blog o poruch\u00e1ch mysli","potentialAction":[{"@type":"SearchAction","target":{"@type":"EntryPoint","urlTemplate":"https:\/\/www.diagnostika-mysli.cz\/blog\/?s={search_term_string}"},"query-input":"required name=search_term_string"}],"inLanguage":"cs"},{"@type":"WebPage","@id":"https:\/\/www.diagnostika-mysli.cz\/blog\/autismus\/dotaznik-autismus\/#webpage","url":"https:\/\/www.diagnostika-mysli.cz\/blog\/autismus\/dotaznik-autismus\/","name":"Dotazn\u00edk autismus - Test Mysli","isPartOf":{"@id":"https:\/\/www.diagnostika-mysli.cz\/blog\/#website"},"datePublished":"2025-03-13T03:25:36+00:00","dateModified":"2025-03-13T09:05:37+00:00","author":{"@id":"https:\/\/www.diagnostika-mysli.cz\/blog\/#\/schema\/person\/8eb1bcaf59fea75c780c11946f4e3490"},"breadcrumb":{"@id":"https:\/\/www.diagnostika-mysli.cz\/blog\/autismus\/dotaznik-autismus\/#breadcrumb"},"inLanguage":"cs","potentialAction":[{"@type":"ReadAction","target":["https:\/\/www.diagnostika-mysli.cz\/blog\/autismus\/dotaznik-autismus\/"]}]},{"@type":"BreadcrumbList","@id":"https:\/\/www.diagnostika-mysli.cz\/blog\/autismus\/dotaznik-autismus\/#breadcrumb","itemListElement":[{"@type":"ListItem","position":1,"name":"Blog","item":"https:\/\/www.diagnostika-mysli.cz\/blog\/"},{"@type":"ListItem","position":2,"name":"Autismus","item":"https:\/\/www.diagnostika-mysli.cz\/blog\/autismus\/"},{"@type":"ListItem","position":3,"name":"Dotazn\u00edk autismus"}]},{"@type":"Person","@id":"https:\/\/www.diagnostika-mysli.cz\/blog\/#\/schema\/person\/8eb1bcaf59fea75c780c11946f4e3490","name":"Test Mysli","image":{"@type":"ImageObject","@id":"https:\/\/www.diagnostika-mysli.cz\/blog\/#personlogo","inLanguage":"cs","url":"https:\/\/secure.gravatar.com\/avatar\/6743211f010801ea26aa9423a2daab37?s=96&d=mm&r=g","contentUrl":"https:\/\/secure.gravatar.com\/avatar\/6743211f010801ea26aa9423a2daab37?s=96&d=mm&r=g","caption":"Test Mysli"},"sameAs":["https:\/\/www.diagnostika-mysli.cz\/blog"],"url":"https:\/\/www.diagnostika-mysli.cz\/blog\/author\/diagnostyka-umyslu\/"}]}},"amp_enabled":true,"_links":{"self":[{"href":"https:\/\/www.diagnostika-mysli.cz\/blog\/wp-json\/wp\/v2\/posts\/3128"}],"collection":[{"href":"https:\/\/www.diagnostika-mysli.cz\/blog\/wp-json\/wp\/v2\/posts"}],"about":[{"href":"https:\/\/www.diagnostika-mysli.cz\/blog\/wp-json\/wp\/v2\/types\/post"}],"author":[{"embeddable":true,"href":"https:\/\/www.diagnostika-mysli.cz\/blog\/wp-json\/wp\/v2\/users\/1"}],"replies":[{"embeddable":true,"href":"https:\/\/www.diagnostika-mysli.cz\/blog\/wp-json\/wp\/v2\/comments?post=3128"}],"version-history":[{"count":1,"href":"https:\/\/www.diagnostika-mysli.cz\/blog\/wp-json\/wp\/v2\/posts\/3128\/revisions"}],"predecessor-version":[{"id":3130,"href":"https:\/\/www.diagnostika-mysli.cz\/blog\/wp-json\/wp\/v2\/posts\/3128\/revisions\/3130"}],"wp:attachment":[{"href":"https:\/\/www.diagnostika-mysli.cz\/blog\/wp-json\/wp\/v2\/media?parent=3128"}],"wp:term":[{"taxonomy":"category","embeddable":true,"href":"https:\/\/www.diagnostika-mysli.cz\/blog\/wp-json\/wp\/v2\/categories?post=3128"},{"taxonomy":"post_tag","embeddable":true,"href":"https:\/\/www.diagnostika-mysli.cz\/blog\/wp-json\/wp\/v2\/tags?post=3128"}],"curies":[{"name":"wp","href":"https:\/\/api.w.org\/{rel}","templated":true}]}}