{"id":3154,"date":"2025-03-15T03:05:24","date_gmt":"2025-03-15T02:05:24","guid":{"rendered":"https:\/\/www.diagnostika-mysli.cz\/blog\/adhd\/hyperaktivita\/"},"modified":"2025-03-15T03:05:24","modified_gmt":"2025-03-15T02:05:24","slug":"hyperaktivita","status":"publish","type":"post","link":"https:\/\/www.diagnostika-mysli.cz\/blog\/adhd\/hyperaktivita\/","title":{"rendered":"Hyperaktivita"},"content":{"rendered":"<div class='topics'>\n<div class='topic'>\n<h2>Co je hyperaktivita a jak se projevuje u d\u011bt\u00ed?<\/h2>\n<p>Hyperaktivita je stav, kter\u00fd se projevuje nadm\u011brnou aktivitou a neklidem u d\u011bt\u00ed. Tento stav m\u016f\u017ee b\u00fdt zp\u016fsoben r\u016fzn\u00fdmi faktory, jako jsou genetick\u00e9 predispozice, prost\u0159ed\u00ed, v\u00fdchova nebo zdravotn\u00ed probl\u00e9my.<\/p>\n<p>U d\u011bt\u00ed s hyperaktivitou je pozorov\u00e1no nadm\u011brn\u00e9 mno\u017estv\u00ed energie, kter\u00e9 se projevuje neust\u00e1l\u00fdm pohybem a neschopnost\u00ed sed\u011bt na jednom m\u00edst\u011b. Tyto d\u011bti jsou \u010dasto velmi rozt\u011bkan\u00e9 a nedok\u00e1\u017eou se soust\u0159edit na jednu \u010dinnost. Maj\u00ed tendenci p\u0159eskakovat z jedn\u00e9 \u010dinnosti na druhou, ani\u017e by ji dokon\u010dili. D\u00e1le mohou b\u00fdt velmi hlu\u010dn\u00e9 a \u010dasto p\u0159eru\u0161uj\u00ed ostatn\u00ed v jejich \u010dinnostech.<\/p>\n<p>Dal\u0161\u00edm projevem hyperaktivity u d\u011bt\u00ed m\u016f\u017ee b\u00fdt impulsivn\u00ed chov\u00e1n\u00ed. Tyto d\u011bti maj\u00ed probl\u00e9m s ovl\u00e1d\u00e1n\u00edm sv\u00fdch emoc\u00ed a \u010dasto jednaj\u00ed bez p\u0159em<\/p>\n<\/div>\n<div class='topic'>\n<h2>Hyperaktivita je porucha chov\u00e1n\u00ed, kter\u00e1 se projevuje nadm\u011brnou aktivitou, nedostatkem pozornosti a impulzivn\u00edm chov\u00e1n\u00edm. U d\u011bt\u00ed se m\u016f\u017ee projevovat nap\u0159\u00edklad neust\u00e1l\u00fdm pob\u00edh\u00e1n\u00edm, nesoust\u0159ed\u011bnost\u00ed, obt\u00ed\u017eemi s dodr\u017eov\u00e1n\u00edm pravidel a n\u00e1hl\u00fdmi v\u00fdbuchy vzteku. Tato porucha m\u016f\u017ee m\u00edt negativn\u00ed dopad na \u0161koln\u00ed v\u00fdkon a soci\u00e1ln\u00ed interakce d\u00edt\u011bte.<\/h2>\n<p>Hyperaktivita je porucha chov\u00e1n\u00ed, kter\u00e1 se projevuje nadm\u011brnou aktivitou, nedostatkem pozornosti a impulzivn\u00edm chov\u00e1n\u00edm. Tato porucha m\u016f\u017ee ovlivnit d\u011bti v r\u016fzn\u00fdch v\u011bkov\u00fdch skupin\u00e1ch, ale nej\u010dast\u011bji se projevuje u d\u011bt\u00ed ve v\u011bku od 6 do 12 let. Je to jedna z nej\u010dast\u011bj\u0161\u00edch poruch chov\u00e1n\u00ed u d\u011bt\u00ed a m\u016f\u017ee m\u00edt negativn\u00ed dopad na \u0161koln\u00ed v\u00fdkon a soci\u00e1ln\u00ed interakce d\u00edt\u011bte.<\/p>\n<p>Nadm\u011brn\u00e1 aktivita je jedn\u00edm z hlavn\u00edch p\u0159\u00edznak\u016f hyperaktivity. D\u011bti s touto poruchou maj\u00ed tendenci neust\u00e1le pob\u00edhat, b\u00fdt neklidn\u00e9 a m\u00edt pot\u0159ebu neust\u00e1le se pohybovat. Mohou se zd\u00e1t jako &#8220;neposedn\u00e9&#8221; a maj\u00ed probl\u00e9my s udr\u017een\u00edm klidu na m\u00edst\u011b, jako je nap\u0159\u00edklad v hodin\u011b ve \u0161kole. Toto nadm\u011brn\u00e9 pob\u00edh\u00e1n\u00ed m\u016f\u017ee b\u00fdt pro d\u00edt\u011b frustruj\u00edc\u00ed, proto<\/p>\n<\/div>\n<div class='topic'>\n<h2><\/h2>\n<p>\u010cesk\u00e1 kuchyn\u011b je jednou z nejstar\u0161\u00edch a nejbohat\u0161\u00edch kuchyn\u00ed v Evrop\u011b. Jej\u00ed ko\u0159eny sahaj\u00ed a\u017e do 9. stolet\u00ed, kdy se za\u010daly formovat prvn\u00ed tradi\u010dn\u00ed pokrmy. \u010cesk\u00e1 kuchyn\u011b je ovlivn\u011bna p\u0159edev\u0161\u00edm st\u0159edoevropskou kuchyn\u00ed, ale najdeme v n\u00ed i prvky z n\u011bmeck\u00e9, rakousk\u00e9, ma\u010farsk\u00e9 a \u017eidovsk\u00e9 kuchyn\u011b.<\/p>\n<p>Hlavn\u00edmi surovinami \u010desk\u00e9 kuchyn\u011b jsou brambory, maso, zelenina, ml\u00e9\u010dn\u00e9 v\u00fdrobky a obiloviny. V\u011bt\u0161ina pokrm\u016f je pom\u011brn\u011b jednoduch\u00e1, ale velmi chutn\u00e1 a s vysokou v\u00fd\u017eivovou hodnotou. Mezi nejzn\u00e1m\u011bj\u0161\u00ed \u010desk\u00e9 speciality pat\u0159\u00ed vep\u0159ov\u00e1 pe\u010den\u011b s knedl\u00edky, gul\u00e1\u0161, sv\u00ed\u010dkov\u00e1 na smetan\u011b, brambor\u00e1ky, sma\u017een\u00fd s\u00fdr a tradi\u010dn\u00ed \u010desk<\/p>\n<\/div>\n<div class='topic'>\n<h2>Jak\u00e9 jsou p\u0159\u00ed\u010diny hyperaktivity u d\u011bt\u00ed?<\/h2>\n<p>Hyperaktivita u d\u011bt\u00ed je \u010dast\u00fdm jevem, kter\u00fd m\u016f\u017ee b\u00fdt zdrojem obav pro rodi\u010de, u\u010ditele a dal\u0161\u00ed dosp\u011bl\u00e9 osoby, kte\u0159\u00ed se staraj\u00ed o d\u011bti. Tento stav se projevuje nadm\u011brnou aktivitou, neschopnost\u00ed soust\u0159edit se a impulzivn\u00edm chov\u00e1n\u00edm. V dne\u0161n\u00ed dob\u011b se st\u00e1le v\u00edce d\u011bt\u00ed pot\u00fdk\u00e1 s t\u00edmto probl\u00e9mem a je d\u016fle\u017eit\u00e9 pochopit, jak\u00e9 jsou jeho p\u0159\u00ed\u010diny.<\/p>\n<p>Existuje mnoho faktor\u016f, kter\u00e9 mohou p\u0159isp\u011bt k v\u00fdvoji hyperaktivity u d\u011bt\u00ed. Jedn\u00edm z nich m\u016f\u017ee b\u00fdt genetick\u00e1 predispozice. V\u011bdeck\u00e9 studie ukazuj\u00ed, \u017ee d\u011bti, jejich\u017e rodi\u010de trp\u00ed hyperaktivitou, maj\u00ed vy\u0161\u0161\u00ed pravd\u011bpodobnost, \u017ee budou m\u00edt tento probl\u00e9m tak\u00e9. To v\u0161ak neznamen\u00e1, \u017ee ka\u017ed\u00e9 d\u00edt\u011b s rodinnou histori\u00ed hyperaktivity bude m\u00edt tento stav. Genetick\u00e1 predis<\/p>\n<\/div>\n<div class='topic'>\n<h2>P\u0159esn\u00e9 p\u0159\u00ed\u010diny hyperaktivity nejsou zn\u00e1my, ale v\u011bdci se domn\u00edvaj\u00ed, \u017ee m\u016f\u017ee b\u00fdt zp\u016fsobena kombinac\u00ed genetick\u00fdch, biologick\u00fdch a environment\u00e1ln\u00edch faktor\u016f. D\u011bti s hyperaktivitou mohou m\u00edt nap\u0159\u00edklad poruchu v mozku, kter\u00e1 ovliv\u0148uje jejich schopnost regulovat pozornost a chov\u00e1n\u00ed. D\u016f<\/h2>\n<p>Hyperaktivita je porucha, kter\u00e1 se projevuje nadm\u011brnou aktivitou, impulsivitou a neschopnost\u00ed udr\u017eet pozornost na jednom m\u00edst\u011b. Tato porucha se nej\u010dast\u011bji vyskytuje u d\u011bt\u00ed, ale m\u016f\u017ee se projevovat i u dosp\u011bl\u00fdch. P\u0159esn\u00e9 p\u0159\u00ed\u010diny hyperaktivity nejsou zn\u00e1my, ale v\u011bdci se domn\u00edvaj\u00ed, \u017ee m\u016f\u017ee b\u00fdt zp\u016fsobena kombinac\u00ed genetick\u00fdch, biologick\u00fdch a environment\u00e1ln\u00edch faktor\u016f.<\/p>\n<p>Genetick\u00e9 faktory hraj\u00ed v\u00fdznamnou roli v rozvoji hyperaktivity. Studie ukazuj\u00ed, \u017ee d\u011bti, jejich\u017e rodi\u010de trp\u00ed hyperaktivitou, maj\u00ed v\u011bt\u0161\u00ed pravd\u011bpodobnost, \u017ee budou m\u00edt tuto poruchu tak\u00e9. To nazna\u010duje, \u017ee genetick\u00e9 predispozice mohou hr\u00e1t d\u016fle\u017eitou roli v rozvoji hyperaktivity.<\/p>\n<p>Biologick\u00e9 faktory, jako je nap\u0159\u00edklad porucha v mozku, mohou tak\u00e9 hr\u00e1t roli v rozvoji hype<\/p>\n<\/div>\n<\/div>\n","protected":false},"excerpt":{"rendered":"<p>Co je hyperaktivita a jak se projevuje u d\u011bt\u00ed? Hyperaktivita je stav, kter\u00fd se projevuje nadm\u011brnou aktivitou a neklidem u d\u011bt\u00ed. Tento stav m\u016f\u017ee b\u00fdt&#8230;<\/p>\n","protected":false},"author":1,"featured_media":0,"comment_status":"","ping_status":"open","sticky":false,"template":"","format":"standard","meta":{"inline_featured_image":false},"categories":[780],"tags":[],"yoast_head":"<!-- This site is optimized with the Yoast SEO plugin v18.1 - https:\/\/yoast.com\/wordpress\/plugins\/seo\/ -->\n<title>Hyperaktivita - Test Mysli<\/title>\n<meta name=\"robots\" content=\"index, follow, max-snippet:-1, max-image-preview:large, max-video-preview:-1\" \/>\n<link rel=\"canonical\" href=\"https:\/\/www.diagnostika-mysli.cz\/blog\/adhd\/hyperaktivita\/\" \/>\n<meta property=\"og:locale\" content=\"cs_CZ\" \/>\n<meta property=\"og:type\" content=\"article\" \/>\n<meta property=\"og:title\" content=\"Hyperaktivita - Test Mysli\" \/>\n<meta property=\"og:description\" content=\"Co je hyperaktivita a jak se projevuje u d\u011bt\u00ed? Hyperaktivita je stav, kter\u00fd se projevuje nadm\u011brnou aktivitou a neklidem u d\u011bt\u00ed. Tento stav m\u016f\u017ee b\u00fdt...\" \/>\n<meta property=\"og:url\" content=\"https:\/\/www.diagnostika-mysli.cz\/blog\/adhd\/hyperaktivita\/\" \/>\n<meta property=\"og:site_name\" content=\"Test Mysli\" \/>\n<meta property=\"article:published_time\" content=\"2025-03-15T02:05:24+00:00\" \/>\n<meta name=\"twitter:card\" content=\"summary_large_image\" \/>\n<meta name=\"twitter:label1\" content=\"Napsal(a)\" \/>\n\t<meta name=\"twitter:data1\" content=\"Test Mysli\" \/>\n\t<meta name=\"twitter:label2\" content=\"Odhadovan\u00e1 doba \u010dten\u00ed\" \/>\n\t<meta name=\"twitter:data2\" content=\"4 minuty\" \/>\n<script type=\"application\/ld+json\" class=\"yoast-schema-graph\">{\"@context\":\"https:\/\/schema.org\",\"@graph\":[{\"@type\":\"WebSite\",\"@id\":\"https:\/\/www.diagnostika-mysli.cz\/blog\/#website\",\"url\":\"https:\/\/www.diagnostika-mysli.cz\/blog\/\",\"name\":\"Test Mysli\",\"description\":\"Blog o poruch\u00e1ch mysli\",\"potentialAction\":[{\"@type\":\"SearchAction\",\"target\":{\"@type\":\"EntryPoint\",\"urlTemplate\":\"https:\/\/www.diagnostika-mysli.cz\/blog\/?s={search_term_string}\"},\"query-input\":\"required name=search_term_string\"}],\"inLanguage\":\"cs\"},{\"@type\":\"WebPage\",\"@id\":\"https:\/\/www.diagnostika-mysli.cz\/blog\/adhd\/hyperaktivita\/#webpage\",\"url\":\"https:\/\/www.diagnostika-mysli.cz\/blog\/adhd\/hyperaktivita\/\",\"name\":\"Hyperaktivita - Test Mysli\",\"isPartOf\":{\"@id\":\"https:\/\/www.diagnostika-mysli.cz\/blog\/#website\"},\"datePublished\":\"2025-03-15T02:05:24+00:00\",\"dateModified\":\"2025-03-15T02:05:24+00:00\",\"author\":{\"@id\":\"https:\/\/www.diagnostika-mysli.cz\/blog\/#\/schema\/person\/8eb1bcaf59fea75c780c11946f4e3490\"},\"breadcrumb\":{\"@id\":\"https:\/\/www.diagnostika-mysli.cz\/blog\/adhd\/hyperaktivita\/#breadcrumb\"},\"inLanguage\":\"cs\",\"potentialAction\":[{\"@type\":\"ReadAction\",\"target\":[\"https:\/\/www.diagnostika-mysli.cz\/blog\/adhd\/hyperaktivita\/\"]}]},{\"@type\":\"BreadcrumbList\",\"@id\":\"https:\/\/www.diagnostika-mysli.cz\/blog\/adhd\/hyperaktivita\/#breadcrumb\",\"itemListElement\":[{\"@type\":\"ListItem\",\"position\":1,\"name\":\"Blog\",\"item\":\"https:\/\/www.diagnostika-mysli.cz\/blog\/\"},{\"@type\":\"ListItem\",\"position\":2,\"name\":\"ADHD\",\"item\":\"https:\/\/www.diagnostika-mysli.cz\/blog\/adhd\/\"},{\"@type\":\"ListItem\",\"position\":3,\"name\":\"Hyperaktivita\"}]},{\"@type\":\"Person\",\"@id\":\"https:\/\/www.diagnostika-mysli.cz\/blog\/#\/schema\/person\/8eb1bcaf59fea75c780c11946f4e3490\",\"name\":\"Test Mysli\",\"image\":{\"@type\":\"ImageObject\",\"@id\":\"https:\/\/www.diagnostika-mysli.cz\/blog\/#personlogo\",\"inLanguage\":\"cs\",\"url\":\"https:\/\/secure.gravatar.com\/avatar\/6743211f010801ea26aa9423a2daab37?s=96&d=mm&r=g\",\"contentUrl\":\"https:\/\/secure.gravatar.com\/avatar\/6743211f010801ea26aa9423a2daab37?s=96&d=mm&r=g\",\"caption\":\"Test Mysli\"},\"sameAs\":[\"https:\/\/www.diagnostika-mysli.cz\/blog\"],\"url\":\"https:\/\/www.diagnostika-mysli.cz\/blog\/author\/diagnostyka-umyslu\/\"}]}<\/script>\n<!-- \/ Yoast SEO plugin. -->","yoast_head_json":{"title":"Hyperaktivita - Test Mysli","robots":{"index":"index","follow":"follow","max-snippet":"max-snippet:-1","max-image-preview":"max-image-preview:large","max-video-preview":"max-video-preview:-1"},"canonical":"https:\/\/www.diagnostika-mysli.cz\/blog\/adhd\/hyperaktivita\/","og_locale":"cs_CZ","og_type":"article","og_title":"Hyperaktivita - Test Mysli","og_description":"Co je hyperaktivita a jak se projevuje u d\u011bt\u00ed? Hyperaktivita je stav, kter\u00fd se projevuje nadm\u011brnou aktivitou a neklidem u d\u011bt\u00ed. Tento stav m\u016f\u017ee b\u00fdt...","og_url":"https:\/\/www.diagnostika-mysli.cz\/blog\/adhd\/hyperaktivita\/","og_site_name":"Test Mysli","article_published_time":"2025-03-15T02:05:24+00:00","twitter_card":"summary_large_image","twitter_misc":{"Napsal(a)":"Test Mysli","Odhadovan\u00e1 doba \u010dten\u00ed":"4 minuty"},"schema":{"@context":"https:\/\/schema.org","@graph":[{"@type":"WebSite","@id":"https:\/\/www.diagnostika-mysli.cz\/blog\/#website","url":"https:\/\/www.diagnostika-mysli.cz\/blog\/","name":"Test Mysli","description":"Blog o poruch\u00e1ch mysli","potentialAction":[{"@type":"SearchAction","target":{"@type":"EntryPoint","urlTemplate":"https:\/\/www.diagnostika-mysli.cz\/blog\/?s={search_term_string}"},"query-input":"required name=search_term_string"}],"inLanguage":"cs"},{"@type":"WebPage","@id":"https:\/\/www.diagnostika-mysli.cz\/blog\/adhd\/hyperaktivita\/#webpage","url":"https:\/\/www.diagnostika-mysli.cz\/blog\/adhd\/hyperaktivita\/","name":"Hyperaktivita - Test Mysli","isPartOf":{"@id":"https:\/\/www.diagnostika-mysli.cz\/blog\/#website"},"datePublished":"2025-03-15T02:05:24+00:00","dateModified":"2025-03-15T02:05:24+00:00","author":{"@id":"https:\/\/www.diagnostika-mysli.cz\/blog\/#\/schema\/person\/8eb1bcaf59fea75c780c11946f4e3490"},"breadcrumb":{"@id":"https:\/\/www.diagnostika-mysli.cz\/blog\/adhd\/hyperaktivita\/#breadcrumb"},"inLanguage":"cs","potentialAction":[{"@type":"ReadAction","target":["https:\/\/www.diagnostika-mysli.cz\/blog\/adhd\/hyperaktivita\/"]}]},{"@type":"BreadcrumbList","@id":"https:\/\/www.diagnostika-mysli.cz\/blog\/adhd\/hyperaktivita\/#breadcrumb","itemListElement":[{"@type":"ListItem","position":1,"name":"Blog","item":"https:\/\/www.diagnostika-mysli.cz\/blog\/"},{"@type":"ListItem","position":2,"name":"ADHD","item":"https:\/\/www.diagnostika-mysli.cz\/blog\/adhd\/"},{"@type":"ListItem","position":3,"name":"Hyperaktivita"}]},{"@type":"Person","@id":"https:\/\/www.diagnostika-mysli.cz\/blog\/#\/schema\/person\/8eb1bcaf59fea75c780c11946f4e3490","name":"Test Mysli","image":{"@type":"ImageObject","@id":"https:\/\/www.diagnostika-mysli.cz\/blog\/#personlogo","inLanguage":"cs","url":"https:\/\/secure.gravatar.com\/avatar\/6743211f010801ea26aa9423a2daab37?s=96&d=mm&r=g","contentUrl":"https:\/\/secure.gravatar.com\/avatar\/6743211f010801ea26aa9423a2daab37?s=96&d=mm&r=g","caption":"Test Mysli"},"sameAs":["https:\/\/www.diagnostika-mysli.cz\/blog"],"url":"https:\/\/www.diagnostika-mysli.cz\/blog\/author\/diagnostyka-umyslu\/"}]}},"amp_enabled":true,"_links":{"self":[{"href":"https:\/\/www.diagnostika-mysli.cz\/blog\/wp-json\/wp\/v2\/posts\/3154"}],"collection":[{"href":"https:\/\/www.diagnostika-mysli.cz\/blog\/wp-json\/wp\/v2\/posts"}],"about":[{"href":"https:\/\/www.diagnostika-mysli.cz\/blog\/wp-json\/wp\/v2\/types\/post"}],"author":[{"embeddable":true,"href":"https:\/\/www.diagnostika-mysli.cz\/blog\/wp-json\/wp\/v2\/users\/1"}],"replies":[{"embeddable":true,"href":"https:\/\/www.diagnostika-mysli.cz\/blog\/wp-json\/wp\/v2\/comments?post=3154"}],"version-history":[{"count":0,"href":"https:\/\/www.diagnostika-mysli.cz\/blog\/wp-json\/wp\/v2\/posts\/3154\/revisions"}],"wp:attachment":[{"href":"https:\/\/www.diagnostika-mysli.cz\/blog\/wp-json\/wp\/v2\/media?parent=3154"}],"wp:term":[{"taxonomy":"category","embeddable":true,"href":"https:\/\/www.diagnostika-mysli.cz\/blog\/wp-json\/wp\/v2\/categories?post=3154"},{"taxonomy":"post_tag","embeddable":true,"href":"https:\/\/www.diagnostika-mysli.cz\/blog\/wp-json\/wp\/v2\/tags?post=3154"}],"curies":[{"name":"wp","href":"https:\/\/api.w.org\/{rel}","templated":true}]}}