{"id":3167,"date":"2025-03-18T04:25:23","date_gmt":"2025-03-18T03:25:23","guid":{"rendered":"https:\/\/www.diagnostika-mysli.cz\/blog\/autismus\/porucha-autistickeho-spektra-projevy\/"},"modified":"2025-03-18T08:45:45","modified_gmt":"2025-03-18T07:45:45","slug":"porucha-autistickeho-spektra-projevy","status":"publish","type":"post","link":"https:\/\/www.diagnostika-mysli.cz\/blog\/autismus\/porucha-autistickeho-spektra-projevy\/","title":{"rendered":"Porucha autistick\u00e9ho spektra projevy"},"content":{"rendered":"<div class=\"topics\">\n<div class=\"topic\">\n<h2>Rozd\u00edly v projevech poruchy autistick\u00e9ho spektra u d\u011bt\u00ed a dosp\u011bl\u00fdch<\/h2>\n<p>Porucha autistick\u00e9ho spektra (PAS) je neurov\u00fdvojov\u00e1 porucha, kter\u00e1 ovliv\u0148uje soci\u00e1ln\u00ed interakci, komunikaci a chov\u00e1n\u00ed jedince. Tato porucha se projevuje ji\u017e od ran\u00e9ho d\u011btstv\u00ed a m\u016f\u017ee trvat po cel\u00fd \u017eivot. Nicm\u00e9n\u011b, projevy PAS se mohou li\u0161it u d\u011bt\u00ed a dosp\u011bl\u00fdch.<\/p>\n<p>U d\u011bt\u00ed je PAS obvykle diagnostikov\u00e1na kolem t\u0159et\u00edho roku v\u011bku, kdy se za\u010d\u00ednaj\u00ed projevovat prvn\u00ed p\u0159\u00edznaky. D\u011bti s PAS maj\u00ed \u010dasto probl\u00e9my s komunikac\u00ed a soci\u00e1ln\u00ed interakc\u00ed. Mohou m\u00edt omezen\u00e9 nebo opakuj\u00edc\u00ed se z\u00e1jmy a \u010dasto se vyh\u00fdbaj\u00ed o\u010dn\u00edmu kontaktu. D\u00e1le mohou m\u00edt probl\u00e9my s porozum\u011bn\u00edm emoc\u00ed a s vyjad\u0159ov\u00e1n\u00edm sv\u00fdch vlastn\u00edch emoc\u00ed. U d\u011bt\u00ed s PAS je tak\u00e9 \u010dasto pozorov\u00e1na opo\u017ed\u011bn\u00e1 \u0159e\u010dov\u00e1 schopnost a opakuj\u00edc\u00ed.<\/p>\n<\/div>\n<div class=\"topic\">\n<p>\u010cesk\u00e1 kuchyn\u011b je jednou z nejstar\u0161\u00edch a nejbohat\u0161\u00edch kuchyn\u00ed v Evrop\u011b. Jej\u00ed ko\u0159eny sahaj\u00ed a\u017e do 9. stolet\u00ed, kdy se za\u010daly formovat prvn\u00ed tradi\u010dn\u00ed pokrmy. \u010cesk\u00e1 kuchyn\u011b je siln\u011b ovlivn\u011bna sousedn\u00edmi zem\u011bmi, jako jsou N\u011bmecko, Rakousko a Polsko, ale m\u00e1 tak\u00e9 sv\u00e9 vlastn\u00ed unik\u00e1tn\u00ed rysy a tradice.<\/p>\n<p>Hlavn\u00ed slo\u017ekou \u010desk\u00e9 kuchyn\u011b jsou maso, brambory a zel\u00ed. Maso se \u010dasto va\u0159\u00ed nebo pe\u010de s r\u016fzn\u00fdmi ko\u0159en\u00edm a bylinkami, jako je major\u00e1nka, km\u00edn a \u010desnek. Nej\u010dast\u011bji pou\u017e\u00edvan\u00fdm masem je vep\u0159ov\u00e9, ale tak\u00e9 se pou\u017e\u00edv\u00e1 hov\u011bz\u00ed, dr\u016fbe\u017e\u00ed a ryby. Brambory jsou ned\u00edlnou sou\u010d\u00e1st\u00ed \u010desk\u00e9 kuchyn\u011b a va\u0159\u00ed se, pe\u010dou nebo sma\u017e\u00ed. Zel\u00ed se pou\u017e\u00edv\u00e1 jako p\u0159\u00edloha ne<\/p>\n<\/div>\n<div class=\"topic\">\n<h2>Vliv prost\u0159ed\u00ed na projevy poruchy autistick\u00e9ho spektra<\/h2>\n<p>Porucha autistick\u00e9ho spektra (PAS) je neurov\u00fdvojov\u00e9 onemocn\u011bn\u00ed, kter\u00e9 se projevuje v r\u016fzn\u00fdch oblastech \u017eivota jedince. Jedn\u00e1 se o komplexn\u00ed poruchu, kter\u00e1 ovliv\u0148uje soci\u00e1ln\u00ed interakce, komunikaci a chov\u00e1n\u00ed. V posledn\u00edch letech se st\u00e1le v\u00edce hovo\u0159\u00ed o vlivu prost\u0159ed\u00ed na projevy t\u00e9to poruchy.<\/p>\n<p>Prost\u0159ed\u00ed, ve kter\u00e9m jedinec s PAS \u017eije, m\u016f\u017ee m\u00edt v\u00fdznamn\u00fd vliv na jeho projevy a celkovou kvalitu \u017eivota. Existuje mnoho faktor\u016f, kter\u00e9 mohou ovlivnit projevy PAS, a\u0165 u\u017e pozitivn\u011b nebo negativn\u011b. Mezi tyto faktory pat\u0159\u00ed nap\u0159\u00edklad rodinn\u00e9 prost\u0159ed\u00ed, \u0161koln\u00ed prost\u0159ed\u00ed, soci\u00e1ln\u00ed prost\u0159ed\u00ed a fyzick\u00e9 prost\u0159ed\u00ed.<\/p>\n<\/div>\n<div class=\"topic\">\n<p>\u010cesk\u00e1 kuchyn\u011b je jednou z nejstar\u0161\u00edch a nejbohat\u0161\u00edch kuchyn\u00ed v Evrop\u011b. Jej\u00ed ko\u0159eny sahaj\u00ed a\u017e do 9. stolet\u00ed, kdy se za\u010daly formovat prvn\u00ed tradi\u010dn\u00ed pokrmy. \u010cesk\u00e1 kuchyn\u011b je ovlivn\u011bna p\u0159edev\u0161\u00edm st\u0159edoevropskou kuchyn\u00ed, ale najdeme v n\u00ed i prvky z n\u011bmeck\u00e9, rakousk\u00e9, ma\u010farsk\u00e9 a \u017eidovsk\u00e9 kuchyn\u011b.<\/p>\n<p>Hlavn\u00edmi surovinami \u010desk\u00e9 kuchyn\u011b jsou brambory, maso, zelenina, ml\u00e9\u010dn\u00e9 v\u00fdrobky a obiloviny. V\u011bt\u0161ina pokrm\u016f je pom\u011brn\u011b jednoduch\u00e1, ale velmi chutn\u00e1 a s vysokou v\u00fd\u017eivovou hodnotou. Mezi nejzn\u00e1m\u011bj\u0161\u00ed \u010desk\u00e9 speciality pat\u0159\u00ed vep\u0159ov\u00e1 pe\u010den\u011b s knedl\u00edky, gul\u00e1\u0161, sv\u00ed\u010dkov\u00e1 na smetan\u011b, brambor\u00e1ky, sma\u017een\u00fd s\u00fdr a tradi\u010dn\u00ed \u010desk.<\/p>\n<\/div>\n<div class=\"topic\">\n<h2>Rozd\u00edly v projevech poruchy autistick\u00e9ho spektra u mu<\/h2>\n<p>Porucha autistick\u00e9ho spektra (PAS) je neurov\u00fdvojov\u00e1 porucha, kter\u00e1 ovliv\u0148uje soci\u00e1ln\u00ed interakce, komunikaci a chov\u00e1n\u00ed jedince. Tato porucha se projevuje ji\u017e v d\u011btstv\u00ed a m\u016f\u017ee m\u00edt r\u016fzn\u00e9 formy a z\u00e1va\u017enosti. V t\u00e9to esej\u00ed se zam\u011b\u0159\u00edme na rozd\u00edly v projevech PAS u mu\u017e\u016f.<\/p>\n<p>Prvn\u00edm rozd\u00edlem, kter\u00fd je d\u016fle\u017eit\u00e9 zm\u00ednit, je prevalence PAS u mu\u017e\u016f. Podle statistik je PAS diagnostikov\u00e1na u \u010dty\u0159ikr\u00e1t v\u00edce mu\u017e\u016f ne\u017e u \u017een. Toto m\u016f\u017ee b\u00fdt zp\u016fsobeno t\u00edm, \u017ee u mu\u017e\u016f jsou p\u0159\u00edznaky PAS \u010dasto v\u00fdrazn\u011bj\u0161\u00ed a snadn\u011bji rozpoznateln\u00e9. Mu\u017ei s PAS tak\u00e9 \u010dast\u011bji vykazuj\u00ed stereotypn\u00ed chov\u00e1n\u00ed a omezen\u00e9 z\u00e1jmy, co\u017e m\u016f\u017ee b\u00fdt jedn\u00edm z d\u016fvod\u016f, pro\u010d jsou \u010dast\u011bji diagnostikov\u00e1ni.<\/p>\n<\/div>\n<\/div>\n","protected":false},"excerpt":{"rendered":"<p>Rozd\u00edly v projevech poruchy autistick\u00e9ho spektra u d\u011bt\u00ed a dosp\u011bl\u00fdch Porucha autistick\u00e9ho spektra (PAS) je neurov\u00fdvojov\u00e1 porucha, kter\u00e1 ovliv\u0148uje soci\u00e1ln\u00ed interakci, komunikaci a chov\u00e1n\u00ed jedince&#8230;.<\/p>\n","protected":false},"author":1,"featured_media":0,"comment_status":"closed","ping_status":"open","sticky":false,"template":"","format":"standard","meta":{"inline_featured_image":false},"categories":[849],"tags":[],"yoast_head":"<!-- This site is optimized with the Yoast SEO plugin v18.1 - https:\/\/yoast.com\/wordpress\/plugins\/seo\/ -->\n<title>Porucha autistick\u00e9ho spektra projevy - Test Mysli<\/title>\n<meta name=\"robots\" content=\"index, follow, max-snippet:-1, max-image-preview:large, max-video-preview:-1\" \/>\n<link rel=\"canonical\" href=\"https:\/\/www.diagnostika-mysli.cz\/blog\/autismus\/porucha-autistickeho-spektra-projevy\/\" \/>\n<meta property=\"og:locale\" content=\"cs_CZ\" \/>\n<meta property=\"og:type\" content=\"article\" \/>\n<meta property=\"og:title\" content=\"Porucha autistick\u00e9ho spektra projevy - Test Mysli\" \/>\n<meta property=\"og:description\" content=\"Rozd\u00edly v projevech poruchy autistick\u00e9ho spektra u d\u011bt\u00ed a dosp\u011bl\u00fdch Porucha autistick\u00e9ho spektra (PAS) je neurov\u00fdvojov\u00e1 porucha, kter\u00e1 ovliv\u0148uje soci\u00e1ln\u00ed interakci, komunikaci a chov\u00e1n\u00ed jedince....\" \/>\n<meta property=\"og:url\" content=\"https:\/\/www.diagnostika-mysli.cz\/blog\/autismus\/porucha-autistickeho-spektra-projevy\/\" \/>\n<meta property=\"og:site_name\" content=\"Test Mysli\" \/>\n<meta property=\"article:published_time\" content=\"2025-03-18T03:25:23+00:00\" \/>\n<meta property=\"article:modified_time\" content=\"2025-03-18T07:45:45+00:00\" \/>\n<meta name=\"twitter:card\" content=\"summary_large_image\" \/>\n<meta name=\"twitter:label1\" content=\"Napsal(a)\" \/>\n\t<meta name=\"twitter:data1\" content=\"Test Mysli\" \/>\n\t<meta name=\"twitter:label2\" content=\"Odhadovan\u00e1 doba \u010dten\u00ed\" \/>\n\t<meta name=\"twitter:data2\" content=\"3 minuty\" \/>\n<script type=\"application\/ld+json\" class=\"yoast-schema-graph\">{\"@context\":\"https:\/\/schema.org\",\"@graph\":[{\"@type\":\"WebSite\",\"@id\":\"https:\/\/www.diagnostika-mysli.cz\/blog\/#website\",\"url\":\"https:\/\/www.diagnostika-mysli.cz\/blog\/\",\"name\":\"Test Mysli\",\"description\":\"Blog o poruch\u00e1ch mysli\",\"potentialAction\":[{\"@type\":\"SearchAction\",\"target\":{\"@type\":\"EntryPoint\",\"urlTemplate\":\"https:\/\/www.diagnostika-mysli.cz\/blog\/?s={search_term_string}\"},\"query-input\":\"required name=search_term_string\"}],\"inLanguage\":\"cs\"},{\"@type\":\"WebPage\",\"@id\":\"https:\/\/www.diagnostika-mysli.cz\/blog\/autismus\/porucha-autistickeho-spektra-projevy\/#webpage\",\"url\":\"https:\/\/www.diagnostika-mysli.cz\/blog\/autismus\/porucha-autistickeho-spektra-projevy\/\",\"name\":\"Porucha autistick\u00e9ho spektra projevy - Test Mysli\",\"isPartOf\":{\"@id\":\"https:\/\/www.diagnostika-mysli.cz\/blog\/#website\"},\"datePublished\":\"2025-03-18T03:25:23+00:00\",\"dateModified\":\"2025-03-18T07:45:45+00:00\",\"author\":{\"@id\":\"https:\/\/www.diagnostika-mysli.cz\/blog\/#\/schema\/person\/8eb1bcaf59fea75c780c11946f4e3490\"},\"breadcrumb\":{\"@id\":\"https:\/\/www.diagnostika-mysli.cz\/blog\/autismus\/porucha-autistickeho-spektra-projevy\/#breadcrumb\"},\"inLanguage\":\"cs\",\"potentialAction\":[{\"@type\":\"ReadAction\",\"target\":[\"https:\/\/www.diagnostika-mysli.cz\/blog\/autismus\/porucha-autistickeho-spektra-projevy\/\"]}]},{\"@type\":\"BreadcrumbList\",\"@id\":\"https:\/\/www.diagnostika-mysli.cz\/blog\/autismus\/porucha-autistickeho-spektra-projevy\/#breadcrumb\",\"itemListElement\":[{\"@type\":\"ListItem\",\"position\":1,\"name\":\"Blog\",\"item\":\"https:\/\/www.diagnostika-mysli.cz\/blog\/\"},{\"@type\":\"ListItem\",\"position\":2,\"name\":\"Autismus\",\"item\":\"https:\/\/www.diagnostika-mysli.cz\/blog\/autismus\/\"},{\"@type\":\"ListItem\",\"position\":3,\"name\":\"Porucha autistick\u00e9ho spektra projevy\"}]},{\"@type\":\"Person\",\"@id\":\"https:\/\/www.diagnostika-mysli.cz\/blog\/#\/schema\/person\/8eb1bcaf59fea75c780c11946f4e3490\",\"name\":\"Test Mysli\",\"image\":{\"@type\":\"ImageObject\",\"@id\":\"https:\/\/www.diagnostika-mysli.cz\/blog\/#personlogo\",\"inLanguage\":\"cs\",\"url\":\"https:\/\/secure.gravatar.com\/avatar\/6743211f010801ea26aa9423a2daab37?s=96&d=mm&r=g\",\"contentUrl\":\"https:\/\/secure.gravatar.com\/avatar\/6743211f010801ea26aa9423a2daab37?s=96&d=mm&r=g\",\"caption\":\"Test Mysli\"},\"sameAs\":[\"https:\/\/www.diagnostika-mysli.cz\/blog\"],\"url\":\"https:\/\/www.diagnostika-mysli.cz\/blog\/author\/diagnostyka-umyslu\/\"}]}<\/script>\n<!-- \/ Yoast SEO plugin. -->","yoast_head_json":{"title":"Porucha autistick\u00e9ho spektra projevy - Test Mysli","robots":{"index":"index","follow":"follow","max-snippet":"max-snippet:-1","max-image-preview":"max-image-preview:large","max-video-preview":"max-video-preview:-1"},"canonical":"https:\/\/www.diagnostika-mysli.cz\/blog\/autismus\/porucha-autistickeho-spektra-projevy\/","og_locale":"cs_CZ","og_type":"article","og_title":"Porucha autistick\u00e9ho spektra projevy - Test Mysli","og_description":"Rozd\u00edly v projevech poruchy autistick\u00e9ho spektra u d\u011bt\u00ed a dosp\u011bl\u00fdch Porucha autistick\u00e9ho spektra (PAS) je neurov\u00fdvojov\u00e1 porucha, kter\u00e1 ovliv\u0148uje soci\u00e1ln\u00ed interakci, komunikaci a chov\u00e1n\u00ed jedince....","og_url":"https:\/\/www.diagnostika-mysli.cz\/blog\/autismus\/porucha-autistickeho-spektra-projevy\/","og_site_name":"Test Mysli","article_published_time":"2025-03-18T03:25:23+00:00","article_modified_time":"2025-03-18T07:45:45+00:00","twitter_card":"summary_large_image","twitter_misc":{"Napsal(a)":"Test Mysli","Odhadovan\u00e1 doba \u010dten\u00ed":"3 minuty"},"schema":{"@context":"https:\/\/schema.org","@graph":[{"@type":"WebSite","@id":"https:\/\/www.diagnostika-mysli.cz\/blog\/#website","url":"https:\/\/www.diagnostika-mysli.cz\/blog\/","name":"Test Mysli","description":"Blog o poruch\u00e1ch mysli","potentialAction":[{"@type":"SearchAction","target":{"@type":"EntryPoint","urlTemplate":"https:\/\/www.diagnostika-mysli.cz\/blog\/?s={search_term_string}"},"query-input":"required name=search_term_string"}],"inLanguage":"cs"},{"@type":"WebPage","@id":"https:\/\/www.diagnostika-mysli.cz\/blog\/autismus\/porucha-autistickeho-spektra-projevy\/#webpage","url":"https:\/\/www.diagnostika-mysli.cz\/blog\/autismus\/porucha-autistickeho-spektra-projevy\/","name":"Porucha autistick\u00e9ho spektra projevy - Test Mysli","isPartOf":{"@id":"https:\/\/www.diagnostika-mysli.cz\/blog\/#website"},"datePublished":"2025-03-18T03:25:23+00:00","dateModified":"2025-03-18T07:45:45+00:00","author":{"@id":"https:\/\/www.diagnostika-mysli.cz\/blog\/#\/schema\/person\/8eb1bcaf59fea75c780c11946f4e3490"},"breadcrumb":{"@id":"https:\/\/www.diagnostika-mysli.cz\/blog\/autismus\/porucha-autistickeho-spektra-projevy\/#breadcrumb"},"inLanguage":"cs","potentialAction":[{"@type":"ReadAction","target":["https:\/\/www.diagnostika-mysli.cz\/blog\/autismus\/porucha-autistickeho-spektra-projevy\/"]}]},{"@type":"BreadcrumbList","@id":"https:\/\/www.diagnostika-mysli.cz\/blog\/autismus\/porucha-autistickeho-spektra-projevy\/#breadcrumb","itemListElement":[{"@type":"ListItem","position":1,"name":"Blog","item":"https:\/\/www.diagnostika-mysli.cz\/blog\/"},{"@type":"ListItem","position":2,"name":"Autismus","item":"https:\/\/www.diagnostika-mysli.cz\/blog\/autismus\/"},{"@type":"ListItem","position":3,"name":"Porucha autistick\u00e9ho spektra projevy"}]},{"@type":"Person","@id":"https:\/\/www.diagnostika-mysli.cz\/blog\/#\/schema\/person\/8eb1bcaf59fea75c780c11946f4e3490","name":"Test Mysli","image":{"@type":"ImageObject","@id":"https:\/\/www.diagnostika-mysli.cz\/blog\/#personlogo","inLanguage":"cs","url":"https:\/\/secure.gravatar.com\/avatar\/6743211f010801ea26aa9423a2daab37?s=96&d=mm&r=g","contentUrl":"https:\/\/secure.gravatar.com\/avatar\/6743211f010801ea26aa9423a2daab37?s=96&d=mm&r=g","caption":"Test Mysli"},"sameAs":["https:\/\/www.diagnostika-mysli.cz\/blog"],"url":"https:\/\/www.diagnostika-mysli.cz\/blog\/author\/diagnostyka-umyslu\/"}]}},"amp_enabled":true,"_links":{"self":[{"href":"https:\/\/www.diagnostika-mysli.cz\/blog\/wp-json\/wp\/v2\/posts\/3167"}],"collection":[{"href":"https:\/\/www.diagnostika-mysli.cz\/blog\/wp-json\/wp\/v2\/posts"}],"about":[{"href":"https:\/\/www.diagnostika-mysli.cz\/blog\/wp-json\/wp\/v2\/types\/post"}],"author":[{"embeddable":true,"href":"https:\/\/www.diagnostika-mysli.cz\/blog\/wp-json\/wp\/v2\/users\/1"}],"replies":[{"embeddable":true,"href":"https:\/\/www.diagnostika-mysli.cz\/blog\/wp-json\/wp\/v2\/comments?post=3167"}],"version-history":[{"count":1,"href":"https:\/\/www.diagnostika-mysli.cz\/blog\/wp-json\/wp\/v2\/posts\/3167\/revisions"}],"predecessor-version":[{"id":3169,"href":"https:\/\/www.diagnostika-mysli.cz\/blog\/wp-json\/wp\/v2\/posts\/3167\/revisions\/3169"}],"wp:attachment":[{"href":"https:\/\/www.diagnostika-mysli.cz\/blog\/wp-json\/wp\/v2\/media?parent=3167"}],"wp:term":[{"taxonomy":"category","embeddable":true,"href":"https:\/\/www.diagnostika-mysli.cz\/blog\/wp-json\/wp\/v2\/categories?post=3167"},{"taxonomy":"post_tag","embeddable":true,"href":"https:\/\/www.diagnostika-mysli.cz\/blog\/wp-json\/wp\/v2\/tags?post=3167"}],"curies":[{"name":"wp","href":"https:\/\/api.w.org\/{rel}","templated":true}]}}