{"id":3175,"date":"2025-03-20T04:25:20","date_gmt":"2025-03-20T03:25:20","guid":{"rendered":"https:\/\/www.diagnostika-mysli.cz\/blog\/autismus\/poruchy-autistickeho-spektra-2\/"},"modified":"2025-03-20T04:25:20","modified_gmt":"2025-03-20T03:25:20","slug":"poruchy-autistickeho-spektra-2","status":"publish","type":"post","link":"https:\/\/www.diagnostika-mysli.cz\/blog\/autismus\/poruchy-autistickeho-spektra-2\/","title":{"rendered":"Poruchy autistick\u00e9ho spektra"},"content":{"rendered":"<div class='topics'>\n<div class='topic'>\n<h2>Co jsou poruchy autistick\u00e9ho spektra a jak se projevuj\u00ed?<\/h2>\n<p>Poruchy autistick\u00e9ho spektra jsou neurov\u00fdvojov\u00e9 poruchy, kter\u00e9 ovliv\u0148uj\u00ed soci\u00e1ln\u00ed interakci, komunikaci a chov\u00e1n\u00ed jedince. Tyto poruchy se projevuj\u00ed ji\u017e v d\u011btstv\u00ed a maj\u00ed celo\u017eivotn\u00ed charakter. Autistick\u00e9 poruchy se vyskytuj\u00ed v r\u016fzn\u00fdch form\u00e1ch a z\u00e1va\u017enostech, proto se hovo\u0159\u00ed o autistick\u00e9m spektru.<\/p>\n<p>Jedn\u00edm z hlavn\u00edch projev\u016f poruch autistick\u00e9ho spektra je naru\u0161en\u00e1 soci\u00e1ln\u00ed interakce. D\u011bti s touto poruchou maj\u00ed probl\u00e9my s navazov\u00e1n\u00edm kontakt\u016f s ostatn\u00edmi lidmi, nedok\u00e1\u017eou porozum\u011bt soci\u00e1ln\u00edm n\u00e1vyk\u016fm a maj\u00ed omezen\u00e9 schopnosti empatie. \u010casto se vyh\u00fdbaj\u00ed o\u010dn\u00edmu kontaktu a maj\u00ed probl\u00e9my s porozum\u011bn\u00edm neverb\u00e1ln\u00ed komunikace, jako jsou gesta a mimika.<\/p>\n<p>Dal\u0161\u00edm v\u00fdznamn\u00fdm projevem je omezen\u00e1 komunikace. D\u011bti s poruchami<\/p>\n<\/div>\n<div class='topic'>\n<h2>Diagnostika a l\u00e9\u010dba poruch autistick\u00e9ho spektra<\/h2>\n<p>Poruchy autistick\u00e9ho spektra (PAS) jsou neurov\u00fdvojov\u00e9 poruchy, kter\u00e9 se projevuj\u00ed v oblasti soci\u00e1ln\u00ed interakce, komunikace a chov\u00e1n\u00ed. Tyto poruchy maj\u00ed r\u016fzn\u00e9 formy a z\u00e1va\u017enosti a mohou se projevovat od d\u011btstv\u00ed a\u017e do dosp\u011blosti. Diagnostika a l\u00e9\u010dba t\u011bchto poruch jsou d\u016fle\u017eit\u00e9 pro zaji\u0161t\u011bn\u00ed kvalitn\u00edho \u017eivota jedinc\u016f s PAS.<\/p>\n<p>Diagnostika poruch autistick\u00e9ho spektra je slo\u017eit\u00fd proces, kter\u00fd vy\u017eaduje spolupr\u00e1ci mezi r\u016fzn\u00fdmi odborn\u00edky, jako jsou psychologov\u00e9, psychiat\u0159i, logopedov\u00e9 a pediat\u0159i. Prvn\u00edm krokem je d\u016fkladn\u00fd rozhovor s rodi\u010di nebo bl\u00edzk\u00fdmi osobami, kte\u0159\u00ed mohou poskytnout informace o v\u00fdvoji d\u00edt\u011bte a jeho chov\u00e1n\u00ed. D\u00e1le n\u00e1sleduje pozorov\u00e1n\u00ed chov\u00e1n\u00ed d\u00edt\u011bte a vypln\u011bn\u00ed dotazn\u00edk\u016f, kte<\/p>\n<\/div>\n<div class='topic'>\n<h2>Vliv poruch autistick\u00e9ho spektra na ka\u017edodenn\u00ed \u017eivot jedince i jeho rodiny<\/h2>\n<p>Poruchy autistick\u00e9ho spektra jsou neurov\u00fdvojov\u00e9 poruchy, kter\u00e9 ovliv\u0148uj\u00ed soci\u00e1ln\u00ed interakce, komunikaci a chov\u00e1n\u00ed jedince. Tyto poruchy se projevuj\u00ed ji\u017e v d\u011btstv\u00ed a mohou m\u00edt v\u00fdrazn\u00fd dopad na ka\u017edodenn\u00ed \u017eivot jedince i jeho rodiny.<\/p>\n<p>Jedn\u00edm z hlavn\u00edch vliv\u016f poruch autistick\u00e9ho spektra na ka\u017edodenn\u00ed \u017eivot jedince je omezen\u00ed v soci\u00e1ln\u00edch interakc\u00edch. Lid\u00e9 s touto poruchou maj\u00ed \u010dasto probl\u00e9my s porozum\u011bn\u00edm soci\u00e1ln\u00edm n\u00e1vyk\u016fm a nesn\u00e1\u0161ej\u00ed zm\u011bny v rutin\u011b. To m\u016f\u017ee v\u00e9st k obt\u00ed\u017e\u00edm v navazov\u00e1n\u00ed a udr\u017eov\u00e1n\u00ed vztah\u016f s ostatn\u00edmi lidmi. Jedinci s poruchami autistick\u00e9ho spektra mohou m\u00edt tak\u00e9 probl\u00e9my s empati\u00ed a porozum\u011bn\u00edm emoc\u00edm druh\u00fdch, co\u017e m\u016f\u017ee v\u00e9st k nedorozum\u011bn\u00edm a konflikt\u016fm v komunikaci.<\/p>\n<\/div>\n<div class='topic'>\n<h2>Podpora a integrace osob s poruchami autistick\u00e9ho spektra do spole\u010dnosti<\/h2>\n<p>Podpora a integrace osob s poruchami autistick\u00e9ho spektra je d\u016fle\u017eit\u00fdm t\u00e9matem, kter\u00e9 se t\u00fdk\u00e1 mnoha lid\u00ed v na\u0161\u00ed spole\u010dnosti. Autistick\u00e9 spektrum zahrnuje \u0161irokou \u0161k\u00e1lu poruch, kter\u00e9 maj\u00ed vliv na komunika\u010dn\u00ed schopnosti, soci\u00e1ln\u00ed interakce a chov\u00e1n\u00ed jednotlivce. Tyto poruchy mohou b\u00fdt m\u00edrn\u00e9 a\u017e z\u00e1va\u017en\u00e9 a mohou se projevovat r\u016fzn\u00fdmi zp\u016fsoby. Je proto d\u016fle\u017eit\u00e9, aby byly tyto osoby podporov\u00e1ny a integrov\u00e1ny do spole\u010dnosti, aby mohly \u017e\u00edt plnohodnotn\u00fd \u017eivot.<\/p>\n<p>Podpora osob s poruchami autistick\u00e9ho spektra za\u010d\u00edn\u00e1 ji\u017e v ran\u00e9m v\u011bku. Je d\u016fle\u017eit\u00e9, aby byla tato porucha diagnostikov\u00e1na co nejd\u0159\u00edve, aby mohlo b\u00fdt zah\u00e1jeno vhodn\u00e9 terapeutick\u00e9 a vzd\u011bl\u00e1vac\u00ed pl\u00e1nov\u00e1n\u00ed. Rodi\u010de a bl\u00edzc\u00ed lid\u00e9 jsou kl\u00ed\u010dov\u00fdmi \u010dleny v tom<\/p>\n<\/div>\n<\/div>\n","protected":false},"excerpt":{"rendered":"<p>Co jsou poruchy autistick\u00e9ho spektra a jak se projevuj\u00ed? Poruchy autistick\u00e9ho spektra jsou neurov\u00fdvojov\u00e9 poruchy, kter\u00e9 ovliv\u0148uj\u00ed soci\u00e1ln\u00ed interakci, komunikaci a chov\u00e1n\u00ed jedince. Tyto poruchy&#8230;<\/p>\n","protected":false},"author":1,"featured_media":0,"comment_status":"","ping_status":"open","sticky":false,"template":"","format":"standard","meta":{"inline_featured_image":false},"categories":[849],"tags":[],"yoast_head":"<!-- This site is optimized with the Yoast SEO plugin v18.1 - https:\/\/yoast.com\/wordpress\/plugins\/seo\/ -->\n<title>Poruchy autistick\u00e9ho spektra - Test Mysli<\/title>\n<meta name=\"robots\" content=\"index, follow, max-snippet:-1, max-image-preview:large, max-video-preview:-1\" \/>\n<link rel=\"canonical\" href=\"https:\/\/www.diagnostika-mysli.cz\/blog\/autismus\/poruchy-autistickeho-spektra-2\/\" \/>\n<meta property=\"og:locale\" content=\"cs_CZ\" \/>\n<meta property=\"og:type\" content=\"article\" \/>\n<meta property=\"og:title\" content=\"Poruchy autistick\u00e9ho spektra - Test Mysli\" \/>\n<meta property=\"og:description\" content=\"Co jsou poruchy autistick\u00e9ho spektra a jak se projevuj\u00ed? Poruchy autistick\u00e9ho spektra jsou neurov\u00fdvojov\u00e9 poruchy, kter\u00e9 ovliv\u0148uj\u00ed soci\u00e1ln\u00ed interakci, komunikaci a chov\u00e1n\u00ed jedince. Tyto poruchy...\" \/>\n<meta property=\"og:url\" content=\"https:\/\/www.diagnostika-mysli.cz\/blog\/autismus\/poruchy-autistickeho-spektra-2\/\" \/>\n<meta property=\"og:site_name\" content=\"Test Mysli\" \/>\n<meta property=\"article:published_time\" content=\"2025-03-20T03:25:20+00:00\" \/>\n<meta name=\"twitter:card\" content=\"summary_large_image\" \/>\n<meta name=\"twitter:label1\" content=\"Napsal(a)\" \/>\n\t<meta name=\"twitter:data1\" content=\"Test Mysli\" \/>\n\t<meta name=\"twitter:label2\" content=\"Odhadovan\u00e1 doba \u010dten\u00ed\" \/>\n\t<meta name=\"twitter:data2\" content=\"3 minuty\" \/>\n<script type=\"application\/ld+json\" class=\"yoast-schema-graph\">{\"@context\":\"https:\/\/schema.org\",\"@graph\":[{\"@type\":\"WebSite\",\"@id\":\"https:\/\/www.diagnostika-mysli.cz\/blog\/#website\",\"url\":\"https:\/\/www.diagnostika-mysli.cz\/blog\/\",\"name\":\"Test Mysli\",\"description\":\"Blog o poruch\u00e1ch mysli\",\"potentialAction\":[{\"@type\":\"SearchAction\",\"target\":{\"@type\":\"EntryPoint\",\"urlTemplate\":\"https:\/\/www.diagnostika-mysli.cz\/blog\/?s={search_term_string}\"},\"query-input\":\"required name=search_term_string\"}],\"inLanguage\":\"cs\"},{\"@type\":\"WebPage\",\"@id\":\"https:\/\/www.diagnostika-mysli.cz\/blog\/autismus\/poruchy-autistickeho-spektra-2\/#webpage\",\"url\":\"https:\/\/www.diagnostika-mysli.cz\/blog\/autismus\/poruchy-autistickeho-spektra-2\/\",\"name\":\"Poruchy autistick\u00e9ho spektra - Test Mysli\",\"isPartOf\":{\"@id\":\"https:\/\/www.diagnostika-mysli.cz\/blog\/#website\"},\"datePublished\":\"2025-03-20T03:25:20+00:00\",\"dateModified\":\"2025-03-20T03:25:20+00:00\",\"author\":{\"@id\":\"https:\/\/www.diagnostika-mysli.cz\/blog\/#\/schema\/person\/8eb1bcaf59fea75c780c11946f4e3490\"},\"breadcrumb\":{\"@id\":\"https:\/\/www.diagnostika-mysli.cz\/blog\/autismus\/poruchy-autistickeho-spektra-2\/#breadcrumb\"},\"inLanguage\":\"cs\",\"potentialAction\":[{\"@type\":\"ReadAction\",\"target\":[\"https:\/\/www.diagnostika-mysli.cz\/blog\/autismus\/poruchy-autistickeho-spektra-2\/\"]}]},{\"@type\":\"BreadcrumbList\",\"@id\":\"https:\/\/www.diagnostika-mysli.cz\/blog\/autismus\/poruchy-autistickeho-spektra-2\/#breadcrumb\",\"itemListElement\":[{\"@type\":\"ListItem\",\"position\":1,\"name\":\"Blog\",\"item\":\"https:\/\/www.diagnostika-mysli.cz\/blog\/\"},{\"@type\":\"ListItem\",\"position\":2,\"name\":\"Autismus\",\"item\":\"https:\/\/www.diagnostika-mysli.cz\/blog\/autismus\/\"},{\"@type\":\"ListItem\",\"position\":3,\"name\":\"Poruchy autistick\u00e9ho spektra\"}]},{\"@type\":\"Person\",\"@id\":\"https:\/\/www.diagnostika-mysli.cz\/blog\/#\/schema\/person\/8eb1bcaf59fea75c780c11946f4e3490\",\"name\":\"Test Mysli\",\"image\":{\"@type\":\"ImageObject\",\"@id\":\"https:\/\/www.diagnostika-mysli.cz\/blog\/#personlogo\",\"inLanguage\":\"cs\",\"url\":\"https:\/\/secure.gravatar.com\/avatar\/6743211f010801ea26aa9423a2daab37?s=96&d=mm&r=g\",\"contentUrl\":\"https:\/\/secure.gravatar.com\/avatar\/6743211f010801ea26aa9423a2daab37?s=96&d=mm&r=g\",\"caption\":\"Test Mysli\"},\"sameAs\":[\"https:\/\/www.diagnostika-mysli.cz\/blog\"],\"url\":\"https:\/\/www.diagnostika-mysli.cz\/blog\/author\/diagnostyka-umyslu\/\"}]}<\/script>\n<!-- \/ Yoast SEO plugin. -->","yoast_head_json":{"title":"Poruchy autistick\u00e9ho spektra - Test Mysli","robots":{"index":"index","follow":"follow","max-snippet":"max-snippet:-1","max-image-preview":"max-image-preview:large","max-video-preview":"max-video-preview:-1"},"canonical":"https:\/\/www.diagnostika-mysli.cz\/blog\/autismus\/poruchy-autistickeho-spektra-2\/","og_locale":"cs_CZ","og_type":"article","og_title":"Poruchy autistick\u00e9ho spektra - Test Mysli","og_description":"Co jsou poruchy autistick\u00e9ho spektra a jak se projevuj\u00ed? Poruchy autistick\u00e9ho spektra jsou neurov\u00fdvojov\u00e9 poruchy, kter\u00e9 ovliv\u0148uj\u00ed soci\u00e1ln\u00ed interakci, komunikaci a chov\u00e1n\u00ed jedince. Tyto poruchy...","og_url":"https:\/\/www.diagnostika-mysli.cz\/blog\/autismus\/poruchy-autistickeho-spektra-2\/","og_site_name":"Test Mysli","article_published_time":"2025-03-20T03:25:20+00:00","twitter_card":"summary_large_image","twitter_misc":{"Napsal(a)":"Test Mysli","Odhadovan\u00e1 doba \u010dten\u00ed":"3 minuty"},"schema":{"@context":"https:\/\/schema.org","@graph":[{"@type":"WebSite","@id":"https:\/\/www.diagnostika-mysli.cz\/blog\/#website","url":"https:\/\/www.diagnostika-mysli.cz\/blog\/","name":"Test Mysli","description":"Blog o poruch\u00e1ch mysli","potentialAction":[{"@type":"SearchAction","target":{"@type":"EntryPoint","urlTemplate":"https:\/\/www.diagnostika-mysli.cz\/blog\/?s={search_term_string}"},"query-input":"required name=search_term_string"}],"inLanguage":"cs"},{"@type":"WebPage","@id":"https:\/\/www.diagnostika-mysli.cz\/blog\/autismus\/poruchy-autistickeho-spektra-2\/#webpage","url":"https:\/\/www.diagnostika-mysli.cz\/blog\/autismus\/poruchy-autistickeho-spektra-2\/","name":"Poruchy autistick\u00e9ho spektra - Test Mysli","isPartOf":{"@id":"https:\/\/www.diagnostika-mysli.cz\/blog\/#website"},"datePublished":"2025-03-20T03:25:20+00:00","dateModified":"2025-03-20T03:25:20+00:00","author":{"@id":"https:\/\/www.diagnostika-mysli.cz\/blog\/#\/schema\/person\/8eb1bcaf59fea75c780c11946f4e3490"},"breadcrumb":{"@id":"https:\/\/www.diagnostika-mysli.cz\/blog\/autismus\/poruchy-autistickeho-spektra-2\/#breadcrumb"},"inLanguage":"cs","potentialAction":[{"@type":"ReadAction","target":["https:\/\/www.diagnostika-mysli.cz\/blog\/autismus\/poruchy-autistickeho-spektra-2\/"]}]},{"@type":"BreadcrumbList","@id":"https:\/\/www.diagnostika-mysli.cz\/blog\/autismus\/poruchy-autistickeho-spektra-2\/#breadcrumb","itemListElement":[{"@type":"ListItem","position":1,"name":"Blog","item":"https:\/\/www.diagnostika-mysli.cz\/blog\/"},{"@type":"ListItem","position":2,"name":"Autismus","item":"https:\/\/www.diagnostika-mysli.cz\/blog\/autismus\/"},{"@type":"ListItem","position":3,"name":"Poruchy autistick\u00e9ho spektra"}]},{"@type":"Person","@id":"https:\/\/www.diagnostika-mysli.cz\/blog\/#\/schema\/person\/8eb1bcaf59fea75c780c11946f4e3490","name":"Test Mysli","image":{"@type":"ImageObject","@id":"https:\/\/www.diagnostika-mysli.cz\/blog\/#personlogo","inLanguage":"cs","url":"https:\/\/secure.gravatar.com\/avatar\/6743211f010801ea26aa9423a2daab37?s=96&d=mm&r=g","contentUrl":"https:\/\/secure.gravatar.com\/avatar\/6743211f010801ea26aa9423a2daab37?s=96&d=mm&r=g","caption":"Test Mysli"},"sameAs":["https:\/\/www.diagnostika-mysli.cz\/blog"],"url":"https:\/\/www.diagnostika-mysli.cz\/blog\/author\/diagnostyka-umyslu\/"}]}},"amp_enabled":true,"_links":{"self":[{"href":"https:\/\/www.diagnostika-mysli.cz\/blog\/wp-json\/wp\/v2\/posts\/3175"}],"collection":[{"href":"https:\/\/www.diagnostika-mysli.cz\/blog\/wp-json\/wp\/v2\/posts"}],"about":[{"href":"https:\/\/www.diagnostika-mysli.cz\/blog\/wp-json\/wp\/v2\/types\/post"}],"author":[{"embeddable":true,"href":"https:\/\/www.diagnostika-mysli.cz\/blog\/wp-json\/wp\/v2\/users\/1"}],"replies":[{"embeddable":true,"href":"https:\/\/www.diagnostika-mysli.cz\/blog\/wp-json\/wp\/v2\/comments?post=3175"}],"version-history":[{"count":0,"href":"https:\/\/www.diagnostika-mysli.cz\/blog\/wp-json\/wp\/v2\/posts\/3175\/revisions"}],"wp:attachment":[{"href":"https:\/\/www.diagnostika-mysli.cz\/blog\/wp-json\/wp\/v2\/media?parent=3175"}],"wp:term":[{"taxonomy":"category","embeddable":true,"href":"https:\/\/www.diagnostika-mysli.cz\/blog\/wp-json\/wp\/v2\/categories?post=3175"},{"taxonomy":"post_tag","embeddable":true,"href":"https:\/\/www.diagnostika-mysli.cz\/blog\/wp-json\/wp\/v2\/tags?post=3175"}],"curies":[{"name":"wp","href":"https:\/\/api.w.org\/{rel}","templated":true}]}}