{"id":3177,"date":"2025-03-21T04:25:27","date_gmt":"2025-03-21T03:25:27","guid":{"rendered":"https:\/\/www.diagnostika-mysli.cz\/blog\/autismus\/autista-projevy\/"},"modified":"2025-03-21T04:25:27","modified_gmt":"2025-03-21T03:25:27","slug":"autista-projevy","status":"publish","type":"post","link":"https:\/\/www.diagnostika-mysli.cz\/blog\/autismus\/autista-projevy\/","title":{"rendered":"Autista projevy"},"content":{"rendered":"<div class='topics'>\n<div class='topic'>\n<h2>Jak poznat autistick\u00e9 projevy u d\u011bt\u00ed: P\u0159\u00edznaky a diagnostika<\/h2>\n<p>Autismus je neurov\u00fdvojov\u00e9 onemocn\u011bn\u00ed, kter\u00e9 ovliv\u0148uje soci\u00e1ln\u00ed interakci, komunikaci a chov\u00e1n\u00ed jedince. Toto onemocn\u011bn\u00ed se obvykle projevuje ji\u017e v d\u011btstv\u00ed a m\u016f\u017ee m\u00edt r\u016fzn\u00e9 formy a z\u00e1va\u017enosti. Proto je d\u016fle\u017eit\u00e9 v\u010das rozpoznat p\u0159\u00edznaky autismu u d\u011bt\u00ed, aby bylo mo\u017en\u00e9 poskytnout jim vhodnou podporu a terapii.<\/p>\n<p>Prvn\u00ed projevy autismu se mohou objevit ji\u017e v prvn\u00edch letech \u017eivota d\u00edt\u011bte. Mezi nej\u010dast\u011bj\u0161\u00ed p\u0159\u00edznaky pat\u0159\u00ed probl\u00e9my s komunikac\u00ed a soci\u00e1ln\u00ed interakc\u00ed, opakuj\u00edc\u00ed se chov\u00e1n\u00ed a omezen\u00e9 z\u00e1jmy a aktivity. D\u00edt\u011b s autismem m\u016f\u017ee m\u00edt nap\u0159\u00edklad probl\u00e9my s navazov\u00e1n\u00edm o\u010dn\u00edho kontaktu, nerozum\u011bt verb\u00e1ln\u00edm a neverb\u00e1ln\u00edm sign\u00e1l\u016fm, nebo m\u016f\u017ee m\u00edt omezenou schopnost porozum\u011bt emoc\u00edm a projev<\/p>\n<\/div>\n<div class='topic'>\n<h2>Autistick\u00e9 projevy u dosp\u011bl\u00fdch: Jak se projevuje autismus v pozd\u011bj\u0161\u00edm v\u011bku?<\/h2>\n<p>Autismus je neurov\u00fdvojov\u00e1 porucha, kter\u00e1 se obvykle projevuje ji\u017e v d\u011btstv\u00ed. Nicm\u00e9n\u011b, n\u011bkte\u0159\u00ed jedinci mohou b\u00fdt diagnostikov\u00e1ni a\u017e v pozd\u011bj\u0161\u00edm v\u011bku, kdy se projev\u00ed jejich autistick\u00e9 chov\u00e1n\u00ed. V tomto \u010dl\u00e1nku se zam\u011b\u0159\u00edme na autistick\u00e9 projevy u dosp\u011bl\u00fdch a jak se autismus m\u016f\u017ee projevovat v pozd\u011bj\u0161\u00edm v\u011bku.<\/p>\n<p>Autismus je porucha, kter\u00e1 ovliv\u0148uje soci\u00e1ln\u00ed interakce, komunikaci a chov\u00e1n\u00ed jedince. U dosp\u011bl\u00fdch m\u016f\u017ee b\u00fdt autismus obt\u00ed\u017en\u011bj\u0161\u00ed diagnostikovat, proto\u017ee mnoho z p\u0159\u00edznak\u016f m\u016f\u017ee b\u00fdt zam\u011bn\u011bno za jin\u00e9 poruchy nebo jednodu\u0161e p\u0159ehl\u00e9dnuto. Nicm\u00e9n\u011b, existuje n\u011bkolik hlavn\u00edch autistick\u00fdch projev\u016f, kter\u00e9 se mohou objevit u dosp\u011bl\u00fdch.<\/p>\n<p>Jedn\u00edm z nej\u010dast\u011bj\u0161\u00edch autistick\u00fdch projev\u016f u<\/p>\n<\/div>\n<div class='topic'>\n<h2>Vliv prost\u0159ed\u00ed na projevy autismu: Jak mohou rodina a \u0161kola ovlivnit chov\u00e1n\u00ed autistick\u00e9ho jedince?<\/h2>\n<p>Autismus je neurov\u00fdvojov\u00e1 porucha, kter\u00e1 ovliv\u0148uje soci\u00e1ln\u00ed interakce, komunikaci a chov\u00e1n\u00ed jedince. Jedn\u00e1 se o poruchu, kter\u00e1 se projevuje ji\u017e od ran\u00e9ho d\u011btstv\u00ed a m\u016f\u017ee m\u00edt r\u016fzn\u00e9 formy a stupn\u011b z\u00e1va\u017enosti. Vliv prost\u0159ed\u00ed na projevy autismu je velmi d\u016fle\u017eit\u00fd, proto\u017ee m\u016f\u017ee ovlivnit chov\u00e1n\u00ed autistick\u00e9ho jedince a pomoci mu l\u00e9pe se p\u0159izp\u016fsobit sv\u00e9mu okol\u00ed.<\/p>\n<p>Rodina je prvn\u00edm a nejd\u016fle\u017eit\u011bj\u0161\u00edm prost\u0159ed\u00edm, ve kter\u00e9m se d\u00edt\u011b s autismem vyv\u00edj\u00ed. Rodi\u010de maj\u00ed velk\u00fd vliv na to, jak se d\u00edt\u011b u\u010d\u00ed komunikovat a interagovat s ostatn\u00edmi. Je d\u016fle\u017eit\u00e9, aby rodi\u010de byli informovan\u00ed o specifick\u00fdch pot\u0159eb\u00e1ch sv\u00e9ho d\u00edt\u011bte a nau\u010dili se vhodn\u011b komunikovat s n\u00edm. Rodina by m\u011bla b\u00fdt tak\u00e9 tolerantn\u00ed a p\u0159ij\u00edmat d\u00edt\u011b s autismem takov\u00e9<\/p>\n<\/div>\n<div class='topic'>\n<h2>Terapie a podpora pro autistick\u00e9 jedince: Jak mohou terapie a speci\u00e1ln\u00ed vzd\u011bl\u00e1vac\u00ed programy pomoci s projevy autismu?<\/h2>\n<p>Autismus je neurov\u00fdvojov\u00e9 onemocn\u011bn\u00ed, kter\u00e9 ovliv\u0148uje soci\u00e1ln\u00ed interakce, komunikaci a chov\u00e1n\u00ed jedince. Pro autistick\u00e9 jedince m\u016f\u017ee b\u00fdt obt\u00ed\u017en\u00e9 se p\u0159izp\u016fsobit b\u011b\u017en\u00e9mu \u017eivotu a mohou m\u00edt pot\u00ed\u017ee s porozum\u011bn\u00edm a vyjad\u0159ov\u00e1n\u00edm sv\u00fdch emoc\u00ed. Proto je d\u016fle\u017eit\u00e9, aby byli tito jedinci podporov\u00e1ni a m\u011bli p\u0159\u00edstup k terapi\u00edm a speci\u00e1ln\u00edm vzd\u011bl\u00e1vac\u00edm program\u016fm, kter\u00e9 jim mohou pomoci s jejich projevy autismu.<\/p>\n<p>Terapie jsou d\u016fle\u017eitou sou\u010d\u00e1st\u00ed l\u00e9\u010dby pro autistick\u00e9 jedince. Existuje mnoho r\u016fzn\u00fdch typ\u016f terapi\u00ed, kter\u00e9 se zam\u011b\u0159uj\u00ed na r\u016fzn\u00e9 aspekty autismu. Jednou z nej\u010dast\u011bji pou\u017e\u00edvan\u00fdch terapi\u00ed je ABA (Applied Behavior Analysis), kter\u00e1 se zam\u011b\u0159uje na u\u010den\u00ed se nov\u00fdch dovednost\u00ed a zm\u011bnu ne\u017e\u00e1douc\u00edho chov\u00e1n\u00ed. Tato terapie se \u010dasto pou\u017e\u00edv\u00e1<\/p>\n<\/div>\n<\/div>\n","protected":false},"excerpt":{"rendered":"<p>Jak poznat autistick\u00e9 projevy u d\u011bt\u00ed: P\u0159\u00edznaky a diagnostika Autismus je neurov\u00fdvojov\u00e9 onemocn\u011bn\u00ed, kter\u00e9 ovliv\u0148uje soci\u00e1ln\u00ed interakci, komunikaci a chov\u00e1n\u00ed jedince. Toto onemocn\u011bn\u00ed se obvykle&#8230;<\/p>\n","protected":false},"author":1,"featured_media":0,"comment_status":"","ping_status":"open","sticky":false,"template":"","format":"standard","meta":{"inline_featured_image":false},"categories":[849],"tags":[],"yoast_head":"<!-- This site is optimized with the Yoast SEO plugin v18.1 - https:\/\/yoast.com\/wordpress\/plugins\/seo\/ -->\n<title>Autista projevy - Test Mysli<\/title>\n<meta name=\"robots\" content=\"index, follow, max-snippet:-1, max-image-preview:large, max-video-preview:-1\" \/>\n<link rel=\"canonical\" href=\"https:\/\/www.diagnostika-mysli.cz\/blog\/autismus\/autista-projevy\/\" \/>\n<meta property=\"og:locale\" content=\"cs_CZ\" \/>\n<meta property=\"og:type\" content=\"article\" \/>\n<meta property=\"og:title\" content=\"Autista projevy - Test Mysli\" \/>\n<meta property=\"og:description\" content=\"Jak poznat autistick\u00e9 projevy u d\u011bt\u00ed: P\u0159\u00edznaky a diagnostika Autismus je neurov\u00fdvojov\u00e9 onemocn\u011bn\u00ed, kter\u00e9 ovliv\u0148uje soci\u00e1ln\u00ed interakci, komunikaci a chov\u00e1n\u00ed jedince. Toto onemocn\u011bn\u00ed se obvykle...\" \/>\n<meta property=\"og:url\" content=\"https:\/\/www.diagnostika-mysli.cz\/blog\/autismus\/autista-projevy\/\" \/>\n<meta property=\"og:site_name\" content=\"Test Mysli\" \/>\n<meta property=\"article:published_time\" content=\"2025-03-21T03:25:27+00:00\" \/>\n<meta name=\"twitter:card\" content=\"summary_large_image\" \/>\n<meta name=\"twitter:label1\" content=\"Napsal(a)\" \/>\n\t<meta name=\"twitter:data1\" content=\"Test Mysli\" \/>\n\t<meta name=\"twitter:label2\" content=\"Odhadovan\u00e1 doba \u010dten\u00ed\" \/>\n\t<meta name=\"twitter:data2\" content=\"3 minuty\" \/>\n<script type=\"application\/ld+json\" class=\"yoast-schema-graph\">{\"@context\":\"https:\/\/schema.org\",\"@graph\":[{\"@type\":\"WebSite\",\"@id\":\"https:\/\/www.diagnostika-mysli.cz\/blog\/#website\",\"url\":\"https:\/\/www.diagnostika-mysli.cz\/blog\/\",\"name\":\"Test Mysli\",\"description\":\"Blog o poruch\u00e1ch mysli\",\"potentialAction\":[{\"@type\":\"SearchAction\",\"target\":{\"@type\":\"EntryPoint\",\"urlTemplate\":\"https:\/\/www.diagnostika-mysli.cz\/blog\/?s={search_term_string}\"},\"query-input\":\"required name=search_term_string\"}],\"inLanguage\":\"cs\"},{\"@type\":\"WebPage\",\"@id\":\"https:\/\/www.diagnostika-mysli.cz\/blog\/autismus\/autista-projevy\/#webpage\",\"url\":\"https:\/\/www.diagnostika-mysli.cz\/blog\/autismus\/autista-projevy\/\",\"name\":\"Autista projevy - Test Mysli\",\"isPartOf\":{\"@id\":\"https:\/\/www.diagnostika-mysli.cz\/blog\/#website\"},\"datePublished\":\"2025-03-21T03:25:27+00:00\",\"dateModified\":\"2025-03-21T03:25:27+00:00\",\"author\":{\"@id\":\"https:\/\/www.diagnostika-mysli.cz\/blog\/#\/schema\/person\/8eb1bcaf59fea75c780c11946f4e3490\"},\"breadcrumb\":{\"@id\":\"https:\/\/www.diagnostika-mysli.cz\/blog\/autismus\/autista-projevy\/#breadcrumb\"},\"inLanguage\":\"cs\",\"potentialAction\":[{\"@type\":\"ReadAction\",\"target\":[\"https:\/\/www.diagnostika-mysli.cz\/blog\/autismus\/autista-projevy\/\"]}]},{\"@type\":\"BreadcrumbList\",\"@id\":\"https:\/\/www.diagnostika-mysli.cz\/blog\/autismus\/autista-projevy\/#breadcrumb\",\"itemListElement\":[{\"@type\":\"ListItem\",\"position\":1,\"name\":\"Blog\",\"item\":\"https:\/\/www.diagnostika-mysli.cz\/blog\/\"},{\"@type\":\"ListItem\",\"position\":2,\"name\":\"Autismus\",\"item\":\"https:\/\/www.diagnostika-mysli.cz\/blog\/autismus\/\"},{\"@type\":\"ListItem\",\"position\":3,\"name\":\"Autista projevy\"}]},{\"@type\":\"Person\",\"@id\":\"https:\/\/www.diagnostika-mysli.cz\/blog\/#\/schema\/person\/8eb1bcaf59fea75c780c11946f4e3490\",\"name\":\"Test Mysli\",\"image\":{\"@type\":\"ImageObject\",\"@id\":\"https:\/\/www.diagnostika-mysli.cz\/blog\/#personlogo\",\"inLanguage\":\"cs\",\"url\":\"https:\/\/secure.gravatar.com\/avatar\/6743211f010801ea26aa9423a2daab37?s=96&d=mm&r=g\",\"contentUrl\":\"https:\/\/secure.gravatar.com\/avatar\/6743211f010801ea26aa9423a2daab37?s=96&d=mm&r=g\",\"caption\":\"Test Mysli\"},\"sameAs\":[\"https:\/\/www.diagnostika-mysli.cz\/blog\"],\"url\":\"https:\/\/www.diagnostika-mysli.cz\/blog\/author\/diagnostyka-umyslu\/\"}]}<\/script>\n<!-- \/ Yoast SEO plugin. -->","yoast_head_json":{"title":"Autista projevy - Test Mysli","robots":{"index":"index","follow":"follow","max-snippet":"max-snippet:-1","max-image-preview":"max-image-preview:large","max-video-preview":"max-video-preview:-1"},"canonical":"https:\/\/www.diagnostika-mysli.cz\/blog\/autismus\/autista-projevy\/","og_locale":"cs_CZ","og_type":"article","og_title":"Autista projevy - Test Mysli","og_description":"Jak poznat autistick\u00e9 projevy u d\u011bt\u00ed: P\u0159\u00edznaky a diagnostika Autismus je neurov\u00fdvojov\u00e9 onemocn\u011bn\u00ed, kter\u00e9 ovliv\u0148uje soci\u00e1ln\u00ed interakci, komunikaci a chov\u00e1n\u00ed jedince. Toto onemocn\u011bn\u00ed se obvykle...","og_url":"https:\/\/www.diagnostika-mysli.cz\/blog\/autismus\/autista-projevy\/","og_site_name":"Test Mysli","article_published_time":"2025-03-21T03:25:27+00:00","twitter_card":"summary_large_image","twitter_misc":{"Napsal(a)":"Test Mysli","Odhadovan\u00e1 doba \u010dten\u00ed":"3 minuty"},"schema":{"@context":"https:\/\/schema.org","@graph":[{"@type":"WebSite","@id":"https:\/\/www.diagnostika-mysli.cz\/blog\/#website","url":"https:\/\/www.diagnostika-mysli.cz\/blog\/","name":"Test Mysli","description":"Blog o poruch\u00e1ch mysli","potentialAction":[{"@type":"SearchAction","target":{"@type":"EntryPoint","urlTemplate":"https:\/\/www.diagnostika-mysli.cz\/blog\/?s={search_term_string}"},"query-input":"required name=search_term_string"}],"inLanguage":"cs"},{"@type":"WebPage","@id":"https:\/\/www.diagnostika-mysli.cz\/blog\/autismus\/autista-projevy\/#webpage","url":"https:\/\/www.diagnostika-mysli.cz\/blog\/autismus\/autista-projevy\/","name":"Autista projevy - Test Mysli","isPartOf":{"@id":"https:\/\/www.diagnostika-mysli.cz\/blog\/#website"},"datePublished":"2025-03-21T03:25:27+00:00","dateModified":"2025-03-21T03:25:27+00:00","author":{"@id":"https:\/\/www.diagnostika-mysli.cz\/blog\/#\/schema\/person\/8eb1bcaf59fea75c780c11946f4e3490"},"breadcrumb":{"@id":"https:\/\/www.diagnostika-mysli.cz\/blog\/autismus\/autista-projevy\/#breadcrumb"},"inLanguage":"cs","potentialAction":[{"@type":"ReadAction","target":["https:\/\/www.diagnostika-mysli.cz\/blog\/autismus\/autista-projevy\/"]}]},{"@type":"BreadcrumbList","@id":"https:\/\/www.diagnostika-mysli.cz\/blog\/autismus\/autista-projevy\/#breadcrumb","itemListElement":[{"@type":"ListItem","position":1,"name":"Blog","item":"https:\/\/www.diagnostika-mysli.cz\/blog\/"},{"@type":"ListItem","position":2,"name":"Autismus","item":"https:\/\/www.diagnostika-mysli.cz\/blog\/autismus\/"},{"@type":"ListItem","position":3,"name":"Autista projevy"}]},{"@type":"Person","@id":"https:\/\/www.diagnostika-mysli.cz\/blog\/#\/schema\/person\/8eb1bcaf59fea75c780c11946f4e3490","name":"Test Mysli","image":{"@type":"ImageObject","@id":"https:\/\/www.diagnostika-mysli.cz\/blog\/#personlogo","inLanguage":"cs","url":"https:\/\/secure.gravatar.com\/avatar\/6743211f010801ea26aa9423a2daab37?s=96&d=mm&r=g","contentUrl":"https:\/\/secure.gravatar.com\/avatar\/6743211f010801ea26aa9423a2daab37?s=96&d=mm&r=g","caption":"Test Mysli"},"sameAs":["https:\/\/www.diagnostika-mysli.cz\/blog"],"url":"https:\/\/www.diagnostika-mysli.cz\/blog\/author\/diagnostyka-umyslu\/"}]}},"amp_enabled":true,"_links":{"self":[{"href":"https:\/\/www.diagnostika-mysli.cz\/blog\/wp-json\/wp\/v2\/posts\/3177"}],"collection":[{"href":"https:\/\/www.diagnostika-mysli.cz\/blog\/wp-json\/wp\/v2\/posts"}],"about":[{"href":"https:\/\/www.diagnostika-mysli.cz\/blog\/wp-json\/wp\/v2\/types\/post"}],"author":[{"embeddable":true,"href":"https:\/\/www.diagnostika-mysli.cz\/blog\/wp-json\/wp\/v2\/users\/1"}],"replies":[{"embeddable":true,"href":"https:\/\/www.diagnostika-mysli.cz\/blog\/wp-json\/wp\/v2\/comments?post=3177"}],"version-history":[{"count":0,"href":"https:\/\/www.diagnostika-mysli.cz\/blog\/wp-json\/wp\/v2\/posts\/3177\/revisions"}],"wp:attachment":[{"href":"https:\/\/www.diagnostika-mysli.cz\/blog\/wp-json\/wp\/v2\/media?parent=3177"}],"wp:term":[{"taxonomy":"category","embeddable":true,"href":"https:\/\/www.diagnostika-mysli.cz\/blog\/wp-json\/wp\/v2\/categories?post=3177"},{"taxonomy":"post_tag","embeddable":true,"href":"https:\/\/www.diagnostika-mysli.cz\/blog\/wp-json\/wp\/v2\/tags?post=3177"}],"curies":[{"name":"wp","href":"https:\/\/api.w.org\/{rel}","templated":true}]}}