{"id":3181,"date":"2025-03-23T04:25:19","date_gmt":"2025-03-23T03:25:19","guid":{"rendered":"https:\/\/www.diagnostika-mysli.cz\/blog\/autismus\/priznaky-autismu-2\/"},"modified":"2025-03-23T04:25:19","modified_gmt":"2025-03-23T03:25:19","slug":"priznaky-autismu-2","status":"publish","type":"post","link":"https:\/\/www.diagnostika-mysli.cz\/blog\/autismus\/priznaky-autismu-2\/","title":{"rendered":"Priznaky autismu"},"content":{"rendered":"<div class='topics'>\n<div class='topic'>\n<h2>Co jsou hlavn\u00ed p\u0159\u00edznaky autismu a jak je rozpoznat?<\/h2>\n<p>Autismus je neurov\u00fdvojov\u00e9 onemocn\u011bn\u00ed, kter\u00e9 ovliv\u0148uje soci\u00e1ln\u00ed interakce, komunikaci a chov\u00e1n\u00ed jedince. Hlavn\u00edm p\u0159\u00edznakem autismu je probl\u00e9m s komunikac\u00ed a soci\u00e1ln\u00edmi interakcemi. D\u011bti s autismem maj\u00ed \u010dasto probl\u00e9my s porozum\u011bn\u00edm verb\u00e1ln\u00ed komunikaci a mohou m\u00edt omezen\u00e9 nebo opakuj\u00edc\u00ed se \u0159e\u010dov\u00e9 vzorce. Mohou tak\u00e9 m\u00edt probl\u00e9my s porozum\u011bn\u00edm neverb\u00e1ln\u00ed komunikaci, jako jsou gesta, mimika a t\u00f3n hlasu.<\/p>\n<p>Dal\u0161\u00edm v\u00fdznamn\u00fdm p\u0159\u00edznakem autismu je omezen\u00fd z\u00e1jem o soci\u00e1ln\u00ed interakce. D\u011bti s autismem se mohou vyh\u00fdbat o\u010dn\u00edmu kontaktu, nebo mohou m\u00edt probl\u00e9my s porozum\u011bn\u00edm soci\u00e1ln\u00edch norem a pravidel. Mohou tak\u00e9 m\u00edt probl\u00e9my s navazov\u00e1n\u00edm a udr\u017eov\u00e1n\u00edm p\u0159\u00e1telstv\u00ed.<\/p>\n<p>Dal\u0161\u00edm d\u016fle\u017eit\u00fdm p\u0159\u00edznakem autismu je opakuj\u00edc\u00ed se<\/p>\n<\/div>\n<div class='topic'>\n<h2>Jak\u00e9 jsou mo\u017en\u00e9 p\u0159\u00ed\u010diny vzniku autismu a jak ovliv\u0148uj\u00ed jeho projevy?<\/h2>\n<p>Autismus je neurov\u00fdvojov\u00e9 onemocn\u011bn\u00ed, kter\u00e9 se projevuje poruchou soci\u00e1ln\u00ed interakce, komunikace a omezen\u00fdmi z\u00e1jmy a aktivitami. P\u0159esn\u00e1 p\u0159\u00ed\u010dina vzniku autismu nen\u00ed zat\u00edm zn\u00e1ma, ale v\u011bdci se shoduj\u00ed, \u017ee se jedn\u00e1 o kombinaci genetick\u00fdch a environment\u00e1ln\u00edch faktor\u016f.<\/p>\n<p>Genetick\u00e9 faktory hraj\u00ed v\u00fdznamnou roli p\u0159i vzniku autismu. Studie ukazuj\u00ed, \u017ee u dvoj\u010dat, kde jedno m\u00e1 autismus, je vysok\u00e1 pravd\u011bpodobnost, \u017ee i druh\u00e9 dvoj\u010de bude m\u00edt tuto poruchu. V\u011bdci odhaduj\u00ed, \u017ee genetick\u00e9 faktory mohou b\u00fdt zodpov\u011bdn\u00e9 za a\u017e 90% p\u0159\u00edpad\u016f autismu. V sou\u010dasn\u00e9 dob\u011b je zn\u00e1mo v\u00edce ne\u017e 100 gen\u016f, kter\u00e9 mohou hr\u00e1t roli v rozvoji autismu. Tyto geny ovliv\u0148uj\u00ed v\u00fdvoj mozku a jeho schopnost komunikovat a interagovat<\/p>\n<\/div>\n<div class='topic'>\n<h2>Jak mohou rodi\u010de a bl\u00edzc\u00ed pomoci d\u011btem s autismem a jak\u00e9 jsou dostupn\u00e9 terapie?<\/h2>\n<p>Autismus je neurov\u00fdvojov\u00e9 onemocn\u011bn\u00ed, kter\u00e9 ovliv\u0148uje komunikaci, soci\u00e1ln\u00ed interakci a chov\u00e1n\u00ed jedince. Toto onemocn\u011bn\u00ed se obvykle projevuje ji\u017e v d\u011btstv\u00ed a m\u016f\u017ee m\u00edt r\u016fzn\u00e9 formy a z\u00e1va\u017enosti. Pro rodi\u010de a bl\u00edzk\u00e9 je d\u016fle\u017eit\u00e9 v\u011bd\u011bt, jak mohou pomoci d\u011btem s autismem a jak\u00e9 terapie jsou k dispozici.<\/p>\n<p>Prvn\u00edm krokem pro rodi\u010de je pochopen\u00ed toho, co autismus znamen\u00e1 a jak ovliv\u0148uje jejich d\u00edt\u011b. Je d\u016fle\u017eit\u00e9 si uv\u011bdomit, \u017ee ka\u017ed\u00e9 d\u00edt\u011b s autismem je jedine\u010dn\u00e9 a m\u00e1 sv\u00e9 vlastn\u00ed pot\u0159eby a schopnosti. Rodi\u010de by m\u011bli b\u00fdt trp\u011bliv\u00ed a p\u0159ijmout sv\u00e9 d\u00edt\u011b takov\u00e9, jak\u00e9 je, a ne sna\u017eit se ho zm\u011bnit.<\/p>\n<p>Dal\u0161\u00edm d\u016fle\u017eit\u00fdm krokem je z\u00edsk\u00e1n\u00ed informac\u00ed o dostupn\u00fdch terapi\u00edch pro d\u011bti s autismem.<\/p>\n<\/div>\n<div class='topic'>\n<h2>Jak se projevuje autismus u dosp\u011bl\u00fdch a jak\u00e9 jsou mo\u017enosti podpory a integrace do spole\u010dnosti?<\/h2>\n<p>Autismus je neurov\u00fdvojov\u00e1 porucha, kter\u00e1 se projevuje od ran\u00e9ho d\u011btstv\u00ed a trv\u00e1 po cel\u00fd \u017eivot. V\u011bt\u0161ina lid\u00ed si mysl\u00ed, \u017ee autismus postihuje pouze d\u011bti, ale ve skute\u010dnosti se jedn\u00e1 o poruchu, kter\u00e1 m\u016f\u017ee ovlivnit i dosp\u011bl\u00e9. V tomto \u010dl\u00e1nku se zam\u011b\u0159\u00edme na to, jak se projevuje autismus u dosp\u011bl\u00fdch a jak\u00e9 jsou mo\u017enosti podpory a integrace do spole\u010dnosti.<\/p>\n<p>Projevy autismu u dosp\u011bl\u00fdch se mohou li\u0161it od projev\u016f u d\u011bt\u00ed. U dosp\u011bl\u00fdch m\u016f\u017ee b\u00fdt obt\u00ed\u017en\u00e9 rozpoznat autismus, proto\u017ee se m\u016f\u017ee projevovat jin\u00fdmi zp\u016fsoby ne\u017e u d\u011bt\u00ed. N\u011bkter\u00e9 z hlavn\u00edch projev\u016f autismu u dosp\u011bl\u00fdch jsou:<\/p>\n<p>1. Soci\u00e1ln\u00ed obt\u00ed\u017ee: Dosp\u011bl\u00ed s autismem mohou m\u00edt probl\u00e9my s navazov\u00e1n\u00edm a udr\u017eov\u00e1n\u00edm soci\u00e1ln\u00edch vztah\u016f. Mohou m<\/p>\n<\/div>\n<\/div>\n","protected":false},"excerpt":{"rendered":"<p>Co jsou hlavn\u00ed p\u0159\u00edznaky autismu a jak je rozpoznat? Autismus je neurov\u00fdvojov\u00e9 onemocn\u011bn\u00ed, kter\u00e9 ovliv\u0148uje soci\u00e1ln\u00ed interakce, komunikaci a chov\u00e1n\u00ed jedince. Hlavn\u00edm p\u0159\u00edznakem autismu je&#8230;<\/p>\n","protected":false},"author":1,"featured_media":0,"comment_status":"","ping_status":"open","sticky":false,"template":"","format":"standard","meta":{"inline_featured_image":false},"categories":[849],"tags":[],"yoast_head":"<!-- This site is optimized with the Yoast SEO plugin v18.1 - https:\/\/yoast.com\/wordpress\/plugins\/seo\/ -->\n<title>Priznaky autismu - Test Mysli<\/title>\n<meta name=\"robots\" content=\"index, follow, max-snippet:-1, max-image-preview:large, max-video-preview:-1\" \/>\n<link rel=\"canonical\" href=\"https:\/\/www.diagnostika-mysli.cz\/blog\/autismus\/priznaky-autismu-2\/\" \/>\n<meta property=\"og:locale\" content=\"cs_CZ\" \/>\n<meta property=\"og:type\" content=\"article\" \/>\n<meta property=\"og:title\" content=\"Priznaky autismu - Test Mysli\" \/>\n<meta property=\"og:description\" content=\"Co jsou hlavn\u00ed p\u0159\u00edznaky autismu a jak je rozpoznat? Autismus je neurov\u00fdvojov\u00e9 onemocn\u011bn\u00ed, kter\u00e9 ovliv\u0148uje soci\u00e1ln\u00ed interakce, komunikaci a chov\u00e1n\u00ed jedince. Hlavn\u00edm p\u0159\u00edznakem autismu je...\" \/>\n<meta property=\"og:url\" content=\"https:\/\/www.diagnostika-mysli.cz\/blog\/autismus\/priznaky-autismu-2\/\" \/>\n<meta property=\"og:site_name\" content=\"Test Mysli\" \/>\n<meta property=\"article:published_time\" content=\"2025-03-23T03:25:19+00:00\" \/>\n<meta name=\"twitter:card\" content=\"summary_large_image\" \/>\n<meta name=\"twitter:label1\" content=\"Napsal(a)\" \/>\n\t<meta name=\"twitter:data1\" content=\"Test Mysli\" \/>\n\t<meta name=\"twitter:label2\" content=\"Odhadovan\u00e1 doba \u010dten\u00ed\" \/>\n\t<meta name=\"twitter:data2\" content=\"3 minuty\" \/>\n<script type=\"application\/ld+json\" class=\"yoast-schema-graph\">{\"@context\":\"https:\/\/schema.org\",\"@graph\":[{\"@type\":\"WebSite\",\"@id\":\"https:\/\/www.diagnostika-mysli.cz\/blog\/#website\",\"url\":\"https:\/\/www.diagnostika-mysli.cz\/blog\/\",\"name\":\"Test Mysli\",\"description\":\"Blog o poruch\u00e1ch mysli\",\"potentialAction\":[{\"@type\":\"SearchAction\",\"target\":{\"@type\":\"EntryPoint\",\"urlTemplate\":\"https:\/\/www.diagnostika-mysli.cz\/blog\/?s={search_term_string}\"},\"query-input\":\"required name=search_term_string\"}],\"inLanguage\":\"cs\"},{\"@type\":\"WebPage\",\"@id\":\"https:\/\/www.diagnostika-mysli.cz\/blog\/autismus\/priznaky-autismu-2\/#webpage\",\"url\":\"https:\/\/www.diagnostika-mysli.cz\/blog\/autismus\/priznaky-autismu-2\/\",\"name\":\"Priznaky autismu - Test Mysli\",\"isPartOf\":{\"@id\":\"https:\/\/www.diagnostika-mysli.cz\/blog\/#website\"},\"datePublished\":\"2025-03-23T03:25:19+00:00\",\"dateModified\":\"2025-03-23T03:25:19+00:00\",\"author\":{\"@id\":\"https:\/\/www.diagnostika-mysli.cz\/blog\/#\/schema\/person\/8eb1bcaf59fea75c780c11946f4e3490\"},\"breadcrumb\":{\"@id\":\"https:\/\/www.diagnostika-mysli.cz\/blog\/autismus\/priznaky-autismu-2\/#breadcrumb\"},\"inLanguage\":\"cs\",\"potentialAction\":[{\"@type\":\"ReadAction\",\"target\":[\"https:\/\/www.diagnostika-mysli.cz\/blog\/autismus\/priznaky-autismu-2\/\"]}]},{\"@type\":\"BreadcrumbList\",\"@id\":\"https:\/\/www.diagnostika-mysli.cz\/blog\/autismus\/priznaky-autismu-2\/#breadcrumb\",\"itemListElement\":[{\"@type\":\"ListItem\",\"position\":1,\"name\":\"Blog\",\"item\":\"https:\/\/www.diagnostika-mysli.cz\/blog\/\"},{\"@type\":\"ListItem\",\"position\":2,\"name\":\"Autismus\",\"item\":\"https:\/\/www.diagnostika-mysli.cz\/blog\/autismus\/\"},{\"@type\":\"ListItem\",\"position\":3,\"name\":\"Priznaky autismu\"}]},{\"@type\":\"Person\",\"@id\":\"https:\/\/www.diagnostika-mysli.cz\/blog\/#\/schema\/person\/8eb1bcaf59fea75c780c11946f4e3490\",\"name\":\"Test Mysli\",\"image\":{\"@type\":\"ImageObject\",\"@id\":\"https:\/\/www.diagnostika-mysli.cz\/blog\/#personlogo\",\"inLanguage\":\"cs\",\"url\":\"https:\/\/secure.gravatar.com\/avatar\/6743211f010801ea26aa9423a2daab37?s=96&d=mm&r=g\",\"contentUrl\":\"https:\/\/secure.gravatar.com\/avatar\/6743211f010801ea26aa9423a2daab37?s=96&d=mm&r=g\",\"caption\":\"Test Mysli\"},\"sameAs\":[\"https:\/\/www.diagnostika-mysli.cz\/blog\"],\"url\":\"https:\/\/www.diagnostika-mysli.cz\/blog\/author\/diagnostyka-umyslu\/\"}]}<\/script>\n<!-- \/ Yoast SEO plugin. -->","yoast_head_json":{"title":"Priznaky autismu - Test Mysli","robots":{"index":"index","follow":"follow","max-snippet":"max-snippet:-1","max-image-preview":"max-image-preview:large","max-video-preview":"max-video-preview:-1"},"canonical":"https:\/\/www.diagnostika-mysli.cz\/blog\/autismus\/priznaky-autismu-2\/","og_locale":"cs_CZ","og_type":"article","og_title":"Priznaky autismu - Test Mysli","og_description":"Co jsou hlavn\u00ed p\u0159\u00edznaky autismu a jak je rozpoznat? Autismus je neurov\u00fdvojov\u00e9 onemocn\u011bn\u00ed, kter\u00e9 ovliv\u0148uje soci\u00e1ln\u00ed interakce, komunikaci a chov\u00e1n\u00ed jedince. Hlavn\u00edm p\u0159\u00edznakem autismu je...","og_url":"https:\/\/www.diagnostika-mysli.cz\/blog\/autismus\/priznaky-autismu-2\/","og_site_name":"Test Mysli","article_published_time":"2025-03-23T03:25:19+00:00","twitter_card":"summary_large_image","twitter_misc":{"Napsal(a)":"Test Mysli","Odhadovan\u00e1 doba \u010dten\u00ed":"3 minuty"},"schema":{"@context":"https:\/\/schema.org","@graph":[{"@type":"WebSite","@id":"https:\/\/www.diagnostika-mysli.cz\/blog\/#website","url":"https:\/\/www.diagnostika-mysli.cz\/blog\/","name":"Test Mysli","description":"Blog o poruch\u00e1ch mysli","potentialAction":[{"@type":"SearchAction","target":{"@type":"EntryPoint","urlTemplate":"https:\/\/www.diagnostika-mysli.cz\/blog\/?s={search_term_string}"},"query-input":"required name=search_term_string"}],"inLanguage":"cs"},{"@type":"WebPage","@id":"https:\/\/www.diagnostika-mysli.cz\/blog\/autismus\/priznaky-autismu-2\/#webpage","url":"https:\/\/www.diagnostika-mysli.cz\/blog\/autismus\/priznaky-autismu-2\/","name":"Priznaky autismu - Test Mysli","isPartOf":{"@id":"https:\/\/www.diagnostika-mysli.cz\/blog\/#website"},"datePublished":"2025-03-23T03:25:19+00:00","dateModified":"2025-03-23T03:25:19+00:00","author":{"@id":"https:\/\/www.diagnostika-mysli.cz\/blog\/#\/schema\/person\/8eb1bcaf59fea75c780c11946f4e3490"},"breadcrumb":{"@id":"https:\/\/www.diagnostika-mysli.cz\/blog\/autismus\/priznaky-autismu-2\/#breadcrumb"},"inLanguage":"cs","potentialAction":[{"@type":"ReadAction","target":["https:\/\/www.diagnostika-mysli.cz\/blog\/autismus\/priznaky-autismu-2\/"]}]},{"@type":"BreadcrumbList","@id":"https:\/\/www.diagnostika-mysli.cz\/blog\/autismus\/priznaky-autismu-2\/#breadcrumb","itemListElement":[{"@type":"ListItem","position":1,"name":"Blog","item":"https:\/\/www.diagnostika-mysli.cz\/blog\/"},{"@type":"ListItem","position":2,"name":"Autismus","item":"https:\/\/www.diagnostika-mysli.cz\/blog\/autismus\/"},{"@type":"ListItem","position":3,"name":"Priznaky autismu"}]},{"@type":"Person","@id":"https:\/\/www.diagnostika-mysli.cz\/blog\/#\/schema\/person\/8eb1bcaf59fea75c780c11946f4e3490","name":"Test Mysli","image":{"@type":"ImageObject","@id":"https:\/\/www.diagnostika-mysli.cz\/blog\/#personlogo","inLanguage":"cs","url":"https:\/\/secure.gravatar.com\/avatar\/6743211f010801ea26aa9423a2daab37?s=96&d=mm&r=g","contentUrl":"https:\/\/secure.gravatar.com\/avatar\/6743211f010801ea26aa9423a2daab37?s=96&d=mm&r=g","caption":"Test Mysli"},"sameAs":["https:\/\/www.diagnostika-mysli.cz\/blog"],"url":"https:\/\/www.diagnostika-mysli.cz\/blog\/author\/diagnostyka-umyslu\/"}]}},"amp_enabled":true,"_links":{"self":[{"href":"https:\/\/www.diagnostika-mysli.cz\/blog\/wp-json\/wp\/v2\/posts\/3181"}],"collection":[{"href":"https:\/\/www.diagnostika-mysli.cz\/blog\/wp-json\/wp\/v2\/posts"}],"about":[{"href":"https:\/\/www.diagnostika-mysli.cz\/blog\/wp-json\/wp\/v2\/types\/post"}],"author":[{"embeddable":true,"href":"https:\/\/www.diagnostika-mysli.cz\/blog\/wp-json\/wp\/v2\/users\/1"}],"replies":[{"embeddable":true,"href":"https:\/\/www.diagnostika-mysli.cz\/blog\/wp-json\/wp\/v2\/comments?post=3181"}],"version-history":[{"count":0,"href":"https:\/\/www.diagnostika-mysli.cz\/blog\/wp-json\/wp\/v2\/posts\/3181\/revisions"}],"wp:attachment":[{"href":"https:\/\/www.diagnostika-mysli.cz\/blog\/wp-json\/wp\/v2\/media?parent=3181"}],"wp:term":[{"taxonomy":"category","embeddable":true,"href":"https:\/\/www.diagnostika-mysli.cz\/blog\/wp-json\/wp\/v2\/categories?post=3181"},{"taxonomy":"post_tag","embeddable":true,"href":"https:\/\/www.diagnostika-mysli.cz\/blog\/wp-json\/wp\/v2\/tags?post=3181"}],"curies":[{"name":"wp","href":"https:\/\/api.w.org\/{rel}","templated":true}]}}